{"id":509346,"date":"2026-04-28T19:37:50","date_gmt":"2026-04-28T17:37:50","guid":{"rendered":"https:\/\/www.radiopiu.net\/wordpress\/?p=509346"},"modified":"2026-04-28T19:38:10","modified_gmt":"2026-04-28T17:38:10","slug":"da-odio-la-radio-la-storia-della-radio-libera","status":"publish","type":"post","link":"https:\/\/www.radiopiu.net\/wordpress\/da-odio-la-radio-la-storia-della-radio-libera\/","title":{"rendered":"da &#8220;ODIO LA RADIO&#8221;&#8230; LA STORIA DELLA RADIO LIBERA"},"content":{"rendered":"<p>**<\/p>\n<p><span style=\"color: #ff0000;\"><strong>PUNTATA 02<\/strong><\/span><\/p>\n<p><a class=\"dt-pswp-item\" href=\"https:\/\/www.radiopiu.net\/wordpress\/wp-content\/uploads\/2026\/04\/70238311-9a83-4e9f-99c5-f8db650d3997.jpg\" data-dt-img-description=\"\" data-large_image_width=\"1552\" data-large_image_height=\"813\"><img loading=\"lazy\" decoding=\"async\" class=\"aligncenter size-medium wp-image-509347\" src=\"https:\/\/www.radiopiu.net\/wordpress\/wp-content\/uploads\/2026\/04\/70238311-9a83-4e9f-99c5-f8db650d3997-300x157.jpg\" alt=\"\" width=\"300\" height=\"157\" srcset=\"https:\/\/www.radiopiu.net\/wordpress\/wp-content\/uploads\/2026\/04\/70238311-9a83-4e9f-99c5-f8db650d3997-300x157.jpg 300w, https:\/\/www.radiopiu.net\/wordpress\/wp-content\/uploads\/2026\/04\/70238311-9a83-4e9f-99c5-f8db650d3997-1024x536.jpg 1024w, https:\/\/www.radiopiu.net\/wordpress\/wp-content\/uploads\/2026\/04\/70238311-9a83-4e9f-99c5-f8db650d3997-768x402.jpg 768w, https:\/\/www.radiopiu.net\/wordpress\/wp-content\/uploads\/2026\/04\/70238311-9a83-4e9f-99c5-f8db650d3997-1536x805.jpg 1536w, https:\/\/www.radiopiu.net\/wordpress\/wp-content\/uploads\/2026\/04\/70238311-9a83-4e9f-99c5-f8db650d3997.jpg 1552w\" sizes=\"auto, (max-width: 300px) 100vw, 300px\" \/><\/a><\/p>\n<p><strong>PODCAST, FONTE &#8220;Odio La Radio&#8221;, il libro di Mirko Mezzacasa 2013<\/strong><\/p>\n<p data-start=\"131\" data-end=\"163\"><strong data-start=\"131\" data-end=\"163\">Radio Pi\u00f9 \u2013 Speciale podcast<\/strong><\/p>\n<p data-start=\"165\" data-end=\"242\">Trent\u2019anni di Radio Pi\u00f9 tra storia, territorio e identit\u00e0.\u00a0 Dal libro <em data-start=\"254\" data-end=\"269\">Odio la radio<\/em> di Mirko Mezzacasa (2013), nasce un racconto che attraversa tre decenni di vita dell\u2019emittente agordina, intrecciando memoria, informazione e trasformazioni sociali. A trent\u2019anni dalla fondazione di Radio Pi\u00f9, emergevano riflessioni e punti di vista sul ruolo della radio nel territorio, tra passato e presente. Le opinioni del giornalista Giorgio Fontanive e dell\u2019allora presidente della Comunit\u00e0 Montana Agordina, Elio Daur\u00f9, aiutavano a ricostruire il senso di un\u2019esperienza che va oltre la semplice comunicazione. La storia della radio si intreccia anche con la musica e la cultura, a partire dal riferimento alla canzone di Eugenio Finardi, fino all\u2019intervista realizzata a Feltre, presso l\u2019istituto Canossiane. Sul fondo resta una domanda aperta, ancora attuale: quale \u00e8 stato il compito di Radio Pi\u00f9? E quale pu\u00f2 essere oggi, in un territorio segnato da spopolamento, desertificazione e dalla monocultura dell\u2019occhiale? Una riflessione che diventa racconto, memoria collettiva e sguardo sul futuro.<strong><br \/>\n<\/strong><\/p>\n<p><strong>OGGI, 43 ANNI DOPO<\/strong><\/p>\n<audio class=\"wp-audio-shortcode\" id=\"audio-509346-1\" preload=\"none\" style=\"width: 100%;\" controls=\"controls\"><source type=\"audio\/mpeg\" src=\"https:\/\/www.radiopiu.net\/wordpress\/wp-content\/uploads\/2026\/04\/Radio_Piu_la_voce_dell_Agordino.mp3?_=1\" \/><a href=\"https:\/\/www.radiopiu.net\/wordpress\/wp-content\/uploads\/2026\/04\/Radio_Piu_la_voce_dell_Agordino.mp3\">https:\/\/www.radiopiu.net\/wordpress\/wp-content\/uploads\/2026\/04\/Radio_Piu_la_voce_dell_Agordino.mp3<\/a><\/audio>\n<p>&nbsp;<\/p>\n<p>**<\/p>\n<hr \/>\n<p><span style=\"color: #ff0000;\"><strong>PUNTATE 01<\/strong><\/span><\/p>\n<p><strong><a class=\"dt-pswp-item\" href=\"https:\/\/www.radiopiu.net\/wordpress\/wp-content\/uploads\/2026\/04\/4c38c05b-7485-4fe1-987d-7b9dc48aae7b.png\" data-dt-img-description=\"\" data-large_image_width=\"1536\" data-large_image_height=\"1024\"><img loading=\"lazy\" decoding=\"async\" class=\"aligncenter size-medium wp-image-509350\" src=\"https:\/\/www.radiopiu.net\/wordpress\/wp-content\/uploads\/2026\/04\/4c38c05b-7485-4fe1-987d-7b9dc48aae7b-300x200.png\" alt=\"\" width=\"300\" height=\"200\" srcset=\"https:\/\/www.radiopiu.net\/wordpress\/wp-content\/uploads\/2026\/04\/4c38c05b-7485-4fe1-987d-7b9dc48aae7b-300x200.png 300w, https:\/\/www.radiopiu.net\/wordpress\/wp-content\/uploads\/2026\/04\/4c38c05b-7485-4fe1-987d-7b9dc48aae7b-1024x683.png 1024w, https:\/\/www.radiopiu.net\/wordpress\/wp-content\/uploads\/2026\/04\/4c38c05b-7485-4fe1-987d-7b9dc48aae7b-768x512.png 768w, https:\/\/www.radiopiu.net\/wordpress\/wp-content\/uploads\/2026\/04\/4c38c05b-7485-4fe1-987d-7b9dc48aae7b.png 1536w\" sizes=\"auto, (max-width: 300px) 100vw, 300px\" \/><\/a><\/strong><\/p>\n<p><strong>LA POLIZIA POSTALE<\/strong><\/p>\n<audio class=\"wp-audio-shortcode\" id=\"audio-509346-2\" preload=\"none\" style=\"width: 100%;\" controls=\"controls\"><source type=\"audio\/mpeg\" src=\"https:\/\/www.radiopiu.net\/wordpress\/wp-content\/uploads\/2026\/04\/Radio-Piu-la-postale.mp3?_=2\" \/><a href=\"https:\/\/www.radiopiu.net\/wordpress\/wp-content\/uploads\/2026\/04\/Radio-Piu-la-postale.mp3\">https:\/\/www.radiopiu.net\/wordpress\/wp-content\/uploads\/2026\/04\/Radio-Piu-la-postale.mp3<\/a><\/audio>\n<p>&nbsp;<\/p>\n<p>&nbsp;<\/p>\n<hr \/>\n<p>&nbsp;<\/p>\n","protected":false},"excerpt":{"rendered":"<p>** PUNTATA 02 PODCAST, FONTE &#8220;Odio La Radio&#8221;, il libro di Mirko Mezzacasa 2013 Radio Pi\u00f9 \u2013 Speciale podcast Trent\u2019anni di Radio Pi\u00f9 tra storia, territorio e identit\u00e0.\u00a0 Dal libro Odio la radio di Mirko Mezzacasa (2013), nasce un racconto che attraversa tre decenni di vita dell\u2019emittente agordina, intrecciando memoria, informazione e trasformazioni sociali. A&hellip;<\/p>\n","protected":false},"author":4,"featured_media":509347,"comment_status":"closed","ping_status":"closed","sticky":false,"template":"","format":"standard","meta":{"_monsterinsights_skip_tracking":false,"_monsterinsights_sitenote_active":false,"_monsterinsights_sitenote_note":"","_monsterinsights_sitenote_category":0,"footnotes":""},"categories":[51,49],"tags":[],"class_list":["post-509346","post","type-post","status-publish","format-standard","has-post-thumbnail","hentry","category-evidenza-top","category-news-18","category-51","category-49","description-off"],"img_url":"https:\/\/www.radiopiu.net\/wordpress\/wp-content\/uploads\/2026\/04\/70238311-9a83-4e9f-99c5-f8db650d3997.jpg","_links":{"self":[{"href":"https:\/\/www.radiopiu.net\/wordpress\/wp-json\/wp\/v2\/posts\/509346","targetHints":{"allow":["GET"]}}],"collection":[{"href":"https:\/\/www.radiopiu.net\/wordpress\/wp-json\/wp\/v2\/posts"}],"about":[{"href":"https:\/\/www.radiopiu.net\/wordpress\/wp-json\/wp\/v2\/types\/post"}],"author":[{"embeddable":true,"href":"https:\/\/www.radiopiu.net\/wordpress\/wp-json\/wp\/v2\/users\/4"}],"replies":[{"embeddable":true,"href":"https:\/\/www.radiopiu.net\/wordpress\/wp-json\/wp\/v2\/comments?post=509346"}],"version-history":[{"count":3,"href":"https:\/\/www.radiopiu.net\/wordpress\/wp-json\/wp\/v2\/posts\/509346\/revisions"}],"predecessor-version":[{"id":509353,"href":"https:\/\/www.radiopiu.net\/wordpress\/wp-json\/wp\/v2\/posts\/509346\/revisions\/509353"}],"wp:featuredmedia":[{"embeddable":true,"href":"https:\/\/www.radiopiu.net\/wordpress\/wp-json\/wp\/v2\/media\/509347"}],"wp:attachment":[{"href":"https:\/\/www.radiopiu.net\/wordpress\/wp-json\/wp\/v2\/media?parent=509346"}],"wp:term":[{"taxonomy":"category","embeddable":true,"href":"https:\/\/www.radiopiu.net\/wordpress\/wp-json\/wp\/v2\/categories?post=509346"},{"taxonomy":"post_tag","embeddable":true,"href":"https:\/\/www.radiopiu.net\/wordpress\/wp-json\/wp\/v2\/tags?post=509346"}],"curies":[{"name":"wp","href":"https:\/\/api.w.org\/{rel}","templated":true}]}}