{"id":509378,"date":"2026-04-30T05:58:33","date_gmt":"2026-04-30T03:58:33","guid":{"rendered":"https:\/\/www.radiopiu.net\/wordpress\/?p=509378"},"modified":"2026-04-30T07:59:17","modified_gmt":"2026-04-30T05:59:17","slug":"giornale-radiopiu-30-aprile-2026-direttore-mirko-mezzacasa","status":"publish","type":"post","link":"https:\/\/www.radiopiu.net\/wordpress\/giornale-radiopiu-30-aprile-2026-direttore-mirko-mezzacasa\/","title":{"rendered":"GIORNALE RADIOPIU 30 APRILE 2026 DIRETTORE MIRKO MEZZACASA"},"content":{"rendered":"<p>***********<\/p>\n<p>&nbsp;<\/p>\n<div class=\"flex flex-col text-sm pb-25\">\n<article class=\"text-token-text-primary w-full focus:outline-none [--shadow-height:45px] has-data-writing-block:pointer-events-none has-data-writing-block:-mt-(--shadow-height) has-data-writing-block:pt-(--shadow-height) [&amp;:has([data-writing-block])&gt;*]:pointer-events-auto scroll-mt-[calc(var(--header-height)+min(200px,max(70px,20svh)))]\" dir=\"auto\" tabindex=\"-1\" data-turn-id=\"request-WEB:545a5307-a0c9-41c7-9a5f-bf65aefdb8ec-5\" data-testid=\"conversation-turn-12\" data-scroll-anchor=\"true\" data-turn=\"assistant\">\n<div class=\"text-base my-auto mx-auto pb-10 [--thread-content-margin:--spacing(4)] @w-sm\/main:[--thread-content-margin:--spacing(6)] @w-lg\/main:[--thread-content-margin:--spacing(16)] px-(--thread-content-margin)\">\n<div class=\"[--thread-content-max-width:40rem] @w-lg\/main:[--thread-content-max-width:48rem] mx-auto max-w-(--thread-content-max-width) flex-1 group\/turn-messages focus-visible:outline-hidden relative flex w-full min-w-0 flex-col agent-turn\" tabindex=\"-1\">\n<div class=\"z-0 flex min-h-[46px] justify-start\">\n<h1><a class=\"dt-pswp-item\" href=\"https:\/\/www.radiopiu.net\/wordpress\/wp-content\/uploads\/2026\/04\/7efb304e-60e5-4f05-8117-f5a3b5f88af7.png\" data-dt-img-description=\"\" data-large_image_width=\"1535\" data-large_image_height=\"1024\"><img loading=\"lazy\" decoding=\"async\" class=\"aligncenter size-medium wp-image-509182\" src=\"https:\/\/www.radiopiu.net\/wordpress\/wp-content\/uploads\/2026\/04\/7efb304e-60e5-4f05-8117-f5a3b5f88af7-300x200.png\" alt=\"\" width=\"300\" height=\"200\" srcset=\"https:\/\/www.radiopiu.net\/wordpress\/wp-content\/uploads\/2026\/04\/7efb304e-60e5-4f05-8117-f5a3b5f88af7-300x200.png 300w, https:\/\/www.radiopiu.net\/wordpress\/wp-content\/uploads\/2026\/04\/7efb304e-60e5-4f05-8117-f5a3b5f88af7-1024x683.png 1024w, https:\/\/www.radiopiu.net\/wordpress\/wp-content\/uploads\/2026\/04\/7efb304e-60e5-4f05-8117-f5a3b5f88af7-768x512.png 768w, https:\/\/www.radiopiu.net\/wordpress\/wp-content\/uploads\/2026\/04\/7efb304e-60e5-4f05-8117-f5a3b5f88af7.png 1535w\" sizes=\"auto, (max-width: 300px) 100vw, 300px\" \/><\/a><\/h1>\n<h1 style=\"text-align: center;\">LA\u00a0 \u00a0 APP<\/h1>\n<p><strong><em><span style=\"color: #ff0000;\">LA\u00a0 APP PER IOS-IPHONE di Nicola Vettorello<\/span><\/em><\/strong><\/p>\n<p><strong><span style=\"color: #0000ff;\"><a style=\"color: #0000ff;\" href=\"https:\/\/apps.apple.com\/it\/app\/radio-pi%C3%B9-emittente-agordina\/id1515939845\">https:\/\/apps.apple.com\/it\/app\/radio-pi%C3%B9-emittente-agordina\/id1515939845<\/a><\/span><\/strong><\/p>\n<p><strong><em style=\"color: #ff0000;\">LA\u00a0 APP RADIO\u00a0 PER ANDROID di Nicola Vettorello<\/em><\/strong><\/p>\n<p><strong><span style=\"color: #0000ff;\"><a style=\"color: #0000ff;\" href=\"https:\/\/play.google.com\/store\/apps\/details?id=net.radiopiu.iniko\" target=\"_blank\" rel=\"noopener noreferrer\">https:\/\/<\/a><a style=\"color: #0000ff;\" href=\"https:\/\/play.google.com\/store\/apps\/details?id=net.radiopiu.iniko\" target=\"_blank\" rel=\"noopener noreferrer\">play.google.com\/store\/apps\/details?id=net.radiopiu.iniko\u00a0 \u00a0<\/a><\/span><\/strong><\/p>\n<p><span style=\"color: #ff0000;\">ore 6.35 da CANALE D&#8217;AGORDO IL BUONGIORNO DI JOHN FRANCIS DELLA PIETRA<\/span><br \/>\n<a class=\"dt-pswp-item\" href=\"https:\/\/www.radiopiu.net\/wordpress\/wp-content\/uploads\/2026\/04\/833f8373-c77e-4a31-a523-b9dcd5f4d355.jpg\" data-dt-img-description=\"\" data-large_image_width=\"1600\" data-large_image_height=\"720\"><img loading=\"lazy\" decoding=\"async\" class=\"aligncenter wp-image-509603 size-full\" src=\"https:\/\/www.radiopiu.net\/wordpress\/wp-content\/uploads\/2026\/04\/833f8373-c77e-4a31-a523-b9dcd5f4d355.jpg\" alt=\"\" width=\"1600\" height=\"720\" srcset=\"https:\/\/www.radiopiu.net\/wordpress\/wp-content\/uploads\/2026\/04\/833f8373-c77e-4a31-a523-b9dcd5f4d355.jpg 1600w, https:\/\/www.radiopiu.net\/wordpress\/wp-content\/uploads\/2026\/04\/833f8373-c77e-4a31-a523-b9dcd5f4d355-300x135.jpg 300w, https:\/\/www.radiopiu.net\/wordpress\/wp-content\/uploads\/2026\/04\/833f8373-c77e-4a31-a523-b9dcd5f4d355-1024x461.jpg 1024w, https:\/\/www.radiopiu.net\/wordpress\/wp-content\/uploads\/2026\/04\/833f8373-c77e-4a31-a523-b9dcd5f4d355-768x346.jpg 768w, https:\/\/www.radiopiu.net\/wordpress\/wp-content\/uploads\/2026\/04\/833f8373-c77e-4a31-a523-b9dcd5f4d355-1536x691.jpg 1536w\" sizes=\"auto, (max-width: 1600px) 100vw, 1600px\" \/><\/a><\/p>\n<\/div>\n<\/div>\n<\/div>\n<\/article>\n<\/div>\n<p>&nbsp;<\/p>\n<hr \/>\n<p>&nbsp;<\/p>\n<div class=\"flex flex-col text-sm pb-25\">\n<article class=\"text-token-text-primary w-full focus:outline-none [--shadow-height:45px] has-data-writing-block:pointer-events-none has-data-writing-block:-mt-(--shadow-height) has-data-writing-block:pt-(--shadow-height) [&amp;:has([data-writing-block])&gt;*]:pointer-events-auto scroll-mt-[calc(var(--header-height)+min(200px,max(70px,20svh)))]\" dir=\"auto\" tabindex=\"-1\" data-turn-id=\"request-WEB:545a5307-a0c9-41c7-9a5f-bf65aefdb8ec-5\" data-testid=\"conversation-turn-12\" data-scroll-anchor=\"true\" data-turn=\"assistant\">\n<div class=\"text-base my-auto mx-auto pb-10 [--thread-content-margin:--spacing(4)] @w-sm\/main:[--thread-content-margin:--spacing(6)] @w-lg\/main:[--thread-content-margin:--spacing(16)] px-(--thread-content-margin)\">\n<div class=\"[--thread-content-max-width:40rem] @w-lg\/main:[--thread-content-max-width:48rem] mx-auto max-w-(--thread-content-max-width) flex-1 group\/turn-messages focus-visible:outline-hidden relative flex w-full min-w-0 flex-col agent-turn\" tabindex=\"-1\">\n<div class=\"z-0 flex min-h-[46px] justify-start\">\n<div class=\"flex flex-col text-sm pb-25\">\n<article class=\"text-token-text-primary w-full focus:outline-none [--shadow-height:45px] has-data-writing-block:pointer-events-none has-data-writing-block:-mt-(--shadow-height) has-data-writing-block:pt-(--shadow-height) [&amp;:has([data-writing-block])&gt;*]:pointer-events-auto scroll-mt-[calc(var(--header-height)+min(200px,max(70px,20svh)))]\" dir=\"auto\" tabindex=\"-1\" data-turn-id=\"da2f8a29-4751-44ac-b06a-20d94aeccf8b\" data-testid=\"conversation-turn-28\" data-scroll-anchor=\"true\" data-turn=\"assistant\">\n<div class=\"text-base my-auto mx-auto pb-10 [--thread-content-margin:--spacing(4)] @w-sm\/main:[--thread-content-margin:--spacing(6)] @w-lg\/main:[--thread-content-margin:--spacing(16)] px-(--thread-content-margin)\">\n<div class=\"[--thread-content-max-width:40rem] @w-lg\/main:[--thread-content-max-width:48rem] mx-auto max-w-(--thread-content-max-width) flex-1 group\/turn-messages focus-visible:outline-hidden relative flex w-full min-w-0 flex-col agent-turn\" tabindex=\"-1\">\n<div class=\"flex max-w-full flex-col grow\">\n<div class=\"min-h-8 text-message relative flex w-full flex-col items-end gap-2 text-start break-words whitespace-normal [.text-message+&amp;]:mt-1\" dir=\"auto\" data-message-author-role=\"assistant\" data-message-id=\"77cb542f-301b-441f-9a5c-c89ea331616b\" data-message-model-slug=\"gpt-5-2\">\n<div class=\"flex w-full flex-col gap-1 empty:hidden first:pt-[1px]\">\n<div class=\"markdown prose dark:prose-invert w-full break-words dark markdown-new-styling\">\n<div id=\"writing-block-77cb542f-301b-441f-9a5c-c89ea331616b\" class=\"group relative z-0 my-4 w-full overflow-visible rounded-2xl bg-token-bg-primary dark:bg-[#2a2a2a] shadow-[0px_0px_0px_1px_rgba(0,0,0,0.07),0px_4px_80px_rgba(0,0,0,0.02)]\" data-writing-block=\"true\">\n<div class=\"writing-block-editor markdown-new-styling relative flow-root pt-(--writing-block-editor-pt) pe-(--writing-block-editor-pr) pb-(--writing-block-editor-pb) ps-(--writing-block-editor-pl)\">\n<div class=\"ProseMirror markdown prose dark:prose-invert w-full min-h-6 break-words focus:outline-none\" contenteditable=\"true\" translate=\"no\" aria-disabled=\"false\">\n<h1 style=\"text-align: center;\" data-start=\"0\" data-end=\"50\"><strong data-start=\"53\" data-end=\"129\">OGGI SU RADIO PI\u00d9: INFORMAZIONE, SPECIALI E MUSICA PER TUTTA LA GIORNATA<\/strong><\/h1>\n<div class=\"relative basis-auto flex-col -mb-(--composer-overlap-px) pb-(--composer-overlap-px) [--composer-overlap-px:28px] grow flex\">\n<div class=\"flex flex-col text-sm pb-25\">\n<section class=\"text-token-text-primary w-full focus:outline-none [--shadow-height:45px] has-data-writing-block:pointer-events-none has-data-writing-block:-mt-(--shadow-height) has-data-writing-block:pt-(--shadow-height) [&amp;:has([data-writing-block])&gt;*]:pointer-events-auto scroll-mt-[calc(var(--header-height)+min(200px,max(70px,20svh)))]\" dir=\"auto\" data-turn-id=\"request-WEB:14e60ddb-bebf-42de-a335-d96ac69402b5-11\" data-testid=\"conversation-turn-24\" data-scroll-anchor=\"false\" data-turn=\"assistant\">\n<div class=\"text-base my-auto mx-auto [--thread-content-margin:var(--thread-content-margin-xs,calc(var(--spacing)*4))] @w-sm\/main:[--thread-content-margin:var(--thread-content-margin-sm,calc(var(--spacing)*6))] @w-lg\/main:[--thread-content-margin:var(--thread-content-margin-lg,calc(var(--spacing)*16))] px-(--thread-content-margin)\">\n<div class=\"[--thread-content-max-width:40rem] @w-lg\/main:[--thread-content-max-width:48rem] mx-auto max-w-(--thread-content-max-width) flex-1 group\/turn-messages focus-visible:outline-hidden relative flex w-full min-w-0 flex-col agent-turn\">\n<div class=\"flex max-w-full flex-col gap-4 grow\">\n<div class=\"min-h-8 text-message relative flex w-full flex-col items-end gap-2 text-start break-words whitespace-normal outline-none keyboard-focused:focus-ring [.text-message+&amp;]:mt-1\" dir=\"auto\" data-message-author-role=\"assistant\" data-message-id=\"dc8d96b7-ccaa-47fb-ae20-dd1c4854198f\" data-message-model-slug=\"gpt-5-3\">\n<div class=\"flex w-full flex-col gap-1 empty:hidden\"><\/div>\n<\/div>\n<\/div>\n<\/div>\n<\/div>\n<\/section>\n<\/div>\n<\/div>\n<div class=\"pointer-events-none h-px w-px absolute bottom-0\" aria-hidden=\"true\" data-edge=\"true\">\n<section class=\"text-token-text-primary w-full focus:outline-none [--shadow-height:45px] has-data-writing-block:pointer-events-none has-data-writing-block:-mt-(--shadow-height) has-data-writing-block:pt-(--shadow-height) [&amp;:has([data-writing-block])&gt;*]:pointer-events-auto [content-visibility:auto] supports-[content-visibility:auto]:[contain-intrinsic-size:auto_100lvh] R6Vx5W_threadScrollVars scroll-mb-[calc(var(--scroll-root-safe-area-inset-bottom,0px)+var(--thread-response-height))] scroll-mt-[calc(var(--header-height)+min(200px,max(70px,20svh)))]\" dir=\"auto\" data-turn-id=\"request-69de0cba-c540-8385-80e9-3695a47f511b-34\" data-testid=\"conversation-turn-46\" data-scroll-anchor=\"false\" data-turn=\"assistant\">\n<div class=\"text-base my-auto mx-auto pb-10 [--thread-content-margin:var(--thread-content-margin-xs,calc(var(--spacing)*4))] @w-sm\/main:[--thread-content-margin:var(--thread-content-margin-sm,calc(var(--spacing)*6))] @w-lg\/main:[--thread-content-margin:var(--thread-content-margin-lg,calc(var(--spacing)*16))] px-(--thread-content-margin)\">\n<div class=\"[--thread-content-max-width:40rem] @w-lg\/main:[--thread-content-max-width:48rem] mx-auto max-w-(--thread-content-max-width) flex-1 group\/turn-messages focus-visible:outline-hidden relative flex w-full min-w-0 flex-col agent-turn\">\n<div class=\"mt-3 w-full empty:hidden\">\n<div class=\"text-center\">\n<section class=\"text-token-text-primary w-full focus:outline-none [--shadow-height:45px] has-data-writing-block:pointer-events-none has-data-writing-block:-mt-(--shadow-height) has-data-writing-block:pt-(--shadow-height) [&amp;:has([data-writing-block])&gt;*]:pointer-events-auto [content-visibility:auto] supports-[content-visibility:auto]:[contain-intrinsic-size:auto_100lvh] R6Vx5W_threadScrollVars scroll-mb-[calc(var(--scroll-root-safe-area-inset-bottom,0px)+var(--thread-response-height))] scroll-mt-[calc(var(--header-height)+min(200px,max(70px,20svh)))]\" dir=\"auto\" data-turn-id=\"request-69de0cba-c540-8385-80e9-3695a47f511b-35\" data-testid=\"conversation-turn-48\" data-scroll-anchor=\"false\" data-turn=\"assistant\">\n<div class=\"text-base my-auto mx-auto pb-10 [--thread-content-margin:var(--thread-content-margin-xs,calc(var(--spacing)*4))] @w-sm\/main:[--thread-content-margin:var(--thread-content-margin-sm,calc(var(--spacing)*6))] @w-lg\/main:[--thread-content-margin:var(--thread-content-margin-lg,calc(var(--spacing)*16))] px-(--thread-content-margin)\">\n<div class=\"[--thread-content-max-width:40rem] @w-lg\/main:[--thread-content-max-width:48rem] mx-auto max-w-(--thread-content-max-width) flex-1 group\/turn-messages focus-visible:outline-hidden relative flex w-full min-w-0 flex-col agent-turn\">\n<div class=\"flex max-w-full flex-col gap-4 grow\">\n<div class=\"min-h-8 text-message relative flex w-full flex-col items-end gap-2 text-start break-words whitespace-normal outline-none keyboard-focused:focus-ring [.text-message+&amp;]:mt-1\" dir=\"auto\" tabindex=\"0\" data-message-author-role=\"assistant\" data-message-id=\"f896908d-b22c-4133-9f29-a976b3f8eecd\" data-message-model-slug=\"gpt-5-3\" data-turn-start-message=\"true\">\n<div class=\"flex w-full flex-col gap-1 empty:hidden\">\n<div class=\"markdown prose dark:prose-invert w-full wrap-break-word dark markdown-new-styling\">\n<section class=\"text-token-text-primary w-full focus:outline-none [--shadow-height:45px] has-data-writing-block:pointer-events-none has-data-writing-block:-mt-(--shadow-height) has-data-writing-block:pt-(--shadow-height) [&amp;:has([data-writing-block])&gt;*]:pointer-events-auto [content-visibility:auto] supports-[content-visibility:auto]:[contain-intrinsic-size:auto_100lvh] R6Vx5W_threadScrollVars scroll-mb-[calc(var(--scroll-root-safe-area-inset-bottom,0px)+var(--thread-response-height))] scroll-mt-[calc(var(--header-height)+min(200px,max(70px,20svh)))]\" dir=\"auto\" data-turn-id=\"request-69f1af2f-1348-83eb-8c2f-099ce8ff3ecc-9\" data-testid=\"conversation-turn-61\" data-scroll-anchor=\"false\" data-turn=\"assistant\">\n<div class=\"text-base my-auto mx-auto pb-10 [--thread-content-margin:var(--thread-content-margin-xs,calc(var(--spacing)*4))] @w-sm\/main:[--thread-content-margin:var(--thread-content-margin-sm,calc(var(--spacing)*6))] @w-lg\/main:[--thread-content-margin:var(--thread-content-margin-lg,calc(var(--spacing)*16))] px-(--thread-content-margin)\">\n<div class=\"[--thread-content-max-width:40rem] @w-lg\/main:[--thread-content-max-width:48rem] mx-auto max-w-(--thread-content-max-width) flex-1 group\/turn-messages focus-visible:outline-hidden relative flex w-full min-w-0 flex-col agent-turn\">\n<div class=\"flex max-w-full flex-col gap-4 grow\">\n<div class=\"min-h-8 text-message relative flex w-full flex-col items-end gap-2 text-start break-words whitespace-normal outline-none keyboard-focused:focus-ring [.text-message+&amp;]:mt-1\" dir=\"auto\" tabindex=\"0\" data-message-author-role=\"assistant\" data-message-id=\"e53259f4-2adb-4910-bbb8-f01e919e3a8b\" data-message-model-slug=\"gpt-5-3\" data-turn-start-message=\"true\">\n<div class=\"flex w-full flex-col gap-1 empty:hidden\">\n<div class=\"markdown prose dark:prose-invert w-full wrap-break-word dark markdown-new-styling\">\n<p data-start=\"53\" data-end=\"129\"><a class=\"dt-pswp-item\" href=\"https:\/\/www.radiopiu.net\/wordpress\/wp-content\/uploads\/2026\/04\/b9be6453-e960-4eec-b541-8bb031deea40.png\" data-dt-img-description=\"\" data-large_image_width=\"1536\" data-large_image_height=\"1024\"><img loading=\"lazy\" decoding=\"async\" class=\"aligncenter wp-image-509589 \" src=\"https:\/\/www.radiopiu.net\/wordpress\/wp-content\/uploads\/2026\/04\/b9be6453-e960-4eec-b541-8bb031deea40.png\" alt=\"\" width=\"540\" height=\"360\" srcset=\"https:\/\/www.radiopiu.net\/wordpress\/wp-content\/uploads\/2026\/04\/b9be6453-e960-4eec-b541-8bb031deea40.png 1536w, https:\/\/www.radiopiu.net\/wordpress\/wp-content\/uploads\/2026\/04\/b9be6453-e960-4eec-b541-8bb031deea40-300x200.png 300w, https:\/\/www.radiopiu.net\/wordpress\/wp-content\/uploads\/2026\/04\/b9be6453-e960-4eec-b541-8bb031deea40-1024x683.png 1024w, https:\/\/www.radiopiu.net\/wordpress\/wp-content\/uploads\/2026\/04\/b9be6453-e960-4eec-b541-8bb031deea40-768x512.png 768w\" sizes=\"auto, (max-width: 540px) 100vw, 540px\" \/><\/a><\/p>\n<p data-start=\"131\" data-end=\"233\">Giornata ricca di appuntamenti oggi su Radio Pi\u00f9, tra informazione, approfondimenti e intrattenimento. Si parte con l\u2019informazione: alle 8.05 la rassegna stampa, seguita dai giornali radio locali alle 11, 16 e 18. Alle 12.30 spazio al giornale radio principale, mentre il meteo sar\u00e0 aggiornato alle 9.30, 15 e 20. Numerosi gli speciali in programma: alle 10.30 \u201cReporter\u201d con Marina Don\u00e0, insieme a Daniele Ferrazza, dedicato ai talenti veneti. Alle 13.10 la presentazione ufficiale di \u201cCorri Poi 2026\u201d con Mirko Mezzacasa. In serata, alle 19.20, Gianni Santomaso racconter\u00e0 \u201cAgordo capitale mondiale della paleontologia\u201d. Spazio anche ai programmi di intrattenimento: alle 9.30 \u201cPi\u00f9 Siamo\u201d, alle 10.10 \u201cSei in radio se\u2026\u201d da Facebook e alle 11.10 \u201cPrimavera Hit\u201d con Marina Don\u00e0. Nel pomeriggio, alle 15.10 \u201cTime for Me\u201d con ospite ANTONIO VIEL, mentre alle 16.45 Mirco Bencivenni accompagner\u00e0 gli ascoltatori con \u201cLe hit e la storia della musica\u201d. Una giornata completa, tra notizie, musica e approfondimenti, per restare sempre aggiornati su Radio Pi\u00f9.<\/p>\n<\/div>\n<\/div>\n<\/div>\n<\/div>\n<div class=\"z-0 flex min-h-[46px] justify-start\"><\/div>\n<\/div>\n<\/div>\n<\/section>\n<\/div>\n<\/div>\n<\/div>\n<\/div>\n<\/div>\n<\/div>\n<\/section>\n<div class=\"pointer-events-none -mt-px h-px translate-y-[calc(var(--scroll-root-safe-area-inset-bottom)-14*var(--spacing))]\" aria-hidden=\"true\">\n<p><a class=\"dt-pswp-item\" href=\"https:\/\/www.radiopiu.net\/wordpress\/wp-content\/uploads\/2026\/04\/84cc9973-ba1b-4802-97c7-725a1c5f242c.jpg\" data-dt-img-description=\"\" data-large_image_width=\"1224\" data-large_image_height=\"1113\"><img loading=\"lazy\" decoding=\"async\" class=\"aligncenter size-medium wp-image-509590\" src=\"https:\/\/www.radiopiu.net\/wordpress\/wp-content\/uploads\/2026\/04\/84cc9973-ba1b-4802-97c7-725a1c5f242c-300x273.jpg\" alt=\"\" width=\"300\" height=\"273\" srcset=\"https:\/\/www.radiopiu.net\/wordpress\/wp-content\/uploads\/2026\/04\/84cc9973-ba1b-4802-97c7-725a1c5f242c-300x273.jpg 300w, https:\/\/www.radiopiu.net\/wordpress\/wp-content\/uploads\/2026\/04\/84cc9973-ba1b-4802-97c7-725a1c5f242c-1024x931.jpg 1024w, https:\/\/www.radiopiu.net\/wordpress\/wp-content\/uploads\/2026\/04\/84cc9973-ba1b-4802-97c7-725a1c5f242c-768x698.jpg 768w, https:\/\/www.radiopiu.net\/wordpress\/wp-content\/uploads\/2026\/04\/84cc9973-ba1b-4802-97c7-725a1c5f242c.jpg 1224w\" sizes=\"auto, (max-width: 300px) 100vw, 300px\" \/><\/a><\/p>\n<\/div>\n<\/div>\n<\/div>\n<\/div>\n<\/div>\n<\/section>\n<\/div>\n<\/div>\n<\/div>\n<\/div>\n<\/div>\n<\/div>\n<\/div>\n<\/div>\n<\/div>\n<\/div>\n<\/article>\n<\/div>\n<div class=\"x11i5rnm xat24cr x1mh8g0r x1vvkbs xtlvy1s x126k92a\">\n<hr \/>\n<p>N di parom &#8211; L Almanach de la nosta jent<\/p>\n<h1><strong style=\"font-size: 14px;\"><span style=\"color: #ff0000;\">OGNI GIORNO ALLE CINQUE E ALLE NOVE E DIECI\u00a0 DEL MATTINO<\/span><\/strong><\/h1>\n<h1><strong style=\"font-size: 14px;\">LA PUNTATA DI OGGI, 30 APRILE 2026<\/strong><\/h1>\n<audio class=\"wp-audio-shortcode\" id=\"audio-509378-1\" preload=\"none\" style=\"width: 100%;\" controls=\"controls\"><source type=\"audio\/mpeg\" src=\"https:\/\/www.radiopiu.net\/wordpress\/wp-content\/uploads\/2026\/04\/AL4-4.mp3?_=1\" \/><a href=\"https:\/\/www.radiopiu.net\/wordpress\/wp-content\/uploads\/2026\/04\/AL4-4.mp3\">https:\/\/www.radiopiu.net\/wordpress\/wp-content\/uploads\/2026\/04\/AL4-4.mp3<\/a><\/audio>\n<p>&nbsp;<\/p>\n<\/div>\n<div class=\"x11i5rnm xat24cr x1mh8g0r x1vvkbs xtlvy1s x126k92a\">\n<div dir=\"auto\">\n<hr \/>\n<\/div>\n<\/div>\n<blockquote>\n<h1><\/h1>\n<\/blockquote>\n<h1 style=\"text-align: center;\"><strong>NOTIZIE DELLA NOTTE LA RASSEGNA STAMPA NAZIONALE, AGGIORNAMENTO OGNI GIORNO ALLE SEI DEL MATTINO\u00a0<\/strong><\/h1>\n<div class=\"flex max-w-full flex-col gap-4 grow\">\n<div class=\"min-h-8 text-message relative flex w-full flex-col items-end gap-2 text-start break-words whitespace-normal outline-none keyboard-focused:focus-ring [.text-message+&amp;]:mt-1\" dir=\"auto\" tabindex=\"0\" data-message-author-role=\"assistant\" data-message-id=\"7e5a3e9a-66d9-486b-9a77-4933f84fe42e\" data-message-model-slug=\"gpt-5-3\" data-turn-start-message=\"true\">\n<div class=\"flex w-full flex-col gap-1 empty:hidden\">\n<div class=\"markdown prose dark:prose-invert w-full wrap-break-word dark markdown-new-styling\">\n<div class=\"relative basis-auto flex-col -mb-(--composer-overlap-px) pb-(--composer-overlap-px) [--composer-overlap-px:28px] grow flex\">\n<div class=\"flex flex-col text-sm\">\n<section class=\"text-token-text-primary w-full focus:outline-none [--shadow-height:45px] has-data-writing-block:pointer-events-none has-data-writing-block:-mt-(--shadow-height) has-data-writing-block:pt-(--shadow-height) [&amp;:has([data-writing-block])&gt;*]:pointer-events-auto [content-visibility:auto] supports-[content-visibility:auto]:[contain-intrinsic-size:auto_100lvh] R6Vx5W_threadScrollVars scroll-mb-[calc(var(--scroll-root-safe-area-inset-bottom,0px)+var(--thread-response-height))] scroll-mt-[calc(var(--header-height)+min(200px,max(70px,20svh)))]\" dir=\"auto\" data-turn-id=\"request-69f1af2f-1348-83eb-8c2f-099ce8ff3ecc-2\" data-testid=\"conversation-turn-46\" data-scroll-anchor=\"false\" data-turn=\"assistant\">\n<div class=\"text-base my-auto mx-auto pb-10 [--thread-content-margin:var(--thread-content-margin-xs,calc(var(--spacing)*4))] @w-sm\/main:[--thread-content-margin:var(--thread-content-margin-sm,calc(var(--spacing)*6))] @w-lg\/main:[--thread-content-margin:var(--thread-content-margin-lg,calc(var(--spacing)*16))] px-(--thread-content-margin)\">\n<div class=\"[--thread-content-max-width:40rem] @w-lg\/main:[--thread-content-max-width:48rem] mx-auto max-w-(--thread-content-max-width) flex-1 group\/turn-messages focus-visible:outline-hidden relative flex w-full min-w-0 flex-col agent-turn\">\n<div class=\"flex max-w-full flex-col gap-4 grow\">\n<div class=\"min-h-8 text-message relative flex w-full flex-col items-end gap-2 text-start break-words whitespace-normal outline-none keyboard-focused:focus-ring [.text-message+&amp;]:mt-1\" dir=\"auto\" tabindex=\"0\" data-message-author-role=\"assistant\" data-message-id=\"2f333f75-d950-4533-ab16-2295427d8b58\" data-message-model-slug=\"gpt-5-3\" data-turn-start-message=\"true\">\n<div class=\"flex w-full flex-col gap-1 empty:hidden\">\n<div class=\"markdown prose dark:prose-invert w-full wrap-break-word dark markdown-new-styling\">\n<p data-start=\"15\" data-end=\"162\"><strong data-start=\"15\" data-end=\"35\"><a class=\"dt-pswp-item\" href=\"https:\/\/www.radiopiu.net\/wordpress\/wp-content\/uploads\/2026\/04\/Screenshot-2026-04-30-053102.png\" data-dt-img-description=\"\" data-large_image_width=\"694\" data-large_image_height=\"185\"><img loading=\"lazy\" decoding=\"async\" class=\"aligncenter wp-image-509585 size-full\" src=\"https:\/\/www.radiopiu.net\/wordpress\/wp-content\/uploads\/2026\/04\/Screenshot-2026-04-30-053102.png\" alt=\"\" width=\"694\" height=\"185\" srcset=\"https:\/\/www.radiopiu.net\/wordpress\/wp-content\/uploads\/2026\/04\/Screenshot-2026-04-30-053102.png 694w, https:\/\/www.radiopiu.net\/wordpress\/wp-content\/uploads\/2026\/04\/Screenshot-2026-04-30-053102-300x80.png 300w\" sizes=\"auto, (max-width: 694px) 100vw, 694px\" \/><\/a><\/strong><\/p>\n<p data-start=\"15\" data-end=\"162\"><strong data-start=\"15\" data-end=\"35\"><br \/>\nMOSCA\/WASHINGTON<\/strong> \u2013 Colloquio di un\u2019ora e mezza tra Putin e Trump: apertura a una possibile tregua con Kiev e spiragli per negoziati con l\u2019Iran.<\/p>\n<p data-start=\"164\" data-end=\"266\"><strong data-start=\"164\" data-end=\"178\">WASHINGTON<\/strong> \u2013 I vertici militari attesi da Trump per valutare nuove opzioni militari contro l\u2019Iran.<\/p>\n<p data-start=\"268\" data-end=\"375\"><strong data-start=\"268\" data-end=\"289\">STRETTO DI HORMUZ<\/strong> \u2013 Il Centcom segnala 42 petroliere bloccate: perdite stimate in miliardi per Teheran.<\/p>\n<p data-start=\"377\" data-end=\"511\"><strong data-start=\"377\" data-end=\"393\">MEDITERRANEO<\/strong> \u2013 Caso Global Sumud Flotilla: attivisti denunciano il blocco delle navi da parte di Israele e parlano di \u201cpirateria\u201d.<\/p>\n<p data-start=\"513\" data-end=\"603\"><strong data-start=\"513\" data-end=\"521\">ROMA<\/strong> \u2013 La Farnesina chiede chiarimenti a Israele sull\u2019operazione contro la flottiglia.<\/p>\n<p data-start=\"605\" data-end=\"702\"><strong data-start=\"605\" data-end=\"619\">WASHINGTON<\/strong> \u2013 Trump attacca ancora Powell e valuta una riduzione delle truppe Usa in Germania.<\/p>\n<p data-start=\"704\" data-end=\"779\"><strong data-start=\"704\" data-end=\"714\">MILANO<\/strong> \u2013 Corteo per Ramelli concluso tra polemiche per i saluti romani.<\/p>\n<p data-start=\"781\" data-end=\"830\"><strong data-start=\"781\" data-end=\"791\">MADRID<\/strong> \u2013 Sinner vola in semifinale al torneo.<\/p>\n<p data-start=\"832\" data-end=\"909\" data-is-last-node=\"\" data-is-only-node=\"\"><strong data-start=\"832\" data-end=\"840\">ROMA<\/strong> \u2013 Arrestato il comico Massimo Bagnato per stalking alla ex compagna.<\/p>\n<\/div>\n<\/div>\n<\/div>\n<\/div>\n<\/div>\n<\/div>\n<\/section>\n<\/div>\n<\/div>\n<\/div>\n<\/div>\n<\/div>\n<\/div>\n<h1>IL GIORNALE DELLE SEI DEL MATTINO<\/h1>\n<audio class=\"wp-audio-shortcode\" id=\"audio-509378-2\" preload=\"none\" style=\"width: 100%;\" controls=\"controls\"><source type=\"audio\/mpeg\" src=\"https:\/\/www.radiopiu.net\/wordpress\/wp-content\/uploads\/2026\/04\/GIORNALEDELLESEI-22.mp3?_=2\" \/><a href=\"https:\/\/www.radiopiu.net\/wordpress\/wp-content\/uploads\/2026\/04\/GIORNALEDELLESEI-22.mp3\">https:\/\/www.radiopiu.net\/wordpress\/wp-content\/uploads\/2026\/04\/GIORNALEDELLESEI-22.mp3<\/a><\/audio>\n<p>&nbsp;<\/p>\n<p>&nbsp;<\/p>\n<hr \/>\n<p>&nbsp;<\/p>\n<h1 style=\"text-align: center;\"><span style=\"color: #ff0000;\">I podcast informativi del mattino &#8211; audio &#8211;\u00a0<\/span><\/h1>\n<p><strong>OGNI GIORNO ALLE SETTE DEL MATTINO, LA RASSEGNA STAMPA LOCALE FLASH&#8230; PER CHI VA IN FRETTA. I TITOLI DAI GIORNALI E DAL SITO WWW.RADIOPIU.NET <span style=\"color: #0000ff;\">viene pubblicato alle 7.00<\/span> <span style=\"color: #ff0000;\">DIRETTA RADIO\u00a0 <\/span><\/strong><em><span style=\"color: #ff0000;\">per chi va in fretta&#8230; tante notizie in pochi minuti. L&#8217;informazione locale alla radio, ogni ora dalle 7 del mattino alle 19 della sera.<\/span><\/em><\/p>\n<h1 style=\"text-align: center;\">DALL&#8217;ITALIA<\/h1>\n<p><a class=\"dt-pswp-item\" href=\"https:\/\/www.radiopiu.net\/wordpress\/wp-content\/uploads\/2026\/04\/f45fb588-d8e6-48fd-9f13-de2c1db2a8a9.png\" data-dt-img-description=\"\" data-large_image_width=\"1536\" data-large_image_height=\"1024\"><img loading=\"lazy\" decoding=\"async\" class=\"aligncenter wp-image-509588 size-full\" src=\"https:\/\/www.radiopiu.net\/wordpress\/wp-content\/uploads\/2026\/04\/f45fb588-d8e6-48fd-9f13-de2c1db2a8a9.png\" alt=\"\" width=\"1536\" height=\"1024\" srcset=\"https:\/\/www.radiopiu.net\/wordpress\/wp-content\/uploads\/2026\/04\/f45fb588-d8e6-48fd-9f13-de2c1db2a8a9.png 1536w, https:\/\/www.radiopiu.net\/wordpress\/wp-content\/uploads\/2026\/04\/f45fb588-d8e6-48fd-9f13-de2c1db2a8a9-300x200.png 300w, https:\/\/www.radiopiu.net\/wordpress\/wp-content\/uploads\/2026\/04\/f45fb588-d8e6-48fd-9f13-de2c1db2a8a9-1024x683.png 1024w, https:\/\/www.radiopiu.net\/wordpress\/wp-content\/uploads\/2026\/04\/f45fb588-d8e6-48fd-9f13-de2c1db2a8a9-768x512.png 768w\" sizes=\"auto, (max-width: 1536px) 100vw, 1536px\" \/><\/a><\/p>\n<div class=\"text-base my-auto mx-auto [--thread-content-margin:--spacing(4)] @w-sm\/main:[--thread-content-margin:--spacing(6)] @w-lg\/main:[--thread-content-margin:--spacing(16)] px-(--thread-content-margin)\">\n<div class=\"[--thread-content-max-width:40rem] @w-lg\/main:[--thread-content-max-width:48rem] mx-auto max-w-(--thread-content-max-width) flex-1 group\/turn-messages focus-visible:outline-hidden relative flex w-full min-w-0 flex-col agent-turn\" tabindex=\"-1\">\n<div class=\"flex max-w-full flex-col grow\">\n<div class=\"min-h-8 text-message relative flex w-full flex-col items-end gap-2 text-start break-words whitespace-normal [.text-message+&amp;]:mt-1\" dir=\"auto\" data-message-author-role=\"assistant\" data-message-id=\"267fcfff-1a0f-4670-9dc4-51b6552dafd9\" data-message-model-slug=\"gpt-5-2\">\n<div class=\"flex w-full flex-col gap-1 empty:hidden first:pt-[1px]\">\n<div class=\"markdown prose dark:prose-invert w-full wrap-break-word dark markdown-new-styling\">\n<section class=\"text-token-text-primary w-full focus:outline-none [--shadow-height:45px] has-data-writing-block:pointer-events-none has-data-writing-block:-mt-(--shadow-height) has-data-writing-block:pt-(--shadow-height) [&amp;:has([data-writing-block])&gt;*]:pointer-events-auto [content-visibility:auto] supports-[content-visibility:auto]:[contain-intrinsic-size:auto_100lvh] R6Vx5W_threadScrollVars scroll-mb-[calc(var(--scroll-root-safe-area-inset-bottom,0px)+var(--thread-response-height))] scroll-mt-[calc(var(--header-height)+min(200px,max(70px,20svh)))]\" dir=\"auto\" data-turn-id=\"request-69f1af2f-1348-83eb-8c2f-099ce8ff3ecc-4\" data-testid=\"conversation-turn-50\" data-scroll-anchor=\"false\" data-turn=\"assistant\">\n<div class=\"text-base my-auto mx-auto pb-10 [--thread-content-margin:var(--thread-content-margin-xs,calc(var(--spacing)*4))] @w-sm\/main:[--thread-content-margin:var(--thread-content-margin-sm,calc(var(--spacing)*6))] @w-lg\/main:[--thread-content-margin:var(--thread-content-margin-lg,calc(var(--spacing)*16))] px-(--thread-content-margin)\">\n<div class=\"[--thread-content-max-width:40rem] @w-lg\/main:[--thread-content-max-width:48rem] mx-auto max-w-(--thread-content-max-width) flex-1 group\/turn-messages focus-visible:outline-hidden relative flex w-full min-w-0 flex-col agent-turn\">\n<div class=\"flex max-w-full flex-col gap-4 grow\">\n<div class=\"min-h-8 text-message relative flex w-full flex-col items-end gap-2 text-start break-words whitespace-normal outline-none keyboard-focused:focus-ring [.text-message+&amp;]:mt-1\" dir=\"auto\" tabindex=\"0\" data-message-author-role=\"assistant\" data-message-id=\"a69a4230-cd2c-410a-bb7d-fcfc8bb7d330\" data-message-model-slug=\"gpt-5-3\" data-turn-start-message=\"true\">\n<div class=\"flex w-full flex-col gap-1 empty:hidden\">\n<div class=\"markdown prose dark:prose-invert w-full wrap-break-word dark markdown-new-styling\">\n<p data-start=\"0\" data-end=\"17\"><strong data-start=\"0\" data-end=\"17\"><br \/>\nPIETRACATELLA <\/strong>Nel giallo della morte sospetta si rafforza l\u2019ipotesi avvelenamento: possibili nuovi esami sul sangue, mentre da Bari arrivano conferme sulla compatibilit\u00e0 con il veleno.<\/p>\n<p data-start=\"191\" data-end=\"200\"><strong data-start=\"191\" data-end=\"200\">IBIZA <\/strong>Svolta nel caso del Dj Godzi: secondo nuove ricostruzioni sarebbe stato torturato. La vicenda viene accostata a un \u201ccaso Cucchi\u201d.<\/p>\n<p data-start=\"333\" data-end=\"352\"><strong data-start=\"333\" data-end=\"352\">REGGIO CALABRIA <\/strong>Smantellata la \u201cgang del terrore\u201d: tre arresti tra giovani che incitavano a coltellate per rendere virali i video sui social.<\/p>\n<p data-start=\"481\" data-end=\"491\"><strong data-start=\"481\" data-end=\"491\">EGITTO <\/strong>Confermata la condanna per adulterio di un\u2019italiana, madre di una bimba. La Farnesina segue il caso e garantisce assistenza.<\/p>\n<p data-start=\"740\" data-end=\"748\"><strong data-start=\"740\" data-end=\"748\">ROMA <\/strong>Spari durante il 25 aprile: parla la donna ferita, che esprime amarezza per la giovane et\u00e0 dell\u2019aggressore.<\/p>\n<p data-start=\"859\" data-end=\"869\"><strong data-start=\"859\" data-end=\"869\">MILANO <\/strong>Corteo per Ramelli concluso tra polemiche per i saluti romani.<\/p>\n<p data-start=\"935\" data-end=\"947\"><strong data-start=\"935\" data-end=\"947\">Garlasco <\/strong>Nuovo sviluppo nel caso Poggi: Andrea Sempio convocato in Procura il 6 maggio, escluso il concorso con altri.<\/p>\n<p data-start=\"1060\" data-end=\"1088\"><strong data-start=\"1060\" data-end=\"1088\">SVIZZERA (CRANS-MONTANA) <\/strong>L\u2019Italia si costituisce parte civile: nuova inchiesta sulla gestione dell\u2019emergenza.<\/p>\n<p data-start=\"1176\" data-end=\"1189\"><strong data-start=\"1176\" data-end=\"1189\">BRUXELLES <\/strong>L\u2019eurodeputata Annalisa Corrado denuncia abusi subiti a 16 anni in ambito religioso.<\/p>\n<p data-start=\"1277\" data-end=\"1287\"><strong data-start=\"1277\" data-end=\"1287\">ITALIA <\/strong>Inchiesta sugli arbitri: emergono sospetti su designazioni pilotate.<\/p>\n<p data-start=\"1359\" data-end=\"1367\"><strong data-start=\"1359\" data-end=\"1367\">BARI <\/strong>Caso del bimbo trapiantato: al via nuovi accertamenti per rispondere ai quesiti del gip.<\/p>\n<\/div>\n<\/div>\n<\/div>\n<\/div>\n<div class=\"z-0 flex min-h-[46px] justify-start\"><\/div>\n<div class=\"mt-3 w-full empty:hidden\">\n<div class=\"text-center\"><\/div>\n<\/div>\n<\/div>\n<\/div>\n<\/section>\n<div class=\"pointer-events-none -mt-px h-px translate-y-[calc(var(--scroll-root-safe-area-inset-bottom)-14*var(--spacing))]\" aria-hidden=\"true\"><\/div>\n<\/div>\n<\/div>\n<\/div>\n<\/div>\n<\/div>\n<\/div>\n<div class=\"pointer-events-none h-px w-px absolute bottom-0\" aria-hidden=\"true\" data-edge=\"true\"><\/div>\n<p>&nbsp;<\/p>\n<div class=\"flex flex-col text-sm pb-25\">\n<article class=\"text-token-text-primary w-full focus:outline-none [--shadow-height:45px] has-data-writing-block:pointer-events-none has-data-writing-block:-mt-(--shadow-height) has-data-writing-block:pt-(--shadow-height) [&amp;:has([data-writing-block])&gt;*]:pointer-events-auto scroll-mt-[calc(var(--header-height)+min(200px,max(70px,20svh)))]\" dir=\"auto\" tabindex=\"-1\" data-turn-id=\"4725b8e7-448d-49ef-90cd-737bcdd880f6\" data-testid=\"conversation-turn-10\" data-scroll-anchor=\"true\" data-turn=\"assistant\">\n<div class=\"text-base my-auto mx-auto pb-10 [--thread-content-margin:--spacing(4)] @w-sm\/main:[--thread-content-margin:--spacing(6)] @w-lg\/main:[--thread-content-margin:--spacing(16)] px-(--thread-content-margin)\">\n<div class=\"[--thread-content-max-width:40rem] @w-lg\/main:[--thread-content-max-width:48rem] mx-auto max-w-(--thread-content-max-width) flex-1 group\/turn-messages focus-visible:outline-hidden relative flex w-full min-w-0 flex-col agent-turn\" tabindex=\"-1\">\n<hr \/>\n<h1><\/h1>\n<h1 style=\"text-align: center;\">DALLA REGIONE VENETO<\/h1>\n<div class=\"flex flex-col text-sm pb-25\">\n<article class=\"text-token-text-primary w-full focus:outline-none [--shadow-height:45px] has-data-writing-block:pointer-events-none has-data-writing-block:-mt-(--shadow-height) has-data-writing-block:pt-(--shadow-height) [&amp;:has([data-writing-block])&gt;*]:pointer-events-auto scroll-mt-[calc(var(--header-height)+min(200px,max(70px,20svh)))]\" dir=\"auto\" tabindex=\"-1\" data-turn-id=\"request-WEB:395a30ce-c02d-48c6-adac-8c26190c19fc-13\" data-testid=\"conversation-turn-28\" data-scroll-anchor=\"true\" data-turn=\"assistant\">\n<div class=\"text-base my-auto mx-auto pb-10 [--thread-content-margin:--spacing(4)] @w-sm\/main:[--thread-content-margin:--spacing(6)] @w-lg\/main:[--thread-content-margin:--spacing(16)] px-(--thread-content-margin)\">\n<div class=\"[--thread-content-max-width:40rem] @w-lg\/main:[--thread-content-max-width:48rem] mx-auto max-w-(--thread-content-max-width) flex-1 group\/turn-messages focus-visible:outline-hidden relative flex w-full min-w-0 flex-col agent-turn\" tabindex=\"-1\">\n<div class=\"flex max-w-full flex-col grow\">\n<div class=\"min-h-8 text-message relative flex w-full flex-col items-end gap-2 text-start break-words whitespace-normal [.text-message+&amp;]:mt-1\" dir=\"auto\" data-message-author-role=\"assistant\" data-message-id=\"591443fe-dd2a-4daf-aacb-ee3a0ce88286\" data-message-model-slug=\"gpt-5-2\">\n<div class=\"flex w-full flex-col gap-1 empty:hidden first:pt-[1px]\">\n<div class=\"markdown prose dark:prose-invert w-full wrap-break-word dark markdown-new-styling\">\n<div class=\"flex flex-col text-sm pb-25\">\n<article class=\"text-token-text-primary w-full focus:outline-none [--shadow-height:45px] has-data-writing-block:pointer-events-none has-data-writing-block:-mt-(--shadow-height) has-data-writing-block:pt-(--shadow-height) [&amp;:has([data-writing-block])&gt;*]:pointer-events-auto scroll-mt-[calc(var(--header-height)+min(200px,max(70px,20svh)))]\" dir=\"auto\" tabindex=\"-1\" data-turn-id=\"request-WEB:8a5e7093-3d62-4bde-8de5-bd2a8fc79713-22\" data-testid=\"conversation-turn-46\" data-scroll-anchor=\"true\" data-turn=\"assistant\">\n<div class=\"text-base my-auto mx-auto pb-10 [--thread-content-margin:--spacing(4)] @w-sm\/main:[--thread-content-margin:--spacing(6)] @w-lg\/main:[--thread-content-margin:--spacing(16)] px-(--thread-content-margin)\">\n<div class=\"[--thread-content-max-width:40rem] @w-lg\/main:[--thread-content-max-width:48rem] mx-auto max-w-(--thread-content-max-width) flex-1 group\/turn-messages focus-visible:outline-hidden relative flex w-full min-w-0 flex-col agent-turn\" tabindex=\"-1\">\n<div class=\"flex max-w-full flex-col grow\">\n<div class=\"min-h-8 text-message relative flex w-full flex-col items-end gap-2 text-start break-words whitespace-normal [.text-message+&amp;]:mt-1\" dir=\"auto\" data-message-author-role=\"assistant\" data-message-id=\"fd94cd0c-b9c7-45f7-a79b-d93166b5150e\" data-message-model-slug=\"gpt-5-2\">\n<div class=\"flex w-full flex-col gap-1 empty:hidden first:pt-[1px]\">\n<div class=\"markdown prose dark:prose-invert w-full wrap-break-word dark markdown-new-styling\">\n<div class=\"text-base my-auto mx-auto [--thread-content-margin:var(--thread-content-margin-xs,calc(var(--spacing)*4))] @w-sm\/main:[--thread-content-margin:var(--thread-content-margin-sm,calc(var(--spacing)*6))] @w-lg\/main:[--thread-content-margin:var(--thread-content-margin-lg,calc(var(--spacing)*16))] px-(--thread-content-margin)\">\n<div class=\"[--thread-content-max-width:40rem] @w-lg\/main:[--thread-content-max-width:48rem] mx-auto max-w-(--thread-content-max-width) flex-1 group\/turn-messages focus-visible:outline-hidden relative flex w-full min-w-0 flex-col agent-turn\">\n<div class=\"flex max-w-full flex-col gap-4 grow\">\n<div class=\"min-h-8 text-message relative flex w-full flex-col items-end gap-2 text-start break-words whitespace-normal outline-none keyboard-focused:focus-ring [.text-message+&amp;]:mt-1\" dir=\"auto\" data-message-author-role=\"assistant\" data-message-id=\"cc63dfd8-7ea7-4792-9996-3ca8a1658a87\" data-message-model-slug=\"gpt-5-3\">\n<div class=\"flex w-full flex-col gap-1 empty:hidden\">\n<div class=\"markdown prose dark:prose-invert w-full wrap-break-word dark markdown-new-styling\">\n<p data-start=\"296\" data-end=\"313\"><strong data-start=\"296\" data-end=\"313\"><a class=\"dt-pswp-item\" href=\"https:\/\/www.radiopiu.net\/wordpress\/wp-content\/uploads\/2026\/04\/Screenshot-2026-04-30-053600.png\" data-dt-img-description=\"\" data-large_image_width=\"692\" data-large_image_height=\"165\"><img loading=\"lazy\" decoding=\"async\" class=\"aligncenter wp-image-509586 size-full\" src=\"https:\/\/www.radiopiu.net\/wordpress\/wp-content\/uploads\/2026\/04\/Screenshot-2026-04-30-053600.png\" alt=\"\" width=\"692\" height=\"165\" srcset=\"https:\/\/www.radiopiu.net\/wordpress\/wp-content\/uploads\/2026\/04\/Screenshot-2026-04-30-053600.png 692w, https:\/\/www.radiopiu.net\/wordpress\/wp-content\/uploads\/2026\/04\/Screenshot-2026-04-30-053600-300x72.png 300w\" sizes=\"auto, (max-width: 692px) 100vw, 692px\" \/><\/a><\/strong><\/p>\n<p>ARGINE DEL PO Tragedia sulla strada: un\u2019auto finisce fuori carreggiata, muore una giovane donna. Un\u2019altra \u00e8 rimasta ferita ed \u00e8 stata trasportata in elicottero in ospedale.<\/p>\n<p data-start=\"720\" data-end=\"732\"><strong data-start=\"720\" data-end=\"732\">PADOVANO <\/strong>Sequestrate 2,5 tonnellate di pesce non tracciato dalla Guardia Costiera di Venezia.<\/p>\n<p data-start=\"820\" data-end=\"830\"><strong data-start=\"820\" data-end=\"830\">VERONA <\/strong>Prelievo venoso con robot: al via la sperimentazione su 200 volontari all\u2019Azienda Ospedaliera Universitaria Integrata.<\/p>\n<p data-start=\"952\" data-end=\"970\"><strong data-start=\"952\" data-end=\"970\">A13 \u2013 RODIGINO <\/strong>Tir ribaltato: autostrada bloccata e lunghe code fino a 7 chilometri, poi la riapertura verso Padova.<\/p>\n<p data-start=\"1075\" data-end=\"1086\"><strong data-start=\"1075\" data-end=\"1086\">VENEZIA <\/strong>Addio a Livio Seguso, storico maestro del vetro: \u201cTrasformava il vetro in luce e pensiero\u201d.<\/p>\n<p data-start=\"1181\" data-end=\"1191\"><strong data-start=\"1181\" data-end=\"1191\">ITALIA <\/strong>Chiama la polizia per un furto ma viene trovato con droga: segnalato, mentre i ladri vengono arrestati.<\/p>\n<p data-start=\"1298\" data-end=\"1308\"><strong data-start=\"1298\" data-end=\"1308\">ROVIGO <\/strong>Record per il giovane Tommaso Schiesaro: lancia una sonda a 34,5 chilometri nell\u2019atmosfera.<\/p>\n<p data-start=\"1403\" data-end=\"1414\"><strong data-start=\"1403\" data-end=\"1414\">VENEZIA <\/strong>Solidariet\u00e0 ai dipendenti della Fenice dopo le minacce: \u201cEpisodi inaccettabili\u201d.<\/p>\n<\/div>\n<\/div>\n<\/div>\n<\/div>\n<div class=\"z-0 flex min-h-[46px] justify-start\"><strong data-start=\"98\" data-end=\"109\">TREVISO <\/strong>Parte il piano di umanizzazione delle cure: via libera alla presenza degli animali d\u2019affezione anche durante la chemioterapia e nelle degenze, con un progetto sperimentale innovativo.<\/div>\n<div><\/div>\n<div class=\"z-0 flex min-h-[46px] justify-start\"><strong data-start=\"608\" data-end=\"618\">ROVIGO <\/strong>Nuova terapia per una rara malattia del sangue: avviata la profilassi basata sull\u2019enzima Adamts13.<\/div>\n<div><\/div>\n<div class=\"z-0 flex min-h-[46px] justify-start\">\n<p><strong data-start=\"820\" data-end=\"830\">VERONA <\/strong>Prelievo venoso con robot: al via la sperimentazione su 200 volontari all\u2019Azienda Ospedaliera Universitaria Integrata.<\/p>\n<\/div>\n<\/div>\n<\/div>\n<\/div>\n<\/div>\n<\/div>\n<\/div>\n<\/div>\n<\/div>\n<\/article>\n<\/div>\n<div class=\"pointer-events-none h-px w-px absolute bottom-0\" aria-hidden=\"true\" data-edge=\"true\"><strong data-start=\"475\" data-end=\"485\">PADOVA <\/strong>Dallo spazio arrivano nuove ricette anti-invecchiamento: presentato il progetto \u201cEpifood\u201d alla Smart Innovation School.<\/div>\n<\/div>\n<\/div>\n<\/div>\n<\/div>\n<\/div>\n<\/div>\n<\/article>\n<\/div>\n<p>&nbsp;<\/p>\n<\/div>\n<\/div>\n<\/article>\n<\/div>\n<hr \/>\n<p>&nbsp;<\/p>\n<blockquote>\n<h1><\/h1>\n<h1><a class=\"dt-pswp-item\" href=\"https:\/\/www.radiopiu.net\/wordpress\/wp-content\/uploads\/2026\/04\/mirko-rassegna.png\" data-dt-img-description=\"\" data-large_image_width=\"511\" data-large_image_height=\"287\"><img loading=\"lazy\" decoding=\"async\" class=\"aligncenter wp-image-507211 size-full\" src=\"https:\/\/www.radiopiu.net\/wordpress\/wp-content\/uploads\/2026\/04\/mirko-rassegna.png\" alt=\"\" width=\"511\" height=\"287\" srcset=\"https:\/\/www.radiopiu.net\/wordpress\/wp-content\/uploads\/2026\/04\/mirko-rassegna.png 511w, https:\/\/www.radiopiu.net\/wordpress\/wp-content\/uploads\/2026\/04\/mirko-rassegna-300x168.png 300w\" sizes=\"auto, (max-width: 511px) 100vw, 511px\" \/><\/a><\/h1>\n<\/blockquote>\n<div class=\"flex flex-col text-sm pb-25\">\n<article class=\"text-token-text-primary w-full focus:outline-none [--shadow-height:45px] has-data-writing-block:pointer-events-none has-data-writing-block:-mt-(--shadow-height) has-data-writing-block:pt-(--shadow-height) [&amp;:has([data-writing-block])&gt;*]:pointer-events-auto scroll-mt-[calc(var(--header-height)+min(200px,max(70px,20svh)))]\" dir=\"auto\" tabindex=\"-1\" data-turn-id=\"request-WEB:395a30ce-c02d-48c6-adac-8c26190c19fc-24\" data-testid=\"conversation-turn-50\" data-scroll-anchor=\"true\" data-turn=\"assistant\">\n<div class=\"text-base my-auto mx-auto pb-10 [--thread-content-margin:--spacing(4)] @w-sm\/main:[--thread-content-margin:--spacing(6)] @w-lg\/main:[--thread-content-margin:--spacing(16)] px-(--thread-content-margin)\"><\/div>\n<\/article>\n<\/div>\n<h1 data-start=\"128\" data-end=\"155\">&#x1f4f0; RASSEGNA STAMPA LOCALE, OGNI GIORNO ALLE 7 PER CHI VA DI FRETTA, ALLE 8.05 DA 43 ANNI<\/h1>\n<\/div>\n<\/div>\n<\/div>\n<\/article>\n<\/div>\n<div class=\"flex flex-col text-sm pb-25\">\n<article class=\"text-token-text-primary w-full focus:outline-none [--shadow-height:45px] has-data-writing-block:pointer-events-none has-data-writing-block:-mt-(--shadow-height) has-data-writing-block:pt-(--shadow-height) [&amp;:has([data-writing-block])&gt;*]:pointer-events-auto scroll-mt-[calc(var(--header-height)+min(200px,max(70px,20svh)))]\" dir=\"auto\" tabindex=\"-1\" data-turn-id=\"request-WEB:545a5307-a0c9-41c7-9a5f-bf65aefdb8ec-5\" data-testid=\"conversation-turn-12\" data-scroll-anchor=\"true\" data-turn=\"assistant\">\n<div class=\"text-base my-auto mx-auto pb-10 [--thread-content-margin:--spacing(4)] @w-sm\/main:[--thread-content-margin:--spacing(6)] @w-lg\/main:[--thread-content-margin:--spacing(16)] px-(--thread-content-margin)\">\n<div class=\"[--thread-content-max-width:40rem] @w-lg\/main:[--thread-content-max-width:48rem] mx-auto max-w-(--thread-content-max-width) flex-1 group\/turn-messages focus-visible:outline-hidden relative flex w-full min-w-0 flex-col agent-turn\" tabindex=\"-1\">\n<div class=\"z-0 flex min-h-[46px] justify-start\">\n<div class=\"pointer-events-none h-px w-px absolute bottom-0\" aria-hidden=\"true\" data-edge=\"true\">\n<article class=\"text-token-text-primary w-full focus:outline-none [--shadow-height:45px] has-data-writing-block:pointer-events-none has-data-writing-block:-mt-(--shadow-height) has-data-writing-block:pt-(--shadow-height) [&amp;:has([data-writing-block])&gt;*]:pointer-events-auto scroll-mt-[calc(var(--header-height)+min(200px,max(70px,20svh)))]\" dir=\"auto\" tabindex=\"-1\" data-turn-id=\"request-WEB:395a30ce-c02d-48c6-adac-8c26190c19fc-23\" data-testid=\"conversation-turn-48\" data-scroll-anchor=\"false\" data-turn=\"assistant\">\n<div class=\"text-base my-auto mx-auto [--thread-content-margin:--spacing(4)] @w-sm\/main:[--thread-content-margin:--spacing(6)] @w-lg\/main:[--thread-content-margin:--spacing(16)] px-(--thread-content-margin)\">\n<div class=\"[--thread-content-max-width:40rem] @w-lg\/main:[--thread-content-max-width:48rem] mx-auto max-w-(--thread-content-max-width) flex-1 group\/turn-messages focus-visible:outline-hidden relative flex w-full min-w-0 flex-col agent-turn\" tabindex=\"-1\">\n<div class=\"z-0 flex min-h-[46px] justify-start\">\n<div class=\"pointer-events-none h-px w-px absolute bottom-0\" aria-hidden=\"true\" data-edge=\"true\">\n<article class=\"text-token-text-primary w-full focus:outline-none [--shadow-height:45px] has-data-writing-block:pointer-events-none has-data-writing-block:-mt-(--shadow-height) has-data-writing-block:pt-(--shadow-height) [&amp;:has([data-writing-block])&gt;*]:pointer-events-auto scroll-mt-(--header-height)\" dir=\"auto\" tabindex=\"-1\" data-turn-id=\"be71d048-10d6-4822-b6f8-d8ba31ea41c6\" data-testid=\"conversation-turn-49\" data-scroll-anchor=\"false\" data-turn=\"user\">\n<div class=\"text-base my-auto mx-auto pt-12 [--thread-content-margin:--spacing(4)] @w-sm\/main:[--thread-content-margin:--spacing(6)] @w-lg\/main:[--thread-content-margin:--spacing(16)] px-(--thread-content-margin)\">\n<div class=\"[--thread-content-max-width:40rem] @w-lg\/main:[--thread-content-max-width:48rem] mx-auto max-w-(--thread-content-max-width) flex-1 group\/turn-messages focus-visible:outline-hidden relative flex w-full min-w-0 flex-col\" tabindex=\"-1\">\n<div class=\"flex max-w-full flex-col grow\">\n<div class=\"min-h-8 text-message relative flex w-full flex-col items-end gap-2 text-start break-words whitespace-normal [.text-message+&amp;]:mt-1\" dir=\"auto\" data-message-author-role=\"user\" data-message-id=\"be71d048-10d6-4822-b6f8-d8ba31ea41c6\">\n<div class=\"flex w-full flex-col gap-1 empty:hidden items-end rtl:items-start\">\n<div class=\"user-message-bubble-color corner-superellipse\/1.1 relative rounded-[18px] px-4 py-1.5 data-[multiline]:py-3 max-w-[var(--user-chat-width,70%)]\">\n<p>DI MIRKO MEZZACASA<\/p>\n<audio class=\"wp-audio-shortcode\" id=\"audio-509378-3\" preload=\"none\" style=\"width: 100%;\" controls=\"controls\"><source type=\"audio\/mpeg\" src=\"https:\/\/www.radiopiu.net\/wordpress\/wp-content\/uploads\/2026\/04\/GF07-21.mp3?_=3\" \/><a href=\"https:\/\/www.radiopiu.net\/wordpress\/wp-content\/uploads\/2026\/04\/GF07-21.mp3\">https:\/\/www.radiopiu.net\/wordpress\/wp-content\/uploads\/2026\/04\/GF07-21.mp3<\/a><\/audio>\n<p>&nbsp;<\/p>\n<p>&nbsp;<\/p>\n<p>&nbsp;<\/p>\n<\/div>\n<\/div>\n<\/div>\n<\/div>\n<\/div>\n<\/div>\n<\/article>\n<\/div>\n<div class=\"flex flex-col text-sm pb-25\">\n<article class=\"text-token-text-primary w-full focus:outline-none [--shadow-height:45px] has-data-writing-block:pointer-events-none has-data-writing-block:-mt-(--shadow-height) has-data-writing-block:pt-(--shadow-height) [&amp;:has([data-writing-block])&gt;*]:pointer-events-auto scroll-mt-[calc(var(--header-height)+min(200px,max(70px,20svh)))]\" dir=\"auto\" tabindex=\"-1\" data-turn-id=\"6396bcad-d60e-4a56-bb34-35612dfbda6f\" data-testid=\"conversation-turn-128\" data-scroll-anchor=\"true\" data-turn=\"assistant\">\n<div class=\"text-base my-auto mx-auto pb-10 [--thread-content-margin:--spacing(4)] @w-sm\/main:[--thread-content-margin:--spacing(6)] @w-lg\/main:[--thread-content-margin:--spacing(16)] px-(--thread-content-margin)\">\n<div class=\"[--thread-content-max-width:40rem] @w-lg\/main:[--thread-content-max-width:48rem] mx-auto max-w-(--thread-content-max-width) flex-1 group\/turn-messages focus-visible:outline-hidden relative flex w-full min-w-0 flex-col agent-turn\" tabindex=\"-1\">\n<div class=\"flex max-w-full flex-col grow\">\n<div class=\"min-h-8 text-message relative flex w-full flex-col items-end gap-2 text-start break-words whitespace-normal [.text-message+&amp;]:mt-1\" dir=\"auto\" data-message-author-role=\"assistant\" data-message-id=\"e1f3858c-d840-4462-97ca-2f881886e23b\" data-message-model-slug=\"gpt-5-2\">\n<div class=\"flex w-full flex-col gap-1 empty:hidden first:pt-[1px]\">\n<div class=\"markdown prose dark:prose-invert w-full wrap-break-word dark markdown-new-styling\">\n<div class=\"flex h-svh w-screen flex-col\">\n<div class=\"relative z-0 flex min-h-0 w-full flex-1\">\n<div class=\"relative flex min-h-0 w-full flex-1\">\n<div class=\"@container\/main relative flex min-w-0 flex-1 flex-col -translate-y-[calc(env(safe-area-inset-bottom,0px)\/2)] pt-[calc(env(safe-area-inset-bottom,0px)\/2)]\">\n<div class=\"@w-sm\/main:[scrollbar-gutter:stable_both-edges] touch:[scrollbar-width:none] relative flex min-h-0 min-w-0 flex-1 flex-col [scrollbar-gutter:stable] not-print:overflow-x-clip not-print:overflow-y-auto scroll-pt-(--header-height) [--sticky-padding-top:var(--header-height)] has-data-[fixed-header=less-than-xl]:@w-xl\/main:scroll-pt-0 has-data-[fixed-header=less-than-xl]:@w-xl\/main:[--sticky-padding-top:0px] has-data-[fixed-header=less-than-xxl]:@w-2xl\/main:scroll-pt-0 has-data-[fixed-header=less-than-xxl]:@w-2xl\/main:[--sticky-padding-top:0px]\" data-scroll-root=\"\">\n<div id=\"thread\" class=\"group\/thread flex flex-col min-h-full\">\n<div class=\"composer-parent flex flex-1 flex-col focus-visible:outline-0\" role=\"presentation\">\n<div class=\"relative basis-auto flex-col -mb-(--composer-overlap-px) [--composer-overlap-px:28px] grow flex\">\n<div class=\"flex flex-col text-sm pb-25\">\n<article class=\"text-token-text-primary w-full focus:outline-none [--shadow-height:45px] has-data-writing-block:pointer-events-none has-data-writing-block:-mt-(--shadow-height) has-data-writing-block:pt-(--shadow-height) [&amp;:has([data-writing-block])&gt;*]:pointer-events-auto scroll-mt-[calc(var(--header-height)+min(200px,max(70px,20svh)))]\" dir=\"auto\" tabindex=\"-1\" data-turn-id=\"aa5cda40-ad08-42ce-bf30-0508940a0d23\" data-testid=\"conversation-turn-62\" data-scroll-anchor=\"true\" data-turn=\"assistant\">\n<div class=\"text-base my-auto mx-auto pb-10 [--thread-content-margin:--spacing(4)] @w-sm\/main:[--thread-content-margin:--spacing(6)] @w-lg\/main:[--thread-content-margin:--spacing(16)] px-(--thread-content-margin)\">\n<div class=\"[--thread-content-max-width:40rem] @w-lg\/main:[--thread-content-max-width:48rem] mx-auto max-w-(--thread-content-max-width) flex-1 group\/turn-messages focus-visible:outline-hidden relative flex w-full min-w-0 flex-col agent-turn\" tabindex=\"-1\">\n<div class=\"flex max-w-full flex-col grow\">\n<div class=\"min-h-8 text-message relative flex w-full flex-col items-end gap-2 text-start break-words whitespace-normal [.text-message+&amp;]:mt-1\" dir=\"auto\" data-message-author-role=\"assistant\" data-message-id=\"d4146dd0-662c-4cdd-bbea-6d96efca9319\" data-message-model-slug=\"gpt-5-2\">\n<div class=\"flex w-full flex-col gap-1 empty:hidden first:pt-[1px]\">\n<div class=\"markdown prose dark:prose-invert w-full wrap-break-word dark markdown-new-styling\">\n<div class=\"relative basis-auto flex-col -mb-(--composer-overlap-px) [--composer-overlap-px:28px] grow flex\">\n<div class=\"flex flex-col text-sm pb-25\">\n<article class=\"text-token-text-primary w-full focus:outline-none [--shadow-height:45px] has-data-writing-block:pointer-events-none has-data-writing-block:-mt-(--shadow-height) has-data-writing-block:pt-(--shadow-height) [&amp;:has([data-writing-block])&gt;*]:pointer-events-auto scroll-mt-[calc(var(--header-height)+min(200px,max(70px,20svh)))]\" dir=\"auto\" tabindex=\"-1\" data-turn-id=\"81350bf5-52fb-42ef-83ef-88b4111dbe54\" data-testid=\"conversation-turn-28\" data-scroll-anchor=\"true\" data-turn=\"assistant\">\n<div class=\"text-base my-auto mx-auto pb-10 [--thread-content-margin:--spacing(4)] @w-sm\/main:[--thread-content-margin:--spacing(6)] @w-lg\/main:[--thread-content-margin:--spacing(16)] px-(--thread-content-margin)\">\n<div class=\"[--thread-content-max-width:40rem] @w-lg\/main:[--thread-content-max-width:48rem] mx-auto max-w-(--thread-content-max-width) flex-1 group\/turn-messages focus-visible:outline-hidden relative flex w-full min-w-0 flex-col agent-turn\" tabindex=\"-1\">\n<div class=\"flex max-w-full flex-col grow\">\n<div class=\"min-h-8 text-message relative flex w-full flex-col items-end gap-2 text-start break-words whitespace-normal [.text-message+&amp;]:mt-1\" dir=\"auto\" data-message-author-role=\"assistant\" data-message-id=\"199cbd49-05ce-45fd-b525-d3c7639e2a69\" data-message-model-slug=\"gpt-5-2\">\n<div class=\"flex w-full flex-col gap-1 empty:hidden first:pt-[1px]\">\n<div class=\"markdown prose dark:prose-invert w-full wrap-break-word dark markdown-new-styling\">\n<div class=\"flex flex-col text-sm pb-25\">\n<article class=\"text-token-text-primary w-full focus:outline-none [--shadow-height:45px] has-data-writing-block:pointer-events-none has-data-writing-block:-mt-(--shadow-height) has-data-writing-block:pt-(--shadow-height) [&amp;:has([data-writing-block])&gt;*]:pointer-events-auto scroll-mt-[calc(var(--header-height)+min(200px,max(70px,20svh)))]\" dir=\"auto\" tabindex=\"-1\" data-turn-id=\"78c97f80-bdc6-43b1-a375-f3de13fb174c\" data-testid=\"conversation-turn-34\" data-scroll-anchor=\"true\" data-turn=\"assistant\">\n<div class=\"text-base my-auto mx-auto pb-10 [--thread-content-margin:--spacing(4)] @w-sm\/main:[--thread-content-margin:--spacing(6)] @w-lg\/main:[--thread-content-margin:--spacing(16)] px-(--thread-content-margin)\">\n<div class=\"[--thread-content-max-width:40rem] @w-lg\/main:[--thread-content-max-width:48rem] mx-auto max-w-(--thread-content-max-width) flex-1 group\/turn-messages focus-visible:outline-hidden relative flex w-full min-w-0 flex-col agent-turn\" tabindex=\"-1\">\n<div class=\"flex max-w-full flex-col grow\">\n<div class=\"min-h-8 text-message relative flex w-full flex-col items-end gap-2 text-start break-words whitespace-normal [.text-message+&amp;]:mt-1\" dir=\"auto\" data-message-author-role=\"assistant\" data-message-id=\"3bb62ed5-4654-4deb-83da-f5b920ca13b7\" data-message-model-slug=\"gpt-5-2\">\n<div class=\"flex w-full flex-col gap-1 empty:hidden first:pt-[1px]\">\n<div class=\"markdown prose dark:prose-invert w-full wrap-break-word dark markdown-new-styling\">\n<div class=\"flex flex-col text-sm pb-25\">\n<article class=\"text-token-text-primary w-full focus:outline-none [--shadow-height:45px] has-data-writing-block:pointer-events-none has-data-writing-block:-mt-(--shadow-height) has-data-writing-block:pt-(--shadow-height) [&amp;:has([data-writing-block])&gt;*]:pointer-events-auto scroll-mt-[calc(var(--header-height)+min(200px,max(70px,20svh)))]\" dir=\"auto\" tabindex=\"-1\" data-turn-id=\"1c73cbbe-8723-4066-99eb-75301fa1d490\" data-testid=\"conversation-turn-122\" data-scroll-anchor=\"true\" data-turn=\"assistant\">\n<div class=\"text-base my-auto mx-auto pb-10 [--thread-content-margin:--spacing(4)] @w-sm\/main:[--thread-content-margin:--spacing(6)] @w-lg\/main:[--thread-content-margin:--spacing(16)] px-(--thread-content-margin)\">\n<div class=\"[--thread-content-max-width:40rem] @w-lg\/main:[--thread-content-max-width:48rem] mx-auto max-w-(--thread-content-max-width) flex-1 group\/turn-messages focus-visible:outline-hidden relative flex w-full min-w-0 flex-col agent-turn\" tabindex=\"-1\">\n<div class=\"z-0 flex min-h-[46px] justify-start\"><\/div>\n<\/div>\n<\/div>\n<\/article>\n<\/div>\n<\/div>\n<\/div>\n<\/div>\n<\/div>\n<\/div>\n<\/div>\n<\/article>\n<\/div>\n<\/div>\n<\/div>\n<\/div>\n<\/div>\n<\/div>\n<\/div>\n<\/article>\n<\/div>\n<\/div>\n<\/div>\n<\/div>\n<\/div>\n<\/div>\n<\/div>\n<\/div>\n<\/article>\n<\/div>\n<\/div>\n<\/div>\n<\/div>\n<\/div>\n<\/div>\n<\/div>\n<\/div>\n<\/div>\n<\/div>\n<\/div>\n<\/div>\n<\/div>\n<\/div>\n<\/div>\n<\/article>\n<\/div>\n<\/div>\n<\/div>\n<\/div>\n<\/article>\n<\/div>\n<hr \/>\n<p>&nbsp;<\/p>\n<h1 style=\"text-align: center;\">ALLE 19 OGNI SERA SU RADIOPIU&#8230; TIZIANA BOLOGNANI, FABIO FIORAVANZI, STEFANO BOZZI: LE ANTICIPAZIONI DAL TELEGIORNALE DI ANTENNA 3<\/h1>\n<div class=\"flex flex-col text-sm pb-25\">\n<article class=\"text-token-text-primary w-full focus:outline-none [--shadow-height:45px] has-data-writing-block:pointer-events-none has-data-writing-block:-mt-(--shadow-height) has-data-writing-block:pt-(--shadow-height) [&amp;:has([data-writing-block])&gt;*]:pointer-events-auto scroll-mt-[calc(var(--header-height)+min(200px,max(70px,20svh)))]\" dir=\"auto\" tabindex=\"-1\" data-turn-id=\"request-WEB:545a5307-a0c9-41c7-9a5f-bf65aefdb8ec-5\" data-testid=\"conversation-turn-12\" data-scroll-anchor=\"true\" data-turn=\"assistant\">\n<div class=\"text-base my-auto mx-auto pb-10 [--thread-content-margin:--spacing(4)] @w-sm\/main:[--thread-content-margin:--spacing(6)] @w-lg\/main:[--thread-content-margin:--spacing(16)] px-(--thread-content-margin)\">\n<div class=\"[--thread-content-max-width:40rem] @w-lg\/main:[--thread-content-max-width:48rem] mx-auto max-w-(--thread-content-max-width) flex-1 group\/turn-messages focus-visible:outline-hidden relative flex w-full min-w-0 flex-col agent-turn\" tabindex=\"-1\">\n<div class=\"z-0 flex min-h-[46px] justify-start\">\n<p><a class=\"dt-pswp-item\" href=\"https:\/\/www.radiopiu.net\/wordpress\/wp-content\/uploads\/2026\/03\/Screenshot-2026-03-26-045908.png\" data-dt-img-description=\"\" data-large_image_width=\"194\" data-large_image_height=\"236\"><img loading=\"lazy\" decoding=\"async\" class=\"aligncenter size-full wp-image-503855\" src=\"https:\/\/www.radiopiu.net\/wordpress\/wp-content\/uploads\/2026\/03\/Screenshot-2026-03-26-045908.png\" alt=\"\" width=\"194\" height=\"236\" \/><\/a>ogni sera alle 19 le anticipazioni alla radio, quello che poi seguirete nel TELEGIORNALE BELLUNESE\u00a0 in onda alle 19.30 sul CANALE 10 del digitale terrestre.<\/p>\n<blockquote>\n<h2>ANTICIPAZIONI,\u00a0 DI\u00a0 \u00a0TIZIANA BOLOGNANI<\/h2>\n<audio class=\"wp-audio-shortcode\" id=\"audio-509378-4\" preload=\"none\" style=\"width: 100%;\" controls=\"controls\"><source type=\"audio\/mpeg\" src=\"https:\/\/www.radiopiu.net\/wordpress\/wp-content\/uploads\/2026\/04\/ANTENNA3-20.mp3?_=4\" \/><a href=\"https:\/\/www.radiopiu.net\/wordpress\/wp-content\/uploads\/2026\/04\/ANTENNA3-20.mp3\">https:\/\/www.radiopiu.net\/wordpress\/wp-content\/uploads\/2026\/04\/ANTENNA3-20.mp3<\/a><\/audio><\/blockquote>\n<\/div>\n<\/div>\n<\/div>\n<\/article>\n<\/div>\n<p>&nbsp;<\/p>\n<\/div>\n<\/div>\n<\/div>\n<\/article>\n<\/div>\n<div class=\"flex flex-col text-sm pb-25\">\n<article class=\"text-token-text-primary w-full focus:outline-none [--shadow-height:45px] has-data-writing-block:pointer-events-none has-data-writing-block:-mt-(--shadow-height) has-data-writing-block:pt-(--shadow-height) [&amp;:has([data-writing-block])&gt;*]:pointer-events-auto scroll-mt-[calc(var(--header-height)+min(200px,max(70px,20svh)))]\" dir=\"auto\" tabindex=\"-1\" data-turn-id=\"request-WEB:545a5307-a0c9-41c7-9a5f-bf65aefdb8ec-5\" data-testid=\"conversation-turn-12\" data-scroll-anchor=\"true\" data-turn=\"assistant\">\n<div class=\"text-base my-auto mx-auto pb-10 [--thread-content-margin:--spacing(4)] @w-sm\/main:[--thread-content-margin:--spacing(6)] @w-lg\/main:[--thread-content-margin:--spacing(16)] px-(--thread-content-margin)\">\n<div class=\"[--thread-content-max-width:40rem] @w-lg\/main:[--thread-content-max-width:48rem] mx-auto max-w-(--thread-content-max-width) flex-1 group\/turn-messages focus-visible:outline-hidden relative flex w-full min-w-0 flex-col agent-turn\" tabindex=\"-1\">\n<div class=\"z-0 flex min-h-[46px] justify-start\">\n<p>&nbsp;<\/p>\n<p>&nbsp;<\/p>\n<hr \/>\n<p>&nbsp;<\/p>\n<h1><span style=\"color: #ff0000;\"><a class=\"dt-pswp-item\" href=\"https:\/\/www.radiopiu.net\/wordpress\/wp-content\/uploads\/2024\/11\/8.jpg\" data-dt-img-description=\"\" data-large_image_width=\"180\" data-large_image_height=\"180\"><img loading=\"lazy\" decoding=\"async\" class=\"size-full wp-image-417910 aligncenter\" src=\"https:\/\/www.radiopiu.net\/wordpress\/wp-content\/uploads\/2024\/11\/8.jpg\" alt=\"\" width=\"180\" height=\"180\" srcset=\"https:\/\/www.radiopiu.net\/wordpress\/wp-content\/uploads\/2024\/11\/8.jpg 180w, https:\/\/www.radiopiu.net\/wordpress\/wp-content\/uploads\/2024\/11\/8-150x150.jpg 150w\" sizes=\"auto, (max-width: 180px) 100vw, 180px\" \/><\/a><\/span><\/h1>\n<h1><span style=\"color: #ff0000;\">I podcast informativi del mattino &#8211; video &#8211;\u00a0<\/span><\/h1>\n<h2 style=\"text-align: left;\"><strong>RASSEGNA STAMPA LOCALE, ORE OTTO<\/strong><\/h2>\n<h2><strong><span style=\"color: #0000ff;\">viene\u00a0 <\/span><\/strong><strong><span style=\"color: #0000ff;\">pubblicata alle 8.05 <span style=\"color: #ff0000;\">DIRETTA RADIO\u00a0 \u00a0<\/span><\/span><\/strong><strong>DI MIRKO MEZZACASA<\/strong><\/h2>\n<h1><span style=\"color: #ff0000;\"><strong>VIDEO\u00a0 \u00a0in diretta AGGIORNAMENTO\u00a0 dalle 8 del mattino<\/strong><\/span><\/h1>\n<\/div>\n<\/div>\n<\/div>\n<\/article>\n<\/div>\n<blockquote class=\"wp-embedded-content\" data-secret=\"RooIOGA1t9\"><p><a href=\"https:\/\/www.radiopiu.net\/wordpress\/20saa\/\">ORA SU RADIO PIU-ASCOLTA QUI: IN DIRETTA CON LA RASSEGNA STAMPA LOCALE, ALLE 8 05 DEL MATTINO<\/a><\/p><\/blockquote>\n<p><iframe loading=\"lazy\" class=\"wp-embedded-content\" sandbox=\"allow-scripts\" security=\"restricted\" style=\"position: absolute; visibility: hidden;\" title=\"&#8220;ORA SU RADIO PIU-ASCOLTA QUI: IN DIRETTA CON LA RASSEGNA STAMPA LOCALE, ALLE 8 05 DEL MATTINO&#8221; &#8212; Radio Pi\u00f9\" src=\"https:\/\/www.radiopiu.net\/wordpress\/20saa\/embed\/#?secret=AxAdkrwGyw#?secret=RooIOGA1t9\" data-secret=\"RooIOGA1t9\" width=\"600\" height=\"338\" frameborder=\"0\" marginwidth=\"0\" marginheight=\"0\" scrolling=\"no\"><\/iframe><\/p>\n<p>&nbsp;<\/p>\n<hr \/>\n<p>&nbsp;<\/p>\n<blockquote>\n<h3 style=\"text-align: center;\">ACQUA NON POTABILE A CENCENIGHE IN LOCALITA PRA&#8217; DI MEZZO<\/h3>\n<\/blockquote>\n<p><strong><a class=\"dt-pswp-item\" href=\"https:\/\/www.radiopiu.net\/wordpress\/wp-content\/uploads\/2021\/09\/BICCHIERE-ACQUA.jpg\" data-dt-img-description=\"\" data-large_image_width=\"1920\" data-large_image_height=\"1280\"><img loading=\"lazy\" decoding=\"async\" class=\"aligncenter size-medium wp-image-234651\" src=\"https:\/\/www.radiopiu.net\/wordpress\/wp-content\/uploads\/2021\/09\/BICCHIERE-ACQUA-300x200.jpg\" alt=\"\" width=\"300\" height=\"200\" srcset=\"https:\/\/www.radiopiu.net\/wordpress\/wp-content\/uploads\/2021\/09\/BICCHIERE-ACQUA-300x200.jpg 300w, https:\/\/www.radiopiu.net\/wordpress\/wp-content\/uploads\/2021\/09\/BICCHIERE-ACQUA-1024x683.jpg 1024w, https:\/\/www.radiopiu.net\/wordpress\/wp-content\/uploads\/2021\/09\/BICCHIERE-ACQUA-768x512.jpg 768w, https:\/\/www.radiopiu.net\/wordpress\/wp-content\/uploads\/2021\/09\/BICCHIERE-ACQUA-1536x1024.jpg 1536w, https:\/\/www.radiopiu.net\/wordpress\/wp-content\/uploads\/2021\/09\/BICCHIERE-ACQUA.jpg 1920w\" sizes=\"auto, (max-width: 300px) 100vw, 300px\" \/><\/a>\u00a0<\/strong><\/p>\n<p><strong>CENCENIGHE <\/strong>Servizi Integrati Bellunesi (SIB) ha emesso un avviso di allerta per la frazione di Pra&#8217; di Mezzo. A causa di alcune non conformit\u00e0, l&#8217;acqua erogata dall&#8217;acquedotto locale \u00e8 stata dichiarata non potabile. I cittadini sono invitati a utilizzare l&#8217;acqua per scopi alimentari esclusivamente previa bollitura. Per limitare il disagio, SIB ha gi\u00e0 predisposto un servizio sostitutivo tramite cisterna, posizionata direttamente nella localit\u00e0 interessata. L&#8217;ente gestore assicura di aver gi\u00e0 avviato le operazioni di pulizia e disinfezione dei serbatoi e della rete idrica. Il ripristino della potabilit\u00e0 verr\u00e0 comunicato tempestivamente al termine degli interventi tecnici.<\/p>\n<p>&nbsp;<\/p>\n<hr \/>\n<p>&nbsp;<\/p>\n<blockquote>\n<h3 style=\"text-align: center;\">INCIDENTE STRADALE A SANTA GIUSTINA: FERITA UNA DONNA DI 55 ANNI<\/h3>\n<\/blockquote>\n<p><strong><a class=\"dt-pswp-item\" href=\"https:\/\/www.radiopiu.net\/wordpress\/wp-content\/uploads\/2021\/10\/a0c568f4-8fef-4e1e-b203-57f1d1d0c1e7.jpg\" data-dt-img-description=\"\" data-large_image_width=\"2000\" data-large_image_height=\"1496\"><img loading=\"lazy\" decoding=\"async\" class=\"aligncenter size-medium wp-image-238247\" src=\"https:\/\/www.radiopiu.net\/wordpress\/wp-content\/uploads\/2021\/10\/a0c568f4-8fef-4e1e-b203-57f1d1d0c1e7-300x224.jpg\" alt=\"\" width=\"300\" height=\"224\" srcset=\"https:\/\/www.radiopiu.net\/wordpress\/wp-content\/uploads\/2021\/10\/a0c568f4-8fef-4e1e-b203-57f1d1d0c1e7-300x224.jpg 300w, https:\/\/www.radiopiu.net\/wordpress\/wp-content\/uploads\/2021\/10\/a0c568f4-8fef-4e1e-b203-57f1d1d0c1e7-1024x766.jpg 1024w, https:\/\/www.radiopiu.net\/wordpress\/wp-content\/uploads\/2021\/10\/a0c568f4-8fef-4e1e-b203-57f1d1d0c1e7-768x574.jpg 768w, https:\/\/www.radiopiu.net\/wordpress\/wp-content\/uploads\/2021\/10\/a0c568f4-8fef-4e1e-b203-57f1d1d0c1e7-1536x1149.jpg 1536w, https:\/\/www.radiopiu.net\/wordpress\/wp-content\/uploads\/2021\/10\/a0c568f4-8fef-4e1e-b203-57f1d1d0c1e7.jpg 2000w\" sizes=\"auto, (max-width: 300px) 100vw, 300px\" \/><\/a>\u00a0<\/strong><\/p>\n<p><strong>SANTA GIUSTINA <\/strong>Un incidente stradale si \u00e8 verificato ieri, poco dopo le 15, nel comune di Santa Giustina. Per cause ancora in fase di accertamento, una donna di 55 anni, residente nella zona, \u00e8 rimasta vittima di un trauma in seguito allo scontro. Immediato \u00e8 scattato l&#8217;allarme alla centrale operativa del SUEM, che ha inviato sul posto i soccorsi sanitari. Dopo le prime cure prestate sul luogo dell&#8217;impatto, la paziente \u00e8 stata stabilizzata dai sanitari dell&#8217;ambulanza di Belluno. La donna \u00e8 stata successivamente trasportata al Pronto Soccorso di Feltre per le cure e gli accertamenti medici necessari.<br \/>\n*<\/p>\n<p>*<\/p>\n<hr \/>\n<p>&nbsp;<\/p>\n<div class=\"page-title-head hgroup\">\n<h3 class=\"entry-title\" style=\"text-align: center;\">AUTOMEDICA NELL\u2019AGORDINO: INTERVENTI IN AUMENTO E SERVIZIO CONFERMATO<\/h3>\n<\/div>\n<blockquote>\n<p data-start=\"139\" data-end=\"553\"><em class=\"photoswipe-wrapper\"><a class=\"dt-pswp-item pspw-wrap-ready\" href=\"https:\/\/www.radiopiu.net\/wordpress\/wp-content\/uploads\/2026\/04\/7d57f580-328a-4032-a5eb-bd2c9c95c23a.png\" data-dt-img-description=\"\" data-large_image_width=\"1536\" data-large_image_height=\"1024\"><img loading=\"lazy\" decoding=\"async\" class=\"aligncenter size-medium wp-image-509561\" src=\"https:\/\/www.radiopiu.net\/wordpress\/wp-content\/uploads\/2026\/04\/7d57f580-328a-4032-a5eb-bd2c9c95c23a-300x200.png\" sizes=\"auto, (max-width: 300px) 100vw, 300px\" srcset=\"https:\/\/www.radiopiu.net\/wordpress\/wp-content\/uploads\/2026\/04\/7d57f580-328a-4032-a5eb-bd2c9c95c23a-300x200.png 300w, https:\/\/www.radiopiu.net\/wordpress\/wp-content\/uploads\/2026\/04\/7d57f580-328a-4032-a5eb-bd2c9c95c23a-1024x683.png 1024w, https:\/\/www.radiopiu.net\/wordpress\/wp-content\/uploads\/2026\/04\/7d57f580-328a-4032-a5eb-bd2c9c95c23a-768x512.png 768w, https:\/\/www.radiopiu.net\/wordpress\/wp-content\/uploads\/2026\/04\/7d57f580-328a-4032-a5eb-bd2c9c95c23a.png 1536w\" alt=\"\" width=\"300\" height=\"200\" \/><\/a><\/em><\/p>\n<p data-start=\"139\" data-end=\"553\"><em><br \/>\nCresce l\u2019attivit\u00e0 del Suem 118 dell\u2019Ulss 1 Dolomiti durante la stagione invernale appena conclusa. Secondo il report presentato dal commissario straordinario Giuseppe Dal Ben e dalla direttrice del Servizio di Urgenza-Emergenza medica di Pieve di Cadore, Cristina Barbarino, le missioni di soccorso sono aumentate del 7%, mentre gli accessi ai Pronto soccorso della provincia hanno registrato un incremento del 2%.<\/em><\/p>\n<\/blockquote>\n<p data-start=\"555\" data-end=\"773\">Numeri che confermano un impegno sempre pi\u00f9 intenso per il sistema di emergenza territoriale, chiamato a rispondere a una domanda crescente, soprattutto nei mesi invernali caratterizzati da un forte afflusso turistico. A sostenere l\u2019attivit\u00e0 del Suem 118 sono stati anche due progetti innovativi. Il primo riguarda la presenza dell\u2019infermiere in pista ad Arabba, operativo da gennaio a marzo, che ha effettuato 33 interventi, di cui il 54% classificati come di media gravit\u00e0.<\/p>\n<p data-start=\"1033\" data-end=\"1257\">Il secondo progetto \u00e8 quello dell\u2019automedica nell\u2019alto Agordino, che ha garantito un supporto fondamentale con 96 interventi complessivi: il 70% per codici gialli (media gravit\u00e0) e il 19% per codici rossi, quindi casi gravi. Un\u2019esperienza positiva che, come annunciato da Dal Ben, sar\u00e0 riproposta anche durante la stagione estiva, a conferma dell\u2019importanza di rafforzare la presenza sanitaria sul territorio nei periodi di maggiore affluenza.<\/p>\n<p data-start=\"1033\" data-end=\"1257\"><span style=\"color: #ff0000;\">DALLE ANTICIPAZIONI DEL TG DI ANTENNA 3, OGNI SERA ALLE 19.10 SU RADIOPIU DI TIZIANA BOLOGNANI<\/span><\/p>\n<audio class=\"wp-audio-shortcode\" id=\"audio-509378-5\" preload=\"none\" style=\"width: 100%;\" controls=\"controls\"><source type=\"audio\/mpeg\" src=\"https:\/\/www.radiopiu.net\/wordpress\/wp-content\/uploads\/2026\/04\/TIZ-ULSS.mp3?_=5\" \/><a href=\"https:\/\/www.radiopiu.net\/wordpress\/wp-content\/uploads\/2026\/04\/TIZ-ULSS.mp3\">https:\/\/www.radiopiu.net\/wordpress\/wp-content\/uploads\/2026\/04\/TIZ-ULSS.mp3<\/a><\/audio>\n<p>*<\/p>\n<hr \/>\n<p>&nbsp;<\/p>\n<h2 style=\"text-align: center;\" data-start=\"77\" data-end=\"152\"><strong data-start=\"77\" data-end=\"152\">UNA VITA SILENZIOSA, UN GESTO STRAORDINARIO: L\u2019EREDIT\u00c0 DI IRIDE SCHENAL<\/strong><\/h2>\n<p><strong><a class=\"dt-pswp-item\" href=\"https:\/\/www.radiopiu.net\/wordpress\/wp-content\/uploads\/2026\/04\/Screenshot-2026-04-30-050446.png\" data-dt-img-description=\"\" data-large_image_width=\"320\" data-large_image_height=\"384\"><img loading=\"lazy\" decoding=\"async\" class=\"aligncenter wp-image-509569\" src=\"https:\/\/www.radiopiu.net\/wordpress\/wp-content\/uploads\/2026\/04\/Screenshot-2026-04-30-050446-250x300.png\" alt=\"\" width=\"150\" height=\"180\" srcset=\"https:\/\/www.radiopiu.net\/wordpress\/wp-content\/uploads\/2026\/04\/Screenshot-2026-04-30-050446-250x300.png 250w, https:\/\/www.radiopiu.net\/wordpress\/wp-content\/uploads\/2026\/04\/Screenshot-2026-04-30-050446.png 320w\" sizes=\"auto, (max-width: 150px) 100vw, 150px\" \/><\/a><br \/>\nFELTRE\u00a0<\/strong> Una vita riservata, segnata dal lavoro e dalla cura dei genitori, e un ultimo gesto di straordinaria generosit\u00e0 verso la comunit\u00e0. \u00c8 la storia di Iride Schenal, 52 anni, di Cesiomaggiore, scomparsa lo scorso dicembre. Commessa per anni in un supermercato del paese, era conosciuta per la sua discrezione e gentilezza. Dopo la sua morte si \u00e8 scoperto il suo testamento: due case lasciate all\u2019ospedale di Feltre e al Comune, oltre a donazioni per la Rsa e la comunit\u00e0 locale. L\u2019Ulss Dolomiti ha gi\u00e0 formalizzato l\u2019accettazione del lascito, destinato in particolare ai reparti di Oncologia e Psichiatria. Chi la conosceva la ricorda come una persona semplice, parsimoniosa e profondamente altruista. Una donna che ha vissuto con poco, scegliendo per\u00f2 di dare tutto agli altri.<\/p>\n<section class=\"text-token-text-primary w-full focus:outline-none [--shadow-height:45px] has-data-writing-block:pointer-events-none has-data-writing-block:-mt-(--shadow-height) has-data-writing-block:pt-(--shadow-height) [&amp;:has([data-writing-block])&gt;*]:pointer-events-auto [content-visibility:auto] supports-[content-visibility:auto]:[contain-intrinsic-size:auto_100lvh] R6Vx5W_threadScrollVars scroll-mb-[calc(var(--scroll-root-safe-area-inset-bottom,0px)+var(--thread-response-height))] scroll-mt-[calc(var(--header-height)+min(200px,max(70px,20svh)))]\" dir=\"auto\" data-turn-id=\"request-WEB:447051e1-1e9a-485e-8642-59e75b702deb-16\" data-testid=\"conversation-turn-34\" data-scroll-anchor=\"false\" data-turn=\"assistant\">\n<div class=\"text-base my-auto mx-auto pb-10 [--thread-content-margin:var(--thread-content-margin-xs,calc(var(--spacing)*4))] @w-sm\/main:[--thread-content-margin:var(--thread-content-margin-sm,calc(var(--spacing)*6))] @w-lg\/main:[--thread-content-margin:var(--thread-content-margin-lg,calc(var(--spacing)*16))] px-(--thread-content-margin)\">\n<div class=\"[--thread-content-max-width:40rem] @w-lg\/main:[--thread-content-max-width:48rem] mx-auto max-w-(--thread-content-max-width) flex-1 group\/turn-messages focus-visible:outline-hidden relative flex w-full min-w-0 flex-col agent-turn\">\n<div class=\"z-0 flex min-h-[46px] justify-start\"><\/div>\n<\/div>\n<\/div>\n<\/section>\n<div class=\"pointer-events-none -mt-px h-px translate-y-[calc(var(--scroll-root-safe-area-inset-bottom)-14*var(--spacing))]\" aria-hidden=\"true\"><\/div>\n<hr \/>\n<p>&nbsp;<\/p>\n<div class=\"page-title-head hgroup\">\n<h1 class=\"entry-title\" style=\"text-align: center;\">MUKHTAR, LA MORTE NON UNISCE: AULA DIVISA<\/h1>\n<\/div>\n<p style=\"text-align: center;\"><strong>Amministratori dal &#8220;braccino corto&#8221; arroccati su posizione politiche<\/strong><\/p>\n<h3 style=\"text-align: left;\"><a class=\"dt-pswp-item\" href=\"https:\/\/www.radiopiu.net\/wordpress\/wp-content\/uploads\/2026\/04\/Screenshot-2026-04-30-050010.png\" data-dt-img-description=\"\" data-large_image_width=\"257\" data-large_image_height=\"268\"><img loading=\"lazy\" decoding=\"async\" class=\"aligncenter size-full wp-image-509565\" src=\"https:\/\/www.radiopiu.net\/wordpress\/wp-content\/uploads\/2026\/04\/Screenshot-2026-04-30-050010.png\" alt=\"\" width=\"257\" height=\"268\" \/><\/a><\/h3>\n<p><em>\u00a0In 10 han votato a favore (la minoranza di centro sinistra, Stefani del gruppo Misto e Mella del Patto), in 4 contro (i tre consiglieri di Fratelli d&#8217;Italia e La Grua), tutti gli altri della maggioranza si sono astenuti, Roberto Ferro non ha partecipato al voto.<\/em><\/p>\n<p data-start=\"123\" data-end=\"264\">Dowh Mukhtar, il giovane sudanese morto mentre tornava in bici a Limana dopo il lavoro: anche dopo la tragedia, la sua vicenda divide. In consiglio comunale la proposta di devolvere il gettone di presenza (33,80 euro) per i funerali ha spaccato l\u2019aula: 10 favorevoli, 4 contrari e molte astensioni. A pesare, il tema dell\u2019immigrazione emerso durante il dibattito. Tra le posizioni, chi ritiene debba intervenire l\u2019Inail e chi sostiene che la solidariet\u00e0 vada fatta in privato. Mukhtar \u00e8 stato sepolto nel cimitero di Rovereto. Una storia che continua a far discutere.<\/p>\n<p><span style=\"color: #ff0000;\">DAL TG DI ANTENNA 3 LE ANTICIPAZIONI DI TIZIANA BOLOGNANI, OGNI SERA ALLE 19.10 SU RADIOPIU<\/span><\/p>\n<audio class=\"wp-audio-shortcode\" id=\"audio-509378-6\" preload=\"none\" style=\"width: 100%;\" controls=\"controls\"><source type=\"audio\/mpeg\" src=\"https:\/\/www.radiopiu.net\/wordpress\/wp-content\/uploads\/2026\/04\/TIZZ-2.mp3?_=6\" \/><a href=\"https:\/\/www.radiopiu.net\/wordpress\/wp-content\/uploads\/2026\/04\/TIZZ-2.mp3\">https:\/\/www.radiopiu.net\/wordpress\/wp-content\/uploads\/2026\/04\/TIZZ-2.mp3<\/a><\/audio>\n<h1 class=\"_title post-title entry-title\">FUNERALE MUKHTAR, POLEMICHE E IMBARAZZO IN CONSIGLIO<\/h1>\n<p>(Servizio di\u00a0<a href=\"https:\/\/antennatre.medianordest.it\/redazione\/Tiziana-Bolognani\/\">Tiziana Bolognani<\/a>)<\/p>\n<p><iframe loading=\"lazy\" title=\"FUNERALE MUKHTAR, POLEMICHE E IMBARAZZO IN CONSIGLIO | 29\/04\/2026\" width=\"1200\" height=\"675\" src=\"https:\/\/www.youtube.com\/embed\/yUaYQT9fJnM?start=1&#038;feature=oembed\" frameborder=\"0\" allow=\"accelerometer; autoplay; clipboard-write; encrypted-media; gyroscope; picture-in-picture; web-share\" referrerpolicy=\"strict-origin-when-cross-origin\" allowfullscreen><\/iframe><\/p>\n<p>*<\/p>\n<p>&nbsp;<\/p>\n<h1>LA MISURA DELLA GENEROSITA&#8217; E QUELLA DELLA COSCIENZA<\/h1>\n<p><img loading=\"lazy\" decoding=\"async\" class=\"aligncenter\" src=\"https:\/\/www.radiopiu.net\/wordpress\/wp-content\/uploads\/2026\/04\/754ad135-ccd7-41ca-b6a9-051e784ec6fa.png\" width=\"332\" height=\"221\" \/><\/p>\n<p>di Mirko Mezzacasa<\/p>\n<section class=\"text-token-text-primary w-full focus:outline-none [--shadow-height:45px] has-data-writing-block:pointer-events-none has-data-writing-block:-mt-(--shadow-height) has-data-writing-block:pt-(--shadow-height) [&amp;:has([data-writing-block])&gt;*]:pointer-events-auto [content-visibility:auto] supports-[content-visibility:auto]:[contain-intrinsic-size:auto_100lvh] R6Vx5W_threadScrollVars scroll-mb-[calc(var(--scroll-root-safe-area-inset-bottom,0px)+var(--thread-response-height))] scroll-mt-[calc(var(--header-height)+min(200px,max(70px,20svh)))]\" dir=\"auto\" data-turn-id=\"request-WEB:cf71e9f2-d65f-4d2d-9b6f-59f41f69819e-8\" data-testid=\"conversation-turn-18\" data-scroll-anchor=\"false\" data-turn=\"assistant\">\n<div class=\"text-base my-auto mx-auto pb-10 [--thread-content-margin:var(--thread-content-margin-xs,calc(var(--spacing)*4))] @w-sm\/main:[--thread-content-margin:var(--thread-content-margin-sm,calc(var(--spacing)*6))] @w-lg\/main:[--thread-content-margin:var(--thread-content-margin-lg,calc(var(--spacing)*16))] px-(--thread-content-margin)\">\n<div class=\"[--thread-content-max-width:40rem] @w-lg\/main:[--thread-content-max-width:48rem] mx-auto max-w-(--thread-content-max-width) flex-1 group\/turn-messages focus-visible:outline-hidden relative flex w-full min-w-0 flex-col agent-turn\">\n<div class=\"flex max-w-full flex-col gap-4 grow\">\n<div class=\"min-h-8 text-message relative flex w-full flex-col items-end gap-2 text-start break-words whitespace-normal outline-none keyboard-focused:focus-ring [.text-message+&amp;]:mt-1\" dir=\"auto\" tabindex=\"0\" data-message-author-role=\"assistant\" data-message-id=\"6eb9d680-f721-4706-9ed3-3ea33e656a65\" data-message-model-slug=\"gpt-5-3\" data-turn-start-message=\"true\">\n<div class=\"flex w-full flex-col gap-1 empty:hidden\">\n<div class=\"markdown prose dark:prose-invert w-full wrap-break-word dark markdown-new-styling\">\n<p data-start=\"136\" data-end=\"288\">Ci sono storie che fanno bene. E ce ne sono altre che fanno male. E poi ci sono quelle che, messe una accanto all\u2019altra, non ti lasciano pi\u00f9 scappare. A Belluno un imprenditore decide di restituire alla sua citt\u00e0 ci\u00f2 che ha costruito in una vita: un gesto concreto, visibile, che ridisegna una strada, un pezzo di comunit\u00e0. Non \u00e8 solo cemento o asfalto: \u00e8 un\u2019idea di appartenenza. \u00c8 dire \u201cquesta \u00e8 casa mia, e me ne prendo cura\u201d. Poco pi\u00f9 in l\u00e0, a Feltre, una donna se ne va in silenzio, come ha vissuto. Niente clamore, niente titoli cercati. Eppure lascia tutto: case, risparmi, attenzioni. All\u2019ospedale, al Comune di Cesiomaggiore, alla sua gente. \u00c8 una generosit\u00e0 che non chiede nulla in cambio, nemmeno di essere raccontata. Una vita intera che diventa dono.<\/p>\n<p data-start=\"888\" data-end=\"914\">E poi c\u2019\u00e8 la terza storia.<\/p>\n<p data-start=\"916\" data-end=\"1149\">Un ragazzo torna a casa dal lavoro. In bici. Non sta facendo nulla di straordinario: sta vivendo, lavorando, cercando il suo posto. Muore. E dopo la morte, invece del silenzio rispettoso, arriva il rumore. Il dibattito. Le divisioni. Trentatr\u00e9 euro e ottanta centesimi. Il valore di un gettone di presenza. Non una tassa, non un\u2019imposizione. Un gesto. Un simbolo. Eppure basta questo per spaccare un consiglio comunale. C\u2019\u00e8 chi dice s\u00ec. &#8220;C\u2019\u00e8 chi dice no&#8221;. C\u2019\u00e8 chi si astiene. &#8220;C&#8217;\u00e8 chi dice l\u00e0, c&#8217;\u00e8 chi dice qua&#8221; e c\u2019\u00e8 chi preferisce non esserci. E nel mezzo, un ragazzo morto. E una comunit\u00e0 che si guarda allo specchio. Il punto non \u00e8 il denaro. Non lo \u00e8 mai stato. Il punto \u00e8 cosa siamo disposti a riconoscere come \u201cnostro\u201d. Perch\u00e9 quando un imprenditore dona, lo applaudiamo. Quando una donna lascia tutto alla comunit\u00e0, la celebriamo. Ma quando si tratta di un ragazzo \u201cextracomunitario\u201d, allora la solidariet\u00e0 diventa opinione. Diventa posizione politica. Diventa calcolo. Allora ci chiediamo se spetti all\u2019Inail. Se sia giusto o no. Se sia il caso. Come se la dignit\u00e0 avesse bisogno di un regolamento. Come se il rispetto dovesse passare per una delibera. La verit\u00e0 \u00e8 pi\u00f9 semplice, e pi\u00f9 scomoda: la generosit\u00e0 non si misura quando \u00e8 facile. Si misura quando divide. E oggi, quella misura, non ci fa fare una bella figura. Perch\u00e9 una comunit\u00e0 non \u00e8 solo quella che riceve donazioni. \u00c8 quella che sa riconoscere l\u2019umanit\u00e0, anche quando non conviene. Soprattutto quando non conviene.<\/p>\n<p>*<\/p>\n<\/div>\n<\/div>\n<\/div>\n<\/div>\n<\/div>\n<\/div>\n<\/section>\n<hr \/>\n<div class=\"relative basis-auto flex-col -mb-(--composer-overlap-px) pb-(--composer-overlap-px) [--composer-overlap-px:28px] grow flex\">\n<div class=\"flex flex-col text-sm\">\n<section class=\"text-token-text-primary w-full focus:outline-none [--shadow-height:45px] has-data-writing-block:pointer-events-none has-data-writing-block:-mt-(--shadow-height) has-data-writing-block:pt-(--shadow-height) [&amp;:has([data-writing-block])&gt;*]:pointer-events-auto [content-visibility:auto] supports-[content-visibility:auto]:[contain-intrinsic-size:auto_100lvh] R6Vx5W_threadScrollVars scroll-mb-[calc(var(--scroll-root-safe-area-inset-bottom,0px)+var(--thread-response-height))] scroll-mt-[calc(var(--header-height)+min(200px,max(70px,20svh)))]\" dir=\"auto\" data-turn-id=\"request-WEB:447051e1-1e9a-485e-8642-59e75b702deb-18\" data-testid=\"conversation-turn-38\" data-scroll-anchor=\"false\" data-turn=\"assistant\">\n<div class=\"text-base my-auto mx-auto pb-10 [--thread-content-margin:var(--thread-content-margin-xs,calc(var(--spacing)*4))] @w-sm\/main:[--thread-content-margin:var(--thread-content-margin-sm,calc(var(--spacing)*6))] @w-lg\/main:[--thread-content-margin:var(--thread-content-margin-lg,calc(var(--spacing)*16))] px-(--thread-content-margin)\">\n<div class=\"[--thread-content-max-width:40rem] @w-lg\/main:[--thread-content-max-width:48rem] mx-auto max-w-(--thread-content-max-width) flex-1 group\/turn-messages focus-visible:outline-hidden relative flex w-full min-w-0 flex-col agent-turn\">\n<div class=\"flex max-w-full flex-col gap-4 grow\">\n<div class=\"min-h-8 text-message relative flex w-full flex-col items-end gap-2 text-start break-words whitespace-normal outline-none keyboard-focused:focus-ring [.text-message+&amp;]:mt-1\" dir=\"auto\" tabindex=\"0\" data-message-author-role=\"assistant\" data-message-id=\"e8ad5f7e-4340-465f-b1f4-c0d9f0e6df30\" data-message-model-slug=\"gpt-5-3\" data-turn-start-message=\"true\">\n<div class=\"flex w-full flex-col gap-1 empty:hidden\">\n<div class=\"markdown prose dark:prose-invert w-full wrap-break-word dark markdown-new-styling\">\n<p style=\"text-align: center;\" data-start=\"53\" data-end=\"112\"><strong data-start=\"53\" data-end=\"112\">LONGARONE FIERE, AZZERATI I DEBITI MA SI DIMETTE IL CDA<\/strong><\/p>\n<p style=\"text-align: center;\" data-start=\"53\" data-end=\"112\"><strong data-start=\"53\" data-end=\"112\"><br \/>\n<a class=\"dt-pswp-item\" href=\"https:\/\/www.radiopiu.net\/wordpress\/wp-content\/uploads\/2026\/04\/3e04ce03-865a-49f9-84ae-cbb297fc9e23.png\" data-dt-img-description=\"\" data-large_image_width=\"1536\" data-large_image_height=\"1024\"><img loading=\"lazy\" decoding=\"async\" class=\"aligncenter size-medium wp-image-509582\" src=\"https:\/\/www.radiopiu.net\/wordpress\/wp-content\/uploads\/2026\/04\/3e04ce03-865a-49f9-84ae-cbb297fc9e23-300x200.png\" alt=\"\" width=\"300\" height=\"200\" srcset=\"https:\/\/www.radiopiu.net\/wordpress\/wp-content\/uploads\/2026\/04\/3e04ce03-865a-49f9-84ae-cbb297fc9e23-300x200.png 300w, https:\/\/www.radiopiu.net\/wordpress\/wp-content\/uploads\/2026\/04\/3e04ce03-865a-49f9-84ae-cbb297fc9e23-1024x683.png 1024w, https:\/\/www.radiopiu.net\/wordpress\/wp-content\/uploads\/2026\/04\/3e04ce03-865a-49f9-84ae-cbb297fc9e23-768x512.png 768w, https:\/\/www.radiopiu.net\/wordpress\/wp-content\/uploads\/2026\/04\/3e04ce03-865a-49f9-84ae-cbb297fc9e23.png 1536w\" sizes=\"auto, (max-width: 300px) 100vw, 300px\" \/><\/a><\/strong><\/p>\n<p>&nbsp;<\/p>\n<p data-start=\"114\" data-end=\"451\"><strong>LONGARONE<\/strong> Colpo di scena a Longarone Fiere dopo l\u2019attesa assemblea dei soci. Da un lato arriva una svolta importante: il capitale sociale \u00e8 stato bonificato e dimezzato, consentendo di azzerare i debiti dell\u2019ente. Dall\u2019altro, per\u00f2, si apre una nuova fase di incertezza con le dimissioni del consiglio di amministrazione guidato da Caterina Carrer. Una decisione maturata per divergenze con i soci pubblici, in particolare Comune di Longarone e Provincia di Belluno, che hanno chiesto una revisione del piano industriale come condizione per il rilancio della struttura. Senza un aggiornamento della strategia, hanno fatto intendere, sar\u00e0 difficile affrontare il nodo della vendita dei padiglioni. Una richiesta che il cda ha interpretato come un ostacolo al proprio operato, scegliendo quindi di fare un passo indietro. Si chiude cos\u00ec una fase con i conti risanati, ma si apre uno scenario complesso per il futuro di Longarone Fiere, chiamata ora a ridefinire governance e prospettive di sviluppo.<\/p>\n<p>*<\/p>\n<\/div>\n<\/div>\n<\/div>\n<\/div>\n<\/div>\n<\/div>\n<\/section>\n<\/div>\n<\/div>\n<hr \/>\n<p>&nbsp;<\/p>\n<blockquote>\n<h3 style=\"text-align: center;\">CAMPI DA TENNIS AD AGORDO: SI SPERA DI INIZIARE I LAVORI ENTRO LA FINE DELLA STAGIONE<\/h3>\n<\/blockquote>\n<p><strong><a class=\"dt-pswp-item\" href=\"https:\/\/www.radiopiu.net\/wordpress\/wp-content\/uploads\/2020\/04\/TENNIS-AGORDO.jpg\" data-dt-img-description=\"\" data-large_image_width=\"512\" data-large_image_height=\"307\"><img loading=\"lazy\" decoding=\"async\" class=\"aligncenter size-medium wp-image-133584\" src=\"https:\/\/www.radiopiu.net\/wordpress\/wp-content\/uploads\/2020\/04\/TENNIS-AGORDO-300x180.jpg\" alt=\"\" width=\"300\" height=\"180\" srcset=\"https:\/\/www.radiopiu.net\/wordpress\/wp-content\/uploads\/2020\/04\/TENNIS-AGORDO-300x180.jpg 300w, https:\/\/www.radiopiu.net\/wordpress\/wp-content\/uploads\/2020\/04\/TENNIS-AGORDO.jpg 512w\" sizes=\"auto, (max-width: 300px) 100vw, 300px\" \/><\/a>\u00a0<\/strong><\/p>\n<p><strong>AGORDO<\/strong> Ulteriori 200 mila euro destinati al completamento della struttura dei campi da tennis. L\u2019intervento si inserisce nel pi\u00f9 ampio progetto di riqualificazione degli impianti sportivi cittadini. L\u2019amministrazione comunale auspica che i lavori possano partire entro la fine dell\u2019estate.<\/p>\n<p><strong>DAL CONSIGLIO COMUNALE DI AGORDO IL VICESINDACO GIULIO FAVRETTI<\/strong><\/p>\n<audio class=\"wp-audio-shortcode\" id=\"audio-509378-7\" preload=\"none\" style=\"width: 100%;\" controls=\"controls\"><source type=\"audio\/mpeg\" src=\"https:\/\/www.radiopiu.net\/wordpress\/wp-content\/uploads\/2026\/04\/TENNIS-AGORDO.mp3?_=7\" \/><a href=\"https:\/\/www.radiopiu.net\/wordpress\/wp-content\/uploads\/2026\/04\/TENNIS-AGORDO.mp3\">https:\/\/www.radiopiu.net\/wordpress\/wp-content\/uploads\/2026\/04\/TENNIS-AGORDO.mp3<\/a><\/audio>\n<p><strong>IL CONSIGLIO COMUNALE DI AGORDO, LA DIRETTA INTEGRALE<\/strong><\/p>\n<blockquote class=\"wp-embedded-content\" data-secret=\"WOVzKZbNIP\"><p><a href=\"https:\/\/www.radiopiu.net\/wordpress\/il-consiglio-comunale-di-do-la-diretta-3\/\">AGORDO, FARMACIA COMUNALE IN CRESCITA<\/a><\/p><\/blockquote>\n<p><iframe loading=\"lazy\" class=\"wp-embedded-content\" sandbox=\"allow-scripts\" security=\"restricted\" style=\"position: absolute; visibility: hidden;\" title=\"&#8220;AGORDO, FARMACIA COMUNALE IN CRESCITA&#8221; &#8212; Radio Pi\u00f9\" src=\"https:\/\/www.radiopiu.net\/wordpress\/il-consiglio-comunale-di-do-la-diretta-3\/embed\/#?secret=ohYWpDIDvr#?secret=WOVzKZbNIP\" data-secret=\"WOVzKZbNIP\" width=\"600\" height=\"338\" frameborder=\"0\" marginwidth=\"0\" marginheight=\"0\" scrolling=\"no\"><\/iframe><\/p>\n<p>&nbsp;<\/p>\n<hr \/>\n<p>&nbsp;<\/p>\n<blockquote>\n<h3 style=\"text-align: center;\">DILLO A RADIO PIU&#8230; LAVORI IN CORSO, MA SI POTEVA FARE DI PI\u00d9?<\/h3>\n<\/blockquote>\n<p>Riceviamo e pubblichiamo da un ascoltatore che interviene sul tema dei lavori in corso lungo la strada in uscita dalla Galleria delle Anime verso Vallada.<\/p>\n<p data-start=\"295\" data-end=\"556\"><a class=\"dt-pswp-item\" href=\"https:\/\/www.radiopiu.net\/wordpress\/wp-content\/uploads\/2026\/04\/1d21fecd-ecaa-4859-af25-c41946cef8e4.jpg\" data-dt-img-description=\"\" data-large_image_width=\"1600\" data-large_image_height=\"1204\"><img loading=\"lazy\" decoding=\"async\" class=\"aligncenter size-medium wp-image-509467\" src=\"https:\/\/www.radiopiu.net\/wordpress\/wp-content\/uploads\/2026\/04\/1d21fecd-ecaa-4859-af25-c41946cef8e4-300x226.jpg\" alt=\"\" width=\"300\" height=\"226\" srcset=\"https:\/\/www.radiopiu.net\/wordpress\/wp-content\/uploads\/2026\/04\/1d21fecd-ecaa-4859-af25-c41946cef8e4-300x226.jpg 300w, https:\/\/www.radiopiu.net\/wordpress\/wp-content\/uploads\/2026\/04\/1d21fecd-ecaa-4859-af25-c41946cef8e4-1024x771.jpg 1024w, https:\/\/www.radiopiu.net\/wordpress\/wp-content\/uploads\/2026\/04\/1d21fecd-ecaa-4859-af25-c41946cef8e4-768x578.jpg 768w, https:\/\/www.radiopiu.net\/wordpress\/wp-content\/uploads\/2026\/04\/1d21fecd-ecaa-4859-af25-c41946cef8e4-1536x1156.jpg 1536w, https:\/\/www.radiopiu.net\/wordpress\/wp-content\/uploads\/2026\/04\/1d21fecd-ecaa-4859-af25-c41946cef8e4.jpg 1600w\" sizes=\"auto, (max-width: 300px) 100vw, 300px\" \/><\/a>\u201cMagari ne avete gi\u00e0 parlato in un notiziario e me lo sono perso, ma nei giorni scorsi sulla chat VPB si discuteva dei lavori in corso in uscita dalla galleria. Da quanto si vede, sembrerebbe si stia intervenendo per rifare il muro di contenimento della strada. Guardando i macchinari all\u2019opera, tutto fa pensare che sia proprio questo il tipo di intervento previsto. Tuttavia, da anni si sente parlare della possibilit\u00e0 di una soluzione pi\u00f9 definitiva: realizzare un raccordo pi\u00f9 lineare tra i due tratti di strada, eliminando quelle semicurve che rendono il passaggio pi\u00f9 tortuoso. Un punto, tra l\u2019altro, che in passato \u00e8 stato teatro di incidenti, soprattutto in condizioni di pioggia, neve o ghiaccio. La domanda che mi pongo \u2013 e che a quanto pare non sono l\u2019unico a fare \u2013 \u00e8 se questa ipotesi sia mai stata presa in considerazione. Al di l\u00e0 dei costi, sicuramente diversi, tra il rifacimento del muro e un eventuale raddrizzamento della strada, sarebbe interessante capire se una soluzione pi\u00f9 strutturale sia stata valutata da chi di competenza.<\/p>\n<p data-start=\"1378\" data-end=\"1570\"><a class=\"dt-pswp-item\" href=\"https:\/\/www.radiopiu.net\/wordpress\/wp-content\/uploads\/2026\/04\/4dbc9273-f7f2-40e0-aa6e-291b8a4c5c6e.jpg\" data-dt-img-description=\"\" data-large_image_width=\"1600\" data-large_image_height=\"1204\"><img loading=\"lazy\" decoding=\"async\" class=\"aligncenter size-medium wp-image-509466\" src=\"https:\/\/www.radiopiu.net\/wordpress\/wp-content\/uploads\/2026\/04\/4dbc9273-f7f2-40e0-aa6e-291b8a4c5c6e-300x226.jpg\" alt=\"\" width=\"300\" height=\"226\" srcset=\"https:\/\/www.radiopiu.net\/wordpress\/wp-content\/uploads\/2026\/04\/4dbc9273-f7f2-40e0-aa6e-291b8a4c5c6e-300x226.jpg 300w, https:\/\/www.radiopiu.net\/wordpress\/wp-content\/uploads\/2026\/04\/4dbc9273-f7f2-40e0-aa6e-291b8a4c5c6e-1024x771.jpg 1024w, https:\/\/www.radiopiu.net\/wordpress\/wp-content\/uploads\/2026\/04\/4dbc9273-f7f2-40e0-aa6e-291b8a4c5c6e-768x578.jpg 768w, https:\/\/www.radiopiu.net\/wordpress\/wp-content\/uploads\/2026\/04\/4dbc9273-f7f2-40e0-aa6e-291b8a4c5c6e-1536x1156.jpg 1536w, https:\/\/www.radiopiu.net\/wordpress\/wp-content\/uploads\/2026\/04\/4dbc9273-f7f2-40e0-aa6e-291b8a4c5c6e.jpg 1600w\" sizes=\"auto, (max-width: 300px) 100vw, 300px\" \/><\/a><\/p>\n<p data-start=\"1378\" data-end=\"1570\">Uno spunto che apre una riflessione importante sulla sicurezza e sulla programmazione degli interventi viari. Se qualcuno ha informazioni o aggiornamenti, la redazione \u00e8 sempre a disposizione.<br \/>\n*<\/p>\n<p>*<\/p>\n<hr \/>\n<blockquote>\n<h3 style=\"text-align: center;\">MOZIONE IN CONSIGLIO: PI\u00d9 CONTROLLI CONTRO I RIFIUTI ABBANDONATI<\/h3>\n<\/blockquote>\n<p><strong><a class=\"dt-pswp-item\" href=\"https:\/\/www.radiopiu.net\/wordpress\/wp-content\/uploads\/2022\/03\/municipio-mel-2.jpg\" data-dt-img-description=\"\" data-large_image_width=\"1920\" data-large_image_height=\"1080\"><img loading=\"lazy\" decoding=\"async\" class=\"aligncenter size-medium wp-image-264432\" src=\"https:\/\/www.radiopiu.net\/wordpress\/wp-content\/uploads\/2022\/03\/municipio-mel-2-300x169.jpg\" alt=\"\" width=\"300\" height=\"169\" srcset=\"https:\/\/www.radiopiu.net\/wordpress\/wp-content\/uploads\/2022\/03\/municipio-mel-2-300x169.jpg 300w, https:\/\/www.radiopiu.net\/wordpress\/wp-content\/uploads\/2022\/03\/municipio-mel-2-1024x576.jpg 1024w, https:\/\/www.radiopiu.net\/wordpress\/wp-content\/uploads\/2022\/03\/municipio-mel-2-768x432.jpg 768w, https:\/\/www.radiopiu.net\/wordpress\/wp-content\/uploads\/2022\/03\/municipio-mel-2-1536x864.jpg 1536w, https:\/\/www.radiopiu.net\/wordpress\/wp-content\/uploads\/2022\/03\/municipio-mel-2.jpg 1920w\" sizes=\"auto, (max-width: 300px) 100vw, 300px\" \/><\/a>\u00a0<\/strong><\/p>\n<p><strong>BORGO VALBELLUNA <\/strong>Presentata una mozione in Consiglio comunale per contrastare con decisione il fenomeno dell\u2019abbandono dei rifiuti e ringraziare pubblicamente le associazioni di volontariato ambientale impegnate nella tutela del territorio. Nel documento viene riconosciuto il prezioso lavoro svolto dal Gruppo Natura di Lentiai, dai capi frazione e da numerosi volontari che, con costanza, intervengono nella pulizia di strade, piazzali e aree verdi. La proposta chiede per\u00f2 anche misure urgenti e strutturali, recependo le nuove disposizioni del Decreto Legge 116\/2025, che ha rafforzato strumenti di vigilanza e sanzioni contro gli illeciti ambientali. Tra i punti principali figura l\u2019istituzione di una \u201csorveglianza speciale fissa\u201d con fototrappole permanenti nelle zone pi\u00f9 colpite, come Molinello, Bardies, Cesana, Cavassico Inferiore e Mel. Prevista inoltre l\u2019installazione di piccoli cestini portarifiuti nei piazzali di sosta, per favorire il corretto conferimento dei rifiuti. La mozione propone anche di destinare i proventi delle multe a nuove attrezzature, bonifiche ambientali e progetti educativi nelle scuole. Infine si chiede una rendicontazione semestrale al Consiglio comunale e l\u2019applicazione rigorosa delle sanzioni, affinch\u00e9 i controlli diventino un vero deterrente contro l\u2019incivilt\u00e0 diffusa.<\/p>\n<p>&nbsp;<\/p>\n<hr \/>\n<p>&nbsp;<\/p>\n<div class=\"page-title-head hgroup\">\n<h3 class=\"entry-title\" style=\"text-align: center;\">LIVINALLONGO, STASERA LA PRESENTAZIONE DELL\u2019ATLANTE TOPONOMASTICO<\/h3>\n<\/div>\n<div class=\"page-title-breadcrumbs\"><\/div>\n<p><a class=\"dt-pswp-item pspw-wrap-ready\" href=\"https:\/\/www.radiopiu.net\/wordpress\/wp-content\/uploads\/2026\/04\/download-11.jpg\" data-dt-img-description=\"\" data-large_image_width=\"300\" data-large_image_height=\"168\"><img loading=\"lazy\" decoding=\"async\" class=\"aligncenter size-full wp-image-509571\" src=\"https:\/\/www.radiopiu.net\/wordpress\/wp-content\/uploads\/2026\/04\/download-11.jpg\" alt=\"\" width=\"300\" height=\"168\" \/><\/a><strong><br \/>\nLIVINALLONGO<\/strong> Dopo l\u2019appuntamento di ieri sera al Palafursil di Colle Santa Lucia, l\u2019Atlante toponomastico dedicato a Col e Fodom arriva oggi a Livinallongo. L\u2019incontro \u00e8 in programma questa sera alle 20.30 nella sala Taulac, dove l\u2019Istituto culturale ladino Cesa de Jan presenter\u00e0 al pubblico il risultato di un importante lavoro di ricerca sui nomi dei luoghi del territorio. Il progetto, realizzato in collaborazione con le amministrazioni locali, raccoglie e valorizza la toponomastica tradizionale, custodendo cos\u00ec una parte fondamentale della memoria e dell\u2019identit\u00e0 ladina. Durante la serata, tutte le famiglie residenti che parteciperanno riceveranno una copia dell\u2019Atlante. Un\u2019iniziativa che si inserisce nel solco del lavoro gi\u00e0 avviato dall\u2019istituto, che nel 2012 aveva pubblicato un Atlante dedicato al territorio ampezzano con oltre duemila toponimi, proseguendo ora la ricerca anche su Col e Fodom.<\/p>\n<p>&nbsp;<\/p>\n<hr \/>\n<p>&nbsp;<\/p>\n<blockquote>\n<h3 style=\"text-align: center;\">CONSULTE FRAZIONALI PROTAGONISTE A BORGO VALBELLUNA TRA DECORO E COESIONE<\/h3>\n<\/blockquote>\n<p><strong>BORGO VALBELLUNA <\/strong>Prosegue con partecipazione l\u2019attivit\u00e0 delle Consulte Frazionali del Comune di Borgo Valbelluna impegnate in manutenzione pulizia valorizzazione paesi rafforzando coesione sociale. Ordinato materiale del progetto Municipal Flowers 2026 che prevede acquisto 2800 piante dalla Cooperativa Arcobaleno destinate frazioni per abbellire territorio comunale. Piante curate volontari locali per decoro e accoglienza centri abitati. Progetto attivo da anni cresce per partecipazione ed entusiasmo. Consulte collaborano con Comune in manutenzioni come panchine staccionate spazi pubblici rispondendo esigenze territorio. Importante impegno ambientale con giornate ecologiche sfalcio pulizia. Consigliere Daniel Dal Magro sottolinea collaborazione e ringrazia presidenti Consulte per impegno civico. Amministrazione ringrazia volontari per rendere Borgo Valbelluna curato partecipato e valorizzazione continua del territorio locale con attenzione al decoro urbano e alla qualit\u00e0 della vita delle comunit\u00e0 frazionali attraverso iniziative condivise tra cittadini e istituzioni che rafforzano il senso di appartenenza e la collaborazione diffusa sul territorio<\/p>\n\n\t\t\t<style type='text\/css'>\n\t\t\t\t#gallery-1 {\n\t\t\t\t\tmargin: auto;\n\t\t\t\t}\n\t\t\t\t#gallery-1 .gallery-item {\n\t\t\t\t\tfloat: left;\n\t\t\t\t\tmargin-top: 10px;\n\t\t\t\t\ttext-align: center;\n\t\t\t\t\twidth: 33%;\n\t\t\t\t}\n\t\t\t\t#gallery-1 img {\n\t\t\t\t\tborder: 2px solid #cfcfcf;\n\t\t\t\t}\n\t\t\t\t#gallery-1 .gallery-caption {\n\t\t\t\t\tmargin-left: 0;\n\t\t\t\t}\n\t\t\t\t\/* see gallery_shortcode() in wp-includes\/media.php *\/\n\t\t\t<\/style>\n\t\t<div id='gallery-1' class='dt-gallery-container gallery galleryid-509378 gallery-columns-3 gallery-size-medium'><dl class='gallery-item'>\n\t\t\t\t<dt class='gallery-icon landscape'>\n\t\t\t\t\t<a class=\"rollover rollover-zoom dt-pswp-item\" title=\"WhatsApp Image 2026-04-29 at 19.01.29\" data-dt-img-description=\"\" data-large_image_width=\"1600\" data-large_image_height=\"900\"href='https:\/\/www.radiopiu.net\/wordpress\/wp-content\/uploads\/2026\/04\/WhatsApp-Image-2026-04-29-at-19.01.29.jpeg'><img loading=\"lazy\" decoding=\"async\" width=\"300\" height=\"169\" src=\"https:\/\/www.radiopiu.net\/wordpress\/wp-content\/uploads\/2026\/04\/WhatsApp-Image-2026-04-29-at-19.01.29-300x169.jpeg\" class=\"attachment-medium size-medium\" alt=\"\" srcset=\"https:\/\/www.radiopiu.net\/wordpress\/wp-content\/uploads\/2026\/04\/WhatsApp-Image-2026-04-29-at-19.01.29-300x169.jpeg 300w, https:\/\/www.radiopiu.net\/wordpress\/wp-content\/uploads\/2026\/04\/WhatsApp-Image-2026-04-29-at-19.01.29-1024x576.jpeg 1024w, https:\/\/www.radiopiu.net\/wordpress\/wp-content\/uploads\/2026\/04\/WhatsApp-Image-2026-04-29-at-19.01.29-768x432.jpeg 768w, https:\/\/www.radiopiu.net\/wordpress\/wp-content\/uploads\/2026\/04\/WhatsApp-Image-2026-04-29-at-19.01.29-1536x864.jpeg 1536w, https:\/\/www.radiopiu.net\/wordpress\/wp-content\/uploads\/2026\/04\/WhatsApp-Image-2026-04-29-at-19.01.29.jpeg 1600w\" sizes=\"auto, (max-width: 300px) 100vw, 300px\" \/><\/a>\n\t\t\t\t<\/dt><\/dl><dl class='gallery-item'>\n\t\t\t\t<dt class='gallery-icon landscape'>\n\t\t\t\t\t<a class=\"rollover rollover-zoom dt-pswp-item\" title=\"WhatsApp Image 2026-04-29 at 19.04.13\" data-dt-img-description=\"\" data-large_image_width=\"2040\" data-large_image_height=\"1530\"href='https:\/\/www.radiopiu.net\/wordpress\/wp-content\/uploads\/2026\/04\/WhatsApp-Image-2026-04-29-at-19.04.13.jpeg'><img loading=\"lazy\" decoding=\"async\" width=\"300\" height=\"225\" src=\"https:\/\/www.radiopiu.net\/wordpress\/wp-content\/uploads\/2026\/04\/WhatsApp-Image-2026-04-29-at-19.04.13-300x225.jpeg\" class=\"attachment-medium size-medium\" alt=\"\" srcset=\"https:\/\/www.radiopiu.net\/wordpress\/wp-content\/uploads\/2026\/04\/WhatsApp-Image-2026-04-29-at-19.04.13-300x225.jpeg 300w, https:\/\/www.radiopiu.net\/wordpress\/wp-content\/uploads\/2026\/04\/WhatsApp-Image-2026-04-29-at-19.04.13-1024x768.jpeg 1024w, https:\/\/www.radiopiu.net\/wordpress\/wp-content\/uploads\/2026\/04\/WhatsApp-Image-2026-04-29-at-19.04.13-768x576.jpeg 768w, https:\/\/www.radiopiu.net\/wordpress\/wp-content\/uploads\/2026\/04\/WhatsApp-Image-2026-04-29-at-19.04.13-1536x1152.jpeg 1536w, https:\/\/www.radiopiu.net\/wordpress\/wp-content\/uploads\/2026\/04\/WhatsApp-Image-2026-04-29-at-19.04.13.jpeg 2040w\" sizes=\"auto, (max-width: 300px) 100vw, 300px\" \/><\/a>\n\t\t\t\t<\/dt><\/dl><dl class='gallery-item'>\n\t\t\t\t<dt class='gallery-icon landscape'>\n\t\t\t\t\t<a class=\"rollover rollover-zoom dt-pswp-item\" title=\"WhatsApp Image 2026-04-29 at 19.05.24\" data-dt-img-description=\"\" data-large_image_width=\"2000\" data-large_image_height=\"1126\"href='https:\/\/www.radiopiu.net\/wordpress\/wp-content\/uploads\/2026\/04\/WhatsApp-Image-2026-04-29-at-19.05.24.jpeg'><img loading=\"lazy\" decoding=\"async\" width=\"300\" height=\"169\" src=\"https:\/\/www.radiopiu.net\/wordpress\/wp-content\/uploads\/2026\/04\/WhatsApp-Image-2026-04-29-at-19.05.24-300x169.jpeg\" class=\"attachment-medium size-medium\" alt=\"\" srcset=\"https:\/\/www.radiopiu.net\/wordpress\/wp-content\/uploads\/2026\/04\/WhatsApp-Image-2026-04-29-at-19.05.24-300x169.jpeg 300w, https:\/\/www.radiopiu.net\/wordpress\/wp-content\/uploads\/2026\/04\/WhatsApp-Image-2026-04-29-at-19.05.24-1024x577.jpeg 1024w, https:\/\/www.radiopiu.net\/wordpress\/wp-content\/uploads\/2026\/04\/WhatsApp-Image-2026-04-29-at-19.05.24-768x432.jpeg 768w, https:\/\/www.radiopiu.net\/wordpress\/wp-content\/uploads\/2026\/04\/WhatsApp-Image-2026-04-29-at-19.05.24-1536x865.jpeg 1536w, https:\/\/www.radiopiu.net\/wordpress\/wp-content\/uploads\/2026\/04\/WhatsApp-Image-2026-04-29-at-19.05.24.jpeg 2000w\" sizes=\"auto, (max-width: 300px) 100vw, 300px\" \/><\/a>\n\t\t\t\t<\/dt><\/dl><br style=\"clear: both\" \/>\n\t\t\t<\/div>\n\n<p>&nbsp;<\/p>\n<p>&nbsp;<\/p>\n<hr \/>\n<p>&nbsp;<\/p>\n<blockquote>\n<h3 style=\"text-align: center;\">FELTRE RICORDA I SUOI CADUTI: UNA TARGA IN PIETRA RAGGIUNGER\u00c0 BIELLA NEL SEGNO DELLA MEMORIA NAZIONALE<\/h3>\n<\/blockquote>\n<p><strong><a class=\"dt-pswp-item\" href=\"https:\/\/www.radiopiu.net\/wordpress\/wp-content\/uploads\/2026\/04\/Consegna-targa.jpeg\" data-dt-img-description=\"\" data-large_image_width=\"1200\" data-large_image_height=\"1600\"><img loading=\"lazy\" decoding=\"async\" class=\"aligncenter size-medium wp-image-509541\" src=\"https:\/\/www.radiopiu.net\/wordpress\/wp-content\/uploads\/2026\/04\/Consegna-targa-225x300.jpeg\" alt=\"\" width=\"225\" height=\"300\" srcset=\"https:\/\/www.radiopiu.net\/wordpress\/wp-content\/uploads\/2026\/04\/Consegna-targa-225x300.jpeg 225w, https:\/\/www.radiopiu.net\/wordpress\/wp-content\/uploads\/2026\/04\/Consegna-targa-768x1024.jpeg 768w, https:\/\/www.radiopiu.net\/wordpress\/wp-content\/uploads\/2026\/04\/Consegna-targa-1152x1536.jpeg 1152w, https:\/\/www.radiopiu.net\/wordpress\/wp-content\/uploads\/2026\/04\/Consegna-targa.jpeg 1200w\" sizes=\"auto, (max-width: 225px) 100vw, 225px\" \/><\/a>\u00a0<\/strong><\/p>\n<p><strong>DI ALESSIA DALL&#8217;O&#8217;<\/strong><\/p>\n<p><strong>FELTRE\u00a0 <\/strong>Partir\u00e0 il primo maggio la targa dedicata ai cittadini feltrini caduti nella Prima Guerra Mondiale, consegnata nei giorni scorsi al presidente provinciale dei Bersaglieri Luigi Centa. La lastra, realizzata e donata da Fent Marmi, riporta il nome di Feltre e il numero dei caduti: ottanta, lo stesso numero degli alberi del Parco della Rimembranza. La targa sar\u00e0 portata a Biella e consegnata all\u2019associazione <strong>Nuraghe Chervu<\/strong>, che ha realizzato un\u2019area della memoria con pietre provenienti da tutta Italia, ciascuna dedicata ai caduti dei singoli Comuni. Presente alla consegna anche il sindaco Viviana Fusaro e l\u2019assessore Maurizio Zatta.<\/p>\n<p>&nbsp;<\/p>\n<p>&nbsp;<\/p>\n<hr \/>\n<p>&nbsp;<\/p>\n<blockquote>\n<h3 style=\"text-align: center;\">ENERGIA RINNOVABILE CHE FINANZIA IL WELFARE: IL MODELLO VALBELLUNA FA SCUOLA<\/h3>\n<\/blockquote>\n<p><strong><a class=\"dt-pswp-item\" href=\"https:\/\/www.radiopiu.net\/wordpress\/wp-content\/uploads\/2026\/04\/CER-MONTE-PIZZOCCO.jpg\" data-dt-img-description=\"\" data-large_image_width=\"278\" data-large_image_height=\"134\"><img loading=\"lazy\" decoding=\"async\" class=\"aligncenter size-full wp-image-509487\" src=\"https:\/\/www.radiopiu.net\/wordpress\/wp-content\/uploads\/2026\/04\/CER-MONTE-PIZZOCCO.jpg\" alt=\"\" width=\"278\" height=\"134\" \/><\/a>\u00a0<\/strong><\/p>\n<p><strong>SAN GREGORIO NELLE ALPI <\/strong>Nella Valbelluna la Comunit\u00e0 Energetica Rinnovabile Monte Pizzocco trasforma l\u2019energia pulita in sostegno sociale. Iscritta al GSE dal settembre 2024, la CER ha scelto di destinare gli incentivi non ai soci, ma ai piccoli Comuni dell\u2019area servita dalla cabina primaria. Ogni kilowattora condiviso diventa cos\u00ec risorse per assistenza agli anziani, aiuti alle famiglie, servizi per la disabilit\u00e0 e supporto scolastico. Nel primo bilancio sono emersi oltre 5.600 euro, con un avanzo netto di 4.000 euro gi\u00e0 ripartito tra San Gregorio nelle Alpi, Sospirolo, Borgo Valbelluna, Santa Giustina e Sedico. Oggi la comunit\u00e0 conta 94 contatori iscritti e punta nel 2026 ad aumentare i produttori locali. Un modello che unisce transizione ecologica e contrasto allo spopolamento montano dimostrando che le rinnovabili possono creare coesione sociale, nuova fiducia civica e maggiore autonomia energetica per tutte le comunit\u00e0 alpine del territorio futuro solidale condiviso stabile duraturo concreto oggi stesso insieme davvero possibile qui.<\/p>\n<p>&nbsp;<\/p>\n<p>&nbsp;<\/p>\n<hr \/>\n<p>&nbsp;<\/p>\n<blockquote>\n<h3 style=\"text-align: center;\">ALLEGHE ACCENDE IL GIRO: SAGAN E BRUSEGHIN AD AGORDO<\/h3>\n<\/blockquote>\n<p><strong>AGORDO<\/strong> Il conto alla rovescia verso il 109\u00b0 <span class=\"hover:entity-accent entity-underline inline cursor-pointer align-baseline\"><span class=\"whitespace-normal\">Giro d\u2019Italia 2026<\/span><\/span> entra nel vivo e <span class=\"hover:entity-accent entity-underline inline cursor-pointer align-baseline\"><span class=\"whitespace-normal\">Alleghe<\/span><\/span> risponde con una serata speciale. La Sala Convegni \u201cDon Tamis\u201d di <span class=\"hover:entity-accent entity-underline inline cursor-pointer align-baseline\"><span class=\"whitespace-normal\">Agordo<\/span><\/span> ha ospitato un talk show con due grandi protagonisti del ciclismo: <span class=\"hover:entity-accent entity-underline inline cursor-pointer align-baseline\"><span class=\"whitespace-normal\">Peter Sagan<\/span><\/span> e <span class=\"hover:entity-accent entity-underline inline cursor-pointer align-baseline\"><span class=\"whitespace-normal\">Marzio Bruseghin<\/span><\/span>. Moderati dal giornalista <span class=\"hover:entity-accent entity-underline inline cursor-pointer align-baseline\"><span class=\"whitespace-normal\">Ilario Tancon<\/span><\/span>, i campioni hanno raccontato aneddoti e retroscena della loro carriera. L\u2019evento apre la strada alla tappa del 29 maggio, con arrivo ai Piani di Pezz\u00e8 dopo 151 chilometri e 5.000 metri di dislivello.<\/p>\n\n\t\t\t<style type='text\/css'>\n\t\t\t\t#gallery-2 {\n\t\t\t\t\tmargin: auto;\n\t\t\t\t}\n\t\t\t\t#gallery-2 .gallery-item {\n\t\t\t\t\tfloat: left;\n\t\t\t\t\tmargin-top: 10px;\n\t\t\t\t\ttext-align: center;\n\t\t\t\t\twidth: 33%;\n\t\t\t\t}\n\t\t\t\t#gallery-2 img {\n\t\t\t\t\tborder: 2px solid #cfcfcf;\n\t\t\t\t}\n\t\t\t\t#gallery-2 .gallery-caption {\n\t\t\t\t\tmargin-left: 0;\n\t\t\t\t}\n\t\t\t\t\/* see gallery_shortcode() in wp-includes\/media.php *\/\n\t\t\t<\/style>\n\t\t<div id='gallery-2' class='dt-gallery-container gallery galleryid-509378 gallery-columns-3 gallery-size-medium'><dl class='gallery-item'>\n\t\t\t\t<dt class='gallery-icon landscape'>\n\t\t\t\t\t<a class=\"rollover rollover-zoom dt-pswp-item\" title=\"7ba55641-be07-44bc-981f-e3525b60d5b6\" data-dt-img-description=\"\" data-large_image_width=\"1600\" data-large_image_height=\"900\"href='https:\/\/www.radiopiu.net\/wordpress\/wp-content\/uploads\/2026\/04\/7ba55641-be07-44bc-981f-e3525b60d5b6.jpg'><img loading=\"lazy\" decoding=\"async\" width=\"300\" height=\"169\" src=\"https:\/\/www.radiopiu.net\/wordpress\/wp-content\/uploads\/2026\/04\/7ba55641-be07-44bc-981f-e3525b60d5b6-300x169.jpg\" class=\"attachment-medium size-medium\" alt=\"\" srcset=\"https:\/\/www.radiopiu.net\/wordpress\/wp-content\/uploads\/2026\/04\/7ba55641-be07-44bc-981f-e3525b60d5b6-300x169.jpg 300w, https:\/\/www.radiopiu.net\/wordpress\/wp-content\/uploads\/2026\/04\/7ba55641-be07-44bc-981f-e3525b60d5b6-1024x576.jpg 1024w, https:\/\/www.radiopiu.net\/wordpress\/wp-content\/uploads\/2026\/04\/7ba55641-be07-44bc-981f-e3525b60d5b6-768x432.jpg 768w, https:\/\/www.radiopiu.net\/wordpress\/wp-content\/uploads\/2026\/04\/7ba55641-be07-44bc-981f-e3525b60d5b6-1536x864.jpg 1536w, https:\/\/www.radiopiu.net\/wordpress\/wp-content\/uploads\/2026\/04\/7ba55641-be07-44bc-981f-e3525b60d5b6.jpg 1600w\" sizes=\"auto, (max-width: 300px) 100vw, 300px\" \/><\/a>\n\t\t\t\t<\/dt><\/dl><dl class='gallery-item'>\n\t\t\t\t<dt class='gallery-icon landscape'>\n\t\t\t\t\t<a class=\"rollover rollover-zoom dt-pswp-item\" title=\"7c1ab16d-5d01-4a19-9615-5b8714878de0\" data-dt-img-description=\"\" data-large_image_width=\"1600\" data-large_image_height=\"900\"href='https:\/\/www.radiopiu.net\/wordpress\/wp-content\/uploads\/2026\/04\/7c1ab16d-5d01-4a19-9615-5b8714878de0.jpg'><img loading=\"lazy\" decoding=\"async\" width=\"300\" height=\"169\" src=\"https:\/\/www.radiopiu.net\/wordpress\/wp-content\/uploads\/2026\/04\/7c1ab16d-5d01-4a19-9615-5b8714878de0-300x169.jpg\" class=\"attachment-medium size-medium\" alt=\"\" srcset=\"https:\/\/www.radiopiu.net\/wordpress\/wp-content\/uploads\/2026\/04\/7c1ab16d-5d01-4a19-9615-5b8714878de0-300x169.jpg 300w, https:\/\/www.radiopiu.net\/wordpress\/wp-content\/uploads\/2026\/04\/7c1ab16d-5d01-4a19-9615-5b8714878de0-1024x576.jpg 1024w, https:\/\/www.radiopiu.net\/wordpress\/wp-content\/uploads\/2026\/04\/7c1ab16d-5d01-4a19-9615-5b8714878de0-768x432.jpg 768w, https:\/\/www.radiopiu.net\/wordpress\/wp-content\/uploads\/2026\/04\/7c1ab16d-5d01-4a19-9615-5b8714878de0-1536x864.jpg 1536w, https:\/\/www.radiopiu.net\/wordpress\/wp-content\/uploads\/2026\/04\/7c1ab16d-5d01-4a19-9615-5b8714878de0.jpg 1600w\" sizes=\"auto, (max-width: 300px) 100vw, 300px\" \/><\/a>\n\t\t\t\t<\/dt><\/dl><dl class='gallery-item'>\n\t\t\t\t<dt class='gallery-icon landscape'>\n\t\t\t\t\t<a class=\"rollover rollover-zoom dt-pswp-item\" title=\"178a9872-0258-47b6-973e-a66756032355\" data-dt-img-description=\"\" data-large_image_width=\"1600\" data-large_image_height=\"900\"href='https:\/\/www.radiopiu.net\/wordpress\/wp-content\/uploads\/2026\/04\/178a9872-0258-47b6-973e-a66756032355.jpg'><img loading=\"lazy\" decoding=\"async\" width=\"300\" height=\"169\" src=\"https:\/\/www.radiopiu.net\/wordpress\/wp-content\/uploads\/2026\/04\/178a9872-0258-47b6-973e-a66756032355-300x169.jpg\" class=\"attachment-medium size-medium\" alt=\"\" srcset=\"https:\/\/www.radiopiu.net\/wordpress\/wp-content\/uploads\/2026\/04\/178a9872-0258-47b6-973e-a66756032355-300x169.jpg 300w, https:\/\/www.radiopiu.net\/wordpress\/wp-content\/uploads\/2026\/04\/178a9872-0258-47b6-973e-a66756032355-1024x576.jpg 1024w, https:\/\/www.radiopiu.net\/wordpress\/wp-content\/uploads\/2026\/04\/178a9872-0258-47b6-973e-a66756032355-768x432.jpg 768w, https:\/\/www.radiopiu.net\/wordpress\/wp-content\/uploads\/2026\/04\/178a9872-0258-47b6-973e-a66756032355-1536x864.jpg 1536w, https:\/\/www.radiopiu.net\/wordpress\/wp-content\/uploads\/2026\/04\/178a9872-0258-47b6-973e-a66756032355.jpg 1600w\" sizes=\"auto, (max-width: 300px) 100vw, 300px\" \/><\/a>\n\t\t\t\t<\/dt><\/dl><br style=\"clear: both\" \/>\n\t\t\t<\/div>\n\n<p>&nbsp;<\/p>\n<p><strong>LA DIRETTA RADIO PIU&#8217;<\/strong><\/p>\n<p><iframe loading=\"lazy\" title=\"ALLEGHE ACCENDE IL GIRO: STASERA SAGAN E BRUSEGHIN AD AGORDO\" width=\"1200\" height=\"900\" src=\"https:\/\/www.youtube.com\/embed\/LOZaLsA4PmE?feature=oembed\" frameborder=\"0\" allow=\"accelerometer; autoplay; clipboard-write; encrypted-media; gyroscope; picture-in-picture; web-share\" referrerpolicy=\"strict-origin-when-cross-origin\" allowfullscreen><\/iframe><\/p>\n<p>&nbsp;<\/p>\n<hr \/>\n<p>&nbsp;<\/p>\n<blockquote>\n<h3 style=\"text-align: center;\">VITTOZZI IN TOUR NEI BAR BIANCO: \u00c8 LA BIATLETA IL NUOVO VOLTO DELLA CAMPAGNA PIAVE DOP<\/h3>\n<\/blockquote>\n<p><strong>DI ALESSIA DALL&#8217;O&#8217;<\/strong><\/p>\n<p><strong>CESIOMAGGIORE <\/strong>Ieri tra Longarone e Busche grande partecipazione per l\u2019arrivo della campionessa olimpica Lisa Vittozzi, protagonista di un\u2019iniziativa promozionale legata alla gastronomia del territorio bellunese, il formaggio Piave Dop, grazie al Consorzio Piave DOP. Centinaia di persone hanno atteso l\u2019atleta per fotografie, autografi e momenti di incontro, con una presenza numerosa nel Bar Bianco di longarone e\u00a0 Busche. Tanti anche i bambini, arrivati con disegni, figurine e piccoli doni. Tra i gesti pi\u00f9 emozionanti, quello di una bambina di 10 anni che ha regalato a Vittozzi una bandiera italiana realizzata all\u2019uncinetto. La giornata rientra in una campagna che associa la campionessa al Piave DOP, con l\u2019obiettivo di promuovere questol formaggio a livello nazionale e non solo.<\/p>\n\n\t\t\t<style type='text\/css'>\n\t\t\t\t#gallery-3 {\n\t\t\t\t\tmargin: auto;\n\t\t\t\t}\n\t\t\t\t#gallery-3 .gallery-item {\n\t\t\t\t\tfloat: left;\n\t\t\t\t\tmargin-top: 10px;\n\t\t\t\t\ttext-align: center;\n\t\t\t\t\twidth: 33%;\n\t\t\t\t}\n\t\t\t\t#gallery-3 img {\n\t\t\t\t\tborder: 2px solid #cfcfcf;\n\t\t\t\t}\n\t\t\t\t#gallery-3 .gallery-caption {\n\t\t\t\t\tmargin-left: 0;\n\t\t\t\t}\n\t\t\t\t\/* see gallery_shortcode() in wp-includes\/media.php *\/\n\t\t\t<\/style>\n\t\t<div id='gallery-3' class='dt-gallery-container gallery galleryid-509378 gallery-columns-3 gallery-size-medium'><dl class='gallery-item'>\n\t\t\t\t<dt class='gallery-icon landscape'>\n\t\t\t\t\t<a class=\"rollover rollover-zoom dt-pswp-item\" title=\"Vittozzi con Chiara Bortolas e Modesto De Cet\" data-dt-img-description=\"\" data-large_image_width=\"2048\" data-large_image_height=\"1536\"href='https:\/\/www.radiopiu.net\/wordpress\/wp-content\/uploads\/2026\/04\/Vittozzi-con-Chiara-Bortolas-e-Modesto-De-Cet.jpeg'><img loading=\"lazy\" decoding=\"async\" width=\"300\" height=\"225\" src=\"https:\/\/www.radiopiu.net\/wordpress\/wp-content\/uploads\/2026\/04\/Vittozzi-con-Chiara-Bortolas-e-Modesto-De-Cet-300x225.jpeg\" class=\"attachment-medium size-medium\" alt=\"\" srcset=\"https:\/\/www.radiopiu.net\/wordpress\/wp-content\/uploads\/2026\/04\/Vittozzi-con-Chiara-Bortolas-e-Modesto-De-Cet-300x225.jpeg 300w, https:\/\/www.radiopiu.net\/wordpress\/wp-content\/uploads\/2026\/04\/Vittozzi-con-Chiara-Bortolas-e-Modesto-De-Cet-1024x768.jpeg 1024w, https:\/\/www.radiopiu.net\/wordpress\/wp-content\/uploads\/2026\/04\/Vittozzi-con-Chiara-Bortolas-e-Modesto-De-Cet-768x576.jpeg 768w, https:\/\/www.radiopiu.net\/wordpress\/wp-content\/uploads\/2026\/04\/Vittozzi-con-Chiara-Bortolas-e-Modesto-De-Cet-1536x1152.jpeg 1536w, https:\/\/www.radiopiu.net\/wordpress\/wp-content\/uploads\/2026\/04\/Vittozzi-con-Chiara-Bortolas-e-Modesto-De-Cet.jpeg 2048w\" sizes=\"auto, (max-width: 300px) 100vw, 300px\" \/><\/a>\n\t\t\t\t<\/dt><\/dl><dl class='gallery-item'>\n\t\t\t\t<dt class='gallery-icon landscape'>\n\t\t\t\t\t<a class=\"rollover rollover-zoom dt-pswp-item\" title=\"Vittozzi Piave DOP\" data-dt-img-description=\"\" data-large_image_width=\"2048\" data-large_image_height=\"1536\"href='https:\/\/www.radiopiu.net\/wordpress\/wp-content\/uploads\/2026\/04\/Vittozzi-Piave-DOP.jpeg'><img loading=\"lazy\" decoding=\"async\" width=\"300\" height=\"225\" src=\"https:\/\/www.radiopiu.net\/wordpress\/wp-content\/uploads\/2026\/04\/Vittozzi-Piave-DOP-300x225.jpeg\" class=\"attachment-medium size-medium\" alt=\"\" srcset=\"https:\/\/www.radiopiu.net\/wordpress\/wp-content\/uploads\/2026\/04\/Vittozzi-Piave-DOP-300x225.jpeg 300w, https:\/\/www.radiopiu.net\/wordpress\/wp-content\/uploads\/2026\/04\/Vittozzi-Piave-DOP-1024x768.jpeg 1024w, https:\/\/www.radiopiu.net\/wordpress\/wp-content\/uploads\/2026\/04\/Vittozzi-Piave-DOP-768x576.jpeg 768w, https:\/\/www.radiopiu.net\/wordpress\/wp-content\/uploads\/2026\/04\/Vittozzi-Piave-DOP-1536x1152.jpeg 1536w, https:\/\/www.radiopiu.net\/wordpress\/wp-content\/uploads\/2026\/04\/Vittozzi-Piave-DOP.jpeg 2048w\" sizes=\"auto, (max-width: 300px) 100vw, 300px\" \/><\/a>\n\t\t\t\t<\/dt><\/dl><dl class='gallery-item'>\n\t\t\t\t<dt class='gallery-icon landscape'>\n\t\t\t\t\t<a class=\"rollover rollover-zoom dt-pswp-item\" title=\"Vittozzi, Consorizio e Vertici\" data-dt-img-description=\"\" data-large_image_width=\"2048\" data-large_image_height=\"1536\"href='https:\/\/www.radiopiu.net\/wordpress\/wp-content\/uploads\/2026\/04\/Vittozzi-Consorizio-e-Vertici-.jpeg'><img loading=\"lazy\" decoding=\"async\" width=\"300\" height=\"225\" src=\"https:\/\/www.radiopiu.net\/wordpress\/wp-content\/uploads\/2026\/04\/Vittozzi-Consorizio-e-Vertici--300x225.jpeg\" class=\"attachment-medium size-medium\" alt=\"\" srcset=\"https:\/\/www.radiopiu.net\/wordpress\/wp-content\/uploads\/2026\/04\/Vittozzi-Consorizio-e-Vertici--300x225.jpeg 300w, https:\/\/www.radiopiu.net\/wordpress\/wp-content\/uploads\/2026\/04\/Vittozzi-Consorizio-e-Vertici--1024x768.jpeg 1024w, https:\/\/www.radiopiu.net\/wordpress\/wp-content\/uploads\/2026\/04\/Vittozzi-Consorizio-e-Vertici--768x576.jpeg 768w, https:\/\/www.radiopiu.net\/wordpress\/wp-content\/uploads\/2026\/04\/Vittozzi-Consorizio-e-Vertici--1536x1152.jpeg 1536w, https:\/\/www.radiopiu.net\/wordpress\/wp-content\/uploads\/2026\/04\/Vittozzi-Consorizio-e-Vertici-.jpeg 2048w\" sizes=\"auto, (max-width: 300px) 100vw, 300px\" \/><\/a>\n\t\t\t\t<\/dt><\/dl><br style=\"clear: both\" \/>\n\t\t\t<\/div>\n\n<p>&nbsp;<\/p>\n<p>&nbsp;<\/p>\n<hr \/>\n<p>&nbsp;<\/p>\n<blockquote>\n<h3 style=\"text-align: center;\">TORNA A SOSPIROLO \u201cSONON PAR SAN GOTTARDO\u201d A SOSTEGNO DEL RESTAURO DELLA CHIESA<\/h3>\n<\/blockquote>\n<p><strong><a class=\"dt-pswp-item\" href=\"https:\/\/www.radiopiu.net\/wordpress\/wp-content\/uploads\/2026\/04\/61f2ea21-8768-4125-a066-e30160027fc1.jpg\" data-dt-img-description=\"\" data-large_image_width=\"2048\" data-large_image_height=\"1536\"><img loading=\"lazy\" decoding=\"async\" class=\"aligncenter size-medium wp-image-509494\" src=\"https:\/\/www.radiopiu.net\/wordpress\/wp-content\/uploads\/2026\/04\/61f2ea21-8768-4125-a066-e30160027fc1-300x225.jpg\" alt=\"\" width=\"300\" height=\"225\" srcset=\"https:\/\/www.radiopiu.net\/wordpress\/wp-content\/uploads\/2026\/04\/61f2ea21-8768-4125-a066-e30160027fc1-300x225.jpg 300w, https:\/\/www.radiopiu.net\/wordpress\/wp-content\/uploads\/2026\/04\/61f2ea21-8768-4125-a066-e30160027fc1-1024x768.jpg 1024w, https:\/\/www.radiopiu.net\/wordpress\/wp-content\/uploads\/2026\/04\/61f2ea21-8768-4125-a066-e30160027fc1-768x576.jpg 768w, https:\/\/www.radiopiu.net\/wordpress\/wp-content\/uploads\/2026\/04\/61f2ea21-8768-4125-a066-e30160027fc1-1536x1152.jpg 1536w, https:\/\/www.radiopiu.net\/wordpress\/wp-content\/uploads\/2026\/04\/61f2ea21-8768-4125-a066-e30160027fc1.jpg 2048w\" sizes=\"auto, (max-width: 300px) 100vw, 300px\" \/><\/a>\u00a0<\/strong><\/p>\n<p><strong>SOSPIROLO<\/strong> Torna domenica 3 maggio a Sospirolo \u201cSonon par San Gottardo\u201d, iniziativa di sostegno ai lavori di restauro della chiesa colpita da un fulmine nell&#8217;estate del 2022.<\/p>\n<p><strong>DI DANIELE DALVIT<\/strong><\/p>\n<audio class=\"wp-audio-shortcode\" id=\"audio-509378-8\" preload=\"none\" style=\"width: 100%;\" controls=\"controls\"><source type=\"audio\/mpeg\" src=\"https:\/\/www.radiopiu.net\/wordpress\/wp-content\/uploads\/2026\/04\/Servizio-Sonon-par-San-Gottardo-quarta-edizione.mp3?_=8\" \/><a href=\"https:\/\/www.radiopiu.net\/wordpress\/wp-content\/uploads\/2026\/04\/Servizio-Sonon-par-San-Gottardo-quarta-edizione.mp3\">https:\/\/www.radiopiu.net\/wordpress\/wp-content\/uploads\/2026\/04\/Servizio-Sonon-par-San-Gottardo-quarta-edizione.mp3<\/a><\/audio>\n<p>&nbsp;<\/p>\n<hr \/>\n<p>&nbsp;<\/p>\n<blockquote>\n<h3 style=\"text-align: center;\">AGORDO CAPITALE MONDIALE DELLA PALEONTOLOGIA DEL TRIASSICO<\/h3>\n<\/blockquote>\n<p><strong><a class=\"dt-pswp-item\" href=\"https:\/\/www.radiopiu.net\/wordpress\/wp-content\/uploads\/2026\/04\/jhsdlsg.jpg\" data-dt-img-description=\"\" data-large_image_width=\"822\" data-large_image_height=\"483\"><img loading=\"lazy\" decoding=\"async\" class=\"aligncenter size-medium wp-image-509478\" src=\"https:\/\/www.radiopiu.net\/wordpress\/wp-content\/uploads\/2026\/04\/jhsdlsg-300x176.jpg\" alt=\"\" width=\"300\" height=\"176\" srcset=\"https:\/\/www.radiopiu.net\/wordpress\/wp-content\/uploads\/2026\/04\/jhsdlsg-300x176.jpg 300w, https:\/\/www.radiopiu.net\/wordpress\/wp-content\/uploads\/2026\/04\/jhsdlsg-768x451.jpg 768w, https:\/\/www.radiopiu.net\/wordpress\/wp-content\/uploads\/2026\/04\/jhsdlsg.jpg 822w\" sizes=\"auto, (max-width: 300px) 100vw, 300px\" \/><\/a>\u00a0<\/strong><\/p>\n<p><strong>AGORDO <\/strong>Agordo si prepara a diventare punto di riferimento internazionale della ricerca scientifica ospitando, dal 25 al 30 maggio 2026, il congresso \u201cThe Triassic Paleontology in the 21st Century: news after the first quarter\u201d. L\u2019evento riunir\u00e0 oltre 50 studiosi provenienti da numerosi Paesi, tra cui Cina, Regno Unito, Germania, Francia e Spagna, per confrontarsi sulle pi\u00f9 recenti scoperte relative al Triassico, periodo compreso tra 251 e 201 milioni di anni fa. Il congresso proporr\u00e0 conferenze, poster scientifici e approfondimenti in lingua inglese, spaziando dagli studi su vertebrati e invertebrati terrestri e marini alla paleobotanica, paleoecologia e micropaleontologia. Un appuntamento di alto livello che valorizzer\u00e0 anche il territorio agordino, celebre nel mondo per le sue montagne ricche di testimonianze fossili. Ad aprire la settimana, luned\u00ec 25 maggio alle 20.45 nella Sala Don Tamis, sar\u00e0 la conferenza divulgativa del geologo Danilo Giordano dal titolo \u201cAnimali e piante\u2026 fossili\u2026 del Parco Nazionale Dolomiti Bellunesi e dintorni\u201d, con ingresso gratuito. Le sessioni scientifiche si terranno il 26 e 28 maggio, aperte anche al pubblico. Previsti inoltre sopralluoghi a Malga Pelsa, Valle Imperina, Museo Cazzetta di Selva di Cadore e Val Gardena. Un\u2019occasione unica tra scienza, turismo e promozione culturale delle Dolomiti.<\/p>\n<p><strong>DI GIANNI SANTOMASO<\/strong><\/p>\n<audio class=\"wp-audio-shortcode\" id=\"audio-509378-9\" preload=\"none\" style=\"width: 100%;\" controls=\"controls\"><source type=\"audio\/mpeg\" src=\"https:\/\/www.radiopiu.net\/wordpress\/wp-content\/uploads\/2026\/04\/GIANNI-PALEONTO.mp3?_=9\" \/><a href=\"https:\/\/www.radiopiu.net\/wordpress\/wp-content\/uploads\/2026\/04\/GIANNI-PALEONTO.mp3\">https:\/\/www.radiopiu.net\/wordpress\/wp-content\/uploads\/2026\/04\/GIANNI-PALEONTO.mp3<\/a><\/audio>\n<p>&nbsp;<\/p>\n<p><strong>IL PROGRAMMA<\/strong><\/p>\n<p><a class=\"dt-pswp-item\" href=\"https:\/\/www.radiopiu.net\/wordpress\/wp-content\/uploads\/2026\/04\/fdb64dbb-a6c0-4a53-a7c1-ee14fc7ea234.jpg\" data-dt-img-description=\"\" data-large_image_width=\"1810\" data-large_image_height=\"2560\"><img loading=\"lazy\" decoding=\"async\" class=\"aligncenter size-medium wp-image-509477\" src=\"https:\/\/www.radiopiu.net\/wordpress\/wp-content\/uploads\/2026\/04\/fdb64dbb-a6c0-4a53-a7c1-ee14fc7ea234-212x300.jpg\" alt=\"\" width=\"212\" height=\"300\" srcset=\"https:\/\/www.radiopiu.net\/wordpress\/wp-content\/uploads\/2026\/04\/fdb64dbb-a6c0-4a53-a7c1-ee14fc7ea234-212x300.jpg 212w, https:\/\/www.radiopiu.net\/wordpress\/wp-content\/uploads\/2026\/04\/fdb64dbb-a6c0-4a53-a7c1-ee14fc7ea234-724x1024.jpg 724w, https:\/\/www.radiopiu.net\/wordpress\/wp-content\/uploads\/2026\/04\/fdb64dbb-a6c0-4a53-a7c1-ee14fc7ea234-768x1086.jpg 768w, https:\/\/www.radiopiu.net\/wordpress\/wp-content\/uploads\/2026\/04\/fdb64dbb-a6c0-4a53-a7c1-ee14fc7ea234-1086x1536.jpg 1086w, https:\/\/www.radiopiu.net\/wordpress\/wp-content\/uploads\/2026\/04\/fdb64dbb-a6c0-4a53-a7c1-ee14fc7ea234-1448x2048.jpg 1448w, https:\/\/www.radiopiu.net\/wordpress\/wp-content\/uploads\/2026\/04\/fdb64dbb-a6c0-4a53-a7c1-ee14fc7ea234.jpg 1810w\" sizes=\"auto, (max-width: 212px) 100vw, 212px\" \/><\/a><\/p>\n<p>&nbsp;<\/p>\n<hr \/>\n<p>&nbsp;<\/p>\n<blockquote>\n<h3 style=\"text-align: center;\">ALBA SELVAGGIA TRA I CAMOSCI E IL GALLO FORCELLO<\/h3>\n<\/blockquote>\n<p><strong>REDAZIONE<\/strong> Sveglia alle due del mattino, poi la salita in montagna per montare una tenda mimetica e preparare cavalletto, macchina fotografica e teleobiettivo da 800 mm. In silenzio assoluto arriva l&#8217;attesa del gallo forcello in parata. Quando meno te l&#8217;aspetti, dalla neve spuntano come fantasmi giovani camosci, curiosi spettatori della scena. Tra le splendide Dolomiti si compie cos\u00ec un incontro raro e suggestivo. Gli scatti di Mario De Marco, nonostante la debole nevicata e la distanza, restituiscono emozione pura e la ricompensa di tanta fatica che premia pazienza esperienza rispetto per la fauna alpina e amore sincero per la fotografia naturalistica regalando immagini preziose capaci di raccontare l&#8217;alba selvaggia di queste montagne<\/p>\n<p><strong>LE FOTO DI MARIO DE MARCO<\/strong><\/p>\n\n\t\t\t<style type='text\/css'>\n\t\t\t\t#gallery-4 {\n\t\t\t\t\tmargin: auto;\n\t\t\t\t}\n\t\t\t\t#gallery-4 .gallery-item {\n\t\t\t\t\tfloat: left;\n\t\t\t\t\tmargin-top: 10px;\n\t\t\t\t\ttext-align: center;\n\t\t\t\t\twidth: 33%;\n\t\t\t\t}\n\t\t\t\t#gallery-4 img {\n\t\t\t\t\tborder: 2px solid #cfcfcf;\n\t\t\t\t}\n\t\t\t\t#gallery-4 .gallery-caption {\n\t\t\t\t\tmargin-left: 0;\n\t\t\t\t}\n\t\t\t\t\/* see gallery_shortcode() in wp-includes\/media.php *\/\n\t\t\t<\/style>\n\t\t<div id='gallery-4' class='dt-gallery-container gallery galleryid-509378 gallery-columns-3 gallery-size-medium'><dl class='gallery-item'>\n\t\t\t\t<dt class='gallery-icon landscape'>\n\t\t\t\t\t<a class=\"rollover rollover-zoom dt-pswp-item\" title=\"c37491e4-02c6-4fc5-b36a-ac9c7ff541d5\" data-dt-img-description=\"\" data-large_image_width=\"1454\" data-large_image_height=\"969\"href='https:\/\/www.radiopiu.net\/wordpress\/wp-content\/uploads\/2026\/04\/c37491e4-02c6-4fc5-b36a-ac9c7ff541d5.jpg'><img loading=\"lazy\" decoding=\"async\" width=\"300\" height=\"200\" src=\"https:\/\/www.radiopiu.net\/wordpress\/wp-content\/uploads\/2026\/04\/c37491e4-02c6-4fc5-b36a-ac9c7ff541d5-300x200.jpg\" class=\"attachment-medium size-medium\" alt=\"\" srcset=\"https:\/\/www.radiopiu.net\/wordpress\/wp-content\/uploads\/2026\/04\/c37491e4-02c6-4fc5-b36a-ac9c7ff541d5-300x200.jpg 300w, https:\/\/www.radiopiu.net\/wordpress\/wp-content\/uploads\/2026\/04\/c37491e4-02c6-4fc5-b36a-ac9c7ff541d5-1024x682.jpg 1024w, https:\/\/www.radiopiu.net\/wordpress\/wp-content\/uploads\/2026\/04\/c37491e4-02c6-4fc5-b36a-ac9c7ff541d5-768x512.jpg 768w, https:\/\/www.radiopiu.net\/wordpress\/wp-content\/uploads\/2026\/04\/c37491e4-02c6-4fc5-b36a-ac9c7ff541d5.jpg 1454w\" sizes=\"auto, (max-width: 300px) 100vw, 300px\" \/><\/a>\n\t\t\t\t<\/dt><\/dl><dl class='gallery-item'>\n\t\t\t\t<dt class='gallery-icon landscape'>\n\t\t\t\t\t<a class=\"rollover rollover-zoom dt-pswp-item\" title=\"71530fed-9692-4ec4-91ee-514769163ddd\" data-dt-img-description=\"\" data-large_image_width=\"1289\" data-large_image_height=\"859\"href='https:\/\/www.radiopiu.net\/wordpress\/wp-content\/uploads\/2026\/04\/71530fed-9692-4ec4-91ee-514769163ddd.jpg'><img loading=\"lazy\" decoding=\"async\" width=\"300\" height=\"200\" src=\"https:\/\/www.radiopiu.net\/wordpress\/wp-content\/uploads\/2026\/04\/71530fed-9692-4ec4-91ee-514769163ddd-300x200.jpg\" class=\"attachment-medium size-medium\" alt=\"\" srcset=\"https:\/\/www.radiopiu.net\/wordpress\/wp-content\/uploads\/2026\/04\/71530fed-9692-4ec4-91ee-514769163ddd-300x200.jpg 300w, https:\/\/www.radiopiu.net\/wordpress\/wp-content\/uploads\/2026\/04\/71530fed-9692-4ec4-91ee-514769163ddd-1024x682.jpg 1024w, https:\/\/www.radiopiu.net\/wordpress\/wp-content\/uploads\/2026\/04\/71530fed-9692-4ec4-91ee-514769163ddd-768x512.jpg 768w, https:\/\/www.radiopiu.net\/wordpress\/wp-content\/uploads\/2026\/04\/71530fed-9692-4ec4-91ee-514769163ddd.jpg 1289w\" sizes=\"auto, (max-width: 300px) 100vw, 300px\" \/><\/a>\n\t\t\t\t<\/dt><\/dl><dl class='gallery-item'>\n\t\t\t\t<dt class='gallery-icon landscape'>\n\t\t\t\t\t<a class=\"rollover rollover-zoom dt-pswp-item\" title=\"91961c53-314e-4639-9fbe-acca7c750245\" data-dt-img-description=\"\" data-large_image_width=\"1600\" data-large_image_height=\"1064\"href='https:\/\/www.radiopiu.net\/wordpress\/wp-content\/uploads\/2026\/04\/91961c53-314e-4639-9fbe-acca7c750245.jpg'><img loading=\"lazy\" decoding=\"async\" width=\"300\" height=\"200\" src=\"https:\/\/www.radiopiu.net\/wordpress\/wp-content\/uploads\/2026\/04\/91961c53-314e-4639-9fbe-acca7c750245-300x200.jpg\" class=\"attachment-medium size-medium\" alt=\"\" srcset=\"https:\/\/www.radiopiu.net\/wordpress\/wp-content\/uploads\/2026\/04\/91961c53-314e-4639-9fbe-acca7c750245-300x200.jpg 300w, https:\/\/www.radiopiu.net\/wordpress\/wp-content\/uploads\/2026\/04\/91961c53-314e-4639-9fbe-acca7c750245-1024x681.jpg 1024w, https:\/\/www.radiopiu.net\/wordpress\/wp-content\/uploads\/2026\/04\/91961c53-314e-4639-9fbe-acca7c750245-768x511.jpg 768w, https:\/\/www.radiopiu.net\/wordpress\/wp-content\/uploads\/2026\/04\/91961c53-314e-4639-9fbe-acca7c750245-1536x1021.jpg 1536w, https:\/\/www.radiopiu.net\/wordpress\/wp-content\/uploads\/2026\/04\/91961c53-314e-4639-9fbe-acca7c750245.jpg 1600w\" sizes=\"auto, (max-width: 300px) 100vw, 300px\" \/><\/a>\n\t\t\t\t<\/dt><\/dl><br style=\"clear: both\" \/>\n\t\t\t<\/div>\n\n<p>&nbsp;<\/p>\n<hr \/>\n<p>&nbsp;<\/p>\n<blockquote>\n<h3 style=\"text-align: center;\">MAGGIO DEI LIBRI, BORGO VALBELLUNA ACCENDE LA PASSIONE PER LA LETTURA<\/h3>\n<\/blockquote>\n<p><strong><a class=\"dt-pswp-item\" href=\"https:\/\/www.radiopiu.net\/wordpress\/wp-content\/uploads\/2020\/03\/LIBRI-SCAFFALE.jpg\" data-dt-img-description=\"\" data-large_image_width=\"1052\" data-large_image_height=\"1052\"><img loading=\"lazy\" decoding=\"async\" class=\"aligncenter wp-image-122391\" src=\"https:\/\/www.radiopiu.net\/wordpress\/wp-content\/uploads\/2020\/03\/LIBRI-SCAFFALE-300x300.jpg\" alt=\"\" width=\"159\" height=\"159\" srcset=\"https:\/\/www.radiopiu.net\/wordpress\/wp-content\/uploads\/2020\/03\/LIBRI-SCAFFALE-300x300.jpg 300w, https:\/\/www.radiopiu.net\/wordpress\/wp-content\/uploads\/2020\/03\/LIBRI-SCAFFALE-1024x1024.jpg 1024w, https:\/\/www.radiopiu.net\/wordpress\/wp-content\/uploads\/2020\/03\/LIBRI-SCAFFALE-150x150.jpg 150w, https:\/\/www.radiopiu.net\/wordpress\/wp-content\/uploads\/2020\/03\/LIBRI-SCAFFALE-768x768.jpg 768w, https:\/\/www.radiopiu.net\/wordpress\/wp-content\/uploads\/2020\/03\/LIBRI-SCAFFALE.jpg 1052w\" sizes=\"auto, (max-width: 159px) 100vw, 159px\" \/><\/a>\u00a0<\/strong><\/p>\n<p><strong>BORGO VALBELLUNA <\/strong>Sar\u00e0 un mese ricco di appuntamenti quello organizzato dal comune di Borgo Valbelluna per aderire alla campagna nazionale Il Maggio dei Libri. L\u2019iniziativa, nata nel 2011, punta a diffondere il valore sociale dei libri e a portare la lettura anche fuori dai luoghi tradizionali. Il programma prender\u00e0 il via il 6 maggio nella biblioteca di Lentiai con \u201cCoccole da leggere\u201d, dedicato ai bambini da 0 a 3 anni e alle loro famiglie. Seguiranno laboratori di kamishibai e attivit\u00e0 creative nelle biblioteche di Lentiai e Trichiana. Tra gli eventi di punta, il 15 maggio sar\u00e0 inaugurata a Trichiana la mostra \u201cBenedetta Primavera\u201d, raccolta di acquerelli del gruppo Raccontare Acquarellando, visitabile fino al 16 giugno. Spazio anche agli adulti con due serate speciali: il 13 maggio l\u2019incontro sul libro \u201cHanno ucciso habibi\u201d della giornalista Shrouq Aila e il 28 maggio una riflessione sul potere delle storie con Federica Ortolan e Anselmo Roveda. L\u2019amministrazione comunale doner\u00e0 inoltre un libro a tutti i bambini degli asili nido e delle scuole dell\u2019infanzia, promuovendo la lettura fin dai primi anni di vita. Un segnale concreto che conferma Borgo Valbelluna come comunit\u00e0 attenta alla cultura e alla crescita delle nuove generazioni.<\/p>\n<p>&nbsp;<\/p>\n<p>&nbsp;<\/p>\n<hr \/>\n<p>&nbsp;<\/p>\n<div class=\"page-title-head hgroup\">\n<h3 class=\"entry-title\" style=\"text-align: center;\">UNA DIPLADENIA PER SOSTENERE LA LOTTA ALLA FIBROSI CISTICA<\/h3>\n<\/div>\n<section class=\"text-token-text-primary w-full focus:outline-none [--shadow-height:45px] has-data-writing-block:pointer-events-none has-data-writing-block:-mt-(--shadow-height) has-data-writing-block:pt-(--shadow-height) [&amp;:has([data-writing-block])&gt;*]:pointer-events-auto [content-visibility:auto] supports-[content-visibility:auto]:[contain-intrinsic-size:auto_100lvh] R6Vx5W_threadScrollVars scroll-mb-[calc(var(--scroll-root-safe-area-inset-bottom,0px)+var(--thread-response-height))] scroll-mt-[calc(var(--header-height)+min(200px,max(70px,20svh)))]\" dir=\"auto\" data-turn-id=\"request-WEB:447051e1-1e9a-485e-8642-59e75b702deb-3\" data-testid=\"conversation-turn-8\" data-scroll-anchor=\"false\" data-turn=\"assistant\">\n<div class=\"text-base my-auto mx-auto pb-10 [--thread-content-margin:var(--thread-content-margin-xs,calc(var(--spacing)*4))] @w-sm\/main:[--thread-content-margin:var(--thread-content-margin-sm,calc(var(--spacing)*6))] @w-lg\/main:[--thread-content-margin:var(--thread-content-margin-lg,calc(var(--spacing)*16))] px-(--thread-content-margin)\">\n<div class=\"[--thread-content-max-width:40rem] @w-lg\/main:[--thread-content-max-width:48rem] mx-auto max-w-(--thread-content-max-width) flex-1 group\/turn-messages focus-visible:outline-hidden relative flex w-full min-w-0 flex-col agent-turn\">\n<div class=\"flex max-w-full flex-col gap-4 grow\">\n<div class=\"min-h-8 text-message relative flex w-full flex-col items-end gap-2 text-start break-words whitespace-normal outline-none keyboard-focused:focus-ring [.text-message+&amp;]:mt-1\" dir=\"auto\" tabindex=\"0\" data-message-author-role=\"assistant\" data-message-id=\"cc22921b-44b4-482a-9d9a-b1f4254e69ae\" data-message-model-slug=\"gpt-5-3\" data-turn-start-message=\"true\">\n<div class=\"flex w-full flex-col gap-1 empty:hidden\">\n<div class=\"markdown prose dark:prose-invert w-full wrap-break-word dark markdown-new-styling\">\n<p data-start=\"170\" data-end=\"417\"><a class=\"dt-pswp-item\" href=\"https:\/\/www.radiopiu.net\/wordpress\/wp-content\/uploads\/2026\/04\/4df9f165-57a4-4189-b56b-1fab937b679a.png\" data-dt-img-description=\"\" data-large_image_width=\"1536\" data-large_image_height=\"1024\"><img loading=\"lazy\" decoding=\"async\" class=\"aligncenter size-medium wp-image-509457\" src=\"https:\/\/www.radiopiu.net\/wordpress\/wp-content\/uploads\/2026\/04\/4df9f165-57a4-4189-b56b-1fab937b679a-300x200.png\" alt=\"\" width=\"300\" height=\"200\" srcset=\"https:\/\/www.radiopiu.net\/wordpress\/wp-content\/uploads\/2026\/04\/4df9f165-57a4-4189-b56b-1fab937b679a-300x200.png 300w, https:\/\/www.radiopiu.net\/wordpress\/wp-content\/uploads\/2026\/04\/4df9f165-57a4-4189-b56b-1fab937b679a-1024x683.png 1024w, https:\/\/www.radiopiu.net\/wordpress\/wp-content\/uploads\/2026\/04\/4df9f165-57a4-4189-b56b-1fab937b679a-768x512.png 768w, https:\/\/www.radiopiu.net\/wordpress\/wp-content\/uploads\/2026\/04\/4df9f165-57a4-4189-b56b-1fab937b679a.png 1536w\" sizes=\"auto, (max-width: 300px) 100vw, 300px\" \/><\/a><\/p>\n<p data-start=\"170\" data-end=\"417\">In occasione della Festa della Mamma torna una delle iniziative solidali pi\u00f9 sentite del territorio: la raccolta fondi a favore della ricerca sulla fibrosi cistica, accompagnata dalla distribuzione della dipladenia, simbolo di cura, forza e amore. Un gesto semplice, come regalare un fiore, pu\u00f2 trasformarsi in un aiuto concreto per sostenere la ricerca e migliorare la qualit\u00e0 di vita di chi convive con questa malattia. L\u2019iniziativa coinvolger\u00e0 numerose piazze, scuole e associazioni locali, grazie all\u2019impegno di volontari, alpini e comunit\u00e0. Il calendario degli appuntamenti \u00e8 ricco e diffuso su tutto il territorio: <strong data-start=\"797\" data-end=\"810\">29 aprile<\/strong>: Scuola media di Limana <strong data-start=\"839\" data-end=\"851\">2 maggio<\/strong>: Alpini di Castion (Pian delle Feste) <strong data-start=\"894\" data-end=\"906\">2 maggio<\/strong>: Agordo <strong data-start=\"928\" data-end=\"940\">6 maggio<\/strong>: Piazza Limana con gli Alpini\u00a0 <strong data-start=\"985\" data-end=\"997\">9 maggio<\/strong>: Piazza Papa Luciani (Puos d\u2019Alpago) Piazza Santo Stefano di Cadore Piazza Dosoledo di Cadore Piazza Martiri di Belluno Piazza Falcade Piazza Caviola Emisfero (via Tonegutti) <strong data-start=\"1219\" data-end=\"1232\">10 maggio<\/strong>: Zopp\u00e8 di Cadore Piazza e Farra d\u2019Alpago. La distribuzione avverr\u00e0 anche <strong data-start=\"1348\" data-end=\"1365\">casa per casa. <\/strong>Saranno inoltre coinvolte le scuole di Puos d\u2019Alpago e Trichiana, a testimonianza di un impegno che parte anche dai pi\u00f9 giovani, educando alla solidariet\u00e0 e alla partecipazione.<\/p>\n<\/div>\n<\/div>\n<\/div>\n<\/div>\n<div class=\"mt-3 w-full empty:hidden\">\n<div class=\"text-center\"><\/div>\n<\/div>\n<\/div>\n<\/div>\n<\/section>\n<div class=\"pointer-events-none -mt-px h-px translate-y-[calc(var(--scroll-root-safe-area-inset-bottom)-14*var(--spacing))]\" aria-hidden=\"true\"><\/div>\n<div aria-hidden=\"true\">\n<hr \/>\n<\/div>\n<p>&nbsp;<\/p>\n<div class=\"page-title-head hgroup\">\n<h1 class=\"entry-title\" style=\"text-align: center;\">IMPARARE O DELEGARE: LA SCELTA CHE CAMBIA IL FUTURO<\/h1>\n<\/div>\n<p><strong class=\"photoswipe-wrapper\"><a class=\"dt-pswp-item\" href=\"https:\/\/www.radiopiu.net\/wordpress\/wp-content\/uploads\/2026\/04\/701d3aa9-02b2-4bc9-a947-5b486c6dbd63.png\" data-dt-img-description=\"\" data-large_image_width=\"1536\" data-large_image_height=\"1024\"><img loading=\"lazy\" decoding=\"async\" class=\"aligncenter size-medium wp-image-509451\" src=\"https:\/\/www.radiopiu.net\/wordpress\/wp-content\/uploads\/2026\/04\/701d3aa9-02b2-4bc9-a947-5b486c6dbd63-300x200.png\" alt=\"\" width=\"300\" height=\"200\" srcset=\"https:\/\/www.radiopiu.net\/wordpress\/wp-content\/uploads\/2026\/04\/701d3aa9-02b2-4bc9-a947-5b486c6dbd63-300x200.png 300w, https:\/\/www.radiopiu.net\/wordpress\/wp-content\/uploads\/2026\/04\/701d3aa9-02b2-4bc9-a947-5b486c6dbd63-1024x683.png 1024w, https:\/\/www.radiopiu.net\/wordpress\/wp-content\/uploads\/2026\/04\/701d3aa9-02b2-4bc9-a947-5b486c6dbd63-768x512.png 768w, https:\/\/www.radiopiu.net\/wordpress\/wp-content\/uploads\/2026\/04\/701d3aa9-02b2-4bc9-a947-5b486c6dbd63.png 1536w\" sizes=\"auto, (max-width: 300px) 100vw, 300px\" \/><\/a>di Walter Giolai<\/strong><\/p>\n<div class=\"Transition MessageList custom-scroll no-avatars with-default-bg scrolled with-bottom-snap\" data-normal-height=\"805\">\n<div class=\"Transition_slide Transition_slide-active\">\n<div class=\"messages-container\">\n<div class=\"message-date-group\">\n<div id=\"message-30857\" class=\"shown open Message message-list-item first-in-group allow-selection last-in-group last-in-list has-menu-open\" data-message-id=\"30857\">\n<div class=\"message-content-wrapper can-select-text\">\n<div class=\"message-content peer-color-1 text has-shadow has-solid-background has-appendix has-footer\" dir=\"auto\">\n<div class=\"content-inner\" dir=\"auto\">\n<blockquote>\n<div class=\"text-content clearfix with-meta\" dir=\"auto\"><em>L\u2019asimmetria che si crea tra chi sa pensare con l\u2019IA e chi sa solo delegare all\u2019IA.<\/em><\/div>\n<\/blockquote>\n<div class=\"text-content clearfix with-meta\" dir=\"auto\">\n<p>La fiaba di Rodari \u2018la macchina per fare i compiti\u2019 mi ha dato lo spunto per una riflessione sull\u2019uso che stiamo facendo di uno strumento potente come l\u2019 intelligenza artificiale. Dalla presentazione di chatGPT nel novembre 2022 questa tecnologia ha fatto passi incredibili. Siamo passati da attivit\u00e0 relativamente banali, ma che nel 2022 sembravano gi\u00e0 fantascienza, alla esecuzione di compiti che metterebbero in difficolt\u00e0 la maggior parte di noi sia per complessit\u00e0 che per velocit\u00e0 di esecuzione.<b> <\/b>Ma c\u2019\u00e8 una domanda che dobbiamo iniziare a porci ogniqualvolta stiamo per digitare un prompt: \u2018 stiamo pensando con l\u2019IA o stiamo solo delegando all\u2019IA?\u2019 Senza questa consapevolezza il rischio \u00e8, come scrive Rodari, di dare il nostro cervello in cambio della soluzione pi\u00f9 facile.\u00a0 Perch\u00e9 delegare significa affidare a qualcun altro l\u2019esecuzione di un compito, significa accontentarsi di produrre un compito senza formarsi facendolo. Il risultato che ne deriva non \u00e8 pi\u00f9 nostro, non siamo pi\u00f9 noi, ma \u00e8 il risultato di una inferenza probabilistica fatta da un modello linguistico avanzato e addestrato su enormi quantit\u00e0 di dati.\u00a0 Pensare con l\u2019AI ribalta la prospettiva: l\u2019idea, la scintilla, l\u2019innesco che d\u00e0 il via ad un processo \u00e8 nostro, il modello ci aiuta a migliorarlo e farlo crescere colmando le lacune e proponendo alternative che non abbiamo valutato, ma il risultato \u00e8 nostro, siamo noi potenziati dall\u2019IA. Se chiedo all\u2019AI di scrivere una query SQL senza prima provarci, non sto imparando, sto solo scegliendo la strada pi\u00f9 facile. Se le passo la mia query e le chiedo dove sto sbagliando e perch\u00e9, sto crescendo.\u00a0 53 anni fa il bambino di Rodari ci metteva in guardia sul pericolo di scambiare il nostro cervello con la via facile perdendo di conseguenza la libert\u00e0. Oggi dobbiamo imparare ad imparare da questa incredibile tecnologia che pu\u00f2 aiutarci cos\u00ec come annullarci, dipende solo da noi.<\/p>\n<\/div>\n<\/div>\n<\/div>\n<\/div>\n<\/div>\n<\/div>\n<\/div>\n<\/div>\n<\/div>\n<p>&nbsp;<\/p>\n<hr \/>\n<p>&nbsp;<\/p>\n<blockquote>\n<h3 style=\"text-align: center;\">TORNANO I \u201cMARTED\u00ccACOLOR\u201d: VIAGGI E FOTO IN MULTIVISIONE<\/h3>\n<\/blockquote>\n<p><strong><a class=\"dt-pswp-item\" href=\"https:\/\/www.radiopiu.net\/wordpress\/wp-content\/uploads\/2026\/04\/CIRCOLO-FOTOGRAFICO-BELLUNESE.jpg\" data-dt-img-description=\"\" data-large_image_width=\"556\" data-large_image_height=\"186\"><img loading=\"lazy\" decoding=\"async\" class=\"aligncenter size-medium wp-image-509490\" src=\"https:\/\/www.radiopiu.net\/wordpress\/wp-content\/uploads\/2026\/04\/CIRCOLO-FOTOGRAFICO-BELLUNESE-300x100.jpg\" alt=\"\" width=\"300\" height=\"100\" srcset=\"https:\/\/www.radiopiu.net\/wordpress\/wp-content\/uploads\/2026\/04\/CIRCOLO-FOTOGRAFICO-BELLUNESE-300x100.jpg 300w, https:\/\/www.radiopiu.net\/wordpress\/wp-content\/uploads\/2026\/04\/CIRCOLO-FOTOGRAFICO-BELLUNESE.jpg 556w\" sizes=\"auto, (max-width: 300px) 100vw, 300px\" \/><\/a>\u00a0<\/strong><\/p>\n<p><strong>BELLUNO <\/strong>Torna l\u2019appuntamento con i \u201cMarted\u00ecacolor\u201d, rassegna dedicata agli appassionati di viaggi, natura e fotografia organizzata dal Gruppo Belluno del Centro Turistico Giovanile. Due le serate in programma, marted\u00ec 5 e 12 maggio alle 20.45 nella sala parrocchiale di Cavarzano, con la collaborazione del Circolo Fotografico Bellunese \u201cMario De Biasi\u201d, della Rete Autori Multivisione e di AIDAMA. Il pubblico potr\u00e0 vivere un\u2019esperienza immersiva attraverso la multivisione, tecnica che fonde immagini, musica e narrazione creando racconti di forte impatto emotivo. In programma le opere di numerosi autori provenienti da Belluno e dal Veneto, tra cui Walter Argenta, Diego De Riz e Roberto Sorama\u00e8. Le serate sono aperte a tutti e offriranno un viaggio tra paesaggi, persone e suggestioni raccontate con il linguaggio universale della fotografia.<\/p>\n<p>&nbsp;<\/p>\n<p>&nbsp;<\/p>\n<hr \/>\n<p>&nbsp;<\/p>\n<h2 style=\"text-align: center;\"><span style=\"color: #ff0000;\">CONSIGLI COMUNALI IN AGORDINO<\/span><\/h2>\n<p><a class=\"dt-pswp-item\" href=\"https:\/\/www.radiopiu.net\/wordpress\/wp-content\/uploads\/2025\/11\/MUNICIPIO-ROCCA-PIETORE.jpg\" data-dt-img-description=\"\" data-large_image_width=\"718\" data-large_image_height=\"487\"><img loading=\"lazy\" decoding=\"async\" class=\"aligncenter size-medium wp-image-479487\" src=\"https:\/\/www.radiopiu.net\/wordpress\/wp-content\/uploads\/2025\/11\/MUNICIPIO-ROCCA-PIETORE-300x203.jpg\" alt=\"\" width=\"300\" height=\"203\" srcset=\"https:\/\/www.radiopiu.net\/wordpress\/wp-content\/uploads\/2025\/11\/MUNICIPIO-ROCCA-PIETORE-300x203.jpg 300w, https:\/\/www.radiopiu.net\/wordpress\/wp-content\/uploads\/2025\/11\/MUNICIPIO-ROCCA-PIETORE.jpg 718w\" sizes=\"auto, (max-width: 300px) 100vw, 300px\" \/><\/a><\/p>\n<p><strong>ROCCA PIETORE<\/strong> Consiglio comunale\u00a0 oggi alle 18. All\u2019ordine del giorno figurano l\u2019aggiornamento del DUP 2026-2028 relativo al programma triennale degli acquisti, una variazione al bilancio di previsione e un\u2019interrogazione della minoranza sul progetto di una piazzola per l\u2019atterraggio dell\u2019elicottero.<\/p>\n<p><strong>COLLE SANTA LUCIA<\/strong> Consiglio comunale oggi alle 20. All\u2019ordine del giorno: ratifica di una variazione di bilancio, approvazione rendiconto 2025 e relazione attivit\u00e0 dell\u2019associazione locale &#8220;Colle Santa Lucia &#8211; Dolomiti&#8221;.<\/p>\n<p>&nbsp;<\/p>\n<p>&nbsp;<\/p>\n<hr \/>\n<p>&nbsp;<\/p>\n<blockquote>\n<h3 style=\"text-align: center;\">CONCORSO POLIZIA DI STATO: 220 COMMISSARI<\/h3>\n<\/blockquote>\n<p><strong><a class=\"dt-pswp-item\" href=\"https:\/\/www.radiopiu.net\/wordpress\/wp-content\/uploads\/2022\/05\/POLIZIA-2.jpg\" data-dt-img-description=\"\" data-large_image_width=\"1920\" data-large_image_height=\"1080\"><img loading=\"lazy\" decoding=\"async\" class=\"aligncenter size-medium wp-image-278033\" src=\"https:\/\/www.radiopiu.net\/wordpress\/wp-content\/uploads\/2022\/05\/POLIZIA-2-300x169.jpg\" alt=\"\" width=\"300\" height=\"169\" srcset=\"https:\/\/www.radiopiu.net\/wordpress\/wp-content\/uploads\/2022\/05\/POLIZIA-2-300x169.jpg 300w, https:\/\/www.radiopiu.net\/wordpress\/wp-content\/uploads\/2022\/05\/POLIZIA-2-1024x576.jpg 1024w, https:\/\/www.radiopiu.net\/wordpress\/wp-content\/uploads\/2022\/05\/POLIZIA-2-768x432.jpg 768w, https:\/\/www.radiopiu.net\/wordpress\/wp-content\/uploads\/2022\/05\/POLIZIA-2-1536x864.jpg 1536w, https:\/\/www.radiopiu.net\/wordpress\/wp-content\/uploads\/2022\/05\/POLIZIA-2.jpg 1920w\" sizes=\"auto, (max-width: 300px) 100vw, 300px\" \/><\/a>\u00a0<\/strong><\/p>\n<p><strong>BELLUNO <\/strong>\u00c8 stato pubblicato il bando per il concorso pubblico della Polizia di Stato per l\u2019assunzione di 220 commissari della carriera dei funzionari. La selezione, per titoli ed esami, \u00e8 indetta con decreto del 17 aprile 2026. Le domande potranno essere presentate online dal 21 aprile al 20 maggio 2026 tramite il portale dedicato o il Portale unico del reclutamento <a href=\"http:\/\/www.inpa.gov.it\/\">www.inpa.gov.it<\/a>. La procedura \u00e8 disponibile sul sito della Polizia di Stato. Il concorso mira a rafforzare l\u2019organico dei funzionari e garantire nuove risorse qualificate al corpo.<\/p>\n<p>&nbsp;<\/p>\n<p>&nbsp;<\/p>\n<hr \/>\n<p>&nbsp;<\/p>\n<blockquote>\n<h3 style=\"text-align: center;\">RECOVERY COLLEGE: PROSSIMI INCONTRI A BELLUNO<\/h3>\n<\/blockquote>\n<p><strong><a class=\"dt-pswp-item\" href=\"https:\/\/www.radiopiu.net\/wordpress\/wp-content\/uploads\/2026\/04\/RECOVERY-COLLEGE.jpg\" data-dt-img-description=\"\" data-large_image_width=\"498\" data-large_image_height=\"346\"><img loading=\"lazy\" decoding=\"async\" class=\"aligncenter size-medium wp-image-509309\" src=\"https:\/\/www.radiopiu.net\/wordpress\/wp-content\/uploads\/2026\/04\/RECOVERY-COLLEGE-300x208.jpg\" alt=\"\" width=\"300\" height=\"208\" srcset=\"https:\/\/www.radiopiu.net\/wordpress\/wp-content\/uploads\/2026\/04\/RECOVERY-COLLEGE-300x208.jpg 300w, https:\/\/www.radiopiu.net\/wordpress\/wp-content\/uploads\/2026\/04\/RECOVERY-COLLEGE.jpg 498w\" sizes=\"auto, (max-width: 300px) 100vw, 300px\" \/><\/a>\u00a0<\/strong><\/p>\n<p><strong>BELLUNO <\/strong>Proseguono a Belluno gli incontri del Recovery College \u201cEco di Voci Cangianti\u201d, progetto promosso dai Centri di Salute Mentale dell\u2019Ulss Dolomiti insieme a numerose associazioni del territorio, che collaborano attivamente alla realizzazione del programma formativo e di condivisione. Il percorso propone attivit\u00e0, esperienze e formazione condivisa con l\u2019obiettivo di migliorare la comunicazione e la consapevolezza emotiva tra i partecipanti. Tra i prossimi appuntamenti figura l\u2019incontro \u201cParlare meglio, capirsi di pi\u00f9 \u2013 Le emozioni\u201d, previsto oggi dalle 17.00 alle 19.00 presso la Casa dei Beni Comuni in via Tiziano Vecellio 82 a Belluno. Un incontro aperto a tutti per riconoscere, esprimere e comunicare meglio le emozioni, favorendo relazioni pi\u00f9 consapevoli e benessere personale quotidiano nella vita sociale quotidiana.<\/p>\n<p>&nbsp;<\/p>\n<p>&nbsp;<\/p>\n<hr \/>\n<p>&nbsp;<\/p>\n<blockquote>\n<h3 style=\"text-align: center;\">MUSICA TRA VENEZIA E NAPOLI A MEL<\/h3>\n<\/blockquote>\n<p><strong><a class=\"dt-pswp-item\" href=\"https:\/\/www.radiopiu.net\/wordpress\/wp-content\/uploads\/2026\/04\/LFH.jpeg\" data-dt-img-description=\"\" data-large_image_width=\"1040\" data-large_image_height=\"558\"><img loading=\"lazy\" decoding=\"async\" class=\"aligncenter size-medium wp-image-509312\" src=\"https:\/\/www.radiopiu.net\/wordpress\/wp-content\/uploads\/2026\/04\/LFH-300x161.jpeg\" alt=\"\" width=\"300\" height=\"161\" srcset=\"https:\/\/www.radiopiu.net\/wordpress\/wp-content\/uploads\/2026\/04\/LFH-300x161.jpeg 300w, https:\/\/www.radiopiu.net\/wordpress\/wp-content\/uploads\/2026\/04\/LFH-1024x549.jpeg 1024w, https:\/\/www.radiopiu.net\/wordpress\/wp-content\/uploads\/2026\/04\/LFH-768x412.jpeg 768w, https:\/\/www.radiopiu.net\/wordpress\/wp-content\/uploads\/2026\/04\/LFH.jpeg 1040w\" sizes=\"auto, (max-width: 300px) 100vw, 300px\" \/><\/a>\u00a0<\/strong><\/p>\n<p><strong>BORGO VALBELLUNA <\/strong>Sar\u00e0 una serata musicale oggi alle 20.45 all\u2019Auditorium ex chiesa di San Pietro a Mel, con un viaggio tra Venezia e Napoli tra Ottocento e Novecento. Il concerto esplora la canzone tra le due citt\u00e0, tra tradizione e affinit\u00e0 culturali, ripercorrendo brani storici come &#8216;Te voglio bene assaje&#8217; e la canzone da batelo. Pina Sabbatini e Bepi Santuzzo, amici e musicisti, hanno ideato il progetto durante la pandemia, arrangiando brani per chitarra e mandolino. Il programma, intitolato Musica dai due Golfi, unisce musica e narrazione in forma quasi teatrale.<\/p>\n<p>&nbsp;<\/p>\n<p>&nbsp;<\/p>\n<hr \/>\n<p>&nbsp;<\/p>\n<h3 style=\"text-align: center;\">CONCERTO IN RICORDO DI MARINA NESSENZIA<\/h3>\n<p><strong><a class=\"dt-pswp-item\" href=\"https:\/\/www.radiopiu.net\/wordpress\/wp-content\/uploads\/2026\/04\/NESSENZIA-CONC-2026.jpg\" data-dt-img-description=\"\" data-large_image_width=\"904\" data-large_image_height=\"709\"><img loading=\"lazy\" decoding=\"async\" class=\"aligncenter size-medium wp-image-509162\" src=\"https:\/\/www.radiopiu.net\/wordpress\/wp-content\/uploads\/2026\/04\/NESSENZIA-CONC-2026-300x235.jpg\" alt=\"\" width=\"300\" height=\"235\" srcset=\"https:\/\/www.radiopiu.net\/wordpress\/wp-content\/uploads\/2026\/04\/NESSENZIA-CONC-2026-300x235.jpg 300w, https:\/\/www.radiopiu.net\/wordpress\/wp-content\/uploads\/2026\/04\/NESSENZIA-CONC-2026-768x602.jpg 768w, https:\/\/www.radiopiu.net\/wordpress\/wp-content\/uploads\/2026\/04\/NESSENZIA-CONC-2026.jpg 904w\" sizes=\"auto, (max-width: 300px) 100vw, 300px\" \/><\/a>\u00a0<\/strong><\/p>\n<p><strong>AGORDO <\/strong>Anche quest\u2019anno l\u2019Associazione Valle dei Sogni di Col di Pr\u00e0 ha organizzato un concerto in memoria di Marina Nessenzia, musicista e insegnante di Agordo, figura molto amata nel territorio. L\u2019evento vedr\u00e0 la partecipazione della Schola femminile \u201cIn dulci Jubilo\u201d di Verona, coro al quale la stessa Marina aveva appartenuto per molti anni, mantenendo un forte legame artistico e umano. Il concerto, intitolato \u201cMUSICA TRA CIELO E TERRA. Dante e il canto gregoriano\u201d, propone l\u2019esecuzione dei brani citati nella Divina Commedia, alternati alla lettura dei versi del Sommo Poeta, in un intreccio tra musica e letteratura. L\u2019appuntamento \u00e8 fissato per domani alle ore 17.30 nella chiesa Arcidiaconale di Agordo. Le offerte raccolte saranno devolute all\u2019associazione Pettirosso Agordino.<\/p>\n<p>&nbsp;<\/p>\n<p>&nbsp;<\/p>\n<hr \/>\n<p>&nbsp;<\/p>\n<blockquote>\n<h3 style=\"text-align: center;\">PELLEGRINAGGIO TRA FEDE E NATURA A CHIUSA E BRESSANONE<\/h3>\n<\/blockquote>\n<p><strong><a class=\"dt-pswp-item\" href=\"https:\/\/www.radiopiu.net\/wordpress\/wp-content\/uploads\/2026\/04\/ljhdlka.jpg\" data-dt-img-description=\"\" data-large_image_width=\"670\" data-large_image_height=\"948\"><img loading=\"lazy\" decoding=\"async\" class=\"aligncenter wp-image-506937\" src=\"https:\/\/www.radiopiu.net\/wordpress\/wp-content\/uploads\/2026\/04\/ljhdlka-212x300.jpg\" alt=\"\" width=\"143\" height=\"202\" srcset=\"https:\/\/www.radiopiu.net\/wordpress\/wp-content\/uploads\/2026\/04\/ljhdlka-212x300.jpg 212w, https:\/\/www.radiopiu.net\/wordpress\/wp-content\/uploads\/2026\/04\/ljhdlka.jpg 670w\" sizes=\"auto, (max-width: 143px) 100vw, 143px\" \/><\/a>\u00a0<\/strong><\/p>\n<p><strong>CANALE D&#8217;AGORDO <\/strong>Un\u2019occasione unica per vivere un\u2019esperienza che unisce spiritualit\u00e0, natura e cultura: \u00e8 il pellegrinaggio a Chiusa e Bressanone, in programma l\u20198 e 9 maggio con partenza da Canale d\u2019Agordo. L\u2019iniziativa prevede due giornate tra cammini, visite guidate e momenti di preghiera, con la possibilit\u00e0 di partecipare anche solo sabato 9 maggio. Il viaggio \u00e8 organizzato dall\u2019agenzia Think Blue Dolomiti Tour di Falcade in collaborazione con la parrocchia e la Fondazione Papa Luciani. I posti sono limitati e la prenotazione \u00e8 obbligatoria. Per informazioni e iscrizioni \u00e8 possibile contattare il numero 377 9665237 o scrivere via email.<\/p>\n<p>&nbsp;<\/p>\n<p>&nbsp;<\/p>\n<hr \/>\n<p>&nbsp;<\/p>\n<blockquote>\n<h3 style=\"text-align: center;\">IDENTIT\u00c0 LADINA, UN LEGAME CHE UNISCE LE DOLOMITI E LA VAL DEL BIOIS<\/h3>\n<\/blockquote>\n<p><strong><a class=\"dt-pswp-item\" href=\"https:\/\/www.radiopiu.net\/wordpress\/wp-content\/uploads\/2026\/04\/LADI-VAL-BIOIS.jpg\" data-dt-img-description=\"\" data-large_image_width=\"652\" data-large_image_height=\"434\"><img loading=\"lazy\" decoding=\"async\" class=\"aligncenter size-medium wp-image-509499\" src=\"https:\/\/www.radiopiu.net\/wordpress\/wp-content\/uploads\/2026\/04\/LADI-VAL-BIOIS-300x200.jpg\" alt=\"\" width=\"300\" height=\"200\" srcset=\"https:\/\/www.radiopiu.net\/wordpress\/wp-content\/uploads\/2026\/04\/LADI-VAL-BIOIS-300x200.jpg 300w, https:\/\/www.radiopiu.net\/wordpress\/wp-content\/uploads\/2026\/04\/LADI-VAL-BIOIS.jpg 652w\" sizes=\"auto, (max-width: 300px) 100vw, 300px\" \/><\/a>\u00a0<\/strong><\/p>\n<p><strong>CANALE D&#8217;AGORDO <\/strong>L\u2019identit\u00e0 ladina \u00e8 una realt\u00e0 culturale e linguistica che continua a interrogare storici e comunit\u00e0 delle Dolomiti. A differenza di altri popoli europei, le popolazioni ladine non hanno mai costituito un\u2019entit\u00e0 amministrativa unitaria, ma sono rimaste per secoli divise tra vallate, dominazioni e confini diversi. Una frammentazione che ha rallentato la consapevolezza di appartenere a un unico popolo. A tenere saldo il legame \u00e8 stata soprattutto la lingua. Il termine \u201cladino\u201d inizi\u00f2 a diffondersi nell\u2019Ottocento, in particolare negli studi dell\u2019<span class=\"hover:entity-accent entity-underline inline cursor-pointer align-baseline\"><span class=\"whitespace-normal\">Impero Asburgico<\/span><\/span>, inizialmente riferito alla Val Badia e successivamente esteso ad altre aree dolomitiche. Studiosi come <span class=\"hover:entity-accent entity-underline inline cursor-pointer align-baseline\"><span class=\"whitespace-normal\">Graziadio Isaia Ascoli<\/span><\/span> ampliarono il concetto fino a includere parte dell\u2019alto Bellunese. Il dibattito coinvolge oggi anche la <span class=\"hover:entity-accent entity-underline inline cursor-pointer align-baseline\"><span class=\"whitespace-normal\">Val del Biois<\/span><\/span> e sar\u00e0 al centro di tre serate di approfondimento a <span class=\"hover:entity-accent entity-underline inline cursor-pointer align-baseline\"><span class=\"whitespace-normal\">Canale d\u2019Agordo<\/span><\/span>, nella Sala Emigranti alle 20.45. Il 7 maggio <span class=\"hover:entity-accent entity-underline inline cursor-pointer align-baseline\"><span class=\"whitespace-normal\">Nicola Cassisi<\/span><\/span> parler\u00e0 di \u201cLadin a ciasa, Ladin a scola\u201d. Il 15 maggio <span class=\"hover:entity-accent entity-underline inline cursor-pointer align-baseline\"><span class=\"whitespace-normal\">Davide Conedera<\/span><\/span> presenter\u00e0 il \u201cGlossar del lessich minerar e metalurgich per ladin agordin\u201d. Il 21 maggio <span class=\"hover:entity-accent entity-underline inline cursor-pointer align-baseline\"><span class=\"whitespace-normal\">Loris Serafini<\/span><\/span> approfondir\u00e0 il rapporto fra il Tirolo e le valli ladine agordine.<\/p>\n<p>&nbsp;<\/p>\n<p>&nbsp;<\/p>\n<hr \/>\n<p>&nbsp;<\/p>\n<blockquote>\n<h3 style=\"text-align: center;\">VOCI E ARCHI IN CONCERTO A VOLTAGO AGORDINO<\/h3>\n<\/blockquote>\n<p><strong><a class=\"dt-pswp-item\" href=\"https:\/\/www.radiopiu.net\/wordpress\/wp-content\/uploads\/2026\/04\/1000089694.jpg\" data-dt-img-description=\"\" data-large_image_width=\"1131\" data-large_image_height=\"1600\"><img loading=\"lazy\" decoding=\"async\" class=\"aligncenter size-medium wp-image-508524\" src=\"https:\/\/www.radiopiu.net\/wordpress\/wp-content\/uploads\/2026\/04\/1000089694-212x300.jpg\" alt=\"\" width=\"212\" height=\"300\" srcset=\"https:\/\/www.radiopiu.net\/wordpress\/wp-content\/uploads\/2026\/04\/1000089694-212x300.jpg 212w, https:\/\/www.radiopiu.net\/wordpress\/wp-content\/uploads\/2026\/04\/1000089694-724x1024.jpg 724w, https:\/\/www.radiopiu.net\/wordpress\/wp-content\/uploads\/2026\/04\/1000089694-768x1086.jpg 768w, https:\/\/www.radiopiu.net\/wordpress\/wp-content\/uploads\/2026\/04\/1000089694-1086x1536.jpg 1086w, https:\/\/www.radiopiu.net\/wordpress\/wp-content\/uploads\/2026\/04\/1000089694.jpg 1131w\" sizes=\"auto, (max-width: 212px) 100vw, 212px\" \/><\/a>\u00a0<\/strong><\/p>\n<p><strong>VOLTAGO <\/strong>Nella chiesa di Voltago Agordino si terr\u00e0 sabato 16 maggio 2026 alle 20.30 il concerto \u201cVoci e Archi in Concerto\u201d, organizzato dal Consiglio Pastorale delle parrocchie del P\u00f2i. Protagonisti saranno il Coro Agordo, diretto da Anna Devich, e il Coro Fodom guidato da Lorenzo Vallazza, uniti da stima e affinit\u00e0 artistiche. L\u2019evento sar\u00e0 arricchito dal Quartetto Padova Ensemble, formato da musicisti legati da amicizia e passione per il repertorio classico. La serata offrir\u00e0 un suggestivo dialogo tra voci e strumenti, creando un\u2019atmosfera coinvolgente e rilassante, capace di trasportare il pubblico lontano dalle preoccupazioni quotidiane attraverso la bellezza della musica.<\/p>\n<p>&nbsp;<\/p>\n<p>&nbsp;<\/p>\n<hr \/>\n<p>&nbsp;<\/p>\n<blockquote>\n<h3 style=\"text-align: center;\">IL GIARDINO DEI SEMPLICI IN CONCERTO A FELTRE: 50 ANNI DI MUSICA ED EMOZIONI<\/h3>\n<\/blockquote>\n<p><strong><a class=\"dt-pswp-item\" href=\"https:\/\/www.radiopiu.net\/wordpress\/wp-content\/uploads\/2026\/03\/ac3bec6c-9d20-4068-b6cc-fe32828b8691.jpg\" data-dt-img-description=\"\" data-large_image_width=\"939\" data-large_image_height=\"1302\"><img loading=\"lazy\" decoding=\"async\" class=\"aligncenter size-medium wp-image-500762\" src=\"https:\/\/www.radiopiu.net\/wordpress\/wp-content\/uploads\/2026\/03\/ac3bec6c-9d20-4068-b6cc-fe32828b8691-216x300.jpg\" alt=\"\" width=\"216\" height=\"300\" srcset=\"https:\/\/www.radiopiu.net\/wordpress\/wp-content\/uploads\/2026\/03\/ac3bec6c-9d20-4068-b6cc-fe32828b8691-216x300.jpg 216w, https:\/\/www.radiopiu.net\/wordpress\/wp-content\/uploads\/2026\/03\/ac3bec6c-9d20-4068-b6cc-fe32828b8691-739x1024.jpg 739w, https:\/\/www.radiopiu.net\/wordpress\/wp-content\/uploads\/2026\/03\/ac3bec6c-9d20-4068-b6cc-fe32828b8691-768x1065.jpg 768w, https:\/\/www.radiopiu.net\/wordpress\/wp-content\/uploads\/2026\/03\/ac3bec6c-9d20-4068-b6cc-fe32828b8691.jpg 939w\" sizes=\"auto, (max-width: 216px) 100vw, 216px\" \/><\/a>\u00a0<\/strong><\/p>\n<p><strong>FELTRE<\/strong>\u00a0 Arriva a Feltre uno degli appuntamenti musicali pi\u00f9 attesi dell\u2019estate: il concerto de <span class=\"hover:entity-accent entity-underline inline cursor-pointer align-baseline\"><span class=\"whitespace-normal\">Il Giardino dei Semplici<\/span><\/span>, storica band napoletana protagonista della scena pop melodica italiana dagli anni Settanta. Il gruppo, nato nel 1974, ha conquistato il pubblico con brani intramontabili come \u201cM\u2019innamorai\u201d e \u201cMiele\u201d, portata anche al Festival di Sanremo. Con oltre 50 anni di carriera, milioni di dischi venduti e migliaia di concerti, la band continua a emozionare generazioni diverse grazie a uno stile che unisce romanticismo e sonorit\u00e0 pop-rock. L\u2019appuntamento \u00e8 per il 6 giugno all\u2019Auditorium Canossiane: una serata speciale tra grandi successi e nuove emozioni, capace di far cantare il pubblico di tutte le et\u00e0.<\/p>\n<p>&nbsp;<\/p>\n<hr \/>\n<p>&nbsp;<\/p>\n<blockquote>\n<h3 style=\"text-align: center;\">MISS DOLOMITI BELLUNESI: SOSPIROLO INCORONA LA BELLEZZA DEL TERRITORIO<\/h3>\n<\/blockquote>\n<p><strong><a class=\"dt-pswp-item\" href=\"https:\/\/www.radiopiu.net\/wordpress\/wp-content\/uploads\/2026\/04\/c184d22d-a91e-4f2d-8876-5b5db715c288.png\" data-dt-img-description=\"\" data-large_image_width=\"1690\" data-large_image_height=\"931\"><img loading=\"lazy\" decoding=\"async\" class=\"aligncenter size-medium wp-image-509174\" src=\"https:\/\/www.radiopiu.net\/wordpress\/wp-content\/uploads\/2026\/04\/c184d22d-a91e-4f2d-8876-5b5db715c288-300x165.png\" alt=\"\" width=\"300\" height=\"165\" srcset=\"https:\/\/www.radiopiu.net\/wordpress\/wp-content\/uploads\/2026\/04\/c184d22d-a91e-4f2d-8876-5b5db715c288-300x165.png 300w, https:\/\/www.radiopiu.net\/wordpress\/wp-content\/uploads\/2026\/04\/c184d22d-a91e-4f2d-8876-5b5db715c288-1024x564.png 1024w, https:\/\/www.radiopiu.net\/wordpress\/wp-content\/uploads\/2026\/04\/c184d22d-a91e-4f2d-8876-5b5db715c288-768x423.png 768w, https:\/\/www.radiopiu.net\/wordpress\/wp-content\/uploads\/2026\/04\/c184d22d-a91e-4f2d-8876-5b5db715c288-1536x846.png 1536w, https:\/\/www.radiopiu.net\/wordpress\/wp-content\/uploads\/2026\/04\/c184d22d-a91e-4f2d-8876-5b5db715c288.png 1690w\" sizes=\"auto, (max-width: 300px) 100vw, 300px\" \/><\/a>\u00a0<\/strong><\/p>\n<p><strong>SOSPIROLO\u00a0 <\/strong>La bellezza autentica sposa il cuore delle vette. Domenica 28 giugno, a partire dalle 18, il Centro Civico di Sospirolo ospiter\u00e0 la sfilata di Miss Dolomiti Bellunesi, un evento nato per esaltare l\u2019identit\u00e0 e lo splendore del territorio. Tra i riflettori e l\u2019eccellenza locale, le aspiranti miss sfileranno accompagnate dalle note suggestive di DJ Komoro. La serata, guidata da una presentatrice d&#8217;eccezione, vedr\u00e0 la partecipazione di ospiti speciali del mondo dello spettacolo. Mentre la giuria si ritirer\u00e0 per deliberare, il pubblico potr\u00e0 vivere un\u2019atmosfera magica dove il talento incontra le radici bellunesi. La partecipazione \u00e8 gratuita (et\u00e0 minima 18 anni, massima 30)\u00a0 e le iscrizioni restano aperte fino al 20 giugno al numero 3471859436. Un&#8217;occasione imperdibile per brillare in un contesto unico.<\/p>\n<p>&nbsp;<\/p>\n<p>&nbsp;<\/p>\n<hr \/>\n<p>&nbsp;<\/p>\n<h1 style=\"text-align: center;\"><span style=\"color: #ff6600;\">IERI ALLA RADIO<\/span><\/h1>\n<h2 style=\"text-align: center;\"><span style=\"color: #00ccff;\">OGGI COME IERI, QUARTO ANNO. CON SILVIA BALDO<\/span><\/h2>\n<p><strong><a class=\"dt-pswp-item\" href=\"https:\/\/www.radiopiu.net\/wordpress\/wp-content\/uploads\/2025\/04\/download-17-e1745940549228.jpg\" data-dt-img-description=\"\" data-large_image_width=\"250\" data-large_image_height=\"167\"><img loading=\"lazy\" decoding=\"async\" class=\"wp-image-447293 alignleft\" src=\"https:\/\/www.radiopiu.net\/wordpress\/wp-content\/uploads\/2025\/04\/download-17-e1745940549228.jpg\" alt=\"\" width=\"161\" height=\"108\" \/><\/a>29 APRILE<\/strong><\/p>\n<audio class=\"wp-audio-shortcode\" id=\"audio-509378-10\" preload=\"none\" style=\"width: 100%;\" controls=\"controls\"><source type=\"audio\/mpeg\" src=\"https:\/\/www.radiopiu.net\/wordpress\/wp-content\/uploads\/2026\/04\/SIBI3-3.mp3?_=10\" \/><a href=\"https:\/\/www.radiopiu.net\/wordpress\/wp-content\/uploads\/2026\/04\/SIBI3-3.mp3\">https:\/\/www.radiopiu.net\/wordpress\/wp-content\/uploads\/2026\/04\/SIBI3-3.mp3<\/a><\/audio>\n<p>&nbsp;<\/p>\n<h2><strong>LA RACCOLTA COMPLETA <a href=\"https:\/\/www.radiopiu.net\/wordpress\/quartoanno22-apr2026\/\"><span style=\"color: #3366ff;\">CLICCA QUI<\/span><\/a><\/strong><\/h2>\n<p>&nbsp;<\/p>\n<hr \/>\n<p>&nbsp;<\/p>\n<h2 style=\"text-align: center;\"><span style=\"color: #ff99cc;\">SE NON LA SMETTI TI MANDO DAL PRESIDE<\/span><\/h2>\n<p><strong><a class=\"dt-pswp-item\" href=\"https:\/\/www.radiopiu.net\/wordpress\/wp-content\/uploads\/2025\/07\/primo-piano-gli-studenti-che-scrivono-e-leggono-gli-fogli-di-risposta-degli-esami-di-esercitazione-in-aula-della-scuola-con-lo-stress_73622-858-300x200-1.jpg\" data-dt-img-description=\"\" data-large_image_width=\"300\" data-large_image_height=\"200\"><img loading=\"lazy\" decoding=\"async\" class=\"aligncenter size-full wp-image-458570\" src=\"https:\/\/www.radiopiu.net\/wordpress\/wp-content\/uploads\/2025\/07\/primo-piano-gli-studenti-che-scrivono-e-leggono-gli-fogli-di-risposta-degli-esami-di-esercitazione-in-aula-della-scuola-con-lo-stress_73622-858-300x200-1.jpg\" alt=\"\" width=\"300\" height=\"200\" \/><\/a>\u00a0<\/strong><\/p>\n<p><strong>DI MIRKO MEZZACASA<\/strong><\/p>\n<p>CON LA PROF MARIA ROSA SALMAZO<\/p>\n<p><strong>PUNTATA DEL 29 APRILE 2026<\/strong><\/p>\n<audio class=\"wp-audio-shortcode\" id=\"audio-509378-11\" preload=\"none\" style=\"width: 100%;\" controls=\"controls\"><source type=\"audio\/mpeg\" src=\"https:\/\/www.radiopiu.net\/wordpress\/wp-content\/uploads\/2026\/04\/PRESIDE-4.mp3?_=11\" \/><a href=\"https:\/\/www.radiopiu.net\/wordpress\/wp-content\/uploads\/2026\/04\/PRESIDE-4.mp3\">https:\/\/www.radiopiu.net\/wordpress\/wp-content\/uploads\/2026\/04\/PRESIDE-4.mp3<\/a><\/audio>\n<p>&nbsp;<\/p>\n<hr \/>\n<p>&nbsp;<\/p>\n<h2 style=\"text-align: center;\"><span style=\"color: #808000;\">LIBER&#8230; SULLE ORME DI LIANA CAVALLET<\/span><\/h2>\n<p><span style=\"color: #ff0000;\"><strong><a class=\"dt-pswp-item\" href=\"https:\/\/www.radiopiu.net\/wordpress\/wp-content\/uploads\/2026\/04\/Screenshot-2026-04-29-071714.png\" data-dt-img-description=\"\" data-large_image_width=\"394\" data-large_image_height=\"242\"><img loading=\"lazy\" decoding=\"async\" class=\" wp-image-509445 alignleft\" src=\"https:\/\/www.radiopiu.net\/wordpress\/wp-content\/uploads\/2026\/04\/Screenshot-2026-04-29-071714-300x184.png\" alt=\"\" width=\"174\" height=\"107\" srcset=\"https:\/\/www.radiopiu.net\/wordpress\/wp-content\/uploads\/2026\/04\/Screenshot-2026-04-29-071714-300x184.png 300w, https:\/\/www.radiopiu.net\/wordpress\/wp-content\/uploads\/2026\/04\/Screenshot-2026-04-29-071714.png 394w\" sizes=\"auto, (max-width: 174px) 100vw, 174px\" \/><\/a>PUNTATA 30 Claudia Cattadori recensisce &#8220;La Prossima Luna&#8221; di Lisa De Luca<\/strong><\/span><\/p>\n<audio class=\"wp-audio-shortcode\" id=\"audio-509378-12\" preload=\"none\" style=\"width: 100%;\" controls=\"controls\"><source type=\"audio\/mpeg\" src=\"https:\/\/www.radiopiu.net\/wordpress\/wp-content\/uploads\/2026\/04\/LIANA-4.mp3?_=12\" \/><a href=\"https:\/\/www.radiopiu.net\/wordpress\/wp-content\/uploads\/2026\/04\/LIANA-4.mp3\">https:\/\/www.radiopiu.net\/wordpress\/wp-content\/uploads\/2026\/04\/LIANA-4.mp3<\/a><\/audio>\n<p>&nbsp;<\/p>\n<h2><strong>LA RACCOLTA COMPLETA <a href=\"https:\/\/www.radiopiu.net\/wordpress\/liber2025\/\"><span style=\"color: #3366ff;\">CLICCA QUI<\/span><\/a><\/strong><\/h2>\n<p>&nbsp;<\/p>\n<hr \/>\n<p>&nbsp;<\/p>\n<h2 style=\"text-align: center;\"><span style=\"color: #008000;\">CHIARA MAZZEL, L&#8217;ATLETA PARALIMPICA PLURIMEDAGLIATA<\/span><\/h2>\n<p><strong><a class=\"dt-pswp-item\" href=\"https:\/\/www.radiopiu.net\/wordpress\/wp-content\/uploads\/2026\/04\/chiara-mazzel.jpg\" data-dt-img-description=\"\" data-large_image_width=\"1024\" data-large_image_height=\"604\"><img loading=\"lazy\" decoding=\"async\" class=\"aligncenter size-medium wp-image-509330\" src=\"https:\/\/www.radiopiu.net\/wordpress\/wp-content\/uploads\/2026\/04\/chiara-mazzel-300x177.jpg\" alt=\"\" width=\"300\" height=\"177\" srcset=\"https:\/\/www.radiopiu.net\/wordpress\/wp-content\/uploads\/2026\/04\/chiara-mazzel-300x177.jpg 300w, https:\/\/www.radiopiu.net\/wordpress\/wp-content\/uploads\/2026\/04\/chiara-mazzel-768x453.jpg 768w, https:\/\/www.radiopiu.net\/wordpress\/wp-content\/uploads\/2026\/04\/chiara-mazzel.jpg 1024w\" sizes=\"auto, (max-width: 300px) 100vw, 300px\" \/><\/a>\u00a0<\/strong><\/p>\n<p><strong>DI MARINA DONA&#8217;<\/strong><\/p>\n<p>OSPITE: Chiara Mazzel<\/p>\n<p>(Foto: Il T Quotidiano)<\/p>\n<audio class=\"wp-audio-shortcode\" id=\"audio-509378-13\" preload=\"none\" style=\"width: 100%;\" controls=\"controls\"><source type=\"audio\/mpeg\" src=\"https:\/\/www.radiopiu.net\/wordpress\/wp-content\/uploads\/2026\/04\/REPORTER-CHIARA-MAZZEL-APRILE-2026.mp3?_=13\" \/><a href=\"https:\/\/www.radiopiu.net\/wordpress\/wp-content\/uploads\/2026\/04\/REPORTER-CHIARA-MAZZEL-APRILE-2026.mp3\">https:\/\/www.radiopiu.net\/wordpress\/wp-content\/uploads\/2026\/04\/REPORTER-CHIARA-MAZZEL-APRILE-2026.mp3<\/a><\/audio>\n<p>&nbsp;<\/p>\n<hr \/>\n<p>&nbsp;<\/p>\n<h2 style=\"text-align: center;\"><span style=\"color: #800080;\">MOSTRA DELLE OPERE DEGLI ALLIEVI DI LAURA BALLIS STAGIONE 2025\/26<\/span><\/h2>\n<p><strong>DI MARINA DONA&#8217;<\/strong><\/p>\n<p><strong>AGORDO<\/strong> Marted\u00ec 28 aprile 2026 nel tardo pomeriggio c&#8217;\u00e8 stata l&#8217; inaugurazione della mostra delle opere realizzate dagli allievi dell&#8217;Universit\u00e0 Adulti Anziani di Belluno, sezione di Agordo, nella sala Don Tamis, mostra che sar\u00e0 aperta fino al 3 maggio 2026 con orari pomeridiani tutti i giorni dalle 16 alle 19, e mattutini dalle 10 alle 12 il mercoled\u00ec, sabato e domenica. Protagonista della mostra la stessa citt\u00e0 di Agordo, tra passato e presente, tema che ha trovato consenso in primis dal primo cittadino Roberto Chissal\u00e9. Grande soddisfazione espressa anche dalla coordinatrice Fiorella Candiani. Per concludere la novit\u00e0, e anche sorpresa, annunciata dalla docente Laura Ballis, dell&#8217;acquisto di un torchio, strumento utile per lo stampaggio di opere realizzate con la punta secca su plexiglass, una tecnica che sta scomparendo ma che \u00e8 ancora viva in un laboratorio artigianale di Vicenza. Giancarlo Busato, \u00e8 il proprietario, che ha preso in eredit\u00e0 dai genitori e dai nonni l&#8217;azienda, e che sta portando avanti questa tecnica. Ora per chi fosse interessato \u00e8 possibile stampare anche in Agordino, e realizzare delle piccole opere d&#8217;arte personalizzate senza particolari capacit\u00e0 artistiche. La docente \u00e8 a disposizione per chi ne fosse interessato. Arte e cultura in primo piano per dare un valore in primis all&#8217;agordino ma anche alla provincia.<\/p>\n<div style=\"width: 1024px;\" class=\"wp-video\"><video class=\"wp-video-shortcode\" id=\"video-509378-1\" width=\"1024\" height=\"576\" preload=\"metadata\" controls=\"controls\"><source type=\"video\/mp4\" src=\"https:\/\/www.radiopiu.net\/wordpress\/wp-content\/uploads\/2026\/04\/WhatsApp-Video-2026-04-28-at-19.57.57.mp4?_=1\" \/><a href=\"https:\/\/www.radiopiu.net\/wordpress\/wp-content\/uploads\/2026\/04\/WhatsApp-Video-2026-04-28-at-19.57.57.mp4\">https:\/\/www.radiopiu.net\/wordpress\/wp-content\/uploads\/2026\/04\/WhatsApp-Video-2026-04-28-at-19.57.57.mp4<\/a><\/video><\/div>\n<p>&nbsp;<\/p>\n\n\t\t\t<style type='text\/css'>\n\t\t\t\t#gallery-5 {\n\t\t\t\t\tmargin: auto;\n\t\t\t\t}\n\t\t\t\t#gallery-5 .gallery-item {\n\t\t\t\t\tfloat: left;\n\t\t\t\t\tmargin-top: 10px;\n\t\t\t\t\ttext-align: center;\n\t\t\t\t\twidth: 16%;\n\t\t\t\t}\n\t\t\t\t#gallery-5 img {\n\t\t\t\t\tborder: 2px solid #cfcfcf;\n\t\t\t\t}\n\t\t\t\t#gallery-5 .gallery-caption {\n\t\t\t\t\tmargin-left: 0;\n\t\t\t\t}\n\t\t\t\t\/* see gallery_shortcode() in wp-includes\/media.php *\/\n\t\t\t<\/style>\n\t\t<div id='gallery-5' class='dt-gallery-container gallery galleryid-509378 gallery-columns-6 gallery-size-thumbnail'><dl class='gallery-item'>\n\t\t\t\t<dt class='gallery-icon landscape'>\n\t\t\t\t\t<a class=\"rollover rollover-zoom dt-pswp-item\" title=\"4a40817e-cba4-416c-8730-cb0fc356357c\" data-dt-img-description=\"\" data-large_image_width=\"2000\" data-large_image_height=\"1500\"href='https:\/\/www.radiopiu.net\/wordpress\/wp-content\/uploads\/2026\/04\/4a40817e-cba4-416c-8730-cb0fc356357c.jpg'><img loading=\"lazy\" decoding=\"async\" width=\"150\" height=\"150\" src=\"https:\/\/www.radiopiu.net\/wordpress\/wp-content\/uploads\/2026\/04\/4a40817e-cba4-416c-8730-cb0fc356357c-150x150.jpg\" class=\"attachment-thumbnail size-thumbnail\" alt=\"\" \/><\/a>\n\t\t\t\t<\/dt><\/dl><dl class='gallery-item'>\n\t\t\t\t<dt class='gallery-icon landscape'>\n\t\t\t\t\t<a class=\"rollover rollover-zoom dt-pswp-item\" title=\"ed27f51f-397e-4278-882b-f937817c065d\" data-dt-img-description=\"\" data-large_image_width=\"2000\" data-large_image_height=\"1500\"href='https:\/\/www.radiopiu.net\/wordpress\/wp-content\/uploads\/2026\/04\/ed27f51f-397e-4278-882b-f937817c065d.jpg'><img loading=\"lazy\" decoding=\"async\" width=\"150\" height=\"150\" src=\"https:\/\/www.radiopiu.net\/wordpress\/wp-content\/uploads\/2026\/04\/ed27f51f-397e-4278-882b-f937817c065d-150x150.jpg\" class=\"attachment-thumbnail size-thumbnail\" alt=\"\" \/><\/a>\n\t\t\t\t<\/dt><\/dl><dl class='gallery-item'>\n\t\t\t\t<dt class='gallery-icon landscape'>\n\t\t\t\t\t<a class=\"rollover rollover-zoom dt-pswp-item\" title=\"4f8c93f6-b482-459d-8f88-0a3a22d00dd5\" data-dt-img-description=\"\" data-large_image_width=\"2000\" data-large_image_height=\"1500\"href='https:\/\/www.radiopiu.net\/wordpress\/wp-content\/uploads\/2026\/04\/4f8c93f6-b482-459d-8f88-0a3a22d00dd5.jpg'><img loading=\"lazy\" decoding=\"async\" width=\"150\" height=\"150\" src=\"https:\/\/www.radiopiu.net\/wordpress\/wp-content\/uploads\/2026\/04\/4f8c93f6-b482-459d-8f88-0a3a22d00dd5-150x150.jpg\" class=\"attachment-thumbnail size-thumbnail\" alt=\"\" \/><\/a>\n\t\t\t\t<\/dt><\/dl><dl class='gallery-item'>\n\t\t\t\t<dt class='gallery-icon landscape'>\n\t\t\t\t\t<a class=\"rollover rollover-zoom dt-pswp-item\" title=\"85264f6f-b5c4-480d-af2d-f55cfe49effa\" data-dt-img-description=\"\" data-large_image_width=\"2000\" data-large_image_height=\"1500\"href='https:\/\/www.radiopiu.net\/wordpress\/wp-content\/uploads\/2026\/04\/85264f6f-b5c4-480d-af2d-f55cfe49effa.jpg'><img loading=\"lazy\" decoding=\"async\" width=\"150\" height=\"150\" src=\"https:\/\/www.radiopiu.net\/wordpress\/wp-content\/uploads\/2026\/04\/85264f6f-b5c4-480d-af2d-f55cfe49effa-150x150.jpg\" class=\"attachment-thumbnail size-thumbnail\" alt=\"\" \/><\/a>\n\t\t\t\t<\/dt><\/dl><dl class='gallery-item'>\n\t\t\t\t<dt class='gallery-icon landscape'>\n\t\t\t\t\t<a class=\"rollover rollover-zoom dt-pswp-item\" title=\"e90a03c5-8c69-4aea-9585-39a7b8de8121\" data-dt-img-description=\"\" data-large_image_width=\"2000\" data-large_image_height=\"1500\"href='https:\/\/www.radiopiu.net\/wordpress\/wp-content\/uploads\/2026\/04\/e90a03c5-8c69-4aea-9585-39a7b8de8121.jpg'><img loading=\"lazy\" decoding=\"async\" width=\"150\" height=\"150\" src=\"https:\/\/www.radiopiu.net\/wordpress\/wp-content\/uploads\/2026\/04\/e90a03c5-8c69-4aea-9585-39a7b8de8121-150x150.jpg\" class=\"attachment-thumbnail size-thumbnail\" alt=\"\" \/><\/a>\n\t\t\t\t<\/dt><\/dl><dl class='gallery-item'>\n\t\t\t\t<dt class='gallery-icon landscape'>\n\t\t\t\t\t<a class=\"rollover rollover-zoom dt-pswp-item\" title=\"6a830bbe-48e1-4945-91ba-39da7012e225\" data-dt-img-description=\"\" data-large_image_width=\"2000\" data-large_image_height=\"1500\"href='https:\/\/www.radiopiu.net\/wordpress\/wp-content\/uploads\/2026\/04\/6a830bbe-48e1-4945-91ba-39da7012e225.jpg'><img loading=\"lazy\" decoding=\"async\" width=\"150\" height=\"150\" src=\"https:\/\/www.radiopiu.net\/wordpress\/wp-content\/uploads\/2026\/04\/6a830bbe-48e1-4945-91ba-39da7012e225-150x150.jpg\" class=\"attachment-thumbnail size-thumbnail\" alt=\"\" \/><\/a>\n\t\t\t\t<\/dt><\/dl><br style=\"clear: both\" \/><dl class='gallery-item'>\n\t\t\t\t<dt class='gallery-icon landscape'>\n\t\t\t\t\t<a class=\"rollover rollover-zoom dt-pswp-item\" title=\"101071d6-90de-4023-9e2d-12c97bd4c756\" data-dt-img-description=\"\" data-large_image_width=\"2000\" data-large_image_height=\"1500\"href='https:\/\/www.radiopiu.net\/wordpress\/wp-content\/uploads\/2026\/04\/101071d6-90de-4023-9e2d-12c97bd4c756.jpg'><img loading=\"lazy\" decoding=\"async\" width=\"150\" height=\"150\" src=\"https:\/\/www.radiopiu.net\/wordpress\/wp-content\/uploads\/2026\/04\/101071d6-90de-4023-9e2d-12c97bd4c756-150x150.jpg\" class=\"attachment-thumbnail size-thumbnail\" alt=\"\" \/><\/a>\n\t\t\t\t<\/dt><\/dl><dl class='gallery-item'>\n\t\t\t\t<dt class='gallery-icon landscape'>\n\t\t\t\t\t<a class=\"rollover rollover-zoom dt-pswp-item\" title=\"dcff90b0-c182-4308-bf4b-00a2c61587cd\" data-dt-img-description=\"\" data-large_image_width=\"2000\" data-large_image_height=\"1500\"href='https:\/\/www.radiopiu.net\/wordpress\/wp-content\/uploads\/2026\/04\/dcff90b0-c182-4308-bf4b-00a2c61587cd.jpg'><img loading=\"lazy\" decoding=\"async\" width=\"150\" height=\"150\" src=\"https:\/\/www.radiopiu.net\/wordpress\/wp-content\/uploads\/2026\/04\/dcff90b0-c182-4308-bf4b-00a2c61587cd-150x150.jpg\" class=\"attachment-thumbnail size-thumbnail\" alt=\"\" \/><\/a>\n\t\t\t\t<\/dt><\/dl><dl class='gallery-item'>\n\t\t\t\t<dt class='gallery-icon landscape'>\n\t\t\t\t\t<a class=\"rollover rollover-zoom dt-pswp-item\" title=\"cf0e348a-08db-4731-9334-4553bec646f3\" data-dt-img-description=\"\" data-large_image_width=\"2000\" data-large_image_height=\"1500\"href='https:\/\/www.radiopiu.net\/wordpress\/wp-content\/uploads\/2026\/04\/cf0e348a-08db-4731-9334-4553bec646f3.jpg'><img loading=\"lazy\" decoding=\"async\" width=\"150\" height=\"150\" src=\"https:\/\/www.radiopiu.net\/wordpress\/wp-content\/uploads\/2026\/04\/cf0e348a-08db-4731-9334-4553bec646f3-150x150.jpg\" class=\"attachment-thumbnail size-thumbnail\" alt=\"\" \/><\/a>\n\t\t\t\t<\/dt><\/dl><dl class='gallery-item'>\n\t\t\t\t<dt class='gallery-icon landscape'>\n\t\t\t\t\t<a class=\"rollover rollover-zoom dt-pswp-item\" title=\"515667a1-1075-426d-9296-cc245332d36f\" data-dt-img-description=\"\" data-large_image_width=\"2000\" data-large_image_height=\"1500\"href='https:\/\/www.radiopiu.net\/wordpress\/wp-content\/uploads\/2026\/04\/515667a1-1075-426d-9296-cc245332d36f.jpg'><img loading=\"lazy\" decoding=\"async\" width=\"150\" height=\"150\" src=\"https:\/\/www.radiopiu.net\/wordpress\/wp-content\/uploads\/2026\/04\/515667a1-1075-426d-9296-cc245332d36f-150x150.jpg\" class=\"attachment-thumbnail size-thumbnail\" alt=\"\" \/><\/a>\n\t\t\t\t<\/dt><\/dl><dl class='gallery-item'>\n\t\t\t\t<dt class='gallery-icon landscape'>\n\t\t\t\t\t<a class=\"rollover rollover-zoom dt-pswp-item\" title=\"a7a89c97-0816-4b86-b28c-d6ea984bc4f1\" data-dt-img-description=\"\" data-large_image_width=\"2000\" data-large_image_height=\"1500\"href='https:\/\/www.radiopiu.net\/wordpress\/wp-content\/uploads\/2026\/04\/a7a89c97-0816-4b86-b28c-d6ea984bc4f1.jpg'><img loading=\"lazy\" decoding=\"async\" width=\"150\" height=\"150\" src=\"https:\/\/www.radiopiu.net\/wordpress\/wp-content\/uploads\/2026\/04\/a7a89c97-0816-4b86-b28c-d6ea984bc4f1-150x150.jpg\" class=\"attachment-thumbnail size-thumbnail\" alt=\"\" \/><\/a>\n\t\t\t\t<\/dt><\/dl><dl class='gallery-item'>\n\t\t\t\t<dt class='gallery-icon landscape'>\n\t\t\t\t\t<a class=\"rollover rollover-zoom dt-pswp-item\" title=\"a4cf0060-4240-4e28-aa7c-0f2fe918a961\" data-dt-img-description=\"\" data-large_image_width=\"2000\" data-large_image_height=\"1500\"href='https:\/\/www.radiopiu.net\/wordpress\/wp-content\/uploads\/2026\/04\/a4cf0060-4240-4e28-aa7c-0f2fe918a961.jpg'><img loading=\"lazy\" decoding=\"async\" width=\"150\" height=\"150\" src=\"https:\/\/www.radiopiu.net\/wordpress\/wp-content\/uploads\/2026\/04\/a4cf0060-4240-4e28-aa7c-0f2fe918a961-150x150.jpg\" class=\"attachment-thumbnail size-thumbnail\" alt=\"\" \/><\/a>\n\t\t\t\t<\/dt><\/dl><br style=\"clear: both\" \/><dl class='gallery-item'>\n\t\t\t\t<dt class='gallery-icon landscape'>\n\t\t\t\t\t<a class=\"rollover rollover-zoom dt-pswp-item\" title=\"004e2aa2-3215-453e-aee6-e937739acd19\" data-dt-img-description=\"\" data-large_image_width=\"2000\" data-large_image_height=\"1500\"href='https:\/\/www.radiopiu.net\/wordpress\/wp-content\/uploads\/2026\/04\/004e2aa2-3215-453e-aee6-e937739acd19.jpg'><img loading=\"lazy\" decoding=\"async\" width=\"150\" height=\"150\" src=\"https:\/\/www.radiopiu.net\/wordpress\/wp-content\/uploads\/2026\/04\/004e2aa2-3215-453e-aee6-e937739acd19-150x150.jpg\" class=\"attachment-thumbnail size-thumbnail\" alt=\"\" \/><\/a>\n\t\t\t\t<\/dt><\/dl><dl class='gallery-item'>\n\t\t\t\t<dt class='gallery-icon landscape'>\n\t\t\t\t\t<a class=\"rollover rollover-zoom dt-pswp-item\" title=\"7d30bb7a-a038-45fc-9c1e-3a2f5ce5a326\" data-dt-img-description=\"\" data-large_image_width=\"2000\" data-large_image_height=\"1500\"href='https:\/\/www.radiopiu.net\/wordpress\/wp-content\/uploads\/2026\/04\/7d30bb7a-a038-45fc-9c1e-3a2f5ce5a326.jpg'><img loading=\"lazy\" decoding=\"async\" width=\"150\" height=\"150\" src=\"https:\/\/www.radiopiu.net\/wordpress\/wp-content\/uploads\/2026\/04\/7d30bb7a-a038-45fc-9c1e-3a2f5ce5a326-150x150.jpg\" class=\"attachment-thumbnail size-thumbnail\" alt=\"\" \/><\/a>\n\t\t\t\t<\/dt><\/dl><dl class='gallery-item'>\n\t\t\t\t<dt class='gallery-icon landscape'>\n\t\t\t\t\t<a class=\"rollover rollover-zoom dt-pswp-item\" title=\"cfeb4026-14c3-4102-ada0-a3f1b3d815bf\" data-dt-img-description=\"\" data-large_image_width=\"2000\" data-large_image_height=\"1500\"href='https:\/\/www.radiopiu.net\/wordpress\/wp-content\/uploads\/2026\/04\/cfeb4026-14c3-4102-ada0-a3f1b3d815bf.jpg'><img loading=\"lazy\" decoding=\"async\" width=\"150\" height=\"150\" src=\"https:\/\/www.radiopiu.net\/wordpress\/wp-content\/uploads\/2026\/04\/cfeb4026-14c3-4102-ada0-a3f1b3d815bf-150x150.jpg\" class=\"attachment-thumbnail size-thumbnail\" alt=\"\" \/><\/a>\n\t\t\t\t<\/dt><\/dl><dl class='gallery-item'>\n\t\t\t\t<dt class='gallery-icon landscape'>\n\t\t\t\t\t<a class=\"rollover rollover-zoom dt-pswp-item\" title=\"0916acee-2cae-4938-8a1e-ba12a511c3c2\" data-dt-img-description=\"\" data-large_image_width=\"2000\" data-large_image_height=\"1500\"href='https:\/\/www.radiopiu.net\/wordpress\/wp-content\/uploads\/2026\/04\/0916acee-2cae-4938-8a1e-ba12a511c3c2.jpg'><img loading=\"lazy\" decoding=\"async\" width=\"150\" height=\"150\" src=\"https:\/\/www.radiopiu.net\/wordpress\/wp-content\/uploads\/2026\/04\/0916acee-2cae-4938-8a1e-ba12a511c3c2-150x150.jpg\" class=\"attachment-thumbnail size-thumbnail\" alt=\"\" \/><\/a>\n\t\t\t\t<\/dt><\/dl><dl class='gallery-item'>\n\t\t\t\t<dt class='gallery-icon landscape'>\n\t\t\t\t\t<a class=\"rollover rollover-zoom dt-pswp-item\" title=\"11f6bbfb-7831-45bf-a26c-52c2f0070ecc\" data-dt-img-description=\"\" data-large_image_width=\"2000\" data-large_image_height=\"1500\"href='https:\/\/www.radiopiu.net\/wordpress\/wp-content\/uploads\/2026\/04\/11f6bbfb-7831-45bf-a26c-52c2f0070ecc.jpg'><img loading=\"lazy\" decoding=\"async\" width=\"150\" height=\"150\" src=\"https:\/\/www.radiopiu.net\/wordpress\/wp-content\/uploads\/2026\/04\/11f6bbfb-7831-45bf-a26c-52c2f0070ecc-150x150.jpg\" class=\"attachment-thumbnail size-thumbnail\" alt=\"\" \/><\/a>\n\t\t\t\t<\/dt><\/dl><dl class='gallery-item'>\n\t\t\t\t<dt class='gallery-icon landscape'>\n\t\t\t\t\t<a class=\"rollover rollover-zoom dt-pswp-item\" title=\"805633d9-adff-4071-a511-a910dac8228f\" data-dt-img-description=\"\" data-large_image_width=\"2000\" data-large_image_height=\"1500\"href='https:\/\/www.radiopiu.net\/wordpress\/wp-content\/uploads\/2026\/04\/805633d9-adff-4071-a511-a910dac8228f.jpg'><img loading=\"lazy\" decoding=\"async\" width=\"150\" height=\"150\" src=\"https:\/\/www.radiopiu.net\/wordpress\/wp-content\/uploads\/2026\/04\/805633d9-adff-4071-a511-a910dac8228f-150x150.jpg\" class=\"attachment-thumbnail size-thumbnail\" alt=\"\" \/><\/a>\n\t\t\t\t<\/dt><\/dl><br style=\"clear: both\" \/>\n\t\t\t<\/div>\n\n<hr \/>\n<p>&nbsp;<\/p>\n<h2 style=\"text-align: center;\"><span style=\"color: #cc99ff;\">BATTI CINQUE&#8230;CON MARINA ED ALESSIO<\/span><\/h2>\n<p><strong><a class=\"dt-pswp-item\" href=\"https:\/\/www.radiopiu.net\/wordpress\/wp-content\/uploads\/2024\/10\/2b41afd1-2910-40a2-aa8e-1f6263104f30.jpg\" data-dt-img-description=\"\" data-large_image_width=\"2048\" data-large_image_height=\"1536\"><img loading=\"lazy\" decoding=\"async\" class=\" wp-image-415813 alignleft\" src=\"https:\/\/www.radiopiu.net\/wordpress\/wp-content\/uploads\/2024\/10\/2b41afd1-2910-40a2-aa8e-1f6263104f30-300x225.jpg\" alt=\"\" width=\"135\" height=\"101\" srcset=\"https:\/\/www.radiopiu.net\/wordpress\/wp-content\/uploads\/2024\/10\/2b41afd1-2910-40a2-aa8e-1f6263104f30-300x225.jpg 300w, https:\/\/www.radiopiu.net\/wordpress\/wp-content\/uploads\/2024\/10\/2b41afd1-2910-40a2-aa8e-1f6263104f30-1024x768.jpg 1024w, https:\/\/www.radiopiu.net\/wordpress\/wp-content\/uploads\/2024\/10\/2b41afd1-2910-40a2-aa8e-1f6263104f30-768x576.jpg 768w, https:\/\/www.radiopiu.net\/wordpress\/wp-content\/uploads\/2024\/10\/2b41afd1-2910-40a2-aa8e-1f6263104f30-1536x1152.jpg 1536w, https:\/\/www.radiopiu.net\/wordpress\/wp-content\/uploads\/2024\/10\/2b41afd1-2910-40a2-aa8e-1f6263104f30.jpg 2048w\" sizes=\"auto, (max-width: 135px) 100vw, 135px\" \/><\/a>REDAZIONE<\/strong> Un confronto tra generazioni, lo si pu\u00f2 definire cos\u00ec il nuovo programma pomeridiano di Radio Pi\u00f9. &#8220;Batti Cinque&#8221; il titolo del contenitore in onda il mercoled\u00ec dalle 15 a cadenza quindicinale. In studio Marina ed Alessio<\/p>\n<p><span style=\"color: #ff0000;\"><strong>\u00a0<\/strong><\/span><\/p>\n<p>&nbsp;<\/p>\n<p><span style=\"color: #ff0000;\"><strong>PUNTATA 40 PRIMA PARTE<\/strong><\/span><\/p>\n<audio class=\"wp-audio-shortcode\" id=\"audio-509378-14\" preload=\"none\" style=\"width: 100%;\" controls=\"controls\"><source type=\"audio\/mpeg\" src=\"https:\/\/www.radiopiu.net\/wordpress\/wp-content\/uploads\/2026\/04\/BATTI-5-35-PUNTATA-1.mp3?_=14\" \/><a href=\"https:\/\/www.radiopiu.net\/wordpress\/wp-content\/uploads\/2026\/04\/BATTI-5-35-PUNTATA-1.mp3\">https:\/\/www.radiopiu.net\/wordpress\/wp-content\/uploads\/2026\/04\/BATTI-5-35-PUNTATA-1.mp3<\/a><\/audio>\n<p><span style=\"color: #ff0000;\">\u00a0<\/span><\/p>\n<p><span style=\"color: #ff0000;\"><strong>SECONDA PARTE<\/strong><\/span><\/p>\n<audio class=\"wp-audio-shortcode\" id=\"audio-509378-15\" preload=\"none\" style=\"width: 100%;\" controls=\"controls\"><source type=\"audio\/mpeg\" src=\"https:\/\/www.radiopiu.net\/wordpress\/wp-content\/uploads\/2026\/04\/BATTI-5-35-PUNTATA-2.mp3?_=15\" \/><a href=\"https:\/\/www.radiopiu.net\/wordpress\/wp-content\/uploads\/2026\/04\/BATTI-5-35-PUNTATA-2.mp3\">https:\/\/www.radiopiu.net\/wordpress\/wp-content\/uploads\/2026\/04\/BATTI-5-35-PUNTATA-2.mp3<\/a><\/audio>\n<p><span style=\"color: #ff0000;\">\u00a0<\/span><\/p>\n<p><span style=\"color: #ff0000;\"><strong>TERZA PARTE<\/strong><\/span><\/p>\n<audio class=\"wp-audio-shortcode\" id=\"audio-509378-16\" preload=\"none\" style=\"width: 100%;\" controls=\"controls\"><source type=\"audio\/mpeg\" src=\"https:\/\/www.radiopiu.net\/wordpress\/wp-content\/uploads\/2026\/04\/BATTI-5-35-PUNTATA-3.mp3?_=16\" \/><a href=\"https:\/\/www.radiopiu.net\/wordpress\/wp-content\/uploads\/2026\/04\/BATTI-5-35-PUNTATA-3.mp3\">https:\/\/www.radiopiu.net\/wordpress\/wp-content\/uploads\/2026\/04\/BATTI-5-35-PUNTATA-3.mp3<\/a><\/audio>\n<p>&nbsp;<\/p>\n<h2><strong>LA RACCOLTA COMPLETA <span style=\"color: #3366ff;\">CLICCA QUI<\/span><\/strong><\/h2>\n<p>&nbsp;<\/p>\n<hr \/>\n<p>&nbsp;<\/p>\n<h2 style=\"text-align: center;\"><span style=\"color: #ff00ff;\">IL PRIMO MAGGIO CON I BOCE DA RIF AD AGORDO<\/span><\/h2>\n<p><strong><a class=\"dt-pswp-item\" href=\"https:\/\/www.radiopiu.net\/wordpress\/wp-content\/uploads\/2026\/04\/488253778_1085184736963059_1199608985807734_n.jpg\" data-dt-img-description=\"\" data-large_image_width=\"2048\" data-large_image_height=\"1153\"><img loading=\"lazy\" decoding=\"async\" class=\"aligncenter size-medium wp-image-506627\" src=\"https:\/\/www.radiopiu.net\/wordpress\/wp-content\/uploads\/2026\/04\/488253778_1085184736963059_1199608985807734_n-300x169.jpg\" alt=\"\" width=\"300\" height=\"169\" srcset=\"https:\/\/www.radiopiu.net\/wordpress\/wp-content\/uploads\/2026\/04\/488253778_1085184736963059_1199608985807734_n-300x169.jpg 300w, https:\/\/www.radiopiu.net\/wordpress\/wp-content\/uploads\/2026\/04\/488253778_1085184736963059_1199608985807734_n-1024x577.jpg 1024w, https:\/\/www.radiopiu.net\/wordpress\/wp-content\/uploads\/2026\/04\/488253778_1085184736963059_1199608985807734_n-768x432.jpg 768w, https:\/\/www.radiopiu.net\/wordpress\/wp-content\/uploads\/2026\/04\/488253778_1085184736963059_1199608985807734_n-1536x865.jpg 1536w, https:\/\/www.radiopiu.net\/wordpress\/wp-content\/uploads\/2026\/04\/488253778_1085184736963059_1199608985807734_n.jpg 2048w\" sizes=\"auto, (max-width: 300px) 100vw, 300px\" \/><\/a>\u00a0<\/strong><\/p>\n<p><strong>DI MIRKO MEZZACASA<\/strong><\/p>\n<p>OSPITE: Eva Olivier<\/p>\n<audio class=\"wp-audio-shortcode\" id=\"audio-509378-17\" preload=\"none\" style=\"width: 100%;\" controls=\"controls\"><source type=\"audio\/mpeg\" src=\"https:\/\/www.radiopiu.net\/wordpress\/wp-content\/uploads\/2026\/04\/rif-di-agordo-2026-eva-olivier.mp3?_=17\" \/><a href=\"https:\/\/www.radiopiu.net\/wordpress\/wp-content\/uploads\/2026\/04\/rif-di-agordo-2026-eva-olivier.mp3\">https:\/\/www.radiopiu.net\/wordpress\/wp-content\/uploads\/2026\/04\/rif-di-agordo-2026-eva-olivier.mp3<\/a><\/audio>\n<p>&nbsp;<\/p>\n<hr \/>\n<p>&nbsp;<\/p>\n<blockquote class=\"wp-embedded-content\" data-secret=\"Ss5HgNhiBE\"><p><a href=\"https:\/\/www.radiopiu.net\/wordpress\/curiosando-il-programmaa\/\">CURIOSANDO&#8230; IL PROGRAMMA DI PAOLA LANCIATO<\/a><\/p><\/blockquote>\n<p><iframe loading=\"lazy\" class=\"wp-embedded-content\" sandbox=\"allow-scripts\" security=\"restricted\" style=\"position: absolute; visibility: hidden;\" title=\"&#8220;CURIOSANDO&#8230; IL PROGRAMMA DI PAOLA LANCIATO&#8221; &#8212; Radio Pi\u00f9\" src=\"https:\/\/www.radiopiu.net\/wordpress\/curiosando-il-programmaa\/embed\/#?secret=jBzhTrmLD3#?secret=Ss5HgNhiBE\" data-secret=\"Ss5HgNhiBE\" width=\"600\" height=\"338\" frameborder=\"0\" marginwidth=\"0\" marginheight=\"0\" scrolling=\"no\"><\/iframe><\/p>\n<p>&nbsp;<\/p>\n<hr \/>\n<p>&nbsp;<\/p>\n<h2 style=\"text-align: center;\"><span style=\"color: #99cc00;\">AL DOLOMITI BEER &amp; WINE SHOP DI TAIBON SI PARLA SPAGNOLO<\/span><\/h2>\n<p><strong>TAIBON<\/strong> Tornano le degustazioni al Dolomiti Beer &amp; Wine Shop da Napi a Taibon. Appuntamento da non perdere oggi dalle 17 alle 19 con un selezioni di vini spagnoli. Lo staff vi aspetta per farvi assaggiare le specialit\u00e0 vinicole della Spagna.<\/p>\n<p><a class=\"dt-pswp-item\" href=\"https:\/\/www.radiopiu.net\/wordpress\/wp-content\/uploads\/2026\/04\/30-APRILE.jpg\" data-dt-img-description=\"\" data-large_image_width=\"1080\" data-large_image_height=\"1080\"><img loading=\"lazy\" decoding=\"async\" class=\"aligncenter size-medium wp-image-509325\" src=\"https:\/\/www.radiopiu.net\/wordpress\/wp-content\/uploads\/2026\/04\/30-APRILE-300x300.jpg\" alt=\"\" width=\"300\" height=\"300\" srcset=\"https:\/\/www.radiopiu.net\/wordpress\/wp-content\/uploads\/2026\/04\/30-APRILE-300x300.jpg 300w, https:\/\/www.radiopiu.net\/wordpress\/wp-content\/uploads\/2026\/04\/30-APRILE-1024x1024.jpg 1024w, https:\/\/www.radiopiu.net\/wordpress\/wp-content\/uploads\/2026\/04\/30-APRILE-150x150.jpg 150w, https:\/\/www.radiopiu.net\/wordpress\/wp-content\/uploads\/2026\/04\/30-APRILE-768x768.jpg 768w, https:\/\/www.radiopiu.net\/wordpress\/wp-content\/uploads\/2026\/04\/30-APRILE.jpg 1080w\" sizes=\"auto, (max-width: 300px) 100vw, 300px\" \/><\/a><\/p>\n<p>&nbsp;<\/p>\n<p>&nbsp;<\/p>\n<hr \/>\n<p>&nbsp;<\/p>\n<p><span style=\"color: #ff0000;\"><img loading=\"lazy\" decoding=\"async\" class=\"wp-image-61958 size-full aligncenter\" src=\"https:\/\/www.radiopiu.net\/wordpress\/wp-content\/uploads\/2018\/09\/appuntamenti.jpeg\" alt=\"\" width=\"800\" height=\"100\" srcset=\"https:\/\/www.radiopiu.net\/wordpress\/wp-content\/uploads\/2018\/09\/appuntamenti.jpeg 800w, https:\/\/www.radiopiu.net\/wordpress\/wp-content\/uploads\/2018\/09\/appuntamenti-300x38.jpeg 300w, https:\/\/www.radiopiu.net\/wordpress\/wp-content\/uploads\/2018\/09\/appuntamenti-768x96.jpeg 768w\" sizes=\"auto, (max-width: 800px) 100vw, 800px\" \/><\/span><\/p>\n\n\t\t\t<style type='text\/css'>\n\t\t\t\t#gallery-6 {\n\t\t\t\t\tmargin: auto;\n\t\t\t\t}\n\t\t\t\t#gallery-6 .gallery-item {\n\t\t\t\t\tfloat: left;\n\t\t\t\t\tmargin-top: 10px;\n\t\t\t\t\ttext-align: center;\n\t\t\t\t\twidth: 20%;\n\t\t\t\t}\n\t\t\t\t#gallery-6 img {\n\t\t\t\t\tborder: 2px solid #cfcfcf;\n\t\t\t\t}\n\t\t\t\t#gallery-6 .gallery-caption {\n\t\t\t\t\tmargin-left: 0;\n\t\t\t\t}\n\t\t\t\t\/* see gallery_shortcode() in wp-includes\/media.php *\/\n\t\t\t<\/style>\n\t\t<div id='gallery-6' class='dt-gallery-container gallery galleryid-509378 gallery-columns-5 gallery-size-thumbnail'><dl class='gallery-item'>\n\t\t\t\t<dt class='gallery-icon portrait'>\n\t\t\t\t\t<a class=\"rollover rollover-zoom dt-pswp-item\" title=\"9a582681-8587-4df5-b606-7f412ac4a276\" data-dt-img-description=\"\" data-large_image_width=\"1240\" data-large_image_height=\"1754\"href='https:\/\/www.radiopiu.net\/wordpress\/wp-content\/uploads\/2026\/04\/9a582681-8587-4df5-b606-7f412ac4a276.jpg'><img loading=\"lazy\" decoding=\"async\" width=\"150\" height=\"150\" src=\"https:\/\/www.radiopiu.net\/wordpress\/wp-content\/uploads\/2026\/04\/9a582681-8587-4df5-b606-7f412ac4a276-150x150.jpg\" class=\"attachment-thumbnail size-thumbnail\" alt=\"\" \/><\/a>\n\t\t\t\t<\/dt><\/dl><dl class='gallery-item'>\n\t\t\t\t<dt class='gallery-icon portrait'>\n\t\t\t\t\t<a class=\"rollover rollover-zoom dt-pswp-item\" title=\"Prejentazion ATLANTE TOPONOMASTICO\" data-dt-img-description=\"\" data-large_image_width=\"1754\" data-large_image_height=\"2480\"href='https:\/\/www.radiopiu.net\/wordpress\/wp-content\/uploads\/2026\/04\/Prejentazion-ATLANTE-TOPONOMASTICO.jpg'><img loading=\"lazy\" decoding=\"async\" width=\"150\" height=\"150\" src=\"https:\/\/www.radiopiu.net\/wordpress\/wp-content\/uploads\/2026\/04\/Prejentazion-ATLANTE-TOPONOMASTICO-150x150.jpg\" class=\"attachment-thumbnail size-thumbnail\" alt=\"\" \/><\/a>\n\t\t\t\t<\/dt><\/dl><dl class='gallery-item'>\n\t\t\t\t<dt class='gallery-icon portrait'>\n\t\t\t\t\t<a class=\"rollover rollover-zoom dt-pswp-item\" title=\"WhatsApp Image 2026-04-27 at 16.11.33\" data-dt-img-description=\"\" data-large_image_width=\"1131\" data-large_image_height=\"1600\"href='https:\/\/www.radiopiu.net\/wordpress\/wp-content\/uploads\/2026\/04\/WhatsApp-Image-2026-04-27-at-16.11.33.jpeg'><img loading=\"lazy\" decoding=\"async\" width=\"150\" height=\"150\" src=\"https:\/\/www.radiopiu.net\/wordpress\/wp-content\/uploads\/2026\/04\/WhatsApp-Image-2026-04-27-at-16.11.33-150x150.jpeg\" class=\"attachment-thumbnail size-thumbnail\" alt=\"\" \/><\/a>\n\t\t\t\t<\/dt><\/dl><dl class='gallery-item'>\n\t\t\t\t<dt class='gallery-icon portrait'>\n\t\t\t\t\t<a class=\"rollover rollover-zoom dt-pswp-item\" title=\"1000096151\" data-dt-img-description=\"\" data-large_image_width=\"905\" data-large_image_height=\"1280\"href='https:\/\/www.radiopiu.net\/wordpress\/wp-content\/uploads\/2026\/04\/1000096151.jpg'><img loading=\"lazy\" decoding=\"async\" width=\"150\" height=\"150\" src=\"https:\/\/www.radiopiu.net\/wordpress\/wp-content\/uploads\/2026\/04\/1000096151-150x150.jpg\" class=\"attachment-thumbnail size-thumbnail\" alt=\"\" \/><\/a>\n\t\t\t\t<\/dt><\/dl><dl class='gallery-item'>\n\t\t\t\t<dt class='gallery-icon portrait'>\n\t\t\t\t\t<a class=\"rollover rollover-zoom dt-pswp-item\" title=\"ad42cc66-7054-4c91-87b7-d7c7dc136a96\" data-dt-img-description=\"\" data-large_image_width=\"842\" data-large_image_height=\"1191\"href='https:\/\/www.radiopiu.net\/wordpress\/wp-content\/uploads\/2026\/04\/ad42cc66-7054-4c91-87b7-d7c7dc136a96.jpg'><img loading=\"lazy\" decoding=\"async\" width=\"150\" height=\"150\" src=\"https:\/\/www.radiopiu.net\/wordpress\/wp-content\/uploads\/2026\/04\/ad42cc66-7054-4c91-87b7-d7c7dc136a96-150x150.jpg\" class=\"attachment-thumbnail size-thumbnail\" alt=\"\" \/><\/a>\n\t\t\t\t<\/dt><\/dl><br style=\"clear: both\" \/><dl class='gallery-item'>\n\t\t\t\t<dt class='gallery-icon portrait'>\n\t\t\t\t\t<a class=\"rollover rollover-zoom dt-pswp-item\" title=\"54a3ec7a-a263-4781-8fb5-d822527d27f1\" data-dt-img-description=\"\" data-large_image_width=\"1131\" data-large_image_height=\"1600\"href='https:\/\/www.radiopiu.net\/wordpress\/wp-content\/uploads\/2026\/04\/54a3ec7a-a263-4781-8fb5-d822527d27f1.jpg'><img loading=\"lazy\" decoding=\"async\" width=\"150\" height=\"150\" src=\"https:\/\/www.radiopiu.net\/wordpress\/wp-content\/uploads\/2026\/04\/54a3ec7a-a263-4781-8fb5-d822527d27f1-150x150.jpg\" class=\"attachment-thumbnail size-thumbnail\" alt=\"\" \/><\/a>\n\t\t\t\t<\/dt><\/dl><dl class='gallery-item'>\n\t\t\t\t<dt class='gallery-icon portrait'>\n\t\t\t\t\t<a class=\"rollover rollover-zoom dt-pswp-item\" title=\"8 MAGGIO MEL\" data-dt-img-description=\"\" data-large_image_width=\"1079\" data-large_image_height=\"1528\"href='https:\/\/www.radiopiu.net\/wordpress\/wp-content\/uploads\/2026\/04\/8-MAGGIO-MEL.jpg'><img loading=\"lazy\" decoding=\"async\" width=\"150\" height=\"150\" src=\"https:\/\/www.radiopiu.net\/wordpress\/wp-content\/uploads\/2026\/04\/8-MAGGIO-MEL-150x150.jpg\" class=\"attachment-thumbnail size-thumbnail\" alt=\"\" \/><\/a>\n\t\t\t\t<\/dt><\/dl><dl class='gallery-item'>\n\t\t\t\t<dt class='gallery-icon portrait'>\n\t\t\t\t\t<a class=\"rollover rollover-zoom dt-pswp-item\" title=\"ljhdlka\" data-dt-img-description=\"\" data-large_image_width=\"670\" data-large_image_height=\"948\"href='https:\/\/www.radiopiu.net\/wordpress\/wp-content\/uploads\/2026\/04\/ljhdlka.jpg'><img loading=\"lazy\" decoding=\"async\" width=\"150\" height=\"150\" src=\"https:\/\/www.radiopiu.net\/wordpress\/wp-content\/uploads\/2026\/04\/ljhdlka-150x150.jpg\" class=\"attachment-thumbnail size-thumbnail\" alt=\"\" \/><\/a>\n\t\t\t\t<\/dt><\/dl><dl class='gallery-item'>\n\t\t\t\t<dt class='gallery-icon portrait'>\n\t\t\t\t\t<a class=\"rollover rollover-zoom dt-pswp-item\" title=\"1000647926\" data-dt-img-description=\"\" data-large_image_width=\"678\" data-large_image_height=\"960\"href='https:\/\/www.radiopiu.net\/wordpress\/wp-content\/uploads\/2026\/04\/1000647926.jpg'><img loading=\"lazy\" decoding=\"async\" width=\"150\" height=\"150\" src=\"https:\/\/www.radiopiu.net\/wordpress\/wp-content\/uploads\/2026\/04\/1000647926-150x150.jpg\" class=\"attachment-thumbnail size-thumbnail\" alt=\"\" \/><\/a>\n\t\t\t\t<\/dt><\/dl><dl class='gallery-item'>\n\t\t\t\t<dt class='gallery-icon portrait'>\n\t\t\t\t\t<a class=\"rollover rollover-zoom dt-pswp-item\" title=\"1000089694\" data-dt-img-description=\"\" data-large_image_width=\"1131\" data-large_image_height=\"1600\"href='https:\/\/www.radiopiu.net\/wordpress\/wp-content\/uploads\/2026\/04\/1000089694.jpg'><img loading=\"lazy\" decoding=\"async\" width=\"150\" height=\"150\" src=\"https:\/\/www.radiopiu.net\/wordpress\/wp-content\/uploads\/2026\/04\/1000089694-150x150.jpg\" class=\"attachment-thumbnail size-thumbnail\" alt=\"\" \/><\/a>\n\t\t\t\t<\/dt><\/dl><br style=\"clear: both\" \/><dl class='gallery-item'>\n\t\t\t\t<dt class='gallery-icon portrait'>\n\t\t\t\t\t<a class=\"rollover rollover-zoom dt-pswp-item\" title=\"1e4df16e-dd64-4fbc-9578-d30bd96027ac\" data-dt-img-description=\"\" data-large_image_width=\"1810\" data-large_image_height=\"2560\"href='https:\/\/www.radiopiu.net\/wordpress\/wp-content\/uploads\/2026\/04\/1e4df16e-dd64-4fbc-9578-d30bd96027ac.jpg'><img loading=\"lazy\" decoding=\"async\" width=\"150\" height=\"150\" src=\"https:\/\/www.radiopiu.net\/wordpress\/wp-content\/uploads\/2026\/04\/1e4df16e-dd64-4fbc-9578-d30bd96027ac-150x150.jpg\" class=\"attachment-thumbnail size-thumbnail\" alt=\"\" \/><\/a>\n\t\t\t\t<\/dt><\/dl><dl class='gallery-item'>\n\t\t\t\t<dt class='gallery-icon portrait'>\n\t\t\t\t\t<a class=\"rollover rollover-zoom dt-pswp-item\" title=\"ac3bec6c-9d20-4068-b6cc-fe32828b8691\" data-dt-img-description=\"\" data-large_image_width=\"939\" data-large_image_height=\"1302\"href='https:\/\/www.radiopiu.net\/wordpress\/wp-content\/uploads\/2026\/03\/ac3bec6c-9d20-4068-b6cc-fe32828b8691.jpg'><img loading=\"lazy\" decoding=\"async\" width=\"150\" height=\"150\" src=\"https:\/\/www.radiopiu.net\/wordpress\/wp-content\/uploads\/2026\/03\/ac3bec6c-9d20-4068-b6cc-fe32828b8691-150x150.jpg\" class=\"attachment-thumbnail size-thumbnail\" alt=\"\" \/><\/a>\n\t\t\t\t<\/dt><\/dl><dl class='gallery-item'>\n\t\t\t\t<dt class='gallery-icon portrait'>\n\t\t\t\t\t<a class=\"rollover rollover-zoom dt-pswp-item\" title=\"oC0c5oUr-7i9\" data-dt-img-description=\"\" data-large_image_width=\"600\" data-large_image_height=\"849\"href='https:\/\/www.radiopiu.net\/wordpress\/wp-content\/uploads\/2026\/04\/oC0c5oUr-7i9.jpg'><img loading=\"lazy\" decoding=\"async\" width=\"150\" height=\"150\" src=\"https:\/\/www.radiopiu.net\/wordpress\/wp-content\/uploads\/2026\/04\/oC0c5oUr-7i9-150x150.jpg\" class=\"attachment-thumbnail size-thumbnail\" alt=\"\" \/><\/a>\n\t\t\t\t<\/dt><\/dl><dl class='gallery-item'>\n\t\t\t\t<dt class='gallery-icon portrait'>\n\t\t\t\t\t<a class=\"rollover rollover-zoom dt-pswp-item\" title=\"Grandiosamente locandina 2026\" data-dt-img-description=\"\" data-large_image_width=\"1240\" data-large_image_height=\"1754\"href='https:\/\/www.radiopiu.net\/wordpress\/wp-content\/uploads\/2026\/03\/Grandiosamente-locandina-2026.jpg'><img loading=\"lazy\" decoding=\"async\" width=\"150\" height=\"150\" src=\"https:\/\/www.radiopiu.net\/wordpress\/wp-content\/uploads\/2026\/03\/Grandiosamente-locandina-2026-150x150.jpg\" class=\"attachment-thumbnail size-thumbnail\" alt=\"\" \/><\/a>\n\t\t\t\t<\/dt><\/dl><dl class='gallery-item'>\n\t\t\t\t<dt class='gallery-icon portrait'>\n\t\t\t\t\t<a class=\"rollover rollover-zoom dt-pswp-item\" title=\"649829132_1399275798668081_1623068814339304057_n\" data-dt-img-description=\"\" data-large_image_width=\"1131\" data-large_image_height=\"1600\"href='https:\/\/www.radiopiu.net\/wordpress\/wp-content\/uploads\/2026\/03\/649829132_1399275798668081_1623068814339304057_n.jpg'><img loading=\"lazy\" decoding=\"async\" width=\"150\" height=\"150\" src=\"https:\/\/www.radiopiu.net\/wordpress\/wp-content\/uploads\/2026\/03\/649829132_1399275798668081_1623068814339304057_n-150x150.jpg\" class=\"attachment-thumbnail size-thumbnail\" alt=\"\" \/><\/a>\n\t\t\t\t<\/dt><\/dl><br style=\"clear: both\" \/><dl class='gallery-item'>\n\t\t\t\t<dt class='gallery-icon portrait'>\n\t\t\t\t\t<a class=\"rollover rollover-zoom dt-pswp-item\" title=\"Comune di Limana Fantalibrando Locandina istituzionale\" data-dt-img-description=\"\" data-large_image_width=\"1240\" data-large_image_height=\"1754\"href='https:\/\/www.radiopiu.net\/wordpress\/wp-content\/uploads\/2026\/03\/Comune-di-Limana-Fantalibrando-Locandina-istituzionale.jpg'><img loading=\"lazy\" decoding=\"async\" width=\"150\" height=\"150\" src=\"https:\/\/www.radiopiu.net\/wordpress\/wp-content\/uploads\/2026\/03\/Comune-di-Limana-Fantalibrando-Locandina-istituzionale-150x150.jpg\" class=\"attachment-thumbnail size-thumbnail\" alt=\"\" \/><\/a>\n\t\t\t\t<\/dt><\/dl><dl class='gallery-item'>\n\t\t\t\t<dt class='gallery-icon portrait'>\n\t\t\t\t\t<a class=\"rollover rollover-zoom dt-pswp-item\" title=\"LocandinaA3Concerto60\" data-dt-img-description=\"\" data-large_image_width=\"1810\" data-large_image_height=\"2560\"href='https:\/\/www.radiopiu.net\/wordpress\/wp-content\/uploads\/2026\/04\/LocandinaA3Concerto60-scaled.jpg'><img loading=\"lazy\" decoding=\"async\" width=\"150\" height=\"150\" src=\"https:\/\/www.radiopiu.net\/wordpress\/wp-content\/uploads\/2026\/04\/LocandinaA3Concerto60-150x150.jpg\" class=\"attachment-thumbnail size-thumbnail\" alt=\"\" \/><\/a>\n\t\t\t\t<\/dt><\/dl><dl class='gallery-item'>\n\t\t\t\t<dt class='gallery-icon portrait'>\n\t\t\t\t\t<a class=\"rollover rollover-zoom dt-pswp-item\" title=\"a3749080-1a18-49e5-ac64-b214cb864fb3\" data-dt-img-description=\"\" data-large_image_width=\"1131\" data-large_image_height=\"1600\"href='https:\/\/www.radiopiu.net\/wordpress\/wp-content\/uploads\/2026\/03\/a3749080-1a18-49e5-ac64-b214cb864fb3.jpg'><img loading=\"lazy\" decoding=\"async\" width=\"150\" height=\"150\" src=\"https:\/\/www.radiopiu.net\/wordpress\/wp-content\/uploads\/2026\/03\/a3749080-1a18-49e5-ac64-b214cb864fb3-150x150.jpg\" class=\"attachment-thumbnail size-thumbnail\" alt=\"\" \/><\/a>\n\t\t\t\t<\/dt><\/dl><dl class='gallery-item'>\n\t\t\t\t<dt class='gallery-icon portrait'>\n\t\t\t\t\t<a class=\"rollover rollover-zoom dt-pswp-item\" title=\"b0d67f90-d904-4b63-b518-a812c647cad7\" data-dt-img-description=\"\" data-large_image_width=\"1024\" data-large_image_height=\"1536\"href='https:\/\/www.radiopiu.net\/wordpress\/wp-content\/uploads\/2026\/04\/b0d67f90-d904-4b63-b518-a812c647cad7.jpg'><img loading=\"lazy\" decoding=\"async\" width=\"150\" height=\"150\" src=\"https:\/\/www.radiopiu.net\/wordpress\/wp-content\/uploads\/2026\/04\/b0d67f90-d904-4b63-b518-a812c647cad7-150x150.jpg\" class=\"attachment-thumbnail size-thumbnail\" alt=\"\" \/><\/a>\n\t\t\t\t<\/dt><\/dl>\n\t\t\t\t<br style='clear: both' \/>\n\t\t\t<\/div>\n\n<p>&nbsp;<\/p>\n<p>&nbsp;<\/p>\n<hr \/>\n<p>&nbsp;<\/p>\n<p class=\"mceTemp\"><a class=\"dt-pswp-item\" href=\"https:\/\/www.radiopiu.net\/wordpress\/wp-content\/uploads\/2018\/09\/WhatsApp-Image-2018-09-20-at-16.04.06.jpeg\" data-dt-img-description=\"\" data-large_image_width=\"800\" data-large_image_height=\"100\"><img loading=\"lazy\" decoding=\"async\" class=\"wp-image-61378 size-full aligncenter\" src=\"https:\/\/www.radiopiu.net\/wordpress\/wp-content\/uploads\/2018\/09\/WhatsApp-Image-2018-09-20-at-16.04.06.jpeg\" alt=\"\" width=\"800\" height=\"100\" srcset=\"https:\/\/www.radiopiu.net\/wordpress\/wp-content\/uploads\/2018\/09\/WhatsApp-Image-2018-09-20-at-16.04.06.jpeg 800w, https:\/\/www.radiopiu.net\/wordpress\/wp-content\/uploads\/2018\/09\/WhatsApp-Image-2018-09-20-at-16.04.06-300x38.jpeg 300w, https:\/\/www.radiopiu.net\/wordpress\/wp-content\/uploads\/2018\/09\/WhatsApp-Image-2018-09-20-at-16.04.06-768x96.jpeg 768w\" sizes=\"auto, (max-width: 800px) 100vw, 800px\" \/><\/a><\/p>\n<p>&nbsp;<\/p>\n<p><center><b>OGGI<\/b><\/center>Nuvolosit\u00e0 in attenuazione, fino a prevalentemente soleggiato al mattino, nelle ore centrali e al pomeriggio saranno ancora possibili degli annuvolamenti a carattere cumuliforme, in genere innocui. Sulle Prealpi, il miglioramento sar\u00e0 ritardato con al mattino alternanza di schiarite e nuvolosit\u00e0 residua e in seguito cumuli pomeridiani. Verso sera maggiori sprazzi di sereno ovunque, fino a poco nuvoloso.<br \/>\n<b>Precipitazioni: <\/b>Tra la notte e l&#8217;alba possibili residue e modeste precipitazioni soprattutto nell&#8217;area prealpina, mentre sulle Dolomiti saranno generalmente assenti, con valori cumulati poco significativi. Nel corso della giornata saranno generalmente assenti, salvo isolate e sporadiche pioviggini.<br \/>\n<b>Temperature: <\/b>Minime in diminuzione specie nelle valli, massime in lieve o contenuta ripresa soprattutto sulle Dolomiti.<\/p>\n<hr \/>\n<p><center><b>DOMANI<\/b><\/center>Giornata primaverile con un tempo stabile e ben soleggiato a tutte le quote, aria tersa e ottima visibilit\u00e0.<br \/>\n<b>Precipitazioni: <\/b>Assenti<br \/>\n<b>Temperature: <\/b>Stazionarie o lieve calo nei valori minimi, aumento sensibile in quelli massimi<\/p>\n<hr \/>\n<p><center><b>SABATO<\/b><\/center>Cielo generalmente sereno con qualche innocuo cumulo al pomeriggio in montagna. Temperature in contenuto aumento.<\/p>\n<hr \/>\n<p><center><b>DOMENICA<\/b><\/center>Ancora stabile ma meno sereno rispetto a sabato per il passaggio nel corso del giorno di velature alte. Temperature stazionarie su valori sempre miti.<\/p>\n<p>&nbsp;<\/p>\n<p>&nbsp;<\/p>\n<hr \/>\n<p>&nbsp;<\/p>\n<p class=\"mceTemp\"><a class=\"dt-pswp-item\" href=\"https:\/\/www.radiopiu.net\/wordpress\/wp-content\/uploads\/2018\/09\/sport.jpg\" data-dt-img-description=\"\" data-large_image_width=\"800\" data-large_image_height=\"100\"><img loading=\"lazy\" decoding=\"async\" class=\"aligncenter wp-image-60761 size-full\" src=\"https:\/\/www.radiopiu.net\/wordpress\/wp-content\/uploads\/2018\/09\/sport.jpg\" alt=\"\" width=\"800\" height=\"100\" srcset=\"https:\/\/www.radiopiu.net\/wordpress\/wp-content\/uploads\/2018\/09\/sport.jpg 800w, https:\/\/www.radiopiu.net\/wordpress\/wp-content\/uploads\/2018\/09\/sport-300x38.jpg 300w, https:\/\/www.radiopiu.net\/wordpress\/wp-content\/uploads\/2018\/09\/sport-768x96.jpg 768w\" sizes=\"auto, (max-width: 800px) 100vw, 800px\" \/> <\/a><\/p>\n<p>&nbsp;<\/p>\n<p><span style=\"color: #0000ff;\"><strong>CALCIO<\/strong><\/span><\/p>\n<blockquote>\n<h3 style=\"text-align: center;\">AGORDINA CALCIO, SALVEZZA ALL\u2019ULTIMA GIORNATA<\/h3>\n<\/blockquote>\n<p><a class=\"dt-pswp-item\" href=\"https:\/\/www.radiopiu.net\/wordpress\/wp-content\/uploads\/2019\/09\/AGORDINA-CALCIO.jpeg\" data-dt-img-description=\"\" data-large_image_width=\"225\" data-large_image_height=\"225\"><img loading=\"lazy\" decoding=\"async\" class=\"aligncenter wp-image-97575\" src=\"https:\/\/www.radiopiu.net\/wordpress\/wp-content\/uploads\/2019\/09\/AGORDINA-CALCIO.jpeg\" alt=\"\" width=\"165\" height=\"165\" srcset=\"https:\/\/www.radiopiu.net\/wordpress\/wp-content\/uploads\/2019\/09\/AGORDINA-CALCIO.jpeg 225w, https:\/\/www.radiopiu.net\/wordpress\/wp-content\/uploads\/2019\/09\/AGORDINA-CALCIO-150x150.jpeg 150w\" sizes=\"auto, (max-width: 165px) 100vw, 165px\" \/><\/a><\/p>\n<p>L&#8217;Agordina Calcio conquista la salvezza matematica all\u2019ultima giornata di campionato grazie al punto ottenuto contro il Comelico in una gara che ha sancito il traguardo stagionale evitando i playout decisivi. La stagione \u00e8 stata caratterizzata da alti e bassi con momenti di grande solidit\u00e0 alternati a fasi di difficolt\u00e0 Tuttavia l\u2019obiettivo principale \u00e8 stato raggiunto mantenendo la categoria. Anche per il prossimo anno la squadra disputer\u00e0 il campionato di Seconda Categoria Veneto con l\u2019intento di costruire un percorso pi\u00f9 stabile e ambizioso<\/p>\n<p><strong>IL CAPITANO DELL&#8217;AGORDINA STEFANO FAVERO<\/strong><\/p>\n<audio class=\"wp-audio-shortcode\" id=\"audio-509378-18\" preload=\"none\" style=\"width: 100%;\" controls=\"controls\"><source type=\"audio\/mpeg\" src=\"https:\/\/www.radiopiu.net\/wordpress\/wp-content\/uploads\/2026\/04\/STE.mp3?_=18\" \/><a href=\"https:\/\/www.radiopiu.net\/wordpress\/wp-content\/uploads\/2026\/04\/STE.mp3\">https:\/\/www.radiopiu.net\/wordpress\/wp-content\/uploads\/2026\/04\/STE.mp3<\/a><\/audio>\n<p>&nbsp;<\/p>\n<p>&nbsp;<\/p>\n<p>**********<\/p>\n","protected":false},"excerpt":{"rendered":"<p>*********** &nbsp; LA\u00a0 \u00a0 APP LA\u00a0 APP PER IOS-IPHONE di Nicola Vettorello https:\/\/apps.apple.com\/it\/app\/radio-pi%C3%B9-emittente-agordina\/id1515939845 LA\u00a0 APP RADIO\u00a0 PER ANDROID di Nicola Vettorello https:\/\/play.google.com\/store\/apps\/details?id=net.radiopiu.iniko\u00a0 \u00a0 ore 6.35 da CANALE D&#8217;AGORDO IL BUONGIORNO DI JOHN FRANCIS DELLA PIETRA &nbsp; &nbsp; OGGI SU RADIO PI\u00d9: INFORMAZIONE, SPECIALI E MUSICA PER TUTTA LA GIORNATA Giornata ricca di appuntamenti oggi su&hellip;<\/p>\n","protected":false},"author":4,"featured_media":509594,"comment_status":"closed","ping_status":"closed","sticky":false,"template":"","format":"standard","meta":{"_monsterinsights_skip_tracking":false,"_monsterinsights_sitenote_active":false,"_monsterinsights_sitenote_note":"","_monsterinsights_sitenote_category":0,"footnotes":""},"categories":[51,86,49],"tags":[],"class_list":["post-509378","post","type-post","status-publish","format-standard","has-post-thumbnail","hentry","category-evidenza-top","category-gr","category-news-18","category-51","category-86","category-49","description-off"],"img_url":"https:\/\/www.radiopiu.net\/wordpress\/wp-content\/uploads\/2026\/04\/f61347ff-7273-43cb-a392-536a34609748.png","_links":{"self":[{"href":"https:\/\/www.radiopiu.net\/wordpress\/wp-json\/wp\/v2\/posts\/509378","targetHints":{"allow":["GET"]}}],"collection":[{"href":"https:\/\/www.radiopiu.net\/wordpress\/wp-json\/wp\/v2\/posts"}],"about":[{"href":"https:\/\/www.radiopiu.net\/wordpress\/wp-json\/wp\/v2\/types\/post"}],"author":[{"embeddable":true,"href":"https:\/\/www.radiopiu.net\/wordpress\/wp-json\/wp\/v2\/users\/4"}],"replies":[{"embeddable":true,"href":"https:\/\/www.radiopiu.net\/wordpress\/wp-json\/wp\/v2\/comments?post=509378"}],"version-history":[{"count":40,"href":"https:\/\/www.radiopiu.net\/wordpress\/wp-json\/wp\/v2\/posts\/509378\/revisions"}],"predecessor-version":[{"id":509620,"href":"https:\/\/www.radiopiu.net\/wordpress\/wp-json\/wp\/v2\/posts\/509378\/revisions\/509620"}],"wp:featuredmedia":[{"embeddable":true,"href":"https:\/\/www.radiopiu.net\/wordpress\/wp-json\/wp\/v2\/media\/509594"}],"wp:attachment":[{"href":"https:\/\/www.radiopiu.net\/wordpress\/wp-json\/wp\/v2\/media?parent=509378"}],"wp:term":[{"taxonomy":"category","embeddable":true,"href":"https:\/\/www.radiopiu.net\/wordpress\/wp-json\/wp\/v2\/categories?post=509378"},{"taxonomy":"post_tag","embeddable":true,"href":"https:\/\/www.radiopiu.net\/wordpress\/wp-json\/wp\/v2\/tags?post=509378"}],"curies":[{"name":"wp","href":"https:\/\/api.w.org\/{rel}","templated":true}]}}