{"id":509450,"date":"2026-04-29T09:16:21","date_gmt":"2026-04-29T07:16:21","guid":{"rendered":"https:\/\/www.radiopiu.net\/wordpress\/?p=509450"},"modified":"2026-04-29T09:16:31","modified_gmt":"2026-04-29T07:16:31","slug":"imparare-o-delegare-la-scelta-che-cambia-il-futuro","status":"publish","type":"post","link":"https:\/\/www.radiopiu.net\/wordpress\/imparare-o-delegare-la-scelta-che-cambia-il-futuro\/","title":{"rendered":"IMPARARE O DELEGARE: LA SCELTA CHE CAMBIA IL FUTURO"},"content":{"rendered":"<p>***<\/p>\n<p><strong><a class=\"dt-pswp-item\" href=\"https:\/\/www.radiopiu.net\/wordpress\/wp-content\/uploads\/2026\/04\/701d3aa9-02b2-4bc9-a947-5b486c6dbd63.png\" data-dt-img-description=\"\" data-large_image_width=\"1536\" data-large_image_height=\"1024\"><img loading=\"lazy\" decoding=\"async\" class=\"aligncenter  wp-image-509451\" src=\"https:\/\/www.radiopiu.net\/wordpress\/wp-content\/uploads\/2026\/04\/701d3aa9-02b2-4bc9-a947-5b486c6dbd63-300x200.png\" alt=\"\" width=\"365\" height=\"243\" srcset=\"https:\/\/www.radiopiu.net\/wordpress\/wp-content\/uploads\/2026\/04\/701d3aa9-02b2-4bc9-a947-5b486c6dbd63-300x200.png 300w, https:\/\/www.radiopiu.net\/wordpress\/wp-content\/uploads\/2026\/04\/701d3aa9-02b2-4bc9-a947-5b486c6dbd63-1024x683.png 1024w, https:\/\/www.radiopiu.net\/wordpress\/wp-content\/uploads\/2026\/04\/701d3aa9-02b2-4bc9-a947-5b486c6dbd63-768x512.png 768w, https:\/\/www.radiopiu.net\/wordpress\/wp-content\/uploads\/2026\/04\/701d3aa9-02b2-4bc9-a947-5b486c6dbd63.png 1536w\" sizes=\"auto, (max-width: 365px) 100vw, 365px\" \/><\/a>di Walter Giolai<\/strong><\/p>\n<div class=\"Transition MessageList custom-scroll no-avatars with-default-bg scrolled with-bottom-snap\" data-normal-height=\"805\">\n<div class=\"Transition_slide Transition_slide-active\">\n<div class=\"messages-container\">\n<div class=\"message-date-group\">\n<div id=\"message-30857\" class=\"shown open Message message-list-item first-in-group allow-selection last-in-group last-in-list has-menu-open\" data-message-id=\"30857\">\n<div class=\"message-content-wrapper can-select-text\">\n<div class=\"message-content peer-color-1 text has-shadow has-solid-background has-appendix has-footer\" dir=\"auto\">\n<div class=\"content-inner\" dir=\"auto\">\n<blockquote>\n<div class=\"text-content clearfix with-meta\" dir=\"auto\" style=\"text-align: center;\"><em>L\u2019asimmetria che si crea tra chi sa pensare con l\u2019IA e chi sa solo delegare all\u2019IA.<\/em><\/div>\n<\/blockquote>\n<div class=\"text-content clearfix with-meta\" dir=\"auto\">\n<p>La fiaba di Rodari \u2018la macchina per fare i compiti\u2019 mi ha dato lo spunto per una riflessione sull\u2019uso che stiamo facendo di uno strumento potente come l\u2019 intelligenza artificiale. Dalla presentazione di chatGPT nel novembre 2022 questa tecnologia ha fatto passi incredibili. Siamo passati da attivit\u00e0 relativamente banali, ma che nel 2022 sembravano gi\u00e0 fantascienza, alla esecuzione di compiti che metterebbero in difficolt\u00e0 la maggior parte di noi sia per complessit\u00e0 che per velocit\u00e0 di esecuzione.<\/p>\n<p data-start=\"121\" data-end=\"189\"><strong data-start=\"121\" data-end=\"187\">PENSARE CON L\u2019IA O DELEGARE ALL\u2019IA? LA NUOVA FRATTURA DIGITALE<\/strong><\/p>\n<p>Ma c\u2019\u00e8 una domanda che dobbiamo iniziare a porci ogniqualvolta stiamo per digitare un prompt: \u2018 stiamo pensando con l\u2019IA o stiamo solo delegando all\u2019IA?\u2019<br \/>\nSenza questa consapevolezza il rischio \u00e8, come scrive Rodari, di dare il nostro cervello in cambio della soluzione pi\u00f9 facile.\u00a0 Perch\u00e9 delegare significa affidare a qualcun altro l&#8217;esecuzione di un compito, significa accontentarsi di produrre un compito senza formarsi facendolo. Il risultato che ne deriva non \u00e8 pi\u00f9 nostro, non siamo pi\u00f9 noi, ma \u00e8 il risultato di una inferenza probabilistica fatta da un modello linguistico avanzato e addestrato su enormi quantit\u00e0 di dati.<\/p>\n<p data-start=\"198\" data-end=\"256\"><strong data-start=\"198\" data-end=\"254\">PENSARE MEGLIO, NON PENSARE MENO: LA LEZIONE DELL\u2019IA<\/strong><\/p>\n<p data-start=\"198\" data-end=\"256\">Pensare con l\u2019AI ribalta la prospettiva: l\u2019idea, la scintilla, l\u2019innesco che d\u00e0 il via ad un processo \u00e8 nostro, il modello ci aiuta a migliorarlo e farlo crescere colmando le lacune e proponendo alternative che non abbiamo valutato, ma il risultato \u00e8 nostro, siamo noi potenziati dall\u2019IA. Se chiedo all\u2019AI di scrivere una query SQL senza prima provarci, non sto imparando, sto solo scegliendo la strada pi\u00f9 facile. Se le passo la mia query e le chiedo dove sto sbagliando e perch\u00e9, sto crescendo.\u00a0 53 anni fa il bambino di Rodari ci metteva in guardia sul pericolo di scambiare il nostro cervello con la via facile perdendo di conseguenza la libert\u00e0. Oggi dobbiamo imparare ad imparare da questa incredibile tecnologia che pu\u00f2 aiutarci cos\u00ec come annullarci, dipende solo da noi.<\/p>\n<p><a class=\"dt-pswp-item\" href=\"https:\/\/www.radiopiu.net\/wordpress\/wp-content\/uploads\/2026\/04\/Screenshot-2026-04-29-091447.png\" data-dt-img-description=\"\" data-large_image_width=\"618\" data-large_image_height=\"454\"><img loading=\"lazy\" decoding=\"async\" class=\"aligncenter size-medium wp-image-509452\" src=\"https:\/\/www.radiopiu.net\/wordpress\/wp-content\/uploads\/2026\/04\/Screenshot-2026-04-29-091447-300x220.png\" alt=\"\" width=\"300\" height=\"220\" srcset=\"https:\/\/www.radiopiu.net\/wordpress\/wp-content\/uploads\/2026\/04\/Screenshot-2026-04-29-091447-300x220.png 300w, https:\/\/www.radiopiu.net\/wordpress\/wp-content\/uploads\/2026\/04\/Screenshot-2026-04-29-091447.png 618w\" sizes=\"auto, (max-width: 300px) 100vw, 300px\" \/><\/a><\/p>\n<\/div>\n<\/div>\n<div class=\"quick-reaction no-selection\">\n<div class=\"ReactionStaticEmoji\"><\/div>\n<\/div>\n<\/div>\n<\/div>\n<\/div>\n<\/div>\n<\/div>\n<\/div>\n<\/div>\n<div class=\"middle-column-footer\">\n<div class=\"Composer shown mounted\">\n<div class=\"composer-wrapper\">\n<div class=\"message-input-wrapper peer-color-6\">\n<div id=\"message-input-text\">\n<div class=\"custom-scroll input-scroller\">\n<div class=\"input-scroller-content\">_<\/div>\n<\/div>\n<\/div>\n<\/div>\n<\/div>\n<\/div>\n<\/div>\n","protected":false},"excerpt":{"rendered":"<p>*** di Walter Giolai L\u2019asimmetria che si crea tra chi sa pensare con l\u2019IA e chi sa solo delegare all\u2019IA. La fiaba di Rodari \u2018la macchina per fare i compiti\u2019 mi ha dato lo spunto per una riflessione sull\u2019uso che stiamo facendo di uno strumento potente come l\u2019 intelligenza artificiale. Dalla presentazione di chatGPT nel&hellip;<\/p>\n","protected":false},"author":4,"featured_media":509451,"comment_status":"closed","ping_status":"closed","sticky":false,"template":"","format":"standard","meta":{"_monsterinsights_skip_tracking":false,"_monsterinsights_sitenote_active":false,"_monsterinsights_sitenote_note":"","_monsterinsights_sitenote_category":0,"footnotes":""},"categories":[49],"tags":[],"class_list":["post-509450","post","type-post","status-publish","format-standard","has-post-thumbnail","hentry","category-news-18","category-49","description-off"],"img_url":"https:\/\/www.radiopiu.net\/wordpress\/wp-content\/uploads\/2026\/04\/701d3aa9-02b2-4bc9-a947-5b486c6dbd63.png","_links":{"self":[{"href":"https:\/\/www.radiopiu.net\/wordpress\/wp-json\/wp\/v2\/posts\/509450","targetHints":{"allow":["GET"]}}],"collection":[{"href":"https:\/\/www.radiopiu.net\/wordpress\/wp-json\/wp\/v2\/posts"}],"about":[{"href":"https:\/\/www.radiopiu.net\/wordpress\/wp-json\/wp\/v2\/types\/post"}],"author":[{"embeddable":true,"href":"https:\/\/www.radiopiu.net\/wordpress\/wp-json\/wp\/v2\/users\/4"}],"replies":[{"embeddable":true,"href":"https:\/\/www.radiopiu.net\/wordpress\/wp-json\/wp\/v2\/comments?post=509450"}],"version-history":[{"count":2,"href":"https:\/\/www.radiopiu.net\/wordpress\/wp-json\/wp\/v2\/posts\/509450\/revisions"}],"predecessor-version":[{"id":509454,"href":"https:\/\/www.radiopiu.net\/wordpress\/wp-json\/wp\/v2\/posts\/509450\/revisions\/509454"}],"wp:featuredmedia":[{"embeddable":true,"href":"https:\/\/www.radiopiu.net\/wordpress\/wp-json\/wp\/v2\/media\/509451"}],"wp:attachment":[{"href":"https:\/\/www.radiopiu.net\/wordpress\/wp-json\/wp\/v2\/media?parent=509450"}],"wp:term":[{"taxonomy":"category","embeddable":true,"href":"https:\/\/www.radiopiu.net\/wordpress\/wp-json\/wp\/v2\/categories?post=509450"},{"taxonomy":"post_tag","embeddable":true,"href":"https:\/\/www.radiopiu.net\/wordpress\/wp-json\/wp\/v2\/tags?post=509450"}],"curies":[{"name":"wp","href":"https:\/\/api.w.org\/{rel}","templated":true}]}}