{"id":509463,"date":"2026-04-29T15:28:26","date_gmt":"2026-04-29T13:28:26","guid":{"rendered":"https:\/\/www.radiopiu.net\/wordpress\/?p=509463"},"modified":"2026-04-29T15:28:26","modified_gmt":"2026-04-29T13:28:26","slug":"dillo-a-radio-piu-lavori-in-corso-ma-si-poteva-fare-di-piu","status":"publish","type":"post","link":"https:\/\/www.radiopiu.net\/wordpress\/dillo-a-radio-piu-lavori-in-corso-ma-si-poteva-fare-di-piu\/","title":{"rendered":"DILLO A RADIO PIU&#8230; LAVORI IN CORSO, MA SI POTEVA FARE DI PI\u00d9?"},"content":{"rendered":"<p>***<\/p>\n<p data-start=\"69\" data-end=\"137\">\n<p data-start=\"139\" data-end=\"293\">Riceviamo e pubblichiamo da un ascoltatore che interviene sul tema dei lavori in corso lungo la strada in uscita dalla Galleria delle Anime verso Vallada.<\/p>\n<p data-start=\"295\" data-end=\"556\"><a class=\"dt-pswp-item\" href=\"https:\/\/www.radiopiu.net\/wordpress\/wp-content\/uploads\/2026\/04\/1d21fecd-ecaa-4859-af25-c41946cef8e4.jpg\" data-dt-img-description=\"\" data-large_image_width=\"1600\" data-large_image_height=\"1204\"><img loading=\"lazy\" decoding=\"async\" class=\"aligncenter size-medium wp-image-509467\" src=\"https:\/\/www.radiopiu.net\/wordpress\/wp-content\/uploads\/2026\/04\/1d21fecd-ecaa-4859-af25-c41946cef8e4-300x226.jpg\" alt=\"\" width=\"300\" height=\"226\" srcset=\"https:\/\/www.radiopiu.net\/wordpress\/wp-content\/uploads\/2026\/04\/1d21fecd-ecaa-4859-af25-c41946cef8e4-300x226.jpg 300w, https:\/\/www.radiopiu.net\/wordpress\/wp-content\/uploads\/2026\/04\/1d21fecd-ecaa-4859-af25-c41946cef8e4-1024x771.jpg 1024w, https:\/\/www.radiopiu.net\/wordpress\/wp-content\/uploads\/2026\/04\/1d21fecd-ecaa-4859-af25-c41946cef8e4-768x578.jpg 768w, https:\/\/www.radiopiu.net\/wordpress\/wp-content\/uploads\/2026\/04\/1d21fecd-ecaa-4859-af25-c41946cef8e4-1536x1156.jpg 1536w, https:\/\/www.radiopiu.net\/wordpress\/wp-content\/uploads\/2026\/04\/1d21fecd-ecaa-4859-af25-c41946cef8e4.jpg 1600w\" sizes=\"auto, (max-width: 300px) 100vw, 300px\" \/><\/a>\u201cMagari ne avete gi\u00e0 parlato in un notiziario e me lo sono perso, ma nei giorni scorsi sulla chat VPB si discuteva dei lavori in corso in uscita dalla galleria. Da quanto si vede, sembrerebbe si stia intervenendo per rifare il muro di contenimento della strada. Guardando i macchinari all\u2019opera, tutto fa pensare che sia proprio questo il tipo di intervento previsto. Tuttavia, da anni si sente parlare della possibilit\u00e0 di una soluzione pi\u00f9 definitiva: realizzare un raccordo pi\u00f9 lineare tra i due tratti di strada, eliminando quelle semicurve che rendono il passaggio pi\u00f9 tortuoso. Un punto, tra l\u2019altro, che in passato \u00e8 stato teatro di incidenti, soprattutto in condizioni di pioggia, neve o ghiaccio. La domanda che mi pongo \u2013 e che a quanto pare non sono l\u2019unico a fare \u2013 \u00e8 se questa ipotesi sia mai stata presa in considerazione. Al di l\u00e0 dei costi, sicuramente diversi, tra il rifacimento del muro e un eventuale raddrizzamento della strada, sarebbe interessante capire se una soluzione pi\u00f9 strutturale sia stata valutata da chi di competenza.<\/p>\n<p data-start=\"1378\" data-end=\"1570\"><a class=\"dt-pswp-item\" href=\"https:\/\/www.radiopiu.net\/wordpress\/wp-content\/uploads\/2026\/04\/4dbc9273-f7f2-40e0-aa6e-291b8a4c5c6e.jpg\" data-dt-img-description=\"\" data-large_image_width=\"1600\" data-large_image_height=\"1204\"><img loading=\"lazy\" decoding=\"async\" class=\"aligncenter size-medium wp-image-509466\" src=\"https:\/\/www.radiopiu.net\/wordpress\/wp-content\/uploads\/2026\/04\/4dbc9273-f7f2-40e0-aa6e-291b8a4c5c6e-300x226.jpg\" alt=\"\" width=\"300\" height=\"226\" srcset=\"https:\/\/www.radiopiu.net\/wordpress\/wp-content\/uploads\/2026\/04\/4dbc9273-f7f2-40e0-aa6e-291b8a4c5c6e-300x226.jpg 300w, https:\/\/www.radiopiu.net\/wordpress\/wp-content\/uploads\/2026\/04\/4dbc9273-f7f2-40e0-aa6e-291b8a4c5c6e-1024x771.jpg 1024w, https:\/\/www.radiopiu.net\/wordpress\/wp-content\/uploads\/2026\/04\/4dbc9273-f7f2-40e0-aa6e-291b8a4c5c6e-768x578.jpg 768w, https:\/\/www.radiopiu.net\/wordpress\/wp-content\/uploads\/2026\/04\/4dbc9273-f7f2-40e0-aa6e-291b8a4c5c6e-1536x1156.jpg 1536w, https:\/\/www.radiopiu.net\/wordpress\/wp-content\/uploads\/2026\/04\/4dbc9273-f7f2-40e0-aa6e-291b8a4c5c6e.jpg 1600w\" sizes=\"auto, (max-width: 300px) 100vw, 300px\" \/><\/a><\/p>\n<p data-start=\"1378\" data-end=\"1570\">Uno spunto che apre una riflessione importante sulla sicurezza e sulla programmazione degli interventi viari. Se qualcuno ha informazioni o aggiornamenti, la redazione \u00e8 sempre a disposizione.<\/p>\n<p>__<\/p>\n","protected":false},"excerpt":{"rendered":"<p>*** Riceviamo e pubblichiamo da un ascoltatore che interviene sul tema dei lavori in corso lungo la strada in uscita dalla Galleria delle Anime verso Vallada. \u201cMagari ne avete gi\u00e0 parlato in un notiziario e me lo sono perso, ma nei giorni scorsi sulla chat VPB si discuteva dei lavori in corso in uscita dalla&hellip;<\/p>\n","protected":false},"author":4,"featured_media":509467,"comment_status":"closed","ping_status":"closed","sticky":false,"template":"","format":"standard","meta":{"_monsterinsights_skip_tracking":false,"_monsterinsights_sitenote_active":false,"_monsterinsights_sitenote_note":"","_monsterinsights_sitenote_category":0,"footnotes":""},"categories":[49],"tags":[],"class_list":["post-509463","post","type-post","status-publish","format-standard","has-post-thumbnail","hentry","category-news-18","category-49","description-off"],"img_url":"https:\/\/www.radiopiu.net\/wordpress\/wp-content\/uploads\/2026\/04\/1d21fecd-ecaa-4859-af25-c41946cef8e4.jpg","_links":{"self":[{"href":"https:\/\/www.radiopiu.net\/wordpress\/wp-json\/wp\/v2\/posts\/509463","targetHints":{"allow":["GET"]}}],"collection":[{"href":"https:\/\/www.radiopiu.net\/wordpress\/wp-json\/wp\/v2\/posts"}],"about":[{"href":"https:\/\/www.radiopiu.net\/wordpress\/wp-json\/wp\/v2\/types\/post"}],"author":[{"embeddable":true,"href":"https:\/\/www.radiopiu.net\/wordpress\/wp-json\/wp\/v2\/users\/4"}],"replies":[{"embeddable":true,"href":"https:\/\/www.radiopiu.net\/wordpress\/wp-json\/wp\/v2\/comments?post=509463"}],"version-history":[{"count":1,"href":"https:\/\/www.radiopiu.net\/wordpress\/wp-json\/wp\/v2\/posts\/509463\/revisions"}],"predecessor-version":[{"id":509468,"href":"https:\/\/www.radiopiu.net\/wordpress\/wp-json\/wp\/v2\/posts\/509463\/revisions\/509468"}],"wp:featuredmedia":[{"embeddable":true,"href":"https:\/\/www.radiopiu.net\/wordpress\/wp-json\/wp\/v2\/media\/509467"}],"wp:attachment":[{"href":"https:\/\/www.radiopiu.net\/wordpress\/wp-json\/wp\/v2\/media?parent=509463"}],"wp:term":[{"taxonomy":"category","embeddable":true,"href":"https:\/\/www.radiopiu.net\/wordpress\/wp-json\/wp\/v2\/categories?post=509463"},{"taxonomy":"post_tag","embeddable":true,"href":"https:\/\/www.radiopiu.net\/wordpress\/wp-json\/wp\/v2\/tags?post=509463"}],"curies":[{"name":"wp","href":"https:\/\/api.w.org\/{rel}","templated":true}]}}