{"id":509498,"date":"2026-04-29T16:38:25","date_gmt":"2026-04-29T14:38:25","guid":{"rendered":"https:\/\/www.radiopiu.net\/wordpress\/?p=509498"},"modified":"2026-04-29T16:38:25","modified_gmt":"2026-04-29T14:38:25","slug":"identita-ladina-un-legame-che-unisce-le-dolomiti-e-la-val-del-biois","status":"publish","type":"post","link":"https:\/\/www.radiopiu.net\/wordpress\/identita-ladina-un-legame-che-unisce-le-dolomiti-e-la-val-del-biois\/","title":{"rendered":"IDENTIT\u00c0 LADINA, UN LEGAME CHE UNISCE LE DOLOMITI E LA VAL DEL BIOIS"},"content":{"rendered":"<p>********<\/p>\n<p>&nbsp;<\/p>\n<p><strong><a class=\"dt-pswp-item\" href=\"https:\/\/www.radiopiu.net\/wordpress\/wp-content\/uploads\/2026\/04\/LADI-VAL-BIOIS.jpg\" data-dt-img-description=\"\" data-large_image_width=\"652\" data-large_image_height=\"434\"><img loading=\"lazy\" decoding=\"async\" class=\"aligncenter size-medium wp-image-509499\" src=\"https:\/\/www.radiopiu.net\/wordpress\/wp-content\/uploads\/2026\/04\/LADI-VAL-BIOIS-300x200.jpg\" alt=\"\" width=\"300\" height=\"200\" srcset=\"https:\/\/www.radiopiu.net\/wordpress\/wp-content\/uploads\/2026\/04\/LADI-VAL-BIOIS-300x200.jpg 300w, https:\/\/www.radiopiu.net\/wordpress\/wp-content\/uploads\/2026\/04\/LADI-VAL-BIOIS.jpg 652w\" sizes=\"auto, (max-width: 300px) 100vw, 300px\" \/><\/a>\u00a0<\/strong><\/p>\n<p><strong>CANALE D&#8217;AGORDO <\/strong>L\u2019identit\u00e0 ladina \u00e8 una realt\u00e0 culturale e linguistica che continua a interrogare storici e comunit\u00e0 delle Dolomiti. A differenza di altri popoli europei, le popolazioni ladine non hanno mai costituito un\u2019entit\u00e0 amministrativa unitaria, ma sono rimaste per secoli divise tra vallate, dominazioni e confini diversi. Una frammentazione che ha rallentato la consapevolezza di appartenere a un unico popolo. A tenere saldo il legame \u00e8 stata soprattutto la lingua. Il termine \u201cladino\u201d inizi\u00f2 a diffondersi nell\u2019Ottocento, in particolare negli studi dell\u2019<span class=\"hover:entity-accent entity-underline inline cursor-pointer align-baseline\"><span class=\"whitespace-normal\">Impero Asburgico<\/span><\/span>, inizialmente riferito alla Val Badia e successivamente esteso ad altre aree dolomitiche. Studiosi come <span class=\"hover:entity-accent entity-underline inline cursor-pointer align-baseline\"><span class=\"whitespace-normal\">Graziadio Isaia Ascoli<\/span><\/span> ampliarono il concetto fino a includere parte dell\u2019alto Bellunese. Il dibattito coinvolge oggi anche la <span class=\"hover:entity-accent entity-underline inline cursor-pointer align-baseline\"><span class=\"whitespace-normal\">Val del Biois<\/span><\/span> e sar\u00e0 al centro di tre serate di approfondimento a <span class=\"hover:entity-accent entity-underline inline cursor-pointer align-baseline\"><span class=\"whitespace-normal\">Canale d\u2019Agordo<\/span><\/span>, nella Sala Emigranti alle 20.45. Il 7 maggio <span class=\"hover:entity-accent entity-underline inline cursor-pointer align-baseline\"><span class=\"whitespace-normal\">Nicola Cassisi<\/span><\/span> parler\u00e0 di \u201cLadin a ciasa, Ladin a scola\u201d. Il 15 maggio <span class=\"hover:entity-accent entity-underline inline cursor-pointer align-baseline\"><span class=\"whitespace-normal\">Davide Conedera<\/span><\/span> presenter\u00e0 il \u201cGlossar del lessich minerar e metalurgich per ladin agordin\u201d. Il 21 maggio <span class=\"hover:entity-accent entity-underline inline cursor-pointer align-baseline\"><span class=\"whitespace-normal\">Loris Serafini<\/span><\/span> approfondir\u00e0 il rapporto fra il Tirolo e le valli ladine agordine.<\/p>\n<p>&nbsp;<\/p>\n<p>&nbsp;<\/p>\n<p>&nbsp;<\/p>\n<p>*********<\/p>\n","protected":false},"excerpt":{"rendered":"<p>******** &nbsp; \u00a0 CANALE D&#8217;AGORDO L\u2019identit\u00e0 ladina \u00e8 una realt\u00e0 culturale e linguistica che continua a interrogare storici e comunit\u00e0 delle Dolomiti. A differenza di altri popoli europei, le popolazioni ladine non hanno mai costituito un\u2019entit\u00e0 amministrativa unitaria, ma sono rimaste per secoli divise tra vallate, dominazioni e confini diversi. Una frammentazione che ha rallentato&hellip;<\/p>\n","protected":false},"author":4,"featured_media":509499,"comment_status":"closed","ping_status":"closed","sticky":false,"template":"","format":"standard","meta":{"_monsterinsights_skip_tracking":false,"_monsterinsights_sitenote_active":false,"_monsterinsights_sitenote_note":"","_monsterinsights_sitenote_category":0,"footnotes":""},"categories":[49],"tags":[],"class_list":["post-509498","post","type-post","status-publish","format-standard","has-post-thumbnail","hentry","category-news-18","category-49","description-off"],"img_url":"https:\/\/www.radiopiu.net\/wordpress\/wp-content\/uploads\/2026\/04\/LADI-VAL-BIOIS.jpg","_links":{"self":[{"href":"https:\/\/www.radiopiu.net\/wordpress\/wp-json\/wp\/v2\/posts\/509498","targetHints":{"allow":["GET"]}}],"collection":[{"href":"https:\/\/www.radiopiu.net\/wordpress\/wp-json\/wp\/v2\/posts"}],"about":[{"href":"https:\/\/www.radiopiu.net\/wordpress\/wp-json\/wp\/v2\/types\/post"}],"author":[{"embeddable":true,"href":"https:\/\/www.radiopiu.net\/wordpress\/wp-json\/wp\/v2\/users\/4"}],"replies":[{"embeddable":true,"href":"https:\/\/www.radiopiu.net\/wordpress\/wp-json\/wp\/v2\/comments?post=509498"}],"version-history":[{"count":1,"href":"https:\/\/www.radiopiu.net\/wordpress\/wp-json\/wp\/v2\/posts\/509498\/revisions"}],"predecessor-version":[{"id":509500,"href":"https:\/\/www.radiopiu.net\/wordpress\/wp-json\/wp\/v2\/posts\/509498\/revisions\/509500"}],"wp:featuredmedia":[{"embeddable":true,"href":"https:\/\/www.radiopiu.net\/wordpress\/wp-json\/wp\/v2\/media\/509499"}],"wp:attachment":[{"href":"https:\/\/www.radiopiu.net\/wordpress\/wp-json\/wp\/v2\/media?parent=509498"}],"wp:term":[{"taxonomy":"category","embeddable":true,"href":"https:\/\/www.radiopiu.net\/wordpress\/wp-json\/wp\/v2\/categories?post=509498"},{"taxonomy":"post_tag","embeddable":true,"href":"https:\/\/www.radiopiu.net\/wordpress\/wp-json\/wp\/v2\/tags?post=509498"}],"curies":[{"name":"wp","href":"https:\/\/api.w.org\/{rel}","templated":true}]}}