{"id":509540,"date":"2026-04-29T19:14:58","date_gmt":"2026-04-29T17:14:58","guid":{"rendered":"https:\/\/www.radiopiu.net\/wordpress\/?p=509540"},"modified":"2026-04-29T19:14:58","modified_gmt":"2026-04-29T17:14:58","slug":"feltre-ricorda-i-suoi-caduti-una-targa-in-pietra-raggiungera-biella-nel-segno-della-memoria-nazionale","status":"publish","type":"post","link":"https:\/\/www.radiopiu.net\/wordpress\/feltre-ricorda-i-suoi-caduti-una-targa-in-pietra-raggiungera-biella-nel-segno-della-memoria-nazionale\/","title":{"rendered":"FELTRE RICORDA I SUOI CADUTI: UNA TARGA IN PIETRA RAGGIUNGER\u00c0 BIELLA NEL SEGNO DELLA MEMORIA NAZIONALE"},"content":{"rendered":"<p>******<\/p>\n<p>&nbsp;<\/p>\n<p><strong><a class=\"dt-pswp-item\" href=\"https:\/\/www.radiopiu.net\/wordpress\/wp-content\/uploads\/2026\/04\/Consegna-targa.jpeg\" data-dt-img-description=\"\" data-large_image_width=\"1200\" data-large_image_height=\"1600\"><img loading=\"lazy\" decoding=\"async\" class=\"aligncenter size-medium wp-image-509541\" src=\"https:\/\/www.radiopiu.net\/wordpress\/wp-content\/uploads\/2026\/04\/Consegna-targa-225x300.jpeg\" alt=\"\" width=\"225\" height=\"300\" srcset=\"https:\/\/www.radiopiu.net\/wordpress\/wp-content\/uploads\/2026\/04\/Consegna-targa-225x300.jpeg 225w, https:\/\/www.radiopiu.net\/wordpress\/wp-content\/uploads\/2026\/04\/Consegna-targa-768x1024.jpeg 768w, https:\/\/www.radiopiu.net\/wordpress\/wp-content\/uploads\/2026\/04\/Consegna-targa-1152x1536.jpeg 1152w, https:\/\/www.radiopiu.net\/wordpress\/wp-content\/uploads\/2026\/04\/Consegna-targa.jpeg 1200w\" sizes=\"auto, (max-width: 225px) 100vw, 225px\" \/><\/a>\u00a0<\/strong><\/p>\n<p><strong>DI ALESSIA DALL&#8217;O&#8217;<\/strong><\/p>\n<p><strong>FELTRE <\/strong>Partir\u00e0 il primo maggio alla volta di Biella la targa dedicata ai cittadini feltrini caduti durante la Prima Guerra Mondiale, consegnata nei giorni scorsi a Luigi Centa, presidente provinciale dei Bersaglieri. Un gesto dal forte valore simbolico che porter\u00e0 anche il nome di Feltre in un luogo nazionale della memoria condivisa.<br \/>\nLa targa, realizzata e donata da Fent Marmi, riporta il nome della citt\u00e0 e il numero dei suoi concittadini che persero la vita nel conflitto: ottanta. Un dato che richiama anche gli ottanta alberi piantati al Parco della Rimembranza, anch\u2019essi dedicati ai caduti feltrini. La lastra sar\u00e0 consegnata all\u2019associazione Nuraghe Chervu, realt\u00e0 di Biella che ha creato un\u2019area commemorativa dello stesso nome. Si tratta di uno spazio lastricato con pietre provenienti da diversi comuni italiani, ciascuna riportante il nome della localit\u00e0 e il numero delle vittime della Grande Guerra. L\u2019obiettivo \u00e8 costruire un luogo condiviso di memoria nazionale, capace di unire territori diversi nel ricordo del sacrificio delle proprie comunit\u00e0. A raccontare l\u2019origine dell\u2019iniziativa \u00e8 stato lo stesso Luigi Centa, che ha conosciuto il progetto durante una visita a Biella. Colpito dal significato dell\u2019opera, ha proposto al Comune \u00abSono rimasto molto soddisfatto della risposta ricevuta. Porter\u00f2 personalmente la lastra a Biella, dove mi aspettano con entusiasmo\u00bb, racconta. Alla consegna ufficiale erano presenti anche il sindaco Viviana Fusaro, l\u2019assessore Maurizio Zatta e i rappresentanti di Fent Marmi. \u00ab\u00c8 un\u2019iniziativa davvero importante \u2013 ha dichiarato il sindaco Viviana Fusaro \u2013 alla quale abbiamo aderito subito. Un progetto che tiene viva la memoria, perch\u00e9 senza memoria non c\u2019\u00e8 identit\u00e0 n\u00e9 legame di comunit\u00e0. \u00c8 un ulteriore modo per ricordare i nostri cittadini caduti durante la Prima Guerra Mondiale\u00bb. Con questa targa, Feltre aggiunge il proprio nome a un mosaico di testimonianze che da tutta Italia raccontano il tributo pagato dalle comunit\u00e0 nel primo conflitto mondiale. Un frammento di pietra che diventa simbolo di appartenenza, memoria e responsabilit\u00e0 verso le generazioni future.<\/p>\n<p>&nbsp;<\/p>\n<p>&nbsp;<\/p>\n<p>&nbsp;<\/p>\n<p>&nbsp;<\/p>\n<p>********<\/p>\n","protected":false},"excerpt":{"rendered":"<p>****** &nbsp; \u00a0 DI ALESSIA DALL&#8217;O&#8217; FELTRE Partir\u00e0 il primo maggio alla volta di Biella la targa dedicata ai cittadini feltrini caduti durante la Prima Guerra Mondiale, consegnata nei giorni scorsi a Luigi Centa, presidente provinciale dei Bersaglieri. Un gesto dal forte valore simbolico che porter\u00e0 anche il nome di Feltre in un luogo nazionale&hellip;<\/p>\n","protected":false},"author":4,"featured_media":509541,"comment_status":"closed","ping_status":"closed","sticky":false,"template":"","format":"standard","meta":{"_monsterinsights_skip_tracking":false,"_monsterinsights_sitenote_active":false,"_monsterinsights_sitenote_note":"","_monsterinsights_sitenote_category":0,"footnotes":""},"categories":[49],"tags":[],"class_list":["post-509540","post","type-post","status-publish","format-standard","has-post-thumbnail","hentry","category-news-18","category-49","description-off"],"img_url":"https:\/\/www.radiopiu.net\/wordpress\/wp-content\/uploads\/2026\/04\/Consegna-targa.jpeg","_links":{"self":[{"href":"https:\/\/www.radiopiu.net\/wordpress\/wp-json\/wp\/v2\/posts\/509540","targetHints":{"allow":["GET"]}}],"collection":[{"href":"https:\/\/www.radiopiu.net\/wordpress\/wp-json\/wp\/v2\/posts"}],"about":[{"href":"https:\/\/www.radiopiu.net\/wordpress\/wp-json\/wp\/v2\/types\/post"}],"author":[{"embeddable":true,"href":"https:\/\/www.radiopiu.net\/wordpress\/wp-json\/wp\/v2\/users\/4"}],"replies":[{"embeddable":true,"href":"https:\/\/www.radiopiu.net\/wordpress\/wp-json\/wp\/v2\/comments?post=509540"}],"version-history":[{"count":1,"href":"https:\/\/www.radiopiu.net\/wordpress\/wp-json\/wp\/v2\/posts\/509540\/revisions"}],"predecessor-version":[{"id":509542,"href":"https:\/\/www.radiopiu.net\/wordpress\/wp-json\/wp\/v2\/posts\/509540\/revisions\/509542"}],"wp:featuredmedia":[{"embeddable":true,"href":"https:\/\/www.radiopiu.net\/wordpress\/wp-json\/wp\/v2\/media\/509541"}],"wp:attachment":[{"href":"https:\/\/www.radiopiu.net\/wordpress\/wp-json\/wp\/v2\/media?parent=509540"}],"wp:term":[{"taxonomy":"category","embeddable":true,"href":"https:\/\/www.radiopiu.net\/wordpress\/wp-json\/wp\/v2\/categories?post=509540"},{"taxonomy":"post_tag","embeddable":true,"href":"https:\/\/www.radiopiu.net\/wordpress\/wp-json\/wp\/v2\/tags?post=509540"}],"curies":[{"name":"wp","href":"https:\/\/api.w.org\/{rel}","templated":true}]}}