{"id":509556,"date":"2026-05-02T05:40:17","date_gmt":"2026-05-02T03:40:17","guid":{"rendered":"https:\/\/www.radiopiu.net\/wordpress\/?p=509556"},"modified":"2026-05-02T08:32:55","modified_gmt":"2026-05-02T06:32:55","slug":"giornale-radiopiu-02-maggio-2026-direttore-mirko-mezzacasa","status":"publish","type":"post","link":"https:\/\/www.radiopiu.net\/wordpress\/giornale-radiopiu-02-maggio-2026-direttore-mirko-mezzacasa\/","title":{"rendered":"GIORNALE RADIOPIU 02 MAGGIO 2026 DIRETTORE MIRKO MEZZACASA"},"content":{"rendered":"<p>&nbsp;<\/p>\n<p>***********<\/p>\n<p>&nbsp;<\/p>\n<div class=\"flex flex-col text-sm pb-25\">\n<article class=\"text-token-text-primary w-full focus:outline-none [--shadow-height:45px] has-data-writing-block:pointer-events-none has-data-writing-block:-mt-(--shadow-height) has-data-writing-block:pt-(--shadow-height) [&amp;:has([data-writing-block])&gt;*]:pointer-events-auto scroll-mt-[calc(var(--header-height)+min(200px,max(70px,20svh)))]\" dir=\"auto\" tabindex=\"-1\" data-turn-id=\"request-WEB:545a5307-a0c9-41c7-9a5f-bf65aefdb8ec-5\" data-testid=\"conversation-turn-12\" data-scroll-anchor=\"true\" data-turn=\"assistant\">\n<div class=\"text-base my-auto mx-auto pb-10 [--thread-content-margin:--spacing(4)] @w-sm\/main:[--thread-content-margin:--spacing(6)] @w-lg\/main:[--thread-content-margin:--spacing(16)] px-(--thread-content-margin)\">\n<div class=\"[--thread-content-max-width:40rem] @w-lg\/main:[--thread-content-max-width:48rem] mx-auto max-w-(--thread-content-max-width) flex-1 group\/turn-messages focus-visible:outline-hidden relative flex w-full min-w-0 flex-col agent-turn\" tabindex=\"-1\">\n<div class=\"z-0 flex min-h-[46px] justify-start\">\n<h1><a class=\"dt-pswp-item\" href=\"https:\/\/www.radiopiu.net\/wordpress\/wp-content\/uploads\/2026\/04\/7efb304e-60e5-4f05-8117-f5a3b5f88af7.png\" data-dt-img-description=\"\" data-large_image_width=\"1535\" data-large_image_height=\"1024\"><img loading=\"lazy\" decoding=\"async\" class=\"aligncenter size-medium wp-image-509182\" src=\"https:\/\/www.radiopiu.net\/wordpress\/wp-content\/uploads\/2026\/04\/7efb304e-60e5-4f05-8117-f5a3b5f88af7-300x200.png\" alt=\"\" width=\"300\" height=\"200\" srcset=\"https:\/\/www.radiopiu.net\/wordpress\/wp-content\/uploads\/2026\/04\/7efb304e-60e5-4f05-8117-f5a3b5f88af7-300x200.png 300w, https:\/\/www.radiopiu.net\/wordpress\/wp-content\/uploads\/2026\/04\/7efb304e-60e5-4f05-8117-f5a3b5f88af7-1024x683.png 1024w, https:\/\/www.radiopiu.net\/wordpress\/wp-content\/uploads\/2026\/04\/7efb304e-60e5-4f05-8117-f5a3b5f88af7-768x512.png 768w, https:\/\/www.radiopiu.net\/wordpress\/wp-content\/uploads\/2026\/04\/7efb304e-60e5-4f05-8117-f5a3b5f88af7.png 1535w\" sizes=\"auto, (max-width: 300px) 100vw, 300px\" \/><\/a><\/h1>\n<h1 style=\"text-align: center;\">LA\u00a0 \u00a0 APP<\/h1>\n<p><strong><em><span style=\"color: #ff0000;\">LA\u00a0 APP PER IOS-IPHONE di Nicola Vettorello<\/span><\/em><\/strong><\/p>\n<p><strong><span style=\"color: #0000ff;\"><a style=\"color: #0000ff;\" href=\"https:\/\/apps.apple.com\/it\/app\/radio-pi%C3%B9-emittente-agordina\/id1515939845\">https:\/\/apps.apple.com\/it\/app\/radio-pi%C3%B9-emittente-agordina\/id1515939845<\/a><\/span><\/strong><\/p>\n<p><strong><em style=\"color: #ff0000;\">LA\u00a0 APP RADIO\u00a0 PER ANDROID di Nicola Vettorello<\/em><\/strong><\/p>\n<p><strong><span style=\"color: #0000ff;\"><a style=\"color: #0000ff;\" href=\"https:\/\/play.google.com\/store\/apps\/details?id=net.radiopiu.iniko\" target=\"_blank\" rel=\"noopener noreferrer\">https:\/\/<\/a><a style=\"color: #0000ff;\" href=\"https:\/\/play.google.com\/store\/apps\/details?id=net.radiopiu.iniko\" target=\"_blank\" rel=\"noopener noreferrer\">play.google.com\/store\/apps\/details?id=net.radiopiu.iniko\u00a0\u00a0\u00a0\u00a0\u00a0<\/a><\/span><\/strong><\/p>\n<p>&nbsp;<\/p>\n<\/div>\n<\/div>\n<\/div>\n<\/article>\n<\/div>\n<p>&nbsp;<\/p>\n<hr \/>\n<p>&nbsp;<\/p>\n<div class=\"flex flex-col text-sm pb-25\">\n<article class=\"text-token-text-primary w-full focus:outline-none [--shadow-height:45px] has-data-writing-block:pointer-events-none has-data-writing-block:-mt-(--shadow-height) has-data-writing-block:pt-(--shadow-height) [&amp;:has([data-writing-block])&gt;*]:pointer-events-auto scroll-mt-[calc(var(--header-height)+min(200px,max(70px,20svh)))]\" dir=\"auto\" tabindex=\"-1\" data-turn-id=\"request-WEB:545a5307-a0c9-41c7-9a5f-bf65aefdb8ec-5\" data-testid=\"conversation-turn-12\" data-scroll-anchor=\"true\" data-turn=\"assistant\">\n<div class=\"text-base my-auto mx-auto pb-10 [--thread-content-margin:--spacing(4)] @w-sm\/main:[--thread-content-margin:--spacing(6)] @w-lg\/main:[--thread-content-margin:--spacing(16)] px-(--thread-content-margin)\">\n<div class=\"[--thread-content-max-width:40rem] @w-lg\/main:[--thread-content-max-width:48rem] mx-auto max-w-(--thread-content-max-width) flex-1 group\/turn-messages focus-visible:outline-hidden relative flex w-full min-w-0 flex-col agent-turn\" tabindex=\"-1\">\n<div class=\"z-0 flex min-h-[46px] justify-start\">\n<div class=\"flex flex-col text-sm pb-25\">\n<article class=\"text-token-text-primary w-full focus:outline-none [--shadow-height:45px] has-data-writing-block:pointer-events-none has-data-writing-block:-mt-(--shadow-height) has-data-writing-block:pt-(--shadow-height) [&amp;:has([data-writing-block])&gt;*]:pointer-events-auto scroll-mt-[calc(var(--header-height)+min(200px,max(70px,20svh)))]\" dir=\"auto\" tabindex=\"-1\" data-turn-id=\"da2f8a29-4751-44ac-b06a-20d94aeccf8b\" data-testid=\"conversation-turn-28\" data-scroll-anchor=\"true\" data-turn=\"assistant\">\n<div class=\"text-base my-auto mx-auto pb-10 [--thread-content-margin:--spacing(4)] @w-sm\/main:[--thread-content-margin:--spacing(6)] @w-lg\/main:[--thread-content-margin:--spacing(16)] px-(--thread-content-margin)\">\n<div class=\"[--thread-content-max-width:40rem] @w-lg\/main:[--thread-content-max-width:48rem] mx-auto max-w-(--thread-content-max-width) flex-1 group\/turn-messages focus-visible:outline-hidden relative flex w-full min-w-0 flex-col agent-turn\" tabindex=\"-1\">\n<div class=\"flex max-w-full flex-col grow\">\n<div class=\"min-h-8 text-message relative flex w-full flex-col items-end gap-2 text-start break-words whitespace-normal [.text-message+&amp;]:mt-1\" dir=\"auto\" data-message-author-role=\"assistant\" data-message-id=\"77cb542f-301b-441f-9a5c-c89ea331616b\" data-message-model-slug=\"gpt-5-2\">\n<div class=\"flex w-full flex-col gap-1 empty:hidden first:pt-[1px]\">\n<div class=\"markdown prose dark:prose-invert w-full break-words dark markdown-new-styling\">\n<div id=\"writing-block-77cb542f-301b-441f-9a5c-c89ea331616b\" class=\"group relative z-0 my-4 w-full overflow-visible rounded-2xl bg-token-bg-primary dark:bg-[#2a2a2a] shadow-[0px_0px_0px_1px_rgba(0,0,0,0.07),0px_4px_80px_rgba(0,0,0,0.02)]\" data-writing-block=\"true\">\n<div class=\"writing-block-editor markdown-new-styling relative flow-root pt-(--writing-block-editor-pt) pe-(--writing-block-editor-pr) pb-(--writing-block-editor-pb) ps-(--writing-block-editor-pl)\">\n<div class=\"ProseMirror markdown prose dark:prose-invert w-full min-h-6 break-words focus:outline-none\" contenteditable=\"true\" translate=\"no\" aria-disabled=\"false\">\n<h1 style=\"text-align: center;\" data-start=\"0\" data-end=\"50\"><strong data-start=\"4\" data-end=\"77\">SU RADIO PI\u00d9: MUSICA, STORIE E INFORMAZIONE NON STOP!<br \/>\n<a class=\"dt-pswp-item\" href=\"https:\/\/www.radiopiu.net\/wordpress\/wp-content\/uploads\/2026\/05\/1d8fc614-4d88-4952-b01d-05df0a751681.png\" data-dt-img-description=\"\" data-large_image_width=\"1668\" data-large_image_height=\"943\"><img loading=\"lazy\" decoding=\"async\" class=\"aligncenter wp-image-509861 size-large\" src=\"https:\/\/www.radiopiu.net\/wordpress\/wp-content\/uploads\/2026\/05\/1d8fc614-4d88-4952-b01d-05df0a751681-1024x579.png\" alt=\"\" width=\"1024\" height=\"579\" srcset=\"https:\/\/www.radiopiu.net\/wordpress\/wp-content\/uploads\/2026\/05\/1d8fc614-4d88-4952-b01d-05df0a751681-1024x579.png 1024w, https:\/\/www.radiopiu.net\/wordpress\/wp-content\/uploads\/2026\/05\/1d8fc614-4d88-4952-b01d-05df0a751681-300x170.png 300w, https:\/\/www.radiopiu.net\/wordpress\/wp-content\/uploads\/2026\/05\/1d8fc614-4d88-4952-b01d-05df0a751681-768x434.png 768w, https:\/\/www.radiopiu.net\/wordpress\/wp-content\/uploads\/2026\/05\/1d8fc614-4d88-4952-b01d-05df0a751681-1536x868.png 1536w, https:\/\/www.radiopiu.net\/wordpress\/wp-content\/uploads\/2026\/05\/1d8fc614-4d88-4952-b01d-05df0a751681.png 1668w\" sizes=\"auto, (max-width: 1024px) 100vw, 1024px\" \/><\/a><br \/>\n<\/strong><\/h1>\n<div class=\"relative basis-auto flex-col -mb-(--composer-overlap-px) pb-(--composer-overlap-px) [--composer-overlap-px:28px] grow flex\">\n<div class=\"flex flex-col text-sm pb-25\">\n<section class=\"text-token-text-primary w-full focus:outline-none [--shadow-height:45px] has-data-writing-block:pointer-events-none has-data-writing-block:-mt-(--shadow-height) has-data-writing-block:pt-(--shadow-height) [&amp;:has([data-writing-block])&gt;*]:pointer-events-auto scroll-mt-[calc(var(--header-height)+min(200px,max(70px,20svh)))]\" dir=\"auto\" data-turn-id=\"request-WEB:14e60ddb-bebf-42de-a335-d96ac69402b5-11\" data-testid=\"conversation-turn-24\" data-scroll-anchor=\"false\" data-turn=\"assistant\">\n<div class=\"text-base my-auto mx-auto [--thread-content-margin:var(--thread-content-margin-xs,calc(var(--spacing)*4))] @w-sm\/main:[--thread-content-margin:var(--thread-content-margin-sm,calc(var(--spacing)*6))] @w-lg\/main:[--thread-content-margin:var(--thread-content-margin-lg,calc(var(--spacing)*16))] px-(--thread-content-margin)\">\n<div class=\"[--thread-content-max-width:40rem] @w-lg\/main:[--thread-content-max-width:48rem] mx-auto max-w-(--thread-content-max-width) flex-1 group\/turn-messages focus-visible:outline-hidden relative flex w-full min-w-0 flex-col agent-turn\">\n<div class=\"flex max-w-full flex-col gap-4 grow\">\n<div class=\"min-h-8 text-message relative flex w-full flex-col items-end gap-2 text-start break-words whitespace-normal outline-none keyboard-focused:focus-ring [.text-message+&amp;]:mt-1\" dir=\"auto\" data-message-author-role=\"assistant\" data-message-id=\"dc8d96b7-ccaa-47fb-ae20-dd1c4854198f\" data-message-model-slug=\"gpt-5-3\">\n<div class=\"flex w-full flex-col gap-1 empty:hidden\">\n<div class=\"markdown prose dark:prose-invert w-full wrap-break-word dark markdown-new-styling\">\n<p data-start=\"83\" data-end=\"286\">Dalla rassegna stampa del mattino fino alle anticipazioni serali del telegiornale, il palinsesto odierno accompagna gli ascoltatori con un mix equilibrato di attualit\u00e0, intrattenimento e novit\u00e0 musicali. Si parte alle <strong data-start=\"302\" data-end=\"310\">8.05<\/strong> con la consueta <strong data-start=\"327\" data-end=\"353\">rassegna stampa locale<\/strong>, uno sguardo rapido ma completo sulle principali notizie del territorio. Alle <strong data-start=\"432\" data-end=\"440\">8.30<\/strong> spazio all\u2019atmosfera del fine settimana con \u201cWeek end\u2026 Marina? \u2026 C\u2019\u00e8\u201d, per entrare subito nel mood giusto tra suggerimenti e leggerezza. La musica diventa protagonista alle <strong data-start=\"615\" data-end=\"623\">9.30<\/strong> con <strong data-start=\"628\" data-end=\"641\">Marco Gaz<\/strong> e \u201cPremier\u201d, dedicato alle novit\u00e0 discografiche pi\u00f9 fresche. Alle <strong data-start=\"708\" data-end=\"717\">10.10<\/strong> arriva \u201cTrack of the Mouth\u201d, la traccia del mese selezionata da <strong data-start=\"782\" data-end=\"802\">Simone Terribyle<\/strong>, insieme all\u2019ultimo singolo di Raspa, \u201cMusica Soffice\u201d. Alle <strong data-start=\"865\" data-end=\"874\">10.30<\/strong> si cambia registro con un approfondimento culturale: <strong data-start=\"928\" data-end=\"948\">Gianni Santomaso<\/strong> racconta Agordo come capitale mondiale della paleontologia. A seguire, alle <strong data-start=\"1025\" data-end=\"1034\">11.10<\/strong>, <strong data-start=\"1036\" data-end=\"1054\">Daniele Dalvit<\/strong> presenta un evento in programma domani sera a Pra de la Melia, a Sospirolo. Il momento informativo centrale \u00e8 alle <strong data-start=\"1171\" data-end=\"1180\">12.30<\/strong> con il <strong data-start=\"1188\" data-end=\"1217\">Giornale Radio principale<\/strong>, punto di riferimento per l\u2019aggiornamento completo della giornata. Il pomeriggio riparte<strong> 13.10<\/strong> con l&#8217;approfondimento al giornale radio principale&#8230; da Rif la festa del primo maggio alle <strong data-start=\"1313\" data-end=\"1322\">14.10<\/strong> con l\u2019energia di \u201cElettrochoc\u201d di <strong data-start=\"1357\" data-end=\"1368\">DJ Jack<\/strong>, seguito alle <strong data-start=\"1383\" data-end=\"1392\">15.10<\/strong> dalla classifica ufficiale curata ancora da <strong data-start=\"1437\" data-end=\"1450\">Marco Gaz<\/strong>. Alle <strong data-start=\"1457\" data-end=\"1466\">16.45<\/strong> spazio ai ricordi e alle emozioni con \u201cNovanta e dintorni\u201d insieme a <strong data-start=\"1536\" data-end=\"1546\">Marina<\/strong>. Si entra poi nella fascia serale con l\u2019aperitivo musicale delle <strong data-start=\"1613\" data-end=\"1622\">18.10<\/strong>, ancora con <strong data-start=\"1635\" data-end=\"1646\">DJ Jack<\/strong>, mentre alle <strong data-start=\"1660\" data-end=\"1669\">19.10<\/strong> <strong data-start=\"1670\" data-end=\"1691\">Tiziana Bolognani<\/strong> chiude la giornata con le anticipazioni dal TG di Antenna 3. Un palinsesto completo e dinamico, capace di accompagnare gli ascoltatori in ogni momento della giornata, tra informazione, musica e approfondimenti.<\/p>\n<p data-start=\"83\" data-end=\"286\">**<\/p>\n<p>**<\/p>\n<\/div>\n<\/div>\n<\/div>\n<\/div>\n<\/div>\n<\/div>\n<\/section>\n<\/div>\n<\/div>\n<div class=\"pointer-events-none h-px w-px absolute bottom-0\" aria-hidden=\"true\" data-edge=\"true\">\n<section class=\"text-token-text-primary w-full focus:outline-none [--shadow-height:45px] has-data-writing-block:pointer-events-none has-data-writing-block:-mt-(--shadow-height) has-data-writing-block:pt-(--shadow-height) [&amp;:has([data-writing-block])&gt;*]:pointer-events-auto [content-visibility:auto] supports-[content-visibility:auto]:[contain-intrinsic-size:auto_100lvh] R6Vx5W_threadScrollVars scroll-mb-[calc(var(--scroll-root-safe-area-inset-bottom,0px)+var(--thread-response-height))] scroll-mt-[calc(var(--header-height)+min(200px,max(70px,20svh)))]\" dir=\"auto\" data-turn-id=\"request-69de0cba-c540-8385-80e9-3695a47f511b-34\" data-testid=\"conversation-turn-46\" data-scroll-anchor=\"false\" data-turn=\"assistant\">\n<div class=\"text-base my-auto mx-auto pb-10 [--thread-content-margin:var(--thread-content-margin-xs,calc(var(--spacing)*4))] @w-sm\/main:[--thread-content-margin:var(--thread-content-margin-sm,calc(var(--spacing)*6))] @w-lg\/main:[--thread-content-margin:var(--thread-content-margin-lg,calc(var(--spacing)*16))] px-(--thread-content-margin)\">\n<div class=\"[--thread-content-max-width:40rem] @w-lg\/main:[--thread-content-max-width:48rem] mx-auto max-w-(--thread-content-max-width) flex-1 group\/turn-messages focus-visible:outline-hidden relative flex w-full min-w-0 flex-col agent-turn\">\n<div class=\"mt-3 w-full empty:hidden\">\n<div class=\"text-center\">\n<section class=\"text-token-text-primary w-full focus:outline-none [--shadow-height:45px] has-data-writing-block:pointer-events-none has-data-writing-block:-mt-(--shadow-height) has-data-writing-block:pt-(--shadow-height) [&amp;:has([data-writing-block])&gt;*]:pointer-events-auto [content-visibility:auto] supports-[content-visibility:auto]:[contain-intrinsic-size:auto_100lvh] R6Vx5W_threadScrollVars scroll-mb-[calc(var(--scroll-root-safe-area-inset-bottom,0px)+var(--thread-response-height))] scroll-mt-[calc(var(--header-height)+min(200px,max(70px,20svh)))]\" dir=\"auto\" data-turn-id=\"request-69de0cba-c540-8385-80e9-3695a47f511b-35\" data-testid=\"conversation-turn-48\" data-scroll-anchor=\"false\" data-turn=\"assistant\">\n<div class=\"text-base my-auto mx-auto pb-10 [--thread-content-margin:var(--thread-content-margin-xs,calc(var(--spacing)*4))] @w-sm\/main:[--thread-content-margin:var(--thread-content-margin-sm,calc(var(--spacing)*6))] @w-lg\/main:[--thread-content-margin:var(--thread-content-margin-lg,calc(var(--spacing)*16))] px-(--thread-content-margin)\">\n<div class=\"[--thread-content-max-width:40rem] @w-lg\/main:[--thread-content-max-width:48rem] mx-auto max-w-(--thread-content-max-width) flex-1 group\/turn-messages focus-visible:outline-hidden relative flex w-full min-w-0 flex-col agent-turn\">\n<div class=\"flex max-w-full flex-col gap-4 grow\">\n<div class=\"min-h-8 text-message relative flex w-full flex-col items-end gap-2 text-start break-words whitespace-normal outline-none keyboard-focused:focus-ring [.text-message+&amp;]:mt-1\" dir=\"auto\" tabindex=\"0\" data-message-author-role=\"assistant\" data-message-id=\"f896908d-b22c-4133-9f29-a976b3f8eecd\" data-message-model-slug=\"gpt-5-3\" data-turn-start-message=\"true\">\n<div class=\"flex w-full flex-col gap-1 empty:hidden\">\n<div class=\"markdown prose dark:prose-invert w-full wrap-break-word dark markdown-new-styling\" style=\"text-align: center;\"><strong>RISVEGLIO A CANALE D&#8217;AGORDO, JOHN FRANCIS DELLA PIETRA<\/strong><br \/>\n<a class=\"dt-pswp-item\" href=\"https:\/\/www.radiopiu.net\/wordpress\/wp-content\/uploads\/2026\/05\/5675feb6-0228-478b-9c37-565e4388bdbd.jpg\" data-dt-img-description=\"\" data-large_image_width=\"1600\" data-large_image_height=\"720\"><img loading=\"lazy\" decoding=\"async\" class=\"aligncenter wp-image-509870 size-large\" src=\"https:\/\/www.radiopiu.net\/wordpress\/wp-content\/uploads\/2026\/05\/5675feb6-0228-478b-9c37-565e4388bdbd-1024x461.jpg\" alt=\"\" width=\"1024\" height=\"461\" srcset=\"https:\/\/www.radiopiu.net\/wordpress\/wp-content\/uploads\/2026\/05\/5675feb6-0228-478b-9c37-565e4388bdbd-1024x461.jpg 1024w, https:\/\/www.radiopiu.net\/wordpress\/wp-content\/uploads\/2026\/05\/5675feb6-0228-478b-9c37-565e4388bdbd-300x135.jpg 300w, https:\/\/www.radiopiu.net\/wordpress\/wp-content\/uploads\/2026\/05\/5675feb6-0228-478b-9c37-565e4388bdbd-768x346.jpg 768w, https:\/\/www.radiopiu.net\/wordpress\/wp-content\/uploads\/2026\/05\/5675feb6-0228-478b-9c37-565e4388bdbd-1536x691.jpg 1536w, https:\/\/www.radiopiu.net\/wordpress\/wp-content\/uploads\/2026\/05\/5675feb6-0228-478b-9c37-565e4388bdbd.jpg 1600w\" sizes=\"auto, (max-width: 1024px) 100vw, 1024px\" \/><\/a><\/div>\n<\/div>\n<\/div>\n<\/div>\n<\/div>\n<\/div>\n<\/section>\n<div class=\"pointer-events-none -mt-px h-px translate-y-[calc(var(--scroll-root-safe-area-inset-bottom)-14*var(--spacing))]\" aria-hidden=\"true\"><\/div>\n<\/div>\n<\/div>\n<\/div>\n<\/div>\n<\/section>\n<\/div>\n<\/div>\n<\/div>\n<\/div>\n<\/div>\n<\/div>\n<\/div>\n<\/div>\n<\/div>\n<\/div>\n<\/article>\n<\/div>\n<div class=\"x11i5rnm xat24cr x1mh8g0r x1vvkbs xtlvy1s x126k92a\">\n<hr \/>\n<h1><span style=\"color: #0000ff;\"><\/p>\n<p>N di parom &#8211; L Almanach de la nosta jent<\/span><\/h1>\n<h1><strong style=\"font-size: 14px;\"><span style=\"color: #ff0000;\">OGNI GIORNO ALLE CINQUE E ALLE NOVE E DIECI\u00a0 DEL MATTINO<\/span><\/strong><\/h1>\n<h1><strong style=\"font-size: 14px;\">LA PUNTATA DI OGGI, 02 MAGGIO 2026<\/strong><\/h1>\n<audio class=\"wp-audio-shortcode\" id=\"audio-509556-1\" preload=\"none\" style=\"width: 100%;\" controls=\"controls\"><source type=\"audio\/mpeg\" src=\"https:\/\/www.radiopiu.net\/wordpress\/wp-content\/uploads\/2026\/04\/AL6-4.mp3?_=1\" \/><a href=\"https:\/\/www.radiopiu.net\/wordpress\/wp-content\/uploads\/2026\/04\/AL6-4.mp3\">https:\/\/www.radiopiu.net\/wordpress\/wp-content\/uploads\/2026\/04\/AL6-4.mp3<\/a><\/audio>\n<p>&nbsp;<\/p>\n<\/div>\n<div class=\"x11i5rnm xat24cr x1mh8g0r x1vvkbs xtlvy1s x126k92a\">\n<div dir=\"auto\">\n<hr \/>\n<\/div>\n<\/div>\n<blockquote>\n<h1><\/h1>\n<\/blockquote>\n<h1 style=\"text-align: center;\"><strong>NOTIZIE DELLA NOTTE LA RASSEGNA STAMPA NAZIONALE, AGGIORNAMENTO OGNI GIORNO ALLE SEI DEL MATTINO<\/strong><\/h1>\n<p><a class=\"dt-pswp-item\" href=\"https:\/\/www.radiopiu.net\/wordpress\/wp-content\/uploads\/2026\/05\/7f0be45b-1767-48ec-8167-def3ee598fba.png\" data-dt-img-description=\"\" data-large_image_width=\"1672\" data-large_image_height=\"941\"><img loading=\"lazy\" decoding=\"async\" class=\"aligncenter wp-image-509858 size-full\" src=\"https:\/\/www.radiopiu.net\/wordpress\/wp-content\/uploads\/2026\/05\/7f0be45b-1767-48ec-8167-def3ee598fba.png\" alt=\"\" width=\"1672\" height=\"941\" srcset=\"https:\/\/www.radiopiu.net\/wordpress\/wp-content\/uploads\/2026\/05\/7f0be45b-1767-48ec-8167-def3ee598fba.png 1672w, https:\/\/www.radiopiu.net\/wordpress\/wp-content\/uploads\/2026\/05\/7f0be45b-1767-48ec-8167-def3ee598fba-300x169.png 300w, https:\/\/www.radiopiu.net\/wordpress\/wp-content\/uploads\/2026\/05\/7f0be45b-1767-48ec-8167-def3ee598fba-1024x576.png 1024w, https:\/\/www.radiopiu.net\/wordpress\/wp-content\/uploads\/2026\/05\/7f0be45b-1767-48ec-8167-def3ee598fba-768x432.png 768w, https:\/\/www.radiopiu.net\/wordpress\/wp-content\/uploads\/2026\/05\/7f0be45b-1767-48ec-8167-def3ee598fba-1536x864.png 1536w\" sizes=\"auto, (max-width: 1672px) 100vw, 1672px\" \/><\/a><\/p>\n<div class=\"flex max-w-full flex-col gap-4 grow\">\n<div class=\"min-h-8 text-message relative flex w-full flex-col items-end gap-2 text-start break-words whitespace-normal outline-none keyboard-focused:focus-ring [.text-message+&amp;]:mt-1\" dir=\"auto\" tabindex=\"0\" data-message-author-role=\"assistant\" data-message-id=\"7e5a3e9a-66d9-486b-9a77-4933f84fe42e\" data-message-model-slug=\"gpt-5-3\" data-turn-start-message=\"true\">\n<div class=\"flex w-full flex-col gap-1 empty:hidden\">\n<div class=\"markdown prose dark:prose-invert w-full wrap-break-word dark markdown-new-styling\">\n<section class=\"text-token-text-primary w-full focus:outline-none [--shadow-height:45px] has-data-writing-block:pointer-events-none has-data-writing-block:-mt-(--shadow-height) has-data-writing-block:pt-(--shadow-height) [&amp;:has([data-writing-block])&gt;*]:pointer-events-auto [content-visibility:auto] supports-[content-visibility:auto]:[contain-intrinsic-size:auto_100lvh] R6Vx5W_threadScrollVars scroll-mb-[calc(var(--scroll-root-safe-area-inset-bottom,0px)+var(--thread-response-height))] scroll-mt-[calc(var(--header-height)+min(200px,max(70px,20svh)))]\" dir=\"auto\" data-turn-id=\"request-WEB:e390b019-2b7c-444e-a5dd-3c1af9dd9d92-15\" data-testid=\"conversation-turn-32\" data-scroll-anchor=\"false\" data-turn=\"assistant\">\n<div class=\"text-base my-auto mx-auto pb-10 [--thread-content-margin:var(--thread-content-margin-xs,calc(var(--spacing)*4))] @w-sm\/main:[--thread-content-margin:var(--thread-content-margin-sm,calc(var(--spacing)*6))] @w-lg\/main:[--thread-content-margin:var(--thread-content-margin-lg,calc(var(--spacing)*16))] px-(--thread-content-margin)\">\n<div class=\"[--thread-content-max-width:40rem] @w-lg\/main:[--thread-content-max-width:48rem] mx-auto max-w-(--thread-content-max-width) flex-1 group\/turn-messages focus-visible:outline-hidden relative flex w-full min-w-0 flex-col agent-turn\">\n<div class=\"flex max-w-full flex-col gap-4 grow\">\n<div class=\"min-h-8 text-message relative flex w-full flex-col items-end gap-2 text-start break-words whitespace-normal outline-none keyboard-focused:focus-ring [.text-message+&amp;]:mt-1\" dir=\"auto\" tabindex=\"0\" data-message-author-role=\"assistant\" data-message-id=\"561aaddb-eff7-4418-a1d2-633e208ac6d7\" data-message-model-slug=\"gpt-5-3\" data-turn-start-message=\"true\">\n<div class=\"flex w-full flex-col gap-1 empty:hidden\">\n<div class=\"markdown prose dark:prose-invert w-full wrap-break-word dark markdown-new-styling\">\n<h2 data-start=\"0\" data-end=\"16\">STATI UNITI<\/h2>\n<p data-start=\"17\" data-end=\"213\">Il Pentagono valuta il ritiro di circa 5.000 soldati dalla Germania. La notizia, riportata da fonti americane, riapre il tema della presenza militare Usa in Europa e dei suoi equilibri strategici.<\/p>\n<h2 data-start=\"215\" data-end=\"233\">MEDIO ORIENTE<\/h2>\n<p data-start=\"234\" data-end=\"498\">Tensione sul nucleare: l\u2019Iran propone un nuovo confronto in cambio di un alleggerimento delle sanzioni, ma Donald Trump si dice insoddisfatto. Intanto gli attivisti della Flotilla diretta a Gaza, intercettati da Israele, sono sbarcati a Creta dopo ore di tensione.<\/p>\n<h2 data-start=\"500\" data-end=\"519\">UNIONE EUROPEA<\/h2>\n<p data-start=\"520\" data-end=\"737\">Bruxelles avverte Washington: se gli Stati Uniti violeranno gli accordi sui dazi, l\u2019Ue \u00e8 pronta a difendere i propri interessi. Anche il Parlamento europeo definisce \u201cinaccettabili\u201d le politiche commerciali americane.<\/p>\n<h2 data-start=\"739\" data-end=\"748\">IRAN<\/h2>\n<p data-start=\"749\" data-end=\"896\">La premio Nobel Narges Mohammadi \u00e8 stata trasferita in ospedale per problemi di salute, aumentando le preoccupazioni della comunit\u00e0 internazionale.<\/p>\n<h2 data-start=\"898\" data-end=\"909\">ITALIA<\/h2>\n<p data-start=\"910\" data-end=\"1058\">Giornata del Primo Maggio tra lavoro e simboli: la premier Giorgia Meloni ha visitato PizzAut, incontrando i ragazzi e definendoli \u201cstraordinari\u201d.<\/p>\n<h2 data-start=\"1060\" data-end=\"1070\">SPORT<\/h2>\n<p data-start=\"1071\" data-end=\"1279\">In Formula 1, a Miami, Lando Norris conquista la pole per la sprint davanti ad Andrea Kimi Antonelli; Charles Leclerc \u00e8 quarto. Nel calcio, il Pisa perde con il Lecce e retrocede in Serie B insieme al Verona.<\/p>\n<h2 data-start=\"1281\" data-end=\"1303\">CULTURA E SOCIET\u00c0<\/h2>\n<p data-start=\"1304\" data-end=\"1472\" data-is-last-node=\"\" data-is-only-node=\"\">Fa discutere l\u2019interpretazione di \u201cBella Ciao\u201d della cantante Delia, che ha sostituito la parola \u201cpartigiano\u201d con \u201cessere umano\u201d per rendere il messaggio pi\u00f9 inclusivo.<\/p>\n<\/div>\n<\/div>\n<\/div>\n<\/div>\n<\/div>\n<\/div>\n<\/section>\n<div class=\"pointer-events-none -mt-px h-px translate-y-[calc(var(--scroll-root-safe-area-inset-bottom)-14*var(--spacing))]\" aria-hidden=\"true\"><\/div>\n<\/div>\n<\/div>\n<\/div>\n<\/div>\n<h1>IL GIORNALE DELLE SEI DEL MATTINO<\/h1>\n<audio class=\"wp-audio-shortcode\" id=\"audio-509556-2\" preload=\"none\" style=\"width: 100%;\" controls=\"controls\"><source type=\"audio\/mpeg\" src=\"https:\/\/www.radiopiu.net\/wordpress\/wp-content\/uploads\/2026\/05\/GIORNALEDELLESEI.mp3?_=2\" \/><a href=\"https:\/\/www.radiopiu.net\/wordpress\/wp-content\/uploads\/2026\/05\/GIORNALEDELLESEI.mp3\">https:\/\/www.radiopiu.net\/wordpress\/wp-content\/uploads\/2026\/05\/GIORNALEDELLESEI.mp3<\/a><\/audio>\n<p>&nbsp;<\/p>\n<p>&nbsp;<\/p>\n<hr \/>\n<p>&nbsp;<\/p>\n<h1 style=\"text-align: center;\"><span style=\"color: #ff0000;\">I podcast informativi del mattino &#8211; audio &#8211;\u00a0<\/span><\/h1>\n<p><strong>OGNI GIORNO ALLE SETTE DEL MATTINO, LA RASSEGNA STAMPA LOCALE FLASH&#8230; PER CHI VA IN FRETTA. I TITOLI DAI GIORNALI E DAL SITO WWW.RADIOPIU.NET <span style=\"color: #0000ff;\">viene pubblicato alle 7.00<\/span> <span style=\"color: #ff0000;\">DIRETTA RADIO\u00a0 <\/span><\/strong><em><span style=\"color: #ff0000;\">per chi va in fretta&#8230; tante notizie in pochi minuti. L&#8217;informazione locale alla radio, ogni ora dalle 7 del mattino alle 19 della sera.<\/span><\/em><\/p>\n<h1 style=\"text-align: center;\">DALL&#8217;ITALIA<\/h1>\n<div class=\"text-base my-auto mx-auto [--thread-content-margin:--spacing(4)] @w-sm\/main:[--thread-content-margin:--spacing(6)] @w-lg\/main:[--thread-content-margin:--spacing(16)] px-(--thread-content-margin)\">\n<div class=\"[--thread-content-max-width:40rem] @w-lg\/main:[--thread-content-max-width:48rem] mx-auto max-w-(--thread-content-max-width) flex-1 group\/turn-messages focus-visible:outline-hidden relative flex w-full min-w-0 flex-col agent-turn\" tabindex=\"-1\">\n<div class=\"flex max-w-full flex-col grow\">\n<div class=\"min-h-8 text-message relative flex w-full flex-col items-end gap-2 text-start break-words whitespace-normal [.text-message+&amp;]:mt-1\" dir=\"auto\" data-message-author-role=\"assistant\" data-message-id=\"267fcfff-1a0f-4670-9dc4-51b6552dafd9\" data-message-model-slug=\"gpt-5-2\">\n<div class=\"flex w-full flex-col gap-1 empty:hidden first:pt-[1px]\">\n<div class=\"markdown prose dark:prose-invert w-full wrap-break-word dark markdown-new-styling\">\n<h2><a class=\"dt-pswp-item\" href=\"https:\/\/www.radiopiu.net\/wordpress\/wp-content\/uploads\/2026\/05\/55f67e8f-1730-4c5f-ad48-ae133fdd56c9.png\" data-dt-img-description=\"\" data-large_image_width=\"1672\" data-large_image_height=\"941\"><img loading=\"lazy\" decoding=\"async\" class=\"aligncenter wp-image-509859 size-large\" src=\"https:\/\/www.radiopiu.net\/wordpress\/wp-content\/uploads\/2026\/05\/55f67e8f-1730-4c5f-ad48-ae133fdd56c9-1024x576.png\" alt=\"\" width=\"1024\" height=\"576\" srcset=\"https:\/\/www.radiopiu.net\/wordpress\/wp-content\/uploads\/2026\/05\/55f67e8f-1730-4c5f-ad48-ae133fdd56c9-1024x576.png 1024w, https:\/\/www.radiopiu.net\/wordpress\/wp-content\/uploads\/2026\/05\/55f67e8f-1730-4c5f-ad48-ae133fdd56c9-300x169.png 300w, https:\/\/www.radiopiu.net\/wordpress\/wp-content\/uploads\/2026\/05\/55f67e8f-1730-4c5f-ad48-ae133fdd56c9-768x432.png 768w, https:\/\/www.radiopiu.net\/wordpress\/wp-content\/uploads\/2026\/05\/55f67e8f-1730-4c5f-ad48-ae133fdd56c9-1536x864.png 1536w, https:\/\/www.radiopiu.net\/wordpress\/wp-content\/uploads\/2026\/05\/55f67e8f-1730-4c5f-ad48-ae133fdd56c9.png 1672w\" sizes=\"auto, (max-width: 1024px) 100vw, 1024px\" \/><\/a><\/h2>\n<h2><\/h2>\n<h2>ITALIA<\/h2>\n<p>Il governo rinnova il regime di 41 bis per l\u2019anarchico Alfredo Cospito, confermando la linea dura sul carcere duro.<\/p>\n<h2>PAVIA<\/h2>\n<p>Svolta nel caso Chiara Poggi: secondo i pm Andrea Sempio sarebbe l\u2019autore dell\u2019omicidio, con un movente legato a un rifiuto. L\u2019uomo nega, mentre si riapre il fronte sulla possibile revisione del processo.<\/p>\n<h2>BARI<\/h2>\n<p>Tragedia in un ristorante a Bisceglie: un cameriere \u00e8 stato ucciso per errore durante una sparatoria. I colpi erano destinati al titolare. Indaga la Direzione distrettuale antimafia.<\/p>\n<h2>IBIZA<\/h2>\n<p>Un pizzaiolo italiano \u00e8 stato ucciso in un regolamento di conti. Arrestato il presunto killer.<\/p>\n<h2>TORINO<\/h2>\n<p>Violenza nel calcio giovanile: durante una partita Under 17 femminile, i familiari di un\u2019arbitra 16enne sono stati aggrediti dopo un rigore fischiato.<\/p>\n<h2>NAPOLI<\/h2>\n<p>Fa discutere il caso della pizzeria chiusa per \u201cpuzza di pizza\u201d: un carabiniere \u00e8 stato citato a giudizio per tentata violenza privata. chiusura &#8220;per puzza di pizza&#8221;, come recitava il cartello che venne affisso all&#8217;ingresso, della pizzeria &#8220;Danese&#8221; di Portici, in provincia di Napoli, che vede indagato, per tentata violenza privata continuata, un carabiniere. \u00a0 Il militare, secondo l&#8217;accusa formulata dalla Procura, facendo leva sull&#8217;appartenenza all&#8217;arma, intim\u00f2 pi\u00f9 volte (dall&#8217;ottobre 2022 al 13 settembre 2025) ai titolari di chiudere il loro negozio: ora \u00e8 stato citato in giudizio dalla pm titolare del fascicolo ed \u00e8 atteso il prossimo 17 settembre dinnanzi a un giudice del tribunale di Napoli per l&#8217;udienza predibattimentale.<\/p>\n<h2>ITALIA<\/h2>\n<p>Quattro neofascisti denunciati per aver pestato un uomo che stava strappando manifesti su Sergio Ramelli: si cerca un quinto aggressore.<\/p>\n<h2>TRIBUNALI<\/h2>\n<p>Caso dei \u201cbimbi del bosco\u201d: il reclamo \u00e8 stato dichiarato improcedibile, i minori restano in casa famiglia.<\/p>\n<h2>MEDIO ORIENTE<\/h2>\n<p>Nuove tensioni sulla Flotilla diretta a Gaza: attivisti denunciano manovre di intercetto e l\u2019intervento di soldati israeliani al largo di Creta.<\/p>\n<\/div>\n<\/div>\n<\/div>\n<\/div>\n<\/div>\n<\/div>\n<div class=\"pointer-events-none h-px w-px absolute bottom-0\" aria-hidden=\"true\" data-edge=\"true\"><\/div>\n<p>&nbsp;<\/p>\n<div class=\"flex flex-col text-sm pb-25\">\n<article class=\"text-token-text-primary w-full focus:outline-none [--shadow-height:45px] has-data-writing-block:pointer-events-none has-data-writing-block:-mt-(--shadow-height) has-data-writing-block:pt-(--shadow-height) [&amp;:has([data-writing-block])&gt;*]:pointer-events-auto scroll-mt-[calc(var(--header-height)+min(200px,max(70px,20svh)))]\" dir=\"auto\" tabindex=\"-1\" data-turn-id=\"4725b8e7-448d-49ef-90cd-737bcdd880f6\" data-testid=\"conversation-turn-10\" data-scroll-anchor=\"true\" data-turn=\"assistant\">\n<div class=\"text-base my-auto mx-auto pb-10 [--thread-content-margin:--spacing(4)] @w-sm\/main:[--thread-content-margin:--spacing(6)] @w-lg\/main:[--thread-content-margin:--spacing(16)] px-(--thread-content-margin)\">\n<div class=\"[--thread-content-max-width:40rem] @w-lg\/main:[--thread-content-max-width:48rem] mx-auto max-w-(--thread-content-max-width) flex-1 group\/turn-messages focus-visible:outline-hidden relative flex w-full min-w-0 flex-col agent-turn\" tabindex=\"-1\">\n<hr \/>\n<h1><\/h1>\n<h1 style=\"text-align: center;\">DALLA REGIONE VENETO<\/h1>\n<p><a class=\"dt-pswp-item\" href=\"https:\/\/www.radiopiu.net\/wordpress\/wp-content\/uploads\/2026\/05\/Screenshot-2026-05-02-053011.png\" data-dt-img-description=\"\" data-large_image_width=\"742\" data-large_image_height=\"210\"><img loading=\"lazy\" decoding=\"async\" class=\"aligncenter wp-image-509860 size-full\" src=\"https:\/\/www.radiopiu.net\/wordpress\/wp-content\/uploads\/2026\/05\/Screenshot-2026-05-02-053011.png\" alt=\"\" width=\"742\" height=\"210\" srcset=\"https:\/\/www.radiopiu.net\/wordpress\/wp-content\/uploads\/2026\/05\/Screenshot-2026-05-02-053011.png 742w, https:\/\/www.radiopiu.net\/wordpress\/wp-content\/uploads\/2026\/05\/Screenshot-2026-05-02-053011-300x85.png 300w\" sizes=\"auto, (max-width: 742px) 100vw, 742px\" \/><\/a><\/p>\n<div class=\"flex flex-col text-sm pb-25\">\n<article class=\"text-token-text-primary w-full focus:outline-none [--shadow-height:45px] has-data-writing-block:pointer-events-none has-data-writing-block:-mt-(--shadow-height) has-data-writing-block:pt-(--shadow-height) [&amp;:has([data-writing-block])&gt;*]:pointer-events-auto scroll-mt-[calc(var(--header-height)+min(200px,max(70px,20svh)))]\" dir=\"auto\" tabindex=\"-1\" data-turn-id=\"request-WEB:395a30ce-c02d-48c6-adac-8c26190c19fc-13\" data-testid=\"conversation-turn-28\" data-scroll-anchor=\"true\" data-turn=\"assistant\">\n<div class=\"text-base my-auto mx-auto pb-10 [--thread-content-margin:--spacing(4)] @w-sm\/main:[--thread-content-margin:--spacing(6)] @w-lg\/main:[--thread-content-margin:--spacing(16)] px-(--thread-content-margin)\">\n<div class=\"[--thread-content-max-width:40rem] @w-lg\/main:[--thread-content-max-width:48rem] mx-auto max-w-(--thread-content-max-width) flex-1 group\/turn-messages focus-visible:outline-hidden relative flex w-full min-w-0 flex-col agent-turn\" tabindex=\"-1\">\n<div class=\"flex max-w-full flex-col grow\">\n<div class=\"min-h-8 text-message relative flex w-full flex-col items-end gap-2 text-start break-words whitespace-normal [.text-message+&amp;]:mt-1\" dir=\"auto\" data-message-author-role=\"assistant\" data-message-id=\"591443fe-dd2a-4daf-aacb-ee3a0ce88286\" data-message-model-slug=\"gpt-5-2\">\n<div class=\"flex w-full flex-col gap-1 empty:hidden first:pt-[1px]\">\n<div class=\"markdown prose dark:prose-invert w-full wrap-break-word dark markdown-new-styling\">\n<div class=\"flex flex-col text-sm pb-25\">\n<article class=\"text-token-text-primary w-full focus:outline-none [--shadow-height:45px] has-data-writing-block:pointer-events-none has-data-writing-block:-mt-(--shadow-height) has-data-writing-block:pt-(--shadow-height) [&amp;:has([data-writing-block])&gt;*]:pointer-events-auto scroll-mt-[calc(var(--header-height)+min(200px,max(70px,20svh)))]\" dir=\"auto\" tabindex=\"-1\" data-turn-id=\"request-WEB:8a5e7093-3d62-4bde-8de5-bd2a8fc79713-22\" data-testid=\"conversation-turn-46\" data-scroll-anchor=\"true\" data-turn=\"assistant\">\n<div class=\"text-base my-auto mx-auto pb-10 [--thread-content-margin:--spacing(4)] @w-sm\/main:[--thread-content-margin:--spacing(6)] @w-lg\/main:[--thread-content-margin:--spacing(16)] px-(--thread-content-margin)\">\n<div class=\"[--thread-content-max-width:40rem] @w-lg\/main:[--thread-content-max-width:48rem] mx-auto max-w-(--thread-content-max-width) flex-1 group\/turn-messages focus-visible:outline-hidden relative flex w-full min-w-0 flex-col agent-turn\" tabindex=\"-1\">\n<div class=\"flex max-w-full flex-col grow\">\n<div class=\"min-h-8 text-message relative flex w-full flex-col items-end gap-2 text-start break-words whitespace-normal [.text-message+&amp;]:mt-1\" dir=\"auto\" data-message-author-role=\"assistant\" data-message-id=\"fd94cd0c-b9c7-45f7-a79b-d93166b5150e\" data-message-model-slug=\"gpt-5-2\">\n<div class=\"flex w-full flex-col gap-1 empty:hidden first:pt-[1px]\">\n<div class=\"markdown prose dark:prose-invert w-full wrap-break-word dark markdown-new-styling\">\n<section class=\"text-token-text-primary w-full focus:outline-none [--shadow-height:45px] has-data-writing-block:pointer-events-none has-data-writing-block:-mt-(--shadow-height) has-data-writing-block:pt-(--shadow-height) [&amp;:has([data-writing-block])&gt;*]:pointer-events-auto [content-visibility:auto] supports-[content-visibility:auto]:[contain-intrinsic-size:auto_100lvh] R6Vx5W_threadScrollVars scroll-mb-[calc(var(--scroll-root-safe-area-inset-bottom,0px)+var(--thread-response-height))] scroll-mt-[calc(var(--header-height)+min(200px,max(70px,20svh)))]\" dir=\"auto\" data-turn-id=\"request-WEB:7c4ca243-6e64-45d1-8ffc-7b4a79150101-0\" data-testid=\"conversation-turn-2\" data-scroll-anchor=\"false\" data-turn=\"assistant\">\n<div class=\"text-base my-auto mx-auto pb-10 [--thread-content-margin:var(--thread-content-margin-xs,calc(var(--spacing)*4))] @w-sm\/main:[--thread-content-margin:var(--thread-content-margin-sm,calc(var(--spacing)*6))] @w-lg\/main:[--thread-content-margin:var(--thread-content-margin-lg,calc(var(--spacing)*16))] px-(--thread-content-margin)\">\n<div class=\"[--thread-content-max-width:40rem] @w-lg\/main:[--thread-content-max-width:48rem] mx-auto max-w-(--thread-content-max-width) flex-1 group\/turn-messages focus-visible:outline-hidden relative flex w-full min-w-0 flex-col agent-turn\">\n<div class=\"flex max-w-full flex-col gap-4 grow\">\n<div class=\"min-h-8 text-message relative flex w-full flex-col items-end gap-2 text-start break-words whitespace-normal outline-none keyboard-focused:focus-ring [.text-message+&amp;]:mt-1\" dir=\"auto\" tabindex=\"0\" data-message-author-role=\"assistant\" data-message-id=\"418f2d08-39de-43d9-a554-e3adac60ef0e\" data-message-model-slug=\"gpt-5-3\" data-turn-start-message=\"true\">\n<div class=\"flex w-full flex-col gap-1 empty:hidden\">\n<div class=\"markdown prose dark:prose-invert w-full wrap-break-word dark markdown-new-styling\">\n<p data-start=\"0\" data-end=\"282\"><strong data-start=\"0\" data-end=\"11\">VICENZA<\/strong> \u2013 Attimi di pericolo sulla linea ferroviaria Milano-Venezia: alcuni minori si sono scattati selfie sui binari, costringendo alla sospensione della circolazione dei treni. L\u2019episodio, avvenuto gioved\u00ec sera, ha provocato forti disagi e riaccende l\u2019allarme sulla sicurezza.<\/p>\n<p data-start=\"284\" data-end=\"495\"><strong data-start=\"284\" data-end=\"318\">AUTOSTRADA A1 (TRATTO TOSCANO)<\/strong> \u2013 \u00c8 morto in ospedale il 25enne coinvolto nell\u2019incidente del 28 aprile, quando bobine di carta caddero da un tir schiacciando l\u2019auto su cui viaggiava. Grave anche la fidanzata.<\/p>\n<p data-start=\"497\" data-end=\"691\"><strong data-start=\"497\" data-end=\"520\">VICENZA (PROVINCIA)<\/strong> \u2013 Incendio in abitazione: due anziani sono rimasti intossicati dal fumo. Decisivo l\u2019intervento del cane di famiglia che, abbaiando, ha dato l\u2019allarme e salvato la coppia.<\/p>\n<p data-start=\"693\" data-end=\"876\"><strong data-start=\"693\" data-end=\"703\">PADOVA<\/strong> \u2013 Il Tar ha respinto il ricorso contro un Daspo emesso dopo un\u2019aggressione: confermato il provvedimento della questura nei confronti di un appartenente a un centro sociale.<\/p>\n<p data-start=\"878\" data-end=\"1028\"><strong data-start=\"878\" data-end=\"888\">VENETO<\/strong> \u2013 Primo Maggio celebrato con la consegna di 95 \u201cStelle al merito del lavoro\u201d a lavoratori distintisi per professionalit\u00e0 e condotta morale.<\/p>\n<p data-start=\"1030\" data-end=\"1143\"><strong data-start=\"1030\" data-end=\"1047\">SAN BONIFACIO<\/strong> \u2013 Boom di nascite all\u2019ospedale Fracastoro: 10 parti in 24 ore, oltre 330 dall\u2019inizio dell\u2019anno.<\/p>\n<p data-start=\"1145\" data-end=\"1276\"><strong data-start=\"1145\" data-end=\"1155\">JESOLO<\/strong> \u2013 Nuove regole per l\u2019estate: vietato fumare in spiaggia e limiti di orario per i cani secondo l\u2019ordinanza balneare 2026.<\/p>\n<p data-start=\"1278\" data-end=\"1428\"><strong data-start=\"1278\" data-end=\"1299\">VENEZIA (REGIONE)<\/strong> \u2013 Approvato in Giunta il disegno di legge sul commercio: semplificazioni, sostegno ai negozi di vicinato e sviluppo sostenibile.<\/p>\n<p data-start=\"1430\" data-end=\"1533\"><strong data-start=\"1430\" data-end=\"1440\">VENETO<\/strong> \u2013 Secondo Istat, popolazione stabile nel 2024: aumentano gli stranieri ma calano le nascite.<\/p>\n<p data-start=\"1535\" data-end=\"1667\"><strong data-start=\"1535\" data-end=\"1548\">PASTRENGO<\/strong> \u2013 Rievocata la storica Carica dei Carabinieri della Prima Guerra d\u2019Indipendenza, nel segno della memoria e del dovere.<\/p>\n<p data-start=\"1669\" data-end=\"1773\" data-is-last-node=\"\" data-is-only-node=\"\"><strong data-start=\"1669\" data-end=\"1685\">VENETO COSTE<\/strong> \u2013 Spiagge e acque promosse da Arpav: tutto pronto per una stagione balneare di qualit\u00e0.<\/p>\n<\/div>\n<\/div>\n<\/div>\n<\/div>\n<div class=\"z-0 flex min-h-[46px] justify-start\"><\/div>\n<div class=\"mt-3 w-full empty:hidden\">\n<div class=\"text-center\"><\/div>\n<\/div>\n<\/div>\n<\/div>\n<\/section>\n<div class=\"pointer-events-none -mt-px h-px translate-y-[calc(var(--scroll-root-safe-area-inset-bottom)-14*var(--spacing))]\" aria-hidden=\"true\"><\/div>\n<\/div>\n<\/div>\n<\/div>\n<\/div>\n<\/div>\n<\/div>\n<\/article>\n<\/div>\n<div class=\"pointer-events-none h-px w-px absolute bottom-0\" aria-hidden=\"true\" data-edge=\"true\"><\/div>\n<\/div>\n<\/div>\n<\/div>\n<\/div>\n<\/div>\n<\/div>\n<\/article>\n<\/div>\n<p>&nbsp;<\/p>\n<\/div>\n<\/div>\n<\/article>\n<\/div>\n<hr \/>\n<p>&nbsp;<\/p>\n<blockquote>\n<h1><\/h1>\n<h1><a class=\"dt-pswp-item\" href=\"https:\/\/www.radiopiu.net\/wordpress\/wp-content\/uploads\/2026\/04\/mirko-rassegna.png\" data-dt-img-description=\"\" data-large_image_width=\"511\" data-large_image_height=\"287\"><img loading=\"lazy\" decoding=\"async\" class=\"aligncenter wp-image-507211 size-full\" src=\"https:\/\/www.radiopiu.net\/wordpress\/wp-content\/uploads\/2026\/04\/mirko-rassegna.png\" alt=\"\" width=\"511\" height=\"287\" srcset=\"https:\/\/www.radiopiu.net\/wordpress\/wp-content\/uploads\/2026\/04\/mirko-rassegna.png 511w, https:\/\/www.radiopiu.net\/wordpress\/wp-content\/uploads\/2026\/04\/mirko-rassegna-300x168.png 300w\" sizes=\"auto, (max-width: 511px) 100vw, 511px\" \/><\/a><\/h1>\n<\/blockquote>\n<div class=\"flex flex-col text-sm pb-25\">\n<article class=\"text-token-text-primary w-full focus:outline-none [--shadow-height:45px] has-data-writing-block:pointer-events-none has-data-writing-block:-mt-(--shadow-height) has-data-writing-block:pt-(--shadow-height) [&amp;:has([data-writing-block])&gt;*]:pointer-events-auto scroll-mt-[calc(var(--header-height)+min(200px,max(70px,20svh)))]\" dir=\"auto\" tabindex=\"-1\" data-turn-id=\"request-WEB:395a30ce-c02d-48c6-adac-8c26190c19fc-24\" data-testid=\"conversation-turn-50\" data-scroll-anchor=\"true\" data-turn=\"assistant\">\n<div class=\"text-base my-auto mx-auto pb-10 [--thread-content-margin:--spacing(4)] @w-sm\/main:[--thread-content-margin:--spacing(6)] @w-lg\/main:[--thread-content-margin:--spacing(16)] px-(--thread-content-margin)\"><\/div>\n<\/article>\n<\/div>\n<h1 data-start=\"128\" data-end=\"155\">&#x1f4f0; RASSEGNA STAMPA LOCALE, OGNI GIORNO ALLE 7 PER CHI VA DI FRETTA, ALLE 8.05 DA 43 ANNI<\/h1>\n<\/div>\n<\/div>\n<\/div>\n<\/article>\n<\/div>\n<div class=\"flex flex-col text-sm pb-25\">\n<article class=\"text-token-text-primary w-full focus:outline-none [--shadow-height:45px] has-data-writing-block:pointer-events-none has-data-writing-block:-mt-(--shadow-height) has-data-writing-block:pt-(--shadow-height) [&amp;:has([data-writing-block])&gt;*]:pointer-events-auto scroll-mt-[calc(var(--header-height)+min(200px,max(70px,20svh)))]\" dir=\"auto\" tabindex=\"-1\" data-turn-id=\"request-WEB:545a5307-a0c9-41c7-9a5f-bf65aefdb8ec-5\" data-testid=\"conversation-turn-12\" data-scroll-anchor=\"true\" data-turn=\"assistant\">\n<div class=\"text-base my-auto mx-auto pb-10 [--thread-content-margin:--spacing(4)] @w-sm\/main:[--thread-content-margin:--spacing(6)] @w-lg\/main:[--thread-content-margin:--spacing(16)] px-(--thread-content-margin)\">\n<div class=\"[--thread-content-max-width:40rem] @w-lg\/main:[--thread-content-max-width:48rem] mx-auto max-w-(--thread-content-max-width) flex-1 group\/turn-messages focus-visible:outline-hidden relative flex w-full min-w-0 flex-col agent-turn\" tabindex=\"-1\">\n<div class=\"z-0 flex min-h-[46px] justify-start\">\n<div class=\"pointer-events-none h-px w-px absolute bottom-0\" aria-hidden=\"true\" data-edge=\"true\">\n<article class=\"text-token-text-primary w-full focus:outline-none [--shadow-height:45px] has-data-writing-block:pointer-events-none has-data-writing-block:-mt-(--shadow-height) has-data-writing-block:pt-(--shadow-height) [&amp;:has([data-writing-block])&gt;*]:pointer-events-auto scroll-mt-[calc(var(--header-height)+min(200px,max(70px,20svh)))]\" dir=\"auto\" tabindex=\"-1\" data-turn-id=\"request-WEB:395a30ce-c02d-48c6-adac-8c26190c19fc-23\" data-testid=\"conversation-turn-48\" data-scroll-anchor=\"false\" data-turn=\"assistant\">\n<div class=\"text-base my-auto mx-auto [--thread-content-margin:--spacing(4)] @w-sm\/main:[--thread-content-margin:--spacing(6)] @w-lg\/main:[--thread-content-margin:--spacing(16)] px-(--thread-content-margin)\">\n<div class=\"[--thread-content-max-width:40rem] @w-lg\/main:[--thread-content-max-width:48rem] mx-auto max-w-(--thread-content-max-width) flex-1 group\/turn-messages focus-visible:outline-hidden relative flex w-full min-w-0 flex-col agent-turn\" tabindex=\"-1\">\n<div class=\"z-0 flex min-h-[46px] justify-start\">\n<div class=\"pointer-events-none h-px w-px absolute bottom-0\" aria-hidden=\"true\" data-edge=\"true\">\n<article class=\"text-token-text-primary w-full focus:outline-none [--shadow-height:45px] has-data-writing-block:pointer-events-none has-data-writing-block:-mt-(--shadow-height) has-data-writing-block:pt-(--shadow-height) [&amp;:has([data-writing-block])&gt;*]:pointer-events-auto scroll-mt-(--header-height)\" dir=\"auto\" tabindex=\"-1\" data-turn-id=\"be71d048-10d6-4822-b6f8-d8ba31ea41c6\" data-testid=\"conversation-turn-49\" data-scroll-anchor=\"false\" data-turn=\"user\">\n<div class=\"text-base my-auto mx-auto pt-12 [--thread-content-margin:--spacing(4)] @w-sm\/main:[--thread-content-margin:--spacing(6)] @w-lg\/main:[--thread-content-margin:--spacing(16)] px-(--thread-content-margin)\">\n<div class=\"[--thread-content-max-width:40rem] @w-lg\/main:[--thread-content-max-width:48rem] mx-auto max-w-(--thread-content-max-width) flex-1 group\/turn-messages focus-visible:outline-hidden relative flex w-full min-w-0 flex-col\" tabindex=\"-1\">\n<div class=\"flex max-w-full flex-col grow\">\n<div class=\"min-h-8 text-message relative flex w-full flex-col items-end gap-2 text-start break-words whitespace-normal [.text-message+&amp;]:mt-1\" dir=\"auto\" data-message-author-role=\"user\" data-message-id=\"be71d048-10d6-4822-b6f8-d8ba31ea41c6\">\n<div class=\"flex w-full flex-col gap-1 empty:hidden items-end rtl:items-start\">\n<div class=\"user-message-bubble-color corner-superellipse\/1.1 relative rounded-[18px] px-4 py-1.5 data-[multiline]:py-3 max-w-[var(--user-chat-width,70%)]\">\n<p>DI MIRKO MEZZACASA<\/p>\n<\/div>\n<\/div>\n<\/div>\n<\/div>\n<\/div>\n<\/div>\n<\/article>\n<\/div>\n<\/div>\n<\/div>\n<\/div>\n<\/article>\n<\/div>\n<audio class=\"wp-audio-shortcode\" id=\"audio-509556-3\" preload=\"none\" style=\"width: 100%;\" controls=\"controls\"><source type=\"audio\/mpeg\" src=\"https:\/\/www.radiopiu.net\/wordpress\/wp-content\/uploads\/2026\/05\/GF07.mp3?_=3\" \/><a href=\"https:\/\/www.radiopiu.net\/wordpress\/wp-content\/uploads\/2026\/05\/GF07.mp3\">https:\/\/www.radiopiu.net\/wordpress\/wp-content\/uploads\/2026\/05\/GF07.mp3<\/a><\/audio>\n<\/div>\n<\/div>\n<\/div>\n<\/article>\n<\/div>\n<div class=\"flex flex-col text-sm pb-25\">\n<article class=\"text-token-text-primary w-full focus:outline-none [--shadow-height:45px] has-data-writing-block:pointer-events-none has-data-writing-block:-mt-(--shadow-height) has-data-writing-block:pt-(--shadow-height) [&amp;:has([data-writing-block])&gt;*]:pointer-events-auto scroll-mt-[calc(var(--header-height)+min(200px,max(70px,20svh)))]\" dir=\"auto\" tabindex=\"-1\" data-turn-id=\"request-WEB:545a5307-a0c9-41c7-9a5f-bf65aefdb8ec-5\" data-testid=\"conversation-turn-12\" data-scroll-anchor=\"true\" data-turn=\"assistant\">\n<div class=\"text-base my-auto mx-auto pb-10 [--thread-content-margin:--spacing(4)] @w-sm\/main:[--thread-content-margin:--spacing(6)] @w-lg\/main:[--thread-content-margin:--spacing(16)] px-(--thread-content-margin)\">\n<div class=\"[--thread-content-max-width:40rem] @w-lg\/main:[--thread-content-max-width:48rem] mx-auto max-w-(--thread-content-max-width) flex-1 group\/turn-messages focus-visible:outline-hidden relative flex w-full min-w-0 flex-col agent-turn\" tabindex=\"-1\">\n<div class=\"z-0 flex min-h-[46px] justify-start\">\n<p>&nbsp;<\/p>\n<p>&nbsp;<\/p>\n<hr \/>\n<p>&nbsp;<\/p>\n<h1><span style=\"color: #ff0000;\"><a class=\"dt-pswp-item\" href=\"https:\/\/www.radiopiu.net\/wordpress\/wp-content\/uploads\/2024\/11\/8.jpg\" data-dt-img-description=\"\" data-large_image_width=\"180\" data-large_image_height=\"180\"><img loading=\"lazy\" decoding=\"async\" class=\"size-full wp-image-417910 aligncenter\" src=\"https:\/\/www.radiopiu.net\/wordpress\/wp-content\/uploads\/2024\/11\/8.jpg\" alt=\"\" width=\"180\" height=\"180\" srcset=\"https:\/\/www.radiopiu.net\/wordpress\/wp-content\/uploads\/2024\/11\/8.jpg 180w, https:\/\/www.radiopiu.net\/wordpress\/wp-content\/uploads\/2024\/11\/8-150x150.jpg 150w\" sizes=\"auto, (max-width: 180px) 100vw, 180px\" \/><\/a><\/span><\/h1>\n<h1><span style=\"color: #ff0000;\">I podcast informativi del mattino &#8211; video &#8211;\u00a0<\/span><\/h1>\n<h2 style=\"text-align: left;\"><strong>RASSEGNA STAMPA LOCALE, ORE OTTO<\/strong><\/h2>\n<h2><strong><span style=\"color: #0000ff;\">viene\u00a0 <\/span><\/strong><strong><span style=\"color: #0000ff;\">pubblicata alle 8.05 <span style=\"color: #ff0000;\">DIRETTA RADIO\u00a0 \u00a0<\/span><\/span><\/strong><strong>DI MIRKO MEZZACASA<\/strong><\/h2>\n<h1><span style=\"color: #ff0000;\"><strong>VIDEO\u00a0 \u00a0in diretta AGGIORNAMENTO\u00a0 dalle 8 del mattino<\/strong><\/span><\/h1>\n<p>&nbsp;<\/p>\n<\/div>\n<\/div>\n<\/div>\n<\/article>\n<\/div>\n<p>&nbsp;<\/p>\n<p>&nbsp;<\/p>\n<hr \/>\n<p>&nbsp;<\/p>\n<blockquote>\n<h3 style=\"text-align: center;\">ACQUA DI NUOVO POTABILE A CENCENIGHE IN LOCALITA PRA&#8217; DI MEZZO<\/h3>\n<\/blockquote>\n<p><strong><a class=\"dt-pswp-item\" href=\"https:\/\/www.radiopiu.net\/wordpress\/wp-content\/uploads\/2021\/09\/BICCHIERE-ACQUA.jpg\" data-dt-img-description=\"\" data-large_image_width=\"1920\" data-large_image_height=\"1280\"><img loading=\"lazy\" decoding=\"async\" class=\"aligncenter size-medium wp-image-234651\" src=\"https:\/\/www.radiopiu.net\/wordpress\/wp-content\/uploads\/2021\/09\/BICCHIERE-ACQUA-300x200.jpg\" alt=\"\" width=\"300\" height=\"200\" srcset=\"https:\/\/www.radiopiu.net\/wordpress\/wp-content\/uploads\/2021\/09\/BICCHIERE-ACQUA-300x200.jpg 300w, https:\/\/www.radiopiu.net\/wordpress\/wp-content\/uploads\/2021\/09\/BICCHIERE-ACQUA-1024x683.jpg 1024w, https:\/\/www.radiopiu.net\/wordpress\/wp-content\/uploads\/2021\/09\/BICCHIERE-ACQUA-768x512.jpg 768w, https:\/\/www.radiopiu.net\/wordpress\/wp-content\/uploads\/2021\/09\/BICCHIERE-ACQUA-1536x1024.jpg 1536w, https:\/\/www.radiopiu.net\/wordpress\/wp-content\/uploads\/2021\/09\/BICCHIERE-ACQUA.jpg 1920w\" sizes=\"auto, (max-width: 300px) 100vw, 300px\" \/><\/a>\u00a0<\/strong><\/p>\n<p><strong>CENCENIGHE<\/strong> Servizi Integrati Bellunesi informa che a Cencenighe Agordino in localit\u00e0 Pr\u00e0 Di Mezzo l&#8217;acqua erogata dall&#8217;acquedotto \u00e8 di nuovo potabile e pu\u00f2 essere usata, quindi, per scopi alimentari.<\/p>\n<p>&nbsp;<\/p>\n<p>&nbsp;<\/p>\n<hr \/>\n<p>&nbsp;<\/p>\n<blockquote>\n<h3 style=\"text-align: center;\">DOPPIO LUTTO: COMUNIT\u00c0 IN LACRIME PER KARIN SPADARI E GIULIA CRODA<\/h3>\n<\/blockquote>\n\n\t\t\t<style type='text\/css'>\n\t\t\t\t#gallery-1 {\n\t\t\t\t\tmargin: auto;\n\t\t\t\t}\n\t\t\t\t#gallery-1 .gallery-item {\n\t\t\t\t\tfloat: left;\n\t\t\t\t\tmargin-top: 10px;\n\t\t\t\t\ttext-align: center;\n\t\t\t\t\twidth: 50%;\n\t\t\t\t}\n\t\t\t\t#gallery-1 img {\n\t\t\t\t\tborder: 2px solid #cfcfcf;\n\t\t\t\t}\n\t\t\t\t#gallery-1 .gallery-caption {\n\t\t\t\t\tmargin-left: 0;\n\t\t\t\t}\n\t\t\t\t\/* see gallery_shortcode() in wp-includes\/media.php *\/\n\t\t\t<\/style>\n\t\t<div id='gallery-1' class='dt-gallery-container gallery galleryid-509556 gallery-columns-2 gallery-size-thumbnail'><dl class='gallery-item'>\n\t\t\t\t<dt class='gallery-icon portrait'>\n\t\t\t\t\t<a class=\"rollover rollover-zoom dt-pswp-item\" title=\"333\" data-dt-img-description=\"\" data-large_image_width=\"207\" data-large_image_height=\"254\"href='https:\/\/www.radiopiu.net\/wordpress\/wp-content\/uploads\/2026\/05\/333.jpg'><img loading=\"lazy\" decoding=\"async\" width=\"150\" height=\"150\" src=\"https:\/\/www.radiopiu.net\/wordpress\/wp-content\/uploads\/2026\/05\/333-150x150.jpg\" class=\"attachment-thumbnail size-thumbnail\" alt=\"\" \/><\/a>\n\t\t\t\t<\/dt><\/dl><dl class='gallery-item'>\n\t\t\t\t<dt class='gallery-icon portrait'>\n\t\t\t\t\t<a class=\"rollover rollover-zoom dt-pswp-item\" title=\"4444\" data-dt-img-description=\"\" data-large_image_width=\"208\" data-large_image_height=\"247\"href='https:\/\/www.radiopiu.net\/wordpress\/wp-content\/uploads\/2026\/05\/4444.jpg'><img loading=\"lazy\" decoding=\"async\" width=\"150\" height=\"150\" src=\"https:\/\/www.radiopiu.net\/wordpress\/wp-content\/uploads\/2026\/05\/4444-150x150.jpg\" class=\"attachment-thumbnail size-thumbnail\" alt=\"\" \/><\/a>\n\t\t\t\t<\/dt><\/dl><br style=\"clear: both\" \/>\n\t\t\t<\/div>\n\n<p>&nbsp;<\/p>\n<p><strong>SEDICO\/SOSPIROLO <\/strong>Le comunit\u00e0 di Sospirolo e Sedico sono unite nel dolore per la scomparsa di due donne colpite dalla malattia: Karin Spadari, 53 anni, e Giulia Croda, 51. Due perdite ravvicinate che hanno profondamente colpito familiari, amici e conoscenti. Karin Spadari, originaria di Sospirolo ma residente da anni a Roe di Sedico, \u00e8 morta mercoled\u00ec. Era molto conosciuta per il carattere solare, la simpatia e il sorriso contagioso. In passato aveva praticato podismo con buoni risultati nelle gare locali, mentre nutriva una grande passione per le motociclette, condivisa con molti amici biker che in queste ore la ricordano sui social. Nonostante il trasferimento, aveva mantenuto un forte legame con il paese natale, dove sar\u00e0 sepolta. I funerali si terranno marted\u00ec alle 15 nella chiesa arcipretale di Sedico. Grande commozione anche per Giulia Croda, ricordata come una donna generosa e capace di lasciare un segno profondo in chi l\u2019ha conosciuta. Lascia il marito Floriano, il padre Roberto, la sorella Laura e numerosi parenti. I funerali saranno celebrati luned\u00ec 4 maggio alle 14.30 nella chiesa di Mas, con successiva sepoltura a Peron. Eventuali offerte saranno devolute all\u2019associazione Cucchini.<\/p>\n<p>&nbsp;<\/p>\n<p>&nbsp;<\/p>\n<p>&nbsp;<\/p>\n<hr \/>\n<p>&nbsp;<\/p>\n<blockquote>\n<h3 style=\"text-align: center;\">SCONTRO SULLA SS 51 DI ALEMAGNA: CINQUE FERITI E TRAFFICO BLOCCATO<\/h3>\n<\/blockquote>\n<p><strong><a class=\"dt-pswp-item\" href=\"https:\/\/www.radiopiu.net\/wordpress\/wp-content\/uploads\/2026\/05\/7c9fcb6f-4403-4e20-a3b4-a712474fe644.jpg\" data-dt-img-description=\"\" data-large_image_width=\"1280\" data-large_image_height=\"852\"><img loading=\"lazy\" decoding=\"async\" class=\"aligncenter size-medium wp-image-509810\" src=\"https:\/\/www.radiopiu.net\/wordpress\/wp-content\/uploads\/2026\/05\/7c9fcb6f-4403-4e20-a3b4-a712474fe644-300x200.jpg\" alt=\"\" width=\"300\" height=\"200\" srcset=\"https:\/\/www.radiopiu.net\/wordpress\/wp-content\/uploads\/2026\/05\/7c9fcb6f-4403-4e20-a3b4-a712474fe644-300x200.jpg 300w, https:\/\/www.radiopiu.net\/wordpress\/wp-content\/uploads\/2026\/05\/7c9fcb6f-4403-4e20-a3b4-a712474fe644-1024x682.jpg 1024w, https:\/\/www.radiopiu.net\/wordpress\/wp-content\/uploads\/2026\/05\/7c9fcb6f-4403-4e20-a3b4-a712474fe644-768x511.jpg 768w, https:\/\/www.radiopiu.net\/wordpress\/wp-content\/uploads\/2026\/05\/7c9fcb6f-4403-4e20-a3b4-a712474fe644.jpg 1280w\" sizes=\"auto, (max-width: 300px) 100vw, 300px\" \/><\/a>\u00a0<\/strong><\/p>\n<p><strong>LONGARONE <\/strong>Nel pomeriggio di ieri, intorno alle ore 16:30, un incidente stradale si \u00e8 verificato lungo la Strada Statale 51 di Alemagna, in localit\u00e0 Fa\u00e8, nel comune di Longarone. Il sinistro ha visto il coinvolgimento di due autovetture, all&#8217;interno delle quali viaggiavano complessivamente cinque persone. A causa del violento impatto, gli occupanti sono rimasti inizialmente intrappolati negli abitacoli. L\u2019intervento immediato dei Vigili del Fuoco di Belluno \u00e8 stato provvidenziale per liberare i feriti, in stretta collaborazione con il personale sanitario del SUEM 118 giunto sul posto. Le complesse operazioni di soccorso si sono concluse verso le 19:30. Per consentire le manovre e i rilievi di sicurezza, la statale \u00e8 rimasta completamente chiusa al traffico in entrambe le direzioni per oltre un&#8217;ora, generando notevoli disagi alla viabilit\u00e0. Presenti sul posto anche i Carabinieri e la Polizia di Stato. Le cause dell&#8217;incidente sono attualmente in fase di accertamento.<\/p>\n<p>&nbsp;<\/p>\n<p>&nbsp;<\/p>\n<p>&nbsp;<\/p>\n<hr \/>\n<p>&nbsp;<\/p>\n<blockquote>\n<h3 style=\"text-align: center;\">SCHIANTO CONTRO UN ALBERO A BELLUNO: AUTOMOBILISTA INCASTRATO TRA LE LAMIERE<\/h3>\n<\/blockquote>\n<p><strong>BELLUNO <\/strong>Intorno alle 14:50 di ieri, per cause ancora in corso di accertamento, un&#8217;automobile ha improvvisamente perso il controllo, uscendo autonomamente dalla sede stradale e schiantandosi con grande violenza contro un albero situato a margine della carreggiata. All&#8217;arrivo tempestivo della squadra dei Vigili del Fuoco, la situazione \u00e8 apparsa subito complessa: il conducente si trovava gravemente incastrato all&#8217;interno dell&#8217;abitacolo deformato. Utilizzando speciali cesoie e divaricatori idraulici, i pompieri hanno letteralmente tagliato le lamiere per estrarre l&#8217;automobilista. Il ferito \u00e8 stato immediatamente affidato ai sanitari del SUEM 118 e trasportato in ospedale. A bordo viaggiava anche un cane, fortunatamente illeso, subito rassicurato e consegnato a un conoscente. La Polizia di Stato ha eseguito i rilievi di rito, mentre viabilit\u00e0 e sicurezza sono state ripristinate alle 15:30.<\/p>\n\n\t\t\t<style type='text\/css'>\n\t\t\t\t#gallery-2 {\n\t\t\t\t\tmargin: auto;\n\t\t\t\t}\n\t\t\t\t#gallery-2 .gallery-item {\n\t\t\t\t\tfloat: left;\n\t\t\t\t\tmargin-top: 10px;\n\t\t\t\t\ttext-align: center;\n\t\t\t\t\twidth: 50%;\n\t\t\t\t}\n\t\t\t\t#gallery-2 img {\n\t\t\t\t\tborder: 2px solid #cfcfcf;\n\t\t\t\t}\n\t\t\t\t#gallery-2 .gallery-caption {\n\t\t\t\t\tmargin-left: 0;\n\t\t\t\t}\n\t\t\t\t\/* see gallery_shortcode() in wp-includes\/media.php *\/\n\t\t\t<\/style>\n\t\t<div id='gallery-2' class='dt-gallery-container gallery galleryid-509556 gallery-columns-2 gallery-size-medium'><dl class='gallery-item'>\n\t\t\t\t<dt class='gallery-icon landscape'>\n\t\t\t\t\t<a class=\"rollover rollover-zoom dt-pswp-item\" title=\"039d9e14-3268-481e-9e69-0ac8254f1bd6\" data-dt-img-description=\"\" data-large_image_width=\"1280\" data-large_image_height=\"851\"href='https:\/\/www.radiopiu.net\/wordpress\/wp-content\/uploads\/2026\/05\/039d9e14-3268-481e-9e69-0ac8254f1bd6.jpg'><img loading=\"lazy\" decoding=\"async\" width=\"300\" height=\"199\" src=\"https:\/\/www.radiopiu.net\/wordpress\/wp-content\/uploads\/2026\/05\/039d9e14-3268-481e-9e69-0ac8254f1bd6-300x199.jpg\" class=\"attachment-medium size-medium\" alt=\"\" srcset=\"https:\/\/www.radiopiu.net\/wordpress\/wp-content\/uploads\/2026\/05\/039d9e14-3268-481e-9e69-0ac8254f1bd6-300x199.jpg 300w, https:\/\/www.radiopiu.net\/wordpress\/wp-content\/uploads\/2026\/05\/039d9e14-3268-481e-9e69-0ac8254f1bd6-1024x681.jpg 1024w, https:\/\/www.radiopiu.net\/wordpress\/wp-content\/uploads\/2026\/05\/039d9e14-3268-481e-9e69-0ac8254f1bd6-768x511.jpg 768w, https:\/\/www.radiopiu.net\/wordpress\/wp-content\/uploads\/2026\/05\/039d9e14-3268-481e-9e69-0ac8254f1bd6.jpg 1280w\" sizes=\"auto, (max-width: 300px) 100vw, 300px\" \/><\/a>\n\t\t\t\t<\/dt><\/dl><dl class='gallery-item'>\n\t\t\t\t<dt class='gallery-icon landscape'>\n\t\t\t\t\t<a class=\"rollover rollover-zoom dt-pswp-item\" title=\"98e36524-7ee8-4f57-bd00-e4308a0a7674\" data-dt-img-description=\"\" data-large_image_width=\"1280\" data-large_image_height=\"851\"href='https:\/\/www.radiopiu.net\/wordpress\/wp-content\/uploads\/2026\/05\/98e36524-7ee8-4f57-bd00-e4308a0a7674.jpg'><img loading=\"lazy\" decoding=\"async\" width=\"300\" height=\"199\" src=\"https:\/\/www.radiopiu.net\/wordpress\/wp-content\/uploads\/2026\/05\/98e36524-7ee8-4f57-bd00-e4308a0a7674-300x199.jpg\" class=\"attachment-medium size-medium\" alt=\"\" srcset=\"https:\/\/www.radiopiu.net\/wordpress\/wp-content\/uploads\/2026\/05\/98e36524-7ee8-4f57-bd00-e4308a0a7674-300x199.jpg 300w, https:\/\/www.radiopiu.net\/wordpress\/wp-content\/uploads\/2026\/05\/98e36524-7ee8-4f57-bd00-e4308a0a7674-1024x681.jpg 1024w, https:\/\/www.radiopiu.net\/wordpress\/wp-content\/uploads\/2026\/05\/98e36524-7ee8-4f57-bd00-e4308a0a7674-768x511.jpg 768w, https:\/\/www.radiopiu.net\/wordpress\/wp-content\/uploads\/2026\/05\/98e36524-7ee8-4f57-bd00-e4308a0a7674.jpg 1280w\" sizes=\"auto, (max-width: 300px) 100vw, 300px\" \/><\/a>\n\t\t\t\t<\/dt><\/dl><br style=\"clear: both\" \/>\n\t\t\t<\/div>\n\n<p>&nbsp;<\/p>\n<p>&nbsp;<\/p>\n<hr \/>\n<p>&nbsp;<\/p>\n<blockquote>\n<h3 style=\"text-align: center;\">INCIDENTE FRONTALE A FELTRE SULLA SS50, GRAVE UN 29ENNE<\/h3>\n<\/blockquote>\n<p><strong>FELTRE<\/strong> Incidente stradale nelle prime ore della mattinata di gioved\u00ec, lungo la SS50 in direzione Fonzaso, in via Culiada, nel territorio comunale di Feltre. Due le autovetture coinvolte nello scontro frontale, avvenuto intorno alle 5.50, feriti un giovane di 29 anni di Belluno portato in ambulanza a Feltre in gravi condizioni (codice rosso, 3) e un uomo di 67 di Venezia che ha rifiutato il trasporto in ospedale. All\u2019arrivo dei soccorsi, uno degli occupanti risultava ancora all\u2019interno di uno dei veicoli incidentati. Sul posto sono intervenuti i Vigili del Fuoco del distaccamento di Feltre che, in collaborazione con il personale sanitario del SUEM 118, hanno prestato assistenza al ferito, consentendone le operazioni di soccorso in sicurezza. Contestualmente \u00e8 stata effettuata la messa in sicurezza dei mezzi coinvolti e dell\u2019area interessata dal sinistro. Presenti anche i Carabinieri, impegnati nei rilievi per ricostruire la dinamica dell\u2019incidente e nella gestione della viabilit\u00e0 lungo il tratto stradale. Le operazioni di soccorso si sono concluse intorno alle ore 7.30.<\/p>\n\n\t\t\t<style type='text\/css'>\n\t\t\t\t#gallery-3 {\n\t\t\t\t\tmargin: auto;\n\t\t\t\t}\n\t\t\t\t#gallery-3 .gallery-item {\n\t\t\t\t\tfloat: left;\n\t\t\t\t\tmargin-top: 10px;\n\t\t\t\t\ttext-align: center;\n\t\t\t\t\twidth: 33%;\n\t\t\t\t}\n\t\t\t\t#gallery-3 img {\n\t\t\t\t\tborder: 2px solid #cfcfcf;\n\t\t\t\t}\n\t\t\t\t#gallery-3 .gallery-caption {\n\t\t\t\t\tmargin-left: 0;\n\t\t\t\t}\n\t\t\t\t\/* see gallery_shortcode() in wp-includes\/media.php *\/\n\t\t\t<\/style>\n\t\t<div id='gallery-3' class='dt-gallery-container gallery galleryid-509556 gallery-columns-3 gallery-size-medium'><dl class='gallery-item'>\n\t\t\t\t<dt class='gallery-icon landscape'>\n\t\t\t\t\t<a class=\"rollover rollover-zoom dt-pswp-item\" title=\"6023723033605906187\" data-dt-img-description=\"\" data-large_image_width=\"800\" data-large_image_height=\"600\"href='https:\/\/www.radiopiu.net\/wordpress\/wp-content\/uploads\/2026\/04\/6023723033605906187.jpg'><img loading=\"lazy\" decoding=\"async\" width=\"300\" height=\"225\" src=\"https:\/\/www.radiopiu.net\/wordpress\/wp-content\/uploads\/2026\/04\/6023723033605906187-300x225.jpg\" class=\"attachment-medium size-medium\" alt=\"\" srcset=\"https:\/\/www.radiopiu.net\/wordpress\/wp-content\/uploads\/2026\/04\/6023723033605906187-300x225.jpg 300w, https:\/\/www.radiopiu.net\/wordpress\/wp-content\/uploads\/2026\/04\/6023723033605906187-768x576.jpg 768w, https:\/\/www.radiopiu.net\/wordpress\/wp-content\/uploads\/2026\/04\/6023723033605906187.jpg 800w\" sizes=\"auto, (max-width: 300px) 100vw, 300px\" \/><\/a>\n\t\t\t\t<\/dt><\/dl><dl class='gallery-item'>\n\t\t\t\t<dt class='gallery-icon landscape'>\n\t\t\t\t\t<a class=\"rollover rollover-zoom dt-pswp-item\" title=\"6023723033605906186\" data-dt-img-description=\"\" data-large_image_width=\"800\" data-large_image_height=\"600\"href='https:\/\/www.radiopiu.net\/wordpress\/wp-content\/uploads\/2026\/04\/6023723033605906186.jpg'><img loading=\"lazy\" decoding=\"async\" width=\"300\" height=\"225\" src=\"https:\/\/www.radiopiu.net\/wordpress\/wp-content\/uploads\/2026\/04\/6023723033605906186-300x225.jpg\" class=\"attachment-medium size-medium\" alt=\"\" srcset=\"https:\/\/www.radiopiu.net\/wordpress\/wp-content\/uploads\/2026\/04\/6023723033605906186-300x225.jpg 300w, https:\/\/www.radiopiu.net\/wordpress\/wp-content\/uploads\/2026\/04\/6023723033605906186-768x576.jpg 768w, https:\/\/www.radiopiu.net\/wordpress\/wp-content\/uploads\/2026\/04\/6023723033605906186.jpg 800w\" sizes=\"auto, (max-width: 300px) 100vw, 300px\" \/><\/a>\n\t\t\t\t<\/dt><\/dl><dl class='gallery-item'>\n\t\t\t\t<dt class='gallery-icon landscape'>\n\t\t\t\t\t<a class=\"rollover rollover-zoom dt-pswp-item\" title=\"6023723033605906188\" data-dt-img-description=\"\" data-large_image_width=\"800\" data-large_image_height=\"600\"href='https:\/\/www.radiopiu.net\/wordpress\/wp-content\/uploads\/2026\/04\/6023723033605906188.jpg'><img loading=\"lazy\" decoding=\"async\" width=\"300\" height=\"225\" src=\"https:\/\/www.radiopiu.net\/wordpress\/wp-content\/uploads\/2026\/04\/6023723033605906188-300x225.jpg\" class=\"attachment-medium size-medium\" alt=\"\" srcset=\"https:\/\/www.radiopiu.net\/wordpress\/wp-content\/uploads\/2026\/04\/6023723033605906188-300x225.jpg 300w, https:\/\/www.radiopiu.net\/wordpress\/wp-content\/uploads\/2026\/04\/6023723033605906188-768x576.jpg 768w, https:\/\/www.radiopiu.net\/wordpress\/wp-content\/uploads\/2026\/04\/6023723033605906188.jpg 800w\" sizes=\"auto, (max-width: 300px) 100vw, 300px\" \/><\/a>\n\t\t\t\t<\/dt><\/dl><br style=\"clear: both\" \/>\n\t\t\t<\/div>\n\n<p>&nbsp;<\/p>\n<p>&nbsp;<\/p>\n<hr \/>\n<h2 style=\"text-align: center;\">CONTRO IL GUARDRAIL DOPO PAVIA DI UDINE: 47ENNE GRAVEMENTE FERITO<\/h2>\n<p><a class=\"dt-pswp-item\" href=\"https:\/\/www.radiopiu.net\/wordpress\/wp-content\/uploads\/2026\/05\/af11a84e-330f-4ad3-b80c-6c17d9fbccef.png\" data-dt-img-description=\"\" data-large_image_width=\"1672\" data-large_image_height=\"941\"><img loading=\"lazy\" decoding=\"async\" class=\"aligncenter size-medium wp-image-509834\" src=\"https:\/\/www.radiopiu.net\/wordpress\/wp-content\/uploads\/2026\/05\/af11a84e-330f-4ad3-b80c-6c17d9fbccef-300x169.png\" alt=\"\" width=\"300\" height=\"169\" srcset=\"https:\/\/www.radiopiu.net\/wordpress\/wp-content\/uploads\/2026\/05\/af11a84e-330f-4ad3-b80c-6c17d9fbccef-300x169.png 300w, https:\/\/www.radiopiu.net\/wordpress\/wp-content\/uploads\/2026\/05\/af11a84e-330f-4ad3-b80c-6c17d9fbccef-1024x576.png 1024w, https:\/\/www.radiopiu.net\/wordpress\/wp-content\/uploads\/2026\/05\/af11a84e-330f-4ad3-b80c-6c17d9fbccef-768x432.png 768w, https:\/\/www.radiopiu.net\/wordpress\/wp-content\/uploads\/2026\/05\/af11a84e-330f-4ad3-b80c-6c17d9fbccef-1536x864.png 1536w, https:\/\/www.radiopiu.net\/wordpress\/wp-content\/uploads\/2026\/05\/af11a84e-330f-4ad3-b80c-6c17d9fbccef.png 1672w\" sizes=\"auto, (max-width: 300px) 100vw, 300px\" \/><\/a><br \/>\nGrave incidente stradale nel pomeriggio del 1\u00b0 maggio nei pressi di <span class=\"hover:entity-accent entity-underline inline cursor-pointer align-baseline\"><span class=\"whitespace-normal\">Pavia di Udine<\/span><\/span>, dove un motociclista \u00e8 rimasto seriamente ferito dopo essere uscito di strada. La vittima \u00e8 Antonio Sacco Taz, 47 anni, originario di <span class=\"hover:entity-accent entity-underline inline cursor-pointer align-baseline\"><span class=\"whitespace-normal\">Auronzo di Cadore<\/span><\/span> ma residente in Friuli. Secondo una prima ricostruzione, l\u2019uomo avrebbe perso il controllo della moto autonomamente, andando a schiantarsi contro il guardrail. L\u2019impatto \u00e8 stato particolarmente violento, tanto da sbalzarlo nel fossato a bordo strada. Le conseguenze dell\u2019urto sono apparse subito gravissime: si ipotizza che la forza dell\u2019impatto abbia causato il distacco di uno degli arti inferiori. La moto, invece, ha terminato la sua corsa a diversi metri dal punto dell\u2019incidente. Sul posto sono intervenuti i vigili del fuoco e i carabinieri per i rilievi e la gestione dell\u2019emergenza. Il ferito \u00e8 stato trasportato d\u2019urgenza all\u2019ospedale di <span class=\"hover:entity-accent entity-underline inline cursor-pointer align-baseline\"><span class=\"whitespace-normal\">Udine<\/span><\/span>, dove \u00e8 ricoverato in condizioni critiche.<\/p>\n<p>&nbsp;<\/p>\n<p>&nbsp;<\/p>\n<hr \/>\n<p>&nbsp;<\/p>\n<blockquote>\n<h3 style=\"text-align: center;\">OPERAZIONE DEI CARABINIERI AD AGORDO: DENUNCIATI DUE GIOVANI PER STUPEFACENTI<\/h3>\n<\/blockquote>\n<p><strong><a class=\"dt-pswp-item\" href=\"https:\/\/www.radiopiu.net\/wordpress\/wp-content\/uploads\/2023\/12\/65eeef77-eb40-499b-9e73-d78218c7338c.jpg\" data-dt-img-description=\"\" data-large_image_width=\"2048\" data-large_image_height=\"1536\"><img loading=\"lazy\" decoding=\"async\" class=\"aligncenter size-medium wp-image-366645\" src=\"https:\/\/www.radiopiu.net\/wordpress\/wp-content\/uploads\/2023\/12\/65eeef77-eb40-499b-9e73-d78218c7338c-300x225.jpg\" alt=\"\" width=\"300\" height=\"225\" srcset=\"https:\/\/www.radiopiu.net\/wordpress\/wp-content\/uploads\/2023\/12\/65eeef77-eb40-499b-9e73-d78218c7338c-300x225.jpg 300w, https:\/\/www.radiopiu.net\/wordpress\/wp-content\/uploads\/2023\/12\/65eeef77-eb40-499b-9e73-d78218c7338c-1024x768.jpg 1024w, https:\/\/www.radiopiu.net\/wordpress\/wp-content\/uploads\/2023\/12\/65eeef77-eb40-499b-9e73-d78218c7338c-768x576.jpg 768w, https:\/\/www.radiopiu.net\/wordpress\/wp-content\/uploads\/2023\/12\/65eeef77-eb40-499b-9e73-d78218c7338c-1536x1152.jpg 1536w, https:\/\/www.radiopiu.net\/wordpress\/wp-content\/uploads\/2023\/12\/65eeef77-eb40-499b-9e73-d78218c7338c.jpg 2048w\" sizes=\"auto, (max-width: 300px) 100vw, 300px\" \/><\/a>\u00a0<\/strong><\/p>\n<p><strong>AGORDO <\/strong>Operazione dei Carabinieri nel capoluogo di vallata, dove due giovani sono stati denunciati all\u2019autorit\u00e0 giudiziaria per possesso \u2013 e sospetto di spaccio \u2013 di sostanze stupefacenti. Non si tratterebbe di modiche quantit\u00e0, come un semplice spinello o poca \u201cerba\u201d, ma di un quantitativo ben pi\u00f9 rilevante, tale da far ipotizzare un\u2019attivit\u00e0 illecita di maggiore portata. Determinanti, secondo quanto emerso, l\u2019attenzione costante sul territorio e la precisione nei controlli condotti dai militari agli ordini del comandante di stazione, Gianluca De Venuto. Un lavoro capillare che ha permesso di individuare e fermare i due soggetti, poi deferiti all\u2019autorit\u00e0 giudiziaria competente. Al momento, tuttavia, non vengono resi noti ulteriori dettagli sull\u2019operazione, che viene definita significativa per il contesto locale. Le indagini potrebbero essere ancora in corso e non si escludono sviluppi nei prossimi giorni.<\/p>\n<p>&nbsp;<\/p>\n<p>&nbsp;<\/p>\n<p>&nbsp;<\/p>\n<hr \/>\n<p>&nbsp;<\/p>\n<div>\n<div class=\"flex h-svh w-screen flex-col\">\n<div class=\"relative z-0 flex min-h-0 w-full flex-1\">\n<div class=\"relative flex min-h-0 w-full flex-1\">\n<div class=\"@container\/main relative flex min-w-0 flex-1 flex-col -translate-y-[calc(env(safe-area-inset-bottom,0px)\/2)] pt-[calc(env(safe-area-inset-bottom,0px)\/2)]\">\n<div class=\"@w-sm\/main:[scrollbar-gutter:var(--stage-scroll-gutter)] touch:[scrollbar-width:none] group\/scroll-root relative flex min-h-0 min-w-0 flex-1 flex-col [scrollbar-gutter:stable] not-print:overflow-x-clip not-print:overflow-y-auto group-data-stream-active\/scroll-root:[overflow-anchor:none] scroll-pt-(--header-height) [--sticky-padding-top:var(--header-height)] [--sticky-padding-bottom:0px] [--scroll-root-safe-area-inset-top:calc(var(--sticky-padding-top)+env(safe-area-inset-top,0px))] [--scroll-root-safe-area-inset-bottom:calc(var(--sticky-padding-bottom)+var(--screen-keyboard-height,0px)+env(safe-area-inset-bottom,0px))] [--scroll-root-safe-area-height:calc(100lvh-var(--scroll-root-safe-area-inset-top)-var(--scroll-root-safe-area-inset-bottom))] has-data-[fixed-header=less-than-xl]:@w-xl\/main:scroll-pt-0 has-data-[fixed-header=less-than-xl]:@w-xl\/main:[--sticky-padding-top:0px] has-data-[fixed-header=less-than-xxl]:@w-2xl\/main:scroll-pt-0 has-data-[fixed-header=less-than-xxl]:@w-2xl\/main:[--sticky-padding-top:0px]\" data-scroll-root=\"\" data-scroll-from-top=\"\">\n<p>&nbsp;<\/p>\n<div id=\"thread\" class=\"group\/thread flex flex-col min-h-full\">\n<div class=\"composer-parent flex flex-1 flex-col focus-visible:outline-0\" role=\"presentation\">\n<div class=\"relative basis-auto flex-col -mb-(--composer-overlap-px) pb-(--composer-overlap-px) [--composer-overlap-px:28px] grow flex\">\n<div class=\"flex flex-col text-sm\">\n<section class=\"text-token-text-primary w-full focus:outline-none [--shadow-height:45px] has-data-writing-block:pointer-events-none has-data-writing-block:-mt-(--shadow-height) has-data-writing-block:pt-(--shadow-height) [&amp;:has([data-writing-block])&gt;*]:pointer-events-auto [content-visibility:auto] supports-[content-visibility:auto]:[contain-intrinsic-size:auto_100lvh] R6Vx5W_threadScrollVars scroll-mb-[calc(var(--scroll-root-safe-area-inset-bottom,0px)+var(--thread-response-height))] scroll-mt-[calc(var(--header-height)+min(200px,max(70px,20svh)))]\" dir=\"auto\" data-turn-id=\"request-WEB:e390b019-2b7c-444e-a5dd-3c1af9dd9d92-4\" data-testid=\"conversation-turn-10\" data-scroll-anchor=\"false\" data-turn=\"assistant\">\n<div class=\"text-base my-auto mx-auto pb-10 [--thread-content-margin:var(--thread-content-margin-xs,calc(var(--spacing)*4))] @w-sm\/main:[--thread-content-margin:var(--thread-content-margin-sm,calc(var(--spacing)*6))] @w-lg\/main:[--thread-content-margin:var(--thread-content-margin-lg,calc(var(--spacing)*16))] px-(--thread-content-margin)\">\n<div class=\"[--thread-content-max-width:40rem] @w-lg\/main:[--thread-content-max-width:48rem] mx-auto max-w-(--thread-content-max-width) flex-1 group\/turn-messages focus-visible:outline-hidden relative flex w-full min-w-0 flex-col agent-turn\">\n<div class=\"flex max-w-full flex-col gap-4 grow\">\n<div class=\"min-h-8 text-message relative flex w-full flex-col items-end gap-2 text-start break-words whitespace-normal outline-none keyboard-focused:focus-ring [.text-message+&amp;]:mt-1\" dir=\"auto\" tabindex=\"0\" data-message-author-role=\"assistant\" data-message-id=\"8f4a22c5-00f3-48a6-b8bd-36e853bc5b03\" data-message-model-slug=\"gpt-5-3\" data-turn-start-message=\"true\">\n<div class=\"flex w-full flex-col gap-1 empty:hidden\">\n<div class=\"markdown prose dark:prose-invert w-full wrap-break-word dark markdown-new-styling\">\n<h2 style=\"text-align: center;\" data-start=\"0\" data-end=\"56\">ADDIO A LIBORIO FALANGA, PARRUCCHIERE DELLE CELEBRIT\u00c0<\/h2>\n<p data-start=\"58\" data-end=\"196\"><a class=\"dt-pswp-item\" href=\"https:\/\/www.radiopiu.net\/wordpress\/wp-content\/uploads\/2026\/05\/Screenshot-2026-05-02-045530-1-e1777690613601.png\" data-dt-img-description=\"\" data-large_image_width=\"179\" data-large_image_height=\"193\"><img loading=\"lazy\" decoding=\"async\" class=\"aligncenter size-full wp-image-509836\" src=\"https:\/\/www.radiopiu.net\/wordpress\/wp-content\/uploads\/2026\/05\/Screenshot-2026-05-02-045530-1-e1777690613601.png\" alt=\"\" width=\"179\" height=\"193\" \/><\/a><\/p>\n<p data-start=\"58\" data-end=\"196\">Si \u00e8 spento Liborio Falanga, storico coiffeur delle vip tra <span class=\"hover:entity-accent entity-underline inline cursor-pointer align-baseline\"><span class=\"whitespace-normal\">Cortina d&#8217;Ampezzo<\/span><\/span> e <span class=\"hover:entity-accent entity-underline inline cursor-pointer align-baseline\"><span class=\"whitespace-normal\">Roma<\/span><\/span>. Professionista molto apprezzato, nel suo salone sono passati personaggi dello spettacolo, imprenditori e volti noti, attratti dal suo stile elegante e discreto. Profondamente legato alla Conca ampezzana, ha lavorato con passione fino agli ultimi anni. Sui social tanti i messaggi di cordoglio: amici e collaboratori lo ricordano come un grande maestro e una persona capace di lasciare un segno umano oltre che professionale.<\/p>\n<\/div>\n<\/div>\n<\/div>\n<\/div>\n<div class=\"z-0 flex min-h-[46px] justify-start\"><\/div>\n<\/div>\n<div class=\"mt-3 w-full empty:hidden\"><\/div>\n<\/div>\n<\/section>\n<\/div>\n<\/div>\n<\/div>\n<\/div>\n<p>*<\/p>\n<\/div>\n<\/div>\n<\/div>\n<\/div>\n<div>\n<hr \/>\n<h2 style=\"text-align: center;\" data-start=\"0\" data-end=\"60\">*<\/p>\n<p>ELEZIONI A CIBIANA, IL TAR RIAMMETTE LA LISTA DI DE ZORDO<\/h2>\n<p data-start=\"62\" data-end=\"285\"><a href=\"https:\/\/www.radiopiu.net\/wordpress\/wp-content\/uploads\/2026\/05\/7dfad360-a2a4-44f9-992d-2c069f37328c.webp\"><img loading=\"lazy\" decoding=\"async\" class=\"aligncenter size-medium wp-image-509839\" src=\"https:\/\/www.radiopiu.net\/wordpress\/wp-content\/uploads\/2026\/05\/7dfad360-a2a4-44f9-992d-2c069f37328c-300x169.webp\" alt=\"\" width=\"300\" height=\"169\" srcset=\"https:\/\/www.radiopiu.net\/wordpress\/wp-content\/uploads\/2026\/05\/7dfad360-a2a4-44f9-992d-2c069f37328c-300x169.webp 300w, https:\/\/www.radiopiu.net\/wordpress\/wp-content\/uploads\/2026\/05\/7dfad360-a2a4-44f9-992d-2c069f37328c-768x432.webp 768w, https:\/\/www.radiopiu.net\/wordpress\/wp-content\/uploads\/2026\/05\/7dfad360-a2a4-44f9-992d-2c069f37328c.webp 840w\" sizes=\"auto, (max-width: 300px) 100vw, 300px\" \/><\/a><br \/>\nColpo di scena a <span class=\"hover:entity-accent entity-underline inline cursor-pointer align-baseline\"><span class=\"whitespace-normal\">Cibiana di Cadore<\/span><\/span>: il Tar di <span class=\"hover:entity-accent entity-underline inline cursor-pointer align-baseline\"><span class=\"whitespace-normal\">Venezia<\/span><\/span> ha riammesso la lista \u201cCibiana Resurrezione\u201d guidata da Franco De Zordo, inizialmente esclusa per irregolarit\u00e0 formali. I giudici hanno definito le contestazioni semplici \u201cformalismi\u201d, annullando la ricusazione e permettendo cos\u00ec al candidato \u2013 noto come \u201clo sceriffo\u201d \u2013 di partecipare alle elezioni del 24 e 25 maggio. Sale quindi a tre il numero delle liste in corsa. Soddisfatto De Zordo: ora potr\u00e0 portare avanti il suo programma, incentrato su tutela del territorio, legalit\u00e0 e servizi ai cittadini.<br \/>\n*<\/p>\n<p>*<\/p>\n<hr \/>\n<h2 data-start=\"0\" data-end=\"82\">\n<p>*<\/p>\n<p>MESSNER CONTRO IL COMUNE DI CIBIANA: \u00abOFFESO PER LA RICHIESTA DI 200 MILA EURO\u00bb<\/h2>\n<p data-start=\"84\" data-end=\"228\"><a href=\"https:\/\/www.radiopiu.net\/wordpress\/wp-content\/uploads\/2026\/05\/download-1.webp\"><img loading=\"lazy\" decoding=\"async\" class=\"aligncenter size-full wp-image-509846\" src=\"https:\/\/www.radiopiu.net\/wordpress\/wp-content\/uploads\/2026\/05\/download-1.webp\" alt=\"\" width=\"183\" height=\"126\" \/><\/a><\/p>\n<p data-start=\"84\" data-end=\"228\">Scontro tra <span class=\"hover:entity-accent entity-underline inline cursor-pointer align-baseline\"><span class=\"whitespace-normal\">Reinhold Messner<\/span><\/span> e il Comune di <span class=\"hover:entity-accent entity-underline inline cursor-pointer align-baseline\"><span class=\"whitespace-normal\">Cibiana di Cadore<\/span><\/span> sul Museo \u201cfra le Nuvole\u201d sul monte Rite.<\/p>\n<p data-start=\"230\" data-end=\"482\">All\u2019alpinista \u00e8 stato chiesto il pagamento di circa 200 mila euro tra affitti arretrati e penali dal 2012. \u00abSono offeso, non me lo aspettavo dopo oltre vent\u2019anni di promozione del territorio\u00bb, ha dichiarato Messner, affidando la vicenda ai suoi legali.<\/p>\n<p data-start=\"484\" data-end=\"710\" data-is-last-node=\"\" data-is-only-node=\"\">La questione nasce da canoni mai versati e da accordi mai formalizzati negli anni. Il rischio ora \u00e8 l\u2019apertura di un contenzioso legale, con possibili ripercussioni sul futuro del museo e dell\u2019offerta culturale nelle Dolomiti.<br \/>\n*<\/p>\n<p>*<\/p>\n<hr \/>\n<h2 style=\"text-align: center;\" data-start=\"0\" data-end=\"67\">TAGLIO DEI TIGLI, IL TAR SOSPENDE GLI ABBATTIMENTI IN VIA FELTRE<\/h2>\n<p>&nbsp;<\/p>\n<section class=\"text-token-text-primary w-full focus:outline-none [--shadow-height:45px] has-data-writing-block:pointer-events-none has-data-writing-block:-mt-(--shadow-height) has-data-writing-block:pt-(--shadow-height) [&amp;:has([data-writing-block])&gt;*]:pointer-events-auto [content-visibility:auto] supports-[content-visibility:auto]:[contain-intrinsic-size:auto_100lvh] R6Vx5W_threadScrollVars scroll-mb-[calc(var(--scroll-root-safe-area-inset-bottom,0px)+var(--thread-response-height))] scroll-mt-[calc(var(--header-height)+min(200px,max(70px,20svh)))]\" dir=\"auto\" data-turn-id=\"request-WEB:e390b019-2b7c-444e-a5dd-3c1af9dd9d92-6\" data-testid=\"conversation-turn-14\" data-scroll-anchor=\"false\" data-turn=\"assistant\">\n<div class=\"text-base my-auto mx-auto pb-10 [--thread-content-margin:var(--thread-content-margin-xs,calc(var(--spacing)*4))] @w-sm\/main:[--thread-content-margin:var(--thread-content-margin-sm,calc(var(--spacing)*6))] @w-lg\/main:[--thread-content-margin:var(--thread-content-margin-lg,calc(var(--spacing)*16))] px-(--thread-content-margin)\">\n<div class=\"[--thread-content-max-width:40rem] @w-lg\/main:[--thread-content-max-width:48rem] mx-auto max-w-(--thread-content-max-width) flex-1 group\/turn-messages focus-visible:outline-hidden relative flex w-full min-w-0 flex-col agent-turn\">\n<div class=\"flex max-w-full flex-col gap-4 grow\">\n<div class=\"min-h-8 text-message relative flex w-full flex-col items-end gap-2 text-start break-words whitespace-normal outline-none keyboard-focused:focus-ring [.text-message+&amp;]:mt-1\" dir=\"auto\" tabindex=\"0\" data-message-author-role=\"assistant\" data-message-id=\"7f1b83e1-02d4-4c01-8ff5-cb8c2e2e65e1\" data-message-model-slug=\"gpt-5-3\" data-turn-start-message=\"true\">\n<div class=\"flex w-full flex-col gap-1 empty:hidden\">\n<div class=\"markdown prose dark:prose-invert w-full wrap-break-word dark markdown-new-styling\">\n<p data-start=\"69\" data-end=\"258\">Stop al taglio dei tigli in via Feltre a <span class=\"hover:entity-accent entity-underline inline cursor-pointer align-baseline\"><span class=\"whitespace-normal\">Belluno<\/span><\/span>: il Tar del Veneto ha accolto la richiesta di sospensione presentata da <span class=\"hover:entity-accent entity-underline inline cursor-pointer align-baseline\"><span class=\"whitespace-normal\">Italia Nostra<\/span><\/span>. Il provvedimento blocca l\u2019abbattimento dei 147 alberi previsto dal progetto comunale. I giudici hanno evidenziato criticit\u00e0 nella procedura, tra cui il mancato coinvolgimento della Sovrintendenza e la prevalenza delle opere viarie sulla tutela del verde. Il Comune si costituir\u00e0 in giudizio per difendere il progetto. Soddisfatte le associazioni ricorrenti, che chiedono ora il ritiro del piano e l\u2019apertura a soluzioni alternative.<\/p>\n<\/div>\n<\/div>\n<\/div>\n<\/div>\n<div class=\"z-0 flex min-h-[46px] justify-start\"><\/div>\n<\/div>\n<\/div>\n<\/section>\n<h1 class=\"_title post-title entry-title\">BELLUNO | VIA FELTRE: TAR ACCOGLIE RICORSO DI ITALIA NOSTRA. SOSPESO TAGLIO 79 TIGLI ESISTENTI<\/h1>\n<p>Intervistati GIOVANNA CEINER VICE PRESIDENTE ITALIA NOSTRA BELLUNO (AL TELEFONO) (Servizio di\u00a0<a href=\"https:\/\/antennatre.medianordest.it\/redazione\/Tiziana-Bolognani\/\">Tiziana Bolognani<\/a>)<\/p>\n<p><iframe loading=\"lazy\" title=\"VIA FELTRE: TAR ACCOGLIE RICORSO DI ITALIA NOSTRA. SOSPESO TAGLIO 79 TIGLI ESISTENTI  | 30\/04\/2026\" width=\"1200\" height=\"675\" src=\"https:\/\/www.youtube.com\/embed\/gpms6dpJpho?start=2&#038;feature=oembed\" frameborder=\"0\" allow=\"accelerometer; autoplay; clipboard-write; encrypted-media; gyroscope; picture-in-picture; web-share\" referrerpolicy=\"strict-origin-when-cross-origin\" allowfullscreen><\/iframe><\/p>\n<h1><span style=\"color: #ff0000;\">ARCHIVIO RADIOPIU<\/span><\/h1>\n<blockquote class=\"wp-embedded-content\" data-secret=\"LQ9Zwf7sMY\"><p><a href=\"https:\/\/www.radiopiu.net\/wordpress\/taglio-alberi-in-via-feltre-proteste-e-denunce\/\">TAGLIO ALBERI IN VIA FELTRE: PROTESTE E DENUNCE<\/a><\/p><\/blockquote>\n<p><iframe loading=\"lazy\" class=\"wp-embedded-content\" sandbox=\"allow-scripts\" security=\"restricted\" style=\"position: absolute; visibility: hidden;\" title=\"&#8220;TAGLIO ALBERI IN VIA FELTRE: PROTESTE E DENUNCE&#8221; &#8212; Radio Pi\u00f9\" src=\"https:\/\/www.radiopiu.net\/wordpress\/taglio-alberi-in-via-feltre-proteste-e-denunce\/embed\/#?secret=aqBltmE4wo#?secret=LQ9Zwf7sMY\" data-secret=\"LQ9Zwf7sMY\" width=\"600\" height=\"338\" frameborder=\"0\" marginwidth=\"0\" marginheight=\"0\" scrolling=\"no\"><\/iframe><\/p>\n<p>&nbsp;<\/p>\n<\/div>\n<\/div>\n<\/div>\n<hr \/>\n<p>&nbsp;<\/p>\n<blockquote>\n<h3 style=\"text-align: center;\">SERVIZI INTEGRATI BELLUNESI, SEI ANNI DI LAVORI E NUOVE SFIDE AL VIA<\/h3>\n<\/blockquote>\n<p><strong><a class=\"dt-pswp-item\" href=\"https:\/\/www.radiopiu.net\/wordpress\/wp-content\/uploads\/2026\/04\/1_CdA_SIB.jpg\" data-dt-img-description=\"\" data-large_image_width=\"2048\" data-large_image_height=\"1536\"><img loading=\"lazy\" decoding=\"async\" class=\"aligncenter size-medium wp-image-509679\" src=\"https:\/\/www.radiopiu.net\/wordpress\/wp-content\/uploads\/2026\/04\/1_CdA_SIB-300x225.jpg\" alt=\"\" width=\"300\" height=\"225\" srcset=\"https:\/\/www.radiopiu.net\/wordpress\/wp-content\/uploads\/2026\/04\/1_CdA_SIB-300x225.jpg 300w, https:\/\/www.radiopiu.net\/wordpress\/wp-content\/uploads\/2026\/04\/1_CdA_SIB-1024x768.jpg 1024w, https:\/\/www.radiopiu.net\/wordpress\/wp-content\/uploads\/2026\/04\/1_CdA_SIB-768x576.jpg 768w, https:\/\/www.radiopiu.net\/wordpress\/wp-content\/uploads\/2026\/04\/1_CdA_SIB-1536x1152.jpg 1536w, https:\/\/www.radiopiu.net\/wordpress\/wp-content\/uploads\/2026\/04\/1_CdA_SIB.jpg 2048w\" sizes=\"auto, (max-width: 300px) 100vw, 300px\" \/><\/a>\u00a0<\/strong><\/p>\n<p><strong>BELLUNO <\/strong>Il 5 maggio si concluder\u00e0 il mandato del Consiglio di Amministrazione di <span class=\"hover:entity-accent entity-underline inline cursor-pointer align-baseline\"><span class=\"whitespace-normal\">Servizi Integrati Bellunesi<\/span><\/span>, guidato dal presidente <span class=\"hover:entity-accent entity-underline inline cursor-pointer align-baseline\"><span class=\"whitespace-normal\">Attilio Sommavilla<\/span><\/span> con <span class=\"hover:entity-accent entity-underline inline cursor-pointer align-baseline\"><span class=\"whitespace-normal\">Lara Stefani<\/span><\/span> e <span class=\"hover:entity-accent entity-underline inline cursor-pointer align-baseline\"><span class=\"whitespace-normal\">Andrea Menin<\/span><\/span>. L\u2019assemblea dei soci, convocata a <span class=\"hover:entity-accent entity-underline inline cursor-pointer align-baseline\"><span class=\"whitespace-normal\">Villa Carpenada<\/span><\/span>, approver\u00e0 il bilancio 2025 e nominer\u00e0 il nuovo CdA. Nei sei anni di gestione, la societ\u00e0 ha rafforzato struttura e capacit\u00e0 operativa: i dipendenti sono passati da 177 a 248 e la capacit\u00e0 realizzativa \u00e8 cresciuta del 300%. Sono stati effettuati investimenti per 98 milioni di euro in acquedotti, fognature e depuratori, con altri 100 milioni previsti nel prossimo triennio. Tra i risultati principali figurano tre progetti PNRR da 25 milioni: riduzione delle perdite idriche, potenziamento dei depuratori di <span class=\"hover:entity-accent entity-underline inline cursor-pointer align-baseline\"><span class=\"whitespace-normal\">Longarone<\/span><\/span> e Marisiga, oltre a interventi post Vaia e opere per <span class=\"hover:entity-accent entity-underline inline cursor-pointer align-baseline\"><span class=\"whitespace-normal\">Olimpiadi Invernali Milano Cortina 2026<\/span><\/span>. Nel 2025 \u00e8 nata SIB, realt\u00e0 patrimonialmente solida e strategica per acqua ed energia.<\/p>\n<p><strong>PER LE TRE RADIO BARBARA PAOLAZZI<\/strong><\/p>\n<audio class=\"wp-audio-shortcode\" id=\"audio-509556-4\" preload=\"none\" style=\"width: 100%;\" controls=\"controls\"><source type=\"audio\/mpeg\" src=\"https:\/\/www.radiopiu.net\/wordpress\/wp-content\/uploads\/2026\/04\/gr-02-servizi-integrati-bellunesi-PAOLAZZI.mp3?_=4\" \/><a href=\"https:\/\/www.radiopiu.net\/wordpress\/wp-content\/uploads\/2026\/04\/gr-02-servizi-integrati-bellunesi-PAOLAZZI.mp3\">https:\/\/www.radiopiu.net\/wordpress\/wp-content\/uploads\/2026\/04\/gr-02-servizi-integrati-bellunesi-PAOLAZZI.mp3<\/a><\/audio>\n<p>&nbsp;<\/p>\n<hr \/>\n<p>&nbsp;<\/p>\n<blockquote>\n<h3 style=\"text-align: center;\">FALCADE, DIFESA DEL SUOLO: AVANZANO I LAVORI SUL TORRENTE BIOIS<\/h3>\n<\/blockquote>\n<p><strong>FALCADE <\/strong>Proseguono spediti gli interventi di sistemazione idraulica lungo il corso del torrente Biois, in un\u2019area nevralgica per il turismo e la sicurezza locale: la zona del parco giochi. Secondo gli ultimi rilievi sul campo, il cantiere ha segnato un importante passo avanti con il completamento dell\u2019argine sulla destra orografica, nei pressi del ponticello di legno vicino alle strutture alberghiere. Le opere non hanno risparmiato la sponda opposta, dove \u00e8 stato gi\u00e0 consolidato un primo tratto di difesa. Tuttavia, l&#8217;intervento \u00e8 tutt\u2019altro che concluso: la massiccia presenza di scorte di blocchi in pietra, pronti per la posa, testimonia la volont\u00e0 di proseguire il rafforzamento dei tratti contigui. Questi lavori, fondamentali per la protezione dell\u2019abitato dalle piene, rappresentano un tassello cruciale per la manutenzione del territorio. Per i dettagli tecnici e le tempistiche di chiusura del cantiere, si attende ora il cronoprogramma ufficiale da parte del Comune di Falcade.<\/p>\n\n\t\t\t<style type='text\/css'>\n\t\t\t\t#gallery-4 {\n\t\t\t\t\tmargin: auto;\n\t\t\t\t}\n\t\t\t\t#gallery-4 .gallery-item {\n\t\t\t\t\tfloat: left;\n\t\t\t\t\tmargin-top: 10px;\n\t\t\t\t\ttext-align: center;\n\t\t\t\t\twidth: 50%;\n\t\t\t\t}\n\t\t\t\t#gallery-4 img {\n\t\t\t\t\tborder: 2px solid #cfcfcf;\n\t\t\t\t}\n\t\t\t\t#gallery-4 .gallery-caption {\n\t\t\t\t\tmargin-left: 0;\n\t\t\t\t}\n\t\t\t\t\/* see gallery_shortcode() in wp-includes\/media.php *\/\n\t\t\t<\/style>\n\t\t<div id='gallery-4' class='dt-gallery-container gallery galleryid-509556 gallery-columns-2 gallery-size-medium'><dl class='gallery-item'>\n\t\t\t\t<dt class='gallery-icon landscape'>\n\t\t\t\t\t<a class=\"rollover rollover-zoom dt-pswp-item\" title=\"b2c1507e-d388-4c0e-b0df-c303c29e93c8\" data-dt-img-description=\"\" data-large_image_width=\"1600\" data-large_image_height=\"1204\"href='https:\/\/www.radiopiu.net\/wordpress\/wp-content\/uploads\/2026\/05\/b2c1507e-d388-4c0e-b0df-c303c29e93c8.jpg'><img loading=\"lazy\" decoding=\"async\" width=\"300\" height=\"226\" src=\"https:\/\/www.radiopiu.net\/wordpress\/wp-content\/uploads\/2026\/05\/b2c1507e-d388-4c0e-b0df-c303c29e93c8-300x226.jpg\" class=\"attachment-medium size-medium\" alt=\"\" srcset=\"https:\/\/www.radiopiu.net\/wordpress\/wp-content\/uploads\/2026\/05\/b2c1507e-d388-4c0e-b0df-c303c29e93c8-300x226.jpg 300w, https:\/\/www.radiopiu.net\/wordpress\/wp-content\/uploads\/2026\/05\/b2c1507e-d388-4c0e-b0df-c303c29e93c8-1024x771.jpg 1024w, https:\/\/www.radiopiu.net\/wordpress\/wp-content\/uploads\/2026\/05\/b2c1507e-d388-4c0e-b0df-c303c29e93c8-768x578.jpg 768w, https:\/\/www.radiopiu.net\/wordpress\/wp-content\/uploads\/2026\/05\/b2c1507e-d388-4c0e-b0df-c303c29e93c8-1536x1156.jpg 1536w, https:\/\/www.radiopiu.net\/wordpress\/wp-content\/uploads\/2026\/05\/b2c1507e-d388-4c0e-b0df-c303c29e93c8.jpg 1600w\" sizes=\"auto, (max-width: 300px) 100vw, 300px\" \/><\/a>\n\t\t\t\t<\/dt><\/dl><dl class='gallery-item'>\n\t\t\t\t<dt class='gallery-icon landscape'>\n\t\t\t\t\t<a class=\"rollover rollover-zoom dt-pswp-item\" title=\"2b1dc972-4a16-4eac-ad2f-8da44c29104a\" data-dt-img-description=\"\" data-large_image_width=\"1600\" data-large_image_height=\"1204\"href='https:\/\/www.radiopiu.net\/wordpress\/wp-content\/uploads\/2026\/05\/2b1dc972-4a16-4eac-ad2f-8da44c29104a.jpg'><img loading=\"lazy\" decoding=\"async\" width=\"300\" height=\"226\" src=\"https:\/\/www.radiopiu.net\/wordpress\/wp-content\/uploads\/2026\/05\/2b1dc972-4a16-4eac-ad2f-8da44c29104a-300x226.jpg\" class=\"attachment-medium size-medium\" alt=\"\" srcset=\"https:\/\/www.radiopiu.net\/wordpress\/wp-content\/uploads\/2026\/05\/2b1dc972-4a16-4eac-ad2f-8da44c29104a-300x226.jpg 300w, https:\/\/www.radiopiu.net\/wordpress\/wp-content\/uploads\/2026\/05\/2b1dc972-4a16-4eac-ad2f-8da44c29104a-1024x771.jpg 1024w, https:\/\/www.radiopiu.net\/wordpress\/wp-content\/uploads\/2026\/05\/2b1dc972-4a16-4eac-ad2f-8da44c29104a-768x578.jpg 768w, https:\/\/www.radiopiu.net\/wordpress\/wp-content\/uploads\/2026\/05\/2b1dc972-4a16-4eac-ad2f-8da44c29104a-1536x1156.jpg 1536w, https:\/\/www.radiopiu.net\/wordpress\/wp-content\/uploads\/2026\/05\/2b1dc972-4a16-4eac-ad2f-8da44c29104a.jpg 1600w\" sizes=\"auto, (max-width: 300px) 100vw, 300px\" \/><\/a>\n\t\t\t\t<\/dt><\/dl><br style=\"clear: both\" \/><dl class='gallery-item'>\n\t\t\t\t<dt class='gallery-icon landscape'>\n\t\t\t\t\t<a class=\"rollover rollover-zoom dt-pswp-item\" title=\"4fc2a4c2-9a84-4928-911a-c19222265952\" data-dt-img-description=\"\" data-large_image_width=\"1600\" data-large_image_height=\"1204\"href='https:\/\/www.radiopiu.net\/wordpress\/wp-content\/uploads\/2026\/05\/4fc2a4c2-9a84-4928-911a-c19222265952.jpg'><img loading=\"lazy\" decoding=\"async\" width=\"300\" height=\"226\" src=\"https:\/\/www.radiopiu.net\/wordpress\/wp-content\/uploads\/2026\/05\/4fc2a4c2-9a84-4928-911a-c19222265952-300x226.jpg\" class=\"attachment-medium size-medium\" alt=\"\" srcset=\"https:\/\/www.radiopiu.net\/wordpress\/wp-content\/uploads\/2026\/05\/4fc2a4c2-9a84-4928-911a-c19222265952-300x226.jpg 300w, https:\/\/www.radiopiu.net\/wordpress\/wp-content\/uploads\/2026\/05\/4fc2a4c2-9a84-4928-911a-c19222265952-1024x771.jpg 1024w, https:\/\/www.radiopiu.net\/wordpress\/wp-content\/uploads\/2026\/05\/4fc2a4c2-9a84-4928-911a-c19222265952-768x578.jpg 768w, https:\/\/www.radiopiu.net\/wordpress\/wp-content\/uploads\/2026\/05\/4fc2a4c2-9a84-4928-911a-c19222265952-1536x1156.jpg 1536w, https:\/\/www.radiopiu.net\/wordpress\/wp-content\/uploads\/2026\/05\/4fc2a4c2-9a84-4928-911a-c19222265952.jpg 1600w\" sizes=\"auto, (max-width: 300px) 100vw, 300px\" \/><\/a>\n\t\t\t\t<\/dt><\/dl><dl class='gallery-item'>\n\t\t\t\t<dt class='gallery-icon landscape'>\n\t\t\t\t\t<a class=\"rollover rollover-zoom dt-pswp-item\" title=\"c34b9984-2334-4f4f-9486-b29283b7dc9b\" data-dt-img-description=\"\" data-large_image_width=\"1600\" data-large_image_height=\"1204\"href='https:\/\/www.radiopiu.net\/wordpress\/wp-content\/uploads\/2026\/05\/c34b9984-2334-4f4f-9486-b29283b7dc9b.jpg'><img loading=\"lazy\" decoding=\"async\" width=\"300\" height=\"226\" src=\"https:\/\/www.radiopiu.net\/wordpress\/wp-content\/uploads\/2026\/05\/c34b9984-2334-4f4f-9486-b29283b7dc9b-300x226.jpg\" class=\"attachment-medium size-medium\" alt=\"\" srcset=\"https:\/\/www.radiopiu.net\/wordpress\/wp-content\/uploads\/2026\/05\/c34b9984-2334-4f4f-9486-b29283b7dc9b-300x226.jpg 300w, https:\/\/www.radiopiu.net\/wordpress\/wp-content\/uploads\/2026\/05\/c34b9984-2334-4f4f-9486-b29283b7dc9b-1024x771.jpg 1024w, https:\/\/www.radiopiu.net\/wordpress\/wp-content\/uploads\/2026\/05\/c34b9984-2334-4f4f-9486-b29283b7dc9b-768x578.jpg 768w, https:\/\/www.radiopiu.net\/wordpress\/wp-content\/uploads\/2026\/05\/c34b9984-2334-4f4f-9486-b29283b7dc9b-1536x1156.jpg 1536w, https:\/\/www.radiopiu.net\/wordpress\/wp-content\/uploads\/2026\/05\/c34b9984-2334-4f4f-9486-b29283b7dc9b.jpg 1600w\" sizes=\"auto, (max-width: 300px) 100vw, 300px\" \/><\/a>\n\t\t\t\t<\/dt><\/dl><br style=\"clear: both\" \/>\n\t\t\t<\/div>\n\n<p>&nbsp;<\/p>\n<p>&nbsp;<\/p>\n<hr \/>\n<p>&nbsp;<\/p>\n<blockquote>\n<h3 style=\"text-align: center;\">ILLUMINAZIONE PUBBLICA, A BELLUNO GI\u00c0 SOSTITUITI OLTRE 3.100 PUNTI LUCE<\/h3>\n<\/blockquote>\n<p><strong><a class=\"dt-pswp-item\" href=\"https:\/\/www.radiopiu.net\/wordpress\/wp-content\/uploads\/2024\/02\/PAOLO-GAMBA.jpg\" data-dt-img-description=\"\" data-large_image_width=\"1640\" data-large_image_height=\"952\"><img loading=\"lazy\" decoding=\"async\" class=\"aligncenter size-medium wp-image-374040\" src=\"https:\/\/www.radiopiu.net\/wordpress\/wp-content\/uploads\/2024\/02\/PAOLO-GAMBA-300x174.jpg\" alt=\"\" width=\"300\" height=\"174\" srcset=\"https:\/\/www.radiopiu.net\/wordpress\/wp-content\/uploads\/2024\/02\/PAOLO-GAMBA-300x174.jpg 300w, https:\/\/www.radiopiu.net\/wordpress\/wp-content\/uploads\/2024\/02\/PAOLO-GAMBA-1024x594.jpg 1024w, https:\/\/www.radiopiu.net\/wordpress\/wp-content\/uploads\/2024\/02\/PAOLO-GAMBA-768x446.jpg 768w, https:\/\/www.radiopiu.net\/wordpress\/wp-content\/uploads\/2024\/02\/PAOLO-GAMBA-1536x892.jpg 1536w, https:\/\/www.radiopiu.net\/wordpress\/wp-content\/uploads\/2024\/02\/PAOLO-GAMBA.jpg 1640w\" sizes=\"auto, (max-width: 300px) 100vw, 300px\" \/><\/a>\u00a0<\/strong><\/p>\n<p><strong>BELLUNO <\/strong>Il vicesindaco di Belluno Paolo Gamba ha risposto in Consiglio comunale all\u2019interrogazione del consigliere Celeste Balcon sullo stato dell\u2019illuminazione pubblica e sull\u2019accordo con Edison Next Government Srl. Gamba ha spiegato che molti disservizi derivano da segnalazioni inviate con canali non corretti, mentre tramite numero verde, mail o portale dedicato gli interventi rispettano i tempi previsti dalla convenzione Consip. Sul fronte dell\u2019efficientamento energetico, i punti luce da sostituire sono 5.584 e finora ne sono stati cambiati 3.134. L\u2019obiettivo \u00e8 ridurre del 75% i consumi annui, portandoli da circa 2,3 milioni di kWh a 669 mila kWh. Lo spegnimento parziale delle luci tra il 2022 e il 2025 ha inoltre generato risparmi per 645 mila euro, reinvestiti nei servizi ai cittadini.<\/p>\n<p>&nbsp;<\/p>\n<p>&nbsp;<\/p>\n<hr \/>\n<p>&nbsp;<\/p>\n<blockquote>\n<h3 style=\"text-align: center;\">LONGARONE APPROVA IL CONSUNTIVO: CONTI IN ORDINE E 2,5 MILIONI DI AVANZO<\/h3>\n<\/blockquote>\n<p><strong><a class=\"dt-pswp-item\" href=\"https:\/\/www.radiopiu.net\/wordpress\/wp-content\/uploads\/2023\/03\/MUNICIPIO-LONGARONE-scaled.jpg\" data-dt-img-description=\"\" data-large_image_width=\"2560\" data-large_image_height=\"1707\"><img loading=\"lazy\" decoding=\"async\" class=\"aligncenter size-medium wp-image-328192\" src=\"https:\/\/www.radiopiu.net\/wordpress\/wp-content\/uploads\/2023\/03\/MUNICIPIO-LONGARONE-300x200.jpg\" alt=\"\" width=\"300\" height=\"200\" srcset=\"https:\/\/www.radiopiu.net\/wordpress\/wp-content\/uploads\/2023\/03\/MUNICIPIO-LONGARONE-300x200.jpg 300w, https:\/\/www.radiopiu.net\/wordpress\/wp-content\/uploads\/2023\/03\/MUNICIPIO-LONGARONE-1024x683.jpg 1024w, https:\/\/www.radiopiu.net\/wordpress\/wp-content\/uploads\/2023\/03\/MUNICIPIO-LONGARONE-768x512.jpg 768w, https:\/\/www.radiopiu.net\/wordpress\/wp-content\/uploads\/2023\/03\/MUNICIPIO-LONGARONE-1536x1024.jpg 1536w, https:\/\/www.radiopiu.net\/wordpress\/wp-content\/uploads\/2023\/03\/MUNICIPIO-LONGARONE-2048x1366.jpg 2048w\" sizes=\"auto, (max-width: 300px) 100vw, 300px\" \/><\/a>\u00a0<\/strong><\/p>\n<p><strong>LONGARONE <\/strong>Il Comune di Longarone ha approvato il consuntivo 2025, confermando una situazione finanziaria solida. Il sindaco Roberto Padrin parla di conti in ordine e di risorse gestite con attenzione per garantire servizi ai cittadini e programmare il futuro. Il risultato di amministrazione ammonta a quasi 8,95 milioni di euro, con un avanzo disponibile di oltre 2,5 milioni. Importanti le risorse destinate al sociale, con quasi 679 mila euro, oltre a fondi per scuole, sicurezza, sport e cultura. L\u2019amministrazione conferma cos\u00ec l\u2019attenzione verso famiglie, anziani e fragilit\u00e0. Tra le opere realizzate nel 2025 figurano il rifacimento di Piazza 9 Ottobre, la riqualificazione dell\u2019area Ex Poste, interventi su illuminazione, parchi gioco, strade e impianti sportivi. Per il 2026 sono previsti investimenti per 5,5 milioni di euro. Tra le priorit\u00e0: la variante all\u2019Strada Statale 51 di Alemagna, il rilancio della fiera e il nuovo bando per gli impianti sportivi.<\/p>\n<p>&nbsp;<\/p>\n<p>&nbsp;<\/p>\n<hr \/>\n<p>&nbsp;<\/p>\n<blockquote>\n<h3 style=\"text-align: center;\">A SEREN DEL GRAPPA APPROVATO IL RENDICONTO 2025<\/h3>\n<\/blockquote>\n<p><strong>SEREN DEL GRAPPA<\/strong> Dopo l\u2019approvazione del rendiconto di gestione 2025 da parte del consiglio comunale nella seduta di mercoled\u00ec sera, il sindaco di Seren Dario Scopel traccia un\u2019analisi puntuale dell\u2019andamento della gestione dell\u2019ente.<\/p>\n<p><strong>DARIO SCOPEL, SINDACO DI SEREN DEL GRAPPA<\/strong><\/p>\n<div style=\"width: 1200px;\" class=\"wp-video\"><video class=\"wp-video-shortcode\" id=\"video-509556-1\" width=\"1200\" height=\"675\" preload=\"metadata\" controls=\"controls\"><source type=\"video\/mp4\" src=\"https:\/\/www.radiopiu.net\/wordpress\/wp-content\/uploads\/2026\/04\/SCOPEL-30-APRILE-2026.mp4?_=1\" \/><a href=\"https:\/\/www.radiopiu.net\/wordpress\/wp-content\/uploads\/2026\/04\/SCOPEL-30-APRILE-2026.mp4\">https:\/\/www.radiopiu.net\/wordpress\/wp-content\/uploads\/2026\/04\/SCOPEL-30-APRILE-2026.mp4<\/a><\/video><\/div>\n<p>&nbsp;<\/p>\n<hr \/>\n<p>&nbsp;<\/p>\n<blockquote>\n<h3 style=\"text-align: center;\">STADIO DI SEDICO, VIA AL RESTYLING DA 2 MILIONI PER SPORT E TERRITORIO<\/h3>\n<\/blockquote>\n<p><strong><a class=\"dt-pswp-item\" href=\"https:\/\/www.radiopiu.net\/wordpress\/wp-content\/uploads\/2026\/04\/STADIO-SEDICO.jpg\" data-dt-img-description=\"\" data-large_image_width=\"1280\" data-large_image_height=\"720\"><img loading=\"lazy\" decoding=\"async\" class=\"aligncenter size-medium wp-image-509666\" src=\"https:\/\/www.radiopiu.net\/wordpress\/wp-content\/uploads\/2026\/04\/STADIO-SEDICO-300x169.jpg\" alt=\"\" width=\"300\" height=\"169\" srcset=\"https:\/\/www.radiopiu.net\/wordpress\/wp-content\/uploads\/2026\/04\/STADIO-SEDICO-300x169.jpg 300w, https:\/\/www.radiopiu.net\/wordpress\/wp-content\/uploads\/2026\/04\/STADIO-SEDICO-1024x576.jpg 1024w, https:\/\/www.radiopiu.net\/wordpress\/wp-content\/uploads\/2026\/04\/STADIO-SEDICO-768x432.jpg 768w, https:\/\/www.radiopiu.net\/wordpress\/wp-content\/uploads\/2026\/04\/STADIO-SEDICO.jpg 1280w\" sizes=\"auto, (max-width: 300px) 100vw, 300px\" \/><\/a>\u00a0<\/strong><\/p>\n<p><strong>VENEZIA <\/strong>La firma della convenzione per completare la riqualificazione dello stadio di Sedico segna un nuovo passo per i territori montani. L\u2019annuncio arriva dall\u2019assessore regionale alla Montagna Dario Bond, presidente del Fondo Comuni Confinanti, che conferma il finanziamento integrale di 2 milioni di euro. Il Comune di Sedico sar\u00e0 soggetto attuatore dell\u2019intervento previsto nella programmazione 2019-2027. Il progetto punta a migliorare gli impianti sportivi esistenti e a rafforzare il ruolo dello sport come motore di socialit\u00e0 e aggregazione giovanile. In programma la costruzione dei nuovi spogliatoi dello stadio comunale e la riqualificazione del campo \u201cGiovanni XXIII\u201d di Mas, con lavori edilizi e impiantistici orientati a sicurezza, accessibilit\u00e0 e migliore fruibilit\u00e0. Il cronoprogramma fissa la conclusione delle opere entro il 30 giugno 2027, con verifiche periodiche sullo stato di avanzamento affidate alla Provincia di Belluno. Per Bond si tratta di un investimento strategico capace di contrastare lo spopolamento, mantenere vive le comunit\u00e0 di montagna e creare nuove opportunit\u00e0 locali attraverso strutture moderne e servizi migliori per cittadini e giovani.<\/p>\n<p>&nbsp;<\/p>\n<p>&nbsp;<\/p>\n<hr \/>\n<p>&nbsp;<\/p>\n<blockquote>\n<h3 style=\"text-align: center;\">VOLTAGO CELEBRA L&#8217;INGEGNER BRISTOT: STELLA AL MERITO DEL LAVORO A MESTRE<\/h3>\n<\/blockquote>\n<p><strong><a class=\"dt-pswp-item\" href=\"https:\/\/www.radiopiu.net\/wordpress\/wp-content\/uploads\/2026\/05\/3daa129a-f24d-4a6b-95c4-e3b82890db56.jpg\" data-dt-img-description=\"\" data-large_image_width=\"1200\" data-large_image_height=\"1600\"><img loading=\"lazy\" decoding=\"async\" class=\"aligncenter size-medium wp-image-509786\" src=\"https:\/\/www.radiopiu.net\/wordpress\/wp-content\/uploads\/2026\/05\/3daa129a-f24d-4a6b-95c4-e3b82890db56-225x300.jpg\" alt=\"\" width=\"225\" height=\"300\" srcset=\"https:\/\/www.radiopiu.net\/wordpress\/wp-content\/uploads\/2026\/05\/3daa129a-f24d-4a6b-95c4-e3b82890db56-225x300.jpg 225w, https:\/\/www.radiopiu.net\/wordpress\/wp-content\/uploads\/2026\/05\/3daa129a-f24d-4a6b-95c4-e3b82890db56-768x1024.jpg 768w, https:\/\/www.radiopiu.net\/wordpress\/wp-content\/uploads\/2026\/05\/3daa129a-f24d-4a6b-95c4-e3b82890db56-1152x1536.jpg 1152w, https:\/\/www.radiopiu.net\/wordpress\/wp-content\/uploads\/2026\/05\/3daa129a-f24d-4a6b-95c4-e3b82890db56.jpg 1200w\" sizes=\"auto, (max-width: 225px) 100vw, 225px\" \/><\/a>\u00a0<\/strong><\/p>\n<p><strong>VOLTAGO <\/strong>In occasione del Primo Maggio, il Teatro Toniolo di Mestre \u00e8 stato cornice di un momento di profondo orgoglio per la comunit\u00e0 di Voltago Agordino. Il Sindaco Giuseppe Schena ha partecipato alla solenne cerimonia di conferimento della Stella al Merito del Lavoro, assegnata all\u2019ingegner Michele Bristot per la sua esemplare carriera presso Luxottica Srl. &#8220;Questo riconoscimento premia anni di dedizione e professionalit\u00e0 impeccabile&#8221;, ha dichiarato Schena, sottolineando come l\u2019onorificenza non sia solo un traguardo individuale, ma un valore collettivo che nobilita l&#8217;intero tessuto sociale. L&#8217;ingegner Bristot diventa cos\u00ec un modello di etica e perseveranza per le giovani generazioni. Il Sindaco ha concluso esprimendo il plauso dell&#8217;amministrazione alla famiglia e all&#8217;azienda, ribadendo che il lavoro resta il pilastro fondamentale su cui costruire comunit\u00e0 unite, forti e capaci di guardare al futuro con rinnovata speranza.<\/p>\n<p>&nbsp;<\/p>\n<p>&nbsp;<\/p>\n<hr \/>\n<p>&nbsp;<\/p>\n<blockquote>\n<h3 style=\"text-align: center;\">BELLUNO PENSA AL FUTURO DELLA MONTAGNA<\/h3>\n<\/blockquote>\n<p><strong><a class=\"dt-pswp-item\" href=\"https:\/\/www.radiopiu.net\/wordpress\/wp-content\/uploads\/2026\/01\/CONFINDUSTRIA.png\" data-dt-img-description=\"\" data-large_image_width=\"508\" data-large_image_height=\"183\"><img loading=\"lazy\" decoding=\"async\" class=\"aligncenter size-medium wp-image-495176\" src=\"https:\/\/www.radiopiu.net\/wordpress\/wp-content\/uploads\/2026\/01\/CONFINDUSTRIA-300x108.png\" alt=\"\" width=\"300\" height=\"108\" srcset=\"https:\/\/www.radiopiu.net\/wordpress\/wp-content\/uploads\/2026\/01\/CONFINDUSTRIA-300x108.png 300w, https:\/\/www.radiopiu.net\/wordpress\/wp-content\/uploads\/2026\/01\/CONFINDUSTRIA.png 508w\" sizes=\"auto, (max-width: 300px) 100vw, 300px\" \/><\/a>\u00a0<\/strong><\/p>\n<p><strong>BELLUNO <\/strong>Mercoled\u00ec 6 maggio a Palazzo Crepadona, dalle 17, l\u2019incontro \u201cBelluno, la montagna che cambia &#8211; Abitare il presente per sbloccare il futuro del territorio\u201d. L\u2019evento inaugura il ciclo Future4Mountains, inserito nel percorso Future4Cities e promosso nell\u2019ambito del progetto \u201cFabbrica dei Contenuti\u201d di Confindustria Belluno Dolomiti, con il sostegno dei Fondi FCC. L\u2019appuntamento sar\u00e0 registrato dal vivo come puntata del videopodcast \u201cCitt\u00e0\u201d di Will Media. Ospite principale sar\u00e0 il geografo Mauro Varotto, affiancato da Paolo Bovio e Stefano Daelli. Al centro del confronto ci saranno le risorse che rendono attrattivi i territori montani, tra capacit\u00e0 di trattenere residenti e possibilit\u00e0 di attirare nuove persone e competenze. Tre i temi principali: abitare la montagna oggi, creare modelli economici e servizi efficaci, valorizzare esempi virtuosi italiani ed europei. Dopo il talk seguiranno workshop partecipativi guidati da Giulia Bassetto. L\u2019evento \u00e8 gratuito e aperto a cittadini, giovani, scuole, associazioni e istituzioni locali.<\/p>\n<p>&nbsp;<\/p>\n<hr \/>\n<p>&nbsp;<\/p>\n<h1 class=\"_title post-title entry-title\">CRISI INTERNAZIONALE, MANNAIA SULLE IMPRESE. UILM: \u2018CI ASPETTIAMO TEMPI DIFFICILI\u2019<\/h1>\n<p>Intervistati ANTONINO COLOMBO (SEGRETARIO PROVINCIALE UILM BELLUNO), ROCCO PALOMBELLA (SEGRETARIO NAZIONALE UILM) (Servizio di\u00a0<a href=\"https:\/\/antennatre.medianordest.it\/redazione\/Tiziana-Bolognani\/\">Tiziana Bolognani<\/a>)<\/p>\n<p>&nbsp;<\/p>\n<p><iframe loading=\"lazy\" title=\"CRISI INTERNAZIONALE, MANNAIA SULLE IMPRESE. UILM: &#039;CI ASPETTIAMO TEMPI DIFFICILI&#039; | 30\/04\/2026\" width=\"1200\" height=\"675\" src=\"https:\/\/www.youtube.com\/embed\/hng4OO-l48A?start=13&#038;feature=oembed\" frameborder=\"0\" allow=\"accelerometer; autoplay; clipboard-write; encrypted-media; gyroscope; picture-in-picture; web-share\" referrerpolicy=\"strict-origin-when-cross-origin\" allowfullscreen><\/iframe><\/p>\n<p>&nbsp;<\/p>\n<hr \/>\n<p>&nbsp;<\/p>\n<blockquote>\n<h3 style=\"text-align: center;\">NUOVI POSTAMAT IN AGORDINO E FELTRINO<\/h3>\n<\/blockquote>\n<p><strong><a class=\"dt-pswp-item\" href=\"https:\/\/www.radiopiu.net\/wordpress\/wp-content\/uploads\/2020\/05\/POSTE-ITALIANE.png\" data-dt-img-description=\"\" data-large_image_width=\"436\" data-large_image_height=\"88\"><img loading=\"lazy\" decoding=\"async\" class=\"aligncenter size-medium wp-image-141305\" src=\"https:\/\/www.radiopiu.net\/wordpress\/wp-content\/uploads\/2020\/05\/POSTE-ITALIANE-300x61.png\" alt=\"\" width=\"300\" height=\"61\" srcset=\"https:\/\/www.radiopiu.net\/wordpress\/wp-content\/uploads\/2020\/05\/POSTE-ITALIANE-300x61.png 300w, https:\/\/www.radiopiu.net\/wordpress\/wp-content\/uploads\/2020\/05\/POSTE-ITALIANE.png 436w\" sizes=\"auto, (max-width: 300px) 100vw, 300px\" \/><\/a>\u00a0<\/strong><\/p>\n<p><strong>BELLUNO<\/strong> La rete degli sportelli automatici di Poste Italiane continua a crescere. Nei giorni scorsi sono stati installati e sono entrati in funzione nuovi Postamat all\u2019esterno degli uffici postali di Taibon Agordino, Caviola, Lamon e Fonzaso, portando a 53 il totale delle unit\u00e0 operative in tutta la provincia di Belluno. I quattro uffici postali erano gi\u00e0 stati completamente rinnovati e dotati dei nuovi servizi della Pubblica Amministrazione nell\u2019ambito del progetto \u201cPolis\u201d.<br \/>\n*<\/p>\n<p>*<\/p>\n<hr \/>\n<p>*<\/p>\n<div class=\"page-title-head hgroup\">\n<h3 class=\"entry-title\" style=\"text-align: center;\">SEI GIOVANI SCACCHISTE DELL\u2019AGORDINO ALLE FINALI NAZIONALI<\/h3>\n<\/div>\n<p data-start=\"63\" data-end=\"336\"><a class=\"dt-pswp-item\" href=\"https:\/\/www.radiopiu.net\/wordpress\/wp-content\/uploads\/2026\/05\/c85f9081-4215-4be3-ab0d-a76bd25f36aa-300x225-1.jpg\" data-dt-img-description=\"\" data-large_image_width=\"300\" data-large_image_height=\"225\"><img loading=\"lazy\" decoding=\"async\" class=\"aligncenter size-full wp-image-509853\" src=\"https:\/\/www.radiopiu.net\/wordpress\/wp-content\/uploads\/2026\/05\/c85f9081-4215-4be3-ab0d-a76bd25f36aa-300x225-1.jpg\" alt=\"\" width=\"300\" height=\"225\" \/><\/a><\/p>\n<p data-start=\"63\" data-end=\"336\">Dalla\u00a0<span class=\"hover:entity-accent entity-underline inline cursor-pointer align-baseline\"><span class=\"whitespace-normal\">Valle Agordina<\/span><\/span> all\u2019Abruzzo con entusiasmo e determinazione: Aurora, Elisabeth, Erica, Ginevra, Grace Mia e Nives Ester, tutte tra i 10 e gli 11 anni, sono pronte a rappresentare il Bellunese alla finale nazionale del Trofeo Scacchi Scuola 2026. Le sei alunne della primaria di La Valle Agordina parteciperanno alla competizione in programma a\u00a0<span class=\"hover:entity-accent entity-underline inline cursor-pointer align-baseline\"><span class=\"whitespace-normal\">Montesilvano<\/span><\/span> dal 18 al 21 maggio, dopo aver superato le qualificazioni provinciali e regionali. Un percorso nato tra i banchi di scuola grazie a un progetto educativo che ha fatto scoprire alle bambine il valore degli scacchi: concentrazione, gestione dell\u2019errore, rispetto delle regole e capacit\u00e0 di affrontare sfide e sconfitte. Un semplice laboratorio diventato, nel tempo, una vera passione. Guidate dagli insegnanti e supportate dalle famiglie, le giovani scacchiste si sono allenate anche fuori dall\u2019orario scolastico, arrivando a conquistare un risultato che ha sorpreso gli stessi docenti.<br \/>\n*<\/p>\n<p>*<\/p>\n<hr \/>\n<p>&nbsp;<\/p>\n<blockquote>\n<h3 style=\"text-align: center;\">GRANDE SUCCESSO PER LA FESTA DI SAN GIUSEPPE A RIF DI AGORDO<\/h3>\n<\/blockquote>\n<p><strong>AGORDO <\/strong>Rif di Agordo ha celebrato con entusiasmo la Festa di San Giuseppe, organizzato brillantemente da &#8220;I Boce da Rif&#8221; con Alpini e Comune. La bella giornata primaverile si \u00e8 aperta con la Messa, seguita da un affollato pranzo tipico sotto il tendone. Nel pomeriggio, caccia al tesoro e tombola hanno divertito le famiglie. Ad arricchire la piazza, il colorato mercatino artigianale, la pesca di beneficenza e la pittura estemporanea. Un plauso speciale alla finalit\u00e0 solidale dell&#8217;iniziativa: tutto il ricavato \u00e8 stato devoluto all&#8217;associazione A.S.D. Sport Assi Belluno.<\/p>\n<p><strong>VIDEO E FOTO DI MARINA DONA&#8217;<\/strong><\/p>\n<div style=\"width: 1024px;\" class=\"wp-video\"><video class=\"wp-video-shortcode\" id=\"video-509556-2\" width=\"1024\" height=\"576\" preload=\"metadata\" controls=\"controls\"><source type=\"video\/mp4\" src=\"https:\/\/www.radiopiu.net\/wordpress\/wp-content\/uploads\/2026\/05\/WhatsApp-Video-2026-05-01-at-20.12.12.mp4?_=2\" \/><a href=\"https:\/\/www.radiopiu.net\/wordpress\/wp-content\/uploads\/2026\/05\/WhatsApp-Video-2026-05-01-at-20.12.12.mp4\">https:\/\/www.radiopiu.net\/wordpress\/wp-content\/uploads\/2026\/05\/WhatsApp-Video-2026-05-01-at-20.12.12.mp4<\/a><\/video><\/div>\n<p>&nbsp;<\/p>\n\n\t\t\t<style type='text\/css'>\n\t\t\t\t#gallery-5 {\n\t\t\t\t\tmargin: auto;\n\t\t\t\t}\n\t\t\t\t#gallery-5 .gallery-item {\n\t\t\t\t\tfloat: left;\n\t\t\t\t\tmargin-top: 10px;\n\t\t\t\t\ttext-align: center;\n\t\t\t\t\twidth: 25%;\n\t\t\t\t}\n\t\t\t\t#gallery-5 img {\n\t\t\t\t\tborder: 2px solid #cfcfcf;\n\t\t\t\t}\n\t\t\t\t#gallery-5 .gallery-caption {\n\t\t\t\t\tmargin-left: 0;\n\t\t\t\t}\n\t\t\t\t\/* see gallery_shortcode() in wp-includes\/media.php *\/\n\t\t\t<\/style>\n\t\t<div id='gallery-5' class='dt-gallery-container gallery galleryid-509556 gallery-columns-4 gallery-size-thumbnail'><dl class='gallery-item'>\n\t\t\t\t<dt class='gallery-icon landscape'>\n\t\t\t\t\t<a class=\"rollover rollover-zoom dt-pswp-item\" title=\"4689db22-01a5-4d17-9735-cbb834c3bf95\" data-dt-img-description=\"\" data-large_image_width=\"2000\" data-large_image_height=\"1500\"href='https:\/\/www.radiopiu.net\/wordpress\/wp-content\/uploads\/2026\/05\/4689db22-01a5-4d17-9735-cbb834c3bf95.jpg'><img loading=\"lazy\" decoding=\"async\" width=\"150\" height=\"150\" src=\"https:\/\/www.radiopiu.net\/wordpress\/wp-content\/uploads\/2026\/05\/4689db22-01a5-4d17-9735-cbb834c3bf95-150x150.jpg\" class=\"attachment-thumbnail size-thumbnail\" alt=\"\" \/><\/a>\n\t\t\t\t<\/dt><\/dl><dl class='gallery-item'>\n\t\t\t\t<dt class='gallery-icon landscape'>\n\t\t\t\t\t<a class=\"rollover rollover-zoom dt-pswp-item\" title=\"58a867ce-92fa-41c9-ade4-27a267ba9774\" data-dt-img-description=\"\" data-large_image_width=\"2000\" data-large_image_height=\"1500\"href='https:\/\/www.radiopiu.net\/wordpress\/wp-content\/uploads\/2026\/05\/58a867ce-92fa-41c9-ade4-27a267ba9774.jpg'><img loading=\"lazy\" decoding=\"async\" width=\"150\" height=\"150\" src=\"https:\/\/www.radiopiu.net\/wordpress\/wp-content\/uploads\/2026\/05\/58a867ce-92fa-41c9-ade4-27a267ba9774-150x150.jpg\" class=\"attachment-thumbnail size-thumbnail\" alt=\"\" \/><\/a>\n\t\t\t\t<\/dt><\/dl><dl class='gallery-item'>\n\t\t\t\t<dt class='gallery-icon landscape'>\n\t\t\t\t\t<a class=\"rollover rollover-zoom dt-pswp-item\" title=\"c0a9b401-9b93-48bf-ad77-b5b72825b14b\" data-dt-img-description=\"\" data-large_image_width=\"2000\" data-large_image_height=\"1500\"href='https:\/\/www.radiopiu.net\/wordpress\/wp-content\/uploads\/2026\/05\/c0a9b401-9b93-48bf-ad77-b5b72825b14b.jpg'><img loading=\"lazy\" decoding=\"async\" width=\"150\" height=\"150\" src=\"https:\/\/www.radiopiu.net\/wordpress\/wp-content\/uploads\/2026\/05\/c0a9b401-9b93-48bf-ad77-b5b72825b14b-150x150.jpg\" class=\"attachment-thumbnail size-thumbnail\" alt=\"\" \/><\/a>\n\t\t\t\t<\/dt><\/dl><dl class='gallery-item'>\n\t\t\t\t<dt class='gallery-icon landscape'>\n\t\t\t\t\t<a class=\"rollover rollover-zoom dt-pswp-item\" title=\"862c62d1-de33-4ff4-a496-cac8a9e45d92\" data-dt-img-description=\"\" data-large_image_width=\"2000\" data-large_image_height=\"1500\"href='https:\/\/www.radiopiu.net\/wordpress\/wp-content\/uploads\/2026\/05\/862c62d1-de33-4ff4-a496-cac8a9e45d92.jpg'><img loading=\"lazy\" decoding=\"async\" width=\"150\" height=\"150\" src=\"https:\/\/www.radiopiu.net\/wordpress\/wp-content\/uploads\/2026\/05\/862c62d1-de33-4ff4-a496-cac8a9e45d92-150x150.jpg\" class=\"attachment-thumbnail size-thumbnail\" alt=\"\" \/><\/a>\n\t\t\t\t<\/dt><\/dl><br style=\"clear: both\" \/><dl class='gallery-item'>\n\t\t\t\t<dt class='gallery-icon landscape'>\n\t\t\t\t\t<a class=\"rollover rollover-zoom dt-pswp-item\" title=\"f7b89e61-30b4-4e2a-ace4-9716d930f703\" data-dt-img-description=\"\" data-large_image_width=\"2000\" data-large_image_height=\"1500\"href='https:\/\/www.radiopiu.net\/wordpress\/wp-content\/uploads\/2026\/05\/f7b89e61-30b4-4e2a-ace4-9716d930f703.jpg'><img loading=\"lazy\" decoding=\"async\" width=\"150\" height=\"150\" src=\"https:\/\/www.radiopiu.net\/wordpress\/wp-content\/uploads\/2026\/05\/f7b89e61-30b4-4e2a-ace4-9716d930f703-150x150.jpg\" class=\"attachment-thumbnail size-thumbnail\" alt=\"\" \/><\/a>\n\t\t\t\t<\/dt><\/dl><dl class='gallery-item'>\n\t\t\t\t<dt class='gallery-icon landscape'>\n\t\t\t\t\t<a class=\"rollover rollover-zoom dt-pswp-item\" title=\"65148b30-c7d0-46b3-a864-3e22b5513b33\" data-dt-img-description=\"\" data-large_image_width=\"2000\" data-large_image_height=\"1500\"href='https:\/\/www.radiopiu.net\/wordpress\/wp-content\/uploads\/2026\/05\/65148b30-c7d0-46b3-a864-3e22b5513b33.jpg'><img loading=\"lazy\" decoding=\"async\" width=\"150\" height=\"150\" src=\"https:\/\/www.radiopiu.net\/wordpress\/wp-content\/uploads\/2026\/05\/65148b30-c7d0-46b3-a864-3e22b5513b33-150x150.jpg\" class=\"attachment-thumbnail size-thumbnail\" alt=\"\" \/><\/a>\n\t\t\t\t<\/dt><\/dl><dl class='gallery-item'>\n\t\t\t\t<dt class='gallery-icon landscape'>\n\t\t\t\t\t<a class=\"rollover rollover-zoom dt-pswp-item\" title=\"06b5e3f7-bb14-46f7-b324-1e6d5847808d\" data-dt-img-description=\"\" data-large_image_width=\"2000\" data-large_image_height=\"1500\"href='https:\/\/www.radiopiu.net\/wordpress\/wp-content\/uploads\/2026\/05\/06b5e3f7-bb14-46f7-b324-1e6d5847808d.jpg'><img loading=\"lazy\" decoding=\"async\" width=\"150\" height=\"150\" src=\"https:\/\/www.radiopiu.net\/wordpress\/wp-content\/uploads\/2026\/05\/06b5e3f7-bb14-46f7-b324-1e6d5847808d-150x150.jpg\" class=\"attachment-thumbnail size-thumbnail\" alt=\"\" \/><\/a>\n\t\t\t\t<\/dt><\/dl><dl class='gallery-item'>\n\t\t\t\t<dt class='gallery-icon landscape'>\n\t\t\t\t\t<a class=\"rollover rollover-zoom dt-pswp-item\" title=\"73410304-0044-4b9d-b69c-fa0f624b8833\" data-dt-img-description=\"\" data-large_image_width=\"2000\" data-large_image_height=\"1500\"href='https:\/\/www.radiopiu.net\/wordpress\/wp-content\/uploads\/2026\/05\/73410304-0044-4b9d-b69c-fa0f624b8833.jpg'><img loading=\"lazy\" decoding=\"async\" width=\"150\" height=\"150\" src=\"https:\/\/www.radiopiu.net\/wordpress\/wp-content\/uploads\/2026\/05\/73410304-0044-4b9d-b69c-fa0f624b8833-150x150.jpg\" class=\"attachment-thumbnail size-thumbnail\" alt=\"\" \/><\/a>\n\t\t\t\t<\/dt><\/dl><br style=\"clear: both\" \/><dl class='gallery-item'>\n\t\t\t\t<dt class='gallery-icon landscape'>\n\t\t\t\t\t<a class=\"rollover rollover-zoom dt-pswp-item\" title=\"c0553f14-9cc7-4e7e-9fa5-e52a51da41d5\" data-dt-img-description=\"\" data-large_image_width=\"2000\" data-large_image_height=\"1500\"href='https:\/\/www.radiopiu.net\/wordpress\/wp-content\/uploads\/2026\/05\/c0553f14-9cc7-4e7e-9fa5-e52a51da41d5.jpg'><img loading=\"lazy\" decoding=\"async\" width=\"150\" height=\"150\" src=\"https:\/\/www.radiopiu.net\/wordpress\/wp-content\/uploads\/2026\/05\/c0553f14-9cc7-4e7e-9fa5-e52a51da41d5-150x150.jpg\" class=\"attachment-thumbnail size-thumbnail\" alt=\"\" \/><\/a>\n\t\t\t\t<\/dt><\/dl><dl class='gallery-item'>\n\t\t\t\t<dt class='gallery-icon landscape'>\n\t\t\t\t\t<a class=\"rollover rollover-zoom dt-pswp-item\" title=\"c60f28ea-0f59-4bd0-87dd-e0c8314da863\" data-dt-img-description=\"\" data-large_image_width=\"2000\" data-large_image_height=\"1500\"href='https:\/\/www.radiopiu.net\/wordpress\/wp-content\/uploads\/2026\/05\/c60f28ea-0f59-4bd0-87dd-e0c8314da863.jpg'><img loading=\"lazy\" decoding=\"async\" width=\"150\" height=\"150\" src=\"https:\/\/www.radiopiu.net\/wordpress\/wp-content\/uploads\/2026\/05\/c60f28ea-0f59-4bd0-87dd-e0c8314da863-150x150.jpg\" class=\"attachment-thumbnail size-thumbnail\" alt=\"\" \/><\/a>\n\t\t\t\t<\/dt><\/dl><dl class='gallery-item'>\n\t\t\t\t<dt class='gallery-icon landscape'>\n\t\t\t\t\t<a class=\"rollover rollover-zoom dt-pswp-item\" title=\"c9c6dbbb-98b0-4cb3-9a3e-33ca70f7bd1e\" data-dt-img-description=\"\" data-large_image_width=\"2000\" data-large_image_height=\"1500\"href='https:\/\/www.radiopiu.net\/wordpress\/wp-content\/uploads\/2026\/05\/c9c6dbbb-98b0-4cb3-9a3e-33ca70f7bd1e.jpg'><img loading=\"lazy\" decoding=\"async\" width=\"150\" height=\"150\" src=\"https:\/\/www.radiopiu.net\/wordpress\/wp-content\/uploads\/2026\/05\/c9c6dbbb-98b0-4cb3-9a3e-33ca70f7bd1e-150x150.jpg\" class=\"attachment-thumbnail size-thumbnail\" alt=\"\" \/><\/a>\n\t\t\t\t<\/dt><\/dl><dl class='gallery-item'>\n\t\t\t\t<dt class='gallery-icon landscape'>\n\t\t\t\t\t<a class=\"rollover rollover-zoom dt-pswp-item\" title=\"eef0c140-2186-436b-87d0-b1ccd7f3a2a6\" data-dt-img-description=\"\" data-large_image_width=\"2048\" data-large_image_height=\"1536\"href='https:\/\/www.radiopiu.net\/wordpress\/wp-content\/uploads\/2026\/05\/eef0c140-2186-436b-87d0-b1ccd7f3a2a6.jpg'><img loading=\"lazy\" decoding=\"async\" width=\"150\" height=\"150\" src=\"https:\/\/www.radiopiu.net\/wordpress\/wp-content\/uploads\/2026\/05\/eef0c140-2186-436b-87d0-b1ccd7f3a2a6-150x150.jpg\" class=\"attachment-thumbnail size-thumbnail\" alt=\"\" \/><\/a>\n\t\t\t\t<\/dt><\/dl><br style=\"clear: both\" \/><dl class='gallery-item'>\n\t\t\t\t<dt class='gallery-icon landscape'>\n\t\t\t\t\t<a class=\"rollover rollover-zoom dt-pswp-item\" title=\"c7515976-cb05-4245-915e-345d6b57944a\" data-dt-img-description=\"\" data-large_image_width=\"2000\" data-large_image_height=\"1500\"href='https:\/\/www.radiopiu.net\/wordpress\/wp-content\/uploads\/2026\/05\/c7515976-cb05-4245-915e-345d6b57944a.jpg'><img loading=\"lazy\" decoding=\"async\" width=\"150\" height=\"150\" src=\"https:\/\/www.radiopiu.net\/wordpress\/wp-content\/uploads\/2026\/05\/c7515976-cb05-4245-915e-345d6b57944a-150x150.jpg\" class=\"attachment-thumbnail size-thumbnail\" alt=\"\" \/><\/a>\n\t\t\t\t<\/dt><\/dl><dl class='gallery-item'>\n\t\t\t\t<dt class='gallery-icon landscape'>\n\t\t\t\t\t<a class=\"rollover rollover-zoom dt-pswp-item\" title=\"aa643fc7-15c1-4ffd-be09-beb0b7bd8b04\" data-dt-img-description=\"\" data-large_image_width=\"2000\" data-large_image_height=\"1500\"href='https:\/\/www.radiopiu.net\/wordpress\/wp-content\/uploads\/2026\/05\/aa643fc7-15c1-4ffd-be09-beb0b7bd8b04.jpg'><img loading=\"lazy\" decoding=\"async\" width=\"150\" height=\"150\" src=\"https:\/\/www.radiopiu.net\/wordpress\/wp-content\/uploads\/2026\/05\/aa643fc7-15c1-4ffd-be09-beb0b7bd8b04-150x150.jpg\" class=\"attachment-thumbnail size-thumbnail\" alt=\"\" \/><\/a>\n\t\t\t\t<\/dt><\/dl>\n\t\t\t\t<br style='clear: both' \/>\n\t\t\t<\/div>\n\n<p>&nbsp;<\/p>\n<hr \/>\n<p>&nbsp;<\/p>\n<section class=\"text-token-text-primary w-full focus:outline-none [--shadow-height:45px] has-data-writing-block:pointer-events-none has-data-writing-block:-mt-(--shadow-height) has-data-writing-block:pt-(--shadow-height) [&amp;:has([data-writing-block])&gt;*]:pointer-events-auto [content-visibility:auto] supports-[content-visibility:auto]:[contain-intrinsic-size:auto_100lvh] R6Vx5W_threadScrollVars scroll-mb-[calc(var(--scroll-root-safe-area-inset-bottom,0px)+var(--thread-response-height))] scroll-mt-[calc(var(--header-height)+min(200px,max(70px,20svh)))]\" dir=\"auto\" data-turn-id=\"request-WEB:e390b019-2b7c-444e-a5dd-3c1af9dd9d92-9\" data-testid=\"conversation-turn-20\" data-scroll-anchor=\"false\" data-turn=\"assistant\">\n<div class=\"text-base my-auto mx-auto pb-10 [--thread-content-margin:var(--thread-content-margin-xs,calc(var(--spacing)*4))] @w-sm\/main:[--thread-content-margin:var(--thread-content-margin-sm,calc(var(--spacing)*6))] @w-lg\/main:[--thread-content-margin:var(--thread-content-margin-lg,calc(var(--spacing)*16))] px-(--thread-content-margin)\">\n<div class=\"[--thread-content-max-width:40rem] @w-lg\/main:[--thread-content-max-width:48rem] mx-auto max-w-(--thread-content-max-width) flex-1 group\/turn-messages focus-visible:outline-hidden relative flex w-full min-w-0 flex-col agent-turn\">\n<div class=\"flex max-w-full flex-col gap-4 grow\">\n<div class=\"min-h-8 text-message relative flex w-full flex-col items-end gap-2 text-start break-words whitespace-normal outline-none keyboard-focused:focus-ring [.text-message+&amp;]:mt-1\" dir=\"auto\" tabindex=\"0\" data-message-author-role=\"assistant\" data-message-id=\"887ea0b7-b7f8-4dbb-8162-f7bb06561e4d\" data-message-model-slug=\"gpt-5-3\" data-turn-start-message=\"true\">\n<div class=\"flex w-full flex-col gap-1 empty:hidden\">\n<div class=\"markdown prose dark:prose-invert w-full wrap-break-word dark markdown-new-styling\">\n<h2 style=\"text-align: center;\" data-start=\"0\" data-end=\"56\">BELLUNO, OLTRE 200 IN BICI PER LA PRIMA CRITICAL MASS<\/h2>\n<p data-start=\"58\" data-end=\"254\"><a class=\"dt-pswp-item\" href=\"https:\/\/www.radiopiu.net\/wordpress\/wp-content\/uploads\/2026\/05\/9625af60-a761-4a1c-aa9d-89f50df74d5b.png\" data-dt-img-description=\"\" data-large_image_width=\"1672\" data-large_image_height=\"941\"><img loading=\"lazy\" decoding=\"async\" class=\"aligncenter size-medium wp-image-509855\" src=\"https:\/\/www.radiopiu.net\/wordpress\/wp-content\/uploads\/2026\/05\/9625af60-a761-4a1c-aa9d-89f50df74d5b-300x169.png\" alt=\"\" width=\"300\" height=\"169\" srcset=\"https:\/\/www.radiopiu.net\/wordpress\/wp-content\/uploads\/2026\/05\/9625af60-a761-4a1c-aa9d-89f50df74d5b-300x169.png 300w, https:\/\/www.radiopiu.net\/wordpress\/wp-content\/uploads\/2026\/05\/9625af60-a761-4a1c-aa9d-89f50df74d5b-1024x576.png 1024w, https:\/\/www.radiopiu.net\/wordpress\/wp-content\/uploads\/2026\/05\/9625af60-a761-4a1c-aa9d-89f50df74d5b-768x432.png 768w, https:\/\/www.radiopiu.net\/wordpress\/wp-content\/uploads\/2026\/05\/9625af60-a761-4a1c-aa9d-89f50df74d5b-1536x864.png 1536w, https:\/\/www.radiopiu.net\/wordpress\/wp-content\/uploads\/2026\/05\/9625af60-a761-4a1c-aa9d-89f50df74d5b.png 1672w\" sizes=\"auto, (max-width: 300px) 100vw, 300px\" \/><\/a><\/p>\n<p data-start=\"58\" data-end=\"254\">Grande partecipazione a <span class=\"hover:entity-accent entity-underline inline cursor-pointer align-baseline\"><span class=\"whitespace-normal\">Belluno<\/span><\/span> per la prima Critical Mass cittadina: oltre 200 persone hanno preso parte alla pedalata del 1\u00b0 maggio promossa da associazioni locali.<\/p>\n<p data-start=\"256\" data-end=\"452\">Il corteo, partito da piazza dei Martiri, ha attraversato la citt\u00e0 coinvolgendo famiglie, studenti e lavoratori, uniti dalla richiesta di maggiore sicurezza stradale e spazi pubblici pi\u00f9 vivibili.<\/p>\n<p data-start=\"454\" data-end=\"620\">Momento di forte emozione in piazza San Lucano, dove i partecipanti hanno ricordato Mukhtar Dowh, giovane lavoratore morto recentemente in un incidente in bicicletta.<\/p>\n<p data-start=\"622\" data-end=\"805\" data-is-last-node=\"\" data-is-only-node=\"\">L\u2019iniziativa si \u00e8 conclusa alla Casa dei Beni Comuni, segnando un importante segnale di partecipazione civica e attenzione ai temi della mobilit\u00e0 sostenibile e del diritto alla citt\u00e0.<\/p>\n<\/div>\n<\/div>\n<\/div>\n<\/div>\n<div><\/div>\n<div><\/div>\n<div><\/div>\n<div class=\"z-0 flex min-h-[46px] justify-start\">\n<hr \/>\n<section class=\"text-token-text-primary w-full focus:outline-none [--shadow-height:45px] has-data-writing-block:pointer-events-none has-data-writing-block:-mt-(--shadow-height) has-data-writing-block:pt-(--shadow-height) [&amp;:has([data-writing-block])&gt;*]:pointer-events-auto [content-visibility:auto] supports-[content-visibility:auto]:[contain-intrinsic-size:auto_100lvh] R6Vx5W_threadScrollVars scroll-mb-[calc(var(--scroll-root-safe-area-inset-bottom,0px)+var(--thread-response-height))] scroll-mt-[calc(var(--header-height)+min(200px,max(70px,20svh)))]\" dir=\"auto\" data-turn-id=\"request-WEB:e390b019-2b7c-444e-a5dd-3c1af9dd9d92-14\" data-testid=\"conversation-turn-30\" data-scroll-anchor=\"false\" data-turn=\"assistant\">\n<div class=\"text-base my-auto mx-auto pb-10 [--thread-content-margin:var(--thread-content-margin-xs,calc(var(--spacing)*4))] @w-sm\/main:[--thread-content-margin:var(--thread-content-margin-sm,calc(var(--spacing)*6))] @w-lg\/main:[--thread-content-margin:var(--thread-content-margin-lg,calc(var(--spacing)*16))] px-(--thread-content-margin)\">\n<div class=\"[--thread-content-max-width:40rem] @w-lg\/main:[--thread-content-max-width:48rem] mx-auto max-w-(--thread-content-max-width) flex-1 group\/turn-messages focus-visible:outline-hidden relative flex w-full min-w-0 flex-col agent-turn\">\n<div class=\"flex max-w-full flex-col gap-4 grow\">\n<div class=\"min-h-8 text-message relative flex w-full flex-col items-end gap-2 text-start break-words whitespace-normal outline-none keyboard-focused:focus-ring [.text-message+&amp;]:mt-1\" dir=\"auto\" tabindex=\"0\" data-message-author-role=\"assistant\" data-message-id=\"d4e636f3-ac56-40ee-a28e-c8d579afccec\" data-message-model-slug=\"gpt-5-3\" data-turn-start-message=\"true\">\n<div class=\"flex w-full flex-col gap-1 empty:hidden\">\n<div class=\"markdown prose dark:prose-invert w-full wrap-break-word dark markdown-new-styling\">\n<h2 style=\"text-align: center;\" data-start=\"0\" data-end=\"63\" data-is-last-node=\"\" data-is-only-node=\"\">\n<p>*<\/p>\n<p>PANE E ROSE, GLI STUDENTI IN PIAZZA PER I DIRITTI DEL LAVORO<\/h2>\n<\/div>\n<\/div>\n<\/div>\n<\/div>\n<\/div>\n<\/div>\n<\/section>\n<p data-start=\"0\" data-end=\"179\"><a class=\"dt-pswp-item\" href=\"https:\/\/www.radiopiu.net\/wordpress\/wp-content\/uploads\/2026\/05\/Screenshot-2026-05-02-051745.png\" data-dt-img-description=\"\" data-large_image_width=\"704\" data-large_image_height=\"189\"><img loading=\"lazy\" decoding=\"async\" class=\"aligncenter size-medium wp-image-509857\" src=\"https:\/\/www.radiopiu.net\/wordpress\/wp-content\/uploads\/2026\/05\/Screenshot-2026-05-02-051745-300x81.png\" alt=\"\" width=\"300\" height=\"81\" srcset=\"https:\/\/www.radiopiu.net\/wordpress\/wp-content\/uploads\/2026\/05\/Screenshot-2026-05-02-051745-300x81.png 300w, https:\/\/www.radiopiu.net\/wordpress\/wp-content\/uploads\/2026\/05\/Screenshot-2026-05-02-051745.png 704w\" sizes=\"auto, (max-width: 300px) 100vw, 300px\" \/><\/a><\/p>\n<p data-start=\"0\" data-end=\"179\">1\u00b0 maggio in Veneto gli studenti della Rete Studenti Medi e dell\u2019Unione Universitari hanno promosso \u201cPane e rose\u201d, distribuendo rose ai lavoratori impegnati durante la festa.<\/p>\n<p data-start=\"181\" data-end=\"411\">Un gesto simbolico per riconoscere il valore di chi lavora anche in condizioni precarie e senza tutele. L\u2019iniziativa richiama lo storico sciopero del 1912 negli Stati Uniti e ribadisce il diritto a dignit\u00e0, sicurezza e rispetto.<\/p>\n<p data-start=\"413\" data-end=\"582\" data-is-last-node=\"\" data-is-only-node=\"\">Gli studenti denunciano che molti lavoratori, soprattutto nel commercio, non possono festeggiare e chiedono che il Primo Maggio torni a essere davvero la festa di tutti.<\/p>\n<\/div>\n<\/div>\n<\/div>\n<\/section>\n<p>&nbsp;<\/p>\n<hr \/>\n<p>&nbsp;<\/p>\n<blockquote>\n<h3 style=\"text-align: center;\">GEOLOGIA DELLE DOLOMITI: L&#8217;INCONTRO AD AGORDO<\/h3>\n<\/blockquote>\n<p><strong>AGORDO <\/strong>Il weekend del 16 e 17 maggio 2026, Agordo si trasformer\u00e0 nel cuore pulsante della divulgazione scientifica e territoriale con il convegno &#8220;Geologia delle Dolomiti, una risorsa turistica&#8221;. L\u2019evento, organizzato dall\u2019Istituto di Istruzione Superiore &#8220;U. Follador&#8221; in collaborazione con il CAI, il Soccorso Alpino e l\u2019Associazione Amici dei Minerari, punta a valorizzare il patrimonio UNESCO attraverso il progetto &#8220;La Via della Dolomia&#8221;. La giornata di sabato si aprir\u00e0 presso l\u2019auditorium &#8220;Antonio Favretti&#8221; con una serie di interventi d\u2019eccellenza. Esperti del settore, tra cui il prof. Danilo Giordano e il geologo Vittorio Fenti, esploreranno il legame indissolubile tra alpinismo, sicurezza e conformazione geologica. Nel pomeriggio, i partecipanti avranno l\u2019opportunit\u00e0 di visitare la storica Miniera di Valle Imperina. Domenica l\u2019attenzione si sposter\u00e0 sul campo con escursioni guidate tra la Val Bordina e la Val Corpassa. Accompagnati da guide geologiche, gli escursionisti potranno &#8220;toccare con mano&#8221; la storia della terra, scoprendo itinerari di straordinario interesse geomorfologico e paleontologico. L\u2019iniziativa rappresenta un\u2019occasione unica per trasformare la conoscenza scientifica in un volano per il turismo sostenibile, celebrando la bellezza e la complessit\u00e0 delle crode agordine. Per iscrizioni, \u00e8 possibile contattare il dipartimento geotecnico dell\u2019istituto.<\/p>\n<p><strong>IL PROGRAMMA<\/strong><\/p>\n<p><a class=\"dt-pswp-item\" href=\"https:\/\/www.radiopiu.net\/wordpress\/wp-content\/uploads\/2026\/04\/LOCA-MIN.jpg\" data-dt-img-description=\"\" data-large_image_width=\"623\" data-large_image_height=\"885\"><img loading=\"lazy\" decoding=\"async\" class=\"aligncenter size-medium wp-image-509683\" src=\"https:\/\/www.radiopiu.net\/wordpress\/wp-content\/uploads\/2026\/04\/LOCA-MIN-211x300.jpg\" alt=\"\" width=\"211\" height=\"300\" srcset=\"https:\/\/www.radiopiu.net\/wordpress\/wp-content\/uploads\/2026\/04\/LOCA-MIN-211x300.jpg 211w, https:\/\/www.radiopiu.net\/wordpress\/wp-content\/uploads\/2026\/04\/LOCA-MIN.jpg 623w\" sizes=\"auto, (max-width: 211px) 100vw, 211px\" \/><\/a><\/p>\n<p>&nbsp;<\/p>\n<p>&nbsp;<\/p>\n<hr \/>\n<p>&nbsp;<\/p>\n<blockquote>\n<h3 style=\"text-align: center;\">CONCORSO POLIZIA DI STATO: 220 COMMISSARI<\/h3>\n<\/blockquote>\n<p><strong><a class=\"dt-pswp-item\" href=\"https:\/\/www.radiopiu.net\/wordpress\/wp-content\/uploads\/2022\/05\/POLIZIA-2.jpg\" data-dt-img-description=\"\" data-large_image_width=\"1920\" data-large_image_height=\"1080\"><img loading=\"lazy\" decoding=\"async\" class=\"aligncenter size-medium wp-image-278033\" src=\"https:\/\/www.radiopiu.net\/wordpress\/wp-content\/uploads\/2022\/05\/POLIZIA-2-300x169.jpg\" alt=\"\" width=\"300\" height=\"169\" srcset=\"https:\/\/www.radiopiu.net\/wordpress\/wp-content\/uploads\/2022\/05\/POLIZIA-2-300x169.jpg 300w, https:\/\/www.radiopiu.net\/wordpress\/wp-content\/uploads\/2022\/05\/POLIZIA-2-1024x576.jpg 1024w, https:\/\/www.radiopiu.net\/wordpress\/wp-content\/uploads\/2022\/05\/POLIZIA-2-768x432.jpg 768w, https:\/\/www.radiopiu.net\/wordpress\/wp-content\/uploads\/2022\/05\/POLIZIA-2-1536x864.jpg 1536w, https:\/\/www.radiopiu.net\/wordpress\/wp-content\/uploads\/2022\/05\/POLIZIA-2.jpg 1920w\" sizes=\"auto, (max-width: 300px) 100vw, 300px\" \/><\/a>\u00a0<\/strong><\/p>\n<p><strong>BELLUNO <\/strong>\u00c8 stato pubblicato il bando per il concorso pubblico della Polizia di Stato per l\u2019assunzione di 220 commissari della carriera dei funzionari. La selezione, per titoli ed esami, \u00e8 indetta con decreto del 17 aprile 2026. Le domande potranno essere presentate online dal 21 aprile al 20 maggio 2026 tramite il portale dedicato o il Portale unico del reclutamento <a href=\"http:\/\/www.inpa.gov.it\/\">www.inpa.gov.it<\/a>. La procedura \u00e8 disponibile sul sito della Polizia di Stato. Il concorso mira a rafforzare l\u2019organico dei funzionari e garantire nuove risorse qualificate al corpo.<\/p>\n<p>&nbsp;<\/p>\n<p>&nbsp;<\/p>\n<hr \/>\n<p>&nbsp;<\/p>\n<blockquote>\n<h3 style=\"text-align: center;\">PELLEGRINAGGIO TRA FEDE E NATURA A CHIUSA E BRESSANONE<\/h3>\n<\/blockquote>\n<p><strong><a class=\"dt-pswp-item\" href=\"https:\/\/www.radiopiu.net\/wordpress\/wp-content\/uploads\/2026\/04\/ljhdlka.jpg\" data-dt-img-description=\"\" data-large_image_width=\"670\" data-large_image_height=\"948\"><img loading=\"lazy\" decoding=\"async\" class=\"aligncenter wp-image-506937\" src=\"https:\/\/www.radiopiu.net\/wordpress\/wp-content\/uploads\/2026\/04\/ljhdlka-212x300.jpg\" alt=\"\" width=\"143\" height=\"202\" srcset=\"https:\/\/www.radiopiu.net\/wordpress\/wp-content\/uploads\/2026\/04\/ljhdlka-212x300.jpg 212w, https:\/\/www.radiopiu.net\/wordpress\/wp-content\/uploads\/2026\/04\/ljhdlka.jpg 670w\" sizes=\"auto, (max-width: 143px) 100vw, 143px\" \/><\/a>\u00a0<\/strong><\/p>\n<p><strong>CANALE D&#8217;AGORDO <\/strong>Un\u2019occasione unica per vivere un\u2019esperienza che unisce spiritualit\u00e0, natura e cultura: \u00e8 il pellegrinaggio a Chiusa e Bressanone, in programma l\u20198 e 9 maggio con partenza da Canale d\u2019Agordo. L\u2019iniziativa prevede due giornate tra cammini, visite guidate e momenti di preghiera, con la possibilit\u00e0 di partecipare anche solo sabato 9 maggio. Il viaggio \u00e8 organizzato dall\u2019agenzia Think Blue Dolomiti Tour di Falcade in collaborazione con la parrocchia e la Fondazione Papa Luciani. I posti sono limitati e la prenotazione \u00e8 obbligatoria. Per informazioni e iscrizioni \u00e8 possibile contattare il numero 377 9665237 o scrivere via email.<\/p>\n<p>&nbsp;<\/p>\n<p>&nbsp;<\/p>\n<hr \/>\n<p>&nbsp;<\/p>\n<blockquote>\n<h3 style=\"text-align: center;\">IDENTIT\u00c0 LADINA, UN LEGAME CHE UNISCE LE DOLOMITI E LA VAL DEL BIOIS<\/h3>\n<\/blockquote>\n<p><strong><a class=\"dt-pswp-item\" href=\"https:\/\/www.radiopiu.net\/wordpress\/wp-content\/uploads\/2026\/04\/LADI-VAL-BIOIS.jpg\" data-dt-img-description=\"\" data-large_image_width=\"652\" data-large_image_height=\"434\"><img loading=\"lazy\" decoding=\"async\" class=\"aligncenter size-medium wp-image-509499\" src=\"https:\/\/www.radiopiu.net\/wordpress\/wp-content\/uploads\/2026\/04\/LADI-VAL-BIOIS-300x200.jpg\" alt=\"\" width=\"300\" height=\"200\" srcset=\"https:\/\/www.radiopiu.net\/wordpress\/wp-content\/uploads\/2026\/04\/LADI-VAL-BIOIS-300x200.jpg 300w, https:\/\/www.radiopiu.net\/wordpress\/wp-content\/uploads\/2026\/04\/LADI-VAL-BIOIS.jpg 652w\" sizes=\"auto, (max-width: 300px) 100vw, 300px\" \/><\/a>\u00a0<\/strong><\/p>\n<p><strong>CANALE D&#8217;AGORDO <\/strong>L\u2019identit\u00e0 ladina \u00e8 una realt\u00e0 culturale e linguistica che continua a interrogare storici e comunit\u00e0 delle Dolomiti. A differenza di altri popoli europei, le popolazioni ladine non hanno mai costituito un\u2019entit\u00e0 amministrativa unitaria, ma sono rimaste per secoli divise tra vallate, dominazioni e confini diversi. Una frammentazione che ha rallentato la consapevolezza di appartenere a un unico popolo. A tenere saldo il legame \u00e8 stata soprattutto la lingua. Il termine \u201cladino\u201d inizi\u00f2 a diffondersi nell\u2019Ottocento, in particolare negli studi dell\u2019<span class=\"hover:entity-accent entity-underline inline cursor-pointer align-baseline\"><span class=\"whitespace-normal\">Impero Asburgico<\/span><\/span>, inizialmente riferito alla Val Badia e successivamente esteso ad altre aree dolomitiche. Studiosi come <span class=\"hover:entity-accent entity-underline inline cursor-pointer align-baseline\"><span class=\"whitespace-normal\">Graziadio Isaia Ascoli<\/span><\/span> ampliarono il concetto fino a includere parte dell\u2019alto Bellunese. Il dibattito coinvolge oggi anche la <span class=\"hover:entity-accent entity-underline inline cursor-pointer align-baseline\"><span class=\"whitespace-normal\">Val del Biois<\/span><\/span> e sar\u00e0 al centro di tre serate di approfondimento a <span class=\"hover:entity-accent entity-underline inline cursor-pointer align-baseline\"><span class=\"whitespace-normal\">Canale d\u2019Agordo<\/span><\/span>, nella Sala Emigranti alle 20.45. Il 7 maggio <span class=\"hover:entity-accent entity-underline inline cursor-pointer align-baseline\"><span class=\"whitespace-normal\">Nicola Cassisi<\/span><\/span> parler\u00e0 di \u201cLadin a ciasa, Ladin a scola\u201d. Il 15 maggio <span class=\"hover:entity-accent entity-underline inline cursor-pointer align-baseline\"><span class=\"whitespace-normal\">Davide Conedera<\/span><\/span> presenter\u00e0 il \u201cGlossar del lessich minerar e metalurgich per ladin agordin\u201d. Il 21 maggio <span class=\"hover:entity-accent entity-underline inline cursor-pointer align-baseline\"><span class=\"whitespace-normal\">Loris Serafini<\/span><\/span> approfondir\u00e0 il rapporto fra il Tirolo e le valli ladine agordine.<\/p>\n<p>&nbsp;<\/p>\n<p>&nbsp;<\/p>\n<hr \/>\n<p>&nbsp;<\/p>\n<blockquote>\n<h3 style=\"text-align: center;\">VOCI E ARCHI IN CONCERTO A VOLTAGO AGORDINO<\/h3>\n<\/blockquote>\n<p><strong><a class=\"dt-pswp-item\" href=\"https:\/\/www.radiopiu.net\/wordpress\/wp-content\/uploads\/2026\/04\/1000089694.jpg\" data-dt-img-description=\"\" data-large_image_width=\"1131\" data-large_image_height=\"1600\"><img loading=\"lazy\" decoding=\"async\" class=\"aligncenter size-medium wp-image-508524\" src=\"https:\/\/www.radiopiu.net\/wordpress\/wp-content\/uploads\/2026\/04\/1000089694-212x300.jpg\" alt=\"\" width=\"212\" height=\"300\" srcset=\"https:\/\/www.radiopiu.net\/wordpress\/wp-content\/uploads\/2026\/04\/1000089694-212x300.jpg 212w, https:\/\/www.radiopiu.net\/wordpress\/wp-content\/uploads\/2026\/04\/1000089694-724x1024.jpg 724w, https:\/\/www.radiopiu.net\/wordpress\/wp-content\/uploads\/2026\/04\/1000089694-768x1086.jpg 768w, https:\/\/www.radiopiu.net\/wordpress\/wp-content\/uploads\/2026\/04\/1000089694-1086x1536.jpg 1086w, https:\/\/www.radiopiu.net\/wordpress\/wp-content\/uploads\/2026\/04\/1000089694.jpg 1131w\" sizes=\"auto, (max-width: 212px) 100vw, 212px\" \/><\/a>\u00a0<\/strong><\/p>\n<p><strong>VOLTAGO <\/strong>Nella chiesa di Voltago Agordino si terr\u00e0 sabato 16 maggio 2026 alle 20.30 il concerto \u201cVoci e Archi in Concerto\u201d, organizzato dal Consiglio Pastorale delle parrocchie del P\u00f2i. Protagonisti saranno il Coro Agordo, diretto da Anna Devich, e il Coro Fodom guidato da Lorenzo Vallazza, uniti da stima e affinit\u00e0 artistiche. L\u2019evento sar\u00e0 arricchito dal Quartetto Padova Ensemble, formato da musicisti legati da amicizia e passione per il repertorio classico. La serata offrir\u00e0 un suggestivo dialogo tra voci e strumenti, creando un\u2019atmosfera coinvolgente e rilassante, capace di trasportare il pubblico lontano dalle preoccupazioni quotidiane attraverso la bellezza della musica.<\/p>\n<p>&nbsp;<\/p>\n<p>&nbsp;<\/p>\n<hr \/>\n<p>&nbsp;<\/p>\n<blockquote>\n<h3 style=\"text-align: center;\">IL GIARDINO DEI SEMPLICI IN CONCERTO A FELTRE: 50 ANNI DI MUSICA ED EMOZIONI<\/h3>\n<\/blockquote>\n<p><strong><a class=\"dt-pswp-item\" href=\"https:\/\/www.radiopiu.net\/wordpress\/wp-content\/uploads\/2026\/03\/ac3bec6c-9d20-4068-b6cc-fe32828b8691.jpg\" data-dt-img-description=\"\" data-large_image_width=\"939\" data-large_image_height=\"1302\"><img loading=\"lazy\" decoding=\"async\" class=\"aligncenter size-medium wp-image-500762\" src=\"https:\/\/www.radiopiu.net\/wordpress\/wp-content\/uploads\/2026\/03\/ac3bec6c-9d20-4068-b6cc-fe32828b8691-216x300.jpg\" alt=\"\" width=\"216\" height=\"300\" srcset=\"https:\/\/www.radiopiu.net\/wordpress\/wp-content\/uploads\/2026\/03\/ac3bec6c-9d20-4068-b6cc-fe32828b8691-216x300.jpg 216w, https:\/\/www.radiopiu.net\/wordpress\/wp-content\/uploads\/2026\/03\/ac3bec6c-9d20-4068-b6cc-fe32828b8691-739x1024.jpg 739w, https:\/\/www.radiopiu.net\/wordpress\/wp-content\/uploads\/2026\/03\/ac3bec6c-9d20-4068-b6cc-fe32828b8691-768x1065.jpg 768w, https:\/\/www.radiopiu.net\/wordpress\/wp-content\/uploads\/2026\/03\/ac3bec6c-9d20-4068-b6cc-fe32828b8691.jpg 939w\" sizes=\"auto, (max-width: 216px) 100vw, 216px\" \/><\/a>\u00a0<\/strong><\/p>\n<p><strong>FELTRE<\/strong>\u00a0 Arriva a Feltre uno degli appuntamenti musicali pi\u00f9 attesi dell\u2019estate: il concerto de <span class=\"hover:entity-accent entity-underline inline cursor-pointer align-baseline\"><span class=\"whitespace-normal\">Il Giardino dei Semplici<\/span><\/span>, storica band napoletana protagonista della scena pop melodica italiana dagli anni Settanta. Il gruppo, nato nel 1974, ha conquistato il pubblico con brani intramontabili come \u201cM\u2019innamorai\u201d e \u201cMiele\u201d, portata anche al Festival di Sanremo. Con oltre 50 anni di carriera, milioni di dischi venduti e migliaia di concerti, la band continua a emozionare generazioni diverse grazie a uno stile che unisce romanticismo e sonorit\u00e0 pop-rock. L\u2019appuntamento \u00e8 per il 6 giugno all\u2019Auditorium Canossiane: una serata speciale tra grandi successi e nuove emozioni, capace di far cantare il pubblico di tutte le et\u00e0.<\/p>\n<p>&nbsp;<\/p>\n<hr \/>\n<p>&nbsp;<\/p>\n<blockquote>\n<h3 style=\"text-align: center;\">MISS DOLOMITI BELLUNESI: SOSPIROLO INCORONA LA BELLEZZA DEL TERRITORIO<\/h3>\n<\/blockquote>\n<p><strong><a class=\"dt-pswp-item\" href=\"https:\/\/www.radiopiu.net\/wordpress\/wp-content\/uploads\/2026\/04\/c184d22d-a91e-4f2d-8876-5b5db715c288.png\" data-dt-img-description=\"\" data-large_image_width=\"1690\" data-large_image_height=\"931\"><img loading=\"lazy\" decoding=\"async\" class=\"aligncenter size-medium wp-image-509174\" src=\"https:\/\/www.radiopiu.net\/wordpress\/wp-content\/uploads\/2026\/04\/c184d22d-a91e-4f2d-8876-5b5db715c288-300x165.png\" alt=\"\" width=\"300\" height=\"165\" srcset=\"https:\/\/www.radiopiu.net\/wordpress\/wp-content\/uploads\/2026\/04\/c184d22d-a91e-4f2d-8876-5b5db715c288-300x165.png 300w, https:\/\/www.radiopiu.net\/wordpress\/wp-content\/uploads\/2026\/04\/c184d22d-a91e-4f2d-8876-5b5db715c288-1024x564.png 1024w, https:\/\/www.radiopiu.net\/wordpress\/wp-content\/uploads\/2026\/04\/c184d22d-a91e-4f2d-8876-5b5db715c288-768x423.png 768w, https:\/\/www.radiopiu.net\/wordpress\/wp-content\/uploads\/2026\/04\/c184d22d-a91e-4f2d-8876-5b5db715c288-1536x846.png 1536w, https:\/\/www.radiopiu.net\/wordpress\/wp-content\/uploads\/2026\/04\/c184d22d-a91e-4f2d-8876-5b5db715c288.png 1690w\" sizes=\"auto, (max-width: 300px) 100vw, 300px\" \/><\/a>\u00a0<\/strong><\/p>\n<p><strong>SOSPIROLO\u00a0 <\/strong>La bellezza autentica sposa il cuore delle vette. Domenica 28 giugno, a partire dalle 18, il Centro Civico di Sospirolo ospiter\u00e0 la sfilata di Miss Dolomiti Bellunesi, un evento nato per esaltare l\u2019identit\u00e0 e lo splendore del territorio. Tra i riflettori e l\u2019eccellenza locale, le aspiranti miss sfileranno accompagnate dalle note suggestive di DJ Komoro. La serata, guidata da una presentatrice d&#8217;eccezione, vedr\u00e0 la partecipazione di ospiti speciali del mondo dello spettacolo. Mentre la giuria si ritirer\u00e0 per deliberare, il pubblico potr\u00e0 vivere un\u2019atmosfera magica dove il talento incontra le radici bellunesi. La partecipazione \u00e8 gratuita (et\u00e0 minima 18 anni, massima 30)\u00a0 e le iscrizioni restano aperte fino al 20 giugno al numero 3471859436. Un&#8217;occasione imperdibile per brillare in un contesto unico.<\/p>\n<p>&nbsp;<\/p>\n<p>&nbsp;<\/p>\n<hr \/>\n<p>&nbsp;<\/p>\n<h1 style=\"text-align: center;\"><span style=\"color: #ff6600;\">IERI ALLA RADIO<\/span><\/h1>\n<h2 style=\"text-align: center;\"><span style=\"color: #808000;\">RADIO PIU&#8217; PREMIERE, LE NOVITA&#8217; MUSICALI DEL FINE SETTIMANA<\/span><\/h2>\n<p><strong><a class=\"dt-pswp-item\" href=\"https:\/\/www.radiopiu.net\/wordpress\/wp-content\/uploads\/2026\/04\/5ecd9d60-bfe8-4ba6-a535-9c7f6152be73.jpg\" data-dt-img-description=\"\" data-large_image_width=\"1179\" data-large_image_height=\"575\"><img loading=\"lazy\" decoding=\"async\" class=\"size-medium wp-image-509750 alignleft\" src=\"https:\/\/www.radiopiu.net\/wordpress\/wp-content\/uploads\/2026\/04\/5ecd9d60-bfe8-4ba6-a535-9c7f6152be73-300x146.jpg\" alt=\"\" width=\"300\" height=\"146\" srcset=\"https:\/\/www.radiopiu.net\/wordpress\/wp-content\/uploads\/2026\/04\/5ecd9d60-bfe8-4ba6-a535-9c7f6152be73-300x146.jpg 300w, https:\/\/www.radiopiu.net\/wordpress\/wp-content\/uploads\/2026\/04\/5ecd9d60-bfe8-4ba6-a535-9c7f6152be73-1024x499.jpg 1024w, https:\/\/www.radiopiu.net\/wordpress\/wp-content\/uploads\/2026\/04\/5ecd9d60-bfe8-4ba6-a535-9c7f6152be73-768x375.jpg 768w, https:\/\/www.radiopiu.net\/wordpress\/wp-content\/uploads\/2026\/04\/5ecd9d60-bfe8-4ba6-a535-9c7f6152be73.jpg 1179w\" sizes=\"auto, (max-width: 300px) 100vw, 300px\" \/><\/a>PUNTATA DEL 01 MAGGIO 2026<\/strong><\/p>\n<p>Achille Lauro &#8211; Comuni Immortali<\/p>\n<p>Francesca Michielin &#8211; Una donna non puo\u0300<\/p>\n<audio class=\"wp-audio-shortcode\" id=\"audio-509556-5\" preload=\"none\" style=\"width: 100%;\" controls=\"controls\"><source type=\"audio\/mpeg\" src=\"https:\/\/www.radiopiu.net\/wordpress\/wp-content\/uploads\/2026\/04\/MARCONOVITA-3.mp3?_=5\" \/><a href=\"https:\/\/www.radiopiu.net\/wordpress\/wp-content\/uploads\/2026\/04\/MARCONOVITA-3.mp3\">https:\/\/www.radiopiu.net\/wordpress\/wp-content\/uploads\/2026\/04\/MARCONOVITA-3.mp3<\/a><\/audio>\n<p>&nbsp;<\/p>\n<h2><strong>LA RACCOLTA COMPLETA <a href=\"https:\/\/www.radiopiu.net\/wordpress\/radio-piu-premiere-le-novita-musicali-del-fine-settimana-il-podcast-01-mag-6\/\"><span style=\"color: #3366ff;\">CLICCA QUI<\/span><\/a><\/strong><\/h2>\n<p>&nbsp;<\/p>\n<hr \/>\n<p>&nbsp;<\/p>\n<h2 style=\"text-align: center;\"><span style=\"color: #ffcc00;\">MUSIC A B C, IL MONDO DELLA MUSICA UNA LETTERA ALLA VOLTA<\/span><\/h2>\n<p><span style=\"color: #ff0000;\"><strong><a class=\"dt-pswp-item\" href=\"https:\/\/www.radiopiu.net\/wordpress\/wp-content\/uploads\/2021\/07\/microfono-radio-ok-768x448-768x448-1.jpg\" data-dt-img-description=\"\" data-large_image_width=\"768\" data-large_image_height=\"448\"><img loading=\"lazy\" decoding=\"async\" class=\" wp-image-220632 alignleft\" src=\"https:\/\/www.radiopiu.net\/wordpress\/wp-content\/uploads\/2021\/07\/microfono-radio-ok-768x448-768x448-1-300x175.jpg\" alt=\"\" width=\"148\" height=\"86\" srcset=\"https:\/\/www.radiopiu.net\/wordpress\/wp-content\/uploads\/2021\/07\/microfono-radio-ok-768x448-768x448-1-300x175.jpg 300w, https:\/\/www.radiopiu.net\/wordpress\/wp-content\/uploads\/2021\/07\/microfono-radio-ok-768x448-768x448-1.jpg 768w\" sizes=\"auto, (max-width: 148px) 100vw, 148px\" \/><\/a>CON MARINA DONA&#8217; E DAVID &#8220;ATHOS&#8221; BEN<\/strong><\/span><\/p>\n<h2><strong>STAGIONE 2025\/2026<\/strong><\/h2>\n<p>&nbsp;<\/p>\n<p><strong>PUNTATA DEL 01 MAGGIO 2026<\/strong><\/p>\n<p><strong>PRIMA PARTE<\/strong><\/p>\n<audio class=\"wp-audio-shortcode\" id=\"audio-509556-6\" preload=\"none\" style=\"width: 100%;\" controls=\"controls\"><source type=\"audio\/mpeg\" src=\"https:\/\/www.radiopiu.net\/wordpress\/wp-content\/uploads\/2026\/04\/GOLD1-4.mp3?_=6\" \/><a href=\"https:\/\/www.radiopiu.net\/wordpress\/wp-content\/uploads\/2026\/04\/GOLD1-4.mp3\">https:\/\/www.radiopiu.net\/wordpress\/wp-content\/uploads\/2026\/04\/GOLD1-4.mp3<\/a><\/audio>\n<p>&nbsp;<\/p>\n<p><strong>SECONDA PARTE<\/strong><\/p>\n<audio class=\"wp-audio-shortcode\" id=\"audio-509556-7\" preload=\"none\" style=\"width: 100%;\" controls=\"controls\"><source type=\"audio\/mpeg\" src=\"https:\/\/www.radiopiu.net\/wordpress\/wp-content\/uploads\/2026\/04\/GOLD2-4.mp3?_=7\" \/><a href=\"https:\/\/www.radiopiu.net\/wordpress\/wp-content\/uploads\/2026\/04\/GOLD2-4.mp3\">https:\/\/www.radiopiu.net\/wordpress\/wp-content\/uploads\/2026\/04\/GOLD2-4.mp3<\/a><\/audio>\n<p>&nbsp;<\/p>\n<p><strong>TERZA PARTE<\/strong><\/p>\n<audio class=\"wp-audio-shortcode\" id=\"audio-509556-8\" preload=\"none\" style=\"width: 100%;\" controls=\"controls\"><source type=\"audio\/mpeg\" src=\"https:\/\/www.radiopiu.net\/wordpress\/wp-content\/uploads\/2026\/04\/GOLD3-4.mp3?_=8\" \/><a href=\"https:\/\/www.radiopiu.net\/wordpress\/wp-content\/uploads\/2026\/04\/GOLD3-4.mp3\">https:\/\/www.radiopiu.net\/wordpress\/wp-content\/uploads\/2026\/04\/GOLD3-4.mp3<\/a><\/audio>\n<p>&nbsp;<\/p>\n<h2><strong>LA RACCOLTA COMPLETA <a href=\"https:\/\/www.radiopiu.net\/wordpress\/music-a-b-c-il-mondo-della-musica-una-lettera-alla-volta-la-raccolta\/\"><span style=\"color: #3366ff;\">CLICCA QUI<\/span><\/a><\/strong><\/h2>\n<p>&nbsp;<\/p>\n<hr \/>\n<p>&nbsp;<\/p>\n<h2 style=\"text-align: center;\"><span style=\"color: #ff99cc;\">L&#8217;ASD SKATING CLUB ARTE DEL PATTINAGGIO: IL PUNTO SUI RISULTATI STAGIONALI<\/span><\/h2>\n<p><strong>DI MARINA DONA&#8217;<\/strong><\/p>\n<p>OSPITE: Dario Mezzacasa, presidente dell&#8217;ASD Skating Club Arte Del Pattinaggio<\/p>\n<audio class=\"wp-audio-shortcode\" id=\"audio-509556-9\" preload=\"none\" style=\"width: 100%;\" controls=\"controls\"><source type=\"audio\/mpeg\" src=\"https:\/\/www.radiopiu.net\/wordpress\/wp-content\/uploads\/2026\/05\/REPORTER-SKATTING-CLUB-ARTE-DEL-PATTINAGGIO-APRILE-2026-CON-DARIO-MEZZACASA.mp3?_=9\" \/><a href=\"https:\/\/www.radiopiu.net\/wordpress\/wp-content\/uploads\/2026\/05\/REPORTER-SKATTING-CLUB-ARTE-DEL-PATTINAGGIO-APRILE-2026-CON-DARIO-MEZZACASA.mp3\">https:\/\/www.radiopiu.net\/wordpress\/wp-content\/uploads\/2026\/05\/REPORTER-SKATTING-CLUB-ARTE-DEL-PATTINAGGIO-APRILE-2026-CON-DARIO-MEZZACASA.mp3<\/a><\/audio>\n<p>&nbsp;<\/p>\n\n\t\t\t<style type='text\/css'>\n\t\t\t\t#gallery-6 {\n\t\t\t\t\tmargin: auto;\n\t\t\t\t}\n\t\t\t\t#gallery-6 .gallery-item {\n\t\t\t\t\tfloat: left;\n\t\t\t\t\tmargin-top: 10px;\n\t\t\t\t\ttext-align: center;\n\t\t\t\t\twidth: 25%;\n\t\t\t\t}\n\t\t\t\t#gallery-6 img {\n\t\t\t\t\tborder: 2px solid #cfcfcf;\n\t\t\t\t}\n\t\t\t\t#gallery-6 .gallery-caption {\n\t\t\t\t\tmargin-left: 0;\n\t\t\t\t}\n\t\t\t\t\/* see gallery_shortcode() in wp-includes\/media.php *\/\n\t\t\t<\/style>\n\t\t<div id='gallery-6' class='dt-gallery-container gallery galleryid-509556 gallery-columns-4 gallery-size-thumbnail'><dl class='gallery-item'>\n\t\t\t\t<dt class='gallery-icon landscape'>\n\t\t\t\t\t<a class=\"rollover rollover-zoom dt-pswp-item\" title=\"e77ae090-794d-437d-8f90-4ce183e1eef3\" data-dt-img-description=\"\" data-large_image_width=\"2048\" data-large_image_height=\"1152\"href='https:\/\/www.radiopiu.net\/wordpress\/wp-content\/uploads\/2026\/05\/e77ae090-794d-437d-8f90-4ce183e1eef3.jpg'><img loading=\"lazy\" decoding=\"async\" width=\"150\" height=\"150\" src=\"https:\/\/www.radiopiu.net\/wordpress\/wp-content\/uploads\/2026\/05\/e77ae090-794d-437d-8f90-4ce183e1eef3-150x150.jpg\" class=\"attachment-thumbnail size-thumbnail\" alt=\"\" \/><\/a>\n\t\t\t\t<\/dt><\/dl><dl class='gallery-item'>\n\t\t\t\t<dt class='gallery-icon landscape'>\n\t\t\t\t\t<a class=\"rollover rollover-zoom dt-pswp-item\" title=\"d47e55a7-069a-43fb-9e0f-ebe5d49f29ad\" data-dt-img-description=\"\" data-large_image_width=\"1600\" data-large_image_height=\"1441\"href='https:\/\/www.radiopiu.net\/wordpress\/wp-content\/uploads\/2026\/05\/d47e55a7-069a-43fb-9e0f-ebe5d49f29ad.jpg'><img loading=\"lazy\" decoding=\"async\" width=\"150\" height=\"150\" src=\"https:\/\/www.radiopiu.net\/wordpress\/wp-content\/uploads\/2026\/05\/d47e55a7-069a-43fb-9e0f-ebe5d49f29ad-150x150.jpg\" class=\"attachment-thumbnail size-thumbnail\" alt=\"\" \/><\/a>\n\t\t\t\t<\/dt><\/dl><dl class='gallery-item'>\n\t\t\t\t<dt class='gallery-icon landscape'>\n\t\t\t\t\t<a class=\"rollover rollover-zoom dt-pswp-item\" title=\"daf81403-4d57-459e-9d44-f094acdbe3aa\" data-dt-img-description=\"\" data-large_image_width=\"1600\" data-large_image_height=\"900\"href='https:\/\/www.radiopiu.net\/wordpress\/wp-content\/uploads\/2026\/05\/daf81403-4d57-459e-9d44-f094acdbe3aa.jpg'><img loading=\"lazy\" decoding=\"async\" width=\"150\" height=\"150\" src=\"https:\/\/www.radiopiu.net\/wordpress\/wp-content\/uploads\/2026\/05\/daf81403-4d57-459e-9d44-f094acdbe3aa-150x150.jpg\" class=\"attachment-thumbnail size-thumbnail\" alt=\"\" \/><\/a>\n\t\t\t\t<\/dt><\/dl><dl class='gallery-item'>\n\t\t\t\t<dt class='gallery-icon portrait'>\n\t\t\t\t\t<a class=\"rollover rollover-zoom dt-pswp-item\" title=\"6a7d7b3b-b004-4cc7-aab4-f575ec64da28\" data-dt-img-description=\"\" data-large_image_width=\"1530\" data-large_image_height=\"2040\"href='https:\/\/www.radiopiu.net\/wordpress\/wp-content\/uploads\/2026\/05\/6a7d7b3b-b004-4cc7-aab4-f575ec64da28.jpg'><img loading=\"lazy\" decoding=\"async\" width=\"150\" height=\"150\" src=\"https:\/\/www.radiopiu.net\/wordpress\/wp-content\/uploads\/2026\/05\/6a7d7b3b-b004-4cc7-aab4-f575ec64da28-150x150.jpg\" class=\"attachment-thumbnail size-thumbnail\" alt=\"\" \/><\/a>\n\t\t\t\t<\/dt><\/dl><br style=\"clear: both\" \/><dl class='gallery-item'>\n\t\t\t\t<dt class='gallery-icon portrait'>\n\t\t\t\t\t<a class=\"rollover rollover-zoom dt-pswp-item\" title=\"db364e28-408f-4ced-8054-2b538f01c118\" data-dt-img-description=\"\" data-large_image_width=\"1200\" data-large_image_height=\"1600\"href='https:\/\/www.radiopiu.net\/wordpress\/wp-content\/uploads\/2026\/05\/db364e28-408f-4ced-8054-2b538f01c118.jpg'><img loading=\"lazy\" decoding=\"async\" width=\"150\" height=\"150\" src=\"https:\/\/www.radiopiu.net\/wordpress\/wp-content\/uploads\/2026\/05\/db364e28-408f-4ced-8054-2b538f01c118-150x150.jpg\" class=\"attachment-thumbnail size-thumbnail\" alt=\"\" \/><\/a>\n\t\t\t\t<\/dt><\/dl><dl class='gallery-item'>\n\t\t\t\t<dt class='gallery-icon portrait'>\n\t\t\t\t\t<a class=\"rollover rollover-zoom dt-pswp-item\" title=\"f7060cf6-2a71-49f4-b998-64850d08c1b9\" data-dt-img-description=\"\" data-large_image_width=\"1530\" data-large_image_height=\"2040\"href='https:\/\/www.radiopiu.net\/wordpress\/wp-content\/uploads\/2026\/05\/f7060cf6-2a71-49f4-b998-64850d08c1b9.jpg'><img loading=\"lazy\" decoding=\"async\" width=\"150\" height=\"150\" src=\"https:\/\/www.radiopiu.net\/wordpress\/wp-content\/uploads\/2026\/05\/f7060cf6-2a71-49f4-b998-64850d08c1b9-150x150.jpg\" class=\"attachment-thumbnail size-thumbnail\" alt=\"\" \/><\/a>\n\t\t\t\t<\/dt><\/dl><dl class='gallery-item'>\n\t\t\t\t<dt class='gallery-icon landscape'>\n\t\t\t\t\t<a class=\"rollover rollover-zoom dt-pswp-item\" title=\"dff89efc-d739-440c-8c32-421322e9319e\" data-dt-img-description=\"\" data-large_image_width=\"2048\" data-large_image_height=\"1152\"href='https:\/\/www.radiopiu.net\/wordpress\/wp-content\/uploads\/2026\/05\/dff89efc-d739-440c-8c32-421322e9319e.jpg'><img loading=\"lazy\" decoding=\"async\" width=\"150\" height=\"150\" src=\"https:\/\/www.radiopiu.net\/wordpress\/wp-content\/uploads\/2026\/05\/dff89efc-d739-440c-8c32-421322e9319e-150x150.jpg\" class=\"attachment-thumbnail size-thumbnail\" alt=\"\" \/><\/a>\n\t\t\t\t<\/dt><\/dl><dl class='gallery-item'>\n\t\t\t\t<dt class='gallery-icon landscape'>\n\t\t\t\t\t<a class=\"rollover rollover-zoom dt-pswp-item\" title=\"fc487ff1-ee3f-4529-90ef-648359b95adc\" data-dt-img-description=\"\" data-large_image_width=\"1600\" data-large_image_height=\"1200\"href='https:\/\/www.radiopiu.net\/wordpress\/wp-content\/uploads\/2026\/05\/fc487ff1-ee3f-4529-90ef-648359b95adc.jpg'><img loading=\"lazy\" decoding=\"async\" width=\"150\" height=\"150\" src=\"https:\/\/www.radiopiu.net\/wordpress\/wp-content\/uploads\/2026\/05\/fc487ff1-ee3f-4529-90ef-648359b95adc-150x150.jpg\" class=\"attachment-thumbnail size-thumbnail\" alt=\"\" \/><\/a>\n\t\t\t\t<\/dt><\/dl><br style=\"clear: both\" \/>\n\t\t\t<\/div>\n\n<p>&nbsp;<\/p>\n<hr \/>\n<p>&nbsp;<\/p>\n<h2 style=\"text-align: center;\"><span style=\"color: #00ccff;\">RASPA TORNA IN RADIO CON IL NUOVO SINGOLO &#8220;MUSICA SOFFICE&#8221;<\/span><\/h2>\n<p><strong><a class=\"dt-pswp-item\" href=\"https:\/\/www.radiopiu.net\/wordpress\/wp-content\/uploads\/2026\/05\/Musica-Soffice-Official-Cover.jpg\" data-dt-img-description=\"\" data-large_image_width=\"768\" data-large_image_height=\"768\"><img loading=\"lazy\" decoding=\"async\" class=\"aligncenter size-medium wp-image-509766\" src=\"https:\/\/www.radiopiu.net\/wordpress\/wp-content\/uploads\/2026\/05\/Musica-Soffice-Official-Cover-300x300.jpg\" alt=\"\" width=\"300\" height=\"300\" srcset=\"https:\/\/www.radiopiu.net\/wordpress\/wp-content\/uploads\/2026\/05\/Musica-Soffice-Official-Cover-300x300.jpg 300w, https:\/\/www.radiopiu.net\/wordpress\/wp-content\/uploads\/2026\/05\/Musica-Soffice-Official-Cover-150x150.jpg 150w, https:\/\/www.radiopiu.net\/wordpress\/wp-content\/uploads\/2026\/05\/Musica-Soffice-Official-Cover.jpg 768w\" sizes=\"auto, (max-width: 300px) 100vw, 300px\" \/><\/a>\u00a0<\/strong><\/p>\n<p><strong>REDAZIONE <\/strong>Il rapper bellunese Raspa torna sulla scena con <em>Musica Soffice<\/em>, nuovo singolo disponibile dal 18 aprile 2026 sulle principali piattaforme digitali. Il brano nasce da un momento d\u2019ispirazione inatteso durante la visione del podcast <em>One More Time<\/em> di Luca Casadei con ospite Morgan, da cui l\u2019artista ha tratto l\u2019idea di una musica capace di accogliere e rasserenare. Con sonorit\u00e0 intime e un\u2019atmosfera calda, <em>Musica Soffice<\/em> rappresenta una pausa dal caos quotidiano, trasformando emozioni e fragilit\u00e0 in energia positiva. Raspa, classe 1996, conferma cos\u00ec il suo percorso nel panorama indie rap italiano, dopo esperienze live accanto a nomi come Mondo Marcio e Alfa. Un singolo autentico che punta dritto al cuore.<\/p>\n<p><strong>LO SPECIALE A CURA DI MARINA DONA&#8217;<\/strong><\/p>\n<audio class=\"wp-audio-shortcode\" id=\"audio-509556-10\" preload=\"none\" style=\"width: 100%;\" controls=\"controls\"><source type=\"audio\/mpeg\" src=\"https:\/\/www.radiopiu.net\/wordpress\/wp-content\/uploads\/2026\/05\/RASPA-E-IL-SUO-ULTIMO-SINGOLO-MUSICA-SOFFICE.mp3?_=10\" \/><a href=\"https:\/\/www.radiopiu.net\/wordpress\/wp-content\/uploads\/2026\/05\/RASPA-E-IL-SUO-ULTIMO-SINGOLO-MUSICA-SOFFICE.mp3\">https:\/\/www.radiopiu.net\/wordpress\/wp-content\/uploads\/2026\/05\/RASPA-E-IL-SUO-ULTIMO-SINGOLO-MUSICA-SOFFICE.mp3<\/a><\/audio>\n<p>&nbsp;<\/p>\n<p><iframe loading=\"lazy\" title=\"Raspa - Musica soffice (Prod. Lumen)\" width=\"1200\" height=\"675\" src=\"https:\/\/www.youtube.com\/embed\/xO0SIdepj-U?feature=oembed\" frameborder=\"0\" allow=\"accelerometer; autoplay; clipboard-write; encrypted-media; gyroscope; picture-in-picture; web-share\" referrerpolicy=\"strict-origin-when-cross-origin\" allowfullscreen><\/iframe><\/p>\n<p>&nbsp;<\/p>\n<hr \/>\n<p>&nbsp;<\/p>\n<h2 style=\"text-align: center;\"><span style=\"color: #cc99ff;\">I TALENTI VENETI, CON DANIELE FERRAZZA<\/span><\/h2>\n<p><strong><a class=\"dt-pswp-item\" href=\"https:\/\/www.radiopiu.net\/wordpress\/wp-content\/uploads\/2026\/04\/DANIELE-FERRAZZA.jpg\" data-dt-img-description=\"\" data-large_image_width=\"559\" data-large_image_height=\"340\"><img loading=\"lazy\" decoding=\"async\" class=\"aligncenter size-medium wp-image-509704\" src=\"https:\/\/www.radiopiu.net\/wordpress\/wp-content\/uploads\/2026\/04\/DANIELE-FERRAZZA-300x182.jpg\" alt=\"\" width=\"300\" height=\"182\" srcset=\"https:\/\/www.radiopiu.net\/wordpress\/wp-content\/uploads\/2026\/04\/DANIELE-FERRAZZA-300x182.jpg 300w, https:\/\/www.radiopiu.net\/wordpress\/wp-content\/uploads\/2026\/04\/DANIELE-FERRAZZA.jpg 559w\" sizes=\"auto, (max-width: 300px) 100vw, 300px\" \/><\/a>\u00a0<\/strong><\/p>\n<p><strong>DI MARINA DONA&#8217;<\/strong><\/p>\n<p>OSPITE: Daniele Ferrazza<\/p>\n<audio class=\"wp-audio-shortcode\" id=\"audio-509556-11\" preload=\"none\" style=\"width: 100%;\" controls=\"controls\"><source type=\"audio\/mpeg\" src=\"https:\/\/www.radiopiu.net\/wordpress\/wp-content\/uploads\/2026\/04\/REPORTER-DANIELE-FERRAZZA-E-I-TALENTI-VENETI-1.mp3?_=11\" \/><a href=\"https:\/\/www.radiopiu.net\/wordpress\/wp-content\/uploads\/2026\/04\/REPORTER-DANIELE-FERRAZZA-E-I-TALENTI-VENETI-1.mp3\">https:\/\/www.radiopiu.net\/wordpress\/wp-content\/uploads\/2026\/04\/REPORTER-DANIELE-FERRAZZA-E-I-TALENTI-VENETI-1.mp3<\/a><\/audio>\n<p>&nbsp;<\/p>\n<hr \/>\n<p>&nbsp;<\/p>\n<h2 style=\"text-align: center;\"><span style=\"color: #ff0000;\">TORNA LA CORRIPOI, CON UNA NUOVA GARA<\/span><\/h2>\n<p><strong><a class=\"dt-pswp-item\" href=\"https:\/\/www.radiopiu.net\/wordpress\/wp-content\/uploads\/2026\/04\/CORRI-POI-2026.jpg\" data-dt-img-description=\"\" data-large_image_width=\"973\" data-large_image_height=\"483\"><img loading=\"lazy\" decoding=\"async\" class=\"aligncenter size-medium wp-image-507446\" src=\"https:\/\/www.radiopiu.net\/wordpress\/wp-content\/uploads\/2026\/04\/CORRI-POI-2026-300x149.jpg\" alt=\"\" width=\"300\" height=\"149\" srcset=\"https:\/\/www.radiopiu.net\/wordpress\/wp-content\/uploads\/2026\/04\/CORRI-POI-2026-300x149.jpg 300w, https:\/\/www.radiopiu.net\/wordpress\/wp-content\/uploads\/2026\/04\/CORRI-POI-2026-768x381.jpg 768w, https:\/\/www.radiopiu.net\/wordpress\/wp-content\/uploads\/2026\/04\/CORRI-POI-2026.jpg 973w\" sizes=\"auto, (max-width: 300px) 100vw, 300px\" \/><\/a>\u00a0<\/strong><\/p>\n<p><strong>DI MIRKO MEZZACASA<\/strong><\/p>\n<p>OSPITI: Simone Merlin, Patrizia Paier, Marco Mottes, Alex Renon e Michele Rosson<\/p>\n<audio class=\"wp-audio-shortcode\" id=\"audio-509556-12\" preload=\"none\" style=\"width: 100%;\" controls=\"controls\"><source type=\"audio\/mpeg\" src=\"https:\/\/www.radiopiu.net\/wordpress\/wp-content\/uploads\/2026\/04\/corri-poi-2026-rpiu.mp3?_=12\" \/><a href=\"https:\/\/www.radiopiu.net\/wordpress\/wp-content\/uploads\/2026\/04\/corri-poi-2026-rpiu.mp3\">https:\/\/www.radiopiu.net\/wordpress\/wp-content\/uploads\/2026\/04\/corri-poi-2026-rpiu.mp3<\/a><\/audio>\n<p>&nbsp;<\/p>\n<hr \/>\n<p>&nbsp;<\/p>\n<blockquote class=\"wp-embedded-content\" data-secret=\"FOgUFh0QQC\"><p><a href=\"https:\/\/www.radiopiu.net\/wordpress\/the-track-of-the-month-by-terrybyle-il-podcast\/\">THE TRACK OF THE MONTH BY TERRYBYLE &#8211; IL PODCAST<\/a><\/p><\/blockquote>\n<p><iframe loading=\"lazy\" class=\"wp-embedded-content\" sandbox=\"allow-scripts\" security=\"restricted\" style=\"position: absolute; visibility: hidden;\" title=\"&#8220;THE TRACK OF THE MONTH BY TERRYBYLE &#8211; IL PODCAST&#8221; &#8212; Radio Pi\u00f9\" src=\"https:\/\/www.radiopiu.net\/wordpress\/the-track-of-the-month-by-terrybyle-il-podcast\/embed\/#?secret=H3KfZDmmVn#?secret=FOgUFh0QQC\" data-secret=\"FOgUFh0QQC\" width=\"600\" height=\"338\" frameborder=\"0\" marginwidth=\"0\" marginheight=\"0\" scrolling=\"no\"><\/iframe><\/p>\n<p>&nbsp;<\/p>\n<hr \/>\n<p>&nbsp;<\/p>\n<p><span style=\"color: #ff0000;\"><img loading=\"lazy\" decoding=\"async\" class=\"wp-image-61958 size-full aligncenter\" src=\"https:\/\/www.radiopiu.net\/wordpress\/wp-content\/uploads\/2018\/09\/appuntamenti.jpeg\" alt=\"\" width=\"800\" height=\"100\" srcset=\"https:\/\/www.radiopiu.net\/wordpress\/wp-content\/uploads\/2018\/09\/appuntamenti.jpeg 800w, https:\/\/www.radiopiu.net\/wordpress\/wp-content\/uploads\/2018\/09\/appuntamenti-300x38.jpeg 300w, https:\/\/www.radiopiu.net\/wordpress\/wp-content\/uploads\/2018\/09\/appuntamenti-768x96.jpeg 768w\" sizes=\"auto, (max-width: 800px) 100vw, 800px\" \/><\/span><\/p>\n\n\t\t\t<style type='text\/css'>\n\t\t\t\t#gallery-7 {\n\t\t\t\t\tmargin: auto;\n\t\t\t\t}\n\t\t\t\t#gallery-7 .gallery-item {\n\t\t\t\t\tfloat: left;\n\t\t\t\t\tmargin-top: 10px;\n\t\t\t\t\ttext-align: center;\n\t\t\t\t\twidth: 20%;\n\t\t\t\t}\n\t\t\t\t#gallery-7 img {\n\t\t\t\t\tborder: 2px solid #cfcfcf;\n\t\t\t\t}\n\t\t\t\t#gallery-7 .gallery-caption {\n\t\t\t\t\tmargin-left: 0;\n\t\t\t\t}\n\t\t\t\t\/* see gallery_shortcode() in wp-includes\/media.php *\/\n\t\t\t<\/style>\n\t\t<div id='gallery-7' class='dt-gallery-container gallery galleryid-509556 gallery-columns-5 gallery-size-thumbnail'><dl class='gallery-item'>\n\t\t\t\t<dt class='gallery-icon portrait'>\n\t\t\t\t\t<a class=\"rollover rollover-zoom dt-pswp-item\" title=\"ad42cc66-7054-4c91-87b7-d7c7dc136a96\" data-dt-img-description=\"\" data-large_image_width=\"842\" data-large_image_height=\"1191\"href='https:\/\/www.radiopiu.net\/wordpress\/wp-content\/uploads\/2026\/04\/ad42cc66-7054-4c91-87b7-d7c7dc136a96.jpg'><img loading=\"lazy\" decoding=\"async\" width=\"150\" height=\"150\" src=\"https:\/\/www.radiopiu.net\/wordpress\/wp-content\/uploads\/2026\/04\/ad42cc66-7054-4c91-87b7-d7c7dc136a96-150x150.jpg\" class=\"attachment-thumbnail size-thumbnail\" alt=\"\" \/><\/a>\n\t\t\t\t<\/dt><\/dl><dl class='gallery-item'>\n\t\t\t\t<dt class='gallery-icon portrait'>\n\t\t\t\t\t<a class=\"rollover rollover-zoom dt-pswp-item\" title=\"54a3ec7a-a263-4781-8fb5-d822527d27f1\" data-dt-img-description=\"\" data-large_image_width=\"1131\" data-large_image_height=\"1600\"href='https:\/\/www.radiopiu.net\/wordpress\/wp-content\/uploads\/2026\/04\/54a3ec7a-a263-4781-8fb5-d822527d27f1.jpg'><img loading=\"lazy\" decoding=\"async\" width=\"150\" height=\"150\" src=\"https:\/\/www.radiopiu.net\/wordpress\/wp-content\/uploads\/2026\/04\/54a3ec7a-a263-4781-8fb5-d822527d27f1-150x150.jpg\" class=\"attachment-thumbnail size-thumbnail\" alt=\"\" \/><\/a>\n\t\t\t\t<\/dt><\/dl><dl class='gallery-item'>\n\t\t\t\t<dt class='gallery-icon portrait'>\n\t\t\t\t\t<a class=\"rollover rollover-zoom dt-pswp-item\" title=\"9C7A547F-2E0C-4F11-9948-7089E509376B\" data-dt-img-description=\"\" data-large_image_width=\"1109\" data-large_image_height=\"1544\"href='https:\/\/www.radiopiu.net\/wordpress\/wp-content\/uploads\/2026\/04\/9C7A547F-2E0C-4F11-9948-7089E509376B.jpeg'><img loading=\"lazy\" decoding=\"async\" width=\"150\" height=\"150\" src=\"https:\/\/www.radiopiu.net\/wordpress\/wp-content\/uploads\/2026\/04\/9C7A547F-2E0C-4F11-9948-7089E509376B-150x150.jpeg\" class=\"attachment-thumbnail size-thumbnail\" alt=\"\" \/><\/a>\n\t\t\t\t<\/dt><\/dl><dl class='gallery-item'>\n\t\t\t\t<dt class='gallery-icon portrait'>\n\t\t\t\t\t<a class=\"rollover rollover-zoom dt-pswp-item\" title=\"8 MAGGIO MEL\" data-dt-img-description=\"\" data-large_image_width=\"1079\" data-large_image_height=\"1528\"href='https:\/\/www.radiopiu.net\/wordpress\/wp-content\/uploads\/2026\/04\/8-MAGGIO-MEL.jpg'><img loading=\"lazy\" decoding=\"async\" width=\"150\" height=\"150\" src=\"https:\/\/www.radiopiu.net\/wordpress\/wp-content\/uploads\/2026\/04\/8-MAGGIO-MEL-150x150.jpg\" class=\"attachment-thumbnail size-thumbnail\" alt=\"\" \/><\/a>\n\t\t\t\t<\/dt><\/dl><dl class='gallery-item'>\n\t\t\t\t<dt class='gallery-icon portrait'>\n\t\t\t\t\t<a class=\"rollover rollover-zoom dt-pswp-item\" title=\"LOCANDINA CONF LUPO JPG\" data-dt-img-description=\"\" data-large_image_width=\"1240\" data-large_image_height=\"1754\"href='https:\/\/www.radiopiu.net\/wordpress\/wp-content\/uploads\/2026\/04\/LOCANDINA-CONF-LUPO-JPG.jpeg'><img loading=\"lazy\" decoding=\"async\" width=\"150\" height=\"150\" src=\"https:\/\/www.radiopiu.net\/wordpress\/wp-content\/uploads\/2026\/04\/LOCANDINA-CONF-LUPO-JPG-150x150.jpeg\" class=\"attachment-thumbnail size-thumbnail\" alt=\"\" \/><\/a>\n\t\t\t\t<\/dt><\/dl><br style=\"clear: both\" \/><dl class='gallery-item'>\n\t\t\t\t<dt class='gallery-icon portrait'>\n\t\t\t\t\t<a class=\"rollover rollover-zoom dt-pswp-item\" title=\"ljhdlka\" data-dt-img-description=\"\" data-large_image_width=\"670\" data-large_image_height=\"948\"href='https:\/\/www.radiopiu.net\/wordpress\/wp-content\/uploads\/2026\/04\/ljhdlka.jpg'><img loading=\"lazy\" decoding=\"async\" width=\"150\" height=\"150\" src=\"https:\/\/www.radiopiu.net\/wordpress\/wp-content\/uploads\/2026\/04\/ljhdlka-150x150.jpg\" class=\"attachment-thumbnail size-thumbnail\" alt=\"\" \/><\/a>\n\t\t\t\t<\/dt><\/dl><dl class='gallery-item'>\n\t\t\t\t<dt class='gallery-icon portrait'>\n\t\t\t\t\t<a class=\"rollover rollover-zoom dt-pswp-item\" title=\"1000647926\" data-dt-img-description=\"\" data-large_image_width=\"678\" data-large_image_height=\"960\"href='https:\/\/www.radiopiu.net\/wordpress\/wp-content\/uploads\/2026\/04\/1000647926.jpg'><img loading=\"lazy\" decoding=\"async\" width=\"150\" height=\"150\" src=\"https:\/\/www.radiopiu.net\/wordpress\/wp-content\/uploads\/2026\/04\/1000647926-150x150.jpg\" class=\"attachment-thumbnail size-thumbnail\" alt=\"\" \/><\/a>\n\t\t\t\t<\/dt><\/dl><dl class='gallery-item'>\n\t\t\t\t<dt class='gallery-icon portrait'>\n\t\t\t\t\t<a class=\"rollover rollover-zoom dt-pswp-item\" title=\"1000089694\" data-dt-img-description=\"\" data-large_image_width=\"1131\" data-large_image_height=\"1600\"href='https:\/\/www.radiopiu.net\/wordpress\/wp-content\/uploads\/2026\/04\/1000089694.jpg'><img loading=\"lazy\" decoding=\"async\" width=\"150\" height=\"150\" src=\"https:\/\/www.radiopiu.net\/wordpress\/wp-content\/uploads\/2026\/04\/1000089694-150x150.jpg\" class=\"attachment-thumbnail size-thumbnail\" alt=\"\" \/><\/a>\n\t\t\t\t<\/dt><\/dl><dl class='gallery-item'>\n\t\t\t\t<dt class='gallery-icon portrait'>\n\t\t\t\t\t<a class=\"rollover rollover-zoom dt-pswp-item\" title=\"LOCA MIN\" data-dt-img-description=\"\" data-large_image_width=\"623\" data-large_image_height=\"885\"href='https:\/\/www.radiopiu.net\/wordpress\/wp-content\/uploads\/2026\/04\/LOCA-MIN-1.jpg'><img loading=\"lazy\" decoding=\"async\" width=\"150\" height=\"150\" src=\"https:\/\/www.radiopiu.net\/wordpress\/wp-content\/uploads\/2026\/04\/LOCA-MIN-1-150x150.jpg\" class=\"attachment-thumbnail size-thumbnail\" alt=\"\" \/><\/a>\n\t\t\t\t<\/dt><\/dl><dl class='gallery-item'>\n\t\t\t\t<dt class='gallery-icon portrait'>\n\t\t\t\t\t<a class=\"rollover rollover-zoom dt-pswp-item\" title=\"1e4df16e-dd64-4fbc-9578-d30bd96027ac\" data-dt-img-description=\"\" data-large_image_width=\"1810\" data-large_image_height=\"2560\"href='https:\/\/www.radiopiu.net\/wordpress\/wp-content\/uploads\/2026\/04\/1e4df16e-dd64-4fbc-9578-d30bd96027ac.jpg'><img loading=\"lazy\" decoding=\"async\" width=\"150\" height=\"150\" src=\"https:\/\/www.radiopiu.net\/wordpress\/wp-content\/uploads\/2026\/04\/1e4df16e-dd64-4fbc-9578-d30bd96027ac-150x150.jpg\" class=\"attachment-thumbnail size-thumbnail\" alt=\"\" \/><\/a>\n\t\t\t\t<\/dt><\/dl><br style=\"clear: both\" \/><dl class='gallery-item'>\n\t\t\t\t<dt class='gallery-icon portrait'>\n\t\t\t\t\t<a class=\"rollover rollover-zoom dt-pswp-item\" title=\"ac3bec6c-9d20-4068-b6cc-fe32828b8691\" data-dt-img-description=\"\" data-large_image_width=\"939\" data-large_image_height=\"1302\"href='https:\/\/www.radiopiu.net\/wordpress\/wp-content\/uploads\/2026\/03\/ac3bec6c-9d20-4068-b6cc-fe32828b8691.jpg'><img loading=\"lazy\" decoding=\"async\" width=\"150\" height=\"150\" src=\"https:\/\/www.radiopiu.net\/wordpress\/wp-content\/uploads\/2026\/03\/ac3bec6c-9d20-4068-b6cc-fe32828b8691-150x150.jpg\" class=\"attachment-thumbnail size-thumbnail\" alt=\"\" \/><\/a>\n\t\t\t\t<\/dt><\/dl><dl class='gallery-item'>\n\t\t\t\t<dt class='gallery-icon portrait'>\n\t\t\t\t\t<a class=\"rollover rollover-zoom dt-pswp-item\" title=\"oC0c5oUr-7i9\" data-dt-img-description=\"\" data-large_image_width=\"600\" data-large_image_height=\"849\"href='https:\/\/www.radiopiu.net\/wordpress\/wp-content\/uploads\/2026\/04\/oC0c5oUr-7i9.jpg'><img loading=\"lazy\" decoding=\"async\" width=\"150\" height=\"150\" src=\"https:\/\/www.radiopiu.net\/wordpress\/wp-content\/uploads\/2026\/04\/oC0c5oUr-7i9-150x150.jpg\" class=\"attachment-thumbnail size-thumbnail\" alt=\"\" \/><\/a>\n\t\t\t\t<\/dt><\/dl><dl class='gallery-item'>\n\t\t\t\t<dt class='gallery-icon portrait'>\n\t\t\t\t\t<a class=\"rollover rollover-zoom dt-pswp-item\" title=\"Grandiosamente locandina 2026\" data-dt-img-description=\"\" data-large_image_width=\"1240\" data-large_image_height=\"1754\"href='https:\/\/www.radiopiu.net\/wordpress\/wp-content\/uploads\/2026\/03\/Grandiosamente-locandina-2026.jpg'><img loading=\"lazy\" decoding=\"async\" width=\"150\" height=\"150\" src=\"https:\/\/www.radiopiu.net\/wordpress\/wp-content\/uploads\/2026\/03\/Grandiosamente-locandina-2026-150x150.jpg\" class=\"attachment-thumbnail size-thumbnail\" alt=\"\" \/><\/a>\n\t\t\t\t<\/dt><\/dl><dl class='gallery-item'>\n\t\t\t\t<dt class='gallery-icon portrait'>\n\t\t\t\t\t<a class=\"rollover rollover-zoom dt-pswp-item\" title=\"649829132_1399275798668081_1623068814339304057_n\" data-dt-img-description=\"\" data-large_image_width=\"1131\" data-large_image_height=\"1600\"href='https:\/\/www.radiopiu.net\/wordpress\/wp-content\/uploads\/2026\/03\/649829132_1399275798668081_1623068814339304057_n.jpg'><img loading=\"lazy\" decoding=\"async\" width=\"150\" height=\"150\" src=\"https:\/\/www.radiopiu.net\/wordpress\/wp-content\/uploads\/2026\/03\/649829132_1399275798668081_1623068814339304057_n-150x150.jpg\" class=\"attachment-thumbnail size-thumbnail\" alt=\"\" \/><\/a>\n\t\t\t\t<\/dt><\/dl><dl class='gallery-item'>\n\t\t\t\t<dt class='gallery-icon portrait'>\n\t\t\t\t\t<a class=\"rollover rollover-zoom dt-pswp-item\" title=\"Comune di Limana Fantalibrando Locandina istituzionale\" data-dt-img-description=\"\" data-large_image_width=\"1240\" data-large_image_height=\"1754\"href='https:\/\/www.radiopiu.net\/wordpress\/wp-content\/uploads\/2026\/03\/Comune-di-Limana-Fantalibrando-Locandina-istituzionale.jpg'><img loading=\"lazy\" decoding=\"async\" width=\"150\" height=\"150\" src=\"https:\/\/www.radiopiu.net\/wordpress\/wp-content\/uploads\/2026\/03\/Comune-di-Limana-Fantalibrando-Locandina-istituzionale-150x150.jpg\" class=\"attachment-thumbnail size-thumbnail\" alt=\"\" \/><\/a>\n\t\t\t\t<\/dt><\/dl><br style=\"clear: both\" \/><dl class='gallery-item'>\n\t\t\t\t<dt class='gallery-icon portrait'>\n\t\t\t\t\t<a class=\"rollover rollover-zoom dt-pswp-item\" title=\"LocandinaA3Concerto60\" data-dt-img-description=\"\" data-large_image_width=\"1810\" data-large_image_height=\"2560\"href='https:\/\/www.radiopiu.net\/wordpress\/wp-content\/uploads\/2026\/04\/LocandinaA3Concerto60-scaled.jpg'><img loading=\"lazy\" decoding=\"async\" width=\"150\" height=\"150\" src=\"https:\/\/www.radiopiu.net\/wordpress\/wp-content\/uploads\/2026\/04\/LocandinaA3Concerto60-150x150.jpg\" class=\"attachment-thumbnail size-thumbnail\" alt=\"\" \/><\/a>\n\t\t\t\t<\/dt><\/dl><dl class='gallery-item'>\n\t\t\t\t<dt class='gallery-icon portrait'>\n\t\t\t\t\t<a class=\"rollover rollover-zoom dt-pswp-item\" title=\"a3749080-1a18-49e5-ac64-b214cb864fb3\" data-dt-img-description=\"\" data-large_image_width=\"1131\" data-large_image_height=\"1600\"href='https:\/\/www.radiopiu.net\/wordpress\/wp-content\/uploads\/2026\/03\/a3749080-1a18-49e5-ac64-b214cb864fb3.jpg'><img loading=\"lazy\" decoding=\"async\" width=\"150\" height=\"150\" src=\"https:\/\/www.radiopiu.net\/wordpress\/wp-content\/uploads\/2026\/03\/a3749080-1a18-49e5-ac64-b214cb864fb3-150x150.jpg\" class=\"attachment-thumbnail size-thumbnail\" alt=\"\" \/><\/a>\n\t\t\t\t<\/dt><\/dl><dl class='gallery-item'>\n\t\t\t\t<dt class='gallery-icon portrait'>\n\t\t\t\t\t<a class=\"rollover rollover-zoom dt-pswp-item\" title=\"b0d67f90-d904-4b63-b518-a812c647cad7\" data-dt-img-description=\"\" data-large_image_width=\"1024\" data-large_image_height=\"1536\"href='https:\/\/www.radiopiu.net\/wordpress\/wp-content\/uploads\/2026\/04\/b0d67f90-d904-4b63-b518-a812c647cad7.jpg'><img loading=\"lazy\" decoding=\"async\" width=\"150\" height=\"150\" src=\"https:\/\/www.radiopiu.net\/wordpress\/wp-content\/uploads\/2026\/04\/b0d67f90-d904-4b63-b518-a812c647cad7-150x150.jpg\" class=\"attachment-thumbnail size-thumbnail\" alt=\"\" \/><\/a>\n\t\t\t\t<\/dt><\/dl>\n\t\t\t\t<br style='clear: both' \/>\n\t\t\t<\/div>\n\n<p>&nbsp;<\/p>\n<p>&nbsp;<\/p>\n<hr \/>\n<p>&nbsp;<\/p>\n<p class=\"mceTemp\"><a class=\"dt-pswp-item\" href=\"https:\/\/www.radiopiu.net\/wordpress\/wp-content\/uploads\/2018\/09\/WhatsApp-Image-2018-09-20-at-16.04.06.jpeg\" data-dt-img-description=\"\" data-large_image_width=\"800\" data-large_image_height=\"100\"><img loading=\"lazy\" decoding=\"async\" class=\"wp-image-61378 size-full aligncenter\" src=\"https:\/\/www.radiopiu.net\/wordpress\/wp-content\/uploads\/2018\/09\/WhatsApp-Image-2018-09-20-at-16.04.06.jpeg\" alt=\"\" width=\"800\" height=\"100\" srcset=\"https:\/\/www.radiopiu.net\/wordpress\/wp-content\/uploads\/2018\/09\/WhatsApp-Image-2018-09-20-at-16.04.06.jpeg 800w, https:\/\/www.radiopiu.net\/wordpress\/wp-content\/uploads\/2018\/09\/WhatsApp-Image-2018-09-20-at-16.04.06-300x38.jpeg 300w, https:\/\/www.radiopiu.net\/wordpress\/wp-content\/uploads\/2018\/09\/WhatsApp-Image-2018-09-20-at-16.04.06-768x96.jpeg 768w\" sizes=\"auto, (max-width: 800px) 100vw, 800px\" \/><\/a><\/p>\n<p>&nbsp;<\/p>\n<p><center><b>OGGI<\/b><\/center>Cielo generalmente sereno con qualche innocuo cumulo al pomeriggio in montagna.<br \/>\n<b>Precipitazioni: <\/b>Assenti<br \/>\nTemperature in contenuto aumento.<\/p>\n<hr \/>\n<p><center><b>DOMANI<\/b><\/center>In un contesto ancora stabile, maggiore nuvolosit\u00e0 rispetto a sabato, inizialmente per transito di velature e alcune nubi alte, poi dal pomeriggio\/sera per l&#8217;arrivo di nuvolosit\u00e0 medio-alta pi\u00f9 consistente da ovest, fino a cielo prevalentemente nuvoloso.<br \/>\n<b>Precipitazioni: <\/b>Assenti<br \/>\nTemperature stazionarie su valori sempre primaverili.<\/p>\n<hr \/>\n<p><center><b>LUNEDI<\/b><\/center>La nuvolosit\u00e0 sar\u00e0 in aumento con cielo irregolarmente o prevalentemente nuvoloso ma con bassa probabilit\u00e0 di precipitazioni. Temperature senza variazioni di rilievo.<\/p>\n<hr \/>\n<p><center><b>MARTEDI<\/b><\/center>Cielo molto nuvoloso o coperto con probabili precipitazioni. Temperature in calo.<\/p>\n<p>&nbsp;<\/p>\n<p>&nbsp;<\/p>\n<hr \/>\n<p>&nbsp;<\/p>\n<p class=\"mceTemp\"><a class=\"dt-pswp-item\" href=\"https:\/\/www.radiopiu.net\/wordpress\/wp-content\/uploads\/2018\/09\/sport.jpg\" data-dt-img-description=\"\" data-large_image_width=\"800\" data-large_image_height=\"100\"><img loading=\"lazy\" decoding=\"async\" class=\"aligncenter wp-image-60761 size-full\" src=\"https:\/\/www.radiopiu.net\/wordpress\/wp-content\/uploads\/2018\/09\/sport.jpg\" alt=\"\" width=\"800\" height=\"100\" srcset=\"https:\/\/www.radiopiu.net\/wordpress\/wp-content\/uploads\/2018\/09\/sport.jpg 800w, https:\/\/www.radiopiu.net\/wordpress\/wp-content\/uploads\/2018\/09\/sport-300x38.jpg 300w, https:\/\/www.radiopiu.net\/wordpress\/wp-content\/uploads\/2018\/09\/sport-768x96.jpg 768w\" sizes=\"auto, (max-width: 800px) 100vw, 800px\" \/> <\/a><\/p>\n<p>&nbsp;<\/p>\n<p><span style=\"color: #0000ff;\"><strong>MOTORI<\/strong><\/span><\/p>\n<blockquote>\n<h3 style=\"text-align: center;\">FONTANA-LOVATI, PARTENZA DA PROTAGONISTI: IL CAMPIONATO \u00c8 NEL MIRINO<\/h3>\n<\/blockquote>\n<p><strong>IMOLA <\/strong>Inizio di stagione convincente per Andrea <span class=\"hover:entity-accent entity-underline inline cursor-pointer align-baseline\"><span class=\"whitespace-normal\">Andrea Fontana<\/span><\/span> e il compagno di squadra <span class=\"hover:entity-accent entity-underline inline cursor-pointer align-baseline\"><span class=\"whitespace-normal\">Tommaso Lovati<\/span><\/span>, subito protagonisti nel primo round di campionato a <span class=\"hover:entity-accent entity-underline inline cursor-pointer align-baseline\"><span class=\"whitespace-normal\">Autodromo Internazionale Enzo e Dino Ferrari<\/span><\/span>. Il weekend si \u00e8 aperto con il miglior tempo di Fontana nelle prove libere 1, chiaro segnale del grande feeling con il tracciato e del potenziale della vettura. In qualifica, nonostante un problema al cambio nel giro decisivo, Fontana ha conquistato un\u2019ottima terza posizione, confermandosi tra i riferimenti della categoria. In Gara 1 l\u2019equipaggio Fontana-Lovati ha lottato per la vittoria, mantenendo la seconda posizione fino a due giri dal termine, quando un inconveniente tecnico ha negato un risultato meritato. Pronta la reazione in Gara 2: con ritmo, lucidit\u00e0 e determinazione, Fontana ha chiuso con uno splendido secondo posto, risultato pesante in ottica classifica. Il bilancio finale parla di velocit\u00e0, solidit\u00e0 e competitivit\u00e0. Fontana e Lovati terminano il primo round quarti in campionato, vicinissimi alla vetta. Prossimo appuntamento il 23-24 maggio a <span class=\"hover:entity-accent entity-underline inline cursor-pointer align-baseline\"><span class=\"whitespace-normal\">Autodromo Vallelunga Piero Taruffi<\/span><\/span>.<\/p>\n\n\t\t\t<style type='text\/css'>\n\t\t\t\t#gallery-8 {\n\t\t\t\t\tmargin: auto;\n\t\t\t\t}\n\t\t\t\t#gallery-8 .gallery-item {\n\t\t\t\t\tfloat: left;\n\t\t\t\t\tmargin-top: 10px;\n\t\t\t\t\ttext-align: center;\n\t\t\t\t\twidth: 33%;\n\t\t\t\t}\n\t\t\t\t#gallery-8 img {\n\t\t\t\t\tborder: 2px solid #cfcfcf;\n\t\t\t\t}\n\t\t\t\t#gallery-8 .gallery-caption {\n\t\t\t\t\tmargin-left: 0;\n\t\t\t\t}\n\t\t\t\t\/* see gallery_shortcode() in wp-includes\/media.php *\/\n\t\t\t<\/style>\n\t\t<div id='gallery-8' class='dt-gallery-container gallery galleryid-509556 gallery-columns-3 gallery-size-medium'><dl class='gallery-item'>\n\t\t\t\t<dt class='gallery-icon landscape'>\n\t\t\t\t\t<a class=\"rollover rollover-zoom dt-pswp-item\" title=\"1111111\" data-dt-img-description=\"\" data-large_image_width=\"474\" data-large_image_height=\"290\"href='https:\/\/www.radiopiu.net\/wordpress\/wp-content\/uploads\/2026\/04\/1111111.jpg'><img loading=\"lazy\" decoding=\"async\" width=\"300\" height=\"184\" src=\"https:\/\/www.radiopiu.net\/wordpress\/wp-content\/uploads\/2026\/04\/1111111-300x184.jpg\" class=\"attachment-medium size-medium\" alt=\"\" srcset=\"https:\/\/www.radiopiu.net\/wordpress\/wp-content\/uploads\/2026\/04\/1111111-300x184.jpg 300w, https:\/\/www.radiopiu.net\/wordpress\/wp-content\/uploads\/2026\/04\/1111111.jpg 474w\" sizes=\"auto, (max-width: 300px) 100vw, 300px\" \/><\/a>\n\t\t\t\t<\/dt><\/dl><dl class='gallery-item'>\n\t\t\t\t<dt class='gallery-icon landscape'>\n\t\t\t\t\t<a class=\"rollover rollover-zoom dt-pswp-item\" title=\"222222\" data-dt-img-description=\"\" data-large_image_width=\"470\" data-large_image_height=\"320\"href='https:\/\/www.radiopiu.net\/wordpress\/wp-content\/uploads\/2026\/04\/222222.jpg'><img loading=\"lazy\" decoding=\"async\" width=\"300\" height=\"204\" src=\"https:\/\/www.radiopiu.net\/wordpress\/wp-content\/uploads\/2026\/04\/222222-300x204.jpg\" class=\"attachment-medium size-medium\" alt=\"\" srcset=\"https:\/\/www.radiopiu.net\/wordpress\/wp-content\/uploads\/2026\/04\/222222-300x204.jpg 300w, https:\/\/www.radiopiu.net\/wordpress\/wp-content\/uploads\/2026\/04\/222222.jpg 470w\" sizes=\"auto, (max-width: 300px) 100vw, 300px\" \/><\/a>\n\t\t\t\t<\/dt><\/dl><dl class='gallery-item'>\n\t\t\t\t<dt class='gallery-icon landscape'>\n\t\t\t\t\t<a class=\"rollover rollover-zoom dt-pswp-item\" title=\"333333\" data-dt-img-description=\"\" data-large_image_width=\"474\" data-large_image_height=\"344\"href='https:\/\/www.radiopiu.net\/wordpress\/wp-content\/uploads\/2026\/04\/333333.jpg'><img loading=\"lazy\" decoding=\"async\" width=\"300\" height=\"218\" src=\"https:\/\/www.radiopiu.net\/wordpress\/wp-content\/uploads\/2026\/04\/333333-300x218.jpg\" class=\"attachment-medium size-medium\" alt=\"\" srcset=\"https:\/\/www.radiopiu.net\/wordpress\/wp-content\/uploads\/2026\/04\/333333-300x218.jpg 300w, https:\/\/www.radiopiu.net\/wordpress\/wp-content\/uploads\/2026\/04\/333333.jpg 474w\" sizes=\"auto, (max-width: 300px) 100vw, 300px\" \/><\/a>\n\t\t\t\t<\/dt><\/dl><br style=\"clear: both\" \/>\n\t\t\t<\/div>\n\n<p><span style=\"color: #0000ff;\"><strong>CORSA SU STRADA<\/strong><\/span><\/p>\n<blockquote>\n<h3 style=\"text-align: center;\">GIRO DEL CASTIONESE: TRIONFO PER VIEL E CAFAGNA<\/h3>\n<\/blockquote>\n<p>Il Giro del Castionese si \u00e8 confermato oggi una gara vibrante e \u201ca trazione VVF\u201d. Il corpo dei Vigili del Fuoco \u00e8 stato protagonista assoluto, celebrando lo splendido successo di Rita Cafagna tra le donne e l\u2019argento di Marco Spada tra gli uomini. Nella sfida femminile, la fortissima atleta d\u2019adozione agordina, Rita Cafagna, ha lottato fino all&#8217;ultimo respiro contro \u201cla solita nota\u201d Sara Cavalet, sempre protagonista di prestazioni eccelse. A chiudere un podio di altissimo livello \u00e8 stata Martina Brustolon, terza con merito. Sul fronte maschile, un ritmo forsennato ha deciso la contesa: un vantaggio di 4 secondi al chilometro ha sancito la vittoria dello strepitoso Diego Viel sul campione dei pompieri Marco Spada. Pi\u00f9 staccato, ma autore di una prova solidissima, Alessandro Fagherazzi si aggiudica il bronzo.<\/p>\n\n\t\t\t<style type='text\/css'>\n\t\t\t\t#gallery-9 {\n\t\t\t\t\tmargin: auto;\n\t\t\t\t}\n\t\t\t\t#gallery-9 .gallery-item {\n\t\t\t\t\tfloat: left;\n\t\t\t\t\tmargin-top: 10px;\n\t\t\t\t\ttext-align: center;\n\t\t\t\t\twidth: 33%;\n\t\t\t\t}\n\t\t\t\t#gallery-9 img {\n\t\t\t\t\tborder: 2px solid #cfcfcf;\n\t\t\t\t}\n\t\t\t\t#gallery-9 .gallery-caption {\n\t\t\t\t\tmargin-left: 0;\n\t\t\t\t}\n\t\t\t\t\/* see gallery_shortcode() in wp-includes\/media.php *\/\n\t\t\t<\/style>\n\t\t<div id='gallery-9' class='dt-gallery-container gallery galleryid-509556 gallery-columns-3 gallery-size-medium'><dl class='gallery-item'>\n\t\t\t\t<dt class='gallery-icon landscape'>\n\t\t\t\t\t<a class=\"rollover rollover-zoom dt-pswp-item\" title=\"d3f6a56b-447e-4f23-b145-0b73cb6b39b4_EC06EDD1-C0E6-41E3-BEB1-F731FBD030F0\" data-dt-img-description=\"\" data-large_image_width=\"458\" data-large_image_height=\"450\"href='https:\/\/www.radiopiu.net\/wordpress\/wp-content\/uploads\/2026\/05\/d3f6a56b-447e-4f23-b145-0b73cb6b39b4_EC06EDD1-C0E6-41E3-BEB1-F731FBD030F0.jpeg'><img loading=\"lazy\" decoding=\"async\" width=\"300\" height=\"295\" src=\"https:\/\/www.radiopiu.net\/wordpress\/wp-content\/uploads\/2026\/05\/d3f6a56b-447e-4f23-b145-0b73cb6b39b4_EC06EDD1-C0E6-41E3-BEB1-F731FBD030F0-300x295.jpeg\" class=\"attachment-medium size-medium\" alt=\"\" srcset=\"https:\/\/www.radiopiu.net\/wordpress\/wp-content\/uploads\/2026\/05\/d3f6a56b-447e-4f23-b145-0b73cb6b39b4_EC06EDD1-C0E6-41E3-BEB1-F731FBD030F0-300x295.jpeg 300w, https:\/\/www.radiopiu.net\/wordpress\/wp-content\/uploads\/2026\/05\/d3f6a56b-447e-4f23-b145-0b73cb6b39b4_EC06EDD1-C0E6-41E3-BEB1-F731FBD030F0.jpeg 458w\" sizes=\"auto, (max-width: 300px) 100vw, 300px\" \/><\/a>\n\t\t\t\t<\/dt><\/dl><dl class='gallery-item'>\n\t\t\t\t<dt class='gallery-icon landscape'>\n\t\t\t\t\t<a class=\"rollover rollover-zoom dt-pswp-item\" title=\"SCR-20260501-pdew\" data-dt-img-description=\"\" data-large_image_width=\"1576\" data-large_image_height=\"830\"href='https:\/\/www.radiopiu.net\/wordpress\/wp-content\/uploads\/2026\/05\/SCR-20260501-pdew.png'><img loading=\"lazy\" decoding=\"async\" width=\"300\" height=\"158\" src=\"https:\/\/www.radiopiu.net\/wordpress\/wp-content\/uploads\/2026\/05\/SCR-20260501-pdew-300x158.png\" class=\"attachment-medium size-medium\" alt=\"\" srcset=\"https:\/\/www.radiopiu.net\/wordpress\/wp-content\/uploads\/2026\/05\/SCR-20260501-pdew-300x158.png 300w, https:\/\/www.radiopiu.net\/wordpress\/wp-content\/uploads\/2026\/05\/SCR-20260501-pdew-1024x539.png 1024w, https:\/\/www.radiopiu.net\/wordpress\/wp-content\/uploads\/2026\/05\/SCR-20260501-pdew-768x404.png 768w, https:\/\/www.radiopiu.net\/wordpress\/wp-content\/uploads\/2026\/05\/SCR-20260501-pdew-1536x809.png 1536w, https:\/\/www.radiopiu.net\/wordpress\/wp-content\/uploads\/2026\/05\/SCR-20260501-pdew.png 1576w\" sizes=\"auto, (max-width: 300px) 100vw, 300px\" \/><\/a>\n\t\t\t\t<\/dt><\/dl><dl class='gallery-item'>\n\t\t\t\t<dt class='gallery-icon landscape'>\n\t\t\t\t\t<a class=\"rollover rollover-zoom dt-pswp-item\" title=\"SCR-20260501-pdhk\" data-dt-img-description=\"\" data-large_image_width=\"1572\" data-large_image_height=\"810\"href='https:\/\/www.radiopiu.net\/wordpress\/wp-content\/uploads\/2026\/05\/SCR-20260501-pdhk.png'><img loading=\"lazy\" decoding=\"async\" width=\"300\" height=\"155\" src=\"https:\/\/www.radiopiu.net\/wordpress\/wp-content\/uploads\/2026\/05\/SCR-20260501-pdhk-300x155.png\" class=\"attachment-medium size-medium\" alt=\"\" srcset=\"https:\/\/www.radiopiu.net\/wordpress\/wp-content\/uploads\/2026\/05\/SCR-20260501-pdhk-300x155.png 300w, https:\/\/www.radiopiu.net\/wordpress\/wp-content\/uploads\/2026\/05\/SCR-20260501-pdhk-1024x528.png 1024w, https:\/\/www.radiopiu.net\/wordpress\/wp-content\/uploads\/2026\/05\/SCR-20260501-pdhk-768x396.png 768w, https:\/\/www.radiopiu.net\/wordpress\/wp-content\/uploads\/2026\/05\/SCR-20260501-pdhk-1536x791.png 1536w, https:\/\/www.radiopiu.net\/wordpress\/wp-content\/uploads\/2026\/05\/SCR-20260501-pdhk.png 1572w\" sizes=\"auto, (max-width: 300px) 100vw, 300px\" \/><\/a>\n\t\t\t\t<\/dt><\/dl><br style=\"clear: both\" \/>\n\t\t\t<\/div>\n\n<p>&nbsp;<\/p>\n<p>&nbsp;<\/p>\n<p>&nbsp;<\/p>\n<p>&nbsp;<\/p>\n","protected":false},"excerpt":{"rendered":"<p>&nbsp; *********** &nbsp; LA\u00a0 \u00a0 APP LA\u00a0 APP PER IOS-IPHONE di Nicola Vettorello https:\/\/apps.apple.com\/it\/app\/radio-pi%C3%B9-emittente-agordina\/id1515939845 LA\u00a0 APP RADIO\u00a0 PER ANDROID di Nicola Vettorello https:\/\/play.google.com\/store\/apps\/details?id=net.radiopiu.iniko\u00a0\u00a0\u00a0\u00a0\u00a0 &nbsp; &nbsp; &nbsp; SU RADIO PI\u00d9: MUSICA, STORIE E INFORMAZIONE NON STOP! Dalla rassegna stampa del mattino fino alle anticipazioni serali del telegiornale, il palinsesto odierno accompagna gli ascoltatori con un mix&hellip;<\/p>\n","protected":false},"author":4,"featured_media":509834,"comment_status":"closed","ping_status":"closed","sticky":false,"template":"","format":"standard","meta":{"_monsterinsights_skip_tracking":false,"_monsterinsights_sitenote_active":false,"_monsterinsights_sitenote_note":"","_monsterinsights_sitenote_category":0,"footnotes":""},"categories":[51,86,49],"tags":[],"class_list":["post-509556","post","type-post","status-publish","format-standard","has-post-thumbnail","hentry","category-evidenza-top","category-gr","category-news-18","category-51","category-86","category-49","description-off"],"img_url":"https:\/\/www.radiopiu.net\/wordpress\/wp-content\/uploads\/2026\/05\/af11a84e-330f-4ad3-b80c-6c17d9fbccef.png","_links":{"self":[{"href":"https:\/\/www.radiopiu.net\/wordpress\/wp-json\/wp\/v2\/posts\/509556","targetHints":{"allow":["GET"]}}],"collection":[{"href":"https:\/\/www.radiopiu.net\/wordpress\/wp-json\/wp\/v2\/posts"}],"about":[{"href":"https:\/\/www.radiopiu.net\/wordpress\/wp-json\/wp\/v2\/types\/post"}],"author":[{"embeddable":true,"href":"https:\/\/www.radiopiu.net\/wordpress\/wp-json\/wp\/v2\/users\/4"}],"replies":[{"embeddable":true,"href":"https:\/\/www.radiopiu.net\/wordpress\/wp-json\/wp\/v2\/comments?post=509556"}],"version-history":[{"count":40,"href":"https:\/\/www.radiopiu.net\/wordpress\/wp-json\/wp\/v2\/posts\/509556\/revisions"}],"predecessor-version":[{"id":509878,"href":"https:\/\/www.radiopiu.net\/wordpress\/wp-json\/wp\/v2\/posts\/509556\/revisions\/509878"}],"wp:featuredmedia":[{"embeddable":true,"href":"https:\/\/www.radiopiu.net\/wordpress\/wp-json\/wp\/v2\/media\/509834"}],"wp:attachment":[{"href":"https:\/\/www.radiopiu.net\/wordpress\/wp-json\/wp\/v2\/media?parent=509556"}],"wp:term":[{"taxonomy":"category","embeddable":true,"href":"https:\/\/www.radiopiu.net\/wordpress\/wp-json\/wp\/v2\/categories?post=509556"},{"taxonomy":"post_tag","embeddable":true,"href":"https:\/\/www.radiopiu.net\/wordpress\/wp-json\/wp\/v2\/tags?post=509556"}],"curies":[{"name":"wp","href":"https:\/\/api.w.org\/{rel}","templated":true}]}}