{"id":509607,"date":"2026-04-30T08:59:36","date_gmt":"2026-04-30T06:59:36","guid":{"rendered":"https:\/\/www.radiopiu.net\/wordpress\/?p=509607"},"modified":"2026-04-30T09:25:25","modified_gmt":"2026-04-30T07:25:25","slug":"la-misura-della","status":"publish","type":"post","link":"https:\/\/www.radiopiu.net\/wordpress\/la-misura-della\/","title":{"rendered":"LA MISURA DELLA GENEROSITA&#8217; E QUELLA DELLA COSCIENZA"},"content":{"rendered":"<p>**<\/p>\n<p><img loading=\"lazy\" decoding=\"async\" class=\"aligncenter\" src=\"https:\/\/www.radiopiu.net\/wordpress\/wp-content\/uploads\/2026\/04\/754ad135-ccd7-41ca-b6a9-051e784ec6fa.png\" width=\"332\" height=\"221\" \/><\/p>\n<p>di Mirko Mezzacasa<\/p>\n<section class=\"text-token-text-primary w-full focus:outline-none [--shadow-height:45px] has-data-writing-block:pointer-events-none has-data-writing-block:-mt-(--shadow-height) has-data-writing-block:pt-(--shadow-height) [&amp;:has([data-writing-block])&gt;*]:pointer-events-auto [content-visibility:auto] supports-[content-visibility:auto]:[contain-intrinsic-size:auto_100lvh] R6Vx5W_threadScrollVars scroll-mb-[calc(var(--scroll-root-safe-area-inset-bottom,0px)+var(--thread-response-height))] scroll-mt-[calc(var(--header-height)+min(200px,max(70px,20svh)))]\" dir=\"auto\" data-turn-id=\"request-WEB:cf71e9f2-d65f-4d2d-9b6f-59f41f69819e-8\" data-testid=\"conversation-turn-18\" data-scroll-anchor=\"false\" data-turn=\"assistant\">\n<div class=\"text-base my-auto mx-auto pb-10 [--thread-content-margin:var(--thread-content-margin-xs,calc(var(--spacing)*4))] @w-sm\/main:[--thread-content-margin:var(--thread-content-margin-sm,calc(var(--spacing)*6))] @w-lg\/main:[--thread-content-margin:var(--thread-content-margin-lg,calc(var(--spacing)*16))] px-(--thread-content-margin)\">\n<div class=\"[--thread-content-max-width:40rem] @w-lg\/main:[--thread-content-max-width:48rem] mx-auto max-w-(--thread-content-max-width) flex-1 group\/turn-messages focus-visible:outline-hidden relative flex w-full min-w-0 flex-col agent-turn\">\n<div class=\"flex max-w-full flex-col gap-4 grow\">\n<div class=\"min-h-8 text-message relative flex w-full flex-col items-end gap-2 text-start break-words whitespace-normal outline-none keyboard-focused:focus-ring [.text-message+&amp;]:mt-1\" dir=\"auto\" tabindex=\"0\" data-message-author-role=\"assistant\" data-message-id=\"6eb9d680-f721-4706-9ed3-3ea33e656a65\" data-message-model-slug=\"gpt-5-3\" data-turn-start-message=\"true\">\n<div class=\"flex w-full flex-col gap-1 empty:hidden\">\n<div class=\"markdown prose dark:prose-invert w-full wrap-break-word dark markdown-new-styling\">\n<p data-start=\"136\" data-end=\"288\">Ci sono storie che fanno bene. E ce ne sono altre che fanno male. E poi ci sono quelle che, messe una accanto all\u2019altra, non ti lasciano pi\u00f9 scappare. A Belluno un imprenditore decide di restituire alla sua citt\u00e0 ci\u00f2 che ha costruito in una vita: un gesto concreto, visibile, che ridisegna una strada, un pezzo di comunit\u00e0. Non \u00e8 solo cemento o asfalto: \u00e8 un\u2019idea di appartenenza. \u00c8 dire \u201cquesta \u00e8 casa mia, e me ne prendo cura\u201d. Poco pi\u00f9 in l\u00e0, a Feltre, una donna se ne va in silenzio, come ha vissuto. Niente clamore, niente titoli cercati. Eppure lascia tutto: case, risparmi, attenzioni. All\u2019ospedale, al Comune di Cesiomaggiore, alla sua gente. \u00c8 una generosit\u00e0 che non chiede nulla in cambio, nemmeno di essere raccontata. Una vita intera che diventa dono.<\/p>\n<p data-start=\"888\" data-end=\"914\">E poi c\u2019\u00e8 la terza storia.<\/p>\n<p data-start=\"916\" data-end=\"1149\">Un ragazzo torna a casa dal lavoro. In bici. Non sta facendo nulla di straordinario: sta vivendo, lavorando, cercando il suo posto. Muore. E dopo la morte, invece del silenzio rispettoso, arriva il rumore. Il dibattito. Le divisioni. Trentatr\u00e9 euro e ottanta centesimi. Il valore di un gettone di presenza. Non una tassa, non un\u2019imposizione. Un gesto. Un simbolo. Eppure basta questo per spaccare un consiglio comunale. C\u2019\u00e8 chi dice s\u00ec. &#8220;C\u2019\u00e8 chi dice no&#8221;. C\u2019\u00e8 chi si astiene. &#8220;C&#8217;\u00e8 chi dice l\u00e0, c&#8217;\u00e8 chi dice qua&#8221; e c\u2019\u00e8 chi preferisce non esserci. E nel mezzo, un ragazzo morto. E una comunit\u00e0 che si guarda allo specchio. Il punto non \u00e8 il denaro. Non lo \u00e8 mai stato. Il punto \u00e8 cosa siamo disposti a riconoscere come \u201cnostro\u201d. Perch\u00e9 quando un imprenditore dona, lo applaudiamo. Quando una donna lascia tutto alla comunit\u00e0, la celebriamo. Ma quando si tratta di un ragazzo \u201cextracomunitario\u201d, allora la solidariet\u00e0 diventa opinione. Diventa posizione politica. Diventa calcolo. Allora ci chiediamo se spetti all\u2019Inail. Se sia giusto o no. Se sia il caso. Come se la dignit\u00e0 avesse bisogno di un regolamento. Come se il rispetto dovesse passare per una delibera. La verit\u00e0 \u00e8 pi\u00f9 semplice, e pi\u00f9 scomoda: la generosit\u00e0 non si misura quando \u00e8 facile. Si misura quando divide. E oggi, quella misura, non ci fa fare una bella figura. Perch\u00e9 una comunit\u00e0 non \u00e8 solo quella che riceve donazioni. \u00c8 quella che sa riconoscere l\u2019umanit\u00e0, anche quando non conviene. Soprattutto quando non conviene.<\/p>\n<\/div>\n<\/div>\n<\/div>\n<\/div>\n<\/div>\n<\/div>\n<\/section>\n<p data-start=\"916\" data-end=\"1149\"><strong><span style=\"color: #ff0000;\">RASSEGNA STAMPA\u00a0<\/span><\/strong><\/p>\n<p><span style=\"color: #800080;\"><strong>ILDOLOMITI<\/strong><\/span><a class=\"dt-pswp-item\" href=\"https:\/\/www.radiopiu.net\/wordpress\/wp-content\/uploads\/2026\/04\/3.jpg\" data-dt-img-description=\"\" data-large_image_width=\"692\" data-large_image_height=\"375\"><img loading=\"lazy\" decoding=\"async\" class=\"aligncenter wp-image-509610 size-full\" src=\"https:\/\/www.radiopiu.net\/wordpress\/wp-content\/uploads\/2026\/04\/3.jpg\" alt=\"\" width=\"692\" height=\"375\" srcset=\"https:\/\/www.radiopiu.net\/wordpress\/wp-content\/uploads\/2026\/04\/3.jpg 692w, https:\/\/www.radiopiu.net\/wordpress\/wp-content\/uploads\/2026\/04\/3-300x163.jpg 300w\" sizes=\"auto, (max-width: 692px) 100vw, 692px\" \/><\/a><\/p>\n<p><span style=\"color: #0000ff;\"><strong>CORRIERE DELLE ALPI<\/strong><\/span><\/p>\n<p data-start=\"916\" data-end=\"1149\"><a class=\"dt-pswp-item\" href=\"https:\/\/www.radiopiu.net\/wordpress\/wp-content\/uploads\/2026\/04\/11.jpg\" data-dt-img-description=\"\" data-large_image_width=\"329\" data-large_image_height=\"253\"><img loading=\"lazy\" decoding=\"async\" class=\"aligncenter wp-image-509609 size-full\" src=\"https:\/\/www.radiopiu.net\/wordpress\/wp-content\/uploads\/2026\/04\/11.jpg\" alt=\"\" width=\"329\" height=\"253\" srcset=\"https:\/\/www.radiopiu.net\/wordpress\/wp-content\/uploads\/2026\/04\/11.jpg 329w, https:\/\/www.radiopiu.net\/wordpress\/wp-content\/uploads\/2026\/04\/11-300x231.jpg 300w\" sizes=\"auto, (max-width: 329px) 100vw, 329px\" \/><\/a><\/p>\n<p data-start=\"916\" data-end=\"1149\"><span style=\"color: #ff0000;\"><strong>IL GAZZETTINO<\/strong><\/span><\/p>\n<p data-start=\"916\" data-end=\"1149\"><a class=\"dt-pswp-item\" href=\"https:\/\/www.radiopiu.net\/wordpress\/wp-content\/uploads\/2026\/04\/Screenshot-2026-04-30-072149.png\" data-dt-img-description=\"\" data-large_image_width=\"594\" data-large_image_height=\"333\"><img loading=\"lazy\" decoding=\"async\" class=\"aligncenter wp-image-509608 size-full\" src=\"https:\/\/www.radiopiu.net\/wordpress\/wp-content\/uploads\/2026\/04\/Screenshot-2026-04-30-072149.png\" alt=\"\" width=\"594\" height=\"333\" srcset=\"https:\/\/www.radiopiu.net\/wordpress\/wp-content\/uploads\/2026\/04\/Screenshot-2026-04-30-072149.png 594w, https:\/\/www.radiopiu.net\/wordpress\/wp-content\/uploads\/2026\/04\/Screenshot-2026-04-30-072149-300x168.png 300w\" sizes=\"auto, (max-width: 594px) 100vw, 594px\" \/><\/a><\/p>\n<p data-start=\"916\" data-end=\"1149\"><strong>ANTENNA 3\u00a0<\/strong><\/p>\n<h1 class=\"_title post-title entry-title\">FUNERALE MUKHTAR, POLEMICHE E IMBARAZZO IN CONSIGLIO<\/h1>\n<p>(Servizio di\u00a0<a href=\"https:\/\/antennatre.medianordest.it\/redazione\/Tiziana-Bolognani\/\">Tiziana Bolognani<\/a>)<\/p>\n<p><iframe loading=\"lazy\" title=\"FUNERALE MUKHTAR, POLEMICHE E IMBARAZZO IN CONSIGLIO | 29\/04\/2026\" width=\"1200\" height=\"675\" src=\"https:\/\/www.youtube.com\/embed\/yUaYQT9fJnM?start=1&#038;feature=oembed\" frameborder=\"0\" allow=\"accelerometer; autoplay; clipboard-write; encrypted-media; gyroscope; picture-in-picture; web-share\" referrerpolicy=\"strict-origin-when-cross-origin\" allowfullscreen><\/iframe><\/p>\n<p>&nbsp;<\/p>\n<section class=\"text-token-text-primary w-full focus:outline-none [--shadow-height:45px] has-data-writing-block:pointer-events-none has-data-writing-block:-mt-(--shadow-height) has-data-writing-block:pt-(--shadow-height) [&amp;:has([data-writing-block])&gt;*]:pointer-events-auto [content-visibility:auto] supports-[content-visibility:auto]:[contain-intrinsic-size:auto_100lvh] R6Vx5W_threadScrollVars scroll-mb-[calc(var(--scroll-root-safe-area-inset-bottom,0px)+var(--thread-response-height))] scroll-mt-[calc(var(--header-height)+min(200px,max(70px,20svh)))]\" dir=\"auto\" data-turn-id=\"request-WEB:cf71e9f2-d65f-4d2d-9b6f-59f41f69819e-8\" data-testid=\"conversation-turn-18\" data-scroll-anchor=\"false\" data-turn=\"assistant\">\n<div class=\"text-base my-auto mx-auto pb-10 [--thread-content-margin:var(--thread-content-margin-xs,calc(var(--spacing)*4))] @w-sm\/main:[--thread-content-margin:var(--thread-content-margin-sm,calc(var(--spacing)*6))] @w-lg\/main:[--thread-content-margin:var(--thread-content-margin-lg,calc(var(--spacing)*16))] px-(--thread-content-margin)\">\n<div class=\"[--thread-content-max-width:40rem] @w-lg\/main:[--thread-content-max-width:48rem] mx-auto max-w-(--thread-content-max-width) flex-1 group\/turn-messages focus-visible:outline-hidden relative flex w-full min-w-0 flex-col agent-turn\">\n<div class=\"z-0 flex min-h-[46px] justify-start\"><\/div>\n<div class=\"mt-3 w-full empty:hidden\">\n<div class=\"text-center\"><\/div>\n<\/div>\n<\/div>\n<\/div>\n<\/section>\n<div class=\"pointer-events-none -mt-px h-px translate-y-[calc(var(--scroll-root-safe-area-inset-bottom)-14*var(--spacing))]\" aria-hidden=\"true\">\n<hr \/>\n<\/div>\n","protected":false},"excerpt":{"rendered":"<p>** di Mirko Mezzacasa Ci sono storie che fanno bene. E ce ne sono altre che fanno male. E poi ci sono quelle che, messe una accanto all\u2019altra, non ti lasciano pi\u00f9 scappare. A Belluno un imprenditore decide di restituire alla sua citt\u00e0 ci\u00f2 che ha costruito in una vita: un gesto concreto, visibile, che&hellip;<\/p>\n","protected":false},"author":4,"featured_media":509612,"comment_status":"closed","ping_status":"closed","sticky":false,"template":"","format":"standard","meta":{"_monsterinsights_skip_tracking":false,"_monsterinsights_sitenote_active":false,"_monsterinsights_sitenote_note":"","_monsterinsights_sitenote_category":0,"footnotes":""},"categories":[104,49],"tags":[],"class_list":["post-509607","post","type-post","status-publish","format-standard","has-post-thumbnail","hentry","category-evidenza_3","category-news-18","category-104","category-49","description-off"],"img_url":"https:\/\/www.radiopiu.net\/wordpress\/wp-content\/uploads\/2026\/04\/754ad135-ccd7-41ca-b6a9-051e784ec6fa.png","_links":{"self":[{"href":"https:\/\/www.radiopiu.net\/wordpress\/wp-json\/wp\/v2\/posts\/509607","targetHints":{"allow":["GET"]}}],"collection":[{"href":"https:\/\/www.radiopiu.net\/wordpress\/wp-json\/wp\/v2\/posts"}],"about":[{"href":"https:\/\/www.radiopiu.net\/wordpress\/wp-json\/wp\/v2\/types\/post"}],"author":[{"embeddable":true,"href":"https:\/\/www.radiopiu.net\/wordpress\/wp-json\/wp\/v2\/users\/4"}],"replies":[{"embeddable":true,"href":"https:\/\/www.radiopiu.net\/wordpress\/wp-json\/wp\/v2\/comments?post=509607"}],"version-history":[{"count":4,"href":"https:\/\/www.radiopiu.net\/wordpress\/wp-json\/wp\/v2\/posts\/509607\/revisions"}],"predecessor-version":[{"id":509617,"href":"https:\/\/www.radiopiu.net\/wordpress\/wp-json\/wp\/v2\/posts\/509607\/revisions\/509617"}],"wp:featuredmedia":[{"embeddable":true,"href":"https:\/\/www.radiopiu.net\/wordpress\/wp-json\/wp\/v2\/media\/509612"}],"wp:attachment":[{"href":"https:\/\/www.radiopiu.net\/wordpress\/wp-json\/wp\/v2\/media?parent=509607"}],"wp:term":[{"taxonomy":"category","embeddable":true,"href":"https:\/\/www.radiopiu.net\/wordpress\/wp-json\/wp\/v2\/categories?post=509607"},{"taxonomy":"post_tag","embeddable":true,"href":"https:\/\/www.radiopiu.net\/wordpress\/wp-json\/wp\/v2\/tags?post=509607"}],"curies":[{"name":"wp","href":"https:\/\/api.w.org\/{rel}","templated":true}]}}