{"id":509639,"date":"2026-04-30T09:00:10","date_gmt":"2026-04-30T07:00:10","guid":{"rendered":"https:\/\/www.radiopiu.net\/wordpress\/?p=509639"},"modified":"2026-04-30T11:18:31","modified_gmt":"2026-04-30T09:18:31","slug":"agordo-accende-il-sogno-rosa-sagan-e-bruseghin-protagonisti","status":"publish","type":"post","link":"https:\/\/www.radiopiu.net\/wordpress\/agordo-accende-il-sogno-rosa-sagan-e-bruseghin-protagonisti\/","title":{"rendered":"AGORDO ACCENDE IL SOGNO ROSA: SAGAN E BRUSEGHIN PROTAGONISTI"},"content":{"rendered":"<p>***<\/p>\n<p data-start=\"0\" data-end=\"71\"><strong><a class=\"dt-pswp-item\" href=\"https:\/\/www.radiopiu.net\/wordpress\/wp-content\/uploads\/2026\/04\/Screenshot-2026-04-30-104826.png\" data-dt-img-description=\"\" data-large_image_width=\"670\" data-large_image_height=\"123\"><img loading=\"lazy\" decoding=\"async\" class=\"aligncenter wp-image-509645 size-full\" src=\"https:\/\/www.radiopiu.net\/wordpress\/wp-content\/uploads\/2026\/04\/Screenshot-2026-04-30-104826.png\" alt=\"\" width=\"670\" height=\"123\" srcset=\"https:\/\/www.radiopiu.net\/wordpress\/wp-content\/uploads\/2026\/04\/Screenshot-2026-04-30-104826.png 670w, https:\/\/www.radiopiu.net\/wordpress\/wp-content\/uploads\/2026\/04\/Screenshot-2026-04-30-104826-300x55.png 300w\" sizes=\"auto, (max-width: 670px) 100vw, 670px\" \/><\/a><a class=\"dt-pswp-item\" href=\"https:\/\/www.radiopiu.net\/wordpress\/wp-content\/uploads\/2026\/04\/7c1ab16d-5d01-4a19-9615-5b8714878de0.jpg\" data-dt-img-description=\"\" data-large_image_width=\"1600\" data-large_image_height=\"900\"><img loading=\"lazy\" decoding=\"async\" class=\"aligncenter size-medium wp-image-509552\" src=\"https:\/\/www.radiopiu.net\/wordpress\/wp-content\/uploads\/2026\/04\/7c1ab16d-5d01-4a19-9615-5b8714878de0-300x169.jpg\" alt=\"\" width=\"300\" height=\"169\" srcset=\"https:\/\/www.radiopiu.net\/wordpress\/wp-content\/uploads\/2026\/04\/7c1ab16d-5d01-4a19-9615-5b8714878de0-300x169.jpg 300w, https:\/\/www.radiopiu.net\/wordpress\/wp-content\/uploads\/2026\/04\/7c1ab16d-5d01-4a19-9615-5b8714878de0-1024x576.jpg 1024w, https:\/\/www.radiopiu.net\/wordpress\/wp-content\/uploads\/2026\/04\/7c1ab16d-5d01-4a19-9615-5b8714878de0-768x432.jpg 768w, https:\/\/www.radiopiu.net\/wordpress\/wp-content\/uploads\/2026\/04\/7c1ab16d-5d01-4a19-9615-5b8714878de0-1536x864.jpg 1536w, https:\/\/www.radiopiu.net\/wordpress\/wp-content\/uploads\/2026\/04\/7c1ab16d-5d01-4a19-9615-5b8714878de0.jpg 1600w\" sizes=\"auto, (max-width: 300px) 100vw, 300px\" \/><\/a>di mirko mezzacasa<\/strong><\/p>\n<p data-start=\"73\" data-end=\"422\"><strong>AGORDO<\/strong> \u2013 Il conto alla rovescia \u00e8 ufficialmente iniziato: mancano trenta giorni all\u2019arrivo del Giro d\u2019Italia 2026 ad Alleghe, e il territorio bellunese si prepara a vivere un evento storico. Ieri sera, nella sala convegni Don Tamis di Agordo gremita in ogni ordine di posti, un partecipato talk show ha acceso l\u2019entusiasmo di appassionati e curiosi. Grande partecipazione anche oltre la Don Tamis grazie alla diretta su tutti i canali di RADIOPIU, FM per la provincia DAB in Veneto STREAMING ovunque, con dati d&#8217;ascolto pi\u00f9 che soddisfacenti. Protagonisti della serata due grandi nomi del ciclismo internazionale, Peter Sagan e Marzio Bruseghin, intervistati dal giornalista Ilario Tancon. L\u2019evento, intitolato \u201cDestinazione Alleghe \u2013 Piani di Pezz\u00e8: -30 al sogno\u201d, \u00e8 stato organizzato dal Comitato di Tappa di Alleghe a un mese esatto dalla 19\u00aa tappa del 109\u00b0 Giro d\u2019Italia, in programma venerd\u00ec 29 maggio. Ad aprire l\u2019incontro il sindaco di Alleghe, Danilo De Toni, che ha sottolineato l\u2019importanza dell\u2019appuntamento: \u00ab\u00c8 una serata che ho nel cuore. Alleghe attendeva da tempo questo momento: un arrivo ai Piani di Pezz\u00e8 \u00e8 un sogno che sta per diventare realt\u00e0. Sar\u00e0 una grande occasione di visibilit\u00e0 per tutto il territorio bellunese\u00bb.<\/p>\n<p data-start=\"1123\" data-end=\"1740\"><a class=\"dt-pswp-item\" href=\"https:\/\/www.radiopiu.net\/wordpress\/wp-content\/uploads\/2026\/04\/178a9872-0258-47b6-973e-a66756032355.jpg\" data-dt-img-description=\"\" data-large_image_width=\"1600\" data-large_image_height=\"900\"><img loading=\"lazy\" decoding=\"async\" class=\"aligncenter size-medium wp-image-509553\" src=\"https:\/\/www.radiopiu.net\/wordpress\/wp-content\/uploads\/2026\/04\/178a9872-0258-47b6-973e-a66756032355-300x169.jpg\" alt=\"\" width=\"300\" height=\"169\" srcset=\"https:\/\/www.radiopiu.net\/wordpress\/wp-content\/uploads\/2026\/04\/178a9872-0258-47b6-973e-a66756032355-300x169.jpg 300w, https:\/\/www.radiopiu.net\/wordpress\/wp-content\/uploads\/2026\/04\/178a9872-0258-47b6-973e-a66756032355-1024x576.jpg 1024w, https:\/\/www.radiopiu.net\/wordpress\/wp-content\/uploads\/2026\/04\/178a9872-0258-47b6-973e-a66756032355-768x432.jpg 768w, https:\/\/www.radiopiu.net\/wordpress\/wp-content\/uploads\/2026\/04\/178a9872-0258-47b6-973e-a66756032355-1536x864.jpg 1536w, https:\/\/www.radiopiu.net\/wordpress\/wp-content\/uploads\/2026\/04\/178a9872-0258-47b6-973e-a66756032355.jpg 1600w\" sizes=\"auto, (max-width: 300px) 100vw, 300px\" \/><\/a><br \/>\nNel corso della serata, tra aneddoti, ricordi e riflessioni sul ciclismo di ieri e di oggi, i due campioni hanno condiviso anche le loro aspettative sulla tappa dolomitica. Per Bruseghin si tratta di un percorso destinato a lasciare il segno: \u00abLe Dolomiti sono uno scenario unico. Sar\u00e0 una tappa decisiva, con una salita vera che pu\u00f2 fare la differenza. Il pubblico sapr\u00e0 renderla ancora pi\u00f9 speciale\u00bb. Dello stesso avviso Sagan: \u00abUna tappa tosta, con 5.000 metri di dislivello in un percorso breve. Arriva nella terza settimana del Giro, quando le gambe sono gi\u00e0 provate: sar\u00e0 fondamentale per la classifica finale\u00bb. La tappa del 29 maggio, interamente bellunese, si svilupper\u00e0 su 151 chilometri e attraverser\u00e0 alcuni dei passi pi\u00f9 iconici: Passo Duran, Coi di Zoldo, Passo Staulanza, Passo Giau \u2013 Cima Coppi dell\u2019edizione \u2013 e Falzarego, prima dell\u2019arrivo ai Piani di Pezz\u00e8. L\u2019ultimo tratto, di 4,8 chilometri, promette spettacolo puro, con la possibilit\u00e0 per il pubblico di seguire la gara anche grazie alla cabinovia Alleghe\u2013Piani di Pezz\u00e8.<\/p>\n<p><a class=\"dt-pswp-item\" href=\"https:\/\/www.radiopiu.net\/wordpress\/wp-content\/uploads\/2026\/04\/7ba55641-be07-44bc-981f-e3525b60d5b6.jpg\" data-dt-img-description=\"\" data-large_image_width=\"1600\" data-large_image_height=\"900\"><img loading=\"lazy\" decoding=\"async\" class=\"aligncenter size-medium wp-image-509551\" src=\"https:\/\/www.radiopiu.net\/wordpress\/wp-content\/uploads\/2026\/04\/7ba55641-be07-44bc-981f-e3525b60d5b6-300x169.jpg\" alt=\"\" width=\"300\" height=\"169\" srcset=\"https:\/\/www.radiopiu.net\/wordpress\/wp-content\/uploads\/2026\/04\/7ba55641-be07-44bc-981f-e3525b60d5b6-300x169.jpg 300w, https:\/\/www.radiopiu.net\/wordpress\/wp-content\/uploads\/2026\/04\/7ba55641-be07-44bc-981f-e3525b60d5b6-1024x576.jpg 1024w, https:\/\/www.radiopiu.net\/wordpress\/wp-content\/uploads\/2026\/04\/7ba55641-be07-44bc-981f-e3525b60d5b6-768x432.jpg 768w, https:\/\/www.radiopiu.net\/wordpress\/wp-content\/uploads\/2026\/04\/7ba55641-be07-44bc-981f-e3525b60d5b6-1536x864.jpg 1536w, https:\/\/www.radiopiu.net\/wordpress\/wp-content\/uploads\/2026\/04\/7ba55641-be07-44bc-981f-e3525b60d5b6.jpg 1600w\" sizes=\"auto, (max-width: 300px) 100vw, 300px\" \/><\/a><\/p>\n<p data-start=\"2169\" data-end=\"2549\">Il territorio si prepara a un periodo ricco di eventi: il 29 maggio arriveranno anche il Giro-E, da Agordo ad Alleghe, e nelle settimane successive il Giro d\u2019Italia Women con tappe tra Belluno, Nevegal e Longarone. In programma anche iniziative collaterali, come la giornata sulla sicurezza stradale del 15 maggio nelle scuole e lo spettacolo \u201cW la fuga\u201d del 23 maggio ad Alleghe. Una serata, quella di Agordo, che ha dato il via ufficiale al conto alla rovescia. L\u2019attesa cresce: il sogno rosa \u00e8 sempre pi\u00f9 vicino.<\/p>\n<p><strong><a class=\"dt-pswp-item\" href=\"https:\/\/www.radiopiu.net\/wordpress\/wp-content\/uploads\/2026\/04\/Screenshot-2026-04-30-104837.png\" data-dt-img-description=\"\" data-large_image_width=\"666\" data-large_image_height=\"156\"><img loading=\"lazy\" decoding=\"async\" class=\"aligncenter wp-image-509644 size-full\" src=\"https:\/\/www.radiopiu.net\/wordpress\/wp-content\/uploads\/2026\/04\/Screenshot-2026-04-30-104837.png\" alt=\"\" width=\"666\" height=\"156\" srcset=\"https:\/\/www.radiopiu.net\/wordpress\/wp-content\/uploads\/2026\/04\/Screenshot-2026-04-30-104837.png 666w, https:\/\/www.radiopiu.net\/wordpress\/wp-content\/uploads\/2026\/04\/Screenshot-2026-04-30-104837-300x70.png 300w\" sizes=\"auto, (max-width: 666px) 100vw, 666px\" \/><\/a>LA DIRETTA DI RADIOPIU<\/strong><\/p>\n<p><iframe loading=\"lazy\" title=\"ALLEGHE ACCENDE IL GIRO: STASERA SAGAN E BRUSEGHIN AD AGORDO\" width=\"1200\" height=\"675\" src=\"https:\/\/www.youtube.com\/embed\/LOZaLsA4PmE?start=1&#038;feature=oembed\" frameborder=\"0\" allow=\"accelerometer; autoplay; clipboard-write; encrypted-media; gyroscope; picture-in-picture; web-share\" referrerpolicy=\"strict-origin-when-cross-origin\" allowfullscreen><\/iframe><\/p>\n<p data-start=\"2169\" data-end=\"2549\">__<\/p>\n","protected":false},"excerpt":{"rendered":"<p>*** di mirko mezzacasa AGORDO \u2013 Il conto alla rovescia \u00e8 ufficialmente iniziato: mancano trenta giorni all\u2019arrivo del Giro d\u2019Italia 2026 ad Alleghe, e il territorio bellunese si prepara a vivere un evento storico. Ieri sera, nella sala convegni Don Tamis di Agordo gremita in ogni ordine di posti, un partecipato talk show ha acceso&hellip;<\/p>\n","protected":false},"author":4,"featured_media":509552,"comment_status":"closed","ping_status":"closed","sticky":false,"template":"","format":"standard","meta":{"_monsterinsights_skip_tracking":false,"_monsterinsights_sitenote_active":false,"_monsterinsights_sitenote_note":"","_monsterinsights_sitenote_category":0,"footnotes":""},"categories":[51,49],"tags":[],"class_list":["post-509639","post","type-post","status-publish","format-standard","has-post-thumbnail","hentry","category-evidenza-top","category-news-18","category-51","category-49","description-off"],"img_url":"https:\/\/www.radiopiu.net\/wordpress\/wp-content\/uploads\/2026\/04\/7c1ab16d-5d01-4a19-9615-5b8714878de0.jpg","_links":{"self":[{"href":"https:\/\/www.radiopiu.net\/wordpress\/wp-json\/wp\/v2\/posts\/509639","targetHints":{"allow":["GET"]}}],"collection":[{"href":"https:\/\/www.radiopiu.net\/wordpress\/wp-json\/wp\/v2\/posts"}],"about":[{"href":"https:\/\/www.radiopiu.net\/wordpress\/wp-json\/wp\/v2\/types\/post"}],"author":[{"embeddable":true,"href":"https:\/\/www.radiopiu.net\/wordpress\/wp-json\/wp\/v2\/users\/4"}],"replies":[{"embeddable":true,"href":"https:\/\/www.radiopiu.net\/wordpress\/wp-json\/wp\/v2\/comments?post=509639"}],"version-history":[{"count":2,"href":"https:\/\/www.radiopiu.net\/wordpress\/wp-json\/wp\/v2\/posts\/509639\/revisions"}],"predecessor-version":[{"id":509646,"href":"https:\/\/www.radiopiu.net\/wordpress\/wp-json\/wp\/v2\/posts\/509639\/revisions\/509646"}],"wp:featuredmedia":[{"embeddable":true,"href":"https:\/\/www.radiopiu.net\/wordpress\/wp-json\/wp\/v2\/media\/509552"}],"wp:attachment":[{"href":"https:\/\/www.radiopiu.net\/wordpress\/wp-json\/wp\/v2\/media?parent=509639"}],"wp:term":[{"taxonomy":"category","embeddable":true,"href":"https:\/\/www.radiopiu.net\/wordpress\/wp-json\/wp\/v2\/categories?post=509639"},{"taxonomy":"post_tag","embeddable":true,"href":"https:\/\/www.radiopiu.net\/wordpress\/wp-json\/wp\/v2\/tags?post=509639"}],"curies":[{"name":"wp","href":"https:\/\/api.w.org\/{rel}","templated":true}]}}