{"id":509674,"date":"2026-04-30T15:31:42","date_gmt":"2026-04-30T13:31:42","guid":{"rendered":"https:\/\/www.radiopiu.net\/wordpress\/?p=509674"},"modified":"2026-04-30T15:31:42","modified_gmt":"2026-04-30T13:31:42","slug":"fontana-lovati-partenza-da-protagonisti-il-campionato-e-nel-mirino","status":"publish","type":"post","link":"https:\/\/www.radiopiu.net\/wordpress\/fontana-lovati-partenza-da-protagonisti-il-campionato-e-nel-mirino\/","title":{"rendered":"FONTANA-LOVATI, PARTENZA DA PROTAGONISTI: IL CAMPIONATO \u00c8 NEL MIRINO"},"content":{"rendered":"<p>********<\/p>\n<p>&nbsp;<\/p>\n<p><strong>IMOLA <\/strong>Inizio di stagione convincente per Andrea <span class=\"hover:entity-accent entity-underline inline cursor-pointer align-baseline\"><span class=\"whitespace-normal\">Andrea Fontana<\/span><\/span> e il compagno di squadra <span class=\"hover:entity-accent entity-underline inline cursor-pointer align-baseline\"><span class=\"whitespace-normal\">Tommaso Lovati<\/span><\/span>, subito protagonisti nel primo round di campionato a <span class=\"hover:entity-accent entity-underline inline cursor-pointer align-baseline\"><span class=\"whitespace-normal\">Autodromo Internazionale Enzo e Dino Ferrari<\/span><\/span>. Il weekend si \u00e8 aperto con il miglior tempo di Fontana nelle prove libere 1, chiaro segnale del grande feeling con il tracciato e del potenziale della vettura. In qualifica, nonostante un problema al cambio nel giro decisivo, Fontana ha conquistato un\u2019ottima terza posizione, confermandosi tra i riferimenti della categoria. In Gara 1 l\u2019equipaggio Fontana-Lovati ha lottato per la vittoria, mantenendo la seconda posizione fino a due giri dal termine, quando un inconveniente tecnico ha negato un risultato meritato. Pronta la reazione in Gara 2: con ritmo, lucidit\u00e0 e determinazione, Fontana ha chiuso con uno splendido secondo posto, risultato pesante in ottica classifica. Il bilancio finale parla di velocit\u00e0, solidit\u00e0 e competitivit\u00e0. Fontana e Lovati terminano il primo round quarti in campionato, vicinissimi alla vetta. Prossimo appuntamento il 23-24 maggio a <span class=\"hover:entity-accent entity-underline inline cursor-pointer align-baseline\"><span class=\"whitespace-normal\">Autodromo Vallelunga Piero Taruffi<\/span><\/span>.<\/p>\n\n\t\t\t<style type='text\/css'>\n\t\t\t\t#gallery-1 {\n\t\t\t\t\tmargin: auto;\n\t\t\t\t}\n\t\t\t\t#gallery-1 .gallery-item {\n\t\t\t\t\tfloat: left;\n\t\t\t\t\tmargin-top: 10px;\n\t\t\t\t\ttext-align: center;\n\t\t\t\t\twidth: 33%;\n\t\t\t\t}\n\t\t\t\t#gallery-1 img {\n\t\t\t\t\tborder: 2px solid #cfcfcf;\n\t\t\t\t}\n\t\t\t\t#gallery-1 .gallery-caption {\n\t\t\t\t\tmargin-left: 0;\n\t\t\t\t}\n\t\t\t\t\/* see gallery_shortcode() in wp-includes\/media.php *\/\n\t\t\t<\/style>\n\t\t<div id='gallery-1' class='dt-gallery-container gallery galleryid-509674 gallery-columns-3 gallery-size-medium'><dl class='gallery-item'>\n\t\t\t\t<dt class='gallery-icon landscape'>\n\t\t\t\t\t<a class=\"rollover rollover-zoom dt-pswp-item\" title=\"1111111\" data-dt-img-description=\"\" data-large_image_width=\"474\" data-large_image_height=\"290\"href='https:\/\/www.radiopiu.net\/wordpress\/wp-content\/uploads\/2026\/04\/1111111.jpg'><img loading=\"lazy\" decoding=\"async\" width=\"300\" height=\"184\" src=\"https:\/\/www.radiopiu.net\/wordpress\/wp-content\/uploads\/2026\/04\/1111111-300x184.jpg\" class=\"attachment-medium size-medium\" alt=\"\" srcset=\"https:\/\/www.radiopiu.net\/wordpress\/wp-content\/uploads\/2026\/04\/1111111-300x184.jpg 300w, https:\/\/www.radiopiu.net\/wordpress\/wp-content\/uploads\/2026\/04\/1111111.jpg 474w\" sizes=\"auto, (max-width: 300px) 100vw, 300px\" \/><\/a>\n\t\t\t\t<\/dt><\/dl><dl class='gallery-item'>\n\t\t\t\t<dt class='gallery-icon landscape'>\n\t\t\t\t\t<a class=\"rollover rollover-zoom dt-pswp-item\" title=\"222222\" data-dt-img-description=\"\" data-large_image_width=\"470\" data-large_image_height=\"320\"href='https:\/\/www.radiopiu.net\/wordpress\/wp-content\/uploads\/2026\/04\/222222.jpg'><img loading=\"lazy\" decoding=\"async\" width=\"300\" height=\"204\" src=\"https:\/\/www.radiopiu.net\/wordpress\/wp-content\/uploads\/2026\/04\/222222-300x204.jpg\" class=\"attachment-medium size-medium\" alt=\"\" srcset=\"https:\/\/www.radiopiu.net\/wordpress\/wp-content\/uploads\/2026\/04\/222222-300x204.jpg 300w, https:\/\/www.radiopiu.net\/wordpress\/wp-content\/uploads\/2026\/04\/222222.jpg 470w\" sizes=\"auto, (max-width: 300px) 100vw, 300px\" \/><\/a>\n\t\t\t\t<\/dt><\/dl><dl class='gallery-item'>\n\t\t\t\t<dt class='gallery-icon landscape'>\n\t\t\t\t\t<a class=\"rollover rollover-zoom dt-pswp-item\" title=\"333333\" data-dt-img-description=\"\" data-large_image_width=\"474\" data-large_image_height=\"344\"href='https:\/\/www.radiopiu.net\/wordpress\/wp-content\/uploads\/2026\/04\/333333.jpg'><img loading=\"lazy\" decoding=\"async\" width=\"300\" height=\"218\" src=\"https:\/\/www.radiopiu.net\/wordpress\/wp-content\/uploads\/2026\/04\/333333-300x218.jpg\" class=\"attachment-medium size-medium\" alt=\"\" srcset=\"https:\/\/www.radiopiu.net\/wordpress\/wp-content\/uploads\/2026\/04\/333333-300x218.jpg 300w, https:\/\/www.radiopiu.net\/wordpress\/wp-content\/uploads\/2026\/04\/333333.jpg 474w\" sizes=\"auto, (max-width: 300px) 100vw, 300px\" \/><\/a>\n\t\t\t\t<\/dt><\/dl><br style=\"clear: both\" \/>\n\t\t\t<\/div>\n\n<p>*********<\/p>\n","protected":false},"excerpt":{"rendered":"<p>******** &nbsp; IMOLA Inizio di stagione convincente per Andrea Andrea Fontana e il compagno di squadra Tommaso Lovati, subito protagonisti nel primo round di campionato a Autodromo Internazionale Enzo e Dino Ferrari. Il weekend si \u00e8 aperto con il miglior tempo di Fontana nelle prove libere 1, chiaro segnale del grande feeling con il tracciato&hellip;<\/p>\n","protected":false},"author":4,"featured_media":509672,"comment_status":"closed","ping_status":"closed","sticky":false,"template":"","format":"standard","meta":{"_monsterinsights_skip_tracking":false,"_monsterinsights_sitenote_active":false,"_monsterinsights_sitenote_note":"","_monsterinsights_sitenote_category":0,"footnotes":""},"categories":[104,49],"tags":[],"class_list":["post-509674","post","type-post","status-publish","format-standard","has-post-thumbnail","hentry","category-evidenza_3","category-news-18","category-104","category-49","description-off"],"img_url":"https:\/\/www.radiopiu.net\/wordpress\/wp-content\/uploads\/2026\/04\/222222.jpg","_links":{"self":[{"href":"https:\/\/www.radiopiu.net\/wordpress\/wp-json\/wp\/v2\/posts\/509674","targetHints":{"allow":["GET"]}}],"collection":[{"href":"https:\/\/www.radiopiu.net\/wordpress\/wp-json\/wp\/v2\/posts"}],"about":[{"href":"https:\/\/www.radiopiu.net\/wordpress\/wp-json\/wp\/v2\/types\/post"}],"author":[{"embeddable":true,"href":"https:\/\/www.radiopiu.net\/wordpress\/wp-json\/wp\/v2\/users\/4"}],"replies":[{"embeddable":true,"href":"https:\/\/www.radiopiu.net\/wordpress\/wp-json\/wp\/v2\/comments?post=509674"}],"version-history":[{"count":2,"href":"https:\/\/www.radiopiu.net\/wordpress\/wp-json\/wp\/v2\/posts\/509674\/revisions"}],"predecessor-version":[{"id":509676,"href":"https:\/\/www.radiopiu.net\/wordpress\/wp-json\/wp\/v2\/posts\/509674\/revisions\/509676"}],"wp:featuredmedia":[{"embeddable":true,"href":"https:\/\/www.radiopiu.net\/wordpress\/wp-json\/wp\/v2\/media\/509672"}],"wp:attachment":[{"href":"https:\/\/www.radiopiu.net\/wordpress\/wp-json\/wp\/v2\/media?parent=509674"}],"wp:term":[{"taxonomy":"category","embeddable":true,"href":"https:\/\/www.radiopiu.net\/wordpress\/wp-json\/wp\/v2\/categories?post=509674"},{"taxonomy":"post_tag","embeddable":true,"href":"https:\/\/www.radiopiu.net\/wordpress\/wp-json\/wp\/v2\/tags?post=509674"}],"curies":[{"name":"wp","href":"https:\/\/api.w.org\/{rel}","templated":true}]}}