{"id":509678,"date":"2026-04-30T15:40:09","date_gmt":"2026-04-30T13:40:09","guid":{"rendered":"https:\/\/www.radiopiu.net\/wordpress\/?p=509678"},"modified":"2026-04-30T15:40:09","modified_gmt":"2026-04-30T13:40:09","slug":"servizi-integrati-bellunesi-sei-anni-di-lavori-e-nuove-sfide-al-via","status":"publish","type":"post","link":"https:\/\/www.radiopiu.net\/wordpress\/servizi-integrati-bellunesi-sei-anni-di-lavori-e-nuove-sfide-al-via\/","title":{"rendered":"SERVIZI INTEGRATI BELLUNESI, SEI ANNI DI LAVORI E NUOVE SFIDE AL VIA"},"content":{"rendered":"<p>*********<\/p>\n<p>&nbsp;<\/p>\n<p><strong><a class=\"dt-pswp-item\" href=\"https:\/\/www.radiopiu.net\/wordpress\/wp-content\/uploads\/2026\/04\/1_CdA_SIB.jpg\" data-dt-img-description=\"\" data-large_image_width=\"2048\" data-large_image_height=\"1536\"><img loading=\"lazy\" decoding=\"async\" class=\"aligncenter size-medium wp-image-509679\" src=\"https:\/\/www.radiopiu.net\/wordpress\/wp-content\/uploads\/2026\/04\/1_CdA_SIB-300x225.jpg\" alt=\"\" width=\"300\" height=\"225\" srcset=\"https:\/\/www.radiopiu.net\/wordpress\/wp-content\/uploads\/2026\/04\/1_CdA_SIB-300x225.jpg 300w, https:\/\/www.radiopiu.net\/wordpress\/wp-content\/uploads\/2026\/04\/1_CdA_SIB-1024x768.jpg 1024w, https:\/\/www.radiopiu.net\/wordpress\/wp-content\/uploads\/2026\/04\/1_CdA_SIB-768x576.jpg 768w, https:\/\/www.radiopiu.net\/wordpress\/wp-content\/uploads\/2026\/04\/1_CdA_SIB-1536x1152.jpg 1536w, https:\/\/www.radiopiu.net\/wordpress\/wp-content\/uploads\/2026\/04\/1_CdA_SIB.jpg 2048w\" sizes=\"auto, (max-width: 300px) 100vw, 300px\" \/><\/a>\u00a0<\/strong><\/p>\n<p><strong>BELLUNO <\/strong>Si concluder\u00e0 il 5 maggio prossimo, con l\u2019approvazione del bilancio di esercizio 2025, il mandato del Consiglio di Amministrazione di Servizi Integrati Bellunesi, la societ\u00e0 nata dalla fusione tra Gsp e Bim Belluno Infrastrutture, amministrata dal 2020 dai consiglieri Attilio Sommavilla (Presidente), Lara Stefani (Vicepresidente) e Andrea Menin. L\u2019Assemblea dei soci, infatti, gi\u00e0 convocata per le ore 15:00 nella Sala Conferenze di Villa Carpenada a Belluno, sar\u00e0 chiamata non solo ad approvare il resoconto finanziario al 31 dicembre 2025, ma anche a nominare il nuovo Consiglio di Amministrazione. Una sola la lista ad oggi depositata dai soci e che sar\u00e0 votata dai presenti, composta da Marco Barp, Simone Bristot, Alice De Cet, Mirco Fa\u00e8 e Roberta Tiano. A tracciare il resoconto dell\u2019attivit\u00e0 svolta \u00e8 proprio il presidente, Attilio Sommavilla, coadiuvato dai consiglieri Stefani e Menin. \u201cIn questi sei anni di incarico abbiamo operato su pi\u00f9 fronti, per consolidare la societ\u00e0, migliorarne l\u2019operativit\u00e0 e rafforzarne la capacit\u00e0 di investimento. In primis, abbiamo potenziato l\u2019organizzazione interna con l\u2019inserimento di nuove figure: i dipendenti sono aumentati di 71 unit\u00e0, passando da 177 a 248. Una crescita che ha consentito non solo di internalizzare la gestione dei depuratori, prima affidata a soggetti esterni e oggi svolta internamente con personale SIB, ma anche di incrementare la capacit\u00e0 dell\u2019azienda di realizzare opere, cresciuta di quasi il 300% rispetto al 2020. Sul fronte degli investimenti \u2013 proseguono Sommavilla, Stefani e Menin &#8211; negli ultimi sei anni sono stati realizzati interventi per 98 milioni di euro per il rinnovo di acquedotti, fognature e depuratori: di questi, circa 24,5 milioni nel solo anno 2025, con una previsione di sfiorare i 100 milioni nel prossimo triennio. Risultati che hanno orientato e orientano tuttora l\u2019azione sempre pi\u00f9 verso l\u2019efficienza e l\u2019innovazione. L\u2019impegno pi\u00f9 rilevante \u2013 commentano i consiglieri di SIB &#8211; ha riguardato le tre progettualit\u00e0 finanziate per 25 milioni di euro con fondi PNRR, oggi gi\u00e0 completate. La prima, finalizzata alla riduzione delle perdite idriche, ha interessato 1.695 km di rete idrica bellunese. Grazie a questo progetto abbiamo distrettualizzato, ovvero suddiviso gli acquedotti in 209 distretti, digitalizzato, ovvero installato sensori intelligenti per acquisire dati su pressioni e portate e creato modelli idraulici digitali in grado di simulare il funzionamento della rete, ridotto le pressioni, principale causa di rotture, sostituito ove necessario parte delle tratte pi\u00f9 ammalorate. La gestione degli acquedotti \u00e8 cambiata radicalmente: oggi \u00e8 orientata alla prevenzione delle rotture e si basa sul monitoraggio continuo dei dati e delle performance dei singoli distretti creati. Le altre due progettualit\u00e0 PNRR hanno interessato la depurazione. La prima ha portato alla realizzazione, nel depuratore di Longarone, di una nuova linea per il trattamento e la disidratazione dei fanghi: oggi la societ\u00e0 \u00e8 completamente autonoma nella loro gestione e non ricorre pi\u00f9 a centri specializzati fuori provincia, con una significativa riduzione dei costi (circa 100 mila euro annui) e degli impatti ambientali. La seconda ha consentito il potenziamento del depuratore di Marisiga, a servizio del Comune di Belluno: l\u2019impianto \u00e8 stato completamente rinnovato ed \u00e8 ora in grado di trattare adeguatamente tutti i reflui dell\u2019agglomerato urbano, con possibilit\u00e0 future di estensione a Visome, Col di Salce e Giazzoi. Le migliorie introdotte hanno inoltre elevato la qualit\u00e0 delle acque restituite all\u2019ambiente. Per questo impianto \u00e8 stato inoltre ottenuto un finanziamento di 600 mila euro per la realizzazione, gi\u00e0 in corso, di un impianto fotovoltaico. Non meno rilevante, nel corso del mandato, l\u2019attivit\u00e0 legata alla ricostruzione post tempesta Vaia: circa 25 milioni di euro di risorse stanziate dal 2018 ad oggi. Altra sfida non semplice \u2013 proseguono Sommavilla, Stefani e Menin &#8211; il potenziamento della rete idrica del comprensorio della Val Boite per le Olimpiadi Milano \u2013 Cortina 2026. Su Cortina, in particolare, \u00e8 stato costruito in soli cinque mesi un nuovo serbatoio di accumulo a Cadelverzo, del valore complessivo di 3 milioni di euro, cofinanziato per 2 milioni dalla societ\u00e0 SIMICO. La messa in esercizio, avvenuta a ridosso dell\u2019avvio dell\u2019evento olimpico, ha richiesto un\u2019intensa accelerazione operativa. Sono stati inoltre effettuati interventi di distrettualizzazione della rete, interconnessione delle condotte, sostituzione delle tratte pi\u00f9 ammalorate e potenziamento dei sistemi di disinfezione. Nel corso del mandato, il Consiglio di Amministrazione, in sinergia con il Consiglio di Bacino \u2018Dolomiti Bellunesi\u2019, ha dedicato particolare attenzione al reperimento di risorse economiche extra tariffa, che hanno consentito di sostenere gli investimenti senza incidere in modo significativo sui cittadini: circa 60 milioni di euro tra fondi PNRR, Piano acquedotti, Comuni di confine, ricostruzione Vaia e Olimpiadi, a cui si aggiungono 21 milioni derivanti dalla vendita delle azioni Ascotrade e 48 milioni dalla cessione delle reti gas, tuttora a disposizione dei soci per futuri sviluppi. A chiudere il mandato \u2013 spiegano Sommavilla, Stefani e Menin &#8211; la fusione tra GSP e BIM Belluno Infrastrutture, che ha portato nel 2025 alla nascita di SIB: una realt\u00e0 con un patrimonio superiore ai 100 milioni di euro, solida sotto il profilo economico-finanziario e motore di sviluppo per il territorio, sia nel servizio idrico integrato sia nel settore energetico, in particolare nelle rinnovabili. Tutto ci\u00f2 \u00e8 stato possibile grazie all\u2019impegno del personale, alla collaborazione con il Consiglio di Bacino Dolomiti Bellunesi e con i Comuni soci, nonch\u00e9 alla fiducia accordata all\u2019operato del Consiglio. Affidiamo, quindi, a chi verr\u00e0 dopo di noi una Societ\u00e0 sicuramente pi\u00f9 solida e strutturata rispetto a prima, pronta ad affrontare nuove e importanti sfide: auguriamo, naturalmente, al nuovo organo amministrativo il miglior lavoro, soddisfatti di aver consolidato in questi anni le fondamenta su cui costruire il futuro del servizio idrico ed energetico bellunese\u201d conclude il CdA.<\/p>\n<p>&nbsp;<\/p>\n<p>&nbsp;<\/p>\n<p>&nbsp;<\/p>\n<p>&nbsp;<\/p>\n<p>*********<\/p>\n","protected":false},"excerpt":{"rendered":"<p>********* &nbsp; \u00a0 BELLUNO Si concluder\u00e0 il 5 maggio prossimo, con l\u2019approvazione del bilancio di esercizio 2025, il mandato del Consiglio di Amministrazione di Servizi Integrati Bellunesi, la societ\u00e0 nata dalla fusione tra Gsp e Bim Belluno Infrastrutture, amministrata dal 2020 dai consiglieri Attilio Sommavilla (Presidente), Lara Stefani (Vicepresidente) e Andrea Menin. L\u2019Assemblea dei soci,&hellip;<\/p>\n","protected":false},"author":4,"featured_media":509679,"comment_status":"closed","ping_status":"closed","sticky":false,"template":"","format":"standard","meta":{"_monsterinsights_skip_tracking":false,"_monsterinsights_sitenote_active":false,"_monsterinsights_sitenote_note":"","_monsterinsights_sitenote_category":0,"footnotes":""},"categories":[51,49],"tags":[],"class_list":["post-509678","post","type-post","status-publish","format-standard","has-post-thumbnail","hentry","category-evidenza-top","category-news-18","category-51","category-49","description-off"],"img_url":"https:\/\/www.radiopiu.net\/wordpress\/wp-content\/uploads\/2026\/04\/1_CdA_SIB.jpg","_links":{"self":[{"href":"https:\/\/www.radiopiu.net\/wordpress\/wp-json\/wp\/v2\/posts\/509678","targetHints":{"allow":["GET"]}}],"collection":[{"href":"https:\/\/www.radiopiu.net\/wordpress\/wp-json\/wp\/v2\/posts"}],"about":[{"href":"https:\/\/www.radiopiu.net\/wordpress\/wp-json\/wp\/v2\/types\/post"}],"author":[{"embeddable":true,"href":"https:\/\/www.radiopiu.net\/wordpress\/wp-json\/wp\/v2\/users\/4"}],"replies":[{"embeddable":true,"href":"https:\/\/www.radiopiu.net\/wordpress\/wp-json\/wp\/v2\/comments?post=509678"}],"version-history":[{"count":1,"href":"https:\/\/www.radiopiu.net\/wordpress\/wp-json\/wp\/v2\/posts\/509678\/revisions"}],"predecessor-version":[{"id":509680,"href":"https:\/\/www.radiopiu.net\/wordpress\/wp-json\/wp\/v2\/posts\/509678\/revisions\/509680"}],"wp:featuredmedia":[{"embeddable":true,"href":"https:\/\/www.radiopiu.net\/wordpress\/wp-json\/wp\/v2\/media\/509679"}],"wp:attachment":[{"href":"https:\/\/www.radiopiu.net\/wordpress\/wp-json\/wp\/v2\/media?parent=509678"}],"wp:term":[{"taxonomy":"category","embeddable":true,"href":"https:\/\/www.radiopiu.net\/wordpress\/wp-json\/wp\/v2\/categories?post=509678"},{"taxonomy":"post_tag","embeddable":true,"href":"https:\/\/www.radiopiu.net\/wordpress\/wp-json\/wp\/v2\/tags?post=509678"}],"curies":[{"name":"wp","href":"https:\/\/api.w.org\/{rel}","templated":true}]}}