{"id":509688,"date":"2026-04-30T16:28:02","date_gmt":"2026-04-30T14:28:02","guid":{"rendered":"https:\/\/www.radiopiu.net\/wordpress\/?p=509688"},"modified":"2026-04-30T16:28:02","modified_gmt":"2026-04-30T14:28:02","slug":"a-colle-santa-lucia-presentato-latlante-toponomastico-stasera-si-replica-a-livinallongo","status":"publish","type":"post","link":"https:\/\/www.radiopiu.net\/wordpress\/a-colle-santa-lucia-presentato-latlante-toponomastico-stasera-si-replica-a-livinallongo\/","title":{"rendered":"A COLLE SANTA LUCIA PRESENTATO L&#8217;ATLANTE TOPONOMASTICO: STASERA SI REPLICA A LIVINALLONGO"},"content":{"rendered":"<p>*********<\/p>\n<p>&nbsp;<\/p>\n<p><strong><a class=\"dt-pswp-item\" href=\"https:\/\/www.radiopiu.net\/wordpress\/wp-content\/uploads\/2026\/04\/LFoHL.jpg\" data-dt-img-description=\"\" data-large_image_width=\"1754\" data-large_image_height=\"882\"><img loading=\"lazy\" decoding=\"async\" class=\"aligncenter size-medium wp-image-509690\" src=\"https:\/\/www.radiopiu.net\/wordpress\/wp-content\/uploads\/2026\/04\/LFoHL-300x151.jpg\" alt=\"\" width=\"300\" height=\"151\" srcset=\"https:\/\/www.radiopiu.net\/wordpress\/wp-content\/uploads\/2026\/04\/LFoHL-300x151.jpg 300w, https:\/\/www.radiopiu.net\/wordpress\/wp-content\/uploads\/2026\/04\/LFoHL-1024x515.jpg 1024w, https:\/\/www.radiopiu.net\/wordpress\/wp-content\/uploads\/2026\/04\/LFoHL-768x386.jpg 768w, https:\/\/www.radiopiu.net\/wordpress\/wp-content\/uploads\/2026\/04\/LFoHL-1536x772.jpg 1536w, https:\/\/www.radiopiu.net\/wordpress\/wp-content\/uploads\/2026\/04\/LFoHL.jpg 1754w\" sizes=\"auto, (max-width: 300px) 100vw, 300px\" \/><\/a>\u00a0<\/strong><\/p>\n<p><strong>COLLE SANTA LUCIA\/ LIVINALLONGO <\/strong>Grande partecipazione ieri sera al Palafursil di Colle Santa Lucia per il primo appuntamento di presentazione dell&#8217;Atlante Toponomastico (<i data-path-to-node=\"4\" data-index-in-node=\"138\">Cherte dei luosc de Col e de Fodom<\/i>). L&#8217;opera, promossa dall&#8217;Istitut Cultural Ladin Cesa de Jan, rappresenta un pilastro fondamentale per la conservazione dell&#8217;identit\u00e0 linguistica e geografica locale. Durante la serata inaugurale, l&#8217;amministrazione comunale ha omaggiato ogni famiglia presente con una copia del volume, un gesto volto a radicare la memoria dei nomi e dei luoghi nelle case della comunit\u00e0. Per chi non avesse potuto partecipare, il viaggio nella storia del territorio prosegue oggi, gioved\u00ec 30 aprile. L&#8217;appuntamento \u00e8 fissato per le ore 20:30 a Livinallongo, alla sala Taulac, dove si terr\u00e0 il secondo incontro pubblico per celebrare questa preziosa mappatura dell&#8217;identit\u00e0 ladina.<\/p>\n<p><strong>DENNI DORIGO<\/strong><\/p>\n<audio class=\"wp-audio-shortcode\" id=\"audio-509688-1\" preload=\"none\" style=\"width: 100%;\" controls=\"controls\"><source type=\"audio\/mpeg\" src=\"https:\/\/www.radiopiu.net\/wordpress\/wp-content\/uploads\/2026\/04\/DENNI-DORIGO.mp3?_=1\" \/><a href=\"https:\/\/www.radiopiu.net\/wordpress\/wp-content\/uploads\/2026\/04\/DENNI-DORIGO.mp3\">https:\/\/www.radiopiu.net\/wordpress\/wp-content\/uploads\/2026\/04\/DENNI-DORIGO.mp3<\/a><\/audio>\n<p>&nbsp;<\/p>\n<p>&nbsp;<\/p>\n<p>&nbsp;<\/p>\n<p>&nbsp;<\/p>\n<p>******<\/p>\n","protected":false},"excerpt":{"rendered":"<p>********* &nbsp; \u00a0 COLLE SANTA LUCIA\/ LIVINALLONGO Grande partecipazione ieri sera al Palafursil di Colle Santa Lucia per il primo appuntamento di presentazione dell&#8217;Atlante Toponomastico (Cherte dei luosc de Col e de Fodom). L&#8217;opera, promossa dall&#8217;Istitut Cultural Ladin Cesa de Jan, rappresenta un pilastro fondamentale per la conservazione dell&#8217;identit\u00e0 linguistica e geografica locale. Durante la&hellip;<\/p>\n","protected":false},"author":4,"featured_media":509690,"comment_status":"closed","ping_status":"closed","sticky":false,"template":"","format":"standard","meta":{"_monsterinsights_skip_tracking":false,"_monsterinsights_sitenote_active":false,"_monsterinsights_sitenote_note":"","_monsterinsights_sitenote_category":0,"footnotes":""},"categories":[51,49],"tags":[],"class_list":["post-509688","post","type-post","status-publish","format-standard","has-post-thumbnail","hentry","category-evidenza-top","category-news-18","category-51","category-49","description-off"],"img_url":"https:\/\/www.radiopiu.net\/wordpress\/wp-content\/uploads\/2026\/04\/LFoHL.jpg","_links":{"self":[{"href":"https:\/\/www.radiopiu.net\/wordpress\/wp-json\/wp\/v2\/posts\/509688","targetHints":{"allow":["GET"]}}],"collection":[{"href":"https:\/\/www.radiopiu.net\/wordpress\/wp-json\/wp\/v2\/posts"}],"about":[{"href":"https:\/\/www.radiopiu.net\/wordpress\/wp-json\/wp\/v2\/types\/post"}],"author":[{"embeddable":true,"href":"https:\/\/www.radiopiu.net\/wordpress\/wp-json\/wp\/v2\/users\/4"}],"replies":[{"embeddable":true,"href":"https:\/\/www.radiopiu.net\/wordpress\/wp-json\/wp\/v2\/comments?post=509688"}],"version-history":[{"count":1,"href":"https:\/\/www.radiopiu.net\/wordpress\/wp-json\/wp\/v2\/posts\/509688\/revisions"}],"predecessor-version":[{"id":509691,"href":"https:\/\/www.radiopiu.net\/wordpress\/wp-json\/wp\/v2\/posts\/509688\/revisions\/509691"}],"wp:featuredmedia":[{"embeddable":true,"href":"https:\/\/www.radiopiu.net\/wordpress\/wp-json\/wp\/v2\/media\/509690"}],"wp:attachment":[{"href":"https:\/\/www.radiopiu.net\/wordpress\/wp-json\/wp\/v2\/media?parent=509688"}],"wp:term":[{"taxonomy":"category","embeddable":true,"href":"https:\/\/www.radiopiu.net\/wordpress\/wp-json\/wp\/v2\/categories?post=509688"},{"taxonomy":"post_tag","embeddable":true,"href":"https:\/\/www.radiopiu.net\/wordpress\/wp-json\/wp\/v2\/tags?post=509688"}],"curies":[{"name":"wp","href":"https:\/\/api.w.org\/{rel}","templated":true}]}}