{"id":509731,"date":"2026-05-01T08:37:22","date_gmt":"2026-05-01T06:37:22","guid":{"rendered":"https:\/\/www.radiopiu.net\/wordpress\/?p=509731"},"modified":"2026-05-01T08:40:56","modified_gmt":"2026-05-01T06:40:56","slug":"sospirolo-doppio-lutto-comunita-in-lacrime-per-karin-spadari-e-giulia-croda","status":"publish","type":"post","link":"https:\/\/www.radiopiu.net\/wordpress\/sospirolo-doppio-lutto-comunita-in-lacrime-per-karin-spadari-e-giulia-croda\/","title":{"rendered":"SOSPIROLO, DOPPIO LUTTO: COMUNIT\u00c0 IN LACRIME PER KARIN SPADARI E GIULIA CRODA"},"content":{"rendered":"<section class=\"text-token-text-primary w-full focus:outline-none [--shadow-height:45px] has-data-writing-block:pointer-events-none has-data-writing-block:-mt-(--shadow-height) has-data-writing-block:pt-(--shadow-height) [&amp;:has([data-writing-block])&gt;*]:pointer-events-auto [content-visibility:auto] supports-[content-visibility:auto]:[contain-intrinsic-size:auto_100lvh] R6Vx5W_threadScrollVars scroll-mb-[calc(var(--scroll-root-safe-area-inset-bottom,0px)+var(--thread-response-height))] scroll-mt-[calc(var(--header-height)+min(200px,max(70px,20svh)))]\" dir=\"auto\" data-turn-id=\"request-WEB:f66c7953-91cf-467e-a7c4-ea49c20d1c23-1\" data-testid=\"conversation-turn-4\" data-scroll-anchor=\"false\" data-turn=\"assistant\">\n<div class=\"text-base my-auto mx-auto pb-10 [--thread-content-margin:var(--thread-content-margin-xs,calc(var(--spacing)*4))] @w-sm\/main:[--thread-content-margin:var(--thread-content-margin-sm,calc(var(--spacing)*6))] @w-lg\/main:[--thread-content-margin:var(--thread-content-margin-lg,calc(var(--spacing)*16))] px-(--thread-content-margin)\">\n<div class=\"[--thread-content-max-width:40rem] @w-lg\/main:[--thread-content-max-width:48rem] mx-auto max-w-(--thread-content-max-width) flex-1 group\/turn-messages focus-visible:outline-hidden relative flex w-full min-w-0 flex-col agent-turn\">\n<div class=\"flex max-w-full flex-col gap-4 grow\">\n<div class=\"min-h-8 text-message relative flex w-full flex-col items-end gap-2 text-start break-words whitespace-normal outline-none keyboard-focused:focus-ring [.text-message+&amp;]:mt-1\" dir=\"auto\" tabindex=\"0\" data-message-author-role=\"assistant\" data-message-id=\"8b080df7-c87a-43fb-84db-2d5a98add7bd\" data-message-model-slug=\"gpt-5-3\" data-turn-start-message=\"true\">\n<div class=\"flex w-full flex-col gap-1 empty:hidden\">\n<div class=\"markdown prose dark:prose-invert w-full wrap-break-word dark markdown-new-styling\">\n<p data-start=\"83\" data-end=\"375\"><strong>SOSPIROLO<\/strong> <strong>\u2013 SEDICO <\/strong>Due donne poco pi\u00f9 che cinquantenni portate via dalla malattia e due comunit\u00e0 profondamente colpite dal dolore. Sospirolo e Sedico piangono la scomparsa di <strong>Karin Spadari, 53 anni, e Giulia Croda, 51 anni,<\/strong> unite da un destino che ha lasciato sgomenti familiari, amici e conoscenti.<\/p>\n<p data-start=\"83\" data-end=\"375\"><a class=\"dt-pswp-item\" href=\"https:\/\/www.radiopiu.net\/wordpress\/wp-content\/uploads\/2026\/05\/333.jpg\" data-dt-img-description=\"\" data-large_image_width=\"207\" data-large_image_height=\"254\"><img loading=\"lazy\" decoding=\"async\" class=\"aligncenter size-full wp-image-509733\" src=\"https:\/\/www.radiopiu.net\/wordpress\/wp-content\/uploads\/2026\/05\/333.jpg\" alt=\"\" width=\"207\" height=\"254\" \/><\/a><\/p>\n<p data-start=\"377\" data-end=\"654\"><strong>Karin Spadari<\/strong> si \u00e8 spenta mercoled\u00ec, lasciando nello sconforto quanti l\u2019avevano conosciuta e apprezzata. Originaria di Sospirolo, da anni viveva a Sedico, nella frazione di Roe, dove aveva costruito la sua quotidianit\u00e0 mantenendo per\u00f2 sempre vivo il legame con il paese natale. Molto conosciuta anche per la sua attivit\u00e0 sportiva, in passato aveva praticato podismo partecipando con buoni risultati alle pedonate della zona. Ma Karin era soprattutto ricordata per la sua energia, la simpatia e quel sorriso contagioso che l\u2019aveva resa una presenza speciale per molti. Grande appassionata di motociclette, era una biker convinta: una passione vissuta con autenticit\u00e0 e condivisa con tanti amici del mondo delle due ruote, che in queste ore stanno esprimendo il loro cordoglio sui social.\u00a0La notizia della sua scomparsa si \u00e8 diffusa rapidamente anche a Sospirolo, dove, nonostante non vivesse pi\u00f9 da tempo, era rimasta nel cuore di molti. Sar\u00e0 proprio nel cimitero del paese che Karin trover\u00e0 l\u2019ultimo riposo. La cerimonia funebre \u00e8 fissata per marted\u00ec alle 15 nella chiesa arcipretale di Sedico; al termine, il feretro proseguir\u00e0 per la cremazione. Da oggi \u00e8 possibile renderle visita alla casa funeraria Donadel di via Marisiga, a Belluno.<\/p>\n<p data-start=\"1972\" data-end=\"2247\" data-is-last-node=\"\" data-is-only-node=\"\"><a class=\"dt-pswp-item\" href=\"https:\/\/www.radiopiu.net\/wordpress\/wp-content\/uploads\/2026\/05\/4444.jpg\" data-dt-img-description=\"\" data-large_image_width=\"208\" data-large_image_height=\"247\"><img loading=\"lazy\" decoding=\"async\" class=\"aligncenter size-full wp-image-509732\" src=\"https:\/\/www.radiopiu.net\/wordpress\/wp-content\/uploads\/2026\/05\/4444.jpg\" alt=\"\" width=\"208\" height=\"247\" \/><\/a><\/p>\n<p data-start=\"1972\" data-end=\"2247\" data-is-last-node=\"\" data-is-only-node=\"\">In queste ore di dolore, il pensiero della comunit\u00e0 va anche a <strong>Giulia Croda, 51 anni,<\/strong> altra vittima della malattia, ricordata con affetto da quanti le hanno voluto bene. Due perdite che segnano profondamente il territorio, unito nel cordoglio e nella vicinanza alle famiglie.\u00a0 A darne il triste annuncio sono il marito Floriano, il pap\u00e0 Roberto, la sorella Laura con Walter, Anna e Alessandra, il cognato Pierluigi con Cecilia, Vanessa e Matteo, insieme ai parenti e agli amici tutti, che in queste ore si stringono nel ricordo e nel dolore. Giulia viene ricordata come una donna dal cuore grande, capace di lasciare un segno profondo in chiunque l\u2019abbia conosciuta. Il suo ricordo resta vivo negli affetti pi\u00f9 cari e in una comunit\u00e0 che oggi si ferma per renderle omaggio. I funerali saranno celebrati luned\u00ec 4 maggio alle ore 14.30 nella chiesa parrocchiale di Mas, da dove il corteo proseguir\u00e0 per il cimitero di Peron. La famiglia ha espresso la volont\u00e0 di devolvere eventuali offerte all\u2019associazione \u201cCucchini\u201d. Un ringraziamento particolare \u00e8 stato rivolto alla dottoressa Laura Renon e a Cristina Molinari, al personale del reparto di Oncologia dell\u2019ospedale di Belluno e alla struttura \u201cCasa Tua Due\u201d per le cure e l\u2019assistenza prestate con dedizione. Sar\u00e0 possibile rendere omaggio a Giulia presso la Casa funeraria Ganz di via Belluno, 26 a Sedico, negli orari indicati.<\/p>\n<p>*<\/p>\n<\/div>\n<\/div>\n<\/div>\n<\/div>\n<div class=\"mt-3 w-full empty:hidden\">\n<div class=\"text-center\">\n<hr \/>\n<\/div>\n<\/div>\n<\/div>\n<\/div>\n<\/section>\n<div class=\"pointer-events-none -mt-px h-px translate-y-[calc(var(--scroll-root-safe-area-inset-bottom)-14*var(--spacing))]\" aria-hidden=\"true\"><\/div>\n<div class=\"pointer-events-none translate-y-(--scroll-root-safe-area-inset-bottom) R6Vx5W_threadScrollVars min-h-(--gutter-remaining-height,0px) group-data-stream-active\/scroll-root:h-[calc(var(--thread-response-height)-16*var(--spacing))]\"><\/div>\n","protected":false},"excerpt":{"rendered":"<p>SOSPIROLO \u2013 SEDICO Due donne poco pi\u00f9 che cinquantenni portate via dalla malattia e due comunit\u00e0 profondamente colpite dal dolore. Sospirolo e Sedico piangono la scomparsa di Karin Spadari, 53 anni, e Giulia Croda, 51 anni, unite da un destino che ha lasciato sgomenti familiari, amici e conoscenti. Karin Spadari si \u00e8 spenta mercoled\u00ec, lasciando&hellip;<\/p>\n","protected":false},"author":4,"featured_media":509734,"comment_status":"closed","ping_status":"closed","sticky":false,"template":"","format":"standard","meta":{"_monsterinsights_skip_tracking":false,"_monsterinsights_sitenote_active":false,"_monsterinsights_sitenote_note":"","_monsterinsights_sitenote_category":0,"footnotes":""},"categories":[51,49],"tags":[],"class_list":["post-509731","post","type-post","status-publish","format-standard","has-post-thumbnail","hentry","category-evidenza-top","category-news-18","category-51","category-49","description-off"],"img_url":"https:\/\/www.radiopiu.net\/wordpress\/wp-content\/uploads\/2026\/05\/10289d3f-ecec-467f-8929-ce24c586590a.png","_links":{"self":[{"href":"https:\/\/www.radiopiu.net\/wordpress\/wp-json\/wp\/v2\/posts\/509731","targetHints":{"allow":["GET"]}}],"collection":[{"href":"https:\/\/www.radiopiu.net\/wordpress\/wp-json\/wp\/v2\/posts"}],"about":[{"href":"https:\/\/www.radiopiu.net\/wordpress\/wp-json\/wp\/v2\/types\/post"}],"author":[{"embeddable":true,"href":"https:\/\/www.radiopiu.net\/wordpress\/wp-json\/wp\/v2\/users\/4"}],"replies":[{"embeddable":true,"href":"https:\/\/www.radiopiu.net\/wordpress\/wp-json\/wp\/v2\/comments?post=509731"}],"version-history":[{"count":2,"href":"https:\/\/www.radiopiu.net\/wordpress\/wp-json\/wp\/v2\/posts\/509731\/revisions"}],"predecessor-version":[{"id":509736,"href":"https:\/\/www.radiopiu.net\/wordpress\/wp-json\/wp\/v2\/posts\/509731\/revisions\/509736"}],"wp:featuredmedia":[{"embeddable":true,"href":"https:\/\/www.radiopiu.net\/wordpress\/wp-json\/wp\/v2\/media\/509734"}],"wp:attachment":[{"href":"https:\/\/www.radiopiu.net\/wordpress\/wp-json\/wp\/v2\/media?parent=509731"}],"wp:term":[{"taxonomy":"category","embeddable":true,"href":"https:\/\/www.radiopiu.net\/wordpress\/wp-json\/wp\/v2\/categories?post=509731"},{"taxonomy":"post_tag","embeddable":true,"href":"https:\/\/www.radiopiu.net\/wordpress\/wp-json\/wp\/v2\/tags?post=509731"}],"curies":[{"name":"wp","href":"https:\/\/api.w.org\/{rel}","templated":true}]}}