{"id":509737,"date":"2026-05-02T05:00:35","date_gmt":"2026-05-02T03:00:35","guid":{"rendered":"https:\/\/www.radiopiu.net\/wordpress\/?p=509737"},"modified":"2026-05-02T05:48:23","modified_gmt":"2026-05-02T03:48:23","slug":"nel-cuore-della-notte-25-marzo-1934-02-maggio-2025","status":"publish","type":"post","link":"https:\/\/www.radiopiu.net\/wordpress\/nel-cuore-della-notte-25-marzo-1934-02-maggio-2025\/","title":{"rendered":"NEL CUORE DELLA NOTTE  &#8211; 25 marzo 1934 &#8211; 02 maggio 2025"},"content":{"rendered":"<p>**<\/p>\n<p data-start=\"0\" data-end=\"25\"><a class=\"dt-pswp-item\" href=\"https:\/\/www.radiopiu.net\/wordpress\/wp-content\/uploads\/2026\/05\/82d10ad8-422a-4e0a-bc22-52bc4b66863a.png\" data-dt-img-description=\"\" data-large_image_width=\"1536\" data-large_image_height=\"1024\"><img loading=\"lazy\" decoding=\"async\" class=\"aligncenter wp-image-509775 size-large\" src=\"https:\/\/www.radiopiu.net\/wordpress\/wp-content\/uploads\/2026\/05\/82d10ad8-422a-4e0a-bc22-52bc4b66863a-1024x683.png\" alt=\"\" width=\"1024\" height=\"683\" srcset=\"https:\/\/www.radiopiu.net\/wordpress\/wp-content\/uploads\/2026\/05\/82d10ad8-422a-4e0a-bc22-52bc4b66863a-1024x683.png 1024w, https:\/\/www.radiopiu.net\/wordpress\/wp-content\/uploads\/2026\/05\/82d10ad8-422a-4e0a-bc22-52bc4b66863a-300x200.png 300w, https:\/\/www.radiopiu.net\/wordpress\/wp-content\/uploads\/2026\/05\/82d10ad8-422a-4e0a-bc22-52bc4b66863a-768x512.png 768w, https:\/\/www.radiopiu.net\/wordpress\/wp-content\/uploads\/2026\/05\/82d10ad8-422a-4e0a-bc22-52bc4b66863a.png 1536w\" sizes=\"auto, (max-width: 1024px) 100vw, 1024px\" \/><\/a><\/p>\n<p style=\"text-align: center;\" data-start=\"0\" data-end=\"25\"><strong>02 maggio 2026<\/strong><\/p>\n<p data-start=\"27\" data-end=\"306\">Chiuse gli occhi, e il tempo sembr\u00f2 fermarsi proprio l\u00ec, sospeso tra un respiro e l\u2019altro. Non c\u2019era pi\u00f9 rumore, non c\u2019era pi\u00f9 corsa. Solo un lento scivolare delle ore, mentre dentro cresceva una speranza fragile: un miracolo, anche piccolo, anche breve.<\/p>\n<p data-start=\"308\" data-end=\"590\">L\u2019ultimo alito si disperdeva nel silenzio, lasciando dietro di s\u00e9 un vuoto difficile da nominare. Non era solo assenza, ma un freddo che si insinuava piano, come una notte senza stelle.<\/p>\n<p data-start=\"592\" data-end=\"754\">Quando si spezzer\u00e0 questo buio cos\u00ec denso, cos\u00ec puro nella sua solitudine?<\/p>\n<p>mm<\/p>\n<p><a class=\"dt-pswp-item\" href=\"https:\/\/www.radiopiu.net\/wordpress\/wp-content\/uploads\/2026\/05\/495363194_10237838863817616_767167161526463538_n.jpg\" data-dt-img-description=\"\" data-large_image_width=\"465\" data-large_image_height=\"348\"><img loading=\"lazy\" decoding=\"async\" class=\"aligncenter wp-image-509742 size-full\" src=\"https:\/\/www.radiopiu.net\/wordpress\/wp-content\/uploads\/2026\/05\/495363194_10237838863817616_767167161526463538_n.jpg\" alt=\"\" width=\"465\" height=\"348\" srcset=\"https:\/\/www.radiopiu.net\/wordpress\/wp-content\/uploads\/2026\/05\/495363194_10237838863817616_767167161526463538_n.jpg 465w, https:\/\/www.radiopiu.net\/wordpress\/wp-content\/uploads\/2026\/05\/495363194_10237838863817616_767167161526463538_n-300x225.jpg 300w\" sizes=\"auto, (max-width: 465px) 100vw, 465px\" \/><\/a><\/p>\n<p>&nbsp;<\/p>\n<p style=\"text-align: center;\"><strong>02 maggio 2025 <\/strong><\/p>\n<p>Cara la nostra mamma, la nostra nonna, la nostra Bruna&#8230;<\/p>\n<div class=\"x14z9mp xat24cr x1lziwak x1vvkbs xtlvy1s x126k92a\">\n<div dir=\"auto\">buon viaggio Ragazza, che tu possa avere il vento in poppa, che il sole ti risplenda in viso, che il vento del destino ti porti in alto a ballare con l&#8217;Adone come ai tempi dai &#8220;Meni&#8221; a Canale d&#8217;Agordo o al Nof Filo&#8217;.<\/div>\n<\/div>\n<div class=\"x14z9mp xat24cr x1lziwak x1vvkbs xtlvy1s x126k92a\">\n<div dir=\"auto\">NON AVEVO MAI VISTO I FIORI CRESCERE<\/div>\n<\/div>\n<div class=\"x14z9mp xat24cr x1lziwak x1vvkbs xtlvy1s x126k92a\">\n<div dir=\"auto\">Non avevo mai visto i fiori crescere,<\/div>\n<div dir=\"auto\">lo ho dato per scontato per anni<\/div>\n<div dir=\"auto\">apparivano, semplicemente apparivano,<\/div>\n<div dir=\"auto\">come il sole al mattino,<\/div>\n<div dir=\"auto\">come le rughe sul viso.<\/div>\n<div dir=\"auto\">l&#8217;altro giorno he ho annaffiato uno.<\/div>\n<div dir=\"auto\">Lo ho visto nascere<\/div>\n<div dir=\"auto\">poi timido e poi piegato alla luce.<\/div>\n<div dir=\"auto\">Lo ho visto nel pieno del suo fiorire<\/div>\n<div dir=\"auto\">che incanto silenzioso,<\/div>\n<div dir=\"auto\">che tremito sottile.<\/div>\n<div dir=\"auto\">Ora sfiorisce,<\/div>\n<div dir=\"auto\">si ripiega su se stesso,<\/div>\n<div dir=\"auto\">contorcendosi e chiedendo riposo<\/div>\n<div dir=\"auto\">come chi ha amato troppo il vento.<\/div>\n<div dir=\"auto\">E mi accorgo che quel tuo fiore,<\/div>\n<div dir=\"auto\">ti somiglia.<\/div>\n<\/div>\n<div class=\"x14z9mp xat24cr x1lziwak x1vvkbs xtlvy1s x126k92a\">\n<div dir=\"auto\">&#8220;&#8230;mamma mammina, cuore del mio cuore, tu sei lo stelo io sono il fiore&#8230;. &#8220;<\/div>\n<div dir=\"auto\"><\/div>\n<div dir=\"auto\"><a class=\"dt-pswp-item\" href=\"https:\/\/www.radiopiu.net\/wordpress\/wp-content\/uploads\/2026\/05\/444166812_10233534888380920_2890647289642477996_n-e1777621122816.jpg\" data-dt-img-description=\"\" data-large_image_width=\"206\" data-large_image_height=\"206\"><img loading=\"lazy\" decoding=\"async\" class=\"aligncenter size-full wp-image-509743\" src=\"https:\/\/www.radiopiu.net\/wordpress\/wp-content\/uploads\/2026\/05\/444166812_10233534888380920_2890647289642477996_n-e1777621122816.jpg\" alt=\"\" width=\"206\" height=\"206\" srcset=\"https:\/\/www.radiopiu.net\/wordpress\/wp-content\/uploads\/2026\/05\/444166812_10233534888380920_2890647289642477996_n-e1777621122816.jpg 206w, https:\/\/www.radiopiu.net\/wordpress\/wp-content\/uploads\/2026\/05\/444166812_10233534888380920_2890647289642477996_n-e1777621122816-150x150.jpg 150w\" sizes=\"auto, (max-width: 206px) 100vw, 206px\" \/><\/a><\/div>\n<\/div>\n<p>&nbsp;<\/p>\n<p>&nbsp;<\/p>\n<p>*****<\/p>\n<hr \/>\n<p data-start=\"945\" data-end=\"1186\" data-is-last-node=\"\" data-is-only-node=\"\">\n","protected":false},"excerpt":{"rendered":"<p>** 02 maggio 2026 Chiuse gli occhi, e il tempo sembr\u00f2 fermarsi proprio l\u00ec, sospeso tra un respiro e l\u2019altro. Non c\u2019era pi\u00f9 rumore, non c\u2019era pi\u00f9 corsa. Solo un lento scivolare delle ore, mentre dentro cresceva una speranza fragile: un miracolo, anche piccolo, anche breve. L\u2019ultimo alito si disperdeva nel silenzio, lasciando dietro di&hellip;<\/p>\n","protected":false},"author":4,"featured_media":509775,"comment_status":"closed","ping_status":"closed","sticky":false,"template":"","format":"standard","meta":{"_monsterinsights_skip_tracking":false,"_monsterinsights_sitenote_active":false,"_monsterinsights_sitenote_note":"","_monsterinsights_sitenote_category":0,"footnotes":""},"categories":[49],"tags":[],"class_list":["post-509737","post","type-post","status-publish","format-standard","has-post-thumbnail","hentry","category-news-18","category-49","description-off"],"img_url":"https:\/\/www.radiopiu.net\/wordpress\/wp-content\/uploads\/2026\/05\/82d10ad8-422a-4e0a-bc22-52bc4b66863a.png","_links":{"self":[{"href":"https:\/\/www.radiopiu.net\/wordpress\/wp-json\/wp\/v2\/posts\/509737","targetHints":{"allow":["GET"]}}],"collection":[{"href":"https:\/\/www.radiopiu.net\/wordpress\/wp-json\/wp\/v2\/posts"}],"about":[{"href":"https:\/\/www.radiopiu.net\/wordpress\/wp-json\/wp\/v2\/types\/post"}],"author":[{"embeddable":true,"href":"https:\/\/www.radiopiu.net\/wordpress\/wp-json\/wp\/v2\/users\/4"}],"replies":[{"embeddable":true,"href":"https:\/\/www.radiopiu.net\/wordpress\/wp-json\/wp\/v2\/comments?post=509737"}],"version-history":[{"count":6,"href":"https:\/\/www.radiopiu.net\/wordpress\/wp-json\/wp\/v2\/posts\/509737\/revisions"}],"predecessor-version":[{"id":509777,"href":"https:\/\/www.radiopiu.net\/wordpress\/wp-json\/wp\/v2\/posts\/509737\/revisions\/509777"}],"wp:featuredmedia":[{"embeddable":true,"href":"https:\/\/www.radiopiu.net\/wordpress\/wp-json\/wp\/v2\/media\/509775"}],"wp:attachment":[{"href":"https:\/\/www.radiopiu.net\/wordpress\/wp-json\/wp\/v2\/media?parent=509737"}],"wp:term":[{"taxonomy":"category","embeddable":true,"href":"https:\/\/www.radiopiu.net\/wordpress\/wp-json\/wp\/v2\/categories?post=509737"},{"taxonomy":"post_tag","embeddable":true,"href":"https:\/\/www.radiopiu.net\/wordpress\/wp-json\/wp\/v2\/tags?post=509737"}],"curies":[{"name":"wp","href":"https:\/\/api.w.org\/{rel}","templated":true}]}}