{"id":509809,"date":"2026-05-01T20:17:29","date_gmt":"2026-05-01T18:17:29","guid":{"rendered":"https:\/\/www.radiopiu.net\/wordpress\/?p=509809"},"modified":"2026-05-01T20:17:29","modified_gmt":"2026-05-01T18:17:29","slug":"scontro-sulla-ss-51-di-alemagna-cinque-feriti-e-traffico-bloccato","status":"publish","type":"post","link":"https:\/\/www.radiopiu.net\/wordpress\/scontro-sulla-ss-51-di-alemagna-cinque-feriti-e-traffico-bloccato\/","title":{"rendered":"SCONTRO SULLA SS 51 DI ALEMAGNA: CINQUE FERITI E TRAFFICO BLOCCATO"},"content":{"rendered":"<p>********<\/p>\n<p>&nbsp;<\/p>\n<p><strong><a class=\"dt-pswp-item\" href=\"https:\/\/www.radiopiu.net\/wordpress\/wp-content\/uploads\/2026\/05\/7c9fcb6f-4403-4e20-a3b4-a712474fe644.jpg\" data-dt-img-description=\"\" data-large_image_width=\"1280\" data-large_image_height=\"852\"><img loading=\"lazy\" decoding=\"async\" class=\"aligncenter size-medium wp-image-509810\" src=\"https:\/\/www.radiopiu.net\/wordpress\/wp-content\/uploads\/2026\/05\/7c9fcb6f-4403-4e20-a3b4-a712474fe644-300x200.jpg\" alt=\"\" width=\"300\" height=\"200\" srcset=\"https:\/\/www.radiopiu.net\/wordpress\/wp-content\/uploads\/2026\/05\/7c9fcb6f-4403-4e20-a3b4-a712474fe644-300x200.jpg 300w, https:\/\/www.radiopiu.net\/wordpress\/wp-content\/uploads\/2026\/05\/7c9fcb6f-4403-4e20-a3b4-a712474fe644-1024x682.jpg 1024w, https:\/\/www.radiopiu.net\/wordpress\/wp-content\/uploads\/2026\/05\/7c9fcb6f-4403-4e20-a3b4-a712474fe644-768x511.jpg 768w, https:\/\/www.radiopiu.net\/wordpress\/wp-content\/uploads\/2026\/05\/7c9fcb6f-4403-4e20-a3b4-a712474fe644.jpg 1280w\" sizes=\"auto, (max-width: 300px) 100vw, 300px\" \/><\/a>\u00a0<\/strong><\/p>\n<p><strong>LONGARONE <\/strong>Nel pomeriggio di oggi, intorno alle ore 16:30, un incidente stradale si \u00e8 verificato lungo la Strada Statale 51 di Alemagna, in localit\u00e0 Fa\u00e8, nel comune di Longarone. Il sinistro ha visto il coinvolgimento di due autovetture, all&#8217;interno delle quali viaggiavano complessivamente cinque persone. A causa del violento impatto, gli occupanti sono rimasti inizialmente intrappolati negli abitacoli. L\u2019intervento immediato dei Vigili del Fuoco di Belluno \u00e8 stato provvidenziale per liberare i feriti, in stretta collaborazione con il personale sanitario del SUEM 118 giunto sul posto. Le complesse operazioni di soccorso si sono concluse verso le 19:30. Per consentire le manovre e i rilievi di sicurezza, la statale \u00e8 rimasta completamente chiusa al traffico in entrambe le direzioni per oltre un&#8217;ora, generando notevoli disagi alla viabilit\u00e0. Presenti sul posto anche i Carabinieri e la Polizia di Stato. Le cause dell&#8217;incidente sono attualmente in fase di accertamento.<\/p>\n<p>&nbsp;<\/p>\n<p>&nbsp;<\/p>\n<p>&nbsp;<\/p>\n<p>&nbsp;<\/p>\n<p>*******<\/p>\n","protected":false},"excerpt":{"rendered":"<p>******** &nbsp; \u00a0 LONGARONE Nel pomeriggio di oggi, intorno alle ore 16:30, un incidente stradale si \u00e8 verificato lungo la Strada Statale 51 di Alemagna, in localit\u00e0 Fa\u00e8, nel comune di Longarone. Il sinistro ha visto il coinvolgimento di due autovetture, all&#8217;interno delle quali viaggiavano complessivamente cinque persone. A causa del violento impatto, gli occupanti&hellip;<\/p>\n","protected":false},"author":4,"featured_media":509810,"comment_status":"closed","ping_status":"closed","sticky":false,"template":"","format":"standard","meta":{"_monsterinsights_skip_tracking":false,"_monsterinsights_sitenote_active":false,"_monsterinsights_sitenote_note":"","_monsterinsights_sitenote_category":0,"footnotes":""},"categories":[51,49],"tags":[],"class_list":["post-509809","post","type-post","status-publish","format-standard","has-post-thumbnail","hentry","category-evidenza-top","category-news-18","category-51","category-49","description-off"],"img_url":"https:\/\/www.radiopiu.net\/wordpress\/wp-content\/uploads\/2026\/05\/7c9fcb6f-4403-4e20-a3b4-a712474fe644.jpg","_links":{"self":[{"href":"https:\/\/www.radiopiu.net\/wordpress\/wp-json\/wp\/v2\/posts\/509809","targetHints":{"allow":["GET"]}}],"collection":[{"href":"https:\/\/www.radiopiu.net\/wordpress\/wp-json\/wp\/v2\/posts"}],"about":[{"href":"https:\/\/www.radiopiu.net\/wordpress\/wp-json\/wp\/v2\/types\/post"}],"author":[{"embeddable":true,"href":"https:\/\/www.radiopiu.net\/wordpress\/wp-json\/wp\/v2\/users\/4"}],"replies":[{"embeddable":true,"href":"https:\/\/www.radiopiu.net\/wordpress\/wp-json\/wp\/v2\/comments?post=509809"}],"version-history":[{"count":1,"href":"https:\/\/www.radiopiu.net\/wordpress\/wp-json\/wp\/v2\/posts\/509809\/revisions"}],"predecessor-version":[{"id":509811,"href":"https:\/\/www.radiopiu.net\/wordpress\/wp-json\/wp\/v2\/posts\/509809\/revisions\/509811"}],"wp:featuredmedia":[{"embeddable":true,"href":"https:\/\/www.radiopiu.net\/wordpress\/wp-json\/wp\/v2\/media\/509810"}],"wp:attachment":[{"href":"https:\/\/www.radiopiu.net\/wordpress\/wp-json\/wp\/v2\/media?parent=509809"}],"wp:term":[{"taxonomy":"category","embeddable":true,"href":"https:\/\/www.radiopiu.net\/wordpress\/wp-json\/wp\/v2\/categories?post=509809"},{"taxonomy":"post_tag","embeddable":true,"href":"https:\/\/www.radiopiu.net\/wordpress\/wp-json\/wp\/v2\/tags?post=509809"}],"curies":[{"name":"wp","href":"https:\/\/api.w.org\/{rel}","templated":true}]}}