{"id":509909,"date":"2026-05-02T09:44:27","date_gmt":"2026-05-02T07:44:27","guid":{"rendered":"https:\/\/www.radiopiu.net\/wordpress\/?p=509909"},"modified":"2026-05-02T09:44:27","modified_gmt":"2026-05-02T07:44:27","slug":"viola-il-codice-rosso-stalker-finisce-in-carcere","status":"publish","type":"post","link":"https:\/\/www.radiopiu.net\/wordpress\/viola-il-codice-rosso-stalker-finisce-in-carcere\/","title":{"rendered":"VIOLA IL CODICE ROSSO, STALKER FINISCE IN CARCERE"},"content":{"rendered":"<p>*********<\/p>\n<p>&nbsp;<\/p>\n<p><strong><a class=\"dt-pswp-item\" href=\"https:\/\/www.radiopiu.net\/wordpress\/wp-content\/uploads\/2026\/05\/CARABINIERI-1.jpeg\" data-dt-img-description=\"\" data-large_image_width=\"1290\" data-large_image_height=\"802\"><img loading=\"lazy\" decoding=\"async\" class=\"aligncenter size-medium wp-image-509910\" src=\"https:\/\/www.radiopiu.net\/wordpress\/wp-content\/uploads\/2026\/05\/CARABINIERI-1-300x187.jpeg\" alt=\"\" width=\"300\" height=\"187\" srcset=\"https:\/\/www.radiopiu.net\/wordpress\/wp-content\/uploads\/2026\/05\/CARABINIERI-1-300x187.jpeg 300w, https:\/\/www.radiopiu.net\/wordpress\/wp-content\/uploads\/2026\/05\/CARABINIERI-1-1024x637.jpeg 1024w, https:\/\/www.radiopiu.net\/wordpress\/wp-content\/uploads\/2026\/05\/CARABINIERI-1-768x477.jpeg 768w, https:\/\/www.radiopiu.net\/wordpress\/wp-content\/uploads\/2026\/05\/CARABINIERI-1.jpeg 1290w\" sizes=\"auto, (max-width: 300px) 100vw, 300px\" \/><\/a>\u00a0<\/strong><\/p>\n<p><strong>BELLUNO <\/strong>L\u2019impegno dell\u2019Arma dei Carabinieri nella lotta alla violenza di genere non si esaurisce con la prima denuncia, ma prosegue con un monitoraggio costante e inflessibile. A Belluno, nella serata del 30 aprile, i militari hanno tratto in arresto un pensionato locale, dando esecuzione a un\u2019ordinanza di custodia cautelare in carcere emessa dal Tribunale. Il provvedimento rappresenta un drastico inasprimento delle misure precedenti, resosi necessario a causa della condotta recidiva dell&#8217;uomo. Il soggetto era gi\u00e0 sottoposto all\u2019allontanamento dalla casa familiare e al divieto di avvicinamento con monitoraggio tramite braccialetto elettronico per il reato di stalking. Tuttavia, l&#8217;attivit\u00e0 di vigilanza ininterrotta operata dalla Stazione di Belluno ha permesso di accertare reiterate violazioni delle prescrizioni imposte per tutelare la vittima. Grazie alle puntuali segnalazioni dei militari alla Procura, \u00e8 stato delineato un quadro di perdurante pericolosit\u00e0 che ha aperto all&#8217;uomo le porte del carcere. Questa operazione testimonia la priorit\u00e0 assoluta riservata alla prevenzione dei reati di genere. Il messaggio dell&#8217;Arma resta chiaro: &#8220;Abbiate fiducia nelle Istituzioni, denunciate&#8221;.<\/p>\n<p>&nbsp;<\/p>\n<p>&nbsp;<\/p>\n<p>&nbsp;<\/p>\n<p>&nbsp;<\/p>\n<p>***********<\/p>\n","protected":false},"excerpt":{"rendered":"<p>********* &nbsp; \u00a0 BELLUNO L\u2019impegno dell\u2019Arma dei Carabinieri nella lotta alla violenza di genere non si esaurisce con la prima denuncia, ma prosegue con un monitoraggio costante e inflessibile. A Belluno, nella serata del 30 aprile, i militari hanno tratto in arresto un pensionato locale, dando esecuzione a un\u2019ordinanza di custodia cautelare in carcere emessa&hellip;<\/p>\n","protected":false},"author":4,"featured_media":509910,"comment_status":"closed","ping_status":"closed","sticky":false,"template":"","format":"standard","meta":{"_monsterinsights_skip_tracking":false,"_monsterinsights_sitenote_active":false,"_monsterinsights_sitenote_note":"","_monsterinsights_sitenote_category":0,"footnotes":""},"categories":[51,49],"tags":[],"class_list":["post-509909","post","type-post","status-publish","format-standard","has-post-thumbnail","hentry","category-evidenza-top","category-news-18","category-51","category-49","description-off"],"img_url":"https:\/\/www.radiopiu.net\/wordpress\/wp-content\/uploads\/2026\/05\/CARABINIERI-1.jpeg","_links":{"self":[{"href":"https:\/\/www.radiopiu.net\/wordpress\/wp-json\/wp\/v2\/posts\/509909","targetHints":{"allow":["GET"]}}],"collection":[{"href":"https:\/\/www.radiopiu.net\/wordpress\/wp-json\/wp\/v2\/posts"}],"about":[{"href":"https:\/\/www.radiopiu.net\/wordpress\/wp-json\/wp\/v2\/types\/post"}],"author":[{"embeddable":true,"href":"https:\/\/www.radiopiu.net\/wordpress\/wp-json\/wp\/v2\/users\/4"}],"replies":[{"embeddable":true,"href":"https:\/\/www.radiopiu.net\/wordpress\/wp-json\/wp\/v2\/comments?post=509909"}],"version-history":[{"count":1,"href":"https:\/\/www.radiopiu.net\/wordpress\/wp-json\/wp\/v2\/posts\/509909\/revisions"}],"predecessor-version":[{"id":509911,"href":"https:\/\/www.radiopiu.net\/wordpress\/wp-json\/wp\/v2\/posts\/509909\/revisions\/509911"}],"wp:featuredmedia":[{"embeddable":true,"href":"https:\/\/www.radiopiu.net\/wordpress\/wp-json\/wp\/v2\/media\/509910"}],"wp:attachment":[{"href":"https:\/\/www.radiopiu.net\/wordpress\/wp-json\/wp\/v2\/media?parent=509909"}],"wp:term":[{"taxonomy":"category","embeddable":true,"href":"https:\/\/www.radiopiu.net\/wordpress\/wp-json\/wp\/v2\/categories?post=509909"},{"taxonomy":"post_tag","embeddable":true,"href":"https:\/\/www.radiopiu.net\/wordpress\/wp-json\/wp\/v2\/tags?post=509909"}],"curies":[{"name":"wp","href":"https:\/\/api.w.org\/{rel}","templated":true}]}}