{"id":509939,"date":"2026-05-02T10:53:05","date_gmt":"2026-05-02T08:53:05","guid":{"rendered":"https:\/\/www.radiopiu.net\/wordpress\/?p=509939"},"modified":"2026-05-02T10:53:05","modified_gmt":"2026-05-02T08:53:05","slug":"addio-ad-alex-zanardi-scompare-luomo-che-ha-insegnato-al-mondo-a-non-arrendersi","status":"publish","type":"post","link":"https:\/\/www.radiopiu.net\/wordpress\/addio-ad-alex-zanardi-scompare-luomo-che-ha-insegnato-al-mondo-a-non-arrendersi\/","title":{"rendered":"ADDIO AD ALEX ZANARDI: SCOMPARE L\u2019UOMO CHE HA INSEGNATO AL MONDO A NON ARRENDERSI"},"content":{"rendered":"<p>*********<\/p>\n<p>&nbsp;<\/p>\n<p><strong><a class=\"dt-pswp-item\" href=\"https:\/\/www.radiopiu.net\/wordpress\/wp-content\/uploads\/2026\/05\/ZANARDI.jpg\" data-dt-img-description=\"\" data-large_image_width=\"781\" data-large_image_height=\"470\"><img loading=\"lazy\" decoding=\"async\" class=\"aligncenter size-medium wp-image-509940\" src=\"https:\/\/www.radiopiu.net\/wordpress\/wp-content\/uploads\/2026\/05\/ZANARDI-300x181.jpg\" alt=\"\" width=\"300\" height=\"181\" srcset=\"https:\/\/www.radiopiu.net\/wordpress\/wp-content\/uploads\/2026\/05\/ZANARDI-300x181.jpg 300w, https:\/\/www.radiopiu.net\/wordpress\/wp-content\/uploads\/2026\/05\/ZANARDI-768x462.jpg 768w, https:\/\/www.radiopiu.net\/wordpress\/wp-content\/uploads\/2026\/05\/ZANARDI.jpg 781w\" sizes=\"auto, (max-width: 300px) 100vw, 300px\" \/><\/a>\u00a0<\/strong><\/p>\n<p><strong>REDAZIONE <\/strong>Il mondo dello sport e l\u2019Italia intera piangono Alessandro Zanardi. Il campione bolognese si \u00e8 spento ieri, 1 maggio, all&#8217;et\u00e0 di 59 anni. L\u2019annuncio \u00e8 arrivato in una nota ufficiale della famiglia, che ha stretto Alex in un ultimo, commosso abbraccio. &#8220;Si \u00e8 spento serenamente&#8221;, hanno dichiarato i congiunti, chiedendo silenzio e rispetto per un dolore che oggi appartiene a un\u2019intera nazione. Zanardi non \u00e8 stato solo un pilota di Formula 1 o un fuoriclasse del paraciclismo, disciplina in cui ha conquistato quattro ori olimpici tra Londra e Rio. \u00c8 stato, soprattutto, un simbolo di resilienza. Dopo il tragico incidente del 2001 e l&#8217;amputazione delle gambe, Alex aveva trasformato la disabilit\u00e0 in una nuova, straordinaria opportunit\u00e0 di vita. La sua corsa si era per\u00f2 tragicamente complicata nel 2020, a causa di un secondo scontro stradale durante una staffetta di beneficenza nel senese. Ironico, empatico e instancabile, Zanardi ha fatto crescere il movimento paralimpico pi\u00f9 di chiunque altro, offrendo speranza a chi pensava di aver perso tutto. Oggi lascia la moglie Daniela e il figlio Niccol\u00f2, ma la sua eredit\u00e0 resta scolpita nella storia: l&#8217;esempio di un uomo che, nonostante i colpi di un destino a volte crudele, non ha mai smesso di sorridere alla vita.<\/p>\n<p>&nbsp;<\/p>\n<p>&nbsp;<\/p>\n<p>&nbsp;<\/p>\n<p>&nbsp;<\/p>\n<p>&nbsp;<\/p>\n<p>***********<\/p>\n","protected":false},"excerpt":{"rendered":"<p>********* &nbsp; \u00a0 REDAZIONE Il mondo dello sport e l\u2019Italia intera piangono Alessandro Zanardi. Il campione bolognese si \u00e8 spento ieri, 1 maggio, all&#8217;et\u00e0 di 59 anni. L\u2019annuncio \u00e8 arrivato in una nota ufficiale della famiglia, che ha stretto Alex in un ultimo, commosso abbraccio. &#8220;Si \u00e8 spento serenamente&#8221;, hanno dichiarato i congiunti, chiedendo silenzio&hellip;<\/p>\n","protected":false},"author":4,"featured_media":509940,"comment_status":"closed","ping_status":"closed","sticky":false,"template":"","format":"standard","meta":{"_monsterinsights_skip_tracking":false,"_monsterinsights_sitenote_active":false,"_monsterinsights_sitenote_note":"","_monsterinsights_sitenote_category":0,"footnotes":""},"categories":[51,49],"tags":[],"class_list":["post-509939","post","type-post","status-publish","format-standard","has-post-thumbnail","hentry","category-evidenza-top","category-news-18","category-51","category-49","description-off"],"img_url":"https:\/\/www.radiopiu.net\/wordpress\/wp-content\/uploads\/2026\/05\/ZANARDI.jpg","_links":{"self":[{"href":"https:\/\/www.radiopiu.net\/wordpress\/wp-json\/wp\/v2\/posts\/509939","targetHints":{"allow":["GET"]}}],"collection":[{"href":"https:\/\/www.radiopiu.net\/wordpress\/wp-json\/wp\/v2\/posts"}],"about":[{"href":"https:\/\/www.radiopiu.net\/wordpress\/wp-json\/wp\/v2\/types\/post"}],"author":[{"embeddable":true,"href":"https:\/\/www.radiopiu.net\/wordpress\/wp-json\/wp\/v2\/users\/4"}],"replies":[{"embeddable":true,"href":"https:\/\/www.radiopiu.net\/wordpress\/wp-json\/wp\/v2\/comments?post=509939"}],"version-history":[{"count":1,"href":"https:\/\/www.radiopiu.net\/wordpress\/wp-json\/wp\/v2\/posts\/509939\/revisions"}],"predecessor-version":[{"id":509941,"href":"https:\/\/www.radiopiu.net\/wordpress\/wp-json\/wp\/v2\/posts\/509939\/revisions\/509941"}],"wp:featuredmedia":[{"embeddable":true,"href":"https:\/\/www.radiopiu.net\/wordpress\/wp-json\/wp\/v2\/media\/509940"}],"wp:attachment":[{"href":"https:\/\/www.radiopiu.net\/wordpress\/wp-json\/wp\/v2\/media?parent=509939"}],"wp:term":[{"taxonomy":"category","embeddable":true,"href":"https:\/\/www.radiopiu.net\/wordpress\/wp-json\/wp\/v2\/categories?post=509939"},{"taxonomy":"post_tag","embeddable":true,"href":"https:\/\/www.radiopiu.net\/wordpress\/wp-json\/wp\/v2\/tags?post=509939"}],"curies":[{"name":"wp","href":"https:\/\/api.w.org\/{rel}","templated":true}]}}