{"id":52792,"date":"2018-07-02T08:45:39","date_gmt":"2018-07-02T06:45:39","guid":{"rendered":"http:\/\/www.radiopiu.net\/wordpress\/?p=52792"},"modified":"2018-07-02T08:45:39","modified_gmt":"2018-07-02T06:45:39","slug":"sindaco-necessitano-risposte","status":"publish","type":"post","link":"https:\/\/www.radiopiu.net\/wordpress\/sindaco-necessitano-risposte\/","title":{"rendered":"SINDACO NECESSITANO RISPOSTE!"},"content":{"rendered":"<p>&nbsp;<\/p>\n<blockquote>\n<h1>PERSISTENTI DISAGI IDRICI IN LOCALITA&#8217; FAION, COL DI FOGLIA E DA IERI ANCHE PRAGRANDE<\/h1>\n<\/blockquote>\n<p><strong><img loading=\"lazy\" decoding=\"async\" class=\"size-medium wp-image-6703 alignleft\" src=\"http:\/\/www.radiopiu.net\/wordpress\/wp-content\/uploads\/2015\/06\/bimgsp-300x168.jpg\" alt=\"\" width=\"300\" height=\"168\" \/>AGORDO\u00a0<\/strong>Anche ieri per tutta la giornata problemi con l&#8217;acqua in localit\u00e0 Col di Foglia, Faion e anche Pragrande. Disagi a catena e continue lamentele e proteste verso Gsp che da giorni promette di risolvere il problema. Oggi dovrebbe arrivare anche una ditta specializzata da Trento per capirne qualche cosa di pi\u00f9&#8230; sar\u00e0 la volta buona?<br \/>\n<strong>I MESSAGGI DI IERI<\/strong><br \/>\nLORIANA BONELLO: Oggi anche a Pragrande siamo senza acqua! GSP ha risposta che il problema si risolver\u00e0 nel pomeriggio, ma che sono problemi tecnici sulla rete dell\u2019acquedotto e che ci vuole tempo<br \/>\nLUIGINA DA RONCH A me hanno dato la stessa risposta ma \u00e8 qualche giorno che la pressione dell&#8217;acqua \u00e8 bassa<br \/>\nFABIO FOLLI: Vorrei fargli leggere le bollette per ricordargli un paio di cosine.<\/p>\n<p><strong>LA LETTERA A RADIO PIU:<\/strong><\/p>\n<p><em>grazie se vorrete leggere questo messaggio: il sindaco di Agordo ha chiesto di essere informato se i disservizi idrici in Col di Foglia continuavano. Ebbene , sono un cittadino di questa localit\u00e0 e lo informo che oggi,domenica dalle ore 11 di mattina a tutt&#8217;ora che sono le 18,30 dal mio rubinetto non \u00e8 uscita una goccia d&#8217;acqua. Spero che almeno lui ci possa dare la risposta che evidentemente GSP non riesce a darci, visto che ci riesce difficile credere che ogni 3 giorni ci sia un guasto! Ringrazio Radio Pi\u00f9 perch\u00e9 \u00e8 l&#8217; unica che pu\u00f2 dare voce al nostro disagio. Firmato un residente del Col di Foglia<\/em><\/p>\n","protected":false},"excerpt":{"rendered":"<p>&nbsp; PERSISTENTI DISAGI IDRICI IN LOCALITA&#8217; FAION, COL DI FOGLIA E DA IERI ANCHE PRAGRANDE AGORDO\u00a0Anche ieri per tutta la giornata problemi con l&#8217;acqua in localit\u00e0 Col di Foglia, Faion e anche Pragrande. Disagi a catena e continue lamentele e proteste verso Gsp che da giorni promette di risolvere il problema. Oggi dovrebbe arrivare anche&hellip;<\/p>\n","protected":false},"author":1,"featured_media":0,"comment_status":"closed","ping_status":"closed","sticky":false,"template":"","format":"standard","meta":{"_monsterinsights_skip_tracking":false,"_monsterinsights_sitenote_active":false,"_monsterinsights_sitenote_note":"","_monsterinsights_sitenote_category":0,"footnotes":""},"categories":[2,49],"tags":[],"class_list":["post-52792","post","type-post","status-publish","format-standard","hentry","category-news","category-news-18","category-2","category-49","description-off"],"img_url":false,"_links":{"self":[{"href":"https:\/\/www.radiopiu.net\/wordpress\/wp-json\/wp\/v2\/posts\/52792","targetHints":{"allow":["GET"]}}],"collection":[{"href":"https:\/\/www.radiopiu.net\/wordpress\/wp-json\/wp\/v2\/posts"}],"about":[{"href":"https:\/\/www.radiopiu.net\/wordpress\/wp-json\/wp\/v2\/types\/post"}],"author":[{"embeddable":true,"href":"https:\/\/www.radiopiu.net\/wordpress\/wp-json\/wp\/v2\/users\/1"}],"replies":[{"embeddable":true,"href":"https:\/\/www.radiopiu.net\/wordpress\/wp-json\/wp\/v2\/comments?post=52792"}],"version-history":[{"count":0,"href":"https:\/\/www.radiopiu.net\/wordpress\/wp-json\/wp\/v2\/posts\/52792\/revisions"}],"wp:attachment":[{"href":"https:\/\/www.radiopiu.net\/wordpress\/wp-json\/wp\/v2\/media?parent=52792"}],"wp:term":[{"taxonomy":"category","embeddable":true,"href":"https:\/\/www.radiopiu.net\/wordpress\/wp-json\/wp\/v2\/categories?post=52792"},{"taxonomy":"post_tag","embeddable":true,"href":"https:\/\/www.radiopiu.net\/wordpress\/wp-json\/wp\/v2\/tags?post=52792"}],"curies":[{"name":"wp","href":"https:\/\/api.w.org\/{rel}","templated":true}]}}