{"id":52859,"date":"2018-07-03T11:24:35","date_gmt":"2018-07-03T09:24:35","guid":{"rendered":"http:\/\/www.radiopiu.net\/wordpress\/?p=52859"},"modified":"2018-07-03T18:03:28","modified_gmt":"2018-07-03T16:03:28","slug":"giornale-radiopiu-03-luglio-2018-direttore-mirko-mezzacasa","status":"publish","type":"post","link":"https:\/\/www.radiopiu.net\/wordpress\/giornale-radiopiu-03-luglio-2018-direttore-mirko-mezzacasa\/","title":{"rendered":"GIORNALE RADIOPIU 03 LUGLIO 2018 DIRETTORE MIRKO MEZZACASA"},"content":{"rendered":"<h1>MALORE MORTALE ALLE CASCATE DI FANES<\/h1>\n<p><strong><img loading=\"lazy\" decoding=\"async\" class=\" wp-image-52861 alignleft\" src=\"http:\/\/www.radiopiu.net\/wordpress\/wp-content\/uploads\/2018\/07\/cascate-di-fanes-300x225.jpg\" alt=\"\" width=\"168\" height=\"126\" srcset=\"https:\/\/www.radiopiu.net\/wordpress\/wp-content\/uploads\/2018\/07\/cascate-di-fanes-300x225.jpg 300w, https:\/\/www.radiopiu.net\/wordpress\/wp-content\/uploads\/2018\/07\/cascate-di-fanes.jpg 550w\" sizes=\"auto, (max-width: 168px) 100vw, 168px\" \/>CORTINA<\/strong> Ieri poco prima di mezzogiorno il 118 \u00e8 stato allertato per un escursionista colto da malore sul sentiero nella zona delle Cascate di Fanes, a circa 1.480 metri di quota. Alcuni passanti erano stati richiamati dalle grida della compagna e, accorsi, avevano subito tentato di rianimarlo. L&#8217;elicottero dell&#8217;Aiut Alpin Dolomites, sopraggiunto nel frattempo, ha sbarcato personale medico e tecnico di elisoccorso che sono subentrati nelle manovre di emergenza. Recuperato con il verricello, l&#8217;uomo, un turista inglese di 64 anni, \u00e8 stato trasportato all&#8217;ospedale di Belluno, dove poi ne \u00e8 stato purtroppo constatato il decesso. Sul posto personale del Sagf di Cortina. Pronto a intervenire anche il Soccorso alpino di Cortina.<\/p>\n<p>&nbsp;<\/p>\n<p>&nbsp;<\/p>\n<blockquote>\n<h1><\/h1>\n<h1><\/h1>\n<h1>MUORE PER LE PUNTURE DEI CALABRONI<\/h1>\n<\/blockquote>\n<p><strong>LIMANA Maurizio Agricola, 66 anni pensionato di Limana \u00e8 morto per shock anafilattico nel giardino di casa, a nulla sono vale le manovre per rianimarlo dei sanitari che lo hanno trasportato immediatamente all&#8217;ospedale di Belluno. La causa: le punture di calabroni, l&#8217;uomo non era a conoscenza di esserne allergico. E&#8217; morto nel giardino di casa in localit\u00e0 Ceresera dopo aver chiesto aiuto alla moglie. L&#8217;uomo ha lavorato per molti anni alla Zampieri, era da tempo in pensione. Domani alle 15 i funerali a Limana.<\/strong><\/p>\n<p>&nbsp;<\/p>\n<p>&nbsp;<\/p>\n<p>&nbsp;<\/p>\n<h1>RITROVATI DUE RAGAZZI IN DIFFICOLT\u00c0 SUI PIANI ETERNI<\/h1>\n<p><strong><img loading=\"lazy\" decoding=\"async\" class=\" wp-image-52862 alignleft\" src=\"http:\/\/www.radiopiu.net\/wordpress\/wp-content\/uploads\/2018\/07\/download-1.jpg\" alt=\"\" width=\"180\" height=\"120\" \/>SAN GREGORIO NELLA ALPI<\/strong> Ieri sera due ragazzi sono stati individuati, raggiunti e riportati a valle valle con i soccorritori, avevano smarrito il sentiero per la presenza della nebbia, si sono trovati in difficolt\u00e0 nella zona dell&#8217;altopiano di Erera-Brendol, i Piani Eterni. Grazie a un momento in cui hanno trovato copertura telefonica, sono riusciti a contattare il 118 e a rispondere al messaggio dell&#8217;applicazione per smartphone che riesce a risalire alle coordinate Gps. Una squadra del Soccorso alpino di Feltre \u00e8 salita con la jeep, un soccorritore con una moto trial. Arrivati nella zona, li hanno chiamati e, quando hanno risposto, sono risaliti alla loro posizione all&#8217;altezza del Vallonetto.<\/p>\n<p>&nbsp;<\/p>\n<p>&nbsp;<\/p>\n<p>&nbsp;<\/p>\n<blockquote>\n<h1>DOMANI CENCENIGHE SENZ&#8217;ACQUA, INTERRUZIONE PROGRAMMATA<\/h1>\n<\/blockquote>\n<p><strong><img loading=\"lazy\" decoding=\"async\" class=\" wp-image-52863 alignleft\" src=\"http:\/\/www.radiopiu.net\/wordpress\/wp-content\/uploads\/2018\/07\/ACX-acp40179-kCzD-835x437@IlSole24Ore-Web-300x157.jpg\" alt=\"\" width=\"168\" height=\"88\" srcset=\"https:\/\/www.radiopiu.net\/wordpress\/wp-content\/uploads\/2018\/07\/ACX-acp40179-kCzD-835x437@IlSole24Ore-Web-300x157.jpg 300w, https:\/\/www.radiopiu.net\/wordpress\/wp-content\/uploads\/2018\/07\/ACX-acp40179-kCzD-835x437@IlSole24Ore-Web-768x402.jpg 768w, https:\/\/www.radiopiu.net\/wordpress\/wp-content\/uploads\/2018\/07\/ACX-acp40179-kCzD-835x437@IlSole24Ore-Web.jpg 835w\" sizes=\"auto, (max-width: 168px) 100vw, 168px\" \/>CENCENIGHE<\/strong> Gestione Servizi Pubblici informa che, per lavori alla rete idrica comunale, domani dalle 8 a FINE LAVORI, verr\u00e0 sospesa l\u2019erogazione dell\u2019acqua nelle vie 20 SETTEMBRE, PENNSYLVANIA, VERONETTA e G. DE BIASIO (parte bassa). Il personale addetto operer\u00e0 per limitare il pi\u00f9 possibile i disagi alla popolazione.<\/p>\n<h2>ACQUA INQUINATA<\/h2>\n<p>A Pramaor di Trichiana e a Bardies, Tallandino, Corte e Torta di Mel l\u2019acqua erogata dall\u2019acquedotto non \u00e8 potabile e non pu\u00f2, quindi, essere utilizzata per usi alimentari.<\/p>\n<p>&nbsp;<\/p>\n<p>&nbsp;<\/p>\n<p>&nbsp;<\/p>\n<h1>DISAGIO IDRICO AD AGORDO. IERI, IL SINDACO SISTO DA ROIT<\/h1>\n<p><strong>COMUNICAZIONE DEL PRIMO CITTADINO, IERI POMERIGGIO\u00a0<\/strong><br \/>\n<strong><img loading=\"lazy\" decoding=\"async\" class=\"size-full wp-image-52864 alignleft\" src=\"http:\/\/www.radiopiu.net\/wordpress\/wp-content\/uploads\/2018\/07\/images.jpg\" alt=\"\" width=\"297\" height=\"170\" \/>AGORDO<\/strong> &#8220;Tecnici Gsp dicono che hanno trovato la vasca di Ceramasse e di Colvignas con livello bassi. Ora stanno provvedendo alla ricarica delle vasche e, il problema, almeno in parte, dovrebbe risolvere diverse criticit\u00e0. Nella notte\u00a0 sostituite le tubazioni che portano l&#8217;acqua alla vasca di Colvignas con altre di\u00a0 diametro maggiore. Da\u00a0 ieri mattina sono iniziate le verifiche sull&#8217;acquedotto che serve Faion, Col di Foglia e Pragrande. Le verifiche riguarderanno anche gli allacciamenti&#8221;.<br \/>\n\u00c8 una grossa perdita nella rete di distribuzione la causa del problema di carenza idrica riscontrato in questi giorni da una buona parte dell\u2019abitato di Agordo. Lo hanno individuato ieri i tecnici di Bim Gsp e della ditta trentina specializzata chiamata per l\u2019occasione.<\/p>\n<p><span style=\"color: #ff0000;\">di Gianni Santomaso<\/span><\/p>\n<audio class=\"wp-audio-shortcode\" id=\"audio-52859-1\" preload=\"none\" style=\"width: 100%;\" controls=\"controls\"><source type=\"audio\/mpeg\" src=\"http:\/\/www.radiopiu.net\/wordpress\/wp-content\/uploads\/2018\/07\/Carenza-idrica-Agordo.mp3?_=1\" \/><a href=\"http:\/\/www.radiopiu.net\/wordpress\/wp-content\/uploads\/2018\/07\/Carenza-idrica-Agordo.mp3\">http:\/\/www.radiopiu.net\/wordpress\/wp-content\/uploads\/2018\/07\/Carenza-idrica-Agordo.mp3<\/a><\/audio>\n<p>&nbsp;<\/p>\n<p>&nbsp;<\/p>\n<p>&nbsp;<\/p>\n<blockquote><p>&nbsp;<\/p><\/blockquote>\n<p>&nbsp;<\/p>\n<blockquote>\n<h1>ENTRARE NEL CUORE DELLA MONTAGNA IN VALLE IMPERINA PRESTO SI POTRA&#8217;. SIAMO ENTRATI A &#8220;LAVORI IN CORSO&#8221; ECCO IL VIDEO IN ANTEPRIMA<\/h1>\n<\/blockquote>\n<p><span style=\"color: #ff0000;\">di Gianni Santomaso_Corriere delle Alpi<\/span><br \/>\n<strong><img loading=\"lazy\" decoding=\"async\" class=\" wp-image-52865 alignleft\" src=\"http:\/\/www.radiopiu.net\/wordpress\/wp-content\/uploads\/2018\/07\/download-1-1.jpg\" alt=\"\" width=\"338\" height=\"225\" \/><\/strong><\/p>\n<p>&nbsp;<\/p>\n<p>&nbsp;<\/p>\n<p><strong>RIVAMONTE I LAVORI SONO IN FASE DI ULTIMAZIONE, LA GALLERIA SARA&#8217; APERTA AL PUBBLICO\u00a0 DALL&#8217;ESTATE 2019\u00a0<\/strong>L&#8217;ha percorsa per noi realizzandone uno splendido video, Gianni Santomaso. Ascoltiamo nella lettura dell&#8217;articolo di oggi sul Corriere delle Alpi e godiamoci le immagini in galleria.<\/p>\n<p>&nbsp;<\/p>\n<p>&nbsp;<\/p>\n<p><span style=\"color: #0000ff;\">AUDIO<\/span><\/p>\n<audio class=\"wp-audio-shortcode\" id=\"audio-52859-2\" preload=\"none\" style=\"width: 100%;\" controls=\"controls\"><source type=\"audio\/mpeg\" src=\"http:\/\/www.radiopiu.net\/wordpress\/wp-content\/uploads\/2018\/07\/Lavori-a-Valle-Imperina.mp3?_=2\" \/><a href=\"http:\/\/www.radiopiu.net\/wordpress\/wp-content\/uploads\/2018\/07\/Lavori-a-Valle-Imperina.mp3\">http:\/\/www.radiopiu.net\/wordpress\/wp-content\/uploads\/2018\/07\/Lavori-a-Valle-Imperina.mp3<\/a><\/audio>\n<p><span style=\"color: #0000ff;\">VIDEO<\/span><\/p>\n<div style=\"width: 640px;\" class=\"wp-video\"><video class=\"wp-video-shortcode\" id=\"video-52859-1\" width=\"640\" height=\"352\" preload=\"metadata\" controls=\"controls\"><source type=\"video\/mp4\" src=\"http:\/\/www.radiopiu.net\/wordpress\/wp-content\/uploads\/2018\/07\/WhatsApp-Video-2018-07-02-at-18.55.28.mp4?_=1\" \/><a href=\"http:\/\/www.radiopiu.net\/wordpress\/wp-content\/uploads\/2018\/07\/WhatsApp-Video-2018-07-02-at-18.55.28.mp4\">http:\/\/www.radiopiu.net\/wordpress\/wp-content\/uploads\/2018\/07\/WhatsApp-Video-2018-07-02-at-18.55.28.mp4<\/a><\/video><\/div>\n<h1><\/h1>\n<p>&nbsp;<\/p>\n<p>&nbsp;<\/p>\n<blockquote>\n<h1><\/h1>\n<h1>AUTONOMIA CACCIA-PESCA, L&#8217;INCONTRO DI IERI SERA<\/h1>\n<\/blockquote>\n<p><img loading=\"lazy\" decoding=\"async\" class=\"size-medium wp-image-27162 alignleft\" src=\"http:\/\/www.radiopiu.net\/wordpress\/wp-content\/uploads\/2017\/01\/1439544293-1343990265-cacciatori-italiani-300x186.jpg\" alt=\"\" width=\"300\" height=\"186\" \/>La Provincia gestiva bene il settore faunistico venatorio, quindi non si capisce la necessit\u00e0 di cambiare. Per Roger\u00a0 De Menech un sistema che funziona non va modificato.<\/p>\n<p><span style=\"color: #ff0000;\">AUDIO. ROGER DE MENECH<\/span><\/p>\n<audio class=\"wp-audio-shortcode\" id=\"audio-52859-3\" preload=\"none\" style=\"width: 100%;\" controls=\"controls\"><source type=\"audio\/mpeg\" src=\"http:\/\/www.radiopiu.net\/wordpress\/wp-content\/uploads\/2018\/07\/ROFER.mp3?_=3\" \/><a href=\"http:\/\/www.radiopiu.net\/wordpress\/wp-content\/uploads\/2018\/07\/ROFER.mp3\">http:\/\/www.radiopiu.net\/wordpress\/wp-content\/uploads\/2018\/07\/ROFER.mp3<\/a><\/audio>\n<blockquote><p>&nbsp;<\/p><\/blockquote>\n<p>&nbsp;<\/p>\n<p>&nbsp;<\/p>\n<blockquote>\n<h1>CONTRO IL PARCHEGGIO &#8220;SCAMBIATORE&#8221;<\/h1>\n<\/blockquote>\n<p><strong><img loading=\"lazy\" decoding=\"async\" class=\"size-medium wp-image-52828 alignleft\" src=\"http:\/\/www.radiopiu.net\/wordpress\/wp-content\/uploads\/2018\/07\/PARK-NOF-FILO-300x196.jpg\" alt=\"\" width=\"300\" height=\"196\" srcset=\"https:\/\/www.radiopiu.net\/wordpress\/wp-content\/uploads\/2018\/07\/PARK-NOF-FILO-300x196.jpg 300w, https:\/\/www.radiopiu.net\/wordpress\/wp-content\/uploads\/2018\/07\/PARK-NOF-FILO-768x502.jpg 768w, https:\/\/www.radiopiu.net\/wordpress\/wp-content\/uploads\/2018\/07\/PARK-NOF-FILO.jpg 970w\" sizes=\"auto, (max-width: 300px) 100vw, 300px\" \/>CENCENIGHE:<\/strong> Importante decisione dell&#8217;amministrazione comunale di Cencenighe senza mettere le mani nel portafoglio del contribuente. Infatti, per mettere fine alle soste senza tempo di automobilisti che scambiano la piazza difronte al Nof Filo&#8217; per un parcheggio scambiatore, il Comune ha deciso di normare gli stalli con il disco orario di 120 minuti. In questo modo si eviter\u00e0 che le auto vengano parcheggiate per un giorno intero o anche di pi\u00f9 tra l&#8217;altro in prossimit\u00e0 del Municipio, dell&#8217;ufficio proloco, dell&#8217;uffucio della Siae e attivit\u00e0 commerciali del centro.<br \/>\n<span style=\"color: #ff0000;\"><strong>IL SINDACO DI CENCENIGHE, MAURO SOPPELSA<\/strong><\/span><\/p>\n<audio class=\"wp-audio-shortcode\" id=\"audio-52859-4\" preload=\"none\" style=\"width: 100%;\" controls=\"controls\"><source type=\"audio\/mpeg\" src=\"http:\/\/www.radiopiu.net\/wordpress\/wp-content\/uploads\/2018\/07\/MAURO-NOF-FILO.mp3?_=4\" \/><a href=\"http:\/\/www.radiopiu.net\/wordpress\/wp-content\/uploads\/2018\/07\/MAURO-NOF-FILO.mp3\">http:\/\/www.radiopiu.net\/wordpress\/wp-content\/uploads\/2018\/07\/MAURO-NOF-FILO.mp3<\/a><\/audio>\n<p>&nbsp;<\/p>\n<p>&nbsp;<\/p>\n<p>&nbsp;<\/p>\n<p>&nbsp;<\/p>\n<blockquote>\n<h1>MALEDUCATI A 2 GAMBE<\/h1>\n<\/blockquote>\n<p><strong><img loading=\"lazy\" decoding=\"async\" class=\"size-medium wp-image-52832 alignleft\" src=\"http:\/\/www.radiopiu.net\/wordpress\/wp-content\/uploads\/2018\/07\/WhatsApp-Image-2018-07-02-at-15.09.00-225x300.jpeg\" alt=\"\" width=\"225\" height=\"300\" srcset=\"https:\/\/www.radiopiu.net\/wordpress\/wp-content\/uploads\/2018\/07\/WhatsApp-Image-2018-07-02-at-15.09.00-225x300.jpeg 225w, https:\/\/www.radiopiu.net\/wordpress\/wp-content\/uploads\/2018\/07\/WhatsApp-Image-2018-07-02-at-15.09.00.jpeg 768w\" sizes=\"auto, (max-width: 225px) 100vw, 225px\" \/>AGORDO<\/strong> Non si dica che mancano i cestini ad Agordo, non si dica che i proprietari dei cani non abbiano la possibilit\u00e0 di depositare le deiezioni dei loro amati cani nei contenitori appositi. Quello che vediamo in foto \u00e8 vergognoso al pari della maleduzione di quel padrone che dopo aver raccolto i ricordi lasciati per strada dal suo animaletto li ha depositati nel porta mozziconi di sigarette davanti al negozio Il Gelato.<br \/>\n<img loading=\"lazy\" decoding=\"async\" class=\"size-medium wp-image-52826 alignright\" src=\"http:\/\/www.radiopiu.net\/wordpress\/wp-content\/uploads\/2018\/07\/36463598_10204993884682285_1370938897864851456_n-300x225.jpg\" alt=\"\" width=\"300\" height=\"225\" srcset=\"https:\/\/www.radiopiu.net\/wordpress\/wp-content\/uploads\/2018\/07\/36463598_10204993884682285_1370938897864851456_n-300x225.jpg 300w, https:\/\/www.radiopiu.net\/wordpress\/wp-content\/uploads\/2018\/07\/36463598_10204993884682285_1370938897864851456_n-768x576.jpg 768w, https:\/\/www.radiopiu.net\/wordpress\/wp-content\/uploads\/2018\/07\/36463598_10204993884682285_1370938897864851456_n.jpg 960w\" sizes=\"auto, (max-width: 300px) 100vw, 300px\" \/>Altroch\u00e9 se Agordo necessita di telecamere e fototrappole, la maleducazione regna sovrana, le segnalazioni sono ormai quotidiane, come quella di Paolo Ferraro che ha fotografato carte e cartacce in uno dei punti pi\u00f9 belli di Agordo che dalla piazza porta all&#8217;Isola Pedonale. Possibile che i furbi della maleduazione riescano sempre a farla franca?<br \/>\nNADIA SIRENA:&#8221;Io, dalle immagini postate (pagina facebook sei di agordo se&#8230;), non ho colto immediatamente i rifiuti bens\u00ec lo stato murario deplorevole che noto da parecchio tempo.Abito in via Carrera e il problema rifiuti e escrementi di cane lo segnalo da tempo. Parlare su fb \u00e8 una valvola di sfogo, ma non risolve nulla. Altri i provvedimenti da prendere per far desistere i maleducati&#8221;.<br \/>\nDice bene Moreno Geremetta: &#8220;Se non erro sporcare il suolo pubblico \u00e9 perseguibile per legge con una bella multa, chi di dovere dovrebbe iniziare a far rispettare la legge. E poi qualche telecamera in pi\u00f9 non guasterebbe e dovrebbe essere usata per reprimere comportamenti scorretti, pura utopia&#8221;.<\/p>\n<p>&nbsp;<\/p>\n<p>&nbsp;<\/p>\n<p>&nbsp;<\/p>\n<h1><\/h1>\n<h1><\/h1>\n<h1><\/h1>\n<h1><\/h1>\n<h1>CONSIGLIO DA STADIO<\/h1>\n<p><strong>ALLEGHE<\/strong> Si riunisce domani alle 18.30 il consiglio comunale di Alleghe presso la sala consiliare del Municipio. Un solo punto all&#8217;ordine del giorno, ma importante per il futuro dello stadio del ghiaccio in centro al al paese. Infatti i consiglieri sono invitati alla discussione sulla gestione dell&#8217;impianto.<\/p>\n<p><img loading=\"lazy\" decoding=\"async\" class=\" wp-image-12218\" src=\"http:\/\/www.radiopiu.net\/wordpress\/wp-content\/uploads\/2015\/10\/foto-stadio1-300x181.jpg\" alt=\"\" width=\"234\" height=\"141\" \/><\/p>\n<p><span style=\"color: #ff0000;\"><strong>IL SINDACO DI ALLEGHE, SIRO DE BIASIO<\/strong><\/span><\/p>\n<audio class=\"wp-audio-shortcode\" id=\"audio-52859-5\" preload=\"none\" style=\"width: 100%;\" controls=\"controls\"><source type=\"audio\/mpeg\" src=\"http:\/\/www.radiopiu.net\/wordpress\/wp-content\/uploads\/2018\/07\/SIRO-DE-BIASIO.mp3?_=5\" \/><a href=\"http:\/\/www.radiopiu.net\/wordpress\/wp-content\/uploads\/2018\/07\/SIRO-DE-BIASIO.mp3\">http:\/\/www.radiopiu.net\/wordpress\/wp-content\/uploads\/2018\/07\/SIRO-DE-BIASIO.mp3<\/a><\/audio>\n<h3><\/h3>\n<p>&nbsp;<\/p>\n<blockquote>\n<h1>QUESTA SERA CONSIGLIO COMUNALE A GOSALDO<\/h1>\n<p><strong><img loading=\"lazy\" decoding=\"async\" class=\" wp-image-34620 alignleft\" src=\"http:\/\/www.radiopiu.net\/wordpress\/wp-content\/uploads\/2017\/07\/Giocondo-OK-.jpg\" alt=\"\" width=\"136\" height=\"154\" \/>IL SINDACO GIOCONDO DALLE FESTE<\/strong><\/p><\/blockquote>\n<audio class=\"wp-audio-shortcode\" id=\"audio-52859-6\" preload=\"none\" style=\"width: 100%;\" controls=\"controls\"><source type=\"audio\/mpeg\" src=\"http:\/\/www.radiopiu.net\/wordpress\/wp-content\/uploads\/2018\/07\/GIOCONDO.mp3?_=6\" \/><a href=\"http:\/\/www.radiopiu.net\/wordpress\/wp-content\/uploads\/2018\/07\/GIOCONDO.mp3\">http:\/\/www.radiopiu.net\/wordpress\/wp-content\/uploads\/2018\/07\/GIOCONDO.mp3<\/a><\/audio>\n<p>&nbsp;<\/p>\n<p>&nbsp;<\/p>\n<p>&nbsp;<\/p>\n<blockquote><p>&nbsp;<\/p><\/blockquote>\n<p>&nbsp;<\/p>\n<p>&nbsp;<\/p>\n<h2>SCUOLA: DISPERSIONE SCOLASTICA, L\u2019ESPERIENZA DEL VENETO \u2013 DOMANI 3 LUGLIO CONVEGNO AL GRANDI STAZIONI SU RISULTATI SPERIMENTAZIONE<\/h2>\n<p><strong>VENEZIA<\/strong> In Veneto oltre 3mila ragazzi tra i 14 e i 17 anni abbandonano la scuola prima di raggiungere una qualifica o un diploma. Le statistiche dell\u2019ultimo quinquennio fotografano un tasso regionale di dispersione scolastica tra l\u20198 e il 9 per cento. Pur registrando un indice di abbandono tra i pi\u00f9 bassi in Italia ed inferiore al target europeo del 10 per cento, la Regione Veneto ha avviato nell\u2019ultimo biennio una iniziativa coordinata tra enti, denominata \u201cFuori Scuola\u201d, per recuperare abbandoni e dispersi, finanziandola con 250 mila euro del proprio bilancio. Domani, marted\u00ec 3 luglio, a Venezia, al Palazzo della Regione-Grandi Stazioni, promotori e protagonisti faranno il punto dei risultati raggiunti dal programma regionale (inizio lavori ore 15), mettendolo a confronto con l\u2019esperienza dei \u2018maestri di strada\u2019, fondata da Cesare Moreno a Napoli vent\u2019anni fa. \u201cFuori scuola\u201d ha messo in rete le scuole venete con i Centri per l\u2019Impiego, i Centri provinciali per l\u2019Istruzione degli Adulti, enti di Formazione e partner come il Centro Consorzi, il Ciofs Don Bosco, il Centro di formazione professionale Camerini Rossi, Cnos FAP, Coges, Enaip Veneto, Fondazione AIDA, Fondazione Centro Produttivit\u00e0 Veneto, Istituto Canossiano, Istituto Don Calabria, Scaligera Formazione, Scuola Edile di Padova. \u201cIl sistema formativo regionale ha saputo raggiungere nel tempo risultati eccellenti a livello nazionale ed internazionale e non \u00e8 rimasto indifferente di fronte al problema, purtroppo sempre presente, degli abbandoni \u2013 sottolinea l\u2019assessore regionale all\u2019istruzione e alla formazione, Elena Donazzan \u2013 Grazie all\u2019input e alle risorse messi in campo dalla Regione e alla rete dei 40 centri per l\u2019impiego e dei sette centri provinciali per l\u2019educazione degli adulti, sul territorio regionale si sono consolidate nel tempo significative esperienze di contrasto alla dispersione scolastica che hanno visto svilupparsi un\u2019importante collaborazione tra una pluralit\u00e0 di soggetti, istituzionali e non, per favorire il rientro formativo di minori in abbandono scolastico\u201d. Al focus di domani su \u201cFuori Scuola\u201d, significativamente intitolato \u201cPersi, dispersi e ritrovati\u201d, interverranno Santo Romano, direttore area Capitale Umano, Cultura e programmazione comunitaria della Regione Veneto e Gabriella Faoro, dirigente di Veneto Lavor, che presenteranno il quadro di insieme e gli esiti del programma, introducendo la testimonianza diretta di ragazzi, operatori, formatori e famiglie. A dare voce all\u2019esperienza storica dei \u2018maestri di strada\u2019 nelle regioni del Sud sar\u00e0 Cesare Moreno, presidente dell\u2019Associazione Maestri di Strada. A far sintesi del confronto e delle prospettive delle esperienze venete sar\u00e0 l\u2019assessore regionale Elena Donazzan.<\/p>\n<p>&nbsp;<\/p>\n<h1><\/h1>\n<blockquote><p>&nbsp;<\/p><\/blockquote>\n<p>&nbsp;<\/p>\n<h1>AUTONOMIA \u201cCALDA\u201d A PONTIDA \u00abZAIA NON SI DIMENTICHI BELLUNO\u00bb<\/h1>\n<p><strong><img loading=\"lazy\" decoding=\"async\" class=\"size-medium wp-image-52867 alignleft\" src=\"http:\/\/www.radiopiu.net\/wordpress\/wp-content\/uploads\/2018\/07\/1200px-Raduno_Lega_Nord_a_Pontida_2011-300x158.jpg\" alt=\"\" width=\"300\" height=\"158\" srcset=\"https:\/\/www.radiopiu.net\/wordpress\/wp-content\/uploads\/2018\/07\/1200px-Raduno_Lega_Nord_a_Pontida_2011-300x158.jpg 300w, https:\/\/www.radiopiu.net\/wordpress\/wp-content\/uploads\/2018\/07\/1200px-Raduno_Lega_Nord_a_Pontida_2011-768x404.jpg 768w, https:\/\/www.radiopiu.net\/wordpress\/wp-content\/uploads\/2018\/07\/1200px-Raduno_Lega_Nord_a_Pontida_2011-1024x539.jpg 1024w, https:\/\/www.radiopiu.net\/wordpress\/wp-content\/uploads\/2018\/07\/1200px-Raduno_Lega_Nord_a_Pontida_2011.jpg 1200w\" sizes=\"auto, (max-width: 300px) 100vw, 300px\" \/>BARD<\/strong> \u00abBene che l&#8217;autonomia delle Regioni sia stato uno dei temi toccati dal palco di Pontida (foto wikipedia), ma la Lega e il Presidente Zaia non si dimentichino che in questa partita c&#8217;\u00e8 anche la Provincia di Belluno\u00bb: all&#8217;indomani del raduno leghista, il movimento Belluno Autonoma Regione Dolomiti torna a mettere sotto i riflettori la questione autonomista bellunese.<br \/>\n\u00abIl Presidente della Regione e il Ministro agli Affari Regionali concordano: il percorso per l&#8217;autonomia del Veneto sar\u00e0 veloce ed efficace. &#8211; sottolineano dal movimento \u2013 Zaia non dimentichi, per\u00f2, che tra quegli oltre 2 milioni di veneti che hanno votato \u201cs\u00ec\u201d lo scorso 22 ottobre ci sono decine di migliaia di bellunesi che hanno fatto altrettanto anche per l&#8217;autonomia della loro Provincia. Se il processo autonomista veneto va avanti, altrettanto deve fare quello bellunese\u00bb.<br \/>\nChiare le indicazioni al Governatore veneto: \u00abOltre a tutte le risorse e le competenze possibili, &#8211; rimarcano dal BARD \u2013 c&#8217;\u00e8 da affrontare la questione fiscale: se il Veneto vuole, e pare possa, trattenere i 9\/10 dei tributi raccolti, allora a Belluno deve essere garantito un trasferimento almeno pari al residuo fiscale evidenziato dallo studio della CGIA di Mestre. In aggiunta, si dovrebbe chiedere anche la riscossione diretta dei tributi. Autonomia \u00e8 responsabilit\u00e0: i bellunesi, col voto del 22 ottobre, hanno scelto di prendersela, ora sta agli altri rispettare e far rispettare questa volont\u00e0\u00bb.<\/p>\n<p>&nbsp;<\/p>\n<p>&nbsp;<\/p>\n<p>&nbsp;<\/p>\n<p>&nbsp;<\/p>\n<h1>ECCO LA CARTA DEGLI SCONTI<\/h1>\n<p><strong><img loading=\"lazy\" decoding=\"async\" class=\"size-full wp-image-52868 alignleft\" src=\"http:\/\/www.radiopiu.net\/wordpress\/wp-content\/uploads\/2018\/07\/images-2.jpg\" alt=\"\" width=\"225\" height=\"225\" srcset=\"https:\/\/www.radiopiu.net\/wordpress\/wp-content\/uploads\/2018\/07\/images-2.jpg 225w, https:\/\/www.radiopiu.net\/wordpress\/wp-content\/uploads\/2018\/07\/images-2-150x150.jpg 150w\" sizes=\"auto, (max-width: 225px) 100vw, 225px\" \/>BELLUNO<\/strong> Arriva anche a Belluno la \u201cCarta della Famiglia\u201d, promossa nello scorso autunno dal Ministero del Lavoro e delle Politiche Sociali: questo documento consentir\u00e0 alle famiglie numerose di avere particolari sconti sull&#8217;acquisto di beni o servizi presso i privati che aderiranno.<br \/>\n\u00abIl Comune di Belluno, da anni, \u00e8 vicina alle sue famiglie; &#8211; spiega l&#8217;assessore alle politiche sociali, Valentina Tomasi \u2013 dal 2009 \u00e8 in vigore la Family Card, nata e cresciuta a livello comunale, ed ora abbiamo scelto di evitare doppioni, adottando la misura nazionale che amplia quanto gi\u00e0 offerto finora. Il servizio sar\u00e0 coordinato dallo Sportello Famiglia, creato qualche mese fa grazie ad un contributo regionale\u00bb.I destinatari della Carta della Famiglia sono i componenti dei nuclei familiari regolarmente residenti nel territorio italiano, con almeno tre figli minorenni, con ISEE non superiore a \u20ac 30.000,00; la Carta ha durata biennale e consente l\u2019accesso a sconti sull\u2019acquisto di beni e servizi o a riduzioni tariffarie concesse da Enti pubblici o privati. Il modulo per richiederla \u00e8 disponibile online sul sito del Comune e va consegnato compilato, allegando la dichiarazione ISEE, all&#8217;Ufficio <img loading=\"lazy\" decoding=\"async\" class=\"size-medium wp-image-52827 alignright\" src=\"http:\/\/www.radiopiu.net\/wordpress\/wp-content\/uploads\/2018\/07\/Locandina-Carta-della-famiglia-212x300.jpg\" alt=\"\" width=\"212\" height=\"300\" srcset=\"https:\/\/www.radiopiu.net\/wordpress\/wp-content\/uploads\/2018\/07\/Locandina-Carta-della-famiglia-212x300.jpg 212w, https:\/\/www.radiopiu.net\/wordpress\/wp-content\/uploads\/2018\/07\/Locandina-Carta-della-famiglia-768x1086.jpg 768w, https:\/\/www.radiopiu.net\/wordpress\/wp-content\/uploads\/2018\/07\/Locandina-Carta-della-famiglia-724x1024.jpg 724w\" sizes=\"auto, (max-width: 212px) 100vw, 212px\" \/>Protocollo oppure via PEC. Marted\u00ec 3 luglio, inoltre, sar\u00e0 pubblicato sul sito del Comune di Belluno l&#8217;avviso pubblico rivolto ai privati; due le modalit\u00e0 di adesione alla convenzione: \u00abAmico della famiglia\u00bb, con sconti e agevolazioni pari o superiori al 5% rispetto al normale prezzo, e \u00abSostenitore della famiglia\u00bb, nel caso di riduzioni superiori al 20% rispetto allo standard. Potranno aderire gli esercizi commerciali di vendita al dettaglio e i fornitori di servizi che abbiano sede legale nel Comune di Belluno oppure che sul territorio comunale abbiano una sede operativa; i soggetti aderenti saranno riconoscibili da un bollino, associato al logo della Carta.Gli sconti potranno interessare i prodotti alimentari e le bevande analcoliche, i prodotti per la pulizia della casa, la cancelleria, libri, medicinali, forniture di acqua, gas, servizi di trasporto e molto altro. \u00abC&#8217;\u00e8 tempo fino al 30 settembre per aderire. &#8211; spiega Tomasi \u2013 Spero che saranno in molti i privati e gli enti a voler dare un segno tangibile della loro vicinanza alla nostra comunit\u00e0. Come Comune, da anni sosteniamo le famiglie con importanti riduzioni sui costi per i servizi che eroghiamo direttamente o indirettamente (vedere tabella allegata); \u00e8 importante che tutti si impegnino nel mantenere una citt\u00e0 a misura di famiglia, e questo sar\u00e0 un nuovo tassello in questo percorso\u00bb. (foto Repubblica)<\/p>\n<p><span style=\"color: #ff0000;\">AUDIO<\/span><\/p>\n<audio class=\"wp-audio-shortcode\" id=\"audio-52859-7\" preload=\"none\" style=\"width: 100%;\" controls=\"controls\"><source type=\"audio\/mpeg\" src=\"http:\/\/www.radiopiu.net\/wordpress\/wp-content\/uploads\/2018\/07\/gr-03-carta-belluno-moro.mp3?_=7\" \/><a href=\"http:\/\/www.radiopiu.net\/wordpress\/wp-content\/uploads\/2018\/07\/gr-03-carta-belluno-moro.mp3\">http:\/\/www.radiopiu.net\/wordpress\/wp-content\/uploads\/2018\/07\/gr-03-carta-belluno-moro.mp3<\/a><\/audio>\n<p>&nbsp;<\/p>\n<p>&nbsp;<\/p>\n<h1>IL DIRETTIVO DEL PARCO<\/h1>\n<p><strong><img loading=\"lazy\" decoding=\"async\" class=\"size-full wp-image-52869 alignleft\" src=\"http:\/\/www.radiopiu.net\/wordpress\/wp-content\/uploads\/2018\/07\/download-2.jpg\" alt=\"\" width=\"275\" height=\"183\" \/>FELTRE<\/strong> Mercoledi alle 17.30 presso la sede dell&#8217;Ente Parco Nazionale Dolomiti Bellunesi si riunisce il direttivo.<br \/>\nIn discussione:<br \/>\ndecreto del Vice Presidente \u201cAccreditamento al servizio civile universale del Parco; \u201cProcedimento penale avanti il Tribunale di Belluno estensione incarico all&#8217;avvocato Livio Viel di Belluno\u201d.<br \/>\nApprovazione dello schema di convenzione per la gestione del Museo Etnografico della Provincia di Belluno e del Parco nazionale Dolomiti Bellunesi di Seravella in Comune di Cesiomaggiore. Variazione al bilancio di previsione 2018.<br \/>\nApprovazione dello schema di Convenzione tra l\u2019Amministrazione Provinciale di Belluno, il Parco, le Regole d\u2019Ampezzo, l\u2019Istituto Bellunese di Ricerche Sociali e Culturali per lo sviluppo e la prosecuzione del progetto editoriale della rivista Frammenti, Conoscere e tutelare la natura bellunese.<br \/>\nComunicazioni del Vice Presidente e del Direttore. (foto magico Veneto)<\/p>\n<p>&nbsp;<\/p>\n<p>&nbsp;<\/p>\n<p>&nbsp;<\/p>\n<p>&nbsp;<\/p>\n<h1>AUMENTANO I CASI DI MALATTIE TRASMESSE DA ZECCHE<\/h1>\n<p><strong><img loading=\"lazy\" decoding=\"async\" class=\"size-medium wp-image-52870 alignleft\" src=\"http:\/\/www.radiopiu.net\/wordpress\/wp-content\/uploads\/2018\/07\/download-3-300x144.jpg\" alt=\"\" width=\"300\" height=\"144\" srcset=\"https:\/\/www.radiopiu.net\/wordpress\/wp-content\/uploads\/2018\/07\/download-3-300x144.jpg 300w, https:\/\/www.radiopiu.net\/wordpress\/wp-content\/uploads\/2018\/07\/download-3.jpg 324w\" sizes=\"auto, (max-width: 300px) 100vw, 300px\" \/>BELLUNO<\/strong> <strong>Aumentano nella nostra provincia i casi di malattie veicolate da zecche soprattutto la malattia di Lyme e la TBE. Nella provincia di Belluno negli ultimi 10 anni sono stati notificati 132 casi.<\/strong><br \/>\nI dati dell\u2019Istituto Superiore di Sanit\u00e0 confermano il primato della provincia di Belluno che contribuisce al 40% della casistica nazionale. Come \u00e8 emerso da un recente convegno, tenutosi il 29 Giugno a Verona, che ha visto la partecipazione di esperti delle patologie trasmesse da zecche e di oltre 200 infettivologi, le patologie trasmesse dall\u2019acaro sono in notevole aumento.Nel 2018, per condizioni ambientali particolarmente favorevoli che si sono realizzate nel corso dell\u2019anno, il numero delle zecche \u00e8 notevolmente aumentato. Sono conseguentemente aumentati anche i morsi di zecche e gli accessi ai Pronto Soccorso. Segnalazioni in questo senso si sono avute anche nelle province di Verona, Vicenza, Treviso.I dati relativi ai casi di TBE registrati, a met\u00e0 stagione, dall\u2019U.O.C. di Malattie Infettive del S.Martino di Belluno sono preoccupanti. Attualmente i casi sono 13 e risultano triplicati rispetto a quelli dello stesso periodo dello scorso anno. A questi ultimi va aggiunto un caso relativo ad una paziente residente a Brescia e ivi ricoverata per encefalite a seguito di un morso di zecca avvenuto a Farra di Mel.Per la TBE non esiste una terapia specifica e l\u2019unica strategia per arginarla \u00e8 costituita dalla vaccinazione. La provincia di Belluno pu\u00f2 considerarsi un\u2019area a rischio e perci\u00f2 la vaccinazione \u00e8 raccomandata soprattutto per quanti frequentano e operano gli spazi verdi e boscati.<\/p>\n<p><span style=\"color: #ff0000;\">AUDIO<\/span><\/p>\n<audio class=\"wp-audio-shortcode\" id=\"audio-52859-8\" preload=\"none\" style=\"width: 100%;\" controls=\"controls\"><source type=\"audio\/mpeg\" src=\"http:\/\/www.radiopiu.net\/wordpress\/wp-content\/uploads\/2018\/07\/gr-03-zecche.mp3?_=8\" \/><a href=\"http:\/\/www.radiopiu.net\/wordpress\/wp-content\/uploads\/2018\/07\/gr-03-zecche.mp3\">http:\/\/www.radiopiu.net\/wordpress\/wp-content\/uploads\/2018\/07\/gr-03-zecche.mp3<\/a><\/audio>\n<p>&nbsp;<\/p>\n<p>&nbsp;<\/p>\n<p>&nbsp;<\/p>\n<h1>GIOVEDI LETTURA ANIMATA<\/h1>\n<p><strong>AGORDO<\/strong> Quattro appuntamenti con la lettura animata, il 5 e 26 luglio, il 9 e il 23 agosto, ad Agordo nella Biblioteca di Viale Sommariva. L&#8217;iniziativa si propone di avvicinare i pi\u00f9 piccoli al fascino della lettura, alla magia dell&#8217;ascolto e alla scoperta delle proprie tradizioni locali attraverso attivit\u00e0 divertenti e diverse. Partecipazione libera a tutti e tema fiabesco: le leggende delle Dolomiti, la lettura sar\u00e0 animata con l&#8217;ausilio di marionette, ombre cinesi, teatrino e piccola recitazione. Ai microfoni di Radio Pi\u00f9 la maestra Diana Preloran. Iniziativa della Biblioteca Archivio Storico dell&#8217;Istituto Minerario Follador<br \/>\n<span style=\"color: #ff0000;\">AUDIO<\/span><\/p>\n<audio class=\"wp-audio-shortcode\" id=\"audio-52859-9\" preload=\"none\" style=\"width: 100%;\" controls=\"controls\"><source type=\"audio\/mpeg\" src=\"http:\/\/www.radiopiu.net\/wordpress\/wp-content\/uploads\/2018\/07\/gr-13-diana-5-luglio.mp3?_=9\" \/><a href=\"http:\/\/www.radiopiu.net\/wordpress\/wp-content\/uploads\/2018\/07\/gr-13-diana-5-luglio.mp3\">http:\/\/www.radiopiu.net\/wordpress\/wp-content\/uploads\/2018\/07\/gr-13-diana-5-luglio.mp3<\/a><\/audio>\n<p>&nbsp;<\/p>\n<p>&nbsp;<\/p>\n<h1>VENERDI, LEZIONE DI ANGIOLOGIA<\/h1>\n<p><strong>CANALE D&#8217;AGORDO<\/strong>. Venerdi alle 20.30 in sala Emigranti di via Lotta serata di divulgazione scientifica con il dottor Domenico Mercurio, medico chirurgo specializzato in angiologia. &#8220;Terapia microcircolatoria del dolore, una cura efficace nel trattamento del dolore senza l&#8217;uso di farmaci&#8221;. Incontro aperto a tutti.<\/p>\n<p>&nbsp;<\/p>\n<p>&nbsp;<\/p>\n<h1>VENERDI, TURISMO, TERRITORIO E MERCATO<\/h1>\n<p><strong>CORTINA<\/strong> Con il patrocinio del Centro Studi Bellunese si terr\u00e0 a Cortina al centro Alex Girardi venerdi il convegno gratuito &#8220;La dimensione giuridica del turismo: dal territorio, al mercato, al web&#8221;. Iscrizione obbligatoria contattando la segreteria organizzativa dell&#8217;Associazione Veneta Avvocati Amministrativisti<\/p>\n<p>&nbsp;<\/p>\n<p>&nbsp;<\/p>\n<h1>SABATO, SUI PERCORSI DEI MINATORI<\/h1>\n<p><strong>AGORDO<\/strong> Dopo l&#8217;annullamento dell&#8217;escursione di Alpinismo Giovanile a Bolca (VR), la preposta Commissione sezionale del Cai di Agordo, non si d\u00e0 per vinta e propone un&#8217;altra interessante e facile escursione rivolta ai giovani aquilotti (e relative famiglie) in un angolo della Conca Agordina ricco di storia legata all&#8217;attivit\u00e0 mineraria di Val Imperina. Partendo da Forcella Franche lungo sentieri e strade che un tempo erano utilizzate da abitanti e minatori per raggiungere il sito minerario. Escursione facile ed in graduale discesa, adatta a tutti in programma sabato con ritrovo alle 9.30 davanti al Municipio sede Cai. Informazioni 380 6983040<\/p>\n<p>&nbsp;<\/p>\n<p>&nbsp;<\/p>\n<blockquote>\n<h1>DOMENICA AGORDO MUSICA &#8211; CONCERTO AL LAGHETTO<\/h1>\n<\/blockquote>\n<p><strong><img loading=\"lazy\" decoding=\"async\" class=\"size-medium wp-image-52871 alignleft\" src=\"http:\/\/www.radiopiu.net\/wordpress\/wp-content\/uploads\/2018\/07\/lac-de-le-peschiere-300x191.jpg\" alt=\"\" width=\"300\" height=\"191\" srcset=\"https:\/\/www.radiopiu.net\/wordpress\/wp-content\/uploads\/2018\/07\/lac-de-le-peschiere-300x191.jpg 300w, https:\/\/www.radiopiu.net\/wordpress\/wp-content\/uploads\/2018\/07\/lac-de-le-peschiere-768x488.jpg 768w, https:\/\/www.radiopiu.net\/wordpress\/wp-content\/uploads\/2018\/07\/lac-de-le-peschiere.jpg 800w\" sizes=\"auto, (max-width: 300px) 100vw, 300px\" \/>TAIBON<\/strong> Domenica alle 17 in Valle di San Lucano al laghetto delle Peschiere concerto dei \u201cRIO TER\u00c0\u201d. La Manteca veneziana: un \u201ccalderon\u201d di folk, reggae, rock, swing, world music e blues. Con passeggiata musicale intorno al laghetto a partire dalle 16.45, in caso di maltempo nella pPalestra delle scuole elementari sempre alle 17<\/p>\n<p>&nbsp;<\/p>\n<h1><\/h1>\n<h1><\/h1>\n<p>&nbsp;<\/p>\n<h1><\/h1>\n<h1><\/h1>\n<h1>DOMENICA, IL CORO PER IL PATRONO<\/h1>\n<p><strong>SAN TOMASO<\/strong> In occasione della Festa di San Tomaso la parrocchia ha organizzato per domenica 8 luglio messa in onore del patrono San Tomaso apostolo con la partecipazione del Coro Parrocchiale del paese.<\/p>\n<p>&nbsp;<\/p>\n<h1><\/h1>\n<h1><\/h1>\n<h1><\/h1>\n<h1 style=\"text-align: center;\"><span style=\"color: #0000ff;\">SPECIALI ALLA RADIO<\/span><\/h1>\n<h2>IL LUPO PASTEGGIA SOTTO L&#8217;AGNER<\/h2>\n<p><span style=\"color: #ff0000;\">di Gianni Santomaso<\/span><\/p>\n<p><img loading=\"lazy\" decoding=\"async\" class=\"size-medium wp-image-14049 alignleft\" src=\"http:\/\/www.radiopiu.net\/wordpress\/wp-content\/uploads\/2015\/12\/20151218_lupo-300x104.jpg\" alt=\"\" width=\"300\" height=\"104\" \/>Ai microfoni di Radio Pi\u00f9 Silvano Savio, Forestale in pensione ma con grande esperienza nel settore della fauna e flora delle nostre montagne. Eccolo ai microfoni di Radio Pi\u00f9, dalla rassegna stampa da L&#8217;Amico del Popolo di Gianni Santomaso, in onda il sabato alle 10.30 (19.00) e la domenica alle 12.30<\/p>\n<p><span style=\"color: #ff0000;\">AUDIO<\/span><\/p>\n<audio class=\"wp-audio-shortcode\" id=\"audio-52859-10\" preload=\"none\" style=\"width: 100%;\" controls=\"controls\"><source type=\"audio\/mpeg\" src=\"http:\/\/www.radiopiu.net\/wordpress\/wp-content\/uploads\/2018\/07\/GIANNI-2-SILVANO.mp3?_=10\" \/><a href=\"http:\/\/www.radiopiu.net\/wordpress\/wp-content\/uploads\/2018\/07\/GIANNI-2-SILVANO.mp3\">http:\/\/www.radiopiu.net\/wordpress\/wp-content\/uploads\/2018\/07\/GIANNI-2-SILVANO.mp3<\/a><\/audio>\n<p>&nbsp;<\/p>\n<p>&nbsp;<\/p>\n<p>&nbsp;<\/p>\n<p>&nbsp;<\/p>\n<p>&nbsp;<\/p>\n<h2>MARATONA DLES DOLOMITES, LE NOSTRE INTERVISTE<\/h2>\n<p><span style=\"color: #ff0000;\">di Claudio Fontanive<\/span><\/p>\n<blockquote>\n<pre><img loading=\"lazy\" decoding=\"async\" class=\"size-medium wp-image-52836 alignleft\" src=\"http:\/\/www.radiopiu.net\/wordpress\/wp-content\/uploads\/2018\/07\/WhatsApp-Image-2018-07-02-at-17.07.32-1-300x225.jpeg\" alt=\"\" width=\"300\" height=\"225\" srcset=\"https:\/\/www.radiopiu.net\/wordpress\/wp-content\/uploads\/2018\/07\/WhatsApp-Image-2018-07-02-at-17.07.32-1-300x225.jpeg 300w, https:\/\/www.radiopiu.net\/wordpress\/wp-content\/uploads\/2018\/07\/WhatsApp-Image-2018-07-02-at-17.07.32-1-768x576.jpeg 768w, https:\/\/www.radiopiu.net\/wordpress\/wp-content\/uploads\/2018\/07\/WhatsApp-Image-2018-07-02-at-17.07.32-1-1024x768.jpeg 1024w, https:\/\/www.radiopiu.net\/wordpress\/wp-content\/uploads\/2018\/07\/WhatsApp-Image-2018-07-02-at-17.07.32-1.jpeg 1600w\" sizes=\"auto, (max-width: 300px) 100vw, 300px\" \/>Alla vigilia della Maratona Dles Dolomites che si e' svolta domenica, abbiamo registrato alcune interviste. \r\nAI MICROFONI DI RADIO PIU:  Federico Pellegrino (foto, a sinistra con Claudio Fontanive), Cristian Zordi (sci di fondo), Fausto Pinarello (costruttore biciclette)\r\nMaria Canins (ciclismo e sci di fondo), Angelo Corradini (presidente Marcialonga), Giovanni Bruno (sky)\r\nMichil Costa (albergatore-patron Maratona Dles Dolomites)<\/pre>\n<\/blockquote>\n<audio class=\"wp-audio-shortcode\" id=\"audio-52859-11\" preload=\"none\" style=\"width: 100%;\" controls=\"controls\"><source type=\"audio\/mpeg\" src=\"http:\/\/www.radiopiu.net\/wordpress\/wp-content\/uploads\/2018\/07\/maratona-interviste-sito.mp3?_=11\" \/><a href=\"http:\/\/www.radiopiu.net\/wordpress\/wp-content\/uploads\/2018\/07\/maratona-interviste-sito.mp3\">http:\/\/www.radiopiu.net\/wordpress\/wp-content\/uploads\/2018\/07\/maratona-interviste-sito.mp3<\/a><\/audio>\n<p>&nbsp;<\/p>\n<p>&nbsp;<\/p>\n<p>&nbsp;<\/p>\n<h1 style=\"text-align: center;\"><span style=\"color: #0000ff;\">VIABILITA&#8217;<\/span><\/h1>\n<p><strong>DAL 9 LUGLIO ALL&#8217;11 LUGLIO SABATO E DOMENICA COMPRESI IN COMUNE DI ZOPPE&#8217; DI CADORE (PROVINCIALE 7 PER ZOPPE&#8217;) INTERRUZIONI TOTALI AL TRAFFICO IN ENTRAMBI I SENSI DI MARCIA, DALLE 7.30 ALLE 9.45; DALLE 10 ALLE 12.15, DALLE 13.30 ALLE 15.15; DALLE 15.30 ALLE 17.30<\/strong><\/p>\n<p>FINO A revoca senso unico con impianto semaforico sulla SP8 per San Tomaso anche sabato e domenica<br \/>\nFINO al 16 luglio senso unico alternato e brevi interruzioni al traffico sulla provinciale 347 del Duran e Cereda alla fine dell&#8217;abitato di Forno di Zoldo per lavori sul versante.<br \/>\nFINO al 17 luglio (domenica esclusa) senso unico e brevi interruzioni alla viabiolit\u00e0 (massimo 10 minuti) a Valle di Cadore lungo la 347 del Duran e Cereda.<br \/>\nFINO al 3 agosto lungo la 251 della Val di Zoldo e Cellina senso unico alternato in localit\u00e0 Fusine per la messa in sicurezza del piano viabile.<br \/>\nFINO al 3 agosto senso unico alternato regolato da semaforo lungo la provinciale 24 della Valparola in Comune di Livinallongo del Col di Lana compresi festivi e prefestivi anche infrasettimanali per consolidamento del corpo stradale.<\/p>\n<p>&nbsp;<\/p>\n<p>&nbsp;<\/p>\n<p>&nbsp;<\/p>\n<p>&nbsp;<\/p>\n<h1 style=\"text-align: center;\"><span style=\"color: #0000ff;\">SPORT<\/span><\/h1>\n<blockquote>\n<h1>FINE SETTIMANA DI CORSA IN CADORE<\/h1>\n<\/blockquote>\n<p><strong><img loading=\"lazy\" decoding=\"async\" class=\"size-medium wp-image-52829 alignleft\" src=\"http:\/\/www.radiopiu.net\/wordpress\/wp-content\/uploads\/2018\/07\/VERTICAL-KM-2017-il-vincitore-manuel-da-col-300x200.jpg\" alt=\"\" width=\"300\" height=\"200\" srcset=\"https:\/\/www.radiopiu.net\/wordpress\/wp-content\/uploads\/2018\/07\/VERTICAL-KM-2017-il-vincitore-manuel-da-col-300x200.jpg 300w, https:\/\/www.radiopiu.net\/wordpress\/wp-content\/uploads\/2018\/07\/VERTICAL-KM-2017-il-vincitore-manuel-da-col-768x512.jpg 768w, https:\/\/www.radiopiu.net\/wordpress\/wp-content\/uploads\/2018\/07\/VERTICAL-KM-2017-il-vincitore-manuel-da-col-1024x683.jpg 1024w\" sizes=\"auto, (max-width: 300px) 100vw, 300px\" \/>CALALZO\u00a0<\/strong>Fine settimana dedicato alla corsa in montagna in Cadore. Sabato 7 e domenica 8 luglio il Gruppo Marciatori Calalzo proporr\u00e0 Cadore mountain elimination e la vertical kilometer.<br \/>\nCadore mountain elimination, che si svolger\u00e0 sabato pomeriggio, a partire dalle 16.30, nella frazione di Grea a Domegge, \u00e8 una staffetta a due componenti, su percorso di corsa in montagna, che prevede una prima fase di qualifica a cronometro mentre la fase finale sar\u00e0 riservata alle migliori sette maschili e cinque femminili formazioni classificate. In gara anche le categorie giovanili che si confronteranno su un tracciato ridotto e interamente su asfalto.<br \/>\nDomenica 8 luglio l&#8217;appuntamento \u00e8 invece con un evento che sta diventando un punto fermo nel calendario della corsa in montagna del Cadore: si tratta del Lattebusche Vertical kilometer, prova con partenza da Vallesella di Domegge di Cadore e arrivo a Monte Croda che propone un tracciato di 2.7 chilometri di sviluppo e 1000 metri di dislivello. Quest&#8217;anno la manifestazione ricorder\u00e0 Enrico Frescura, il giovane atleta, scomparso lo scorso maggio in un incidente sul monte Antelao,che delle prime cinque edizioni del Vertical era stato anima e motore. La partenza del Vertical \u00e8 fissata per le 10 al piazzale antistante il Bar Henry. Le premiazioni invece si svolgeranno a partire indicativamente dalle 14 in piazza a Grea, frazione di Domegge.<br \/>\nPer tutti i dettagli: www.marciatoricalalzo.org.<\/p>\n<p>&nbsp;<\/p>\n<h1><\/h1>\n<h1><\/h1>\n<h1><\/h1>\n<h1><\/h1>\n<h1 style=\"text-align: center;\">METEO<\/h1>\n<p><strong>PREVISIONI DEL TEMPO DA OGGI A VENERDI<\/strong><\/p>\n<p><strong>Martedi 3<\/strong> Tempo atteso: Tempo piuttosto soleggiato per buona parte della mattinata sulle Dolomiti, mentre nubi basse potrebbero ridurre il soleggiamento sulle Prealpi. Dalle ore centrali in poi, crescente nuvolosit\u00e0 cumuliforme con addensamenti assai pi\u00f9 intensi rispetto ai giorni precedenti, i quali saranno associati a fenomeni convettivi. Clima diurno leggermente meno caldo per maggiore instabilit\u00e0.<br \/>\nPrecipitazioni: Fino alle ore centrali del giorno assenti, poi probabilit\u00e0 crescente e decisamente pi\u00f9 alta rispetto ai giorni precedenti (60\/70%) per rovesci e temporali sparsi. La caratteristica dell&#8217;instabilit\u00e0 dar\u00e0 luogo ad apporti molto variabili. (5\/15 mm, localmente anche 20\/30 mm).<br \/>\nTemperature: Minime in generale lieve diminuzione e massime in lieve ripresa grazie al sole del mattino, con punte di 24\/25\u00b0C nei fondovalle prealpini (inferiori in caso di persistenza delle nubi basse) e di 21\/24\u00b0C a 1000\/1200 m. Su Prealpi a 1500 m min 12\u00b0C max 17\u00b0C, a 2000 m min 11\u00b0C max 14\u00b0C. Su Dolomiti a 2000 m min 11\u00b0C max 14\u00b0C, a 3000 m min 5\u00b0C max 6\u00b0C.<br \/>\nVenti: Nelle valli deboli\/moderati a regime di brezza; in quota da deboli a moderati da Nord-Ovest, a 5-15 km\/h a 2000 m, 15-20 km\/h a 3000 m.<\/p>\n<p><strong>Mercoledi 4<\/strong> Tempo atteso: Tempo perlopi\u00f9 instabile con alternanza di tratti soleggiati ed annuvolamenti irregolari, a tratti intensi ed associati a rovesci e temporali. Clima diurno assai pi\u00f9 fresco i relazione alla maggiore instabilit\u00e0.<br \/>\nPrecipitazioni: Probabilit\u00e0 gi\u00e0 presente al mattino (40\/50%) per isolati fenomeni, mentre al pomeriggio il rischio sar\u00e0 maggiore con nuovi rovesci e temporali (70\/80%).<br \/>\nTemperature: Senza notevoli viariazioni o in lieve diminuzione nelle valli. Tuttavia il clima diurno risulter\u00e0 non particolarmente fresco, nonostante l&#8217;instabilit\u00e0, con punte di 24\/25\u00b0C nei fondovalle prealpini e di 20\/23\u00b0C a 1000\/1200 m. Su Prealpi a 1500 m min 12\u00b0C max 16\u00b0C, a 2000 m min 11\u00b0C max 15\u00b0C. Su Dolomiti a 2000 m min 10\u00b0C max 14\u00b0C, a 3000 m min 5\u00b0C max 6\u00b0C.<br \/>\nVenti: Nelle valli deboli\/moderati a regime di brezza; in quota da deboli a moderati da Nord-Ovest, a 5-10 km\/h a 2000 m, 15-20 km\/h a 3000 m.<\/p>\n<p><strong>Giovedi 5 <\/strong>Tempo in parte soleggiato al mattino, poi crescente nuvolosit\u00e0 cumuliforme, associata a nuovi rovesci e temporali, probabili gi\u00e0 dal primo pomeriggio. Clima diurno leggermente meno mite. Venti deboli dai quadranti occidentali in quota.<\/p>\n<p><strong>Venerdi 6\u00a0<\/strong>Tempo un po&#8217; pi\u00f9 soleggiato al mattino, poi attivit\u00e0 cumuliforme un po&#8217; meno intensa rispetto ai giorni precedenti, ma la probabilit\u00e0 di rovesci e temporali sparsi, seppur minore, persister\u00e0, specie sulle Dolomiti. Clima diurno di nuovo pi\u00f9 caldo. Venti deboli da Nord Nord-Est in quota. Previsore: R.L.Th.<\/p>\n","protected":false},"excerpt":{"rendered":"<p>MALORE MORTALE ALLE CASCATE DI FANES CORTINA Ieri poco prima di mezzogiorno il 118 \u00e8 stato allertato per un escursionista colto da malore sul sentiero nella zona delle Cascate di Fanes, a circa 1.480 metri di quota. Alcuni passanti erano stati richiamati dalle grida della compagna e, accorsi, avevano subito tentato di rianimarlo. L&#8217;elicottero dell&#8217;Aiut&hellip;<\/p>\n","protected":false},"author":1,"featured_media":52871,"comment_status":"closed","ping_status":"closed","sticky":false,"template":"","format":"standard","meta":{"_monsterinsights_skip_tracking":false,"_monsterinsights_sitenote_active":false,"_monsterinsights_sitenote_note":"","_monsterinsights_sitenote_category":0,"footnotes":""},"categories":[2,49],"tags":[],"class_list":["post-52859","post","type-post","status-publish","format-standard","has-post-thumbnail","hentry","category-news","category-news-18","category-2","category-49","description-off"],"img_url":"https:\/\/www.radiopiu.net\/wordpress\/wp-content\/uploads\/2018\/07\/lac-de-le-peschiere.jpg","_links":{"self":[{"href":"https:\/\/www.radiopiu.net\/wordpress\/wp-json\/wp\/v2\/posts\/52859","targetHints":{"allow":["GET"]}}],"collection":[{"href":"https:\/\/www.radiopiu.net\/wordpress\/wp-json\/wp\/v2\/posts"}],"about":[{"href":"https:\/\/www.radiopiu.net\/wordpress\/wp-json\/wp\/v2\/types\/post"}],"author":[{"embeddable":true,"href":"https:\/\/www.radiopiu.net\/wordpress\/wp-json\/wp\/v2\/users\/1"}],"replies":[{"embeddable":true,"href":"https:\/\/www.radiopiu.net\/wordpress\/wp-json\/wp\/v2\/comments?post=52859"}],"version-history":[{"count":0,"href":"https:\/\/www.radiopiu.net\/wordpress\/wp-json\/wp\/v2\/posts\/52859\/revisions"}],"wp:featuredmedia":[{"embeddable":true,"href":"https:\/\/www.radiopiu.net\/wordpress\/wp-json\/wp\/v2\/media\/52871"}],"wp:attachment":[{"href":"https:\/\/www.radiopiu.net\/wordpress\/wp-json\/wp\/v2\/media?parent=52859"}],"wp:term":[{"taxonomy":"category","embeddable":true,"href":"https:\/\/www.radiopiu.net\/wordpress\/wp-json\/wp\/v2\/categories?post=52859"},{"taxonomy":"post_tag","embeddable":true,"href":"https:\/\/www.radiopiu.net\/wordpress\/wp-json\/wp\/v2\/tags?post=52859"}],"curies":[{"name":"wp","href":"https:\/\/api.w.org\/{rel}","templated":true}]}}