{"id":53038,"date":"2018-07-04T15:19:11","date_gmt":"2018-07-04T13:19:11","guid":{"rendered":"http:\/\/www.radiopiu.net\/wordpress\/?p=53038"},"modified":"2018-07-04T15:19:11","modified_gmt":"2018-07-04T13:19:11","slug":"turismo-a-feltre-con-il-segno-positivo","status":"publish","type":"post","link":"https:\/\/www.radiopiu.net\/wordpress\/turismo-a-feltre-con-il-segno-positivo\/","title":{"rendered":"TURISMO A FELTRE CON IL SEGNO POSITIVO"},"content":{"rendered":"<blockquote>\n<h1>Dati turistici del 2017: mai cos\u00ec bene il numero degli arrivi.<\/h1>\n<\/blockquote>\n<p><strong><img loading=\"lazy\" decoding=\"async\" class=\" wp-image-53039 alignleft\" src=\"http:\/\/www.radiopiu.net\/wordpress\/wp-content\/uploads\/2018\/07\/IMG_20180704_1110111-300x172.jpg\" alt=\"\" width=\"352\" height=\"202\" srcset=\"https:\/\/www.radiopiu.net\/wordpress\/wp-content\/uploads\/2018\/07\/IMG_20180704_1110111-300x172.jpg 300w, https:\/\/www.radiopiu.net\/wordpress\/wp-content\/uploads\/2018\/07\/IMG_20180704_1110111-768x440.jpg 768w, https:\/\/www.radiopiu.net\/wordpress\/wp-content\/uploads\/2018\/07\/IMG_20180704_1110111-1024x587.jpg 1024w\" sizes=\"auto, (max-width: 352px) 100vw, 352px\" \/>FELTRE<\/strong> <em>\u201cIl cammino da fare non \u00e8 certo concluso, n\u00e9 in termini di recupero e di investimento sui luoghi storici della citt\u00e0, n\u00e9 per quanto riguarda il marketing territoriale, ma le risposte che arrivano dai dati sul turismo a Feltre nel 2017, con alcune indicazioni anche dei primi sei mesi del 2018, testimoniano come la strada sia tracciata\u201d.<\/em> Apre cos\u00ec il commento ai dati esposti oggi alla stampa l&#8217;assessore al turismo del Comune di Feltre Alessandro Del Bianco. L&#8217;anno passato \u00e8 infatti stato caratterizzato da numeri pi\u00f9 che incoraggianti per quanto riguarda gli arrivi in citt\u00e0: oltre 23 mila i turisti giunti a Feltre, e che vi hanno pernottato almeno una notte, + 8,5% rispetto ai 21.206 dell&#8217;anno precedente. Si tratta del dato pi\u00f9 alto di sempre (da quando vengono effettuate queste rilevazioni). In netta crescita anche le presenze, passate dalle 83.337 unit\u00e0 del 2016 alle quasi 90 mila del 2017 (+8%).<br \/>\nVolgendo lo sguardo a quanto accaduto nelle scorse settimane, i segnali positivi sono ancora pi\u00f9 evidenti. Nelle prime tre settimane di apertura, la restaurata Torre Dell&#8217;Orologio ha infatti ospitato 652 visitatori; oltre 500 quelli che non hanno voluto perdersi le bellezze del Teatro de la Sena, solo nell&#8217;ultimo week end, quello dedicato alla mostra dell&#8217;Artigianato.<br \/>\n<em>\u201cLe prime risposte al lavoro che abbiamo impostato per il recupero del patrimonio della cittadella, in particolare con il progetto \u201cPlatea Magna\u201d, ci danno ragione e ci stimolano a proseguire sul percorso intrapreso, commenta l&#8217;assessore alla cultura e al turismo Alessandro Del Bianco. L&#8217;introduzione della ToTeM card e la sperimentazione dell&#8217;orario continuato e prolungato degli accessi ai principali luoghi culturali cittadini (tutti, va ricordato, a pagamento) hanno certamente giocato un ruolo determinante per il raggiungimento di questi obiettivi; ma il meglio deve ancora venire: siamo convinti che l&#8217;estate \u2013 anche in virt\u00f9 della nuova card e delle recenti aperture, ci fornir\u00e0 ulteriori dati positivi\u201d, commenta Del Bianco. Entro fine luglio saranno inoltre disponibili i primi dati sulla tassa di soggiorno, che fornir\u00e0 un ulteriore impulso alla crescita turistica&#8221;.<\/em><br \/>\nTra motori trainanti per la vitalit\u00e0 della proposta turistica feltrina, la cultura conferma il suo ruolo di primo piano: i musei cittadini hanno registrato nei primi 6 mesi del 2018 oltre 3100 visitatori (+ 32% rispetto allo stesso periodo del 2016); 2.666 coloro che hanno frequentato le sale dedicate alla mostra su Resentera, che ha riscontrato un&#8217;ottima attenzione da parte della critica, oltre che del pubblico.\u00a0 E non \u00e8 finita. Fine luglio vedr\u00e0 infatti l&#8217;apertura, sempre alla Galleria \u201cRizzarda\u201d di una mostra dell&#8217;artista cadorino Celso Valmassoi, organizzata in collaborazione con la Magnifica Comunit\u00e0. Settembre sar\u00e0 poi occupato da una mostra ed un intenso programma culturale dedicato a Egon Schiele, nel centesimo anniversario dalla morte, con la presenza \u2013 tra gli latri \u2013 dell&#8217;Opera Festival, che proporr\u00e0 alcuni spettacoli di assoluto valore.<\/p>\n<p>&nbsp;<\/p>\n","protected":false},"excerpt":{"rendered":"<p>Dati turistici del 2017: mai cos\u00ec bene il numero degli arrivi. FELTRE \u201cIl cammino da fare non \u00e8 certo concluso, n\u00e9 in termini di recupero e di investimento sui luoghi storici della citt\u00e0, n\u00e9 per quanto riguarda il marketing territoriale, ma le risposte che arrivano dai dati sul turismo a Feltre nel 2017, con alcune&hellip;<\/p>\n","protected":false},"author":1,"featured_media":53040,"comment_status":"closed","ping_status":"closed","sticky":false,"template":"","format":"standard","meta":{"_monsterinsights_skip_tracking":false,"_monsterinsights_sitenote_active":false,"_monsterinsights_sitenote_note":"","_monsterinsights_sitenote_category":0,"footnotes":""},"categories":[2,49],"tags":[],"class_list":["post-53038","post","type-post","status-publish","format-standard","has-post-thumbnail","hentry","category-news","category-news-18","category-2","category-49","description-off"],"img_url":"https:\/\/www.radiopiu.net\/wordpress\/wp-content\/uploads\/2018\/07\/IMG_20180704_1118291.jpg","_links":{"self":[{"href":"https:\/\/www.radiopiu.net\/wordpress\/wp-json\/wp\/v2\/posts\/53038","targetHints":{"allow":["GET"]}}],"collection":[{"href":"https:\/\/www.radiopiu.net\/wordpress\/wp-json\/wp\/v2\/posts"}],"about":[{"href":"https:\/\/www.radiopiu.net\/wordpress\/wp-json\/wp\/v2\/types\/post"}],"author":[{"embeddable":true,"href":"https:\/\/www.radiopiu.net\/wordpress\/wp-json\/wp\/v2\/users\/1"}],"replies":[{"embeddable":true,"href":"https:\/\/www.radiopiu.net\/wordpress\/wp-json\/wp\/v2\/comments?post=53038"}],"version-history":[{"count":0,"href":"https:\/\/www.radiopiu.net\/wordpress\/wp-json\/wp\/v2\/posts\/53038\/revisions"}],"wp:featuredmedia":[{"embeddable":true,"href":"https:\/\/www.radiopiu.net\/wordpress\/wp-json\/wp\/v2\/media\/53040"}],"wp:attachment":[{"href":"https:\/\/www.radiopiu.net\/wordpress\/wp-json\/wp\/v2\/media?parent=53038"}],"wp:term":[{"taxonomy":"category","embeddable":true,"href":"https:\/\/www.radiopiu.net\/wordpress\/wp-json\/wp\/v2\/categories?post=53038"},{"taxonomy":"post_tag","embeddable":true,"href":"https:\/\/www.radiopiu.net\/wordpress\/wp-json\/wp\/v2\/tags?post=53038"}],"curies":[{"name":"wp","href":"https:\/\/api.w.org\/{rel}","templated":true}]}}