{"id":53079,"date":"2018-07-05T16:10:50","date_gmt":"2018-07-05T14:10:50","guid":{"rendered":"http:\/\/www.radiopiu.net\/wordpress\/?p=53079"},"modified":"2018-07-06T08:42:55","modified_gmt":"2018-07-06T06:42:55","slug":"giornale-radiopiu-05-luglio-2018-direttore-mirko-mezzacasa","status":"publish","type":"post","link":"https:\/\/www.radiopiu.net\/wordpress\/giornale-radiopiu-05-luglio-2018-direttore-mirko-mezzacasa\/","title":{"rendered":"GIORNALE RADIOPIU 05 LUGLIO 2018 DIRETTORE MIRKO MEZZACASA"},"content":{"rendered":"<h1>DUE BIMBI SALVATI AL CA&#8217; FONCELLO DI TREVISO, AVEVANO INGERITO SODA CAUSTICA.<\/h1>\n<p><strong>BELLUNO<\/strong> Due fratelli bellunesi di 2 e 3 anni sono stati salvati grazie ad uno straordinario intervento chirurgico a Treviso dopo un primo intervento all&#8217;ospedale di Feltre. Ne da notizia <span style=\"color: #ff0000;\"><strong>Valentina Calzavara sul CORRIERE DELLE ALPI di oggi.<\/strong><\/span> I due fratellini hanno ingerito soda caustica, i medici del C\u00e0 Foncello sono riusciti a ricostruire l&#8217;esofago con un pezzo di colon.Senza questo complesso intervento i due bimbi sarebbero stati condannati alla nutrizione con sondino visti i danni irreversibili provocati dalla soda caustica<\/p>\n<p>&nbsp;<\/p>\n<p>&nbsp;<\/p>\n<blockquote><p>&nbsp;<\/p>\n<h1><\/h1>\n<h1>METEO: INSTABILITA\u2019 E ROVESCI ANCHE IN PIANURA<\/h1>\n<\/blockquote>\n<p><strong><img loading=\"lazy\" decoding=\"async\" class=\" wp-image-53029 alignleft\" src=\"http:\/\/www.radiopiu.net\/wordpress\/wp-content\/uploads\/2018\/07\/fog-1535201_960_720-300x200.jpg\" alt=\"\" width=\"191\" height=\"127\" srcset=\"https:\/\/www.radiopiu.net\/wordpress\/wp-content\/uploads\/2018\/07\/fog-1535201_960_720-300x200.jpg 300w, https:\/\/www.radiopiu.net\/wordpress\/wp-content\/uploads\/2018\/07\/fog-1535201_960_720-768x512.jpg 768w, https:\/\/www.radiopiu.net\/wordpress\/wp-content\/uploads\/2018\/07\/fog-1535201_960_720.jpg 960w\" sizes=\"auto, (max-width: 191px) 100vw, 191px\" \/>VENEZIA La possibilit\u00e0 di rovesci e temporali anche intensi in Veneto pure oggi, potrebbe creare disagi al sistema fognario e alla rete idrografica minore delle aree montane e pedemontane. Il Centro funzionale decentrato della Protezione civile del Veneto avvisa della possibilit\u00e0 di criticit\u00e0 idrauliche e di fenomeni franosi e colate superficiali nei bacini idrografici dell\u2019Alto Piave, Piave Pedemontano, Alto Brenta Bacchiglione e Alpone, l\u2019Adige Garda e Monti Lessini. Lo stato di attenzione perdura fino alle ore 9 di domani. In particolare oggi sono previsti rovesci e temporali, localmente anche intensi, specie nelle ore pomeridiane, che interesseranno anche le aree di pianura.<br \/>\n<\/strong><\/p>\n<p>&nbsp;<\/p>\n<p>&nbsp;<\/p>\n<p>&nbsp;<\/p>\n<h1>SOCCORSA ESCURSIONISTA IN DIFFICOLT\u00c0<\/h1>\n<p><strong><img loading=\"lazy\" decoding=\"async\" class=\"size-medium wp-image-53122 alignleft\" src=\"http:\/\/www.radiopiu.net\/wordpress\/wp-content\/uploads\/2018\/07\/IMG_3821-300x180.jpg\" alt=\"\" width=\"300\" height=\"180\" srcset=\"https:\/\/www.radiopiu.net\/wordpress\/wp-content\/uploads\/2018\/07\/IMG_3821-300x180.jpg 300w, https:\/\/www.radiopiu.net\/wordpress\/wp-content\/uploads\/2018\/07\/IMG_3821-768x461.jpg 768w, https:\/\/www.radiopiu.net\/wordpress\/wp-content\/uploads\/2018\/07\/IMG_3821.jpg 800w\" sizes=\"auto, (max-width: 300px) 100vw, 300px\" \/>CANALE D&#8217;AGORDO<\/strong> Partita dalla Valle di Gares per una passeggiata col suo cane verso Casera Vecia lungo il sentiero numero 755, un\u2019escursionista,\u00a0E.B., 42 anni, di Albignasego (PD), ha\u00a0poi scelto una deviazione per Malga Stia, ma ha sbagliato sentiero e si \u00e8 smarrita. Tornata sui suoi passi, colta inoltre dal temporale, non riuscendo a ritrovare il percorso corretto, ha chiesto aiuto attorno alle 16 di ieri. Una squadra del Soccorso alpino della Val Biois \u00e8 arrivata a Malga Stia in jeep per poi proseguire a piedi. Dal momento che non c\u2019era copertura telefonica sufficiente per geolocalizzarla, i soccorritori hanno iniziato a cercarla e a chiamarla a voce, finch\u00e9 lei non ha risposto ed \u00e8 stata individuata a circa 1.800 metri di altitudine. Una volta raggiunta, la squadra la ha riaccompagnata a valle.<\/p>\n<p>&nbsp;<\/p>\n<blockquote><p>&nbsp;<\/p>\n<div class=\"page-title title-left solid-bg breadcrumbs-mobile-off page-title-responsive-enabled\">\n<div class=\"wf-wrap\">\n<div class=\"page-title-head hgroup\"><\/div>\n<\/div>\n<\/div>\n<div id=\"main\" class=\"sidebar-right sidebar-divider-off\">\n<div class=\"wf-wrap\">\n<div class=\"wf-container-main\">\n<div id=\"content\" class=\"content\" role=\"main\">\n<article id=\"post-53118\" class=\"vertical-fancy-style post-53118 post type-post status-publish format-standard has-post-thumbnail category-news category-news-18 category-2 category-49 description-off\">\n<div class=\"entry-content\">\n<div><\/div>\n<\/div>\n<\/article>\n<\/div>\n<\/div>\n<\/div>\n<\/div>\n<\/blockquote>\n<p>&nbsp;<\/p>\n<p>&nbsp;<\/p>\n<blockquote>\n<h1>UN&#8217;ALTRO VIOLENTO TEMPORALE<\/h1>\n<p><strong><img loading=\"lazy\" decoding=\"async\" class=\" wp-image-53056 alignleft\" src=\"http:\/\/www.radiopiu.net\/wordpress\/wp-content\/uploads\/2018\/07\/WhatsApp-Image-2018-07-04-at-15.29.57-1-300x251.jpeg\" alt=\"\" width=\"183\" height=\"153\" srcset=\"https:\/\/www.radiopiu.net\/wordpress\/wp-content\/uploads\/2018\/07\/WhatsApp-Image-2018-07-04-at-15.29.57-1-300x251.jpeg 300w, https:\/\/www.radiopiu.net\/wordpress\/wp-content\/uploads\/2018\/07\/WhatsApp-Image-2018-07-04-at-15.29.57-1-768x643.jpeg 768w, https:\/\/www.radiopiu.net\/wordpress\/wp-content\/uploads\/2018\/07\/WhatsApp-Image-2018-07-04-at-15.29.57-1.jpeg 1024w\" sizes=\"auto, (max-width: 183px) 100vw, 183px\" \/>LIVINALLONGO<\/strong> Un altro violento temporale in territorio Fodom, dal Col di Lana ieri nel primo pomeriggio il distacco della frana venuta gi\u00f9 per il Rio Chiesa, ha funzionato la briglia filtrante come si evince da foto e video pubblicate sul nostro sito internet e pagine facebook.<\/p><\/blockquote>\n<p>&nbsp;<\/p>\n<p><strong>IL SINDACO DI LIVINALLONGO, LEANDRO GRONES<\/strong><\/p>\n<audio class=\"wp-audio-shortcode\" id=\"audio-53079-1\" preload=\"none\" style=\"width: 100%;\" controls=\"controls\"><source type=\"audio\/mpeg\" src=\"http:\/\/www.radiopiu.net\/wordpress\/wp-content\/uploads\/2018\/07\/LEANDRO-1.mp3?_=1\" \/><a href=\"http:\/\/www.radiopiu.net\/wordpress\/wp-content\/uploads\/2018\/07\/LEANDRO-1.mp3\">http:\/\/www.radiopiu.net\/wordpress\/wp-content\/uploads\/2018\/07\/LEANDRO-1.mp3<\/a><\/audio>\n<p>&nbsp;<\/p>\n<div style=\"width: 480px;\" class=\"wp-video\"><video class=\"wp-video-shortcode\" id=\"video-53079-1\" width=\"480\" height=\"848\" preload=\"metadata\" controls=\"controls\"><source type=\"video\/mp4\" src=\"http:\/\/www.radiopiu.net\/wordpress\/wp-content\/uploads\/2018\/07\/WhatsApp-Video-2018-07-04-at-15.32.08.mp4?_=1\" \/><a href=\"http:\/\/www.radiopiu.net\/wordpress\/wp-content\/uploads\/2018\/07\/WhatsApp-Video-2018-07-04-at-15.32.08.mp4\">http:\/\/www.radiopiu.net\/wordpress\/wp-content\/uploads\/2018\/07\/WhatsApp-Video-2018-07-04-at-15.32.08.mp4<\/a><\/video><\/div>\n<h1>SAN PELLEGRINO, regionale 346 RIMANE CHIUSO<\/h1>\n<p><strong><img loading=\"lazy\" decoding=\"async\" class=\"size-medium wp-image-52964 alignleft\" src=\"http:\/\/www.radiopiu.net\/wordpress\/wp-content\/uploads\/2018\/07\/WhatsApp-Image-2018-07-03-at-18.18.58-300x225.jpeg\" alt=\"\" width=\"300\" height=\"225\" srcset=\"https:\/\/www.radiopiu.net\/wordpress\/wp-content\/uploads\/2018\/07\/WhatsApp-Image-2018-07-03-at-18.18.58-300x225.jpeg 300w, https:\/\/www.radiopiu.net\/wordpress\/wp-content\/uploads\/2018\/07\/WhatsApp-Image-2018-07-03-at-18.18.58-768x576.jpeg 768w, https:\/\/www.radiopiu.net\/wordpress\/wp-content\/uploads\/2018\/07\/WhatsApp-Image-2018-07-03-at-18.18.58.jpeg 960w\" sizes=\"auto, (max-width: 300px) 100vw, 300px\" \/><\/strong><\/p>\n<p>&nbsp;<\/p>\n<p><strong>MOENA<\/strong> Resta chiuso il passo San Pellegrino dopo l\u2019imponente frana caduta mercoled\u00ec nel versante trentino. Le comunicazioni tra Falcade e la val di Fassa sono garantite dalla strada del passo Valles \u00e8 allo studio l\u2019ipotesi di realizzare una pista alternativa per bypassare il punto della frana. Necessari alcuni giorni di lavoro<\/p>\n<p>&nbsp;<\/p>\n<p>&nbsp;<\/p>\n<p>&nbsp;<\/p>\n<p>&nbsp;<\/p>\n<p>&nbsp;<\/p>\n<p>&nbsp;<\/p>\n<blockquote>\n<h1><\/h1>\n<h1>GSP, PROBLEMI CONTINUI SUL COL DI FOGLIA<\/h1>\n<\/blockquote>\n<p><strong><img loading=\"lazy\" decoding=\"async\" class=\"size-medium wp-image-53061 alignleft\" src=\"http:\/\/www.radiopiu.net\/wordpress\/wp-content\/uploads\/2018\/07\/water-pipe-2852047_960_720-300x200.jpg\" alt=\"\" width=\"300\" height=\"200\" srcset=\"https:\/\/www.radiopiu.net\/wordpress\/wp-content\/uploads\/2018\/07\/water-pipe-2852047_960_720-300x200.jpg 300w, https:\/\/www.radiopiu.net\/wordpress\/wp-content\/uploads\/2018\/07\/water-pipe-2852047_960_720-768x512.jpg 768w, https:\/\/www.radiopiu.net\/wordpress\/wp-content\/uploads\/2018\/07\/water-pipe-2852047_960_720.jpg 960w\" sizes=\"auto, (max-width: 300px) 100vw, 300px\" \/>AGORDO<\/strong> Non sono stati risolti i problemi sul Col di Foglia e via Faion, anche ieri segnalati problemi di approvigionamento idrico ai &#8220;piani\u00a0 alti&#8221;. Da 8 mesi la situazione non cambia, ma c&#8217;\u00e8 chi riesce anche ad ironizzare. Ieri sera alle 18.52 l&#8217;acqua scorreva regolarmente e con una buona pressione cos\u00ec anche ieri sera alle 21.45<br \/>\n<strong>LA LETTERA<\/strong><br \/>\n<em>&#8220;Ieri sera usciva una strana sostanza trasparente dai rubinetti di casa nostra, ho cercato in internet e dicono si tratti di acqua. Questa mattina usciva ancora, poi dalle 8 \u00e8 tornato tutto alla normalit\u00e0, ovvero usciva come al solito l&#8217;aria. Ora ne esce un filo, abbiamo chiamato GSP alle 11.45 e come al solito ci hanno detto che ci avrebbero richiamato,\u00a0 alle 13 abbiamo richiamato noi perch\u00e8 nessuno si \u00e8 fatto sentire e questa volta si sono &#8220;inventati&#8221; che avevamo i filtrini sporchi, questa ci\u00a0 mancava. Spiegata tutta la situazione hanno escluso quel problema, fatto sta che ad oggi, noi abbiamo ancora poca pressione, probabilmente il\u00a0 problema ora \u00e8 circoscritto a noi dei &#8220;piani alti&#8221; e siamo ancora <\/em><em>impossibilitati a fare lavatrici e lavastoviglie dato che queste ultime senza acqua si fondono e devono essere sostituite. Non sappiamo pi\u00f9 cosa fare&#8221;.<\/em><br \/>\n<strong>IL SINDACO DI AGORDO<\/strong><br \/>\nAbbiamo chiesto a Sisto Da Roit se lui o chi per lui sa cosa fare per risolvere un grande problema a chi le bollette GSP le paga regolarmente.<\/p>\n<audio class=\"wp-audio-shortcode\" id=\"audio-53079-2\" preload=\"none\" style=\"width: 100%;\" controls=\"controls\"><source type=\"audio\/mpeg\" src=\"http:\/\/www.radiopiu.net\/wordpress\/wp-content\/uploads\/2018\/07\/SISTO-DA-ROIT.mp3?_=2\" \/><a href=\"http:\/\/www.radiopiu.net\/wordpress\/wp-content\/uploads\/2018\/07\/SISTO-DA-ROIT.mp3\">http:\/\/www.radiopiu.net\/wordpress\/wp-content\/uploads\/2018\/07\/SISTO-DA-ROIT.mp3<\/a><\/audio>\n<p>&nbsp;<\/p>\n<p>&nbsp;<\/p>\n<blockquote>\n<h1><\/h1>\n<\/blockquote>\n<h1><\/h1>\n<p>&nbsp;<\/p>\n<p>&nbsp;<\/p>\n<blockquote>\n<h1 style=\"text-align: left;\">ACQUA INQUINATA IN CITTA&#8217;<\/h1>\n<p><strong>BELLUNO<\/strong> Bim Gsp informa che in Comune di BELLUNO in Via Pr\u00e0 de Luni, l&#8217;acqua erogata dall&#8217;acquedotto non \u00e8 potabile e pu\u00f2 essere usata per scopi alimentari solo previo adeguata bollitura. Analisi di routine eseguite dall\u2019Ulss 1 Dolomiti, infatti, hanno evidenziato la presenza di batteri nei campioni d\u2019acqua prelevati dalla rete idrica locale. Bim Gsp ha gi\u00e0 adottato le necessarie misure di disinfezione e clorazione. Nuovi prelievi di controllo saranno eseguiti nei prossimi giorni.<\/p><\/blockquote>\n<p>&nbsp;<\/p>\n<p>&nbsp;<\/p>\n<blockquote>\n<h1><\/h1>\n<\/blockquote>\n<blockquote><p>&nbsp;<\/p>\n<h1><\/h1>\n<h1>IL SALUTO DI AGORDO a Yasin, Yaya, Abu, Nazir, Aziz e Robin<\/h1>\n<\/blockquote>\n<div><strong>AGORDO<\/strong> La Cooperativa Blhyster, nel nuovo bando per l&#8217;accoglienza di richiedenti asilo della Prefettura di Belluno \u00e8 stata penalizzata. Dal 1\u00b0 luglio si \u00e8 reso necessario trasferire i ragazzi immigrati nelle cooperative aggiudicatarie della gara. Si chiude cos\u00ec l&#8217;esperienza di accoglienza dei sei ragazzi arrivati poco pi\u00f9 di un anno fa ad Agordo.<\/div>\n<div><img loading=\"lazy\" decoding=\"async\" class=\"aligncenter wp-image-53091 \" src=\"http:\/\/www.radiopiu.net\/wordpress\/wp-content\/uploads\/2018\/07\/20180630-1024x768.jpg\" alt=\"\" width=\"524\" height=\"393\" srcset=\"https:\/\/www.radiopiu.net\/wordpress\/wp-content\/uploads\/2018\/07\/20180630-1024x768.jpg 1024w, https:\/\/www.radiopiu.net\/wordpress\/wp-content\/uploads\/2018\/07\/20180630-300x225.jpg 300w, https:\/\/www.radiopiu.net\/wordpress\/wp-content\/uploads\/2018\/07\/20180630-768x576.jpg 768w, https:\/\/www.radiopiu.net\/wordpress\/wp-content\/uploads\/2018\/07\/20180630.jpg 1600w\" sizes=\"auto, (max-width: 524px) 100vw, 524px\" \/><\/div>\n<div><em>&#8220;Come Amministrazione &#8211; dice Nadia Dell&#8217;Agnola, assessore ai servizi alla persona &#8211;\u00a0 ci sentiamo soddisfatti del percorso fatto. Abbiamo colto una sfida che a suo tempo non aveva trovato tantissima condivisione nell&#8217;Agordino. Yasin, Yaya, Abu, Nazir, Aziz e Robin hanno per\u00f2 saputo rendersi utili ad Agordo con piccoli lavori di manutenzioni come ad esempio tinteggiature di ringhiere, sfalcio prati e campo di calcio, raccolta spazzatura ecc. C&#8217;\u00e8 chi ha anche contribuito ad accompagnare i bambini del Pedibus, ricevendo dai nostri piccoli cittadini la manifestazione di simpatia. <\/em><br \/>\n<em>Con gratitudine riconosciamo che l&#8217;armonioso percorso \u00e8 stato possibile grazie alla professionalit\u00e0 della Cooperativa Blhyster&#8221;.<\/em><\/div>\n<div><span style=\"color: #ff0000;\"><strong>L&#8217;INTERVENTO A RADIO PIU DI NADIA DELL&#8217;AGNOLA<\/strong><\/span><\/div>\n<div>\n<audio class=\"wp-audio-shortcode\" id=\"audio-53079-3\" preload=\"none\" style=\"width: 100%;\" controls=\"controls\"><source type=\"audio\/mpeg\" src=\"http:\/\/www.radiopiu.net\/wordpress\/wp-content\/uploads\/2018\/07\/NADIA-DELLAGNOLA.mp3?_=3\" \/><a href=\"http:\/\/www.radiopiu.net\/wordpress\/wp-content\/uploads\/2018\/07\/NADIA-DELLAGNOLA.mp3\">http:\/\/www.radiopiu.net\/wordpress\/wp-content\/uploads\/2018\/07\/NADIA-DELLAGNOLA.mp3<\/a><\/audio>\n<\/div>\n<blockquote>\n<div>L&#8217;AMMINISTRAZIONE COMUNALE:\u00a0\u00a0<strong>La Blhyster si \u00e8 presa cura dei ragazzi immigrati, favorendo un&#8217;ottima integrazione nella comunit\u00e0 di Agordo e soprattutto confrontandosi costantemente con noi. Un ringraziamento va anche alle associazioni e a tutte le persone che hanno contribuito a rendere il percorso davvero positivo. Domenica mattina, con un velo di tristezza abbiamo salutato i<\/strong><\/div>\n<\/blockquote>\n<div><\/div>\n<blockquote>\n<div data-crea=\"font-wrapper\"><\/div>\n<\/blockquote>\n<div data-crea=\"font-wrapper\"><\/div>\n<div data-crea=\"font-wrapper\"><\/div>\n<div data-crea=\"font-wrapper\"><\/div>\n<div data-crea=\"font-wrapper\"><\/div>\n<blockquote>\n<div data-crea=\"font-wrapper\"><\/div>\n<h1><\/h1>\n<\/blockquote>\n<h1>LUXOTTICA, LE ASSEMBLEE<\/h1>\n<p><strong><img loading=\"lazy\" decoding=\"async\" class=\" wp-image-53111 alignleft\" src=\"http:\/\/www.radiopiu.net\/wordpress\/wp-content\/uploads\/2018\/07\/sunglasses-1246251_960_720-300x199.jpg\" alt=\"\" width=\"202\" height=\"134\" srcset=\"https:\/\/www.radiopiu.net\/wordpress\/wp-content\/uploads\/2018\/07\/sunglasses-1246251_960_720-300x199.jpg 300w, https:\/\/www.radiopiu.net\/wordpress\/wp-content\/uploads\/2018\/07\/sunglasses-1246251_960_720-768x510.jpg 768w, https:\/\/www.radiopiu.net\/wordpress\/wp-content\/uploads\/2018\/07\/sunglasses-1246251_960_720.jpg 960w\" sizes=\"auto, (max-width: 202px) 100vw, 202px\" \/>AGORDO\u00a0<\/strong>Ben 9 assemblee ieri in Luxottica ad Agordo ma anche a Cencenighe con oltre 400 persone ad appuntamento in localit\u00e0 Valcozzena, i lavoratori sono stati coinvolti e hanno fatto domande e richieste ai sindacalisti che hanno presentato la piattaforma del nuovo contratto integrativo e raccolto le firme per l&#8217;annoso problema dei parcheggi e mezzi di trasporto, ad oggi sono state raccolte oltre 900 adesioni. Di seguito il riassunto della giornata con Luigi Dell&#8217;Atti, della Rsu Filctem Cgil. Il contratto \u00e8 stato presentato ai lavoratori dello stabilimento nel corso delle assemblee. Attenzione rivolta al tema dell\u2019occupazione<\/p>\n<p><span style=\"color: #ff0000;\">AUDIO<\/span><\/p>\n<audio class=\"wp-audio-shortcode\" id=\"audio-53079-4\" preload=\"none\" style=\"width: 100%;\" controls=\"controls\"><source type=\"audio\/mpeg\" src=\"http:\/\/www.radiopiu.net\/wordpress\/wp-content\/uploads\/2018\/07\/GR-05-LUIGI-DELLATTI-LUXOTTICA-1.mp3?_=4\" \/><a href=\"http:\/\/www.radiopiu.net\/wordpress\/wp-content\/uploads\/2018\/07\/GR-05-LUIGI-DELLATTI-LUXOTTICA-1.mp3\">http:\/\/www.radiopiu.net\/wordpress\/wp-content\/uploads\/2018\/07\/GR-05-LUIGI-DELLATTI-LUXOTTICA-1.mp3<\/a><\/audio>\n<p>&nbsp;<\/p>\n<p>&nbsp;<\/p>\n<blockquote><p>&nbsp;<\/p><\/blockquote>\n<p>&nbsp;<\/p>\n<p>&nbsp;<\/p>\n<blockquote>\n<h1>IERI ESERCITAZIONE DELLE TRUPPE ALPINE<\/h1>\n<\/blockquote>\n<p><img loading=\"lazy\" decoding=\"async\" class=\"aligncenter wp-image-53123 size-large\" src=\"http:\/\/www.radiopiu.net\/wordpress\/wp-content\/uploads\/2018\/07\/WhatsApp-Image-2018-07-04-at-20.21.46-1024x683.jpeg\" alt=\"\" width=\"1024\" height=\"683\" srcset=\"https:\/\/www.radiopiu.net\/wordpress\/wp-content\/uploads\/2018\/07\/WhatsApp-Image-2018-07-04-at-20.21.46-1024x683.jpeg 1024w, https:\/\/www.radiopiu.net\/wordpress\/wp-content\/uploads\/2018\/07\/WhatsApp-Image-2018-07-04-at-20.21.46-300x200.jpeg 300w, https:\/\/www.radiopiu.net\/wordpress\/wp-content\/uploads\/2018\/07\/WhatsApp-Image-2018-07-04-at-20.21.46-768x512.jpeg 768w, https:\/\/www.radiopiu.net\/wordpress\/wp-content\/uploads\/2018\/07\/WhatsApp-Image-2018-07-04-at-20.21.46.jpeg 1404w\" sizes=\"auto, (max-width: 1024px) 100vw, 1024px\" \/><br \/>\n<strong>CORTINA Ieri sulle Cinque Torri si \u00e8 svolta la dimostrazione-esercitazione delle gruppe alpine nei luoghi dove 100 anni fa si combatt\u00e8 la Grande Guerra. Una giornata di grandi prestazioni dove gli alpini hanno messo in luce il moderno concetto di &#8220;mountain warfare&#8221; ovvero l&#8217;evoluzione delle tecniche da combattimento. Nelle foto di<span style=\"color: #ff0000;\"> Luca Zanfron<\/span> due momenti dell&#8217;esercitazione.<\/strong><\/p>\n<blockquote><p><img loading=\"lazy\" decoding=\"async\" class=\"aligncenter wp-image-53124 size-large\" src=\"http:\/\/www.radiopiu.net\/wordpress\/wp-content\/uploads\/2018\/07\/WhatsApp-Image-2018-07-04-at-20.21.45-1024x683.jpeg\" alt=\"\" width=\"1024\" height=\"683\" srcset=\"https:\/\/www.radiopiu.net\/wordpress\/wp-content\/uploads\/2018\/07\/WhatsApp-Image-2018-07-04-at-20.21.45-1024x683.jpeg 1024w, https:\/\/www.radiopiu.net\/wordpress\/wp-content\/uploads\/2018\/07\/WhatsApp-Image-2018-07-04-at-20.21.45-300x200.jpeg 300w, https:\/\/www.radiopiu.net\/wordpress\/wp-content\/uploads\/2018\/07\/WhatsApp-Image-2018-07-04-at-20.21.45-768x512.jpeg 768w, https:\/\/www.radiopiu.net\/wordpress\/wp-content\/uploads\/2018\/07\/WhatsApp-Image-2018-07-04-at-20.21.45.jpeg 1404w\" sizes=\"auto, (max-width: 1024px) 100vw, 1024px\" \/><\/p><\/blockquote>\n<h1><\/h1>\n<p>&nbsp;<\/p>\n<blockquote><p>&nbsp;<\/p><\/blockquote>\n<p>&nbsp;<\/p>\n<blockquote>\n<h1>EROGAZIONE FONDI, RINVIATA DALLA MAGGIORANZA.<\/h1>\n<\/blockquote>\n<p><strong><img loading=\"lazy\" decoding=\"async\" class=\"size-medium wp-image-53112 alignleft\" src=\"http:\/\/www.radiopiu.net\/wordpress\/wp-content\/uploads\/2018\/07\/stock-photo-diverse-multi-ethnic-business-team-members-join-helping-hands-group-together-palms-up-as-concept-of-1022451730-300x213.jpg\" alt=\"\" width=\"300\" height=\"213\" srcset=\"https:\/\/www.radiopiu.net\/wordpress\/wp-content\/uploads\/2018\/07\/stock-photo-diverse-multi-ethnic-business-team-members-join-helping-hands-group-together-palms-up-as-concept-of-1022451730-300x213.jpg 300w, https:\/\/www.radiopiu.net\/wordpress\/wp-content\/uploads\/2018\/07\/stock-photo-diverse-multi-ethnic-business-team-members-join-helping-hands-group-together-palms-up-as-concept-of-1022451730.jpg 450w\" sizes=\"auto, (max-width: 300px) 100vw, 300px\" \/>ROMA<\/strong> La commissione Difesa della Camera ha rinviato alla settimana prossima l\u2019espressione del parere sui finanziamenti che il governo dovrebbe erogare alle associazioni combattentistiche e d\u2019arma per il 2018. Complessivamente i contributi ammontano a 1 milione 693 mila 610 euro a favore di enti, istituti, associazioni, fondazioni e altri organismi vigilati dal Ministero della difesa. Lo stanziamento \u00e8 suddiviso tra le Associazioni Combattentistiche e Partigiane (1 milione di euro) e le Associazioni d&#8217;Arma, di Categoria e di specialit\u00e0 (693.610 euro). Il parere della commissione consentirebbe al Ministero della Difesa di emanare il decreto con cui erogare i finanziamenti alle associazioni. Sono stati considerati prioritari i progetti per i quali \u00e8 agevole misurarne il grado di conseguimento; le iniziative di partecipazione alla gestione e manutenzione di siti museali, monumenti, cimiteri e sacrari di Guerra; le attivit\u00e0 divulgative, nei confronti di scuole, istituti di formazione volti a favorire la diffusione e la conoscenza delle vicende storiche connesse alla Prima Guerra Mondiale, in occasione delle ricorrenze del centenario e alla Seconda Guerra Mondiale nonch\u00e9 di progetti riferiti all&#8217;80\u00b0 anniversario dell&#8217;emanazione delle leggi razziali e alla celebrazione del 70\u00b0 anniversario dell&#8217;entrata in vigore della Costituzione Italiana; l&#8217;erogazione di borse di studio e l&#8217;acquisto di materiali per non vedenti, non udenti o altro personale diversamente abile; le finalit\u00e0 assistenziali, promozionali nonch\u00e9 qualunque altro progetto di interesse della Difesa.Tra i beneficiari a livello nazionale sono da segnalare l\u2019Anpi che dovrebbe ricevere un contributo di 100 mila euro, l\u2019associazione Reduci (90.100 euro), l\u2019associazione Alpini (52 mila euro), l\u2019associazione Artiglieri (61.635 euro), l\u2019associazione Lagunari (13.500 euro), l\u2019associazione Bersaglieri (35 mila euro).<\/p>\n<p><strong>AI MICROFONI DI RADIO PIU, IL DEPUTATO ROGER DE MENECH<\/strong><\/p>\n<audio class=\"wp-audio-shortcode\" id=\"audio-53079-5\" preload=\"none\" style=\"width: 100%;\" controls=\"controls\"><source type=\"audio\/mpeg\" src=\"http:\/\/www.radiopiu.net\/wordpress\/wp-content\/uploads\/2018\/07\/DE-MENECH.mp3?_=5\" \/><a href=\"http:\/\/www.radiopiu.net\/wordpress\/wp-content\/uploads\/2018\/07\/DE-MENECH.mp3\">http:\/\/www.radiopiu.net\/wordpress\/wp-content\/uploads\/2018\/07\/DE-MENECH.mp3<\/a><\/audio>\n<p>&nbsp;<\/p>\n<p>&nbsp;<\/p>\n<p>&nbsp;<\/p>\n<h1><\/h1>\n<blockquote><p>&nbsp;<\/p>\n<h1><\/h1>\n<h1>SOCIALE \u201cLE PROTESI SPORTIVE PER I DISABILI SIANO FORNITE DAL SISTEMA SANITARIO NAZIONALE \u201d<\/h1>\n<\/blockquote>\n<p><strong><img loading=\"lazy\" decoding=\"async\" class=\"size-medium wp-image-53113 alignleft\" src=\"http:\/\/www.radiopiu.net\/wordpress\/wp-content\/uploads\/2018\/07\/action-1867014_960_720-300x214.jpg\" alt=\"\" width=\"300\" height=\"214\" srcset=\"https:\/\/www.radiopiu.net\/wordpress\/wp-content\/uploads\/2018\/07\/action-1867014_960_720-300x214.jpg 300w, https:\/\/www.radiopiu.net\/wordpress\/wp-content\/uploads\/2018\/07\/action-1867014_960_720-768x548.jpg 768w, https:\/\/www.radiopiu.net\/wordpress\/wp-content\/uploads\/2018\/07\/action-1867014_960_720.jpg 960w\" sizes=\"auto, (max-width: 300px) 100vw, 300px\" \/>ROMA<\/strong> \u201cDobbiamo avvicinare le persone con disabilit\u00e0 al mondo dello sport: gli ausili e le protesi per queste attivit\u00e0 devono essere erogate dal Servizio Sanitario Nazionale\u201d: questo lo spirito della proposta di legge, presentata in conferenza stampa a Roma, che vede tra i firmatari anche il deputato di Forza Italia, Dario Bond. La prima firma \u00e8 quella di Giuseppina \u201cGiusy\u201d Versace, deputata azzurra e atleta paralimpica; alla presentazione era presente anche Matteo Cavagnini, capitano della nazionale azzurra di basket in carrozzina.<br \/>\n\u201c\u00c8 una questione di giustizia sociale:\u201d, spiega Bond \u201cva modificato il decreto dello scorso anno, che prevede i livelli essenziali di assistenza, aggiungendo all&#8217;elenco delle prestazioni e delle tipologie di dispositivi erogabili dal Servizio Sanitario Nazionale anche gli ausili e protesi di ultima generazione, a tecnologia avanzata e con caratteristiche funzionali allo svolgimento della pratica sportiva, destinati a persone con disabilit\u00e0 fisiche\u201d.<\/p>\n<p>&nbsp;<\/p>\n<h1><\/h1>\n<blockquote><p>&nbsp;<\/p>\n<h1><\/h1>\n<h1><\/h1>\n<h1><\/h1>\n<\/blockquote>\n<h1><\/h1>\n<blockquote><p>&nbsp;<\/p>\n<h1><\/h1>\n<h1>FONDI DI CONFINE \u2013 DARIO BOND (FORZA ITALIA) E DARIO SCOPEL (SEREN DEL GRAPPA): \u201cUSARE I FONDI DI CONFINE PER TUTTA LA PROVINCIA\u201d<\/h1>\n<\/blockquote>\n<p><strong>ROMA\u00a0<\/strong>A pochi giorni dall&#8217;insediamento del nuovo Presidente del Comitato Fondi Comuni Confinanti, il leghista Paolo Saviane, arrivano le osservazioni dei bellunesi Dario Scopel, sindaco di Seren del Grappa, e Dario Bond, deputato di Forza Italia: \u201cBene che la presidenza sia rimasta in mano bellunese e che si voglia rivedere l&#8217;utilizzo dei fondi\u201d commentano \u201cma ora bisogna ragionare su progetti che investano l&#8217;intero territorio provinciale\u201d.<\/p>\n<p><strong>\u00c8 Scopel ad analizzare la situazione, sentiamolo ai microfoni di Radio Pi\u00f9.<\/strong><\/p>\n<audio class=\"wp-audio-shortcode\" id=\"audio-53079-6\" preload=\"none\" style=\"width: 100%;\" controls=\"controls\"><source type=\"audio\/mpeg\" src=\"http:\/\/www.radiopiu.net\/wordpress\/wp-content\/uploads\/2018\/07\/SCOPEL-FONDI-CONFINE.mp3?_=6\" \/><a href=\"http:\/\/www.radiopiu.net\/wordpress\/wp-content\/uploads\/2018\/07\/SCOPEL-FONDI-CONFINE.mp3\">http:\/\/www.radiopiu.net\/wordpress\/wp-content\/uploads\/2018\/07\/SCOPEL-FONDI-CONFINE.mp3<\/a><\/audio>\n<p><strong>Concorda con il primo cittadino serenese il deputato forzista Dario Bond:<\/strong><\/p>\n<audio class=\"wp-audio-shortcode\" id=\"audio-53079-7\" preload=\"none\" style=\"width: 100%;\" controls=\"controls\"><source type=\"audio\/mpeg\" src=\"http:\/\/www.radiopiu.net\/wordpress\/wp-content\/uploads\/2018\/07\/DARIO-BOND-SCOPEL.mp3?_=7\" \/><a href=\"http:\/\/www.radiopiu.net\/wordpress\/wp-content\/uploads\/2018\/07\/DARIO-BOND-SCOPEL.mp3\">http:\/\/www.radiopiu.net\/wordpress\/wp-content\/uploads\/2018\/07\/DARIO-BOND-SCOPEL.mp3<\/a><\/audio>\n<p>&nbsp;<\/p>\n<blockquote><p>&nbsp;<\/p><\/blockquote>\n<h1><\/h1>\n<p>&nbsp;<\/p>\n<blockquote><p>&nbsp;<\/p>\n<h1>CORTINA 2026. ZAIA A ROMA DA GIORGETTI E MALAG\u00d2: \u201cTRA LE DOLOMITI LE OLIMPIADI INVERNALI HANNO LA LORO SEDE NATURALE\u201d<\/h1>\n<\/blockquote>\n<p><strong><img loading=\"lazy\" decoding=\"async\" class=\"size-medium wp-image-53049 alignleft\" src=\"http:\/\/www.radiopiu.net\/wordpress\/wp-content\/uploads\/2018\/07\/920-2018-Zaia-300x225.jpg\" alt=\"\" width=\"300\" height=\"225\" srcset=\"https:\/\/www.radiopiu.net\/wordpress\/wp-content\/uploads\/2018\/07\/920-2018-Zaia-300x225.jpg 300w, https:\/\/www.radiopiu.net\/wordpress\/wp-content\/uploads\/2018\/07\/920-2018-Zaia-768x576.jpg 768w, https:\/\/www.radiopiu.net\/wordpress\/wp-content\/uploads\/2018\/07\/920-2018-Zaia-1024x768.jpg 1024w, https:\/\/www.radiopiu.net\/wordpress\/wp-content\/uploads\/2018\/07\/920-2018-Zaia.jpg 1600w\" sizes=\"auto, (max-width: 300px) 100vw, 300px\" \/>VENEZIA<\/strong> Il presidente della Regione del Veneto, Luca Zaia, ha personalmente presentato a Roma, prima al sottosegretario allo sport, Giancarlo Giorgetti e successivamente al presidente del CONI, Giovanni Malag\u00f2, lo studio di fattibilit\u00e0, ufficialmente gi\u00e0 inviato ieri, che accompagna la candidatura di Cortina a ospitare i Giochi Olimpici e Paralimpici invernali del 2026. Il presidente Zaia ha voluto elencare con precisione i principali punti di forza della proposta di Cortina e delle Dolomiti. Il progetto sar\u00e0 oggetto di una Valutazione Ambientale Strategica e sar\u00e0 assolutamente sostenibile sotto ogni punto di vista, rispettoso dell\u2019ambiente, in grado mettere a frutto l\u2019abbrivio dei mondiali di sci del 2021, gi\u00e0 assegnati a Cortina. Nessuna nuova struttura permanente verr\u00e0 costruita ad hoc per i Giochi e ben sette discipline sportive saranno ospitate nella citt\u00e0 Olimpica: un record per le sedi invernali dal 1998; inoltre, si prevede che a Cortina ci si possa muovere tranquillamente a piedi tra il villaggio olimpico e gli impianti che ospiteranno le gare.<br \/>\n<em>\u201cMa \u00e8 anche una candidatura voluta e sostenuta dal territorio, dalle comunit\u00e0 e dagli Enti che le rappresentano \u2013 ha evidenziato Zaia a Giorgetti e Malag\u00f2 \u2013. In Veneto e Trentino Alto Adige siamo compatti nel volere le Olimpiadi del 2026 e per noi questo non sarebbe un evento come tanti altri: sarebbe l\u2019evento, al quale lavoreremmo con attenzione e lungimiranza, consapevoli dell\u2019opportunit\u00e0 sul piano sociale ed economico rappresentata dagli investimenti in queste aree di montagna. Possiamo dire lo stesso per gli altri due competitor metropolitani?\u201d<\/em><\/p>\n<p>&nbsp;<\/p>\n<h1><\/h1>\n<blockquote><p>&nbsp;<\/p><\/blockquote>\n<h1><\/h1>\n<p>&nbsp;<\/p>\n<blockquote><p>&nbsp;<\/p><\/blockquote>\n<p>&nbsp;<\/p>\n<blockquote>\n<h1>MAI COSI&#8217; TANTI ARRIVI<\/h1>\n<\/blockquote>\n<p><strong><img loading=\"lazy\" decoding=\"async\" class=\"size-medium wp-image-53044 alignleft\" src=\"http:\/\/www.radiopiu.net\/wordpress\/wp-content\/uploads\/2018\/07\/IMG_20180704_1118291-1-300x171.jpg\" alt=\"\" width=\"300\" height=\"171\" srcset=\"https:\/\/www.radiopiu.net\/wordpress\/wp-content\/uploads\/2018\/07\/IMG_20180704_1118291-1-300x171.jpg 300w, https:\/\/www.radiopiu.net\/wordpress\/wp-content\/uploads\/2018\/07\/IMG_20180704_1118291-1-768x437.jpg 768w, https:\/\/www.radiopiu.net\/wordpress\/wp-content\/uploads\/2018\/07\/IMG_20180704_1118291-1-1024x583.jpg 1024w\" sizes=\"auto, (max-width: 300px) 100vw, 300px\" \/>FELTRE<\/strong> Esposti ieri alla stampa dall&#8217;assessore al turismo del Comune di Feltre Alessandro Del Bianco i dati turistici 2017, caratterizzati da numeri pi\u00f9 che incoraggianti per quanto riguarda gli arrivi a Feltre citt\u00e0. Oltre 23 mila i turisti giunti a Feltre, e che vi hanno pernottato almeno una notte, + 8,5% rispetto ai 21.206 dell&#8217;anno precedente. Si tratta del dato pi\u00f9 alto di sempre. In netta crescita anche le presenze, passate dalle 83.337 unit\u00e0 del 2016 alle quasi 90 mila del 2017 (+8%). Volgendo lo sguardo a quanto accaduto nelle scorse settimane, i segnali positivi sono ancora pi\u00f9 evidenti. Nelle prime tre settimane di apertura, la restaurata Torre Dell&#8217;Orologio ha infatti ospitato 652 visitatori; oltre 500 quelli che non hanno voluto perdersi le bellezze del Teatro de la Sena, solo nell&#8217;ultimo week end, quello dedicato alla mostra dell&#8217;Artigianato. Entro fine luglio saranno inoltre disponibili i primi dati sulla tassa di soggiorno, che fornir\u00e0 un ulteriore impulso alla crescita turistica.<\/p>\n<p><strong>AI MICROFONI DI RADIO PIU, L&#8217;ASSESSORE ALESSANDRO DEL BIANCO<\/strong><\/p>\n<audio class=\"wp-audio-shortcode\" id=\"audio-53079-8\" preload=\"none\" style=\"width: 100%;\" controls=\"controls\"><source type=\"audio\/mpeg\" src=\"http:\/\/www.radiopiu.net\/wordpress\/wp-content\/uploads\/2018\/07\/DAL-BIANCO-FELTRE.mp3?_=8\" \/><a href=\"http:\/\/www.radiopiu.net\/wordpress\/wp-content\/uploads\/2018\/07\/DAL-BIANCO-FELTRE.mp3\">http:\/\/www.radiopiu.net\/wordpress\/wp-content\/uploads\/2018\/07\/DAL-BIANCO-FELTRE.mp3<\/a><\/audio>\n<p>Tra motori trainanti per la vitalit\u00e0 della proposta turistica feltrina, la cultura conferma il suo ruolo di primo piano: i musei cittadini hanno registrato nei primi 6 mesi del 2018 oltre 3100 visitatori (+ 32% rispetto allo stesso periodo del 2016); 2.666 coloro che hanno frequentato le sale dedicate alla mostra su Resentera, che ha riscontrato un&#8217;ottima attenzione da parte della critica, oltre che del pubblico.<br \/>\nE non \u00e8 finita. Fine luglio vedr\u00e0 infatti l&#8217;apertura, sempre alla Galleria \u201cRizzarda\u201d di una mostra dell&#8217;artista cadorino Celso Valmassoi, organizzata in collaborazione con la Magnifica Comunit\u00e0. Settembre sar\u00e0 poi occupato da una mostra ed un intenso programma culturale dedicato a Egon Schiele, nel centesimo anniversario dalla morte, con la presenza \u2013 tra gli latri \u2013 dell&#8217;Opera Festival, che proporr\u00e0 alcuni spettacoli di assoluto valore.<\/p>\n<p>&nbsp;<\/p>\n<p>&nbsp;<\/p>\n<p>&nbsp;<\/p>\n<blockquote>\n<h1>SENTIERI RIPRISTINATI IN TERRITORIO FODOM<\/h1>\n<\/blockquote>\n<p><strong><img loading=\"lazy\" decoding=\"async\" class=\" wp-image-53081 alignleft\" src=\"http:\/\/www.radiopiu.net\/wordpress\/wp-content\/uploads\/2018\/07\/WhatsApp-Image-2018-07-04-at-13.15.54-300x169.jpeg\" alt=\"\" width=\"407\" height=\"229\" srcset=\"https:\/\/www.radiopiu.net\/wordpress\/wp-content\/uploads\/2018\/07\/WhatsApp-Image-2018-07-04-at-13.15.54-300x169.jpeg 300w, https:\/\/www.radiopiu.net\/wordpress\/wp-content\/uploads\/2018\/07\/WhatsApp-Image-2018-07-04-at-13.15.54-768x432.jpeg 768w, https:\/\/www.radiopiu.net\/wordpress\/wp-content\/uploads\/2018\/07\/WhatsApp-Image-2018-07-04-at-13.15.54-1024x576.jpeg 1024w, https:\/\/www.radiopiu.net\/wordpress\/wp-content\/uploads\/2018\/07\/WhatsApp-Image-2018-07-04-at-13.15.54.jpeg 1600w\" sizes=\"auto, (max-width: 407px) 100vw, 407px\" \/>LIVINALLONGO<\/strong> Nel territorio della Sezione CAI di Livinallongo attorno alla catena del Padon, c\u2019\u00e8 uno dei pi\u00f9 interessanti percorsi delle Dolomiti: il Sentiero geologico di Arabba. Creato nel 1980 da Gilberto Salvatore, Carlo Doglioni e Cesare Lasen, ha lo scopo di valorizzare le particolarit\u00e0 geologiche, botaniche e paesaggistiche della zona di Arabba e Porta Vescovo. Dopo un periodo di abbandono, nelle estati 2008 e 2009 \u00e8 stato ripristinato da Gilberto Salvatore, allora Presidente della locale Sezione CAI, e da un gruppetto di entusiasti e volonterosi Soci del CAI, fra cui l\u2019attuale vice Presidente Giampaolo Fasolo. Ora\u00a0 \u00e8 percorribile e osservabile attraverso la guida \u201cSentiero Geologico di Arabba\u201d edito dal CAI nella collana \u201cItinerari naturalistici e geografici attraverso le montagne italiane\u201d.<br \/>\n<img loading=\"lazy\" decoding=\"async\" class=\"size-medium wp-image-53080 alignright\" src=\"http:\/\/www.radiopiu.net\/wordpress\/wp-content\/uploads\/2018\/07\/WhatsApp-Image-2018-07-04-at-13.16.07-168x300.jpeg\" alt=\"\" width=\"168\" height=\"300\" srcset=\"https:\/\/www.radiopiu.net\/wordpress\/wp-content\/uploads\/2018\/07\/WhatsApp-Image-2018-07-04-at-13.16.07-168x300.jpeg 168w, https:\/\/www.radiopiu.net\/wordpress\/wp-content\/uploads\/2018\/07\/WhatsApp-Image-2018-07-04-at-13.16.07-768x1368.jpeg 768w, https:\/\/www.radiopiu.net\/wordpress\/wp-content\/uploads\/2018\/07\/WhatsApp-Image-2018-07-04-at-13.16.07-575x1024.jpeg 575w, https:\/\/www.radiopiu.net\/wordpress\/wp-content\/uploads\/2018\/07\/WhatsApp-Image-2018-07-04-at-13.16.07.jpeg 898w\" sizes=\"auto, (max-width: 168px) 100vw, 168px\" \/>Nel 2011 la Sezione CAI di Livinallongo si \u00e8 gemellata con la Sezione CAI di Camposampiero (PD) e soci di quest\u2019ultima hanno collaborato nella manutenzione dei sentieri del Col di Lana. Ma \u00e8 soprattutto nella manutenzione del Sentiero feologico di Arabba che \u00e8 diventata fondamentale questa collaborazione. Il sentiero ha uno sviluppo di oltre 13 chilometri e attraversa zone morfologicamente molto diverse: roccia, prati, boschi, corsi d\u2019acqua, resti di insediamenti militari risalenti alla Grande Guerra. Da qui la necessit\u00e0 di una manutenzione annuale che la sezione di Livinallongo da sola potrebbe difficilmente eseguire. Ecco allora che puntualmente, ogni inizio di estate, arrivano i volontari di Camposampiero. Anzi, per l\u2019esattezza, sono quasi sempre i soliti quattro: Ismaele Mason, Renzo Squizzato, Gabriele Bavato, Paolo Fusaro. Anche quest\u2019anno, il 29 giugno, sono arrivati armati di due decespugliatori, carburante, mazzette, cesoie. Divisi in due squadre, hanno ripulito completamente tutto il sentiero dalla sua partenza a Porta Vescovo fino al rifugio Padon, passando attorno al Sourasass, salendo al Pizzac attraverso le postazioni austro-ungariche e poi sul Col Toront e i Monti Alti di Ornella lungo le trincee italiane.<\/p>\n<blockquote><p><img loading=\"lazy\" decoding=\"async\" class=\"size-medium wp-image-6707 alignleft\" src=\"http:\/\/www.radiopiu.net\/wordpress\/wp-content\/uploads\/2015\/06\/R.Padon-0001-300x139.jpg\" alt=\"\" width=\"300\" height=\"139\" \/><strong><em>La manutenzione del tratto dal rifugio Padon a Porta Vescovo viene regolarmente effettuata da Gemma Pallua, la quale gestisce il rifugio stesso. Un ringraziamento va alla societ\u00e0 impiantistica di Portavescovo Sofma S.p.A. A questi volontari, animati da una rara e generosa disponibilit\u00e0, va il ringraziamento di Diego Grones Presidente della Lia da Mont Fodom e Col che unisce CAI di Livinallongo e l\u2019AVS Buchenstein.<\/em><\/strong><\/p><\/blockquote>\n<p>&nbsp;<\/p>\n<p>&nbsp;<\/p>\n<p>&nbsp;<\/p>\n<p>&nbsp;<\/p>\n<h1><\/h1>\n<blockquote>\n<h1>IERI SERA CONSIGLIO COMUNALE AD ALLEGHE<\/h1>\n<\/blockquote>\n<p><strong><img loading=\"lazy\" decoding=\"async\" class=\" wp-image-8976 alignleft\" src=\"http:\/\/www.radiopiu.net\/wordpress\/wp-content\/uploads\/2015\/08\/foto_siro.jpg\" alt=\"\" width=\"132\" height=\"131\" \/>ALLEGHE<\/strong> Quale futuro per lo stadio del ghiaccio di Alleghe? Il Comune cerca gestori, per la manutenzione della pista, per la pulizia dell&#8217;impianto, per la gestione della biglietteria, rapporti con le societ\u00e0 sportive e noleggio pattini. Con il 30 aprile \u00e8 terminata la gestione dell&#8217;hockey club Alleghe quindi l&#8217;amministrazione corre ai ripari. Il prossimo anno tra l&#8217;altro lo stadio rimarr\u00e0 chiuso per i programmati lavori di manutenzione grazie ai fondi di confine. Se n&#8217;\u00e8 parlato ieri sera in consiglio comunale. Il Comune prepara il bando, abbiamo sentito in proposito il sindaco di Alleghe Siro De Biasio<\/p>\n<audio class=\"wp-audio-shortcode\" id=\"audio-53079-9\" preload=\"none\" style=\"width: 100%;\" controls=\"controls\"><source type=\"audio\/mpeg\" src=\"http:\/\/www.radiopiu.net\/wordpress\/wp-content\/uploads\/2018\/07\/SIRO-DE-BIARIO.mp3?_=9\" \/><a href=\"http:\/\/www.radiopiu.net\/wordpress\/wp-content\/uploads\/2018\/07\/SIRO-DE-BIARIO.mp3\">http:\/\/www.radiopiu.net\/wordpress\/wp-content\/uploads\/2018\/07\/SIRO-DE-BIARIO.mp3<\/a><\/audio>\n<p>&nbsp;<\/p>\n<p>&nbsp;<\/p>\n<blockquote><p>&nbsp;<\/p>\n<h1><\/h1>\n<h1>OPERAZIONE TRASPARENZA E COMUNICAZIONE<\/h1>\n<\/blockquote>\n<p><strong>TAIBON<\/strong> L&#8217;amministrazione comunale di Taibon organizza una serata informativa sul tema &#8220;Il sistema di bilancio degli enti locali&#8221;, giovedi 12 luglio alle 20 nella sala ex Municipio di Piazza San Rocco. La popolazione, le associazioni del territorio sono inviati a partecipare per condividere un momento di approfondimento rispetto alle modalit\u00e0 di gestione delle risorse da parte dei Comuni.<\/p>\n<p>&nbsp;<\/p>\n<p>&nbsp;<\/p>\n<p>&nbsp;<\/p>\n<p>&nbsp;<\/p>\n<blockquote>\n<h1>IN TEATRO LA CONSEGNA DELLA &#8220;PENNA&#8221;<\/h1>\n<\/blockquote>\n<p><strong><img loading=\"lazy\" decoding=\"async\" class=\"size-medium wp-image-53082 alignleft\" src=\"http:\/\/www.radiopiu.net\/wordpress\/wp-content\/uploads\/2018\/07\/soldiers-805309_960_720-300x200.jpg\" alt=\"\" width=\"300\" height=\"200\" srcset=\"https:\/\/www.radiopiu.net\/wordpress\/wp-content\/uploads\/2018\/07\/soldiers-805309_960_720-300x200.jpg 300w, https:\/\/www.radiopiu.net\/wordpress\/wp-content\/uploads\/2018\/07\/soldiers-805309_960_720-768x512.jpg 768w, https:\/\/www.radiopiu.net\/wordpress\/wp-content\/uploads\/2018\/07\/soldiers-805309_960_720.jpg 960w\" sizes=\"auto, (max-width: 300px) 100vw, 300px\" \/>FELTRE<\/strong> Le targhe del premio \u201cLa penna alpina per la nostra montagna\u201d, istituito nel 2010 dalla Sezione alpini di Feltre, saranno consegnate nel pomeriggio di sabato 21 luglio nel corso di una cerimonia che si terr\u00e0 al teatro \u201cLa Sena\u201d per riconoscere i meriti di singole persone, associazioni, istituzioni ed enti, che nella provincia di Belluno hanno evidenziato nel loro operato azioni altamente meritorie a favore della popolazione e della montagna bellunesi, oppure abbiano promosso con la loro professionalit\u00e0 l\u2019immagine della provincia in Italia e nel mondo. Come gi\u00e0 accaduto nelle ultime edizioni la cerimonia si inserisce nel programma della manifestazione denominata \u201cOrgoglio alpino\u201d, che prevede anche il raduno degli ex appartenenti al Battaglione alpini\u201cFeltre\u201d e al Gruppo artiglieria da montagna \u201cAgordo\u201d.<br \/>\nMolte e di alto livello anche quest\u2019anno le candidature pervenute alla segreteria della Sezione. La commissione preposta alla valutazione dei nominativi ha discusso a lungo in riferimento alle schede di presentazione e alle motivazioni di ogni candidatura. Quest\u2019 anno il premio \u00e8 stato assegnato per la categoria singoli all\u2019 ingegnere Vanni Toigo di Arten di Fonzaso, ricercatore al CERN di Padova, che, con il Consorzio RFX coordina al pi\u00f9 alto livello l\u2019 attivit\u00e0 di ricerca tecnologica e scientifica nel campo della fusione termonucleare controllata, come possibile fonte di energia. Per l\u2019 ambito arte e cultura \u00e8 stato preferito tra le diverse proposte pervenute lo scultore Antonio Bottegal, per la sua ricca produzione artistica, con la quale, oltre ad affermare il proprio talento, ha saputo dar lustro al nome della sua terra di origine in tutta Italia. Infine in questa edizione la targa per le associazioni, enti ed istituzioni \u00e8 stata conferita al Reparto cure palliative dell\u2019ULSS 1 Dolomiti dell\u2019 ospedale di Feltre, all\u2019Associazione \u201cMano Amica\u201d di Feltre e all\u2019Associazione \u201cCucchini\u201d di Belluno, per la preziosa, discreta e premurosa opera offerta ai pazienti terminali nel territorio della nostra provincia. Infine la targa \u201cGenerale Giangi Bonzo\u201d , offerta dal gruppo alpini della Colombia e riservata la personale in servizio attivo del Settimo Reggimento Alpini, quest\u2019anno \u00e8 stata attribuita al luogotenente Leonardo Ronzani.\u00a0 Un\u2019altra rosa di premiati che danno lustro nell\u2019ambito della loro attivit\u00e0 professionale e di volontariato all\u2019immagine della nostra amata Provincia. All\u2019 organizzazione anche di questa edizione del premio hanno collaborato la famiglia Lionello Gorza, la Cassa Rurale Dolomiti di Fassa e Primiero, la Cooperativa Lattebusche.<br \/>\nIl presidente sezionale Stefano Mariech ha manifestato grande soddisfazione anche per questa edizione del premio \u201cLa penna alpina per la nostra montagna\u201d, in cui tutte le candidature si sono rivelate di grande spessore e i premiati sono l\u2019espressione tangibile della ricchezza di talenti e professionalit\u00e0 che in ogni ambito emerge nel territorio bellunese. Mariech ha voluto anche ringraziare l\u2019Amministrazione comunale di Feltre per aver messo a disposizione il teatro \u201cLa Sena\u201d quale prestigiosa sede per la cerimonia di consegna delle targhe.<\/p>\n<p>&nbsp;<\/p>\n<p>&nbsp;<\/p>\n<p>&nbsp;<\/p>\n<blockquote>\n<h1>INDIPENDENT SOUND: I NUMERI DI UNA PRIMA EDIZIONE CHE LASCIA IL SEGNO<img loading=\"lazy\" decoding=\"async\" class=\"aligncenter wp-image-53045 size-large\" src=\"http:\/\/www.radiopiu.net\/wordpress\/wp-content\/uploads\/2018\/07\/FotoVincitori-1024x768.jpg\" alt=\"\" width=\"1024\" height=\"768\" srcset=\"https:\/\/www.radiopiu.net\/wordpress\/wp-content\/uploads\/2018\/07\/FotoVincitori-1024x768.jpg 1024w, https:\/\/www.radiopiu.net\/wordpress\/wp-content\/uploads\/2018\/07\/FotoVincitori-300x225.jpg 300w, https:\/\/www.radiopiu.net\/wordpress\/wp-content\/uploads\/2018\/07\/FotoVincitori-768x576.jpg 768w, https:\/\/www.radiopiu.net\/wordpress\/wp-content\/uploads\/2018\/07\/FotoVincitori.jpg 1600w\" sizes=\"auto, (max-width: 1024px) 100vw, 1024px\" \/><\/h1>\n<\/blockquote>\n<p><strong>FELTRE<\/strong> 11 concorrenti dalle provincie di Belluno e Trento, 5 ore di sfida, 7 premi in palio: sono i numeri di Indipendent Sound Mauro Bee Smania Smile, concorso musicale che si \u00e8 svolto domenica scorsa presso il parco della Birreria Pedavena. L\u2019iniziativa, promossa da Scuola Comunale di Musica Sandi con la collaborazione del Lions Club Castello di Alboino di Feltre e dei soci Gianni Gorza e Maria Teresa Bighi, era finalizzata a ricordare il giovane rapper feltrino Mauro Bee improvvisamente scomparso due anni fa a ventotto anni.<br \/>\nLa giornata, tutta all\u2019insegna di pezzi originali, ha visto salire sul podio dei vincitori per la categoria rock i Jem Acoustic Sound (Little Elf) seguiti dalla giovanissima band The Darts (Madness of love) e da Luca De Gregorio (L\u2019orso Bal\u00f9). Hanno conquistato i primi tre posti della categoria rap Filippo Dell\u2019Andrea (Vai per la tua via), I tre lati opposti (Solo un po\u2019) e Luca Sommariva (Aspettative). Vincitore assoluto per la categoria Freestyle \u00e8 stato Nicola De Bona. Ospiti d\u2019eccezione della giornata sono stati l\u2019Orchestra Giovanile Symphoniae diretta dal Maestro Marcello Godi e i testimonial della raccolta fondi Lions per l\u2019acquisto di un cane guida da donare ad un non vedente. \u201cLa musica oggi aiuta a vedere anche chi non ha il dono degli occhi, e di questo il grazie va anche a Mauro, che sta sicuramente ascoltandoci \u2013 ha detto il neoeletto Presidente Lions Pierluigi Cesa, sul palco con la coordinatrice distrettuale dell\u2019Area Vista Onella Fregonas e con il Presidente di Zona del Lions Club Federica Stien. \u201cGrazie a voi tutti \u2013 hanno detto commossi i genitori di Mauro \u2013 ieri avrebbe compiuto trent\u2019anni, e questa \u00e8 come una festa di compleanno. Non lo vediamo, ma \u00e8 certo qui con noi. E in questo momento ci sta certamente sorridendo felice\u201d.<\/p>\n<blockquote><p><strong> CLASSIFICA FINALE<\/strong> INDIPENDENT SOUND MAURO BEE SMANIA SMILE \u2013 1\u00b0 EDIZIONE Categoria ROCK 1. JEM ACOUSTIC SOUND (Little Elf) 2. THE DARTS (Madness of Love) 3. LUCA DE GREGORIO (L\u2019orso Bal\u00f9) Categoria RAP 1. FILIPPO DELL\u2019ANDREA (Vai per la tua via) 2. I TRE LATI OPPOSTI (Solo un po\u2019) 3. LUCA SOMMARIVA (Aspettative) FREESTYLE: Nicola De Bona<\/p><\/blockquote>\n<p>&nbsp;<\/p>\n<p>&nbsp;<\/p>\n<p>&nbsp;<\/p>\n<h1>REGALATA AI BELLUNESI L&#8217;OCCASIONE PER LA RIFLESSIONE<\/h1>\n<blockquote>\n<h1><strong style=\"font-size: 14px;\"><img loading=\"lazy\" decoding=\"async\" class=\"size-medium wp-image-53054 alignleft\" src=\"http:\/\/www.radiopiu.net\/wordpress\/wp-content\/uploads\/2018\/07\/Camper-per-la-vita-3-300x180.jpeg\" alt=\"\" width=\"300\" height=\"180\" srcset=\"https:\/\/www.radiopiu.net\/wordpress\/wp-content\/uploads\/2018\/07\/Camper-per-la-vita-3-300x180.jpeg 300w, https:\/\/www.radiopiu.net\/wordpress\/wp-content\/uploads\/2018\/07\/Camper-per-la-vita-3-768x461.jpeg 768w, https:\/\/www.radiopiu.net\/wordpress\/wp-content\/uploads\/2018\/07\/Camper-per-la-vita-3-1024x614.jpeg 1024w, https:\/\/www.radiopiu.net\/wordpress\/wp-content\/uploads\/2018\/07\/Camper-per-la-vita-3.jpeg 1600w\" sizes=\"auto, (max-width: 300px) 100vw, 300px\" \/>BELLUNO<\/strong><span style=\"font-size: 14px; font-weight: normal;\">Ha sostato come previsto a Belluno mercoled\u00ec 4 luglio il \u201cCamper per la vita\u201d, che sta percorrendo l\u2019Italia per iniziativa del Movimento per la vita italiano. Nella centrale Piazza dei Martiri, grazie alla presenza di volontari molto disponibili, ha offerto informazioni e proposte intorno alle maternit\u00e0 difficili e alla rete di solidariet\u00e0 costituita dai Centri di aiuto alla vita anche nel Veneto e nella provincia di Belluno. Non solo adulti, ma anche un gruppo di giovanissimi dell\u2019Istituto salesiano \u201cAgosti\u201d sono stati coinvolti &#8211; nei dovuti modi \u2013 nell\u2019opera di sensibilizzazione a sostegno dell\u2019accoglienza della vita promossa dal tour veneto del \u201cCamper per la vita\u201d. Si \u00e8 dunque realizzato quanto dichiarato nel \u201clancio\u201d dell\u2019iniziativa da Fernanda Olivieri, Presidente del Centro-Movimento per la vita onlus di Belluno: \u201cRegaler\u00e0 ai bellunesi una piccola ma significativa occasione di riflettere sul valore della vita umana anche prima della nascita e sulle possibilit\u00e0 di accogliere i figli anche in situazioni difficili\u201d. E con soddisfazione di tutti, anche della presidente della Federazione veneta dei Centri e Movimenti per la vita Bruna Rigoni, che ha tenacemente voluto la sosta bellunese del Camper per la vita.<\/span><\/h1>\n<\/blockquote>\n<p>&nbsp;<\/p>\n<p>&nbsp;<\/p>\n<p>&nbsp;<\/p>\n<blockquote>\n<h1><\/h1>\n<h1><\/h1>\n<h1><strong>\u00a0MONTAGNA PATTO CONFINDUSTRIA-GOVERNO PER LO SVILUPPO DELLE TERRE ALTE<\/strong><\/h1>\n<p><img loading=\"lazy\" decoding=\"async\" class=\"size-full wp-image-53089 alignright\" src=\"http:\/\/www.radiopiu.net\/wordpress\/wp-content\/uploads\/2018\/07\/Erika_Stefani.jpg\" alt=\"\" width=\"180\" height=\"240\" \/><\/p>\n<p><em><strong>ROMA<\/strong> \u00abLa montagna sar\u00e0 un tema al centro delle politiche del ministero che rappresento. Ha preso il via oggi un confronto che vuole coinvolgere tutti coloro che lavorano e si impegnano per tutelare \u201cle terre alte\u201d. Le deleghe che abbiamo ci consentono di lavorare per creare ulteriori opportunit\u00e0 di sviluppo per la montagna che ha una riconosciuta e oggettiva specificit\u00e0 ed \u00e8 nostro compito favorirne la crescita economica e sociale\u00bb. Cos\u00ec Erika Stefani, ministro per gli Affari Regionali e le Autonomie che oggi ha incontrato i rappresentati di \u201cConfindustria per la Montagna\u201d.<\/em><\/p><\/blockquote>\n<p><strong><i>BELLUNO\u00a0<\/i><\/strong>\u00abL&#8217;incontro di oggi segna l&#8217;avvio di un innovativo percorso che mette al centro il ruolo dell&#8217;impresa nello sviluppo sostenibile e inclusivo delle terre alte, caratterizzate da analoghe problematiche e da medesime opportunit\u00e0. Dallo spopolamento all&#8217;eccellenza del patrimonio naturale, dalla carenza di collegamenti fisici e informatici alla qualit\u00e0 del capitale umano e sociale, sono numerose le tematiche che possono e devono essere affrontate attraverso la definizione di una piattaforma nazionale per la crescita economica e sociale dei territori montani. Piattaforma che non pu\u00f2 che essere incentrata proprio sul ruolo rinnovato dell&#8217;impresa in montagna, quale cardine imprescindibile per la sopravvivenza stessa delle terre alte: \u00a0proprio questo \u00e8 uno dei principali obiettivi della rete &#8220;Confindustria per la Montagna&#8221; lanciata il 23 marzo a Cortina d&#8217;Ampezzo alla presenza del presidente Vincenzo Boccia e del vicepresidente Stefan\u00a0 Pan. Il dialogo avviato con il governo su queste tematiche, grazie alla disponibilit\u00e0 e alla sensibilit\u00e0 del ministro Erika Stefani e all&#8217;interessamento del senatore Paolo Saviane, conferma l&#8217;importanza di questa iniziativa per la montagna italiana e per le imprese che qui operano\u00bb. \u00c8 questo il commento del presidente di Confindustria Belluno Dolomiti, Luca Barbini, a margine dell&#8217;incontro che si \u00e8 svolto oggi a Roma, nella sede del Ministero degli Affari Regionali, alla presenza del Ministro Erika Stefani, del senatore Paolo Saviane e dei vertici tecnici del medesimo Ministero. Sul tavolo le sinergie tra la neonata rete confindustriale e il ministero per favorire lo sviluppo dei territori montani, con progetti e iniziative concrete in diversi ambiti di interesse comune.\u00a0 \u00abLa montagna sar\u00e0 un tema al centro delle politiche del ministero che rappresento. Ha preso il via oggi un confronto che vuole coinvolgere tutti coloro che lavorano e si impegnano per tutelare \u2018le terre alte\u2019. Le deleghe che abbiamo ci consentono di lavorare per creare ulteriori opportunit\u00e0 di sviluppo per la montagna che ha una riconosciuta e oggettiva specificit\u00e0\u00a0 ed \u00e8 nostro compito favorirne la crescita economica e sociale\u00bb. Cos\u00ec Erika Stefani, ministro per gli Affari Regionali e le Autonomie che oggi ha incontrato i rappresentati di \u201cConfindustria per la Montagna\u201d.<\/p>\n<p>&nbsp;<\/p>\n<p>&nbsp;<\/p>\n<h1><\/h1>\n<h1>CSI INVITA AL SEMINARIO BOLOGNESE<\/h1>\n<p><strong><img loading=\"lazy\" decoding=\"async\" class=\"size-medium wp-image-53083 alignleft\" src=\"http:\/\/www.radiopiu.net\/wordpress\/wp-content\/uploads\/2018\/07\/sport-2264825_960_720-300x200.jpg\" alt=\"\" width=\"300\" height=\"200\" srcset=\"https:\/\/www.radiopiu.net\/wordpress\/wp-content\/uploads\/2018\/07\/sport-2264825_960_720-300x200.jpg 300w, https:\/\/www.radiopiu.net\/wordpress\/wp-content\/uploads\/2018\/07\/sport-2264825_960_720-768x512.jpg 768w, https:\/\/www.radiopiu.net\/wordpress\/wp-content\/uploads\/2018\/07\/sport-2264825_960_720.jpg 960w\" sizes=\"auto, (max-width: 300px) 100vw, 300px\" \/>BELLUNO<\/strong>Il prossimo 26 settembre, si svolger\u00e0 a Bologna un seminario per i gestori di impianti sportivi sulle ulteriori novit\u00e0 legislative entrate in vigore per la stagione 2018\/2019. Il Coni ha gi\u00e0 annunciato per il consiglio nazionale del 10 luglio l\u2019adozione dei provvedimenti sulle lucrative e sulle discipline riconosciute saranno oggetto di particolare attenzione. Il convegno \u00e8 organizzato da STARS \u2013 Societ\u00e0 per la Tutela delle Associazioni Ricreative e Sportive societ\u00e0 specializzata nella consulenza e nella formazione di societ\u00e0 sportive e di soggetti del terzo settore.Le realt\u00e0 affiliate al CSI potranno partecipare con uno sconto del 33%. Pertanto tutti quelli che si iscriveranno indicando che sono affiliati al CSI, potranno pagare euro 100+Iva, invece che 150 euro +Iva. Chi fosse interessato pu\u00f2 contattare lo 06\/68404567<\/p>\n<p>&nbsp;<\/p>\n<p>&nbsp;<\/p>\n<p>&nbsp;<\/p>\n<h1><\/h1>\n<h1><\/h1>\n<p>&nbsp;<\/p>\n<blockquote><p>&nbsp;<\/p><\/blockquote>\n<h1><\/h1>\n<h1>APPUNTAMENTI CONSIGLIATI DA RADIO PIU&#8217;<\/h1>\n<p><img loading=\"lazy\" decoding=\"async\" class=\"size-medium wp-image-53084 alignleft\" src=\"http:\/\/www.radiopiu.net\/wordpress\/wp-content\/uploads\/2018\/07\/waiting-410328_960_720-300x200.jpg\" alt=\"\" width=\"300\" height=\"200\" srcset=\"https:\/\/www.radiopiu.net\/wordpress\/wp-content\/uploads\/2018\/07\/waiting-410328_960_720-300x200.jpg 300w, https:\/\/www.radiopiu.net\/wordpress\/wp-content\/uploads\/2018\/07\/waiting-410328_960_720-768x512.jpg 768w, https:\/\/www.radiopiu.net\/wordpress\/wp-content\/uploads\/2018\/07\/waiting-410328_960_720.jpg 960w\" sizes=\"auto, (max-width: 300px) 100vw, 300px\" \/><\/p>\n<p>&nbsp;<\/p>\n<p>&nbsp;<\/p>\n<p>&nbsp;<\/p>\n<p>&nbsp;<\/p>\n<p><strong>AGORDO Oggi alle 17 primo dei quattro appuntamenti con Lettura Animata, &#8220;le leggende delle Dolomiti&#8221;, la presentazione con l&#8221;insegnante Diana Preloran<\/strong><\/p>\n<audio class=\"wp-audio-shortcode\" id=\"audio-53079-10\" preload=\"none\" style=\"width: 100%;\" controls=\"controls\"><source type=\"audio\/mpeg\" src=\"http:\/\/www.radiopiu.net\/wordpress\/wp-content\/uploads\/2018\/07\/DIANA.mp3?_=10\" \/><a href=\"http:\/\/www.radiopiu.net\/wordpress\/wp-content\/uploads\/2018\/07\/DIANA.mp3\">http:\/\/www.radiopiu.net\/wordpress\/wp-content\/uploads\/2018\/07\/DIANA.mp3<\/a><\/audio>\n<p><strong>CANALE D&#8217;AGORDO<\/strong>. Venerdi alle 20.30 in sala Emigranti di via Lotta serata di divulgazione scientifica con il dottor Domenico Mercurio, medico chirurgo specializzato in angiologia. &#8220;Terapia microcircolatoria del dolore, una cura efficace nel trattamento del dolore senza l&#8217;uso di farmaci&#8221;. Incontro aperto a tutti.<\/p>\n<p><strong>SAN TOMASO\u00a0<\/strong>In occasione della Festa di San Tomaso la parrocchia ha organizzato per domenica 8 luglio messa in onore del patrono San Tomaso apostolo con la partecipazione del Coro Parrocchiale del paese.<\/p>\n<p><strong><img loading=\"lazy\" decoding=\"async\" class=\" wp-image-53047 alignleft\" src=\"http:\/\/www.radiopiu.net\/wordpress\/wp-content\/uploads\/2018\/07\/VisitateCascateSoffia-300x205.jpg\" alt=\"\" width=\"379\" height=\"259\" srcset=\"https:\/\/www.radiopiu.net\/wordpress\/wp-content\/uploads\/2018\/07\/VisitateCascateSoffia-300x205.jpg 300w, https:\/\/www.radiopiu.net\/wordpress\/wp-content\/uploads\/2018\/07\/VisitateCascateSoffia-768x524.jpg 768w, https:\/\/www.radiopiu.net\/wordpress\/wp-content\/uploads\/2018\/07\/VisitateCascateSoffia-1024x699.jpg 1024w, https:\/\/www.radiopiu.net\/wordpress\/wp-content\/uploads\/2018\/07\/VisitateCascateSoffia.jpg 1100w\" sizes=\"auto, (max-width: 379px) 100vw, 379px\" \/>SOSPIROLO<\/strong>\u00a0Il Consorzio Pro Loco Pedemontane Val Belluna, con la collaborazione della Pro Loco Monti del Sole per il ciclo di \u201cCamminare, scoprire, conoscere il tuo territorio, propone il 2^ appuntamento domenica 8 luglio 2018 : una escursione da Gena Bassa a Gena Alta denominata &#8220;C&#8217;era una volta Gena&#8221;.<br \/>\nAccompagnatrice d\u2019eccezione Pieranna Casanova, autrice di alcune pubblicazione sulla Valle del Mis.\u00a0Il ritrovo \u00e8 fissato per le 9.30 a Gena Bassa nei pressi del Bar alla Soffia, la partenza alle ore 10.00.Si tratta di una escursione facile della durata di due ore circa comprese le soste, il dislivello \u00e8 inferiore ai 400 m. Obbligatori scarpe da trekking o scarponcini e abbigliamento sportivo.La partecipazione \u00e8 libera e gratuita Info: 320 3342082 <a href=\"mailto:proloco@sospirolo.net\" target=\"_blank\" rel=\"noopener\">proloco@sospirolo.net<\/a>;<\/p>\n<p><strong>TAIBON<\/strong> Domenica alle 17 in Valle di San Lucano al laghetto delle Peschiere concerto dei \u201cRIO TER\u00c0\u201d. La Manteca veneziana: un \u201ccalderon\u201d di folk, reggae, rock, swing, world music e blues. Con passeggiata musicale intorno al laghetto a partire dalle 16.45, in caso di maltempo nella pPalestra delle scuole elementari sempre alle 17<\/p>\n<p><strong><img loading=\"lazy\" decoding=\"async\" class=\"size-medium wp-image-53096 alignright\" src=\"http:\/\/www.radiopiu.net\/wordpress\/wp-content\/uploads\/2018\/07\/pio-sagrillo-225x300.jpg\" alt=\"\" width=\"225\" height=\"300\" srcset=\"https:\/\/www.radiopiu.net\/wordpress\/wp-content\/uploads\/2018\/07\/pio-sagrillo-225x300.jpg 225w, https:\/\/www.radiopiu.net\/wordpress\/wp-content\/uploads\/2018\/07\/pio-sagrillo-768x1024.jpg 768w\" sizes=\"auto, (max-width: 225px) 100vw, 225px\" \/>SEDICO<\/strong> Domenica alle 18 &#8220;Musica nei Cortivi&#8221; a Villa Pat di Sedico con ingresso libero . Incontro con il maestro Pio Sagrillo e la cornamusa scozzese. <span style=\"color: #ff0000;\">PIO SAGRILLO <span style=\"color: #000000;\">(foto)\u00a0<\/span>\u00a0<\/span>Nasce in Gran Bretagna da genitori italiani, al suo ritorno in Italia si diploma al Conservatorio in organo e composizione organistica. Come organista suona nella Comunit\u00e0 Europea, Russia, Australia, Argentina, Uruguay, Brasile collaborando con musicisti quali M. Ferigutti, R. Casale, M. De Sica. Incide alcuni CD con le etichette Colloquia-Polygram, Rainbow Classic e Rivo Alto. Ha iniziato lo studio della cornamusa scozzese presso il National Piping Centre di Glasgow, tra le sue esibizioni da menzionare: l&#8217;inno scozzese in Italia-Scozia per il Torneo della 6 Nazioni allo Stadio Olimpico, la presenza con la Sezione Britannica all&#8217;annuale Adunata Nazionale Alpini, a San Jos\u00e8 do Rio Preto (Brasile) prima assoluta di cornamusa e orchestra archi con la direzione di Claudio Colmanet. Nel 2008 \u00e8 stato insignito del titolo onorifico di Cavaliere al Merito della Repubblica Italiana. Attualmente \u00e8 organista del Duomo di Feltre e direttore del gruppo Corale &#8221; Solo Voci&#8221;<\/p>\n<p>&nbsp;<\/p>\n<p>&nbsp;<\/p>\n<p>&nbsp;<\/p>\n<p>&nbsp;<\/p>\n<h1><\/h1>\n<h1><\/h1>\n<h1><\/h1>\n<h1><\/h1>\n<blockquote><p>&nbsp;<\/p><\/blockquote>\n<h1><\/h1>\n<h1>VIABILITA&#8217;<\/h1>\n<p><img loading=\"lazy\" decoding=\"async\" class=\"size-medium wp-image-53085 alignleft\" src=\"http:\/\/www.radiopiu.net\/wordpress\/wp-content\/uploads\/2018\/07\/amo-1243926_960_720-300x147.jpg\" alt=\"\" width=\"300\" height=\"147\" srcset=\"https:\/\/www.radiopiu.net\/wordpress\/wp-content\/uploads\/2018\/07\/amo-1243926_960_720-300x147.jpg 300w, https:\/\/www.radiopiu.net\/wordpress\/wp-content\/uploads\/2018\/07\/amo-1243926_960_720-768x375.jpg 768w, https:\/\/www.radiopiu.net\/wordpress\/wp-content\/uploads\/2018\/07\/amo-1243926_960_720.jpg 960w\" sizes=\"auto, (max-width: 300px) 100vw, 300px\" \/><br \/>\n<span style=\"color: #ff0000;\">La strada esterna alla galleria delle anime in Comune di Cencenighe \u00e8 interdetta al traffico per un tratto di oltre un chilometro.<\/span><br \/>\nDAL 9 LUGLIO ALL&#8217;11 LUGLIO SABATO E DOMENICA COMPRESI IN COMUNE DI ZOPPE&#8217; DI CADORE (PROVINCIALE 7 PER ZOPPE&#8217;) INTERRUZIONI TOTALI AL TRAFFICO IN ENTRAMBI I SENSI DI MARCIA, DALLE 7.30 ALLE 9.45; DALLE 10 ALLE 12.15, DALLE 13.30 ALLE 15.15; DALLE 15.30 ALLE 17.30<\/p>\n<p>FINO A revoca senso unico con impianto semaforico sulla SP8 per San Tomaso anche sabato e domenica<br \/>\nFINO al 16 luglio senso unico alternato e brevi interruzioni al traffico sulla provinciale 347 del Duran e Cereda alla fine dell&#8217;abitato di Forno di Zoldo per lavori sul versante.<br \/>\nFINO al 17 luglio (domenica esclusa) senso unico e brevi interruzioni alla viabiolit\u00e0 (massimo 10 minuti) a Valle di Cadore lungo la 347 del Duran e Cereda.<br \/>\nFINO al 3 agosto lungo la 251 della Val di Zoldo e Cellina senso unico alternato in localit\u00e0 Fusine per la messa in sicurezza del piano viabile.<br \/>\nFINO al 3 agosto senso unico alternato regolato da semaforo lungo la provinciale 24 della Valparola in Comune di Livinallongo del Col di Lana compresi festivi e prefestivi anche infrasettimanali per consolidamento del corpo stradale.<\/p>\n<p>&nbsp;<\/p>\n<p>&nbsp;<\/p>\n<p>&nbsp;<\/p>\n<p>&nbsp;<\/p>\n<blockquote>\n<h1>CHE EQUIPE! DECIMO COMPLEANNO DELLA SCUOLA DI SCI<\/h1>\n<\/blockquote>\n<p><em><strong>SCUOLA SCI &amp; SNOWBOARD EQUIPE 2008-2018<\/strong><br \/>\n<strong>10 anni di storia avvincente&#8230;<\/strong><br \/>\n<strong>&#8230;ci ritroveremo il prossimo inverno sulle piste della Ski Area San Pellegrino !<\/strong><br \/>\n<\/em><\/p>\n<blockquote>\n<h1>IL VIDEO<\/h1>\n<\/blockquote>\n<div style=\"width: 480px;\" class=\"wp-video\"><video class=\"wp-video-shortcode\" id=\"video-53079-2\" width=\"480\" height=\"272\" preload=\"metadata\" controls=\"controls\"><source type=\"video\/mp4\" src=\"http:\/\/www.radiopiu.net\/wordpress\/wp-content\/uploads\/2018\/07\/WhatsApp-Video-2018-07-04-at-14.33.52.mp4?_=2\" \/><a href=\"http:\/\/www.radiopiu.net\/wordpress\/wp-content\/uploads\/2018\/07\/WhatsApp-Video-2018-07-04-at-14.33.52.mp4\">http:\/\/www.radiopiu.net\/wordpress\/wp-content\/uploads\/2018\/07\/WhatsApp-Video-2018-07-04-at-14.33.52.mp4<\/a><\/video><\/div>\n<blockquote>\n<h1><img loading=\"lazy\" decoding=\"async\" class=\"size-full wp-image-17841 alignleft\" src=\"http:\/\/www.radiopiu.net\/wordpress\/wp-content\/uploads\/2016\/03\/ConsigliereFulvioValt.jpg\" alt=\"\" width=\"134\" height=\"200\" \/><\/h1>\n<h1><\/h1>\n<h1><\/h1>\n<h1><\/h1>\n<h1>L&#8217;INTERVISTA A FULVIO VALT, NELLO STUDIO DI RADIO PIU<\/h1>\n<\/blockquote>\n<audio class=\"wp-audio-shortcode\" id=\"audio-53079-11\" preload=\"none\" style=\"width: 100%;\" controls=\"controls\"><source type=\"audio\/mpeg\" src=\"http:\/\/www.radiopiu.net\/wordpress\/wp-content\/uploads\/2018\/07\/746.mp3?_=11\" \/><a href=\"http:\/\/www.radiopiu.net\/wordpress\/wp-content\/uploads\/2018\/07\/746.mp3\">http:\/\/www.radiopiu.net\/wordpress\/wp-content\/uploads\/2018\/07\/746.mp3<\/a><\/audio>\n<p>&nbsp;<\/p>\n<p>&nbsp;<\/p>\n<p>&nbsp;<\/p>\n<p>&nbsp;<\/p>\n<p>&nbsp;<\/p>\n<h1>SPORT<\/h1>\n<blockquote>\n<h1>TRANSCIVETTA KARPOS, SOLD OUT ANCHE PER IL 2018<\/h1>\n<\/blockquote>\n<p><strong><img loading=\"lazy\" decoding=\"async\" class=\"size-medium wp-image-53048 alignleft\" src=\"http:\/\/www.radiopiu.net\/wordpress\/wp-content\/uploads\/2018\/07\/transcivetta-karpos-2017-giulia-scardoni-precede-elisa-presa-200x300.jpg\" alt=\"\" width=\"200\" height=\"300\" srcset=\"https:\/\/www.radiopiu.net\/wordpress\/wp-content\/uploads\/2018\/07\/transcivetta-karpos-2017-giulia-scardoni-precede-elisa-presa-200x300.jpg 200w, https:\/\/www.radiopiu.net\/wordpress\/wp-content\/uploads\/2018\/07\/transcivetta-karpos-2017-giulia-scardoni-precede-elisa-presa-768x1153.jpg 768w, https:\/\/www.radiopiu.net\/wordpress\/wp-content\/uploads\/2018\/07\/transcivetta-karpos-2017-giulia-scardoni-precede-elisa-presa-682x1024.jpg 682w, https:\/\/www.radiopiu.net\/wordpress\/wp-content\/uploads\/2018\/07\/transcivetta-karpos-2017-giulia-scardoni-precede-elisa-presa.jpg 1066w\" sizes=\"auto, (max-width: 200px) 100vw, 200px\" \/>CORSA IN MONTAGNA<\/strong> Le iscrizioni per l&#8217;evento che si svolger\u00e0 il 15 luglio tra Listolade e Alleghe ha raggiunto le 1000 coppie iscritte e fa registrare il tutto esaurito. A poco pi\u00f9 di una settimana dall&#8217;evento, in programma tra Listolade e Alleghe domenica 15 luglio, le iscrizioni alla gara di corsa in montagna hanno raggiunto quota mille coppie, vale a dire il limite fissato dall&#8217;organizzazione. Per essere aggiornati su eventuali rinunce di concorrenti e sulle conseguenti possibilit\u00e0 di iscrizione in extremis, l&#8217;organizzazione invita a contattare la segreteria, telefonando al 348\u20133611244. L&#8217;organizzazione ricorda inoltre che eventuali sostituzioni di concorrenti all&#8217;interno di una coppia gi\u00e0 iscritta saranno possibili fino alle ore 18 del 13 luglio. Tutti i dettagli sulla Transcivetta Karpos sono disponibili sul sito www.transcivetta.it.<\/p>\n<p>&nbsp;<\/p>\n<p><strong>FOTO 2017, Giulia-Scardoni-precede-Elisa-Presa.jpg,\u00a0<\/strong><\/p>\n<p>&nbsp;<\/p>\n<p>&nbsp;<\/p>\n<p>&nbsp;<\/p>\n<p>&nbsp;<\/p>\n<p>&nbsp;<\/p>\n<h1><\/h1>\n<h1><\/h1>\n<blockquote>\n<h1><\/h1>\n<\/blockquote>\n<h1><\/h1>\n<h1>METEO<\/h1>\n<p><strong><img loading=\"lazy\" decoding=\"async\" class=\"size-medium wp-image-53086 alignleft\" src=\"http:\/\/www.radiopiu.net\/wordpress\/wp-content\/uploads\/2018\/07\/adult-1822456_960_720-300x200.jpg\" alt=\"\" width=\"300\" height=\"200\" srcset=\"https:\/\/www.radiopiu.net\/wordpress\/wp-content\/uploads\/2018\/07\/adult-1822456_960_720-300x200.jpg 300w, https:\/\/www.radiopiu.net\/wordpress\/wp-content\/uploads\/2018\/07\/adult-1822456_960_720-768x512.jpg 768w, https:\/\/www.radiopiu.net\/wordpress\/wp-content\/uploads\/2018\/07\/adult-1822456_960_720.jpg 960w\" sizes=\"auto, (max-width: 300px) 100vw, 300px\" \/>PREVISIONI DEL TEMPO DA OGGI A DOMENICA<\/strong><\/p>\n<p><strong>Giovedi 5<\/strong><br \/>\nTempo atteso: Tempo in parte soleggiato, assieme a qualche banco di stratocumuli nella prima parte del mattino. In seguito rapido aumento della nuvolosit\u00e0, anche cumuliforme, associata a nuovi rovesci e temporali. Clima diurno leggermente meno mite rispetto a mercoled\u00ec in quanto l&#8217;instabilit\u00e0 sar\u00e0 anticipata e un po&#8217; pi\u00f9 diffusa.<br \/>\nPrecipitazioni: Probabilit\u00e0 piuttosto bassa al primo mattino (0\/10%), da met\u00e0 mattinata in poi in aumento fino a molto alta al pomeriggio (90\/100 %) per nuovi rovesci e temporali. In alcuni casi i fenomeni potrebbero risultare intensi (forte pioggia, raffiche di vento e locali grandinate). Gli apporti saranno molto variabili da 5 a 20 mm, ma si potr\u00e0 raggiungere o superare i 40\/50 mm in caso di forte temporale.Temperature: Senza notevoli variazioni o in lieve diminuzione nelle valli. Tuttavia, il clima diurno rimarr\u00e0 assai mite, nonostante l&#8217;instabilit\u00e0, con punte di 23\/24\u00b0C nei fondovalle prealpini e di 18\/20\u00b0C a 1000\/1200 m. Su Prealpi a 1500 m min 12\u00b0C max 16\u00b0C, a 2000 m min 11\u00b0C max 13\u00b0C. Su Dolomiti a 2000 m min 10\u00b0C max 13\u00b0C, a 3000 m min 4\u00b0C max 5\u00b0C.Venti: Nelle valli deboli\/moderati a regime di brezza; in quota da deboli a moderati da Sud-Ovest al mattino e da Nord-Ovest dal pomeriggio, a 5-10 km\/h a 2000 m, 15-25 km\/h a 3000 m.<br \/>\n<strong>Venerdi 6<\/strong><br \/>\nTempo atteso: Tempo un po&#8217; pi\u00f9 soleggiato al mattino, poi attivit\u00e0 cumuliforme un po&#8217; meno intensa rispetto a gioved\u00ec, ma l&#8217;instabilit\u00e0 sar\u00e0 ancora presente con fenomeni sparsi a carattere di rovescio e temporale. Clima diurno relativamente mite, nonostante l&#8217;instabilit\u00e0.Precipitazioni: Probabilit\u00e0 piuttosto bassa al mattino (0\/10%), mentre al pomeriggio si torner\u00e0 su livelli medi (40\/60%) per nuovi rovesci e temporali. Gli apporti pluviometrici saranno sempre assai variabili.Temperature: In leggera diminuzione le minime e in lieve ripresa le massime con punte di 24\/25\u00b0C nei fondovalle prealpini e di 20\/22\u00b0C a 1000\/1200 m. Su Prealpi a 1500 m min 11\u00b0C max 17\u00b0C, a 2000 m min 10\u00b0C max 14\u00b0C. Su Dolomiti a 2000 m min 9\u00b0C max 14\u00b0C, a 3000 m min 3\u00b0C max 5\u00b0C.<br \/>\nVenti: Nelle valli deboli\/moderati a regime di brezza; in quota deboli dai quadranti settentrionali, a 5-10 km\/h sia a 2000 m e 3000 m.<br \/>\n<strong>Sabato 7<\/strong><br \/>\nAl mattino nubi stratiformi, anche estese e associate a qualche pioviggina. Con il passare delle ore la copertura nuvolosa tender\u00e0 ad attenuarsi lasciando spazio a rasserenamenti, anche ampi al pomeriggio. Temperature minime in rialzo e massime senza notevoli variazioni. Venti deboli da Nord Nord-Est in quota.<br \/>\n<strong>Domenica 8<\/strong><br \/>\nTempo in prevalenza soleggiato con aria tersa ed ottima visibilit\u00e0. Durante le ore pi\u00f9 calde modesti cumuli a ridosso delle vette, pi\u00f9 presenti sulle Prealpi. Temperature minime in diminuzione e massime in netta ripresa con forte escursione termica nelle valli. Venti deboli da Nord-Est in quota e brezze nelle valli. Previsore: R.L.Th.<\/p>\n<p>&nbsp;<\/p>\n","protected":false},"excerpt":{"rendered":"<p>DUE BIMBI SALVATI AL CA&#8217; FONCELLO DI TREVISO, AVEVANO INGERITO SODA CAUSTICA. BELLUNO Due fratelli bellunesi di 2 e 3 anni sono stati salvati grazie ad uno straordinario intervento chirurgico a Treviso dopo un primo intervento all&#8217;ospedale di Feltre. Ne da notizia Valentina Calzavara sul CORRIERE DELLE ALPI di oggi. I due fratellini hanno ingerito&hellip;<\/p>\n","protected":false},"author":1,"featured_media":53049,"comment_status":"closed","ping_status":"closed","sticky":false,"template":"","format":"standard","meta":{"_monsterinsights_skip_tracking":false,"_monsterinsights_sitenote_active":false,"_monsterinsights_sitenote_note":"","_monsterinsights_sitenote_category":0,"footnotes":""},"categories":[2,49],"tags":[],"class_list":["post-53079","post","type-post","status-publish","format-standard","has-post-thumbnail","hentry","category-news","category-news-18","category-2","category-49","description-off"],"img_url":"https:\/\/www.radiopiu.net\/wordpress\/wp-content\/uploads\/2018\/07\/920-2018-Zaia.jpg","_links":{"self":[{"href":"https:\/\/www.radiopiu.net\/wordpress\/wp-json\/wp\/v2\/posts\/53079","targetHints":{"allow":["GET"]}}],"collection":[{"href":"https:\/\/www.radiopiu.net\/wordpress\/wp-json\/wp\/v2\/posts"}],"about":[{"href":"https:\/\/www.radiopiu.net\/wordpress\/wp-json\/wp\/v2\/types\/post"}],"author":[{"embeddable":true,"href":"https:\/\/www.radiopiu.net\/wordpress\/wp-json\/wp\/v2\/users\/1"}],"replies":[{"embeddable":true,"href":"https:\/\/www.radiopiu.net\/wordpress\/wp-json\/wp\/v2\/comments?post=53079"}],"version-history":[{"count":0,"href":"https:\/\/www.radiopiu.net\/wordpress\/wp-json\/wp\/v2\/posts\/53079\/revisions"}],"wp:featuredmedia":[{"embeddable":true,"href":"https:\/\/www.radiopiu.net\/wordpress\/wp-json\/wp\/v2\/media\/53049"}],"wp:attachment":[{"href":"https:\/\/www.radiopiu.net\/wordpress\/wp-json\/wp\/v2\/media?parent=53079"}],"wp:term":[{"taxonomy":"category","embeddable":true,"href":"https:\/\/www.radiopiu.net\/wordpress\/wp-json\/wp\/v2\/categories?post=53079"},{"taxonomy":"post_tag","embeddable":true,"href":"https:\/\/www.radiopiu.net\/wordpress\/wp-json\/wp\/v2\/tags?post=53079"}],"curies":[{"name":"wp","href":"https:\/\/api.w.org\/{rel}","templated":true}]}}