{"id":53090,"date":"2018-07-04T18:33:30","date_gmt":"2018-07-04T16:33:30","guid":{"rendered":"http:\/\/www.radiopiu.net\/wordpress\/?p=53090"},"modified":"2018-07-05T07:27:28","modified_gmt":"2018-07-05T05:27:28","slug":"il-saluto-di-agordo-a-yasin-yaya-abu-nazir-aziz-e-robin","status":"publish","type":"post","link":"https:\/\/www.radiopiu.net\/wordpress\/il-saluto-di-agordo-a-yasin-yaya-abu-nazir-aziz-e-robin\/","title":{"rendered":"IL SALUTO DI AGORDO a  Yasin, Yaya, Abu, Nazir, Aziz e Robin"},"content":{"rendered":"<div>La Cooperativa Blhyster, nel nuovo bando per l&#8217;accoglienza di richiedenti asilo della Prefettura di Belluno \u00e8 stata penalizzata. Dal 1\u00b0 luglio si \u00e8 reso necessario trasferire i ragazzi immigrati nelle cooperative aggiudicatarie della gara. Si chiude cos\u00ec l&#8217;esperienza di accoglienza dei sei ragazzi arrivati poco pi\u00f9 di un anno fa ad Agordo.<\/div>\n<div><img loading=\"lazy\" decoding=\"async\" class=\"aligncenter wp-image-53091 \" src=\"http:\/\/www.radiopiu.net\/wordpress\/wp-content\/uploads\/2018\/07\/20180630-1024x768.jpg\" alt=\"\" width=\"524\" height=\"393\" srcset=\"https:\/\/www.radiopiu.net\/wordpress\/wp-content\/uploads\/2018\/07\/20180630-1024x768.jpg 1024w, https:\/\/www.radiopiu.net\/wordpress\/wp-content\/uploads\/2018\/07\/20180630-300x225.jpg 300w, https:\/\/www.radiopiu.net\/wordpress\/wp-content\/uploads\/2018\/07\/20180630-768x576.jpg 768w, https:\/\/www.radiopiu.net\/wordpress\/wp-content\/uploads\/2018\/07\/20180630.jpg 1600w\" sizes=\"auto, (max-width: 524px) 100vw, 524px\" \/><\/div>\n<div><em>&#8220;Come Amministrazione &#8211; dice Nadia Dell&#8217;Agnola, assessore ai servizi alla persona &#8211;\u00a0 ci sentiamo soddisfatti del percorso fatto. Abbiamo colto una sfida che a suo tempo non aveva trovato tantissima condivisione nell&#8217;Agordino. Yasin, Yaya, Abu, Nazir, Aziz e Robin hanno per\u00f2 saputo rendersi utili ad Agordo con piccoli lavori di manutenzioni come ad esempio tinteggiature di ringhiere, sfalcio prati e campo di calcio, raccolta spazzatura ecc. C&#8217;\u00e8 chi ha anche contribuito ad accompagnare i bambini del Pedibus, ricevendo dai nostri piccoli cittadini la manifestazione di simpatia. <\/em><br \/>\n<em>Con gratitudine riconosciamo che l&#8217;armonioso percorso \u00e8 stato possibile grazie alla professionalit\u00e0 della Cooperativa Blhyster&#8221;. <\/em><\/div>\n<div><\/div>\n<blockquote>\n<div>L&#8217;AMMINISTRAZIONE COMUNALE:\u00a0\u00a0<strong>La Blhyster si \u00e8 presa cura dei ragazzi immigrati, favorendo un&#8217;ottima integrazione nella comunit\u00e0 di Agordo e soprattutto confrontandosi costantemente con noi. Un ringraziamento va anche alle associazioni e a tutte le persone che hanno contribuito a rendere il percorso davvero positivo. Domenica mattina, con un velo di tristezza abbiamo salutato i ragazzi con la conferma che ne \u00e8 valsa la pena. Buona vita a tutti!<\/strong><\/div>\n<\/blockquote>\n<div><\/div>\n<div>\n<div data-crea=\"font-wrapper\"><\/div>\n<\/div>\n","protected":false},"excerpt":{"rendered":"<p>La Cooperativa Blhyster, nel nuovo bando per l&#8217;accoglienza di richiedenti asilo della Prefettura di Belluno \u00e8 stata penalizzata. Dal 1\u00b0 luglio si \u00e8 reso necessario trasferire i ragazzi immigrati nelle cooperative aggiudicatarie della gara. Si chiude cos\u00ec l&#8217;esperienza di accoglienza dei sei ragazzi arrivati poco pi\u00f9 di un anno fa ad Agordo. &#8220;Come Amministrazione &#8211;&hellip;<\/p>\n","protected":false},"author":1,"featured_media":53091,"comment_status":"closed","ping_status":"closed","sticky":false,"template":"","format":"standard","meta":{"_monsterinsights_skip_tracking":false,"_monsterinsights_sitenote_active":false,"_monsterinsights_sitenote_note":"","_monsterinsights_sitenote_category":0,"footnotes":""},"categories":[2,49],"tags":[],"class_list":["post-53090","post","type-post","status-publish","format-standard","has-post-thumbnail","hentry","category-news","category-news-18","category-2","category-49","description-off"],"img_url":"https:\/\/www.radiopiu.net\/wordpress\/wp-content\/uploads\/2018\/07\/20180630.jpg","_links":{"self":[{"href":"https:\/\/www.radiopiu.net\/wordpress\/wp-json\/wp\/v2\/posts\/53090","targetHints":{"allow":["GET"]}}],"collection":[{"href":"https:\/\/www.radiopiu.net\/wordpress\/wp-json\/wp\/v2\/posts"}],"about":[{"href":"https:\/\/www.radiopiu.net\/wordpress\/wp-json\/wp\/v2\/types\/post"}],"author":[{"embeddable":true,"href":"https:\/\/www.radiopiu.net\/wordpress\/wp-json\/wp\/v2\/users\/1"}],"replies":[{"embeddable":true,"href":"https:\/\/www.radiopiu.net\/wordpress\/wp-json\/wp\/v2\/comments?post=53090"}],"version-history":[{"count":0,"href":"https:\/\/www.radiopiu.net\/wordpress\/wp-json\/wp\/v2\/posts\/53090\/revisions"}],"wp:featuredmedia":[{"embeddable":true,"href":"https:\/\/www.radiopiu.net\/wordpress\/wp-json\/wp\/v2\/media\/53091"}],"wp:attachment":[{"href":"https:\/\/www.radiopiu.net\/wordpress\/wp-json\/wp\/v2\/media?parent=53090"}],"wp:term":[{"taxonomy":"category","embeddable":true,"href":"https:\/\/www.radiopiu.net\/wordpress\/wp-json\/wp\/v2\/categories?post=53090"},{"taxonomy":"post_tag","embeddable":true,"href":"https:\/\/www.radiopiu.net\/wordpress\/wp-json\/wp\/v2\/tags?post=53090"}],"curies":[{"name":"wp","href":"https:\/\/api.w.org\/{rel}","templated":true}]}}