{"id":53178,"date":"2018-07-06T07:04:27","date_gmt":"2018-07-06T05:04:27","guid":{"rendered":"http:\/\/www.radiopiu.net\/wordpress\/?p=53178"},"modified":"2018-07-06T14:22:38","modified_gmt":"2018-07-06T12:22:38","slug":"giornale-radiopiu-06-luglio-2018-direttore-mirko-mezzacasa","status":"publish","type":"post","link":"https:\/\/www.radiopiu.net\/wordpress\/giornale-radiopiu-06-luglio-2018-direttore-mirko-mezzacasa\/","title":{"rendered":"GIORNALE RADIOPIU 06 LUGLIO 2018 DIRETTORE MIRKO MEZZACASA"},"content":{"rendered":"<blockquote>\n<div class=\"testata\">\n<div class=\"titolo\">\n<div><span class=\"title1\">Strada chiusa<\/span><\/div>\n<div><span class=\"title2\">del 03\/07\/2018 alle 17:26<\/span><\/div>\n<\/div>\n<\/div>\n<div class=\"info\">\n<div class=\"text bold\">SS 346 del Passo San Pellegrino<\/div>\n<div class=\"text\">Dir.\u00a0<span class=\"bold\">svincoli SS 48 km 46.856<\/span><\/div>\n<div class=\"text\">In localit\u00e0\u00a0<span class=\"bold\">Moena<\/span><\/div>\n<div class=\"text\">Strada chiusa causa smottamenti<\/div>\n<\/div>\n<h1><\/h1>\n<h1><\/h1>\n<h1>CADE E MUORE UN CICLISTA AD AURONZO<\/h1>\n<\/blockquote>\n<p><strong><img loading=\"lazy\" decoding=\"async\" class=\"size-medium wp-image-53192 alignleft\" src=\"http:\/\/www.radiopiu.net\/wordpress\/wp-content\/uploads\/2018\/07\/WhatsApp-Image-2018-07-05-at-18.28.39-1-300x225.jpeg\" alt=\"\" width=\"300\" height=\"225\" srcset=\"https:\/\/www.radiopiu.net\/wordpress\/wp-content\/uploads\/2018\/07\/WhatsApp-Image-2018-07-05-at-18.28.39-1-300x225.jpeg 300w, https:\/\/www.radiopiu.net\/wordpress\/wp-content\/uploads\/2018\/07\/WhatsApp-Image-2018-07-05-at-18.28.39-1-768x576.jpeg 768w, https:\/\/www.radiopiu.net\/wordpress\/wp-content\/uploads\/2018\/07\/WhatsApp-Image-2018-07-05-at-18.28.39-1-1024x768.jpeg 1024w, https:\/\/www.radiopiu.net\/wordpress\/wp-content\/uploads\/2018\/07\/WhatsApp-Image-2018-07-05-at-18.28.39-1.jpeg 1600w\" sizes=\"auto, (max-width: 300px) 100vw, 300px\" \/><\/strong><\/p>\n<p><strong>AURONZO<\/strong> Drammatico incidente nel pomeriggio di ieri\u00a0 sulla strada delle Dolomiti in Comune di Auronzo, muore un ciclista di nazionalit\u00e0 straniera Roman Kubin,\u00a0 60 anni della Repubblica Ceka,\u00a0 in seguito ad una caduta autonoma. Indagini in corso da parte dei Carabinieri.\u00a0Il ciclista stava scendendo a bordo di una mountain e-bike con\u00a0 altri compagni quando\u00a0 ha perso il controllo della bici ed \u00e8 caduto.<\/p>\n<p><strong>DAL SOCCORSO ALPINO<\/strong><\/p>\n<p>Passate le 16 la Centrale del Suem \u00e8 stato allertata dal 112 per un incidente in bici sotto le Tre Cime di Lavaredo, sulla strada che dal <img loading=\"lazy\" decoding=\"async\" class=\" wp-image-53215 alignleft\" src=\"http:\/\/www.radiopiu.net\/wordpress\/wp-content\/uploads\/2018\/07\/prova1-216x300.jpg\" alt=\"\" width=\"96\" height=\"133\" srcset=\"https:\/\/www.radiopiu.net\/wordpress\/wp-content\/uploads\/2018\/07\/prova1-216x300.jpg 216w, https:\/\/www.radiopiu.net\/wordpress\/wp-content\/uploads\/2018\/07\/prova1.jpg 312w\" sizes=\"auto, (max-width: 96px) 100vw, 96px\" \/>Rifugio Auronzo porta al Lago d&#8217;Antorno. Scendendo con la compagna e un gruppo di amici, un turista della Repubblica Ceca,Roman Kubin,\u00a0 60 anni, su un tornante ha perso il controllo della bicicletta, un modello a pedalata assistita, \u00e8\u00a0 caduto a terra, sbattendo la testa. Purtroppo il medico dell&#8217;elicottero del Suem di Pieve di Cadore, sbarcato nelle vicinanze assieme a infermiere e tecnico del Soccorso alpino, ha solamente potuto constatare il decesso dell&#8217;uomo. Gli agenti del Sagf di Auronzo di Cadore, intervenuti in supporto alle operazioni e per i rilievi del caso, ottenuto il nulla osta dalla magistratura per la rimozione hanno affidato la salma al carro funebre, dopo averla ricomposta e imbarellata. Sul posto anche i carabinieri.<\/p>\n<p>&nbsp;<\/p>\n<h1><\/h1>\n<p>&nbsp;<\/p>\n<p><img loading=\"lazy\" decoding=\"async\" class=\"size-medium wp-image-53230 alignleft\" src=\"http:\/\/www.radiopiu.net\/wordpress\/wp-content\/uploads\/2018\/07\/Image-logo-300x209.jpg\" alt=\"\" width=\"300\" height=\"209\" srcset=\"https:\/\/www.radiopiu.net\/wordpress\/wp-content\/uploads\/2018\/07\/Image-logo-300x209.jpg 300w, https:\/\/www.radiopiu.net\/wordpress\/wp-content\/uploads\/2018\/07\/Image-logo-768x535.jpg 768w, https:\/\/www.radiopiu.net\/wordpress\/wp-content\/uploads\/2018\/07\/Image-logo.jpg 1024w\" sizes=\"auto, (max-width: 300px) 100vw, 300px\" \/><strong>VIGILI DEL FUOCO<\/strong> &#8211; Personale del comando del distaccamento di Feltre dei vigili del fuoco\u00a0 \u00e8 intervenuto alle 5\u00a0 in localit\u00e0 Carpen nel comune di Quero per un incidente stradale. Nel sinistro \u00e8 stata coinvolta una autovettura che \u00e8 uscita di strada autonomamente finendo in prossimit\u00e0 della linea ferroviaria, senza per\u00f2 causare interruzioni alla linea e senza causare ferite al conducente.<\/p>\n<h1><\/h1>\n<blockquote>\n<h1><\/h1>\n<h1><\/h1>\n<\/blockquote>\n<h1><\/h1>\n<blockquote><p>&nbsp;<\/p>\n<h1><\/h1>\n<h1>LE RICERCHE DI GIOCONDO<\/h1>\n<\/blockquote>\n<p><strong>OSPITALE<\/strong> Nulla viene lasciato al caso nelle ricerche di Giocondo Ghirardo, scomparso in Val Tovanella lo scorso 8 giugno mentre andava in cerca di lumache. Ieri le ulteriori operazioni dei vigili del fuoco dall&#8217;alto con l&#8217;ausilio dei droni e con l&#8217;appoggio della protezione civile in una zona molto impervia. Purtroppo nessuna notizia. La figlia Monica non si da per vinta, vuole continuare le ricerche e si \u00e8 anche rivolta alla trasmissione CHI L&#8217;HA VISTO. L&#8217;uomo, alto 1.70 pesa 90 chilogrammi, al momento della scomparsa indossava pantaloni marroni, felpa blu e stivali di gomma,\u00a0 chi avesse informazioni si rivolga ai Carabinieri.<\/p>\n<p><strong>FOTO VIGILI DEL FUOCO<\/strong><\/p>\n\n\t\t\t<style type='text\/css'>\n\t\t\t\t#gallery-1 {\n\t\t\t\t\tmargin: auto;\n\t\t\t\t}\n\t\t\t\t#gallery-1 .gallery-item {\n\t\t\t\t\tfloat: left;\n\t\t\t\t\tmargin-top: 10px;\n\t\t\t\t\ttext-align: center;\n\t\t\t\t\twidth: 33%;\n\t\t\t\t}\n\t\t\t\t#gallery-1 img {\n\t\t\t\t\tborder: 2px solid #cfcfcf;\n\t\t\t\t}\n\t\t\t\t#gallery-1 .gallery-caption {\n\t\t\t\t\tmargin-left: 0;\n\t\t\t\t}\n\t\t\t\t\/* see gallery_shortcode() in wp-includes\/media.php *\/\n\t\t\t<\/style>\n\t\t<div id='gallery-1' class='dt-gallery-container gallery galleryid-53178 gallery-columns-3 gallery-size-thumbnail'><dl class='gallery-item'>\n\t\t\t\t<dt class='gallery-icon landscape'>\n\t\t\t\t\t<a class=\"rollover\" href='https:\/\/www.radiopiu.net\/wordpress\/giornale-radiopiu-06-luglio-2018-direttore-mirko-mezzacasa\/img-20180705-wa0041_wm\/'><img loading=\"lazy\" decoding=\"async\" width=\"150\" height=\"150\" src=\"https:\/\/www.radiopiu.net\/wordpress\/wp-content\/uploads\/2018\/07\/IMG-20180705-WA0041_wm-150x150.jpg\" class=\"attachment-thumbnail size-thumbnail\" alt=\"\" \/><\/a>\n\t\t\t\t<\/dt><\/dl><dl class='gallery-item'>\n\t\t\t\t<dt class='gallery-icon landscape'>\n\t\t\t\t\t<a class=\"rollover\" href='https:\/\/www.radiopiu.net\/wordpress\/giornale-radiopiu-06-luglio-2018-direttore-mirko-mezzacasa\/img-20180705-wa0011_wm\/'><img loading=\"lazy\" decoding=\"async\" width=\"150\" height=\"150\" src=\"https:\/\/www.radiopiu.net\/wordpress\/wp-content\/uploads\/2018\/07\/IMG-20180705-WA0011_wm-150x150.jpg\" class=\"attachment-thumbnail size-thumbnail\" alt=\"\" \/><\/a>\n\t\t\t\t<\/dt><\/dl><dl class='gallery-item'>\n\t\t\t\t<dt class='gallery-icon landscape'>\n\t\t\t\t\t<a class=\"rollover\" href='https:\/\/www.radiopiu.net\/wordpress\/giornale-radiopiu-06-luglio-2018-direttore-mirko-mezzacasa\/img-20180705-wa0008_wm\/'><img loading=\"lazy\" decoding=\"async\" width=\"150\" height=\"150\" src=\"https:\/\/www.radiopiu.net\/wordpress\/wp-content\/uploads\/2018\/07\/IMG-20180705-WA0008_wm-150x150.jpg\" class=\"attachment-thumbnail size-thumbnail\" alt=\"\" \/><\/a>\n\t\t\t\t<\/dt><\/dl><br style=\"clear: both\" \/>\n\t\t\t<\/div>\n\n<p>&nbsp;<\/p>\n<h1><\/h1>\n<blockquote><p>&nbsp;<\/p>\n<h1><\/h1>\n<h1>METEO. ANCORA TEMPORALI IN VENETO. DICHIARATO STATO DI ATTENZIONE PER CRITICITA\u2019 IDROGEOLOGICA<\/h1>\n<\/blockquote>\n<p><strong><img loading=\"lazy\" decoding=\"async\" class=\" wp-image-53170 alignleft\" src=\"http:\/\/www.radiopiu.net\/wordpress\/wp-content\/uploads\/2018\/07\/adler-589599_960_720-300x161.jpg\" alt=\"\" width=\"227\" height=\"122\" srcset=\"https:\/\/www.radiopiu.net\/wordpress\/wp-content\/uploads\/2018\/07\/adler-589599_960_720-300x161.jpg 300w, https:\/\/www.radiopiu.net\/wordpress\/wp-content\/uploads\/2018\/07\/adler-589599_960_720-768x412.jpg 768w, https:\/\/www.radiopiu.net\/wordpress\/wp-content\/uploads\/2018\/07\/adler-589599_960_720.jpg 960w\" sizes=\"auto, (max-width: 227px) 100vw, 227px\" \/>VENEZIA<\/strong> Ancora temporali, anche di forte intensit\u00e0, interesseranno il Veneto nelle prossime ore. Alla luce delle previsioni meteo emesse da Arpav, il Centro Funzionale Decentrato della Protezione Civile della Regione Veneto, ha diramato un avviso di criticit\u00e0 dichiarando lo Stato di Attenzione per Criticit\u00e0 Idrogeologica su tutto il territorio. L\u2019Avviso \u00e8 valido fino alle 24. Visti i fenomeni meteorologici previsti, la criticit\u00e0 idrogeologica \u00e8 riferita allo scenario per temporali forti. Per l\u2019area di Borca di Cadore, dove insiste una \u201cstorica\u201d frana, il livello \u00e8 di Attenzione Rinforzata (livello 2 su un massimo di 3).<\/p>\n<p>&nbsp;<\/p>\n<p>&nbsp;<\/p>\n<p>&nbsp;<\/p>\n<blockquote>\n<h1><\/h1>\n<h1><\/h1>\n<h1>ACQUA DI NUOVO POTABILE AD OSPITALE<\/h1>\n<\/blockquote>\n<p><strong>OSPITALE DI CADORE<\/strong> Gestione Servizi Pubblici informa che ad Ospitale di Cadore in localit\u00e0 Termine, l&#8217;acqua erogata dall&#8217;acquedotto \u00e8 di nuovo potabile e pu\u00f2 essere usata per scopi alimentari. Hanno dato esito favorevole, <img loading=\"lazy\" decoding=\"async\" class=\"size-medium wp-image-53179 alignleft\" src=\"http:\/\/www.radiopiu.net\/wordpress\/wp-content\/uploads\/2018\/07\/drops-of-water-578897_960_720-300x200.jpg\" alt=\"\" width=\"300\" height=\"200\" srcset=\"https:\/\/www.radiopiu.net\/wordpress\/wp-content\/uploads\/2018\/07\/drops-of-water-578897_960_720-300x200.jpg 300w, https:\/\/www.radiopiu.net\/wordpress\/wp-content\/uploads\/2018\/07\/drops-of-water-578897_960_720-768x512.jpg 768w, https:\/\/www.radiopiu.net\/wordpress\/wp-content\/uploads\/2018\/07\/drops-of-water-578897_960_720.jpg 960w\" sizes=\"auto, (max-width: 300px) 100vw, 300px\" \/>infatti, i nuovi controlli eseguiti dall\u2019Ulss n\u00b0 1 Dolomiti sul campione d\u2019acqua prelevato dalla rete idrica locale a seguito alle operazioni di disinfezione attuate dal gestore. Eliminata la presenza di batteri, ora l\u2019acqua di rubinetto si pu\u00f2 utilizzare per tutti gli usi.<\/p>\n<blockquote>\n<h1>MA NON A BELLUNO CITTA&#8217;<\/h1>\n<\/blockquote>\n<p><strong>BELLUNO<\/strong> in Comune di BELLUNO in Via Pr\u00e0 de Luni, l&#8217;acqua erogata dall&#8217;acquedotto non \u00e8 potabile e pu\u00f2 essere usata per scopi alimentari solo previo adeguata bollitura. Analisi di routine eseguite dall\u2019Ulss 1 Dolomiti, infatti, hanno evidenziato la presenza di batteri nei campioni d\u2019acqua prelevati dalla rete idrica locale. Bim Gsp ha gi\u00e0 adottato le necessarie misure di disinfezione e clorazione. Nuovi prelievi di controllo saranno eseguiti nei prossimi giorni.<\/p>\n<p>&nbsp;<\/p>\n<p>&nbsp;<\/p>\n<p>&nbsp;<\/p>\n<blockquote>\n<h1><\/h1>\n<h1><\/h1>\n<h1>TELEFONI SPENTI IN CADORE, CONFCOMMERCIO S&#8217;ARRABBIA<\/h1>\n<\/blockquote>\n<p><strong><img loading=\"lazy\" decoding=\"async\" class=\"size-medium wp-image-53180 alignleft\" src=\"http:\/\/www.radiopiu.net\/wordpress\/wp-content\/uploads\/2018\/07\/phone-499991_960_720-300x199.jpg\" alt=\"\" width=\"300\" height=\"199\" srcset=\"https:\/\/www.radiopiu.net\/wordpress\/wp-content\/uploads\/2018\/07\/phone-499991_960_720-300x199.jpg 300w, https:\/\/www.radiopiu.net\/wordpress\/wp-content\/uploads\/2018\/07\/phone-499991_960_720-768x510.jpg 768w, https:\/\/www.radiopiu.net\/wordpress\/wp-content\/uploads\/2018\/07\/phone-499991_960_720.jpg 960w\" sizes=\"auto, (max-width: 300px) 100vw, 300px\" \/>SANTO STEFANO DI CADORE<\/strong> In relazione alla notizia della linea telefonica disattiva ormai da una settimana a Santo Stefano di Cadore ed alle giuste lamentele espresse dall\u2019albergatore che ne sta subendo direttamente le conseguenze, Confcommercio Belluno ha preso posizione inviando nei giorni scorsi una nota ufficiale di protesta chiedendo l\u2019immediata soluzione del problema. \u00abSi tratta\u00bb, afferma il presidente Doglioni, \u00abdell&#8217;ennesimo esempio di come le nostre aziende non siano nelle condizioni di poter lavorare serenamente; oggi, tra l\u2019altro nel pieno della stagione turistica, un cos\u00ec lungo protrarsi di tali disagi comporta per gli operatori economici danni ingenti. Se per\u00f2 fosse l\u2019utente a peccare nei confronti dei grandi erogatori di servizi in un battere di ciglia ne pagherebbe le conseguenze\u00bb. \u00c8 intervenuto sulla questione anche il delegato comunale di Santo Stefano, Roberto Battaglia che afferma come \u00abnon siano pi\u00f9 accettabili situazioni del genere in un contesto territoriale gi\u00e0 fragile di suo; da disservizi di questo tipo se ne esce ancor pi\u00f9 penalizzati. Abbiamo bisogno dell&#8217;aiuto delle istituzioni, degli enti e della politica locali affinch\u00e9 casi similari vengano gestiti e risolti attraverso canali preferenziali\u00bb.<\/p>\n<p>&nbsp;<\/p>\n<p>&nbsp;<\/p>\n<blockquote>\n<h1><\/h1>\n<h1><\/h1>\n<\/blockquote>\n<h1><\/h1>\n<p>&nbsp;<\/p>\n<blockquote>\n<h1 style=\"text-align: left;\">PEDY L\u2019AGORDINO TI PIANGE, RICORDANDOTI PER I SORRISI domani alle 14.30 i funerali a Rocca Pietore<\/h1>\n<p><img loading=\"lazy\" decoding=\"async\" class=\"size-medium wp-image-53161 alignleft\" src=\"http:\/\/www.radiopiu.net\/wordpress\/wp-content\/uploads\/2018\/07\/chal-300x222.jpg\" alt=\"\" width=\"300\" height=\"222\" srcset=\"https:\/\/www.radiopiu.net\/wordpress\/wp-content\/uploads\/2018\/07\/chal-300x222.jpg 300w, https:\/\/www.radiopiu.net\/wordpress\/wp-content\/uploads\/2018\/07\/chal.jpg 640w\" sizes=\"auto, (max-width: 300px) 100vw, 300px\" \/><\/p>\n<p>Che brutte giornate, per tutti. Amico mio, ci hai lasciati inermi, impauriti, tristi. Quella tua forza, quell&#8217;essere sempre positivo, ottimista, felice, sfrontato nella vita ci ha sempre affascinato. Ci hai fatto divertire, ballare, ci hai fatto crescere in mezzo alle tue follie. Ci hai fatto lavorare e abbiamo lavorato con te. Siamo entrati allo Chalet al lago, quello di Pedy e Francesca che avevamo appena tolto i denti da latte e l\u00ec ci siamo affezionati al tuo mondo. Abbiamo gioito e imprecato al cielo dai bordi delle piste ghiacciate di mezza Italia, siamo saliti suoi tuoi pullman e ci hai portato ovunque, nei concerti, nelle serate di baldoria e ci hai sempre riportato a casa. E poi eri di casa, eri il nostro mascalzone di casa e te ne sei andato via a 57 anni. Ci hai lasciato un buco nel cuore Pedy, non so come faremo a riempirlo. Scrivo e penso a David, Thomas, alla piccola Lucrezia, alla tua compagna Lisa, alla tua mamma Luisa, alle tue sorelle Sabrina e Martina e mi si riempiono gli occhi di lacrime fino a togliermi il respiro. Per\u00f2 lasciatelo dire quel grazie enorme per tutto quello che ci hai dato. Hai visto quanti stanno piangendo per te? Hai visto che movimento hai creato in pochi attimi? E&#8217; la tua ultima mascalzonata. Domani saremo in tanti ad accarezzare le tue spoglie e i ricordi affioreranno uno dopo l&#8217;altro. Domani, alle 14.30 nella chiesa parrocchiale di Rocca Pietore, non saremo forti, ci proveremo ma sar\u00e0 arduo esserlo, ci vorrebbe il tuo sorriso e la tua pacca sulle spalle. Ciao omone, sensibile anche nell&#8217;ultimo respiro nel decidere di devolvere le offerte ai malati ti tumori, quelli pi\u00f9 inermi, i bambini. Ciao campione, perch\u00e9 lo siamo stati in quella magica notte di Villach e ogni volta che ci ricorderemo di esserlo stati con noi ci sarai tu. Ciao Pedy, ciao &#8220;fenomeno&#8221;.<\/p><\/blockquote>\n<blockquote>\n<h1><\/h1>\n<h1><em><strong>ALLEGHE FUNIVIE, DOLOMITI STARS<\/strong><\/em><\/h1>\n<p align=\"CENTER\"><span style=\"font-size: medium;\"><i><u>In ricordo di Alfredo<\/u><\/i><\/span><\/p>\n<p align=\"JUSTIFY\"><span style=\"font-size: medium;\"><i>Ciao Pedy<\/i><\/span><\/p>\n<p align=\"JUSTIFY\"><span style=\"font-size: medium;\"><i><img loading=\"lazy\" decoding=\"async\" class=\"size-medium wp-image-53159 alignleft\" src=\"http:\/\/www.radiopiu.net\/wordpress\/wp-content\/uploads\/2018\/07\/PEDY-226x300.jpg\" alt=\"\" width=\"226\" height=\"300\" srcset=\"https:\/\/www.radiopiu.net\/wordpress\/wp-content\/uploads\/2018\/07\/PEDY-226x300.jpg 226w, https:\/\/www.radiopiu.net\/wordpress\/wp-content\/uploads\/2018\/07\/PEDY.jpg 355w\" sizes=\"auto, (max-width: 226px) 100vw, 226px\" \/>\u00c8 venuto a mancare un Fratello un Amico un Imprenditore che ha dato tanto a tutti noi.<\/i><\/span><\/p>\n<p align=\"JUSTIFY\"><span style=\"font-size: medium;\"><i>Lo ricordo in Marmolada quando eravamo giovani e si faceva a gara a chiusura piste per chi arrivava prima in fondo, lo ricordo in tanti incontri di promozione e marketing in Italia e all\u2019estero, i primi Skibus, il Giro della Grande Guerra, i transfer dagli Aeroporti, sempre in prima fila con entusiasmo e tanta volont\u00e0, mi dicevi \u201c dai vecio che ghe la fon \u201c<\/i><\/span><\/p>\n<p align=\"JUSTIFY\"><span style=\"font-size: medium;\"><i>Ci mancher\u00e0 il tuo sorriso , e quando vedremo il pulman Dolomiti Stars alla guida ci sari sempre te, ti saluteremo con un cenno come eravamo abituati senza tanti complimenti. <\/i><\/span><\/p>\n<p align=\"JUSTIFY\"><span style=\"font-size: medium;\"><i>Dolomiti Stars, Civetta, Alleghe Funivie, Giro della grande Guerra, quanti progetti, quanti incontri eri sempre in prima fila, sempre disponibile e con le Tue battute che ci davano entusiasmo e voglia di fare.<\/i><\/span><\/p>\n<p align=\"JUSTIFY\"><span style=\"font-size: medium;\"><i>Starai pianificando altri servizi in compagnia di tanti Amici che come Te hanno contribuito allo sviluppo delle nostre vallate, insieme nell\u2019immensit\u00e0 starete progettando nuovi Comprensori e ci sar\u00e0 sempre qualche collegamento da fare con il tuo pulman \u201c Dolomiti Stars \u201c <\/i><\/span><\/p>\n<p align=\"JUSTIFY\"><strong>Sergio Pra.<\/strong><\/p>\n<\/blockquote>\n<p>&nbsp;<\/p>\n<h1><em>L&#8217;INTER CLUB GIACINTO FACCHETTI, AGORDO.<\/em><\/h1>\n<p><img loading=\"lazy\" decoding=\"async\" class=\"size-medium wp-image-53160 alignleft\" src=\"http:\/\/www.radiopiu.net\/wordpress\/wp-content\/uploads\/2018\/07\/36606522_1900172503375262_1005272151151869952_n-300x225.jpg\" alt=\"\" width=\"300\" height=\"225\" srcset=\"https:\/\/www.radiopiu.net\/wordpress\/wp-content\/uploads\/2018\/07\/36606522_1900172503375262_1005272151151869952_n-300x225.jpg 300w, https:\/\/www.radiopiu.net\/wordpress\/wp-content\/uploads\/2018\/07\/36606522_1900172503375262_1005272151151869952_n.jpg 640w\" sizes=\"auto, (max-width: 300px) 100vw, 300px\" \/>L&#8217; Inter Club Agordino &#8220;Giacinto Facchetti&#8221; vuole fare le pi\u00f9 sentite condoglianze a Thomas, David, Lucrezia e a tutti i cari per la scomparsa di Alfredo, il nostro fedele socio nonch\u00e9 autista ufficiale di tutte le trasferte a Milano, Udine e Riscone di Brunico. Ci mancherai, ora conduci il tuo Mascalzone Italiano tra gli Angeli. Ciao Pedy<\/p>\n<p>&nbsp;<\/p>\n<p>&nbsp;<\/p>\n<p>&nbsp;<\/p>\n<p>&nbsp;<\/p>\n<p>&nbsp;<\/p>\n<blockquote>\n<h1>L&#8217;ALLEGHE HOCKEY KANGURO<\/h1>\n<\/blockquote>\n<p><img loading=\"lazy\" decoding=\"async\" class=\"size-medium wp-image-53133 alignleft\" src=\"http:\/\/www.radiopiu.net\/wordpress\/wp-content\/uploads\/2018\/07\/vi8-300x232.jpg\" alt=\"\" width=\"300\" height=\"232\" srcset=\"https:\/\/www.radiopiu.net\/wordpress\/wp-content\/uploads\/2018\/07\/vi8-300x232.jpg 300w, https:\/\/www.radiopiu.net\/wordpress\/wp-content\/uploads\/2018\/07\/vi8.jpg 640w\" sizes=\"auto, (max-width: 300px) 100vw, 300px\" \/>Alleghe Hockey porge le pi\u00f9 sentite condoglianze ai figli Thomas, David e Lucrezia, ai famigliari tutti per la perdita del grande amico e tifoso Pedy, compagno dei momenti pi\u00f9 belli della nostra storia. Ti ricorderemo per sempre con affetto per l&#8217;entusiasmo, la simpatia e l&#8217;attaccamento ai colori biancorossi. Nei nostri cuori rimarr\u00e0 indelebile l&#8217;immagine della passione per l&#8217;hockey e per l&#8217;Alleghe dipinta sul tuo viso sorridente nell&#8217;ultima mitica trasferta fatta insieme per le finali della Coppa Italia a Torino.<\/p>\n<p>&nbsp;<\/p>\n<p>&nbsp;<\/p>\n<p>&nbsp;<\/p>\n<p>&nbsp;<\/p>\n<blockquote>\n<p align=\"JUSTIFY\">\n<\/blockquote>\n<h1><\/h1>\n<p>&nbsp;<\/p>\n<p>&nbsp;<\/p>\n<p>&nbsp;<\/p>\n<p>&nbsp;<\/p>\n<blockquote>\n<h1>ALLEGHE PATTUMIERA DELL&#8217;ALTO CORDEVOLE<\/h1>\n<\/blockquote>\n<p><strong><img loading=\"lazy\" decoding=\"async\" class=\" wp-image-53181 alignleft\" src=\"http:\/\/www.radiopiu.net\/wordpress\/wp-content\/uploads\/2018\/07\/rubbish-495213_960_720-300x300.jpg\" alt=\"\" width=\"141\" height=\"141\" srcset=\"https:\/\/www.radiopiu.net\/wordpress\/wp-content\/uploads\/2018\/07\/rubbish-495213_960_720-300x300.jpg 300w, https:\/\/www.radiopiu.net\/wordpress\/wp-content\/uploads\/2018\/07\/rubbish-495213_960_720-150x150.jpg 150w, https:\/\/www.radiopiu.net\/wordpress\/wp-content\/uploads\/2018\/07\/rubbish-495213_960_720.jpg 720w\" sizes=\"auto, (max-width: 141px) 100vw, 141px\" \/>ALLEGHE<\/strong> Il Comune di Alleghe non figura tra i Comuni pi\u00f9 ricicloni dell&#8217;Agordino in quanto a raccolta differenziata dei rifiuti, a differenza di altri Comuni dell&#8217;Alto Agordino. Il sindaco Siro De Biasio \u00e8 sconcertato, pronto a sistemare telecamere e fototrappole per evitare il deposito dei rifiuti di chi dall&#8217;alto scende a fondovalle depositando i sacchi di immondizia in localit\u00e0 Vallazza (area camper) dove a dicembre ne sono stati caricati a tonellate su un camioni di rimorchio. Per il sindaco Siro De Biasio \u00e8 una beffa per un Comune che si \u00e8 visto presentare un preventivo di spesa superiore a quello di Falcade e anche di Agordo con i suoi oltre 4000 abitanti. Abbiamo raccolto lo sfogo del primo cittadino alleghese.<\/p>\n<p><strong>SIRO DE BIASIO<\/strong><\/p>\n<audio class=\"wp-audio-shortcode\" id=\"audio-53178-1\" preload=\"none\" style=\"width: 100%;\" controls=\"controls\"><source type=\"audio\/mpeg\" src=\"http:\/\/www.radiopiu.net\/wordpress\/wp-content\/uploads\/2018\/07\/SIRO-DE-BIASIO-1.mp3?_=1\" \/><a href=\"http:\/\/www.radiopiu.net\/wordpress\/wp-content\/uploads\/2018\/07\/SIRO-DE-BIASIO-1.mp3\">http:\/\/www.radiopiu.net\/wordpress\/wp-content\/uploads\/2018\/07\/SIRO-DE-BIASIO-1.mp3<\/a><\/audio>\n<p>&nbsp;<\/p>\n<h1><\/h1>\n<p>&nbsp;<\/p>\n<blockquote>\n<h1>MIGRANTI VIA DA AGORDO A SEGUITO DELLA DIMINUZIONE DEGLI SBARCHI<\/h1>\n<\/blockquote>\n<p><strong><img loading=\"lazy\" decoding=\"async\" class=\"size-medium wp-image-53091 alignleft\" src=\"http:\/\/www.radiopiu.net\/wordpress\/wp-content\/uploads\/2018\/07\/20180630-300x225.jpg\" alt=\"\" width=\"300\" height=\"225\" srcset=\"https:\/\/www.radiopiu.net\/wordpress\/wp-content\/uploads\/2018\/07\/20180630-300x225.jpg 300w, https:\/\/www.radiopiu.net\/wordpress\/wp-content\/uploads\/2018\/07\/20180630-768x576.jpg 768w, https:\/\/www.radiopiu.net\/wordpress\/wp-content\/uploads\/2018\/07\/20180630-1024x768.jpg 1024w, https:\/\/www.radiopiu.net\/wordpress\/wp-content\/uploads\/2018\/07\/20180630.jpg 1600w\" sizes=\"auto, (max-width: 300px) 100vw, 300px\" \/><\/strong><\/p>\n<p>&nbsp;<\/p>\n<p><strong>AGORDO<\/strong> La cooperativa Blhyster ha chiuso gli appartamenti che il Comune di Agordo aveva messo a disposizione per i migranti in Corso Alpini (ex sede della Pretura). Gli ospiti extracomunitari sono stati trasferiti altrove. Non dipende n\u00e8 dall&#8217;andamento del progetto, nemmeno da comportamenti dei ragazzi. Piuttosto c&#8217;\u00e8 stato un calo di presenze in provincia che ha quasi dimezzato il totale dei richiedenti asilo, di qui la nuova ridistribuzione a scapito della cooperativa Blhyster ed altre. I ragazzi che c&#8217;erano ad Agordo, secondo la graduatoria e disposizioni della Prefettura sono passati ad altro gestore, un&#8217;altra cooperativa che non ha basi operative nell&#8217;Agordino ma in altre zone della provincia bellunese. Quindi non si tratta dell&#8217;esito delle politiche del Ministro Salvini della Lega, piuttosto un edito della\u00a0 sinistra dell&#8217;ex Ministro Marco Minniti, della sua riforma, dell&#8217;accelerazione dei tempi di risposta sul diritto o meno di rimanere in Italia e degli accordi con la Guardia Costiera Libica, quindi decreto della scorsa estate da dove \u00e8 iniziata la diminuzione degli arrivi. La determinazione di Matteo Salvini non ha ancora avuto nessun risvolto pratico.<\/p>\n<p><strong>AI MICROFONI DI RADIO PIU, FRANCESCO SANTIN PRESIDENTE DELLA COOPERATIVA BLHYSTER.<\/strong><\/p>\n<audio class=\"wp-audio-shortcode\" id=\"audio-53178-2\" preload=\"none\" style=\"width: 100%;\" controls=\"controls\"><source type=\"audio\/mpeg\" src=\"http:\/\/www.radiopiu.net\/wordpress\/wp-content\/uploads\/2018\/07\/FRANCESCO-SANTIN.mp3?_=2\" \/><a href=\"http:\/\/www.radiopiu.net\/wordpress\/wp-content\/uploads\/2018\/07\/FRANCESCO-SANTIN.mp3\">http:\/\/www.radiopiu.net\/wordpress\/wp-content\/uploads\/2018\/07\/FRANCESCO-SANTIN.mp3<\/a><\/audio>\n<p>&nbsp;<\/p>\n<p>&nbsp;<\/p>\n<p>&nbsp;<\/p>\n<p>&nbsp;<\/p>\n<p>&nbsp;<\/p>\n<p>&nbsp;<\/p>\n<blockquote>\n<h1>A TRICHIANA LA PRIMA INTEGRA CUP<\/h1>\n<\/blockquote>\n<p><strong><img loading=\"lazy\" decoding=\"async\" class=\"size-full wp-image-53182 alignleft\" src=\"http:\/\/www.radiopiu.net\/wordpress\/wp-content\/uploads\/2018\/07\/logo.png\" alt=\"\" width=\"234\" height=\"137\" \/>BELLUNO<\/strong> Socializzazione, divertimento e condivisione sono le parole d\u2019ordine della prima edizione di \u201cIntegra Cup\u201d, il torneo di calcetto promosso dalla Integra cooperativa sociale e dalle comunit\u00e0 terapeutiche del Ceis di Belluno e Dumia di Feltre per domani alle 16 al Parco Lotto di Trichiana. A scendere in campo saranno le sei squadre composte dai richiedenti asilo accolti dalla Integra cooperativa sociale in provincia di Belluno e di Treviso, le comunit\u00e0 terapeutiche del CEIS \u201cLa Vela\u201d e \u201cCrede\u201d; i dipendenti della Fondazione Progetto Uomo, Ceis, Integra e Cosomi, i dipendenti e i richiedenti asilo accolti da Dumia societ\u00e0 cooperativa sociale di Feltre. Il torneo rientra fra le iniziative promosse per favorire la socializzazione e l\u2019integrazione attraverso l\u2019attivit\u00e0 sportiva ed \u00e8 stato organizzato grazie alla collaborazione e alla disponibilit\u00e0 della Polisportiva Mondo Sport, Ztll Sinistra Piave, ASD Vittorio Falmec e Scuola Penny Wirton-Limana, si chiuder\u00e0 con la premiazione e un momento conviviale al ristorante \u201cIppiko\u201d, presso il Circolo ippico Cordevole a Sedico.<\/p>\n<p>&nbsp;<\/p>\n<p>&nbsp;<\/p>\n<p>&nbsp;<\/p>\n<blockquote>\n<h1><\/h1>\n<h1><\/h1>\n<h1 style=\"text-align: center;\">LA LETTERA<\/h1>\n<h1>ALLE PAROLE NON SONO SEGUITI I FATTI, A PROPOSITO DI RAPPORTI TRA ENTI PUBBLICI E CITTADINO<\/h1>\n<\/blockquote>\n<p><strong><img loading=\"lazy\" decoding=\"async\" class=\"size-medium wp-image-53183 alignleft\" src=\"http:\/\/www.radiopiu.net\/wordpress\/wp-content\/uploads\/2018\/07\/310d3dfd-9e96-4616-8088-57f7c532ef1f-300x150.jpg\" alt=\"\" width=\"300\" height=\"150\" srcset=\"https:\/\/www.radiopiu.net\/wordpress\/wp-content\/uploads\/2018\/07\/310d3dfd-9e96-4616-8088-57f7c532ef1f-300x150.jpg 300w, https:\/\/www.radiopiu.net\/wordpress\/wp-content\/uploads\/2018\/07\/310d3dfd-9e96-4616-8088-57f7c532ef1f-768x384.jpg 768w, https:\/\/www.radiopiu.net\/wordpress\/wp-content\/uploads\/2018\/07\/310d3dfd-9e96-4616-8088-57f7c532ef1f-1024x512.jpg 1024w, https:\/\/www.radiopiu.net\/wordpress\/wp-content\/uploads\/2018\/07\/310d3dfd-9e96-4616-8088-57f7c532ef1f.jpg 1599w\" sizes=\"auto, (max-width: 300px) 100vw, 300px\" \/>TAIBON<\/strong> Duole constatare che, nonostante belle parole e promesse rassicuranti, a distanza di un anno dalla mia ultima richiesta di notizie e a 10 anni dall\u2019esproprio di terreno per la costruzione della ciclabile Valle Medio e Basso Cordevole la pratica non sia stata definita. Lo scorso anno mi era stato detto che entro l\u2019estate tutto sarebbe stato appianato ma ingenuamente non ho chiesto di quale anno e di estati ne sono passate quasi due. Tra l\u2019altro sto ancora attendendo una risposta scritta che non mi \u00e8 mai stata recapitata (o forse non \u00e8 mai stata spedita). Mi ritrovo ancora a sottolineare come il cittadino non sia tenuto in considerazione anzi sembra quasi normale requisire del terreno privato per realizzare opere pubbliche senza per\u00f2 indennizzare il proprietario. Il fatto che rende esilarante la situazione \u00e8 che attualmente pago le tasse di propriet\u00e0 sul terreno occupato dalla ciclabile che, virtualmente, \u00e8 da considerarsi mia in quanto non sono stato totalmente indennizzato, non mi \u00e8 stato notificato il decreto definitivo di esproprio e non risultano presentate le conseguenti volture catastali. Ci\u00f2 che mi rattrista maggiormente \u00e8 l\u2019atteggiamento tenuto dagli Amministratori Comunali: tante parole e scarichi di responsabilit\u00e0 seguiti dal nulla. Spero sia inteso che non \u00e8 una questione di denaro, in quanto riesco ancora a saldare le cartelle esattoriali che puntualmente arrivano ogni anno e che noi cittadini, a differenza del settore pubblico, dobbiamo versare con solerzia pena multe e sovrattasse. La mia \u00e8 solo una questione di dignit\u00e0.So a priori che la mie parole non verranno tenute in considerazione ma chi di dovere cerchi almeno di non farmi pi\u00f9 passare da stupido.\u00a0<strong>Bruno Luigi Savio.<\/strong><\/p>\n<p><strong><span style=\"color: #ff0000;\">Gi\u00e0 ieri abbiamo girato la lettera al sindaco di Taibon Silvia Tormen per una risposta. Ad oggi la stiamo attendendo. Doverosa risposta alle richieste di un cittadino ma anche ad un paese che l&#8217;ha eletta con la sua amministrazione 4 anni fa anche per\u00a0 seguire da vicino i lavori dell&#8217;ufficio tecnico.<\/span><\/strong><\/p>\n<p>&nbsp;<\/p>\n<p>&nbsp;<\/p>\n<p>&nbsp;<\/p>\n<p>&nbsp;<\/p>\n<p>&nbsp;<\/p>\n<h1>IL GIUDICE DEL LAVORO DA RAGIONE ALL&#8217;ULSS1 DOLOMITI IL RISARCIMENTO RICHIESTO E&#8217; DI OLTRE 6 MILIONI DI EURO<\/h1>\n<blockquote><p><em>Rigettato il ricorso dei medici contro l\u2019Ulss per i fondi di risultato<\/em><br \/>\n<em>Confermata la correttezza del criterio del raggiungimento degli obiettivi<\/em><\/p><\/blockquote>\n<p><strong><img loading=\"lazy\" decoding=\"async\" class=\"size-medium wp-image-53164 alignleft\" src=\"http:\/\/www.radiopiu.net\/wordpress\/wp-content\/uploads\/2018\/07\/TRIBUNALE-1-300x225.jpg\" alt=\"\" width=\"300\" height=\"225\" srcset=\"https:\/\/www.radiopiu.net\/wordpress\/wp-content\/uploads\/2018\/07\/TRIBUNALE-1-300x225.jpg 300w, https:\/\/www.radiopiu.net\/wordpress\/wp-content\/uploads\/2018\/07\/TRIBUNALE-1-768x576.jpg 768w, https:\/\/www.radiopiu.net\/wordpress\/wp-content\/uploads\/2018\/07\/TRIBUNALE-1.jpg 960w\" sizes=\"auto, (max-width: 300px) 100vw, 300px\" \/>BELLUNO.<\/strong> Il giudice del lavoro di Belluno,\u00a0 Anna Travia, ha rigettato il ricorso dei 130 dirigenti medici dipendenti e di tre sigle sindacali contro l\u2019Ulss Dolomiti. Tra 60 giorni saranno note le motivazioni della sentenza.<br \/>\nI 130 dirigenti medici, appartenenti sia alla ex Ulss di Belluno sia a quella di Feltre, si erano rivolti al giudice del lavoro contestando la mancata distribuzione dei fondi contrattuali legati alla retribuzione di risultato dal 2007 in poi a Belluno e del 2017 a Feltre, chiedendo di condannare l\u2019Azienda a un risarcimento a ciascun medico da quantificarsi nella misura stabilita dal giudice con interessi e rivalutazione monetaria. Il valore complessivo della causa era di oltre 6 milioni di euro, di cui circa il 95% si riferiva all\u2019ex Ulss di Belluno.<\/p>\n<blockquote><p><em>L\u2019Azienda, difesa dall\u2019avvocato Maria Luisa Miazzi, si \u00e8 opposta, per quanto riguarda le modalit\u00e0 di distribuzione dei fondi e la loro quantificazione.<\/em><\/p><\/blockquote>\n<p>L\u2019Azienda ha sostenuto che i fondi di risultato vanno distribuiti secondo il processo di negoziazione di budget legato a obiettivi e risultati. La retribuzione di risultato dei dirigenti, infatti, \u00e8 strettamente correlata alla realizzazione dei programmi e progetti aventi come obiettivo il raggiungimento dei risultati prefissati nel rispetto della disponibilit\u00e0 complessiva di spesa assegnata alle singole strutture, sulla base della metodologia della negoziazione di budget. Ad esempio, tra gli obiettivi prefissati pi\u00f9 importanti per l\u2019Azienda ci sono il contenimento delle liste di attesa, sia per le visite ambulatoriali che per gli interventi chirurgici come pure integrare e mantenere efficiente l\u2019organizzazione di urgenza &#8211; emergenza nella rete provinciale. L\u2019erogazione della retribuzione di risultato avviene a seguito della verifica del raggiungimento degli obiettivi, che \u00e8 di competenza del rappresentante dell\u2019Organismo Indipendente di Valutazione, secondo la necessaria corrispettivit\u00e0 tra prestazione e remunerazione.<\/p>\n<blockquote><p><em>L\u2019Azienda ha quindi chiesto di ritenere infondata la richiesta dei ricorrenti, i quali sostenevano che qualunque sia l\u2019entit\u00e0 dei fondi di ogni singolo anno questa debba essere integralmente ripartita \u201ca pioggia\u201d in misura proporzionale rispetto al pregresso riconoscimento a valere nell\u2019anno di competenza, indipendentemente dal raggiungimento dei risultati aggiuntivi. Inoltre, sono stati richiamati una serie di accordi sindacali sottoscritti dalle parti.<\/em><\/p><\/blockquote>\n<p>Sulla base delle evidenze portate dall\u2019Ulss Dolomiti, il giudice Travia ha quindi rigettato il ricorso.<br \/>\nL\u2019Azienda ora proceder\u00e0 riattivando il tavolo di confronto con la parte sindacale interessata, proponendo la distribuzione dei fondi tenendo in considerazione il rigetto del ricorso da parte del Tribunale del lavoro di Belluno.<\/p>\n<p>&nbsp;<\/p>\n<p>&nbsp;<\/p>\n<p>&nbsp;<\/p>\n<p>&nbsp;<\/p>\n<blockquote>\n<h1>PARCHEGGI IN LUXOTTICA, OLTRE 1000 FIRME<\/h1>\n<\/blockquote>\n<p><strong><img loading=\"lazy\" decoding=\"async\" class=\"size-medium wp-image-30166 alignleft\" src=\"http:\/\/www.radiopiu.net\/wordpress\/wp-content\/uploads\/2017\/03\/PARCHEGGI-LUX-3-300x169.jpg\" alt=\"\" width=\"300\" height=\"169\" \/>AGORDO<\/strong> Se mai qualcuno nutrisse ancora dubbi che il problema dei trasporti e dei parcheggi sia sentito dai lavoratori, ora di dubbi non potr\u00e0 pi\u00f9 averne. La raccolta firme lanciata dalla Commissione Trasporti della RSU ha superato in pochi giorni quota 1000 adesioni e non \u00e8 ancora conclusa. &#8220;Oltre mille sottoscrizioni di colleghi che han voluto dare un segnale forte su quanto la situazione in Valcozzena sia difficile e necessiti di interventi concreti &#8211; dice Emilio Bez della Uil &#8211; oltre mille persone che han voluto dare anche un supporto morale per le proposte studiate unitariamente da noi della Commissione in questi anni e che erano gi\u00e0 state avanzate sui vari tavoli di discussione anche confrontandosi con gli enti competenti vicini e lontani, arrivando fino a Venezia, in sede della Regione Veneto, a cercare di ottenere nuove linee di trasporto per i turnisti da Caprile e Gosaldo. Risultati importanti ne avevamo comunque ottenuti in passato, a cominciare dalle 4 linee per turnisti che contano ormai alcune centinaia di utenti&#8221;. Niente male per una Commissione unitaria di sole 9 persone, equamente ripartite tra le 3 sigle sindacali, che si impegnano da anni. Ultimamente per\u00f2 \u00e8 diventato sempre pi\u00f9 arduo portare avanti nuove soluzioni: per questo motivo \u00e8 stata organizzata la raccolta firme che terminer\u00e0 domani. &#8220;Il notevole riscontro dell&#8217;iniziativa sar\u00e0 certamente di aiuto per la Commissione e per i risultati che da qui in avanti si cercher\u00e0 di ottenere in tema di trasporti e parcheggi &#8211; conclude Bez- un doveroso grazie a tutti i firmatari&#8221;.<\/p>\n<p>&nbsp;<\/p>\n<p>&nbsp;<\/p>\n<p>&nbsp;<\/p>\n<p>&nbsp;<\/p>\n<blockquote>\n<h2><\/h2>\n<\/blockquote>\n<h2><\/h2>\n<h2><\/h2>\n<h2><img loading=\"lazy\" decoding=\"async\" class=\" wp-image-53226 alignleft\" src=\"http:\/\/www.radiopiu.net\/wordpress\/wp-content\/uploads\/2018\/07\/acqua-bene-comune-visentin-adesso-basta-centrali-300x156.jpg\" alt=\"\" width=\"323\" height=\"168\" srcset=\"https:\/\/www.radiopiu.net\/wordpress\/wp-content\/uploads\/2018\/07\/acqua-bene-comune-visentin-adesso-basta-centrali-300x156.jpg 300w, https:\/\/www.radiopiu.net\/wordpress\/wp-content\/uploads\/2018\/07\/acqua-bene-comune-visentin-adesso-basta-centrali.jpg 350w\" sizes=\"auto, (max-width: 323px) 100vw, 323px\" \/><\/h2>\n<h2>No alla centralina sul torrente Rova. OGGI alle 18.30 il presidio davanti a Palazzo Piloni sede della Provincia * Comitato Acqua Bene Comune<\/h2>\n<p>DAL SITO BELLUNO PRESS: <a href=\"http:\/\/www.bellunopress.it\/2018\/07\/05\/venerdi-alle-18-30-il-presidio-davanti-a-palazzo-piloni-sede-della-provincia-comitato-acqua-bene-comune\/\">CLICCA QUI<\/a><\/p>\n<p>&nbsp;<\/p>\n<p>&nbsp;<\/p>\n<p>&nbsp;<\/p>\n<p>&nbsp;<\/p>\n<p>&nbsp;<\/p>\n<p>&nbsp;<\/p>\n<blockquote>\n<h1>\u201cCONTRO IL LAVORO NERO, REINTRODURRE I VOUCHER\u201d<\/h1>\n<\/blockquote>\n<p><strong><img loading=\"lazy\" decoding=\"async\" class=\"size-medium wp-image-49672 alignleft\" src=\"http:\/\/www.radiopiu.net\/wordpress\/wp-content\/uploads\/2018\/05\/lavoro-300x169.jpg\" alt=\"\" width=\"300\" height=\"169\" srcset=\"https:\/\/www.radiopiu.net\/wordpress\/wp-content\/uploads\/2018\/05\/lavoro-300x169.jpg 300w, https:\/\/www.radiopiu.net\/wordpress\/wp-content\/uploads\/2018\/05\/lavoro-768x432.jpg 768w, https:\/\/www.radiopiu.net\/wordpress\/wp-content\/uploads\/2018\/05\/lavoro-1024x576.jpg 1024w, https:\/\/www.radiopiu.net\/wordpress\/wp-content\/uploads\/2018\/05\/lavoro.jpg 1280w\" sizes=\"auto, (max-width: 300px) 100vw, 300px\" \/>ROMA<\/strong> Il rimedio \u00e8 peggio del danno: il Decreto Dignit\u00e0 non risponde alle esigenze delle aziende, e Forza Italia chiede\u00a0 la reintroduzione dei voucher, aboliti dal precedente Governo. \u201c\u00c8 stata una cancellazione avvenuta nel giro di poche ore, che non ha dato alle imprese una soluzione alternativa\u201d, commenta Dario Bond, tra i firmatari del progetto di legge per la reintroduzione dei voucher presentato a Roma dai gruppi forzisti di Camera e Senato. \u201cI voucher erano uno strumento importantissimo in alcuni settori, come quello familiare, turistico ed agricolo, ed hanno contribuito all&#8217;emersione di una grande parte di lavoro nero, che con la loro abolizione \u00e8 tornato pi\u00f9 vivo di prima. Serve ripristinarli con urgenza, per dare alle nostre imprese strumenti realmente utili\u201d.\u00a0 \u201cIl cosiddetto Decreto Dignit\u00e0, infatti, la dignit\u00e0 la toglie alle imprese e ai lavoratori: servono provvedimenti rapidi e concreti, che snelliscano le procedure burocratiche e i carichi fiscali. Non \u00e8 introducendo nuove norme o aumentando l&#8217;aggravio contributivo che si sconfigge la disoccupazione, anzi: cos\u00ec si incentiva la fuga delle aziende all&#8217;estero\u201d, conclude Bond. \u201cCome opposizione responsabile e costruttiva, vogliamo intervenire con efficacia su tutti quei provvedimenti che mettono in difficolt\u00e0 il futuro del Paese, dei nostri cittadini e delle nostre imprese\u201d.<\/p>\n<p><strong>AI MICROFONI DI RADIO PIU IL DEPUTATO DARIO BOND<\/strong><\/p>\n<audio class=\"wp-audio-shortcode\" id=\"audio-53178-3\" preload=\"none\" style=\"width: 100%;\" controls=\"controls\"><source type=\"audio\/mpeg\" src=\"http:\/\/www.radiopiu.net\/wordpress\/wp-content\/uploads\/2018\/07\/BOND-1.mp3?_=3\" \/><a href=\"http:\/\/www.radiopiu.net\/wordpress\/wp-content\/uploads\/2018\/07\/BOND-1.mp3\">http:\/\/www.radiopiu.net\/wordpress\/wp-content\/uploads\/2018\/07\/BOND-1.mp3<\/a><\/audio>\n<h1><\/h1>\n<p>&nbsp;<\/p>\n<p>&nbsp;<\/p>\n<blockquote><p>&nbsp;<\/p>\n<h1><\/h1>\n<h1>FONDI DI CONFINE ACCORCIERANNO LE DISTANZE?<\/h1>\n<\/blockquote>\n<p><strong><img loading=\"lazy\" decoding=\"async\" class=\" wp-image-53184 alignleft\" src=\"http:\/\/www.radiopiu.net\/wordpress\/wp-content\/uploads\/2018\/07\/foto-Sen-Saviane-260x300.jpg\" alt=\"\" width=\"201\" height=\"232\" srcset=\"https:\/\/www.radiopiu.net\/wordpress\/wp-content\/uploads\/2018\/07\/foto-Sen-Saviane-260x300.jpg 260w, https:\/\/www.radiopiu.net\/wordpress\/wp-content\/uploads\/2018\/07\/foto-Sen-Saviane-768x887.jpg 768w, https:\/\/www.radiopiu.net\/wordpress\/wp-content\/uploads\/2018\/07\/foto-Sen-Saviane-886x1024.jpg 886w, https:\/\/www.radiopiu.net\/wordpress\/wp-content\/uploads\/2018\/07\/foto-Sen-Saviane.jpg 1385w\" sizes=\"auto, (max-width: 201px) 100vw, 201px\" \/>ROMA<\/strong> \u201cAccorciare le distanze tra la montagna e gli enti istituzionali che regolamentano il vivere nei nostri territori\u201d. Questo \u00e8 l\u2019obbiettivo che Paolo Saviane, delegato dal governo per i Fondi di Confine si \u00e8 dato per poter contribuire anche lui, al nuovo governo del cambiamento, appena insediatosi. In tal senso va letto il \u201cpressing\u201d, che insieme al collega di partito Mirco Badole \u00e8 stato fatto, affinch\u00e9 il ruolo del Presidente del Comitato Paritetico del Fondo Comuni di Confine spettasse ad un bellunese. Traguardo raggiunto grazie alla sensibilit\u00e0 della neo ministro agli Affari Regionali Erika Stefani che ha dimostrato un approccio decisamente &#8220;smart&#8221; nell&#8217;affrontare le tematiche della montagna. In quest&#8217;ottica il Senatore Saviane\u00a0 ha promosso anche l&#8217;incontro tra Confindustria ed il Ministro Stefani per discutere del rilancio delle Terre Alte. La richiesta pervenuta al Senatore stesso da Confindustria Belluno, ha incontrato i favori, oltre che del Ministro anche dello staff ministeriale. All\u2019evento erano infatti presenti i Capi di Gabinetto, dott. Cerase e dott. Naddeo, che hanno dettagliatamente spiegato come il Ministero degli Affari Regionali coincida anche per certi versi al \u201cministero\u201d della Montagna.L\u2019incontro di ieri (4 luglio 2018) ha una valenza molto importante perch\u00e9, oltre che illustrare l&#8217;iniziativa di Confindustria al Ministero, d\u00e0 l\u2019avvio ad una discussione che porter\u00e0 a cercare soluzioni adatte e condivise per contrastare il problema del decremento demografico in montagna, potenziare le politiche fino ad ora attuate e analizzare le criticit\u00e0 di ci\u00f2 che nel passato non ha funzionato. Luned\u00ec (9 luglio p.v.) prossimo il Senatore Saviane incontrer\u00e0 i Sindaci dei comuni confinanti e, a seguire, verranno organizzati altri incontri per dare il via a confronti con tutti i portatori di interesse, relativamente alle politiche da attuare per il territorio bellunese.<\/p>\n<p><strong>AI MICROFONI DI RADIO PIU L&#8217;ONOREVOLE PAOLO SAVIANE<\/strong><\/p>\n<audio class=\"wp-audio-shortcode\" id=\"audio-53178-4\" preload=\"none\" style=\"width: 100%;\" controls=\"controls\"><source type=\"audio\/mpeg\" src=\"http:\/\/www.radiopiu.net\/wordpress\/wp-content\/uploads\/2018\/07\/PAOLO-SAVIANE.mp3?_=4\" \/><a href=\"http:\/\/www.radiopiu.net\/wordpress\/wp-content\/uploads\/2018\/07\/PAOLO-SAVIANE.mp3\">http:\/\/www.radiopiu.net\/wordpress\/wp-content\/uploads\/2018\/07\/PAOLO-SAVIANE.mp3<\/a><\/audio>\n<p>&nbsp;<\/p>\n<p>&nbsp;<\/p>\n<p>&nbsp;<\/p>\n<blockquote>\n<h1><\/h1>\n<h1><\/h1>\n<h1>CORTINA 2026. BOTTACIN, \u201cOPPORTUNITA\u2019 STORICA. IO CI CREDO\u201d<\/h1>\n<\/blockquote>\n<p><strong><img loading=\"lazy\" decoding=\"async\" class=\"size-medium wp-image-38234 alignleft\" src=\"http:\/\/www.radiopiu.net\/wordpress\/wp-content\/uploads\/2017\/11\/resized_Bottacin_carta-sismica-del-Veneto-1-223x300.jpg\" alt=\"\" width=\"223\" height=\"300\" \/>VENEZIA<\/strong> \u201cLe prime Olimpiadi a basso impatto ambientale e con costi davvero limitati non potrebbero trovare miglior contesto che nel territorio dolomitico\u201d. A dirlo \u00e8 l\u2019assessore regionale all\u2019Ambiente e Protezione Civile del Veneto Gianpaolo Bottacin che, nel commentare i numeri della proposta di Cortina Dolomiti Unesco per ospitare le Olimpiadi invernali del 2026, evidenzia come \u201canche alcune strutture che si dovranno necessariamente fare potrebbero avere un successivo impiego senza restare delle cattedrali nel deserto abbandonate tra i monti\u201d. \u201cPenso ad esempio al villaggio olimpico smontabile dislocato a Socol \u2013 spiega Bottacin &#8211; che potrebbe trasformarsi, una volta completati i giochi e spostato in altra sede, in un\u2019ottima struttura di coordinamento strategico per la protezione civile\u201d.\u201cMa quello che affascina di pi\u00f9 della proposta dolomitica sono soprattutto la sostenibilit\u00e0 ambientale, economica e sociale \u2013 prosegue l\u2019Assessore all\u2019Ambiente del Veneto &#8211; perch\u00e9 si parte dalla valorizzazione di strutture per lo pi\u00f9 esistenti ma in perfetta efficienza, come quelle che ospiteranno i mondiali del 2021 e che, quindi, porterebbero a delle grosse economie di scala anche dal punto di vista della spesa\u201d.\u201cPer chi vive la montagna trecentosessantacinque giorni l\u2019anno sarebbe inoltre una grande opportunit\u00e0 di sviluppo dopo anni difficili, con un rilancio dell\u2019economia turistica e sportiva come fondamentale risorsa di sopravvivenza del territorio- conclude Bottacin &#8211; una candidatura che non ha punti di debolezza, sostenuta da un territorio intero, oltre che essere l\u2019unica che rappresenta la vera montagna, Patrimonio dell&#8217;Umanit\u00e0 Unesco\u201d.<\/p>\n<p>&nbsp;<\/p>\n<p>&nbsp;<\/p>\n<p>&nbsp;<\/p>\n<blockquote>\n<h1><\/h1>\n<h1><\/h1>\n<h1><\/h1>\n<h1><\/h1>\n<h1><\/h1>\n<h1>CONFINDUSTRIA BELLUNO DOLOMITI, CONFINDUSTRIA TRENTO, ASSOIMPRENDITORI ALTO ADIGE E CONFINDUSTRIA VENETO STANNO CON CORTINA 2026<\/h1>\n<\/blockquote>\n<p><strong><img loading=\"lazy\" decoding=\"async\" class=\"size-medium wp-image-12471 alignleft\" src=\"http:\/\/www.radiopiu.net\/wordpress\/wp-content\/uploads\/2015\/10\/Confindustria_BL-300x80.gif\" alt=\"\" width=\"300\" height=\"80\" \/>BELLUNO<\/strong> Confindustria Belluno Dolomiti, Confindustria Trento, Assoimprenditori Alto Adige e Confindustria Veneto sostengono la candidatura di Cortina d&#8217;Ampezzo e delle Dolomiti a ospitare le Olimpiadi Invernali del 2026. La scelta di individuare non un&#8217;area metropolitana bens\u00ec un territorio montano, storicamente votato al turismo e agli sport invernali, \u00e8 un messaggio politico forte di attenzione verso le &#8220;Terre Alte&#8221;, che vanno riportate al centro delle politiche di sviluppo dell&#8217;Italia e dell&#8217;Europa. Importante, poi, la scelta strategica di puntare sulla sostenibilit\u00e0 economica, ambientale e sociale per dimostrare come sia concretamente possibile conciliare standard organizzativi elevati con la delicata unicit\u00e0 di un territorio appartenente alla lista dei patrimoni dell\u2019umanit\u00e0 dell\u2019Unesco.<br \/>\nL\u2019assegnazione dei Giochi Olimpici a Cortina sarebbe volano non solo per le Dolomiti, ma per l&#8217;intera area alpina, sia nel turismo che nel manifatturiero &#8211; comparto che ancora riveste un ruolo fondamentale per la crescita economica e sociale di questi territori &#8211; in coerenza con le politiche europee di sviluppo e recupero economico e sociale del territorio montano. \u00abDopo i Campionati del mondo del 2021 &#8211; commenta il Presidente di Confindustria Belluno Dolomiti Luca Barbini &#8211; questa sarebbe un&#8217;occasione ancora pi\u00f9 prestigiosa \u00e8 rilevante non solo per presentare al mondo le nostre bellissime montagna, ma anche e soprattutto per attirare nuovi investimenti sul territorio, a vantaggio della sua competitivit\u00e0 e, quindi, di quella delle aziende che qui operano. L&#8217;auspicio \u00e8 che chi \u00e8 chiamato a decidere tenga conto del fattore montagna, elemento distintivo della candidatura di Cortina e delle Dolomiti, dimostrando cos\u00ec la dovuta attenzione verso tutte le terre alte del nostro Paese, che non da oggi chiedono di essere al centro dell&#8217;agenda politica nazionale ed europea. Su questo tema il nostro sistema \u00e8 peraltro impegnato con la rete &#8220;Confindustria per la Montagna&#8221;, un&#8217;iniziativa nata a Belluno ma che sta riscontrando un consenso diffuso a livello nazionale, non solo all&#8217;interno della nostra Associazione, come confermato anche durante il positivo incontro con il Ministro Erika Stefani\u00bb.<\/p>\n<p>&nbsp;<\/p>\n<p>&nbsp;<\/p>\n<p>&nbsp;<\/p>\n<blockquote>\n<h1>DA VIVAIO DOLOMITI<\/h1>\n<\/blockquote>\n<p>Comunicato sulla notizia dello spostamento dei confini della Marmolada, uscita\u00a0 ieri sul Tgr Veneto e Trentino.<\/p>\n<p><em><img loading=\"lazy\" decoding=\"async\" class=\" wp-image-46032 alignleft\" src=\"http:\/\/www.radiopiu.net\/wordpress\/wp-content\/uploads\/2018\/04\/Marmolada-ridotta-300x169.jpg\" alt=\"\" width=\"233\" height=\"131\" srcset=\"https:\/\/www.radiopiu.net\/wordpress\/wp-content\/uploads\/2018\/04\/Marmolada-ridotta-300x169.jpg 300w, https:\/\/www.radiopiu.net\/wordpress\/wp-content\/uploads\/2018\/04\/Marmolada-ridotta-768x432.jpg 768w, https:\/\/www.radiopiu.net\/wordpress\/wp-content\/uploads\/2018\/04\/Marmolada-ridotta-1024x576.jpg 1024w, https:\/\/www.radiopiu.net\/wordpress\/wp-content\/uploads\/2018\/04\/Marmolada-ridotta.jpg 1239w\" sizes=\"auto, (max-width: 233px) 100vw, 233px\" \/>&#8220;Restiamo allibiti di fronte al servizio trasmesso dal Tgr Rai Trentino sullo spostamento dei confini della Marmolada. La nostra provincia non pu\u00f2 continuare a perdere pezzi: abbiamo gi\u00e0 perso Sappada, ora la Marmolada! Facciamo un appello a tutte le istituzioni, al governatore del Veneto Zaia e al presidente della Provincia Padrin in primis, affinch\u00e9 prendano in mano la situazione per capire come sia potuta succedere una cosa del genere e per far rispettare i confini e la dignit\u00e0 della Provincia di Belluno e dell&#8217;intero popolo veneto. E&#8217; ora di finirla: siamo pronti a scendere in piazza per difendere la nostra provincia&#8221;. <\/em><\/p>\n<p><strong>LINK ALLA NOTIZIA TRASMESSA GIOVED\u00ec 5 LUGLIO<\/strong><br \/>\n<a href=\"https:\/\/www.rainews.it\/tgr\/veneto\/articoli\/2018\/07\/ven-Marmolada-riconsegnata-al-Trentino-decisione-storica-fine-disputa-di-40-anni-con-Veneto-a9a510e1-2bbc-4c84-bb00-d9817ec17109.html\">CLICCA QUI LINK 1<\/a>\u00a0 \u00a0 \u00a0 \u00a0 \u00a0 \u00a0 \u00a0 \u00a0 \u00a0 \u00a0 \u00a0 \u00a0 \u00a0 \u00a0 <a href=\"https:\/\/www.facebook.com\/TgrRaiTrentino\/videos\/1384882674989781\/\">CLICCA QUI LINK 2<\/a><\/p>\n<p>&nbsp;<\/p>\n<p><img loading=\"lazy\" decoding=\"async\" class=\"aligncenter size-medium wp-image-53239\" src=\"http:\/\/www.radiopiu.net\/wordpress\/wp-content\/uploads\/2018\/07\/Marmolada-300x216.jpg\" alt=\"\" width=\"300\" height=\"216\" srcset=\"https:\/\/www.radiopiu.net\/wordpress\/wp-content\/uploads\/2018\/07\/Marmolada-300x216.jpg 300w, https:\/\/www.radiopiu.net\/wordpress\/wp-content\/uploads\/2018\/07\/Marmolada-768x553.jpg 768w, https:\/\/www.radiopiu.net\/wordpress\/wp-content\/uploads\/2018\/07\/Marmolada.jpg 960w\" sizes=\"auto, (max-width: 300px) 100vw, 300px\" \/><\/p>\n<p>&nbsp;<\/p>\n<p>&nbsp;<\/p>\n<p>&nbsp;<\/p>\n<p>&nbsp;<\/p>\n<blockquote>\n<h1>AGGIORNAMENTI VIA WHATSAPP E NUOVA BACHECA FACEBOOK IL VOLONTARIATO SEMPRE PI\u00d9 PROTAGONISTA<\/h1>\n<\/blockquote>\n<p><strong><em>L&#8217;ufficio stampa ha avviato in via sperimentale due nuovi servizi<\/em> per far fronte alle crescenti richieste delle associazioni bellunesi<\/strong><br \/>\n<strong><img loading=\"lazy\" decoding=\"async\" class=\"size-medium wp-image-46393 alignleft\" src=\"http:\/\/www.radiopiu.net\/wordpress\/wp-content\/uploads\/2018\/04\/Csv_2017-300x172.png\" alt=\"\" width=\"300\" height=\"172\" srcset=\"https:\/\/www.radiopiu.net\/wordpress\/wp-content\/uploads\/2018\/04\/Csv_2017-300x172.png 300w, https:\/\/www.radiopiu.net\/wordpress\/wp-content\/uploads\/2018\/04\/Csv_2017-768x441.png 768w, https:\/\/www.radiopiu.net\/wordpress\/wp-content\/uploads\/2018\/04\/Csv_2017-1024x588.png 1024w, https:\/\/www.radiopiu.net\/wordpress\/wp-content\/uploads\/2018\/04\/Csv_2017.png 1599w\" sizes=\"auto, (max-width: 300px) 100vw, 300px\" \/>BELLUNO<\/strong> L&#8217;ufficio stampa del Csv di Belluno ha aperto in via sperimentale due nuovi servizi di comunicazione digitale: una nuova pagina Facebook dedicata interamente al volontariato bellunese e una lista broadcast via Whatsapp che permette di ricevere comodamente sul proprio smartphone i principali aggiornamenti sul volontariato, locale e nazionale. La &#8220;Bacheca del Volontariato bellunese&#8221; sar\u00e0 gestita sulla base di segnalazioni, ricerche e rinvenimenti di notizie nella navigazione online. Nel nuovo canale verranno pubblicati post sulle associazioni, condivisi gli eventi Facebook, raccolte le sollecitazioni e le richieste (nuovi volontari, ausili, donazioni&#8230;). Tramite Whatsapp verranno inviati messaggi diretti (senza quindi creare gruppi che rischiano di diventare disturbanti) relativi a iniziative del Csv e del Comitato d&#8217;Intesa, come le proposte di scambio europeo, i corsi, le scadenze, i bandi, insomma tutto quel che pu\u00f2 rafforzare l&#8217;attivit\u00e0 di un&#8217;associazione. Per essere iscritti alla lista broadcast del Csv \u00e8 sufficiente inviare un messaggio al numero 3892619754 (dell&#8217;Ufficio stampa Csv) con scritto \u201cCSV ON\u201d. Qualora si volesse invece essere rimossi, baster\u00e0 scrivere \u201cCSV OFF\u201d. L&#8217;idea \u00e8 nata per far fronte alle richieste sempre pi\u00f9 numerose delle associazioni di avere maggiore spazio e visibilit\u00e0, non soltanto sulla carta stampata o in tv. Da qui la scelta di aprire uno spazio riservato e dedicatissimo dove parlare &#8211; e far parlare &#8211; di volontariato, un&#8217;eccellenza assoluta della nostra provincia. Per qualsiasi segnalazione, suggerimento o proposta \u00e8 possibile interagire direttamente con la pagina attraverso messaggi diretti, oppure scrivere a Francesca Valente a ufficiostampa@csvbelluno.it.<\/p>\n<blockquote>\n<h1>LA NUOVA PRIVACY SPIEGATA ALLE ASSOCIAZIONI<\/h1>\n<\/blockquote>\n<p><strong><em>Secondo corso di aggiornamento il 21 luglio in sala Ocri a Feltre<\/em><\/strong><\/p>\n<p><strong><img loading=\"lazy\" decoding=\"async\" class=\"size-full wp-image-24463 alignleft\" src=\"http:\/\/www.radiopiu.net\/wordpress\/wp-content\/uploads\/2016\/10\/CsvInforma.jpg\" alt=\"\" width=\"200\" height=\"143\" \/>FELTRE<\/strong>. Sabato 21 luglio dalle 9.30 alle 12 in sala Ocri a Feltre si tiene il secondo incontro organizzato dal Csv di Belluno per approfondire il nuovo Regolamento sulla protezione dei dati personali (GDPR). Condotto dalla docente Cinzia Cassiadoro, \u00e8 rivolto in particolare ai rappresentanti delle associazioni di volontariato, visto che il focus saranno proprio i cambiamenti legati alle loro attivit\u00e0. Si parler\u00e0 di cenni normativi e contesto (dalla Direttiva europea ai nuovi contenuti, i principi base, le definizioni, i soggetti coinvolti, il data protection officer, i diritti dell&#8217;interessato), degli adempimenti (informativa, consenso, formazione continua, registro delle attivit\u00e0 di trattamento, data breach, valutazione dell&#8217;impatto, consultazione preventiva), della vecchia normativa (videosorveglianza, gelocalizzazione, lavoro dipendente, telemarketing, profilazione, amministrazione di sistema, cookies), infine di regime sanzionatorio. Le iscrizioni sono aperte fino al 19 luglio a info@csvbelluno.it o 0437950374 (\u00e8 sufficiente indicare nome, cognome e associazione di appartenenza). Il corso \u00e8 gratuito: alle associazioni partecipanti verr\u00e0 inviato successivamente l&#8217;attestato di partecipazione, valido come certificazione dell&#8217;avvenuto aggiornamento, che con la nuova normativa diventa obbligatorio.<\/p>\n<p>&nbsp;<\/p>\n<p>&nbsp;<\/p>\n<p>&nbsp;<\/p>\n<blockquote>\n<h1><\/h1>\n<h1><\/h1>\n<h1>MUSICA ED EMOZIONI AD ALTA QUOTA: SABATO 14 LUGLIO &#8220;L&#8217;ALBA DELLE DOLOMITI&#8221; IN CIMA AL COL MARGHERITA<\/h1>\n<\/blockquote>\n<p><strong><img loading=\"lazy\" decoding=\"async\" class=\"size-medium wp-image-53185 alignleft\" src=\"http:\/\/www.radiopiu.net\/wordpress\/wp-content\/uploads\/2018\/07\/PELLEGRINO-300x225.png\" alt=\"\" width=\"300\" height=\"225\" srcset=\"https:\/\/www.radiopiu.net\/wordpress\/wp-content\/uploads\/2018\/07\/PELLEGRINO-300x225.png 300w, https:\/\/www.radiopiu.net\/wordpress\/wp-content\/uploads\/2018\/07\/PELLEGRINO.png 750w\" sizes=\"auto, (max-width: 300px) 100vw, 300px\" \/>FALCADE SAN PELLEGRINO<\/strong> Quando la musica risuona nel silenzio della montagna mentre il sole sorge e il buio della notte lascia spazio alla luce del giorno, ogni melodia diventa ancora pi\u00f9 speciale. Chi ha avuto la fortuna di partecipare ad un&#8217; Alba delle Dolomiti sul Col Margherita ricorda ogni attimo: la salita in funivia insieme agli artisti, la breve passeggiata per raggiungere il luogo del concerto, l&#8217;aria frizzante del mattino, i primi raggi del sole che illuminano le cime dolomitiche e la straordinaria sensazione di totale armonia con la natura circostante. Un appuntamento davvero imperdibile per chi ama la musica d&#8217;autore e le magiche atmosfere d&#8217;alta quota.<br \/>\nL&#8217;edizione 2018 dell&#8217;Alba delle Dolomiti, anche quest&#8217;anno appuntamento clou della rassegna I Suoni delle Dolomiti, giunta alla sua della 24\u00b0 edizione, avr\u00e0 luogo sabato 14 luglio alle ore 6:00 sempre nella spettacolare cornice naturale del Col Margherita (2514 m), con le voci dell\u2019Ensemble Burnogual\u00e0 che sotto la guida della cantante e compositrice Maria Pia Devito affronteranno in chiave jazzistica le \u201cMoresche\u201d di Orlando di Lasso \u2013 cicli carnevaleschi, parodie, danze \u2013 portando il pubblico in storie di schiavi e liberti, tra suoni di mondi lontani, imitazioni di strumenti e versi di animali. Dal Passo San Pellegrino si potr\u00e0 salire facilmente in quota con la funivia aperta per l\u2019occasione dalle ore 3:30 alle 6 e i biglietti, in vendita a soli \u20ac 9,00 A\/R, potranno essere acquistati da mercoled\u00ec 11 luglio presso la cassa dell\u2019impianto e gli Uffici Turistici di Moena. In caso di brutto tempo l&#8217;evento avr\u00e0 luogo alle ore 11:00 al Teatro Navalge di Moena.<\/p>\n<p><strong>AI MICROFONI DI RADIO PIU&#8217;, IL RESPONSABILE MARKETING AREA SAN PELLEGRINO FALCADE, RENZO MINELLA<\/strong><\/p>\n<audio class=\"wp-audio-shortcode\" id=\"audio-53178-5\" preload=\"none\" style=\"width: 100%;\" controls=\"controls\"><source type=\"audio\/mpeg\" src=\"http:\/\/www.radiopiu.net\/wordpress\/wp-content\/uploads\/2018\/07\/RENZO-MINELLA.mp3?_=5\" \/><a href=\"http:\/\/www.radiopiu.net\/wordpress\/wp-content\/uploads\/2018\/07\/RENZO-MINELLA.mp3\">http:\/\/www.radiopiu.net\/wordpress\/wp-content\/uploads\/2018\/07\/RENZO-MINELLA.mp3<\/a><\/audio>\n<p>&nbsp;<\/p>\n<p>&nbsp;<\/p>\n<p>&nbsp;<\/p>\n<p>&nbsp;<\/p>\n<blockquote>\n<h1><strong>A SOTTOGUDA LE RIPRESE DELLA SERIE TELEVISIVA TEDESCA \u201cDER BOZEN KRIMI\u201d<\/strong><\/h1>\n<\/blockquote>\n<p><img loading=\"lazy\" decoding=\"async\" class=\"size-medium wp-image-53174 alignleft\" src=\"http:\/\/www.radiopiu.net\/wordpress\/wp-content\/uploads\/2018\/07\/set-Sottoguda-300x225.png\" alt=\"\" width=\"300\" height=\"225\" srcset=\"https:\/\/www.radiopiu.net\/wordpress\/wp-content\/uploads\/2018\/07\/set-Sottoguda-300x225.png 300w, https:\/\/www.radiopiu.net\/wordpress\/wp-content\/uploads\/2018\/07\/set-Sottoguda.png 750w\" sizes=\"auto, (max-width: 300px) 100vw, 300px\" \/><strong>\u00a0SOTTOGUDA\u00a0<\/strong> Ciak si gira a Sottoguda! Mercoled\u00ec\u00a0 il piccolo paesino situato ai piedi della Marmolada \u00e8 stato trasformato in un set cinematografico per girare una puntata della serie tv tedesca \u201cDer Bozen Krimi\u201d che va in onda sul primo canale tedesco ARD1 con oltre 6 milioni di telespettatori. La serie \u00e8 totalmente ambientata in Italia ma si tratta della prima volta che regia e produzione decidono di portare il set tra i magnifici scenari delle Dolomiti Bellunesi. Sottoguda, che da novembre 2016 fa parte dell\u2019elite dei Borghi pi\u00f9 belli d&#8217;Italia, \u00e8 stata scelta per le caratteristiche autentiche e ancora intatte del suo centro storico, le\u00a0 piccole stradine, l\u2019architettura tipica dei tabi\u00e0, i fienili in legno un tempo usati dai contadini per il deposito del fieno e il ricovero del bestiame e degli attrezzi agricoli, nonch\u00e9 per la bellezza del paesaggio dominato dalla Marmolada, Regina delle Dolomiti. &#8221;<\/p>\n<blockquote><p><em>Il nostro Borgo &#8211; commenta il Sindaco di Rocca Pietore Andrea De\u00a0 Bernardin &#8211; ha un patrimonio storico e naturalistico che ben si presta quale scenario per riprese cinematografiche e televisive&#8221;.<\/em><em>&#8220;Ospitare produzioni internazionali &#8211; prosegue De Bernardin &#8211; rappresenta una grande opportunit\u00e0 per la promozione turistica e per la crescita dell&#8217;economica locale&#8221;.<\/em><\/p><\/blockquote>\n<p>Per effettuare le riprese la troupe non si \u00e8 fermata a Sottoguda: alcune\u00a0 scene, infatti, mostreranno anche i prati e le baite di localit\u00e0 Cian de Lobia, appena sotto il Passo Fedaia, e la salita con la funivia Marmolada Move To The Top fino alla terrazza di Punta Rocca (3265 m), da cui si pu\u00f2 godere una bellissima vista panoramica a 360\u00b0 sulle Dolomiti, Patrimonio Naturale Unesco.<\/p>\n<p><strong>AI MICROFONI DI RADIO PIU, IL SINDACO DI ROCCA PIETORE ANDREA DE BERNARDIN<\/strong><\/p>\n<audio class=\"wp-audio-shortcode\" id=\"audio-53178-6\" preload=\"none\" style=\"width: 100%;\" controls=\"controls\"><source type=\"audio\/mpeg\" src=\"http:\/\/www.radiopiu.net\/wordpress\/wp-content\/uploads\/2018\/07\/ANDREA-DE-BERNARDIN.mp3?_=6\" \/><a href=\"http:\/\/www.radiopiu.net\/wordpress\/wp-content\/uploads\/2018\/07\/ANDREA-DE-BERNARDIN.mp3\">http:\/\/www.radiopiu.net\/wordpress\/wp-content\/uploads\/2018\/07\/ANDREA-DE-BERNARDIN.mp3<\/a><\/audio>\n<p>&nbsp;<\/p>\n<p>&nbsp;<\/p>\n<p>&nbsp;<\/p>\n<blockquote>\n<h1>IN TERRA FODOM IL GIOCO DOLOMITIZATION<\/h1>\n<\/blockquote>\n<p><strong><img loading=\"lazy\" decoding=\"async\" class=\"size-medium wp-image-53186 alignleft\" src=\"http:\/\/www.radiopiu.net\/wordpress\/wp-content\/uploads\/2018\/07\/sommer-300x60.jpg\" alt=\"\" width=\"300\" height=\"60\" srcset=\"https:\/\/www.radiopiu.net\/wordpress\/wp-content\/uploads\/2018\/07\/sommer-300x60.jpg 300w, https:\/\/www.radiopiu.net\/wordpress\/wp-content\/uploads\/2018\/07\/sommer.jpg 600w\" sizes=\"auto, (max-width: 300px) 100vw, 300px\" \/>LIVINALLONGO<\/strong> Grazie alla collaborazione tra Arabba Fodom Turismo, Comune di Livinallongo del Col di Lana (BL) e Fondazione Dolomiti UNESCO, da pochi giorni \u00e8 possibile utilizzare nell&#8217;ufficio Turistico di Arabba il gioco interattivo Dolomitization, realizzato su incarico della Fondazione Dolomiti UNESCO da Dolomiti Project, Royal 360 e HDDS Vision con finalit\u00e0 didattico educative e promozionali. Attraverso una serie di foto panoramiche, quiz e approfondimenti in italiano, inglese o tedesco, vengono infatti raccontate le Dolomiti dal punto di vista scientifico, naturalistico e storico. Accedendo a Dolomitization ci si immerge negli scenari mozzafiato delle Dolomiti Patrimonio mondiale. Navigando poi tra le foto panoramiche si possono scoprire curiosit\u00e0 della storia e del paesaggio delle Dolomiti. Tra ghiacciai e dinosauri, isole antichissime, storie di roccia, le Dolomiti non sono mai state cos\u00ec interessanti\u2026 e interattive. Ciascun utente si potr\u00e0 infatti costruire il proprio percorso di conservatore, geologo, esploratore o paesaggista, lasciandosi attirare dagli indizi disseminati tra crode, pascoli e laghetti. Le foto panoramiche emisferiche (anche notturne) lasciano davvero a bocca aperta, e il sottofondo di musiche o suoni ambientali contribuisce alla fascinazione di questo divertente strumento di comunicazione multimediale. Ulteriori infomazioni ufficio turistico di Arabba in centro in Via Mesd\u00ec, info@arabba.it &#8211; www.arabba.it.<\/p>\n<p>&nbsp;<\/p>\n<p>&nbsp;<\/p>\n<p>&nbsp;<\/p>\n<p>&nbsp;<\/p>\n<blockquote>\n<h1>DA LONGARONE A COLLE SANTA LUCIA, GLI ESERCIZI SPIRITUALI<\/h1>\n<\/blockquote>\n<p><strong><img loading=\"lazy\" decoding=\"async\" class=\"size-medium wp-image-53188 alignleft\" src=\"http:\/\/www.radiopiu.net\/wordpress\/wp-content\/uploads\/2018\/07\/stock-photo-portrait-of-handsome-young-catholic-priest-reading-the-prayer-book-against-church-background-1031452126-300x212.jpg\" alt=\"\" width=\"300\" height=\"212\" srcset=\"https:\/\/www.radiopiu.net\/wordpress\/wp-content\/uploads\/2018\/07\/stock-photo-portrait-of-handsome-young-catholic-priest-reading-the-prayer-book-against-church-background-1031452126-300x212.jpg 300w, https:\/\/www.radiopiu.net\/wordpress\/wp-content\/uploads\/2018\/07\/stock-photo-portrait-of-handsome-young-catholic-priest-reading-the-prayer-book-against-church-background-1031452126.jpg 450w\" sizes=\"auto, (max-width: 300px) 100vw, 300px\" \/>BELLUNO<\/strong> Quest\u2019anno si terr\u00e0 l\u2019undicesima edizione degli Esercizi spirituali comunitari itineranti (Esci) sul Cammino delle Dolomiti, organizzata a cura della consolidata \u00e9quipe diocesana che promuove questa iniziativa. Verr\u00e0 percorsa la digressione del Cammino delle Dolomiti che attraversa la val di Zoldo e la val Fiorentina, con arrivo finale a Colle Santa Lucia. Il ritrovo dei partecipanti \u00e8 programmato venerd\u00ec 24 agosto alle 8 presso la chiesa parrocchiale di Longarone, dove sar\u00e0 celebrata la Santa Messa d\u2019apertura. Nelle giornata di sabato 25 si camminer\u00e0 a lungo, fra paesaggi da contemplare: si salir\u00e0 al Col de Sal\u00e8ra, scendendo poi al Mas de Sabe e arrivando a forcella Staulanza per poi scendere a Santa Fosca per il pernottamento presso la Casa alpina salesiana. Domenica 26, con zaino in spalla, si partir\u00e0 dalla chiesa di Santa Fosca per le frazioni sino a Selva di Cadore, dove \u00e8 prevista una visita guidata al museo \u00abVittorino Cazzetta\u00bb e una successiva sosta alla chiesa di San Lorenzo. Meta finale, Colle Santa Lucia, dove \u00e8 prevista la celebrazione della Santa Messa, presieduta dal vescovo Renato Marangoni. Le iscrizioni resteranno aperte da questa settimana fino a venerd\u00ec 17 agosto presso la sede della nuova Agenzia Plavis di Belluno.<\/p>\n<p>&nbsp;<\/p>\n<p>&nbsp;<\/p>\n<p>&nbsp;<\/p>\n<p>&nbsp;<\/p>\n<h1><\/h1>\n<h1 style=\"text-align: center;\">VIABILITA&#8217;<\/h1>\n<p><span style=\"color: #ff0000;\">DALLE 7.30 DI LUNEDI AL 13 LUGLIO LUNGO LA REGIONALE 203 AGORDINA AL PERON DI SEDICO SENSO UNICO ALTERNATO CON MOVIERI O SEMAFORO PER LAVORI DI RIPRISTINO DEL MURO<\/span><\/p>\n<p><img loading=\"lazy\" decoding=\"async\" class=\"size-medium wp-image-53189 alignleft\" src=\"http:\/\/www.radiopiu.net\/wordpress\/wp-content\/uploads\/2018\/07\/stock-vector-road-infographic-with-colorful-pin-pointer-vector-illustration-265322300-300x230.jpg\" alt=\"\" width=\"300\" height=\"230\" srcset=\"https:\/\/www.radiopiu.net\/wordpress\/wp-content\/uploads\/2018\/07\/stock-vector-road-infographic-with-colorful-pin-pointer-vector-illustration-265322300-300x230.jpg 300w, https:\/\/www.radiopiu.net\/wordpress\/wp-content\/uploads\/2018\/07\/stock-vector-road-infographic-with-colorful-pin-pointer-vector-illustration-265322300.jpg 450w\" sizes=\"auto, (max-width: 300px) 100vw, 300px\" \/>La strada esterna alla galleria delle anime in Comune di Cencenighe \u00e8 interdetta al traffico per un tratto di oltre un chilometro.<br \/>\nDAL 9 LUGLIO ALL&#8217;11 LUGLIO SABATO E DOMENICA COMPRESI IN COMUNE DI ZOPPE&#8217; DI CADORE (PROVINCIALE 7 PER ZOPPE&#8217;) INTERRUZIONI TOTALI AL TRAFFICO IN ENTRAMBI I SENSI DI MARCIA, DALLE 7.30 ALLE 9.45; DALLE 10 ALLE 12.15, DALLE 13.30 ALLE 15.15; DALLE 15.30 ALLE 17.30<\/p>\n<p>FINO A revoca senso unico con impianto semaforico sulla SP8 per San Tomaso anche sabato e domenica<br \/>\nFINO al 16 luglio senso unico alternato e brevi interruzioni al traffico sulla provinciale 347 del Duran e Cereda alla fine dell&#8217;abitato di Forno di Zoldo per lavori sul versante.<br \/>\nFINO al 17 luglio (domenica esclusa) senso unico e brevi interruzioni alla viabiolit\u00e0 (massimo 10 minuti) a Valle di Cadore lungo la 347 del Duran e Cereda.<br \/>\nFINO al 3 agosto lungo la 251 della Val di Zoldo e Cellina senso unico alternato in localit\u00e0 Fusine per la messa in sicurezza del piano viabile.<br \/>\nFINO al 3 agosto senso unico alternato regolato da semaforo lungo la provinciale 24 della Valparola in Comune di Livinallongo del Col di Lana compresi festivi e prefestivi anche infrasettimanali per consolidamento del corpo stradale.<\/p>\n<p>&nbsp;<\/p>\n<p>&nbsp;<\/p>\n<p>&nbsp;<\/p>\n<p>&nbsp;<\/p>\n<blockquote>\n<h1><\/h1>\n<h1>GLI APPUNTAMENTI CONSIGLIATI DA RADIO PIU<\/h1>\n<\/blockquote>\n<p><strong><img loading=\"lazy\" decoding=\"async\" class=\"size-medium wp-image-53190 alignleft\" src=\"http:\/\/www.radiopiu.net\/wordpress\/wp-content\/uploads\/2018\/07\/audience-945449_960_720-300x200.jpg\" alt=\"\" width=\"300\" height=\"200\" srcset=\"https:\/\/www.radiopiu.net\/wordpress\/wp-content\/uploads\/2018\/07\/audience-945449_960_720-300x200.jpg 300w, https:\/\/www.radiopiu.net\/wordpress\/wp-content\/uploads\/2018\/07\/audience-945449_960_720-768x512.jpg 768w, https:\/\/www.radiopiu.net\/wordpress\/wp-content\/uploads\/2018\/07\/audience-945449_960_720.jpg 960w\" sizes=\"auto, (max-width: 300px) 100vw, 300px\" \/>CANALE D&#8217;AGORDO.<\/strong> Questa sera alle 20.30 in sala Emigranti di via Lotta serata di divulgazione scientifica con il dottor Domenico Mercurio, medico chirurgo specializzato in angiologia. &#8220;Terapia microcircolatoria del dolore, una cura efficace nel trattamento del dolore senza l&#8217;uso di farmaci&#8221;. Incontro aperto a tutti.<\/p>\n<p><strong>SAN GREGORIO NELLE ALPI<\/strong> Il Gruppo Alpini Gen. Nasci di San Gregorio nelle Alpi organizza per domenica 8 luglio 2018 la tradizionale Festa di San Felice nei pressi dell\u2019omonima chiesetta, con inizio alle ore 9.00. Alle 11.00 ci sar\u00e0 la cerimonia dell\u2019alzabandiera e alle 11.15 la celebrazione della S. Messa. Dopo il pranzo, il pomeriggio sar\u00e0 allietato da giochi, lotteria e l\u2019elezione di Miss San Felice e Mister Figo.<\/p>\n<p><strong>TAIBON<\/strong> Domenica alle 17 in Valle di San Lucano al laghetto delle Peschiere concerto dei \u201cRIO TER\u00c0\u201d. La Manteca veneziana: un \u201ccalderon\u201d di folk, reggae, rock, swing, world music e blues. Con passeggiata musicale intorno al laghetto a partire dalle 16.45, in caso di maltempo nella pPalestra delle scuole elementari sempre alle 17<\/p>\n<p><strong>SAN TOMASO<\/strong> In occasione della Festa di San Tomaso la parrocchia ha organizzato per domenica 8 luglio messa in onore del patrono San Tomaso apostolo con la partecipazione del Coro Parrocchiale del paese.<\/p>\n<p><strong>SOSPIROLO<\/strong> Camminare, scoprire e conoscere il tuo territorio \u00e8 l&#8217;ultima iniziativa del consorzio proloco Pedementane Val Belluna. Iniziata lo scorso 30 giugno con il cammino alla scoperta dei murales continua con l&#8217;appuntamento di domenica a Sospirolo con c&#8217;era una volta Gena, da Gena bassa a Gena alta. L&#8217;escursione preevde la partenza alle 10 con accompagnatrice Pieranna Casanova, la partecipazione \u00e8 libera e gratuita. Informazioni allo proloco di Sedico, 0437 83666. Nei due fine settimana successivi escursioni a Busche e Soranzen ed a San Gregorio nelle Alpi<\/p>\n<p><strong>SEDICO<\/strong> Domenica alle 18 &#8220;Musica nei Cortivi&#8221; a Villa Pat di Sedico con ingresso libero . Incontro con il maestro Pio Sagrillo e la cornamusa scozzese. PIO SAGRILLO (foto)\u00a0\u00a0Nasce in Gran Bretagna da genitori italiani, al suo ritorno in Italia si diploma al Conservatorio in organo e composizione organistica. Come organista suona nella Comunit\u00e0 Europea, Russia, Australia, Argentina, Uruguay, Brasile collaborando con musicisti quali M. Ferigutti, R. Casale, M. De Sica. Incide alcuni CD con le etichette Colloquia-Polygram, Rainbow Classic e Rivo Alto. Ha iniziato lo studio della cornamusa scozzese presso il National Piping Centre di Glasgow, tra le sue esibizioni da menzionare: l&#8217;inno scozzese in Italia-Scozia per il Torneo della 6 Nazioni allo Stadio Olimpico, la presenza con la Sezione Britannica all&#8217;annuale Adunata Nazionale Alpini, a San Jos\u00e8 do Rio Preto (Brasile) prima assoluta di cornamusa e orchestra archi con la direzione di Claudio Colmanet. Nel 2008 \u00e8 stato insignito del titolo onorifico di Cavaliere al Merito della Repubblica Italiana. Attualmente \u00e8 organista del Duomo di Feltre e direttore del gruppo Corale &#8221; Solo Voci&#8221;<\/p>\n<p><strong>AL PARCO CON MAMMA E PAPA&#8217;<\/strong><br \/>\nA luglio prosegue il programma di escursioni guidate e attivit\u00e0 ludico-didattiche organizzato e finanziato dal Parco Nazionale Dolomiti Bellunesi.<br \/>\nSABATO Alla scoperta del Parco in Val di Zoldo Facili escursioni guidate alle porte del Parco in Val di Zoldo. Ritrovo alle 10 in piazza a Forno di Zoldo<br \/>\nDOMENICA Alla scoperta delle cascate della Val del MisFacile escursione guidata ai Cadini del Brenton in Val del Mis. Ritrovo alle 10 ingresso giardino botanico Campanula morettiana.<br \/>\nDOMENICA Il monte Avena: panorami tra Parco e Valbelluna Facile escursione guidata panoramica da Malga Casere. Ritrovo alle 10 parcheggio Malga Casere dei Boschi (Pedavena)<br \/>\nDOMENICA Scienziati per un giorno in Val Canzoi. Ritrovo alle 10 al CEA La Santina in Val Canzoi.<\/p>\n<p><strong>CAI AGORDO<\/strong><\/p>\n<audio class=\"wp-audio-shortcode\" id=\"audio-53178-7\" preload=\"none\" style=\"width: 100%;\" controls=\"controls\"><source type=\"audio\/mpeg\" src=\"http:\/\/www.radiopiu.net\/wordpress\/wp-content\/uploads\/2018\/07\/gr-05-cai-agordo.mp3?_=7\" \/><a href=\"http:\/\/www.radiopiu.net\/wordpress\/wp-content\/uploads\/2018\/07\/gr-05-cai-agordo.mp3\">http:\/\/www.radiopiu.net\/wordpress\/wp-content\/uploads\/2018\/07\/gr-05-cai-agordo.mp3<\/a><\/audio>\n<p><strong>CAI CAPRILE<\/strong><\/p>\n<audio class=\"wp-audio-shortcode\" id=\"audio-53178-8\" preload=\"none\" style=\"width: 100%;\" controls=\"controls\"><source type=\"audio\/mpeg\" src=\"http:\/\/www.radiopiu.net\/wordpress\/wp-content\/uploads\/2018\/07\/gr-05-cai-caprile.mp3?_=8\" \/><a href=\"http:\/\/www.radiopiu.net\/wordpress\/wp-content\/uploads\/2018\/07\/gr-05-cai-caprile.mp3\">http:\/\/www.radiopiu.net\/wordpress\/wp-content\/uploads\/2018\/07\/gr-05-cai-caprile.mp3<\/a><\/audio>\n<p>&nbsp;<\/p>\n<p>&nbsp;<\/p>\n<p>&nbsp;<\/p>\n<p>&nbsp;<\/p>\n<blockquote>\n<h1><img loading=\"lazy\" decoding=\"async\" class=\"aligncenter wp-image-53225 size-full\" src=\"http:\/\/www.radiopiu.net\/wordpress\/wp-content\/uploads\/2018\/07\/35833501_1589967521113990_4736999179711152128_n.jpg\" alt=\"\" width=\"960\" height=\"406\" srcset=\"https:\/\/www.radiopiu.net\/wordpress\/wp-content\/uploads\/2018\/07\/35833501_1589967521113990_4736999179711152128_n.jpg 960w, https:\/\/www.radiopiu.net\/wordpress\/wp-content\/uploads\/2018\/07\/35833501_1589967521113990_4736999179711152128_n-300x127.jpg 300w, https:\/\/www.radiopiu.net\/wordpress\/wp-content\/uploads\/2018\/07\/35833501_1589967521113990_4736999179711152128_n-768x325.jpg 768w\" sizes=\"auto, (max-width: 960px) 100vw, 960px\" \/><\/h1>\n<h1>\u00a0IN VALLE DI GARES<\/h1>\n<p>Sabato 7 in Val Gar\u00e9s!\u00a0 Dalle 8:30 apertura dell&#8217;info point dove potere trovare le mappe dei vari settori, alcuni consigli utili e per chi desidera comprare il pranzo al sacco o prenotare la cena (ore 19) a base di porchetta,polenta,cappucci rossi brasati ale mele e formaggio. Il programma della giornata prevede il gioco delle casele (dalle 10) il ninja muschio (dalle 15) e lo slagboard (dalle 12) mentre per i bimbi oltre alla possibilit\u00e0 di provare ad arrampicare (con guida alpina Edoardo Valleferro) viene svolto il gioco delle balota con merenda al seguito (dalle 16). La cena verr\u00e0 alietata dai\u00a0<a class=\"profileLink\" href=\"https:\/\/www.facebook.com\/tirataie\/?fref=mentions\" data-hovercard=\"\/ajax\/hovercard\/page.php?id=162709823778137&amp;extragetparams=%7B%22fref%22%3A%22mentions%22%7D\" data-hovercard-prefer-more-content-show=\"1\">I TIRATAIE<\/a>\u00a0mentre per tirare mattina ci saranno jack e\u00a0<a class=\"profileLink\" href=\"https:\/\/www.facebook.com\/jacknlallo?fref=mentions\" data-hovercard=\"\/ajax\/hovercard\/user.php?id=100002928251034&amp;extragetparams=%7B%22fref%22%3A%22mentions%22%7D\" data-hovercard-prefer-more-content-show=\"1\">Jack N Lallo<\/a>. Per info\u00a0 <a href=\"https:\/\/www.facebook.com\/appiglisottoilmuschio\/\">CLICCA QUI\u00a0<\/a><\/p>\n<h1><span style=\"color: #0000ff;\">LO SPECIALE A RADIO PIU<\/span><\/h1>\n<\/blockquote>\n<audio class=\"wp-audio-shortcode\" id=\"audio-53178-9\" preload=\"none\" style=\"width: 100%;\" controls=\"controls\"><source type=\"audio\/mpeg\" src=\"http:\/\/www.radiopiu.net\/wordpress\/wp-content\/uploads\/2018\/07\/Appigli-sotto-al-muschio-2018.mp3?_=9\" \/><a href=\"http:\/\/www.radiopiu.net\/wordpress\/wp-content\/uploads\/2018\/07\/Appigli-sotto-al-muschio-2018.mp3\">http:\/\/www.radiopiu.net\/wordpress\/wp-content\/uploads\/2018\/07\/Appigli-sotto-al-muschio-2018.mp3<\/a><\/audio>\n<blockquote>\n<h1><\/h1>\n<\/blockquote>\n<h1><\/h1>\n<h1 style=\"text-align: center;\">SPORT<\/h1>\n<blockquote>\n<h1>LORENZO BUSIN GRANDE IN VAL DI FIEMME<\/h1>\n<\/blockquote>\n<p>Sabato 30 giugno a Predazzo si \u00e8 svolto il &#8221; Red Bull 400 &#8220;, una corsa in salita sul trampolino del salto. La gara\u00a0 di 400 metri\u00a0 \u00e8 la pi\u00f9 corta e con pi\u00f9 pendenza al mondo di questo genere! Quest anno i concorrenti erano pi\u00f9 di 500, maschile, femminile e staffetta.,\u00a0con atleti di rilievo provenienti da Svizzera, Slovenia, Slovacchia ed ovviamente da tutta Italia.\u00a0 Anche\u00a0 L&#8217;Agordino \u00e8 stato ben rappresentato: LORENZO BUSIN dopo aver concluso la sua batteria al secondo posto, in finale ha migliorato il suo tempo di qualifica e ha concluso la gara al 12^ posto, sesto italiano.<\/p>\n<p>&nbsp;<\/p>\n<p>&nbsp;<\/p>\n<p>&nbsp;<\/p>\n<blockquote>\n<h1 style=\"text-align: center;\">METEO<\/h1>\n<\/blockquote>\n<p><strong>PREVISIONI DEL TEMPO DA OGGI A LUNEDI<\/strong><br \/>\n<strong>Venerdi 6<\/strong><br \/>\nTempo atteso: Tempo un po&#8217; pi\u00f9 soleggiato al mattino, poi attivit\u00e0 cumuliforme un po&#8217; meno intensa rispetto a gioved\u00ec, ma l&#8217;instabilit\u00e0 sar\u00e0 ancora presente con fenomeni sparsi a carattere di rovescio, anche temporalesco. Clima diurno relativamente mite, nonostante l&#8217;instabilit\u00e0.<br \/>\nPrecipitazioni: Probabilit\u00e0 piuttosto bassa al mattino (10\/20%), mentre dalle ore centrali fino al tardo pomeriggio si torner\u00e0 su livelli medi (40\/60%) per nuovi rovesci e occasionali temporali, i fenomeni saranno assai pi\u00f9 sporadici e gli apporti pluviometrici saranno molto variabili.<br \/>\nTemperature: In leggera diminuzione le minime e in lieve ripresa le massime, eccetto sulle cime dolomitiche. Le massime toccheranno i 25\/26\u00b0C nei fondovalle prealpini e i 21\/22\u00b0C a 1000\/1200 m. Su Prealpi a 1500 m min 12\u00b0C max 17\u00b0C, a 2000 m min 10\u00b0C max 14\u00b0C. Su Dolomiti a 2000 m min 9\u00b0C max 14\u00b0C, a 3000 m min 3\u00b0C max 5\u00b0C.<br \/>\nVenti: Nelle valli deboli\/moderati a regime di brezza; in quota da deboli a moderati dai quadranti settentrionali, a 5-10 km\/h a 2000 m, a 10-25 km\/h a 3000 m.<br \/>\n<strong>Sabato 7<\/strong><br \/>\nTempo atteso: Al mattino estese nubi stratiformi medie e medio-alte, ma perlopi\u00f9 senza fenomeni. Con il passare delle ore la copertura nuvolosa tender\u00e0 ad attenuarsi lasciando spazio a rasserenamenti, anche ampi da met\u00e0 pomeriggio in poi. Non esclusa una residua cumulificazione diurna, specie sulle Prealpi. Clima leggermente pi\u00f9 caldo al pomeriggio.<br \/>\nPrecipitazioni: Generalmente assenti (0%), anche se qualche residuo locale piovasco potrebbe prodursi sulle Prealpi (10\/20%).<br \/>\nTemperature: Minime senza notevoli variazioni e massime in leggera ripresa con punte di 25\/26\u00b0C nei fondovalle prealpini e di 22\/23\u00b0C a 1000\/1200 m. Su Prealpi a 1500 m min 12\u00b0C max 18\u00b0C, a 2000 m min 10\u00b0C max 15\u00b0C. Su Dolomiti a 2000 m min 9\u00b0C max 15\u00b0C, a 3000 m min 3\u00b0C max 6\u00b0C.<br \/>\nVenti: Nelle valli deboli\/moderati a regime di brezza; in quota deboli dai quadranti settentrionali, a tratti moderati sulle dorsali prealpine, a 5-15 km\/h sia a 2000 m e 3000 m.<br \/>\n<strong>Domenica 8<\/strong><br \/>\nTempo in prevalenza soleggiato con aria tersa ed ottima visibilit\u00e0. Non escluso il passaggio di velature nelle ore centrali del giorno e qualche cumulo durante le ore pi\u00f9 calde, pi\u00f9 presente sulle Prealpi. Temperature minime in diminuzione e massime in netta ripresa con forte escursione termica nelle valli. Venti deboli da Nord-Est in quota e brezze nelle valli.<br \/>\n<strong>Lunedi 9<\/strong><br \/>\nTempo in prevalenza soleggiato con aria tersa ed ottima visibilit\u00e0. Modesta presenza di qualche cumulo durante le ore pi\u00f9 calde. Temperature in aumento specie le massime con clima prettamente estivo. Venti deboli da Nord-Est in quota e brezze nelle valli. Previsore: R.L.Th.<\/p>\n","protected":false},"excerpt":{"rendered":"<p>Strada chiusa del 03\/07\/2018 alle 17:26 SS 346 del Passo San Pellegrino Dir.\u00a0svincoli SS 48 km 46.856 In localit\u00e0\u00a0Moena Strada chiusa causa smottamenti CADE E MUORE UN CICLISTA AD AURONZO AURONZO Drammatico incidente nel pomeriggio di ieri\u00a0 sulla strada delle Dolomiti in Comune di Auronzo, muore un ciclista di nazionalit\u00e0 straniera Roman Kubin,\u00a0 60 anni&hellip;<\/p>\n","protected":false},"author":1,"featured_media":53193,"comment_status":"closed","ping_status":"closed","sticky":false,"template":"","format":"standard","meta":{"_monsterinsights_skip_tracking":false,"_monsterinsights_sitenote_active":false,"_monsterinsights_sitenote_note":"","_monsterinsights_sitenote_category":0,"footnotes":""},"categories":[2,49],"tags":[],"class_list":["post-53178","post","type-post","status-publish","format-standard","has-post-thumbnail","hentry","category-news","category-news-18","category-2","category-49","description-off"],"img_url":"https:\/\/www.radiopiu.net\/wordpress\/wp-content\/uploads\/2018\/07\/WhatsApp-Image-2018-07-05-at-18.28.39.jpeg","_links":{"self":[{"href":"https:\/\/www.radiopiu.net\/wordpress\/wp-json\/wp\/v2\/posts\/53178","targetHints":{"allow":["GET"]}}],"collection":[{"href":"https:\/\/www.radiopiu.net\/wordpress\/wp-json\/wp\/v2\/posts"}],"about":[{"href":"https:\/\/www.radiopiu.net\/wordpress\/wp-json\/wp\/v2\/types\/post"}],"author":[{"embeddable":true,"href":"https:\/\/www.radiopiu.net\/wordpress\/wp-json\/wp\/v2\/users\/1"}],"replies":[{"embeddable":true,"href":"https:\/\/www.radiopiu.net\/wordpress\/wp-json\/wp\/v2\/comments?post=53178"}],"version-history":[{"count":0,"href":"https:\/\/www.radiopiu.net\/wordpress\/wp-json\/wp\/v2\/posts\/53178\/revisions"}],"wp:featuredmedia":[{"embeddable":true,"href":"https:\/\/www.radiopiu.net\/wordpress\/wp-json\/wp\/v2\/media\/53193"}],"wp:attachment":[{"href":"https:\/\/www.radiopiu.net\/wordpress\/wp-json\/wp\/v2\/media?parent=53178"}],"wp:term":[{"taxonomy":"category","embeddable":true,"href":"https:\/\/www.radiopiu.net\/wordpress\/wp-json\/wp\/v2\/categories?post=53178"},{"taxonomy":"post_tag","embeddable":true,"href":"https:\/\/www.radiopiu.net\/wordpress\/wp-json\/wp\/v2\/tags?post=53178"}],"curies":[{"name":"wp","href":"https:\/\/api.w.org\/{rel}","templated":true}]}}