{"id":53374,"date":"2018-07-07T16:42:50","date_gmt":"2018-07-07T14:42:50","guid":{"rendered":"http:\/\/www.radiopiu.net\/wordpress\/?p=53374"},"modified":"2018-07-07T16:42:50","modified_gmt":"2018-07-07T14:42:50","slug":"forza-italia-i-parlamentari-veneti-sostengono-cortina-2026","status":"publish","type":"post","link":"https:\/\/www.radiopiu.net\/wordpress\/forza-italia-i-parlamentari-veneti-sostengono-cortina-2026\/","title":{"rendered":"FORZA ITALIA, I PARLAMENTARI VENETI SOSTENGONO CORTINA 2026"},"content":{"rendered":"<p>I parlamentari veneti di Forza Italia sostengono con forza la candidatura di Cortina d&#8217;Ampezzo come sede delle Olimpiadi invernali del 2026.<br \/>\nIl gruppo auspica che il CONI possa prendersi tutto il tempo necessario per una decisione cos\u00ec delicata: \u201dNoi desideriamo una candidatura che faccia vincere l\u2019Italia in questa difficile competizione mondiale, perch\u00e9 noi tifiamo Italia, e certo riteniamo la nostra localit\u00e0 dolomitica dotata di grande fascino e appeal a livello mondiale\u201d, commentano.<br \/>\nInnanzitutto, quella di Cortina \u00e8 l&#8217;unica candidatura realmente montana, che fa riferimento ad una delle localit\u00e0 turistiche e sciistiche pi\u00f9 note al mondo. A fare da cornice alla manifestazione, saranno le Dolomiti, dichiarate Patrimonio dell&#8217;Umanit\u00e0 dall&#8217;Unesco nel 2009; \u201cle montagne pi\u00f9 belle del mondo\u201d sono quindi la location ideale per ospitare l&#8217;evento sportivo pi\u00f9 importante del pianeta.<br \/>\nLa candidatura ampezzana ha poi ottenuto l&#8217;appoggio di tutti gli enti dei territori interessati, dai Comuni alle Province, passando per le associazioni di categoria come Confindustria e le Camere di Commercio.<br \/>\nCortina pu\u00f2 vantare anche un vantaggio geografico e logistico: Trento e Bolzano, le altre localit\u00e0 che ospiteranno le Olimpiadi delle Dolomiti, sono raggiungibili in appena un paio d&#8217;ore; la localit\u00e0 dolomitica potr\u00e0 poi contare su impianti rinnovati da poco, grazie agli ormai imminenti Campionati mondiali di Sci Alpino che si terranno nel 2021. Fondamentale poi il fattore costo: grazie anche al traino dei mondiali, quelli ampezzani saranno dei Giochi veramente \u201clow cost\u201d, circa 380 milioni di euro la spesa prevista.<br \/>\nVisto il ritiro di Graz, in Austria, restano tre le sfidanti per la candidata italiana: Calgary, Stoccolma ed Erzurum. \u201cPer questo\u201d dichiarano i forzisti \u201c\u00e8 necessaria una candidatura forte per far tornare i Giochi Olimpici in Europa e in Italia, a 20 anni dall&#8217;edizione torinese e a 70 anni da quella, ancora nella memoria di tutti, ospitata proprio da Cortina d&#8217;Ampezzo. La Regina delle Dolomiti merita questo riconoscimento per il suo passato, per il suo presente e, soprattutto, per il suo futuro: Cortina \u00e8 il simbolo dello sci nel mondo e i mondiali del 2021 saranno l&#8217;occasione per far risplendere la sua stella a livello globale. Riteniamo che questo importante traino sar\u00e0 utilissimo per ottenere anche le Olimpiadi\u201d.<\/p>\n","protected":false},"excerpt":{"rendered":"<p>I parlamentari veneti di Forza Italia sostengono con forza la candidatura di Cortina d&#8217;Ampezzo come sede delle Olimpiadi invernali del 2026. Il gruppo auspica che il CONI possa prendersi tutto il tempo necessario per una decisione cos\u00ec delicata: \u201dNoi desideriamo una candidatura che faccia vincere l\u2019Italia in questa difficile competizione mondiale, perch\u00e9 noi tifiamo Italia,&hellip;<\/p>\n","protected":false},"author":1,"featured_media":0,"comment_status":"closed","ping_status":"closed","sticky":false,"template":"","format":"standard","meta":{"_monsterinsights_skip_tracking":false,"_monsterinsights_sitenote_active":false,"_monsterinsights_sitenote_note":"","_monsterinsights_sitenote_category":0,"footnotes":""},"categories":[2,49],"tags":[],"class_list":["post-53374","post","type-post","status-publish","format-standard","hentry","category-news","category-news-18","category-2","category-49","description-off"],"img_url":false,"_links":{"self":[{"href":"https:\/\/www.radiopiu.net\/wordpress\/wp-json\/wp\/v2\/posts\/53374","targetHints":{"allow":["GET"]}}],"collection":[{"href":"https:\/\/www.radiopiu.net\/wordpress\/wp-json\/wp\/v2\/posts"}],"about":[{"href":"https:\/\/www.radiopiu.net\/wordpress\/wp-json\/wp\/v2\/types\/post"}],"author":[{"embeddable":true,"href":"https:\/\/www.radiopiu.net\/wordpress\/wp-json\/wp\/v2\/users\/1"}],"replies":[{"embeddable":true,"href":"https:\/\/www.radiopiu.net\/wordpress\/wp-json\/wp\/v2\/comments?post=53374"}],"version-history":[{"count":0,"href":"https:\/\/www.radiopiu.net\/wordpress\/wp-json\/wp\/v2\/posts\/53374\/revisions"}],"wp:attachment":[{"href":"https:\/\/www.radiopiu.net\/wordpress\/wp-json\/wp\/v2\/media?parent=53374"}],"wp:term":[{"taxonomy":"category","embeddable":true,"href":"https:\/\/www.radiopiu.net\/wordpress\/wp-json\/wp\/v2\/categories?post=53374"},{"taxonomy":"post_tag","embeddable":true,"href":"https:\/\/www.radiopiu.net\/wordpress\/wp-json\/wp\/v2\/tags?post=53374"}],"curies":[{"name":"wp","href":"https:\/\/api.w.org\/{rel}","templated":true}]}}