{"id":53396,"date":"2018-07-08T10:33:27","date_gmt":"2018-07-08T08:33:27","guid":{"rendered":"http:\/\/www.radiopiu.net\/wordpress\/?p=53396"},"modified":"2018-07-08T10:33:27","modified_gmt":"2018-07-08T08:33:27","slug":"frattura-della-gamba-per-il-motociclista-volato-per-30-metri-a-la-valle-scendendo-da-passo-duran","status":"publish","type":"post","link":"https:\/\/www.radiopiu.net\/wordpress\/frattura-della-gamba-per-il-motociclista-volato-per-30-metri-a-la-valle-scendendo-da-passo-duran\/","title":{"rendered":"FRATTURA DELLA GAMBA PER IL MOTOCICLISTA VOLATO PER 30 METRI A LA VALLE SCENDENDO DA PASSO DURAN"},"content":{"rendered":"<p><strong><img loading=\"lazy\" decoding=\"async\" class=\"size-medium wp-image-53398 alignleft\" src=\"http:\/\/www.radiopiu.net\/wordpress\/wp-content\/uploads\/2018\/07\/Inc.-Duran-logo-300x225.jpg\" alt=\"\" width=\"300\" height=\"225\" srcset=\"https:\/\/www.radiopiu.net\/wordpress\/wp-content\/uploads\/2018\/07\/Inc.-Duran-logo-300x225.jpg 300w, https:\/\/www.radiopiu.net\/wordpress\/wp-content\/uploads\/2018\/07\/Inc.-Duran-logo-768x576.jpg 768w, https:\/\/www.radiopiu.net\/wordpress\/wp-content\/uploads\/2018\/07\/Inc.-Duran-logo-1024x768.jpg 1024w, https:\/\/www.radiopiu.net\/wordpress\/wp-content\/uploads\/2018\/07\/Inc.-Duran-logo.jpg 2048w\" sizes=\"auto, (max-width: 300px) 100vw, 300px\" \/>LA VALLE Tutto sommato gli \u00e8 andata bene, se l&#8217;\u00e8 cavata con la frattura di una gamba e poteva andare decisamente peggio considerato che \u00e8 volato per 30 metri lungo la scarpata. L&#8217;incidente ieri pomeriggio, vittima un motociclista tedesco ricoverato in ortopedia al San Martino di Belluno. Rovinosa caduta per Z.K. trentanovenne tedesco che stava scendendo da Passo Duran verso La Valle Agordina cavalcando la potente Suzuki, lo scontro con un secondo centauro che proveniva in direzione opposto. Lieve tocco ma il tedesco \u00e8 finito contro il guard rail e quindi il volo nella sottostante scarpata, i vigili del fuoco di Agordo per soccorrerlo hanno dovuto accendere le motoseghe per farsi spazio tra le piante.<\/strong><\/p>\n<p><strong>COLLE SANTA LUCIA\u00a0 <\/strong>Un ciclista \u00e8 caduto autonomamente ed \u00e8 stato soccorso, conseguenze non gravi.<\/p>\n<p><strong>COMELICO<\/strong>\u00a0Sulla strada che collega San Pietro e Sappada, un ciclista infortunato \u00e8 stato soccorso e portato in ospedale a Pieve di Cadore.<\/p>\n","protected":false},"excerpt":{"rendered":"<p>LA VALLE Tutto sommato gli \u00e8 andata bene, se l&#8217;\u00e8 cavata con la frattura di una gamba e poteva andare decisamente peggio considerato che \u00e8 volato per 30 metri lungo la scarpata. L&#8217;incidente ieri pomeriggio, vittima un motociclista tedesco ricoverato in ortopedia al San Martino di Belluno. Rovinosa caduta per Z.K. trentanovenne tedesco che stava&hellip;<\/p>\n","protected":false},"author":1,"featured_media":53398,"comment_status":"closed","ping_status":"closed","sticky":false,"template":"","format":"standard","meta":{"_monsterinsights_skip_tracking":false,"_monsterinsights_sitenote_active":false,"_monsterinsights_sitenote_note":"","_monsterinsights_sitenote_category":0,"footnotes":""},"categories":[2,49],"tags":[],"class_list":["post-53396","post","type-post","status-publish","format-standard","has-post-thumbnail","hentry","category-news","category-news-18","category-2","category-49","description-off"],"img_url":"https:\/\/www.radiopiu.net\/wordpress\/wp-content\/uploads\/2018\/07\/Inc.-Duran-logo.jpg","_links":{"self":[{"href":"https:\/\/www.radiopiu.net\/wordpress\/wp-json\/wp\/v2\/posts\/53396","targetHints":{"allow":["GET"]}}],"collection":[{"href":"https:\/\/www.radiopiu.net\/wordpress\/wp-json\/wp\/v2\/posts"}],"about":[{"href":"https:\/\/www.radiopiu.net\/wordpress\/wp-json\/wp\/v2\/types\/post"}],"author":[{"embeddable":true,"href":"https:\/\/www.radiopiu.net\/wordpress\/wp-json\/wp\/v2\/users\/1"}],"replies":[{"embeddable":true,"href":"https:\/\/www.radiopiu.net\/wordpress\/wp-json\/wp\/v2\/comments?post=53396"}],"version-history":[{"count":0,"href":"https:\/\/www.radiopiu.net\/wordpress\/wp-json\/wp\/v2\/posts\/53396\/revisions"}],"wp:featuredmedia":[{"embeddable":true,"href":"https:\/\/www.radiopiu.net\/wordpress\/wp-json\/wp\/v2\/media\/53398"}],"wp:attachment":[{"href":"https:\/\/www.radiopiu.net\/wordpress\/wp-json\/wp\/v2\/media?parent=53396"}],"wp:term":[{"taxonomy":"category","embeddable":true,"href":"https:\/\/www.radiopiu.net\/wordpress\/wp-json\/wp\/v2\/categories?post=53396"},{"taxonomy":"post_tag","embeddable":true,"href":"https:\/\/www.radiopiu.net\/wordpress\/wp-json\/wp\/v2\/tags?post=53396"}],"curies":[{"name":"wp","href":"https:\/\/api.w.org\/{rel}","templated":true}]}}