{"id":53499,"date":"2018-07-09T14:49:57","date_gmt":"2018-07-09T12:49:57","guid":{"rendered":"http:\/\/www.radiopiu.net\/wordpress\/?p=53499"},"modified":"2018-07-09T14:49:57","modified_gmt":"2018-07-09T12:49:57","slug":"meteo-tempo-instabile-in-veneto-domani-temporali-sparsi","status":"publish","type":"post","link":"https:\/\/www.radiopiu.net\/wordpress\/meteo-tempo-instabile-in-veneto-domani-temporali-sparsi\/","title":{"rendered":"METEO: TEMPO INSTABILE IN VENETO, DOMANI TEMPORALI SPARSI"},"content":{"rendered":"<p align=\"JUSTIFY\">VENEZIA\u00a0\u00a0<span style=\"font-size: medium;\">Continua la fase di tempo instabile in Veneto: da oggi pomeriggio sino alle ore 14 di mercoled\u00ec 11 luglio potranno verificarsi temporali occasionali, pi\u00f9 probabili nella giornata di domani marted\u00ec 10 con rovesci sparsi, anche intensi. Il Centro funzionale decentrato della protezione civile della Regione Veneto ha dichiarato lo stato di attenzione per il bacino idrografico dell\u2019Alto Piave, e in particolare per i movimenti franosi nell\u2019area di Borca di Cadore.<\/span><\/p>\n","protected":false},"excerpt":{"rendered":"<p>VENEZIA\u00a0\u00a0Continua la fase di tempo instabile in Veneto: da oggi pomeriggio sino alle ore 14 di mercoled\u00ec 11 luglio potranno verificarsi temporali occasionali, pi\u00f9 probabili nella giornata di domani marted\u00ec 10 con rovesci sparsi, anche intensi. Il Centro funzionale decentrato della protezione civile della Regione Veneto ha dichiarato lo stato di attenzione per il bacino&hellip;<\/p>\n","protected":false},"author":1,"featured_media":50334,"comment_status":"closed","ping_status":"closed","sticky":false,"template":"","format":"standard","meta":{"_monsterinsights_skip_tracking":false,"_monsterinsights_sitenote_active":false,"_monsterinsights_sitenote_note":"","_monsterinsights_sitenote_category":0,"footnotes":""},"categories":[2,49],"tags":[],"class_list":["post-53499","post","type-post","status-publish","format-standard","has-post-thumbnail","hentry","category-news","category-news-18","category-2","category-49","description-off"],"img_url":"https:\/\/www.radiopiu.net\/wordpress\/wp-content\/uploads\/2018\/06\/temporale.jpg","_links":{"self":[{"href":"https:\/\/www.radiopiu.net\/wordpress\/wp-json\/wp\/v2\/posts\/53499","targetHints":{"allow":["GET"]}}],"collection":[{"href":"https:\/\/www.radiopiu.net\/wordpress\/wp-json\/wp\/v2\/posts"}],"about":[{"href":"https:\/\/www.radiopiu.net\/wordpress\/wp-json\/wp\/v2\/types\/post"}],"author":[{"embeddable":true,"href":"https:\/\/www.radiopiu.net\/wordpress\/wp-json\/wp\/v2\/users\/1"}],"replies":[{"embeddable":true,"href":"https:\/\/www.radiopiu.net\/wordpress\/wp-json\/wp\/v2\/comments?post=53499"}],"version-history":[{"count":0,"href":"https:\/\/www.radiopiu.net\/wordpress\/wp-json\/wp\/v2\/posts\/53499\/revisions"}],"wp:featuredmedia":[{"embeddable":true,"href":"https:\/\/www.radiopiu.net\/wordpress\/wp-json\/wp\/v2\/media\/50334"}],"wp:attachment":[{"href":"https:\/\/www.radiopiu.net\/wordpress\/wp-json\/wp\/v2\/media?parent=53499"}],"wp:term":[{"taxonomy":"category","embeddable":true,"href":"https:\/\/www.radiopiu.net\/wordpress\/wp-json\/wp\/v2\/categories?post=53499"},{"taxonomy":"post_tag","embeddable":true,"href":"https:\/\/www.radiopiu.net\/wordpress\/wp-json\/wp\/v2\/tags?post=53499"}],"curies":[{"name":"wp","href":"https:\/\/api.w.org\/{rel}","templated":true}]}}