{"id":53515,"date":"2018-07-09T16:48:43","date_gmt":"2018-07-09T14:48:43","guid":{"rendered":"http:\/\/www.radiopiu.net\/wordpress\/?p=53515"},"modified":"2018-07-09T16:48:43","modified_gmt":"2018-07-09T14:48:43","slug":"incontro-a-pieve-di-cadore-per-il-distretto-culturale-evoluto-delle-dolomiti-bellunesi","status":"publish","type":"post","link":"https:\/\/www.radiopiu.net\/wordpress\/incontro-a-pieve-di-cadore-per-il-distretto-culturale-evoluto-delle-dolomiti-bellunesi\/","title":{"rendered":"INCONTRO A PIEVE DI CADORE PER IL DISTRETTO CULTURALE EVOLUTO DELLE DOLOMITI BELLUNESI."},"content":{"rendered":"<p align=\"JUSTIFY\"><span style=\"font-size: medium;\"><b>ASSESSORE CORAZZARI: \u201cLA REGIONE CI CREDE\u201d<\/b><\/span><\/p>\n<p align=\"JUSTIFY\"><span style=\"font-size: medium;\">(AVN) \u2013 Venezia, 9 luglio 2018<\/span><\/p>\n<p align=\"JUSTIFY\">\u201c<span style=\"font-size: medium;\">La cultura costituisce una piattaforma privilegiata di comunicazione tra tutti i soggetti economici e sociali presenti in un territorio ed \u00e8 in grado di favorire lo sviluppo delle filiere produttive, divenendo strumento di crescita complessiva, di miglioramento della qualit\u00e0 della vita delle comunit\u00e0\u201d.<\/span><\/p>\n<p align=\"JUSTIFY\"><span style=\"font-size: medium;\">Lo ha ribadito oggi a Pieve di Cadore, in provincia di Belluno, l\u2019assessore regionale alla cultura, Cristiano Corazzari, partecipando all\u2019incontro convocato dal Segretariato del MiBACT (Ministero dei Beni e delle Attivit\u00e0 Culturali e del Turismo), per sensibilizzare le istituzioni locali al progetto di Distretto Culturale Evoluto (DICE) delle Dolomiti Bellunesi e per dar vita al relativo tavolo tecnico.<\/span><\/p>\n<p align=\"JUSTIFY\"><span style=\"font-size: medium;\">Segretariato, Regione del Veneto, Confindustria del Veneto e di Belluno e Fondazione Cariverona sono da tempo impegnati nella definizione di un tavolo tecnico che favorisca la preservazione, la tutela e la promozione del patrimonio culturale del \u201cDistretto delle Dolomiti Bellunesi\u201d. L\u2019obiettivo \u00e8 quello di sostenere politiche che garantiscano la protezione ma, soprattutto, la fruizione responsabile del patrimonio culturale materiale e immateriale legato al passato e al presente delle comunit\u00e0 afferenti al Distretto delle Dolomiti, istituito dal Ministero nel giugno 2016 e in particolare: la riqualificazione e il rilancio dell\u2019offerta turistica a livello nazionale e internazionale, l\u2019accrescimento e lo sviluppo delle aree e dei settori del distretto, il miglioramento dell\u2019efficienza nell\u2019organizzazione e nella produzione dei servizi, la conservazione e promozione del patrimonio culturale. <\/span><\/p>\n<p align=\"JUSTIFY\">\u201c<span style=\"font-size: medium;\">La Regione Veneto ha condiviso formalmente l\u2019idea di coniugare e sviluppare azioni sinergiche tra cultura, natura e manifattura \u2013 ricorda Corazzari \u2013 e ha accolto la proposta di Confindustria Veneto, Sezione provinciale di Belluno, di realizzare e sostenere il Distretto, in quanto coerente con le proprie politiche di sviluppo dei territori, che individuano, appunto, la cultura come elemento attrattore e catalizzatore\u201d.<\/span><\/p>\n<p align=\"JUSTIFY\">\u201c<span style=\"font-size: medium;\">Se attraverso il DICE si vogliono collegare le eccellenze culturali con le imprese del territorio, soprattutto quelle che hanno un particolare orientamento all\u2019innovazione e alla creativit\u00e0 \u2013 ha sottolineato l\u2019assessore veneto \u2013 dovr\u00e0 essere attuata una strategia di valorizzazione e di sviluppo del sistema culturale attraverso un marketing territoriale evoluto, che crei condizioni di maggior competitivit\u00e0 del territorio e di pi\u00f9 elevata qualit\u00e0 di vita per gli abitanti. Ricordiamo che siamo in un\u2019area Unesco, che esprime eccellenze culturali produttive e naturali. Su tutti ricordo la figura di Tiziano, senza trascurare gli altri tesori archeologici, architettonici e artistici del territorio; qui ci sono eccellenze produttive che coniugano manifattura e industria a elevata tecnologia e che hanno la loro rappresentazione anche in realt\u00e0 museali particolarmente significative\u201d.<\/span><\/p>\n<p align=\"JUSTIFY\">\u201c<span style=\"font-size: medium;\">Si tratta di processi complessi \u2013 ha concluso Corazzari \u2013 che per avere successo devono maturare ed essere fatti propri dai territori: oggi stiamo verificando il livello di maturazione raggiunto e la volont\u00e0 dei principali attori istituzionali di accompagnare questo percorso. La Regione ci crede\u201d.<\/span><\/p>\n","protected":false},"excerpt":{"rendered":"<p>ASSESSORE CORAZZARI: \u201cLA REGIONE CI CREDE\u201d (AVN) \u2013 Venezia, 9 luglio 2018 \u201cLa cultura costituisce una piattaforma privilegiata di comunicazione tra tutti i soggetti economici e sociali presenti in un territorio ed \u00e8 in grado di favorire lo sviluppo delle filiere produttive, divenendo strumento di crescita complessiva, di miglioramento della qualit\u00e0 della vita delle comunit\u00e0\u201d.&hellip;<\/p>\n","protected":false},"author":1,"featured_media":53516,"comment_status":"closed","ping_status":"closed","sticky":false,"template":"","format":"standard","meta":{"_monsterinsights_skip_tracking":false,"_monsterinsights_sitenote_active":false,"_monsterinsights_sitenote_note":"","_monsterinsights_sitenote_category":0,"footnotes":""},"categories":[2,49],"tags":[],"class_list":["post-53515","post","type-post","status-publish","format-standard","has-post-thumbnail","hentry","category-news","category-news-18","category-2","category-49","description-off"],"img_url":"https:\/\/www.radiopiu.net\/wordpress\/wp-content\/uploads\/2018\/07\/article.jpg","_links":{"self":[{"href":"https:\/\/www.radiopiu.net\/wordpress\/wp-json\/wp\/v2\/posts\/53515","targetHints":{"allow":["GET"]}}],"collection":[{"href":"https:\/\/www.radiopiu.net\/wordpress\/wp-json\/wp\/v2\/posts"}],"about":[{"href":"https:\/\/www.radiopiu.net\/wordpress\/wp-json\/wp\/v2\/types\/post"}],"author":[{"embeddable":true,"href":"https:\/\/www.radiopiu.net\/wordpress\/wp-json\/wp\/v2\/users\/1"}],"replies":[{"embeddable":true,"href":"https:\/\/www.radiopiu.net\/wordpress\/wp-json\/wp\/v2\/comments?post=53515"}],"version-history":[{"count":0,"href":"https:\/\/www.radiopiu.net\/wordpress\/wp-json\/wp\/v2\/posts\/53515\/revisions"}],"wp:featuredmedia":[{"embeddable":true,"href":"https:\/\/www.radiopiu.net\/wordpress\/wp-json\/wp\/v2\/media\/53516"}],"wp:attachment":[{"href":"https:\/\/www.radiopiu.net\/wordpress\/wp-json\/wp\/v2\/media?parent=53515"}],"wp:term":[{"taxonomy":"category","embeddable":true,"href":"https:\/\/www.radiopiu.net\/wordpress\/wp-json\/wp\/v2\/categories?post=53515"},{"taxonomy":"post_tag","embeddable":true,"href":"https:\/\/www.radiopiu.net\/wordpress\/wp-json\/wp\/v2\/tags?post=53515"}],"curies":[{"name":"wp","href":"https:\/\/api.w.org\/{rel}","templated":true}]}}