{"id":53541,"date":"2018-07-10T07:16:34","date_gmt":"2018-07-10T05:16:34","guid":{"rendered":"http:\/\/www.radiopiu.net\/wordpress\/?p=53541"},"modified":"2018-07-10T10:29:17","modified_gmt":"2018-07-10T08:29:17","slug":"giornale-radiopiu-10-luglio-2018-direttore-mirko-mezzacasa","status":"publish","type":"post","link":"https:\/\/www.radiopiu.net\/wordpress\/giornale-radiopiu-10-luglio-2018-direttore-mirko-mezzacasa\/","title":{"rendered":"GIORNALE RADIOPIU 10 LUGLIO 2018 DIRETTORE MIRKO MEZZACASA"},"content":{"rendered":"<h1>MESSAGGIO INVIATO POCO FA A RADIO PIU&#8217;, INOLTRATO PER UNA RISPOSTA AL SINDACO DI AGORDO E A GSP.<\/h1>\n<blockquote><p><em><strong>Localit\u00e0 Faion, ore 8:50. Zero acqua anche oggi, siamo stufi, noi come nelle abitazioni vicine! Ho gi\u00e0 avvisato anche il sindaco, nessuna comunicazione nei giorni scorsi e oggi siamo tornati come una settimana fa! Non ce la facciamo pi\u00f9!<\/strong><\/em><\/p><\/blockquote>\n<p>&nbsp;<\/p>\n<p>&nbsp;<\/p>\n<p>&nbsp;<\/p>\n<blockquote>\n<div class=\"\" data-block=\"true\" data-editor=\"dur73\" data-offset-key=\"54taa-0-0\">\n<div class=\"_1mf _1mj\" data-offset-key=\"54taa-0-0\"><strong>PROVINCIALE 2 VALLE DEL MIS INTERDIZIONE TOTALE ALLA CIRCOLAZIONE DI VEICOLI E PEDONI DA OGGI AL 20 LUGLIO PER INTERRAMENTO LINEA 20 KV DIRAMAZIONE TITELE-VECCHIO PONTE TORRENTE MIS-GOSALDO.\u00a0<\/strong><strong>ATTENZIONE LA STRADA PER I LAGO DEL MIS E&#8217; COMUNQUE APERTA TRATTANDOSI DI UNA DIRAMAZIONE.<\/strong><\/div>\n<\/div>\n<\/blockquote>\n<p>&nbsp;<\/p>\n<p>&nbsp;<\/p>\n<blockquote>\n<h1><img loading=\"lazy\" decoding=\"async\" class=\"size-medium wp-image-46032 alignleft\" src=\"http:\/\/www.radiopiu.net\/wordpress\/wp-content\/uploads\/2018\/04\/Marmolada-ridotta-300x169.jpg\" alt=\"\" width=\"300\" height=\"169\" srcset=\"https:\/\/www.radiopiu.net\/wordpress\/wp-content\/uploads\/2018\/04\/Marmolada-ridotta-300x169.jpg 300w, https:\/\/www.radiopiu.net\/wordpress\/wp-content\/uploads\/2018\/04\/Marmolada-ridotta-768x432.jpg 768w, https:\/\/www.radiopiu.net\/wordpress\/wp-content\/uploads\/2018\/04\/Marmolada-ridotta-1024x576.jpg 1024w, https:\/\/www.radiopiu.net\/wordpress\/wp-content\/uploads\/2018\/04\/Marmolada-ridotta.jpg 1239w\" sizes=\"auto, (max-width: 300px) 100vw, 300px\" \/>ULTIME NOVITA&#8217; SULLA MARMOLADA, L&#8217;INTERVENTO DEL SINDACO ANDREA DE BERNARDIN<\/h1>\n<\/blockquote>\n<audio class=\"wp-audio-shortcode\" id=\"audio-53541-1\" preload=\"none\" style=\"width: 100%;\" controls=\"controls\"><source type=\"audio\/mpeg\" src=\"http:\/\/www.radiopiu.net\/wordpress\/wp-content\/uploads\/2018\/07\/GR-10-ANDREA-DE-BERNARDIN.mp3?_=1\" \/><a href=\"http:\/\/www.radiopiu.net\/wordpress\/wp-content\/uploads\/2018\/07\/GR-10-ANDREA-DE-BERNARDIN.mp3\">http:\/\/www.radiopiu.net\/wordpress\/wp-content\/uploads\/2018\/07\/GR-10-ANDREA-DE-BERNARDIN.mp3<\/a><\/audio>\n<p>LINK TRASMISSIONE ANTENNA TRE:\u00a0 \u00a0<a href=\"https:\/\/youtu.be\/qlIkCfDHTCg\">CLICCA QUI<\/a><\/p>\n<p>&nbsp;<\/p>\n<p>&nbsp;<\/p>\n<p>&nbsp;<\/p>\n<blockquote>\n<h1>QUELLO CHE NON PIACE<\/h1>\n<\/blockquote>\n<p><strong>AGORDO<\/strong> Era il 2015 quando un cittadino, gi\u00e0 consigliere comunale ad Agordo, scriveva una lettera chiara al sindaco di Agordo cercando di sensibilizzarlo circa il decoro della bella piazza Libert\u00e0 dove si notava gi\u00e0 allora una stonatura, ovvero l&#8217;invasiva pubblicit\u00e0 della &#8220;mostra del libro&#8221; esposta attorno all&#8217;ala Est del Palazzo, peraltro presente per tutta l&#8217;estate.<br \/>\n<em>&#8220;Niente da recriminare alla ditta che svolge il suo lavoro &#8211; scriveva al sindaco il cittadino &#8211; ma si suggerisce di intervenire migliorando l&#8217;impatto visito di tale fatto, esteticamente deplorevole&#8221;.<\/em><br \/>\nAlla lettera datata 21 agosto 2015 il sindaco rispondeva il 10 settembre dello stesso anno.<br \/>\n<em>&#8220;Comunico che la sua lettera \u00e8 stata portata a conoscenza della propiet\u00e0 di Palazzo De Manzoni (privata ndr.), con la speranza venga recepito il suggerimento e quindi dal prossimo anno (2016&#8230;) ci sia una pubblicit\u00e0 meno &#8220;invasiva&#8221; e grazie per lo spirito collaborativo&#8221;.<\/em><br \/>\nTre anni dopo la situazione non \u00e8 cambiata, come nel 2015 e negli ultimi tre anni Palazzo De Manzoni \u00e8 sempre la locandina della mostra del libro.<br \/>\nNELLE FOTO COM&#8217;ERA PALAZZO DE MANZONI NEL 2014 CON I FIORI ALLE FINESTRE E COME SI PRESENTA OGGI VERSO LA PIAZZA CON LA PUBBLICITA&#8217; DELLA MOSTRA DEL LIBRO<\/p>\n<p><img loading=\"lazy\" decoding=\"async\" class=\"size-medium wp-image-53530 alignleft\" src=\"http:\/\/www.radiopiu.net\/wordpress\/wp-content\/uploads\/2018\/07\/2014-300x207.jpg\" alt=\"\" width=\"300\" height=\"207\" srcset=\"https:\/\/www.radiopiu.net\/wordpress\/wp-content\/uploads\/2018\/07\/2014-300x207.jpg 300w, https:\/\/www.radiopiu.net\/wordpress\/wp-content\/uploads\/2018\/07\/2014-768x529.jpg 768w, https:\/\/www.radiopiu.net\/wordpress\/wp-content\/uploads\/2018\/07\/2014-1024x705.jpg 1024w\" sizes=\"auto, (max-width: 300px) 100vw, 300px\" \/><img loading=\"lazy\" decoding=\"async\" class=\"size-medium wp-image-53529 alignleft\" src=\"http:\/\/www.radiopiu.net\/wordpress\/wp-content\/uploads\/2018\/07\/2018-300x211.jpg\" alt=\"\" width=\"300\" height=\"211\" srcset=\"https:\/\/www.radiopiu.net\/wordpress\/wp-content\/uploads\/2018\/07\/2018-300x211.jpg 300w, https:\/\/www.radiopiu.net\/wordpress\/wp-content\/uploads\/2018\/07\/2018-768x539.jpg 768w, https:\/\/www.radiopiu.net\/wordpress\/wp-content\/uploads\/2018\/07\/2018-1024x719.jpg 1024w\" sizes=\"auto, (max-width: 300px) 100vw, 300px\" \/><\/p>\n<p>&nbsp;<\/p>\n<p>&nbsp;<\/p>\n<p>&nbsp;<\/p>\n<p>&nbsp;<\/p>\n<p>&nbsp;<\/p>\n<p>&nbsp;<\/p>\n<p>&nbsp;<\/p>\n<p>&nbsp;<\/p>\n<p>&nbsp;<\/p>\n<p>&nbsp;<\/p>\n<p>&nbsp;<\/p>\n<p>&nbsp;<\/p>\n<h1>ARRESTATO, MOSTRA IL SEDERE AGLI AGENTI<\/h1>\n<p><strong>BELLUNO A.D.N. trentatrenne bellunese \u00e8 agli arresti domiciliari, il suo difensore Gino Sperandio ha gi\u00e0 chiarito che far\u00e0 istanza di affidamento in prova perch\u00e9 l&#8217;uomo non ha diritto alla condizionale.\u00a0<\/strong><\/p>\n<p>\u00c8 finito agli arresti per aver mostrato il sedere ai poliziotti da lui stesso chiamati per una lite con la fidanzata e la &#8220;suocera&#8221;.\u00a0 La lite per la custodia di due cani che ha pure liberato nel giardino aizzandoli contro gli agenti della Polizia. L&#8217;uomo \u00e8 stato processato per direttissima, dovendo rispondere di violenza privata, resistenza e oltraggio a pubblico ufficiale: ha patteggiato 7 mesi e 10 giorni davanti al giudice Marson.<\/p>\n<p>&nbsp;<\/p>\n<p>&nbsp;<\/p>\n<p>&nbsp;<\/p>\n<blockquote>\n<h1>LA MESSA\u00a0 IN DIRETTA SU RAI 1<\/h1>\n<\/blockquote>\n<div>\n<p><img loading=\"lazy\" decoding=\"async\" class=\"wp-image-8420 alignright\" src=\"http:\/\/www.radiopiu.net\/wordpress\/wp-content\/uploads\/2015\/07\/Chiesa-Canale-238x300.jpg\" alt=\"\" width=\"172\" height=\"217\" \/><\/p>\n<p><strong>CANALE D&#8217;AGORDO<\/strong> E&#8217; ufficiale, domenica 19 agosto alle 10.55 la messa\u00a0dalla chiesa Arcipretale\u00a0 San Giovanni Battista di Canale d&#8217;Agordo, nei giorni del ricordo del Papa Agordino, Albino Luciani, sar\u00e0 trasmessa in diretta sul primo canale della Rai, previsto inoltre il collegamento con la rubrica \u00a0&#8220;A Sua Immagine&#8221;.<\/p>\n<\/div>\n<div><span style=\"color: #ff0000;\">Saranno giorni importanti caratterizzati da altri eventi.<\/span><\/div>\n<div>\u00a0<b>Venerdi 20 luglio alle\u00a0 20.30 <\/b>nella sala ex Cavallino\u00a0<i>\u201c&#8230;Il coraggio di inseguire un sogno. Vi Racconto Padre Lele\u201d.\u00a0\u00a0<\/i><span style=\"font-size: medium;\">Incontro per conoscere la storia di padre Ezechiele Ramin\u00a0&#8220;Lele&#8221;, giovane missionario comboniano\u00a0<\/span>&#8220;Martire\u00a0della Carit\u00e0&#8221;,\u00a0ucciso in Brasile nel 1985 perch\u00e9 schierato dalla parte degli ultimi e degli oppressi. Video e testimonianze dirette dei fratelli e amici presenti in sala.<\/div>\n<div><b>Mercoled\u00ec 22 agosto 2018 alle\u00a0 20.30\u00a0<\/b>sempre nella sala ex Cavallino &#8220;<i>I borghi d\u2019Italia vanno gustati non solo con gli occhi, ma anche con il cuore&#8221;\u00a0<\/i>Mario Placidini, conduttore del programma &#8220;Borghi d&#8217;Italia&#8221; in onda su TV2000,\u00a0ci far\u00e0 conoscere la storia, l&#8217;arte e le tradizioni di Canale d&#8217;Agordo,\u00a0patria di papa Giovanni Paolo I<\/div>\n<p>&nbsp;<\/p>\n<p>&nbsp;<\/p>\n<p>&nbsp;<\/p>\n<p>&nbsp;<\/p>\n<p>&nbsp;<\/p>\n<blockquote>\n<h1>EMERGENZA IDRICA<\/h1>\n<\/blockquote>\n<p><strong>BELLUNO<\/strong>\u00a0 Bim Gsp informa che in Comune di BELLUNO in Via Pr\u00e0 de Luni, l&#8217;acqua erogata dall&#8217;acquedotto non \u00e8 potabile e pu\u00f2 essere usata per scopi alimentari solo previo adeguata bollitura.\u00a0<strong>TRICHIANA<\/strong> A\u00a0Trichiana in localit\u00e0 Melere e Rifugio Pranolz, l&#8217;acqua erogata dall&#8217;acquedotto \u00e8 di nuovo potabile e pu\u00f2 essere usata per scopi alimentari.\u00a0<strong>CENCENIGHE<\/strong>\u00a0oggi dalle 8.30 alle 12 verr\u00e0 sospesa l\u2019erogazione dell\u2019acqua a CENCENIGHE in VIA SOPPELSA e in VIA TISSI. Il personale addetto operer\u00e0 per limitare il pi\u00f9 possibile i disagi alla popolazione.<\/p>\n<p>&nbsp;<\/p>\n<p>&nbsp;<\/p>\n<p>&nbsp;<\/p>\n<blockquote>\n<h1>CENTRALINA SUL ROVA, IL SINDACO DI <img loading=\"lazy\" decoding=\"async\" class=\"size-medium wp-image-15541 alignleft\" src=\"http:\/\/www.radiopiu.net\/wordpress\/wp-content\/uploads\/2016\/01\/20140526_da-roit-sisto-300x104.jpg\" alt=\"\" width=\"300\" height=\"104\" \/>AGORDO &#8220;CONTRO&#8221; ACQUA BENE COMUNE<\/h1>\n<\/blockquote>\n<p>&nbsp;<\/p>\n<audio class=\"wp-audio-shortcode\" id=\"audio-53541-2\" preload=\"none\" style=\"width: 100%;\" controls=\"controls\"><source type=\"audio\/mpeg\" src=\"http:\/\/www.radiopiu.net\/wordpress\/wp-content\/uploads\/2018\/07\/gr-10-centrale-rova.mp3?_=2\" \/><a href=\"http:\/\/www.radiopiu.net\/wordpress\/wp-content\/uploads\/2018\/07\/gr-10-centrale-rova.mp3\">http:\/\/www.radiopiu.net\/wordpress\/wp-content\/uploads\/2018\/07\/gr-10-centrale-rova.mp3<\/a><\/audio>\n<p>&nbsp;<\/p>\n<p>&nbsp;<\/p>\n<p>&nbsp;<\/p>\n<p>&nbsp;<\/p>\n<p>&nbsp;<\/p>\n<p>&nbsp;<\/p>\n<blockquote>\n<h1>DELLA BAITA, UN CUMULO DI CENERE<\/h1>\n<\/blockquote>\n<p><strong>CADORE<\/strong> I vigili del fuoco di Vigo di Cadore sono intervenuti stamane per spegnere un incendio che ha divorato un&#8217;intera baita, tre ore di lavoro, all&#8217;arrivo sul posto dei mezzi la baita era gi\u00e0 completamente bruciata.<\/p>\n<p><img loading=\"lazy\" decoding=\"async\" class=\"aligncenter wp-image-53519 size-full\" src=\"http:\/\/www.radiopiu.net\/wordpress\/wp-content\/uploads\/2018\/07\/foto-giornali.jpg\" alt=\"\" width=\"891\" height=\"452\" srcset=\"https:\/\/www.radiopiu.net\/wordpress\/wp-content\/uploads\/2018\/07\/foto-giornali.jpg 891w, https:\/\/www.radiopiu.net\/wordpress\/wp-content\/uploads\/2018\/07\/foto-giornali-300x152.jpg 300w, https:\/\/www.radiopiu.net\/wordpress\/wp-content\/uploads\/2018\/07\/foto-giornali-768x390.jpg 768w\" sizes=\"auto, (max-width: 891px) 100vw, 891px\" \/><\/p>\n<p>&nbsp;<\/p>\n<p>&nbsp;<\/p>\n<p>&nbsp;<\/p>\n<p>&nbsp;<\/p>\n<p>&nbsp;<\/p>\n<blockquote>\n<h1>METEO:\u00a0 TEMPORALI SPARSI<\/h1>\n<\/blockquote>\n<p><strong><img loading=\"lazy\" decoding=\"async\" class=\" wp-image-50334 alignleft\" src=\"http:\/\/www.radiopiu.net\/wordpress\/wp-content\/uploads\/2018\/06\/temporale-300x199.jpg\" alt=\"\" width=\"161\" height=\"107\" srcset=\"https:\/\/www.radiopiu.net\/wordpress\/wp-content\/uploads\/2018\/06\/temporale-300x199.jpg 300w, https:\/\/www.radiopiu.net\/wordpress\/wp-content\/uploads\/2018\/06\/temporale-768x509.jpg 768w, https:\/\/www.radiopiu.net\/wordpress\/wp-content\/uploads\/2018\/06\/temporale-1024x678.jpg 1024w, https:\/\/www.radiopiu.net\/wordpress\/wp-content\/uploads\/2018\/06\/temporale.jpg 1920w\" sizes=\"auto, (max-width: 161px) 100vw, 161px\" \/>VENEZIA<\/strong>\u00a0\u00a0<span style=\"font-size: medium;\">Continua la fase di tempo instabile in Veneto: fino alle\u00a0 14 di domani potranno verificarsi temporali occasionali, pi\u00f9 probabili nella giornata di oggi con rovesci sparsi, anche intensi. Il Centro funzionale decentrato della protezione civile della Regione Veneto ha dichiarato lo stato di attenzione per il bacino idrografico dell\u2019Alto Piave, e in particolare per i movimenti franosi nell\u2019area di Borca di Cadore.<\/span><\/p>\n<p>&nbsp;<\/p>\n<p>&nbsp;<\/p>\n<p>&nbsp;<\/p>\n<p>&nbsp;<\/p>\n<p>&nbsp;<\/p>\n<blockquote>\n<h1>PROTOCOLLO ANTI-LUPI:\u00a0 LA FIRMA<\/h1>\n<\/blockquote>\n<p><strong><img loading=\"lazy\" decoding=\"async\" class=\"size-medium wp-image-53547 alignleft\" src=\"http:\/\/www.radiopiu.net\/wordpress\/wp-content\/uploads\/2018\/07\/wolf-1341881_960_720-300x158.jpg\" alt=\"\" width=\"300\" height=\"158\" srcset=\"https:\/\/www.radiopiu.net\/wordpress\/wp-content\/uploads\/2018\/07\/wolf-1341881_960_720-300x158.jpg 300w, https:\/\/www.radiopiu.net\/wordpress\/wp-content\/uploads\/2018\/07\/wolf-1341881_960_720-768x405.jpg 768w, https:\/\/www.radiopiu.net\/wordpress\/wp-content\/uploads\/2018\/07\/wolf-1341881_960_720.jpg 960w\" sizes=\"auto, (max-width: 300px) 100vw, 300px\" \/>VENEZIA<\/strong> Oggi alle10.15, a palazzo Balbi (sala Pedenin) l\u2019assessore regionale all\u2019Agricoltura, Giuseppe Pan, sottoscriver\u00e0, a nome del presidente della Regione, con Coldiretti Veneto e l\u2019Associazione regionale allevatori del Veneto, rappresentate rispettivamente da Martino Cerantola e da Floriano De Franceschi, il protocollo d\u2019intesa per fronteggiare i danni arrecati dalla presenza del lupo. Il documento sar\u00e0 sottoscritto anche dai rappresentanti delle centrali della cooperazione lattiero-casearia dell\u2019area montana e pedemontana veneta. Il documento impegna la Regione a proseguire il monitoraggio sulla presenza del grande carnivoro sulle montagne venete, a coprire integralmente i costi sostenuti dagli allevatori per recinti elettrificati e cani da guardian\u00eca e a contribuire all\u2019adozione di ulteriori sistemi di protezione del bestiame. La Regione Veneto si impegna, inoltre, ad erogare gli indennizzi per le predazioni sub\u00ecte entro tre mesi dalla data dell\u2019accertamento del danno e a promuovere iniziative di informazione e formazione degli allevatori per prevenire le perdite.Nel 2017 la Regione Veneto ha pagato agli allevatori 137 mila euro a ristoro dei danni causati delle predazioni. Nel 2018 il bilancio regionale ha stanziato 200 mila euro di aiuti per allevatori e pastori che investono in recinti elettrificati e in dissuasori faunistici.\u201cIl protocollo \u2013 spiega l\u2019assessore Pan \u2013 intende valorizzare tutti gli strumenti e le strategie di prevenzione e responsabilizza allevatori e categorie economiche ad avvalersi di tutte le misure messe in campo dalla Regione per contenere al massimo i danni causati dal ritorno del lupo nell\u2019area alpina, dopo secoli di assenza.\u201d.<\/p>\n<p>&nbsp;<\/p>\n<p>&nbsp;<\/p>\n<p>&nbsp;<\/p>\n<p>&nbsp;<\/p>\n<p>&nbsp;<\/p>\n<blockquote>\n<h1>MANUTENZIONE NELLE FRAZIONI<\/h1>\n<p><strong><img loading=\"lazy\" decoding=\"async\" class=\"size-medium wp-image-53504 alignleft\" src=\"http:\/\/www.radiopiu.net\/wordpress\/wp-content\/uploads\/2018\/07\/Zermen-225x300.jpg\" alt=\"\" width=\"225\" height=\"300\" srcset=\"https:\/\/www.radiopiu.net\/wordpress\/wp-content\/uploads\/2018\/07\/Zermen-225x300.jpg 225w, https:\/\/www.radiopiu.net\/wordpress\/wp-content\/uploads\/2018\/07\/Zermen.jpg 540w\" sizes=\"auto, (max-width: 225px) 100vw, 225px\" \/>FELTRE\u00a0<\/strong>L&#8217;assessore alla Gestione del Territorio Adis Zatta ringrazia pubblicamente quanti, in vario modo, sono intervenuti e lo stanno facendo per rendere pi\u00f9 belli quartieri e frazioni della citt\u00e0. E&#8217; il caso, tra gli altri, dell&#8217;associazione \u201cIl Casel di Foen\u201d e di \u201cZermen per Zermen\u201d, che nei giorni scorsi hanno provveduto in proprio alla manutenzione di alcuni tratti del ciglio stradale delle rispettive frazioni. \u201cArmati\u201d di falce e decespugliatore, i volontari sono scesi in strada per tagliare l&#8217;erba al lato della carreggiata. Anche in altre frazioni, e non di meno nel centro storico come avvenuto nelle scorse scorse settimane, gruppi di cittadini si sono messi in moto per migliorare l&#8217;aspetto dei propri luoghi di residenza.<\/p><\/blockquote>\n<p><span style=\"color: #ff0000;\">L&#8217;ASSESSORE ADIS ZATTA<\/span><\/p>\n<audio class=\"wp-audio-shortcode\" id=\"audio-53541-3\" preload=\"none\" style=\"width: 100%;\" controls=\"controls\"><source type=\"audio\/mpeg\" src=\"http:\/\/www.radiopiu.net\/wordpress\/wp-content\/uploads\/2018\/07\/ADIS-ZATTA.mp3?_=3\" \/><a href=\"http:\/\/www.radiopiu.net\/wordpress\/wp-content\/uploads\/2018\/07\/ADIS-ZATTA.mp3\">http:\/\/www.radiopiu.net\/wordpress\/wp-content\/uploads\/2018\/07\/ADIS-ZATTA.mp3<\/a><\/audio>\n<p>&nbsp;<\/p>\n<p>&nbsp;<\/p>\n<p>&nbsp;<\/p>\n<p>&nbsp;<\/p>\n<blockquote>\n<h1 style=\"text-align: center;\">RIFUGI: CANER PRESENTA IL NUOVO PIANO<\/h1>\n<\/blockquote>\n<p><img loading=\"lazy\" decoding=\"async\" class=\" wp-image-29633 alignleft\" src=\"http:\/\/www.radiopiu.net\/wordpress\/wp-content\/uploads\/2017\/03\/350-2017-Ass.-Caner-300x229.jpg\" alt=\"\" width=\"234\" height=\"179\" \/><\/p>\n<p>Montagna, sviluppo turistico, valorizzazione del territorio. Oggi ne riparler\u00e0 Federico Caner, assessore regionale con referati al turismo, attivit\u00e0 promozionali, economia e sviluppo montano, programmazione fondi Ue. Caner presenter\u00e0<br \/>\na Venezia un nuovo piano per la valorizzazione dei rifugi alpini. \u00a0Si parler\u00e0 del nuovo bando del Por Fesr 2014-2020 per l\u2019erogazione di contributi<\/p>\n<p>&nbsp;<\/p>\n<p>&nbsp;<\/p>\n<p>&nbsp;<\/p>\n<p>&nbsp;<\/p>\n<p>&nbsp;<\/p>\n<blockquote>\n<h1>PROVINCE: CONTINUIT\u00c0 AI SERVIZI SOCIALI<\/h1>\n<\/blockquote>\n<p><strong><img loading=\"lazy\" decoding=\"async\" class=\"size-medium wp-image-53548 alignleft\" src=\"http:\/\/www.radiopiu.net\/wordpress\/wp-content\/uploads\/2018\/07\/people-850097_960_720-300x225.jpg\" alt=\"\" width=\"300\" height=\"225\" srcset=\"https:\/\/www.radiopiu.net\/wordpress\/wp-content\/uploads\/2018\/07\/people-850097_960_720-300x225.jpg 300w, https:\/\/www.radiopiu.net\/wordpress\/wp-content\/uploads\/2018\/07\/people-850097_960_720-768x576.jpg 768w, https:\/\/www.radiopiu.net\/wordpress\/wp-content\/uploads\/2018\/07\/people-850097_960_720.jpg 960w\" sizes=\"auto, (max-width: 300px) 100vw, 300px\" \/>VENEZIA<\/strong> Sette milioni di euro per aiutare le Province a dare continuit\u00e0 ai servizi sociale, in particolare quelli di assistenza extrascolastica ai minori disabili sensoriali, e oltre un milione di euro per le restanti funzioni non fondamentali, dando priorit\u00e0 alla Protezione civile, che gli enti intermedi continuano a svolgere nel territorio. Ammonta a 8 milioni di euro il finanziamento complessivo che la Regione Veneto destina nel 2018 alle sei amministrazioni provinciali del Venetoper pagare la funzioni, definite non fondamentali dalla riforma Delrio, che tali enti continuano a svolgere. \u201cCon il riparto 2018 \u2013sottolinea il vicepresidente della Giunta regionale Gianluca Forcolin \u2013 diamo continuit\u00e0 al percorso di stretta collaborazione e condivisione tra Regione ed enti intermedi che sta accompagnando verso un nuovo assetto amministrativo e istituzionale. Pur non condividendo l\u2019impostazione della riforma nazionale, in Veneto abbiamo cercato di trovare una soluzione condivisa che dia garanzie ai cittadini, ai servizi nel territorio e al personale degli enti intermedi\u201d.<\/p>\n<p>&nbsp;<\/p>\n<p>&nbsp;<\/p>\n<p>&nbsp;<\/p>\n<p>&nbsp;<\/p>\n<p>&nbsp;<\/p>\n<blockquote>\n<h1 style=\"text-align: left;\">DISTRETTO CULTURALE EVOLUTO<\/h1>\n<p><strong><img loading=\"lazy\" decoding=\"async\" class=\"size-medium wp-image-53549 alignleft\" src=\"http:\/\/www.radiopiu.net\/wordpress\/wp-content\/uploads\/2018\/07\/dolomites-2897227_960_720-300x199.jpg\" alt=\"\" width=\"300\" height=\"199\" srcset=\"https:\/\/www.radiopiu.net\/wordpress\/wp-content\/uploads\/2018\/07\/dolomites-2897227_960_720-300x199.jpg 300w, https:\/\/www.radiopiu.net\/wordpress\/wp-content\/uploads\/2018\/07\/dolomites-2897227_960_720-768x510.jpg 768w, https:\/\/www.radiopiu.net\/wordpress\/wp-content\/uploads\/2018\/07\/dolomites-2897227_960_720.jpg 960w\" sizes=\"auto, (max-width: 300px) 100vw, 300px\" \/><\/strong><\/p><\/blockquote>\n<p><strong>VENEZIA<\/strong> \u201cLa cultura costituisce una piattaforma privilegiata di comunicazione tra tutti i soggetti economici e sociali presenti in un territorio ed \u00e8 in grado di favorire lo sviluppo delle filiere produttive, divenendo strumento di crescita complessiva, di miglioramento della qualit\u00e0 della vita delle comunit\u00e0\u201d.<br \/>\nLo ha ribadito a Pieve di Cadore l\u2019assessore regionale alla cultura, Cristiano Corazzari per sensibilizzare le istituzioni locali al progetto di Distretto Culturale Evoluto delle Dolomiti Bellunesi e per dar vita al relativo tavolo tecnico.Segretariato, Regione del Veneto, Confindustria del Veneto e di Belluno e Fondazione Cariverona sono da tempo impegnati nella definizione di un tavolo tecnico che favorisca la preservazione, la tutela e la promozione del patrimonio culturale del \u201cDistretto delle Dolomiti Bellunesi\u201d. L\u2019obiettivo \u00e8 quello di sostenere politiche che garantiscano la protezione ma, soprattutto, la fruizione responsabile del patrimonio culturale materiale e immateriale legato al passato e al presente delle comunit\u00e0 afferenti al Distretto delle Dolomiti, istituito dal Ministero nel giugno 2016 e in particolare: la riqualificazione e il rilancio dell\u2019offerta turistica a livello nazionale e internazionale, l\u2019accrescimento e lo sviluppo delle aree e dei settori del distretto, il miglioramento dell\u2019efficienza nell\u2019organizzazione e nella produzione dei servizi, la conservazione e promozione del patrimonio culturale. \u201cSi tratta di processi complessi \u2013 ha concluso Corazzari \u2013 che per avere successo devono maturare ed essere fatti propri dai territori: oggi stiamo verificando il livello di maturazione raggiunto e la volont\u00e0 dei principali attori istituzionali di accompagnare questo percorso. La Regione ci crede\u201d.<\/p>\n<p>&nbsp;<\/p>\n<p>&nbsp;<\/p>\n<p>&nbsp;<\/p>\n<p>&nbsp;<\/p>\n<p>&nbsp;<\/p>\n<blockquote>\n<h1>LA TARGA A RICORDO DI GIOVANNI PAOLO II<\/h1>\n<\/blockquote>\n<p><strong><img loading=\"lazy\" decoding=\"async\" class=\"size-medium wp-image-53524 alignleft\" src=\"http:\/\/www.radiopiu.net\/wordpress\/wp-content\/uploads\/2018\/07\/targa_giovanni_paoloII-300x225.jpg\" alt=\"\" width=\"300\" height=\"225\" srcset=\"https:\/\/www.radiopiu.net\/wordpress\/wp-content\/uploads\/2018\/07\/targa_giovanni_paoloII-300x225.jpg 300w, https:\/\/www.radiopiu.net\/wordpress\/wp-content\/uploads\/2018\/07\/targa_giovanni_paoloII-768x576.jpg 768w, https:\/\/www.radiopiu.net\/wordpress\/wp-content\/uploads\/2018\/07\/targa_giovanni_paoloII-1024x768.jpg 1024w, https:\/\/www.radiopiu.net\/wordpress\/wp-content\/uploads\/2018\/07\/targa_giovanni_paoloII.jpg 1400w\" sizes=\"auto, (max-width: 300px) 100vw, 300px\" \/>AURONZO\u00a0<\/strong> Il ricordo di San Giovanni Paolo II rimarr\u00e0 vivo e indelebile ai piedi delle Tre Cime di Lavaredo. Domenica 8 luglio \u00e8 stata infatti scoperta e benedetta la targa in ricordo della visita in Cadore, nel 1996, di Giovanni Paolo II e che, grazie alla guida di Giuliano De Martin Topranin, pot\u00e8 raggiungere forcella Lavaredo per un momento di preghiera e riflessione. E sulla stessa targa, voluta dall\u2019amministrazione comunale di Auronzo di Cadore, \u00e8 stato impresso anche il motto di San Giovanni Paolo II \u201cNon abbiate paura\u201d. \u00abUn motto &#8211; come sottolineato dal vescovo emerito monsignor Giuseppe Andirich prima di benedire la targa &#8211; che dobbiamo ascoltare e contemplare, perch\u00e9 non dobbiamo temere il futuro, ma viverlo con fiducia e con la fede alla Madonna e a San Giovanni Paolo II\u00bb. A rappresentare il Comune di Auronzo era presente l\u2019assessore Andrea Costa che, con il collega Mauro Frigo, aveva posato nei giorni precedenti la lapide proprio ai piedi delle Tre Cime. Oltre alla partecipazione di autorit\u00e0 religiose e civili era presente la Corale dei Laghi di Vittorio Veneto, che ha accompagnato anche la Santa Messa, celebrata dal Vescovo Andrich e don Renzo Roncada nella chiesetta che fu costruita vicino al rifugio Auronzo durante la Grande Guerra. Il sindaco di Auronzo di Cadore, Tatiana Pais Becher, aveva invitato anche l\u2019Associazione Bellunesi nel Mondo a questa importante cerimonia. Per l\u2019Abm era presente il direttore Marco Crepaz, che ha voluto realizzare una serie di video e foto a 360\u00b0 pubblicati sulla pagina ufficiale facebook dell\u2019Associazione: \u00abUn modo per rendere partecipi &#8211; il commento di Crepaz &#8211; i nostri emigranti, che dall\u2019estero provano un grande affetto per la propria terra\u00bb.<\/p>\n<p>&nbsp;<\/p>\n<p>&nbsp;<\/p>\n<p>&nbsp;<\/p>\n<p>&nbsp;<\/p>\n<p>&nbsp;<\/p>\n<blockquote>\n<h1>MURI RICCHI DI COLORE<\/h1>\n<\/blockquote>\n<p><strong><img loading=\"lazy\" decoding=\"async\" class=\"size-full wp-image-43936 alignleft\" src=\"http:\/\/www.radiopiu.net\/wordpress\/wp-content\/uploads\/2018\/02\/LIMANA.jpg\" alt=\"\" width=\"254\" height=\"198\" \/><\/strong><\/p>\n<p>&nbsp;<\/p>\n<p>&nbsp;<\/p>\n<p>&nbsp;<\/p>\n<p>&nbsp;<\/p>\n<p><strong>LIMANA<\/strong> Finalmente un nuovo atrio e colorato per gli ospiti della struttura di Limana, il progetto alternanza scuola lavoro Comune-Catullo funziona.<br \/>\ndi Damiano Tormen<\/p>\n<audio class=\"wp-audio-shortcode\" id=\"audio-53541-4\" preload=\"none\" style=\"width: 100%;\" controls=\"controls\"><source type=\"audio\/mpeg\" src=\"http:\/\/www.radiopiu.net\/wordpress\/wp-content\/uploads\/2018\/07\/gr-10-damiano-limana-casa.mp3?_=4\" \/><a href=\"http:\/\/www.radiopiu.net\/wordpress\/wp-content\/uploads\/2018\/07\/gr-10-damiano-limana-casa.mp3\">http:\/\/www.radiopiu.net\/wordpress\/wp-content\/uploads\/2018\/07\/gr-10-damiano-limana-casa.mp3<\/a><\/audio>\n<p>&nbsp;<\/p>\n<p>&nbsp;<\/p>\n<p>&nbsp;<\/p>\n<p>&nbsp;<\/p>\n<p>&nbsp;<\/p>\n<h1>IL VOLO DELLA CIVETTA&#8230; E MOLTO ALTRO.<\/h1>\n<p><strong><img loading=\"lazy\" decoding=\"async\" class=\"size-medium wp-image-53536 alignleft\" src=\"http:\/\/www.radiopiu.net\/wordpress\/wp-content\/uploads\/2018\/07\/36360457_1201576983312375_3428264134280478720_n-200x300.jpg\" alt=\"\" width=\"200\" height=\"300\" srcset=\"https:\/\/www.radiopiu.net\/wordpress\/wp-content\/uploads\/2018\/07\/36360457_1201576983312375_3428264134280478720_n-200x300.jpg 200w, https:\/\/www.radiopiu.net\/wordpress\/wp-content\/uploads\/2018\/07\/36360457_1201576983312375_3428264134280478720_n.jpg 640w\" sizes=\"auto, (max-width: 200px) 100vw, 200px\" \/><\/strong><\/p>\n<p>&nbsp;<\/p>\n<p>&nbsp;<\/p>\n<p>&nbsp;<\/p>\n<p>&nbsp;<\/p>\n<p>&nbsp;<\/p>\n<p>&nbsp;<\/p>\n<p><strong>FALCADE<\/strong> Da Corvara al Parco Giochi di Caviola, la mostra e lo spettacolo della &#8220;Casa delle Civette&#8221; nell&#8217;Agordino. Dal 30 giugno il &#8220;circo&#8221; dei volati di Mario Kelemina \u00e8 di casa in Valle del Biois. Didattica di gruppo, foto con rapaci, piccoli voli e ogni giorno spettacoli alle 11 e alle 15.30. Ai nostri microfoni il protagonista Mario Kelemina<\/p>\n<audio class=\"wp-audio-shortcode\" id=\"audio-53541-5\" preload=\"none\" style=\"width: 100%;\" controls=\"controls\"><source type=\"audio\/mpeg\" src=\"http:\/\/www.radiopiu.net\/wordpress\/wp-content\/uploads\/2018\/07\/gr-10-osei-mario.mp3?_=5\" \/><a href=\"http:\/\/www.radiopiu.net\/wordpress\/wp-content\/uploads\/2018\/07\/gr-10-osei-mario.mp3\">http:\/\/www.radiopiu.net\/wordpress\/wp-content\/uploads\/2018\/07\/gr-10-osei-mario.mp3<\/a><\/audio>\n<p>&nbsp;<\/p>\n<p>&nbsp;<\/p>\n<p>&nbsp;<\/p>\n<p>&nbsp;<\/p>\n<p>&nbsp;<\/p>\n<blockquote>\n<h1>\u00a0UNO\/A STAGISTA UNIVERSITARIO\/A<\/h1>\n<\/blockquote>\n<p><strong><img loading=\"lazy\" decoding=\"async\" class=\"size-medium wp-image-53557 alignleft\" src=\"http:\/\/www.radiopiu.net\/wordpress\/wp-content\/uploads\/2018\/07\/pulse-818378_960_720-300x200.jpg\" alt=\"\" width=\"300\" height=\"200\" srcset=\"https:\/\/www.radiopiu.net\/wordpress\/wp-content\/uploads\/2018\/07\/pulse-818378_960_720-300x200.jpg 300w, https:\/\/www.radiopiu.net\/wordpress\/wp-content\/uploads\/2018\/07\/pulse-818378_960_720-768x512.jpg 768w, https:\/\/www.radiopiu.net\/wordpress\/wp-content\/uploads\/2018\/07\/pulse-818378_960_720.jpg 960w\" sizes=\"auto, (max-width: 300px) 100vw, 300px\" \/>BELLUNO<\/strong> Il Comitato d&#8217;Intesa di Belluno sta cercando un* studente* universitari* iscritto al percorso triennale di Economia (o analogo) all&#8217;Universit\u00e0 degli studi di Trento per svolgere uno stage curricolare all&#8217;interno del settore economico a supporto dell&#8217;area Europa del Centro studi, che si occupa di progettazione e rendicontazione di progetti e scambi europei. Tra le attivit\u00e0 principali del tirocinio, valevole ai fini dei crediti universitari, c&#8217;\u00e8 il supporto ai referenti Laura De Riz e Stefano Dal Farra per la stesura di budget e rendicontazione delle spese di quei progetti che si avvolgono dei finanziamenti nell&#8217;ambito del programma Erasmus+.Sar\u00e0 l&#8217;occasione per affinare le competenze nella gestione economica delle voci di un progetto di livello internazionale, che si avvale di diversi partner in altre nazioni europee (e non solo). Valore aggiunto \u00e8 la possibilit\u00e0 di lavorare a stretto contatto con uno dei pi\u00f9 importanti enti di coordinamento del Terzo settore in provincia di Belluno. L&#8217;esperienza si svolger\u00e0 infatti negli uffici del Comitato d&#8217;Intesa a Belluno, in via del Piave 5.Possono aderire alla proposta, resa possibile grazie ad una convenzione con l&#8217;universit\u00e0, tutti gli studenti in corso nelle facolt\u00e0 economiche o equivalenti dell&#8217;universit\u00e0 di Trento. La candidatura va presentata tramite invio di CV personale e aggiornato, accompagnato da lettera motivazionale, a centrostudiricerca@csvbelluno.it (all&#8217;attenzione di Laura De Riz). Saranno fatte delle apposite selezioni per individuare la figura di supporto. Il monte ore richiesto andr\u00e0 individuato assieme al candidato ritenuto idoneo. I crediti andranno concordati assieme all&#8217;universit\u00e0 tramite la stipula di un di un progetto di stage specifico.<\/p>\n<p>&nbsp;<\/p>\n<p>&nbsp;<\/p>\n<p>&nbsp;<\/p>\n<p>&nbsp;<\/p>\n<p>&nbsp;<\/p>\n<p>&nbsp;<\/p>\n<blockquote>\n<h1>\u00a0LE ULTIME TRAGICHE ORE DI VITA DI PANTANI<\/h1>\n<\/blockquote>\n<p><strong><img loading=\"lazy\" decoding=\"async\" class=\"size-medium wp-image-53558 alignleft\" src=\"http:\/\/www.radiopiu.net\/wordpress\/wp-content\/uploads\/2018\/07\/CESIO-300x120.jpg\" alt=\"\" width=\"300\" height=\"120\" srcset=\"https:\/\/www.radiopiu.net\/wordpress\/wp-content\/uploads\/2018\/07\/CESIO-300x120.jpg 300w, https:\/\/www.radiopiu.net\/wordpress\/wp-content\/uploads\/2018\/07\/CESIO.jpg 354w\" sizes=\"auto, (max-width: 300px) 100vw, 300px\" \/>CESIOMAGGIORE<\/strong> Cortometraggi per iniziativa della biblioteca di Cesiomaggiore in collaborazione con il Comune, sono tutti corti a chilometri zero. Il via domani sera con il giovane emigrante bellunese degli anni sessanta.<br \/>\n<strong>di Damiano Tormen<\/strong><\/p>\n<audio class=\"wp-audio-shortcode\" id=\"audio-53541-6\" preload=\"none\" style=\"width: 100%;\" controls=\"controls\"><source type=\"audio\/mpeg\" src=\"http:\/\/www.radiopiu.net\/wordpress\/wp-content\/uploads\/2018\/07\/gr-10-damiano-cesiomaggiore.mp3?_=6\" \/><a href=\"http:\/\/www.radiopiu.net\/wordpress\/wp-content\/uploads\/2018\/07\/gr-10-damiano-cesiomaggiore.mp3\">http:\/\/www.radiopiu.net\/wordpress\/wp-content\/uploads\/2018\/07\/gr-10-damiano-cesiomaggiore.mp3<\/a><\/audio>\n<p>&nbsp;<\/p>\n<p>&nbsp;<\/p>\n<p>&nbsp;<\/p>\n<p>&nbsp;<\/p>\n<p>&nbsp;<\/p>\n<p>&nbsp;<\/p>\n<blockquote>\n<h1>BEPI DE MARZI, PER LA DONNA<\/h1>\n<\/blockquote>\n<p><strong><img loading=\"lazy\" decoding=\"async\" class=\"size-full wp-image-53559 alignleft\" src=\"http:\/\/www.radiopiu.net\/wordpress\/wp-content\/uploads\/2018\/07\/logo_icrodaioli-logo.png\" alt=\"\" width=\"166\" height=\"167\" srcset=\"https:\/\/www.radiopiu.net\/wordpress\/wp-content\/uploads\/2018\/07\/logo_icrodaioli-logo.png 166w, https:\/\/www.radiopiu.net\/wordpress\/wp-content\/uploads\/2018\/07\/logo_icrodaioli-logo-150x150.png 150w\" sizes=\"auto, (max-width: 166px) 100vw, 166px\" \/>VAL DI ZOLDO<\/strong> Giovedi alle 21 nella sala Polifunzionale di Fusine il maestro Bepi De Marzi, fondatore e direttore dei Crodaioli regala una serata di musica a tutta la valle.<br \/>\nPresente in Zoldo tutti gli anni, ininterrottamente dal 2010, a volte animando anche pi\u00f9 serate consecutive e non, nella medesima stagione. E\u2019 lo speciale regalo alla valle di Zoldo del maestro Bepi De Marzi, autore di alcune delle pi\u00f9 note canzoni di montagna, apprezzate in tutto il mondo. Quest\u2019anno De Marzi non si smentisce e, invitato dalla Biblioteca civica Pellegrini, arriva a Fusine gioved\u00ec per una serata all\u2019insegna della donna; che anzi vuole essere una testimonianza contro la violenza alle donne.<br \/>\nE lo far\u00e0 come lo sa fare lui, in maniera magistrale: presenter\u00e0 e far\u00e0 cantare due cori femminili, il Coro Col di Lana di Livinallongo, diretto da Anna De Vich, e il quartetto Kantas di Codissago, coordinato da Anna D\u2019Inc\u00e0. \u201cVoci di donne 2018 in Zoldo: canti di speranza e di sofferenza sul dramma quotidiano della violenza alle donne\u201d \u00e8 il titolo che il maestro e gli organizzatori hanno voluto dare alla serata per invitare a riflettere, in maniera non retorica, ma sicuramente origianle, su una realt\u00e0 spesso sottovalutata dei nostri giorni.<\/p>\n<p><strong>di Brunella Moro<\/strong><\/p>\n<audio class=\"wp-audio-shortcode\" id=\"audio-53541-7\" preload=\"none\" style=\"width: 100%;\" controls=\"controls\"><source type=\"audio\/mpeg\" src=\"http:\/\/www.radiopiu.net\/wordpress\/wp-content\/uploads\/2018\/07\/gr-10-brunella-de-marci.mp3?_=7\" \/><a href=\"http:\/\/www.radiopiu.net\/wordpress\/wp-content\/uploads\/2018\/07\/gr-10-brunella-de-marci.mp3\">http:\/\/www.radiopiu.net\/wordpress\/wp-content\/uploads\/2018\/07\/gr-10-brunella-de-marci.mp3<\/a><\/audio>\n<p>&nbsp;<\/p>\n<p>&nbsp;<\/p>\n<p>&nbsp;<\/p>\n<p>&nbsp;<\/p>\n<h1>LETTURA ANIMATA, UNA SCOPERTA<\/h1>\n<p><strong><img loading=\"lazy\" decoding=\"async\" class=\"size-full wp-image-53560 alignleft\" src=\"http:\/\/www.radiopiu.net\/wordpress\/wp-content\/uploads\/2018\/07\/33965459_209785509802427_6546637251349053440_n.jpg\" alt=\"\" width=\"206\" height=\"274\" \/>AGORDO<\/strong> Per iniziativa della Biblioteca Archivio Storico dell&#8217;Istituto Minerario di Agordo si \u00e8 svolto il primo dei 4 appuntamenti con la lettura animata con l&#8217;ausilio di marionette, ombre cinesi, teatrino e piccola recitazione. Le leggende delle Dolomiti hanno affascinato i pi\u00f9 piccoli che hanno scoperto le tradizioni locali. Prossimo appuntamento sempre con partecipazione libera giovedi 26 luglio alle 17. Tira le somme del primo appuntamento la docente Diana Preloran. Giovedi 26 luglio alle 17 il secondo appuntamento in Viale Sommariva, per informazioni 347 1307930<\/p>\n<p>&nbsp;<\/p>\n<p>&nbsp;<\/p>\n<p>&nbsp;<\/p>\n<p><strong>DIANA PRELORAN<\/strong><\/p>\n<audio class=\"wp-audio-shortcode\" id=\"audio-53541-8\" preload=\"none\" style=\"width: 100%;\" controls=\"controls\"><source type=\"audio\/mpeg\" src=\"http:\/\/www.radiopiu.net\/wordpress\/wp-content\/uploads\/2018\/07\/DIANA-PRELORAN.mp3?_=8\" \/><a href=\"http:\/\/www.radiopiu.net\/wordpress\/wp-content\/uploads\/2018\/07\/DIANA-PRELORAN.mp3\">http:\/\/www.radiopiu.net\/wordpress\/wp-content\/uploads\/2018\/07\/DIANA-PRELORAN.mp3<\/a><\/audio>\n<p>&nbsp;<\/p>\n<p>&nbsp;<\/p>\n<p>&nbsp;<\/p>\n<p>&nbsp;<\/p>\n<p>&nbsp;<\/p>\n<p>&nbsp;<\/p>\n<blockquote>\n<h1>LE REGOLE DELLA VALLE DEL BIOIS<\/h1>\n<\/blockquote>\n<p><strong><img loading=\"lazy\" decoding=\"async\" class=\" wp-image-35075 alignleft\" src=\"http:\/\/www.radiopiu.net\/wordpress\/wp-content\/uploads\/2017\/08\/Locandina-Regole-Valle-del-Biois-Copia-164x300.jpg\" alt=\"\" width=\"103\" height=\"188\" \/>CANALE D&#8217;AGORDO<\/strong> La mostra ripercorre sinteticamente le tappe principali della nascita e dello sviluppo delle propriet\u00e0 collettive della Valle del Biois, intesa come gli odierni comuni di Canale d&#8217;Agordo, Falcade e Vallada Agordina. Dopo un excursus sull&#8217;origine di tali propriet\u00e0, ne viene tracciata una storia sintetica, con la descrizione della struttura di tali organismo e delle sue funzioni. Una raccolta di pannelli traccia con immagini e brevi testi l&#8217;intero sviluppo storico delle Regole, concludendo con una descrizione della nuova legge sui domini collettivi (2017).<br \/>\nNell&#8217;esposizione saranno messi in mostra anche interessanti oggetti connessi con la vita dell&#8217;istituto regoliero. La mostra verr\u00e0 inaugurata venerd\u00ec 13 luglio 2018 ore 17.30 presso la Casa delle Regole di Canale d&#8217;Agordo.<br \/>\nIn occasione dell&#8217;inaugurazione verr\u00e0 presentato il progetto di restauro delle tavole dipinte dell&#8217;atri\u00f3l de San Silv\u00e8ster con la presenza della restauratrice dottoressa Paola De Santis, del presidente della Fondazione Silla-Ghedina di Cortina d&#8217;Ampezzo, dottor Gianquinto Perissinotto e dell&#8217;Union Ladina Val Biois.<\/p>\n<p>&nbsp;<\/p>\n<p>&nbsp;<\/p>\n<p>&nbsp;<\/p>\n<p>&nbsp;<\/p>\n<p>&nbsp;<\/p>\n<blockquote>\n<h1>GRANDE GUERRA, PROSEGUONO LE INIZIATIVE<\/h1>\n<\/blockquote>\n<p><strong><img loading=\"lazy\" decoding=\"async\" class=\" wp-image-53561 alignleft\" src=\"http:\/\/www.radiopiu.net\/wordpress\/wp-content\/uploads\/2018\/07\/stock-photo-an-australian-soldier-carrying-a-wounded-comrade-during-the-wwi-dardanelles-campaign-245965933-300x245.jpg\" alt=\"\" width=\"200\" height=\"163\" srcset=\"https:\/\/www.radiopiu.net\/wordpress\/wp-content\/uploads\/2018\/07\/stock-photo-an-australian-soldier-carrying-a-wounded-comrade-during-the-wwi-dardanelles-campaign-245965933-300x245.jpg 300w, https:\/\/www.radiopiu.net\/wordpress\/wp-content\/uploads\/2018\/07\/stock-photo-an-australian-soldier-carrying-a-wounded-comrade-during-the-wwi-dardanelles-campaign-245965933.jpg 450w\" sizes=\"auto, (max-width: 200px) 100vw, 200px\" \/><\/strong><\/p>\n<p>&nbsp;<\/p>\n<p>&nbsp;<\/p>\n<p>&nbsp;<\/p>\n<p>&nbsp;<\/p>\n<p><strong>FALCADE<\/strong><\/p>\n<audio class=\"wp-audio-shortcode\" id=\"audio-53541-9\" preload=\"none\" style=\"width: 100%;\" controls=\"controls\"><source type=\"audio\/mpeg\" src=\"http:\/\/www.radiopiu.net\/wordpress\/wp-content\/uploads\/2018\/07\/gr-10-grande-guerra-falcade.mp3?_=9\" \/><a href=\"http:\/\/www.radiopiu.net\/wordpress\/wp-content\/uploads\/2018\/07\/gr-10-grande-guerra-falcade.mp3\">http:\/\/www.radiopiu.net\/wordpress\/wp-content\/uploads\/2018\/07\/gr-10-grande-guerra-falcade.mp3<\/a><\/audio>\n<p>&nbsp;<\/p>\n<p>&nbsp;<\/p>\n<p>&nbsp;<\/p>\n<p>&nbsp;<\/p>\n<p>&nbsp;<\/p>\n<blockquote>\n<h1>VENERDI E SABATO FRATUS PER IL PARCO<\/h1>\n<\/blockquote>\n<p><strong><img loading=\"lazy\" decoding=\"async\" class=\"wp-image-53562 alignleft\" src=\"http:\/\/www.radiopiu.net\/wordpress\/wp-content\/uploads\/2018\/07\/FRATUS-300x300.jpg\" alt=\"\" width=\"207\" height=\"207\" srcset=\"https:\/\/www.radiopiu.net\/wordpress\/wp-content\/uploads\/2018\/07\/FRATUS-300x300.jpg 300w, https:\/\/www.radiopiu.net\/wordpress\/wp-content\/uploads\/2018\/07\/FRATUS-150x150.jpg 150w, https:\/\/www.radiopiu.net\/wordpress\/wp-content\/uploads\/2018\/07\/FRATUS.jpg 492w\" sizes=\"auto, (max-width: 207px) 100vw, 207px\" \/>SANTA GIUSTINA<\/strong> Sar\u00e0 lo scrittore e poeta Tiziano Fratus il primo ospite della lunga estate dei 25 anni del Parco Nazionale Dolomiti Bellunesi, un compleanno celebrato con oltre quaranta eventi nei quindici Comuni sul cui territorio si estende l&#8217;area protetta. Fratus sar\u00e0 infatti alla biblioteca civica di Santa Giustina venerd\u00ec 13 luglio alle 18 per inaugurare la sua mostra fotografica e, il giorno dopo, condurr\u00e0 una passeggiata lungo la Via dell&#8217;Acqua dal Mulino di Santa Libera fino all&#8217;Ostello Altanon.<br \/>\nTiziano Fratus (Bergamo, 1975) \u00e8 uno scrittore affermato, autore di diversi volumi pubblicati da importanti editori e responsabile di rubriche e spazi fissi su quotidiani e periodici nazionali. (FOTO ATELIER POESIA)<\/p>\n<p>&nbsp;<\/p>\n<p>&nbsp;<\/p>\n<p>&nbsp;<\/p>\n<p>&nbsp;<\/p>\n<p>&nbsp;<\/p>\n<blockquote>\n<h1>RADIO PIU&#8217; CONSIGLIA,\u00a0 FABBRICA EMOZIONI<\/h1>\n<p><strong><img loading=\"lazy\" decoding=\"async\" class=\"size-medium wp-image-53563 alignleft\" src=\"http:\/\/www.radiopiu.net\/wordpress\/wp-content\/uploads\/2018\/07\/roller-334802_960_720-300x199.jpg\" alt=\"\" width=\"300\" height=\"199\" srcset=\"https:\/\/www.radiopiu.net\/wordpress\/wp-content\/uploads\/2018\/07\/roller-334802_960_720-300x199.jpg 300w, https:\/\/www.radiopiu.net\/wordpress\/wp-content\/uploads\/2018\/07\/roller-334802_960_720-768x510.jpg 768w, https:\/\/www.radiopiu.net\/wordpress\/wp-content\/uploads\/2018\/07\/roller-334802_960_720.jpg 960w\" sizes=\"auto, (max-width: 300px) 100vw, 300px\" \/>ALLEGHE<\/strong> Il Comune di Alleghe organizza la 22esima tourne\u00e8 delle Dolomiti, con il concerto del gruppo vocale Cristallo, venerdi alle 21 in sala Antonio Franceschini del palaghiaccio di Alleghe.<\/p><\/blockquote>\n<p><strong>CANALE D&#8217;AGORDO<\/strong> Sabato e domenica tradizionale sagra del Redentore a Feder di Canale d&#8217;Agordo. Sabato alle 19.30 apertura tendone e cucina con men\u00f9 di piatti tipici, alle 21 ballo liscio con i Tirataie. Domenica alle 9 apertura tendone, 11 messa, 12.30 cucina, 14.30 gioco della tombola per bambini e adulti, 16.30 tiro alla fune, 19 processione e fiaccolata, 19.30 cucina, 20.30 ballo liscio con La Tua Idea. Immancabili i dolci fatti in casa e la pesca di beneficienza con l&#8217;associazione El Van.<\/p>\n<p><strong>AGORDO<\/strong> Domenica escursione con la sezione agordina del Cai al Lago Crespeina e Sas Ciampac (2672 metri). Partenza da Agordo alle 6.30 e alle 6.45 partenza per Passo Gardena. Tempo 5-6 ore, dislivello 800 metri. Informazioni e iscrizioni 380 6983040<\/p>\n<p><strong>ALPAGO<\/strong> Cresce il vespa club Alpago ed \u00e8 di nuovo tempo di festa, domenica gli appuntamenti raddoppiano<br \/>\ndi Roberto Bona.<\/p>\n<audio class=\"wp-audio-shortcode\" id=\"audio-53541-10\" preload=\"none\" style=\"width: 100%;\" controls=\"controls\"><source type=\"audio\/mpeg\" src=\"http:\/\/www.radiopiu.net\/wordpress\/wp-content\/uploads\/2018\/07\/ALPAGO.mp3?_=10\" \/><a href=\"http:\/\/www.radiopiu.net\/wordpress\/wp-content\/uploads\/2018\/07\/ALPAGO.mp3\">http:\/\/www.radiopiu.net\/wordpress\/wp-content\/uploads\/2018\/07\/ALPAGO.mp3<\/a><\/audio>\n<p>&nbsp;<\/p>\n<p>&nbsp;<\/p>\n<p>&nbsp;<\/p>\n<p>&nbsp;<\/p>\n<p>&nbsp;<\/p>\n<p><img loading=\"lazy\" decoding=\"async\" class=\" wp-image-53564 alignleft\" src=\"http:\/\/www.radiopiu.net\/wordpress\/wp-content\/uploads\/2018\/07\/22154533_1489529344471881_4422449747002397801_n-300x300.jpg\" alt=\"\" width=\"139\" height=\"139\" srcset=\"https:\/\/www.radiopiu.net\/wordpress\/wp-content\/uploads\/2018\/07\/22154533_1489529344471881_4422449747002397801_n-300x300.jpg 300w, https:\/\/www.radiopiu.net\/wordpress\/wp-content\/uploads\/2018\/07\/22154533_1489529344471881_4422449747002397801_n-150x150.jpg 150w, https:\/\/www.radiopiu.net\/wordpress\/wp-content\/uploads\/2018\/07\/22154533_1489529344471881_4422449747002397801_n-768x768.jpg 768w, https:\/\/www.radiopiu.net\/wordpress\/wp-content\/uploads\/2018\/07\/22154533_1489529344471881_4422449747002397801_n.jpg 784w\" sizes=\"auto, (max-width: 139px) 100vw, 139px\" \/><\/p>\n<p>Vincenzo Agostini, RITORNA SU RADIO PIU. DOPO 5 ANNI DI NUOVO IN VOCE CON I RACCONTI DA DOLOMITI POST.\u00a0 RACCONTI DOLOMITICI: LUNEDI ALLE 10.30 (MARTEDI ALLE 13.00 E ALLE 21), VENERDI ALLE 13.00 E ALLE 21 (DOMENICA ALLE 10.30).\u00a0 PRIMA PUNTATA LUNEDI 16 LUGLIO ALLE 10.30<br \/>\nSU RADIOPIU<\/p>\n<p>&nbsp;<\/p>\n<audio class=\"wp-audio-shortcode\" id=\"audio-53541-11\" preload=\"none\" style=\"width: 100%;\" controls=\"controls\"><source type=\"audio\/mpeg\" src=\"http:\/\/www.radiopiu.net\/wordpress\/wp-content\/uploads\/2018\/07\/PROMO-VINCENZO-AGORSTINI-DOLOMITI-POST.mp3?_=11\" \/><a href=\"http:\/\/www.radiopiu.net\/wordpress\/wp-content\/uploads\/2018\/07\/PROMO-VINCENZO-AGORSTINI-DOLOMITI-POST.mp3\">http:\/\/www.radiopiu.net\/wordpress\/wp-content\/uploads\/2018\/07\/PROMO-VINCENZO-AGORSTINI-DOLOMITI-POST.mp3<\/a><\/audio>\n<p><a href=\"https:\/\/www.facebook.com\/mirko.mezzacasa\/videos\/10217271265720518\/\">VIDEO SU FACEBOOK CLICCA QUI<\/a><\/p>\n<p>&nbsp;<\/p>\n<p>&nbsp;<\/p>\n<p>&nbsp;<\/p>\n<p>&nbsp;<\/p>\n<h1>MUSICA ED EMOZIONI AD ALTA QUOTA<\/h1>\n<p><strong><img loading=\"lazy\" decoding=\"async\" class=\"size-medium wp-image-53565 alignleft\" src=\"http:\/\/www.radiopiu.net\/wordpress\/wp-content\/uploads\/2018\/07\/rose-1905792_960_720-300x171.jpg\" alt=\"\" width=\"300\" height=\"171\" srcset=\"https:\/\/www.radiopiu.net\/wordpress\/wp-content\/uploads\/2018\/07\/rose-1905792_960_720-300x171.jpg 300w, https:\/\/www.radiopiu.net\/wordpress\/wp-content\/uploads\/2018\/07\/rose-1905792_960_720-768x438.jpg 768w, https:\/\/www.radiopiu.net\/wordpress\/wp-content\/uploads\/2018\/07\/rose-1905792_960_720.jpg 960w\" sizes=\"auto, (max-width: 300px) 100vw, 300px\" \/>FALCADE SAN PELLEGRINO<\/strong> Quando la musica risuona nel silenzio della montagna mentre il sole sorge e il buio della notte lascia spazio alla luce del giorno, ogni melodia diventa ancora pi\u00f9 speciale. Chi ha avuto la fortuna di partecipare ad un&#8217; Alba delle Dolomiti sul Col Margherita ricorda ogni attimo: la salita in funivia insieme agli artisti, la breve passeggiata per raggiungere il luogo del concerto, l&#8217;aria frizzante del mattino, i primi raggi del sole che illuminano le cime dolomitiche e la straordinaria sensazione di totale armonia con la natura circostante. Un appuntamento davvero imperdibile per chi ama la musica d&#8217;autore e le magiche atmosfere d&#8217;alta quota. L&#8217;edizione 2018 dell&#8217;Alba delle Dolomiti, anche quest&#8217;anno appuntamento clou della rassegna I Suoni delle Dolomiti, giunta alla sua della 24\u00b0 edizione, avr\u00e0 luogo sabato 14 luglio alle ore 6:00 sempre nella spettacolare cornice naturale del Col Margherita (2514 m), con le voci dell\u2019Ensemble Burnogual\u00e0 che sotto la guida della cantante e compositrice Maria Pia Devito affronteranno in chiave jazzistica le \u201cMoresche\u201d di Orlando di Lasso \u2013 cicli carnevaleschi, parodie, danze \u2013 portando il pubblico in storie di schiavi e liberti, tra suoni di mondi lontani, imitazioni di strumenti e versi di animali. Dal Passo San Pellegrino si potr\u00e0 salire facilmente in quota con la funivia aperta per l\u2019occasione dalle ore 3:30 alle 6 e i biglietti, in vendita a soli \u20ac 9,00 A\/R, potranno essere acquistati da mercoled\u00ec 11 luglio presso la cassa dell\u2019impianto e gli Uffici Turistici di Moena. In caso di brutto tempo l&#8217;evento avr\u00e0 luogo alle ore 11:00 al Teatro Navalge di Moena.<\/p>\n<p>&nbsp;<\/p>\n<p>&nbsp;<\/p>\n<p>&nbsp;<\/p>\n<blockquote>\n<h1>APPUNTAMENTI AL PARCO<\/h1>\n<\/blockquote>\n<p><strong><img loading=\"lazy\" decoding=\"async\" class=\"size-medium wp-image-53566 alignleft\" src=\"http:\/\/www.radiopiu.net\/wordpress\/wp-content\/uploads\/2018\/07\/landscape-1622718_960_720-300x90.jpg\" alt=\"\" width=\"300\" height=\"90\" srcset=\"https:\/\/www.radiopiu.net\/wordpress\/wp-content\/uploads\/2018\/07\/landscape-1622718_960_720-300x90.jpg 300w, https:\/\/www.radiopiu.net\/wordpress\/wp-content\/uploads\/2018\/07\/landscape-1622718_960_720-768x230.jpg 768w, https:\/\/www.radiopiu.net\/wordpress\/wp-content\/uploads\/2018\/07\/landscape-1622718_960_720.jpg 960w\" sizes=\"auto, (max-width: 300px) 100vw, 300px\" \/>FELTRE<\/strong> Il programma di eventi per celebrare i 25 anni del Parco propone, sabato 14 luglio, tre interessanti appuntamenti. Nel pomeriggio, dalle 16 alle 18, i bambini dai 5 ai 12 anni potranno partecipare ad un laboratorio ludico didattico sulla biodiversit\u00e0 del Parcoin piazza Piloni a Belluno. Il secondo appuntamento \u00e8 in localit\u00e0 Vandela di Faller, a Sovramonte alle 21 con il concerto Note di notte Concerto tra i meleti, un suggestivo concerto tra le piante da frutto dell\u2019altopiano di Sovramonte, protagonista la Fisorchestra &#8220;G. Rossini&#8221;, diretta dal Maestro Ernesto Bellus. Chiude il programma l\u2019evento Una montagna di stelle: una serata di osservazioni astronomiche al rifugio Pramperet, organizzata dalle sezioni CAI di Oderzo e Val di Zoldo, in collaborazione con il Gruppo Astrofili Agordini. Le osservazioni iniziano alle ore 21.00. I tre appuntamenti sono tutti ad ingresso libero.<\/p>\n<p>&nbsp;<\/p>\n<p>&nbsp;<\/p>\n<p>&nbsp;<\/p>\n<p>&nbsp;<\/p>\n<p>&nbsp;<\/p>\n<h1 style=\"text-align: center;\">VIABILITA&#8217;<\/h1>\n<p><span style=\"color: #ff0000;\"><strong>REGIONALE 203 AGORDINA, RIFACIMENTO SEGNALETICA ORIZZONTALE, PRUDENZA<\/strong><\/span><\/p>\n<p><img loading=\"lazy\" decoding=\"async\" class=\"size-medium wp-image-53567 alignleft\" src=\"http:\/\/www.radiopiu.net\/wordpress\/wp-content\/uploads\/2018\/07\/stock-photo-traffic-jams-in-the-city-road-rush-hour-227875240-300x213.jpg\" alt=\"\" width=\"300\" height=\"213\" srcset=\"https:\/\/www.radiopiu.net\/wordpress\/wp-content\/uploads\/2018\/07\/stock-photo-traffic-jams-in-the-city-road-rush-hour-227875240-300x213.jpg 300w, https:\/\/www.radiopiu.net\/wordpress\/wp-content\/uploads\/2018\/07\/stock-photo-traffic-jams-in-the-city-road-rush-hour-227875240.jpg 450w\" sizes=\"auto, (max-width: 300px) 100vw, 300px\" \/>DOMANI E GIOVEDI DALLE 7 ALLE 18 SENSO UNICO ALTERNATO CON MOVIERI (O SEMAFAORO) MA ANCHE INTERDIZIONI TOTALE AL TRANSITO PER VEICOLI CON MASSA A PIENO CARICO SUPERIORE A 3,5 TONELLATE LUNGO LA PROVINCIALE 347 DEL DURAN E CEREDA IN COMUNE DI VALLE DI CADORE PER LAVORI DI RIPRISTINO PIANO VIABILE.<\/p>\n<p>FINO AL 13 LUGLIO LUNGO LA REGIONALE 203 AGORDINA AL PERON DI SEDICO SENSO UNICO ALTERNATO CON MOVIERI O SEMAFORO PER LAVORI DI RIPRISTINO DEL MURO<\/p>\n<p>La strada esterna alla galleria delle anime in Comune di Cencenighe \u00e8 interdetta al traffico per un tratto di oltre un chilometro.<\/p>\n<p>FINO A DOMANI IN COMUNE DI ZOPPE&#8217; DI CADORE (PROVINCIALE 7 PER ZOPPE&#8217;) INTERRUZIONI TOTALI AL TRAFFICO IN ENTRAMBI I SENSI DI MARCIA, DALLE 7.30 ALLE 9.45; DALLE 10 ALLE 12.15, DALLE 13.30 ALLE 15.15; DALLE 15.30 ALLE 17.30<\/p>\n<p>FINO A revoca senso unico con impianto semaforico sulla SP8 per San Tomaso anche sabato e domenica<\/p>\n<p>FINO al 16 luglio senso unico alternato e brevi interruzioni al traffico sulla provinciale 347 del Duran e Cereda alla fine dell&#8217;abitato di Forno di Zoldo per lavori sul versante.<\/p>\n<p>FINO al 17 luglio (domenica esclusa) senso unico e brevi interruzioni alla viabilit\u00e0 (massimo 10 minuti) a Valle di Cadore lungo la 347 del Duran e Cereda.<\/p>\n<p>FINO al 3 agosto lungo la 251 della Val di Zoldo e Cellina senso unico alternato in localit\u00e0 Fusine per la messa in sicurezza del piano viabile.<\/p>\n<p>FINO al 3 agosto senso unico alternato regolato da semaforo lungo la provinciale 24 della Valparola in Comune di Livinallongo del Col di Lana compresi festivi e prefestivi anche infrasettimanali per consolidamento del corpo stradale.<\/p>\n<p>&nbsp;<\/p>\n<p>&nbsp;<\/p>\n<p>&nbsp;<\/p>\n<p>&nbsp;<\/p>\n<h1 style=\"text-align: center;\">MOTORI<\/h1>\n<p><img loading=\"lazy\" decoding=\"async\" class=\"size-medium wp-image-53568 alignleft\" src=\"http:\/\/www.radiopiu.net\/wordpress\/wp-content\/uploads\/2018\/07\/motorcycle-2651286_960_720-300x184.jpg\" alt=\"\" width=\"300\" height=\"184\" srcset=\"https:\/\/www.radiopiu.net\/wordpress\/wp-content\/uploads\/2018\/07\/motorcycle-2651286_960_720-300x184.jpg 300w, https:\/\/www.radiopiu.net\/wordpress\/wp-content\/uploads\/2018\/07\/motorcycle-2651286_960_720-768x472.jpg 768w, https:\/\/www.radiopiu.net\/wordpress\/wp-content\/uploads\/2018\/07\/motorcycle-2651286_960_720.jpg 960w\" sizes=\"auto, (max-width: 300px) 100vw, 300px\" \/>Ad Ampezzo Carnico bellunesi in evidenza nella terza prova di Coppa Italia. Dieci equipaggi si sono dati battaglia in Friuli. Fontana e Pongan 22esimi assoluti, terza posizione di classe. De Barba si mette in luce tra i giovani. Nel servizio di Roberto Bona tutti i risultati dei bellunesi<\/p>\n<audio class=\"wp-audio-shortcode\" id=\"audio-53541-12\" preload=\"none\" style=\"width: 100%;\" controls=\"controls\"><source type=\"audio\/mpeg\" src=\"http:\/\/www.radiopiu.net\/wordpress\/wp-content\/uploads\/2018\/07\/gr-10-motori-roberto-bona.mp3?_=12\" \/><a href=\"http:\/\/www.radiopiu.net\/wordpress\/wp-content\/uploads\/2018\/07\/gr-10-motori-roberto-bona.mp3\">http:\/\/www.radiopiu.net\/wordpress\/wp-content\/uploads\/2018\/07\/gr-10-motori-roberto-bona.mp3<\/a><\/audio>\n<p>&nbsp;<\/p>\n<p>&nbsp;<\/p>\n<p>&nbsp;<\/p>\n<p>&nbsp;<\/p>\n<p>&nbsp;<\/p>\n<h1 style=\"text-align: center;\">CALCIO<\/h1>\n<p><img loading=\"lazy\" decoding=\"async\" class=\"size-medium wp-image-53569 alignleft\" src=\"http:\/\/www.radiopiu.net\/wordpress\/wp-content\/uploads\/2018\/07\/ball-3499453_960_720-300x174.jpg\" alt=\"\" width=\"300\" height=\"174\" srcset=\"https:\/\/www.radiopiu.net\/wordpress\/wp-content\/uploads\/2018\/07\/ball-3499453_960_720-300x174.jpg 300w, https:\/\/www.radiopiu.net\/wordpress\/wp-content\/uploads\/2018\/07\/ball-3499453_960_720-768x446.jpg 768w, https:\/\/www.radiopiu.net\/wordpress\/wp-content\/uploads\/2018\/07\/ball-3499453_960_720.jpg 960w\" sizes=\"auto, (max-width: 300px) 100vw, 300px\" \/><\/p>\n<p>&nbsp;<\/p>\n<p>&nbsp;<\/p>\n<p>Il punto sul campionato femminile agordino, nel servizio di Marco Gaz<\/p>\n<audio class=\"wp-audio-shortcode\" id=\"audio-53541-13\" preload=\"none\" style=\"width: 100%;\" controls=\"controls\"><source type=\"audio\/mpeg\" src=\"http:\/\/www.radiopiu.net\/wordpress\/wp-content\/uploads\/2018\/07\/gr-10-campionato-agordino-femminile.mp3?_=13\" \/><a href=\"http:\/\/www.radiopiu.net\/wordpress\/wp-content\/uploads\/2018\/07\/gr-10-campionato-agordino-femminile.mp3\">http:\/\/www.radiopiu.net\/wordpress\/wp-content\/uploads\/2018\/07\/gr-10-campionato-agordino-femminile.mp3<\/a><\/audio>\n<p>&nbsp;<\/p>\n<p>&nbsp;<\/p>\n<p>&nbsp;<\/p>\n<h1 style=\"text-align: center;\">TENNIS<\/h1>\n<p><img loading=\"lazy\" decoding=\"async\" class=\"size-medium wp-image-53576 alignleft\" src=\"http:\/\/www.radiopiu.net\/wordpress\/wp-content\/uploads\/2018\/07\/tennis-racket-155963_960_720-300x150.png\" alt=\"\" width=\"300\" height=\"150\" srcset=\"https:\/\/www.radiopiu.net\/wordpress\/wp-content\/uploads\/2018\/07\/tennis-racket-155963_960_720-300x150.png 300w, https:\/\/www.radiopiu.net\/wordpress\/wp-content\/uploads\/2018\/07\/tennis-racket-155963_960_720-768x384.png 768w, https:\/\/www.radiopiu.net\/wordpress\/wp-content\/uploads\/2018\/07\/tennis-racket-155963_960_720.png 960w\" sizes=\"auto, (max-width: 300px) 100vw, 300px\" \/><\/p>\n<p>&nbsp;<\/p>\n<p>Via al citt\u00e0 di Agordo, primo aggiornamento con Matteo Reolon, appuntamento quotidiano con i risultati e le curiosita&#8217; dal lungo Rova<\/p>\n<audio class=\"wp-audio-shortcode\" id=\"audio-53541-14\" preload=\"none\" style=\"width: 100%;\" controls=\"controls\"><source type=\"audio\/mpeg\" src=\"http:\/\/www.radiopiu.net\/wordpress\/wp-content\/uploads\/2018\/07\/gr-10-tennis.mp3?_=14\" \/><a href=\"http:\/\/www.radiopiu.net\/wordpress\/wp-content\/uploads\/2018\/07\/gr-10-tennis.mp3\">http:\/\/www.radiopiu.net\/wordpress\/wp-content\/uploads\/2018\/07\/gr-10-tennis.mp3<\/a><\/audio>\n<p>&nbsp;<\/p>\n<p>&nbsp;<\/p>\n<p>&nbsp;<\/p>\n<p>&nbsp;<\/p>\n<h1 style=\"text-align: center;\">METEO<\/h1>\n<p><img loading=\"lazy\" decoding=\"async\" class=\"size-medium wp-image-53570 alignleft\" src=\"http:\/\/www.radiopiu.net\/wordpress\/wp-content\/uploads\/2018\/07\/clouds-323426_960_720-300x190.jpg\" alt=\"\" width=\"300\" height=\"190\" srcset=\"https:\/\/www.radiopiu.net\/wordpress\/wp-content\/uploads\/2018\/07\/clouds-323426_960_720-300x190.jpg 300w, https:\/\/www.radiopiu.net\/wordpress\/wp-content\/uploads\/2018\/07\/clouds-323426_960_720-768x486.jpg 768w, https:\/\/www.radiopiu.net\/wordpress\/wp-content\/uploads\/2018\/07\/clouds-323426_960_720.jpg 960w\" sizes=\"auto, (max-width: 300px) 100vw, 300px\" \/><strong>Martedi 10<\/strong> Tempo atteso: Poco o parzialmente nuvoloso al mattino, poi aumento della nuvolosit\u00e0 specie dalle ore centrali, per nubi soprattutto a sviluppo cumuliforme. Nel pomeriggio saranno possibili fenomeni di instabilit\u00e0, inizialmente locali, pi\u00f9 sparsi nelle ore serali.<br \/>\nPrecipitazioni: Al mattino generalmente assenti; qualche locale precipitazione nelle prime ore (10%); dal pomeriggio, ma soprattutto verso sera, crescente probabilit\u00e0 fino a medio alta (50\/60%) di rovesci e temporali sparsi a partire dalle Dolomiti, dove non si escludono locali fenomeni intensi a fine giornata.<br \/>\nTemperature: In lieve aumento le minime, massime in calo, specie nelle valli, per il minore soleggiamento. Su Prealpi a 1500 m min 12\u00b0C max 16\u00b0C, a 2000 m min 9\u00b0C max 13\u00b0C. Su Dolomiti a 2000 m min 9\u00b0C max 13\u00b0C, a 3000 m min 2\u00b0C max 5\u00b0C.<br \/>\nVenti: Nelle valli deboli\/moderati a regime di brezza; in quota deboli\/moderati dai quadranti occidentali, a 10-20 km\/h a 2000 m, 15-30 km\/h a 3000 m.<br \/>\n<strong>Mercoledi 11<\/strong> Tempo atteso: Tempo variabile\/instabile, con cielo irregolarmente nuvoloso su tutte le zone montane con qualche parziale schiarita al mattino soprattutto sulle Dolomiti.<br \/>\nPrecipitazioni: Probabilit\u00e0 medio bassa (25-50%) di rovesci e temporali sparsi gi\u00e0 al mattino, pi\u00f9 probabili al pomeriggio\/sera fino a medio alta (50-75%).<br \/>\nTemperature: Minime stazionarie o in lieve aumento, massime in diminuzione. Su Prealpi a 1500 m min 12\u00b0C max 14\u00b0C, a 2000 m min 9\u00b0C max 11\u00b0C. Su Dolomiti a 2000 m min 9\u00b0C max 11\u00b0C, a 3000 m min 2\u00b0C max 3\u00b0C.<br \/>\nVenti: Nelle valli deboli\/moderati a regime di brezza; in quota ancora deboli\/moderati occidentali, a 5-20 km\/h a 2000 m, 15-30 km\/h a 3000 m.<br \/>\n<strong>Giovedi 12<\/strong>Tempo variabile con nuvolosit\u00e0 irregolare e pi\u00f9 consistente dalle ore centrali; possibili precipitazioni a carattere di rovescio o di temporale perlopi\u00f9 a carattere locale. Nuvolosit\u00e0 in attenuazione verso sera, con possibilit\u00e0 di qualche residuo rovescio o isolato temporale. Minime stazionarie, massime in lieve rialzo. Venerdi 13Giornata pi\u00f9 soleggiata rispetto alle precedenti ma ancora con moderata attivit\u00e0 cumuliforme dalle ore centrali associata a qualche rovescio o temporale. Temperature minime in lieve calo, massime in aumento, su valori prossimi o di poco superiori alla norma. Previsore: M.Padoan<\/p>\n<p>&nbsp;<\/p>\n","protected":false},"excerpt":{"rendered":"<p>MESSAGGIO INVIATO POCO FA A RADIO PIU&#8217;, INOLTRATO PER UNA RISPOSTA AL SINDACO DI AGORDO E A GSP. Localit\u00e0 Faion, ore 8:50. Zero acqua anche oggi, siamo stufi, noi come nelle abitazioni vicine! Ho gi\u00e0 avvisato anche il sindaco, nessuna comunicazione nei giorni scorsi e oggi siamo tornati come una settimana fa! Non ce la&hellip;<\/p>\n","protected":false},"author":1,"featured_media":53530,"comment_status":"closed","ping_status":"closed","sticky":false,"template":"","format":"standard","meta":{"_monsterinsights_skip_tracking":false,"_monsterinsights_sitenote_active":false,"_monsterinsights_sitenote_note":"","_monsterinsights_sitenote_category":0,"footnotes":""},"categories":[1,2,49],"tags":[],"class_list":["post-53541","post","type-post","status-publish","format-standard","has-post-thumbnail","hentry","category-senza-categoria","category-news","category-news-18","category-1","category-2","category-49","description-off"],"img_url":"https:\/\/www.radiopiu.net\/wordpress\/wp-content\/uploads\/2018\/07\/2014.jpg","_links":{"self":[{"href":"https:\/\/www.radiopiu.net\/wordpress\/wp-json\/wp\/v2\/posts\/53541","targetHints":{"allow":["GET"]}}],"collection":[{"href":"https:\/\/www.radiopiu.net\/wordpress\/wp-json\/wp\/v2\/posts"}],"about":[{"href":"https:\/\/www.radiopiu.net\/wordpress\/wp-json\/wp\/v2\/types\/post"}],"author":[{"embeddable":true,"href":"https:\/\/www.radiopiu.net\/wordpress\/wp-json\/wp\/v2\/users\/1"}],"replies":[{"embeddable":true,"href":"https:\/\/www.radiopiu.net\/wordpress\/wp-json\/wp\/v2\/comments?post=53541"}],"version-history":[{"count":0,"href":"https:\/\/www.radiopiu.net\/wordpress\/wp-json\/wp\/v2\/posts\/53541\/revisions"}],"wp:featuredmedia":[{"embeddable":true,"href":"https:\/\/www.radiopiu.net\/wordpress\/wp-json\/wp\/v2\/media\/53530"}],"wp:attachment":[{"href":"https:\/\/www.radiopiu.net\/wordpress\/wp-json\/wp\/v2\/media?parent=53541"}],"wp:term":[{"taxonomy":"category","embeddable":true,"href":"https:\/\/www.radiopiu.net\/wordpress\/wp-json\/wp\/v2\/categories?post=53541"},{"taxonomy":"post_tag","embeddable":true,"href":"https:\/\/www.radiopiu.net\/wordpress\/wp-json\/wp\/v2\/tags?post=53541"}],"curies":[{"name":"wp","href":"https:\/\/api.w.org\/{rel}","templated":true}]}}