{"id":53609,"date":"2018-07-11T10:29:50","date_gmt":"2018-07-11T08:29:50","guid":{"rendered":"http:\/\/www.radiopiu.net\/wordpress\/?p=53609"},"modified":"2018-07-17T10:57:44","modified_gmt":"2018-07-17T08:57:44","slug":"giornale-radiopiu-11-luglio-2018-direttore-mirko-mezzacasa","status":"publish","type":"post","link":"https:\/\/www.radiopiu.net\/wordpress\/giornale-radiopiu-11-luglio-2018-direttore-mirko-mezzacasa\/","title":{"rendered":"GIORNALE RADIOPIU 11 LUGLIO 2018 DIRETTORE MIRKO MEZZACASA"},"content":{"rendered":"<div class=\"s_p1864b9ox g_p1864h5kg clearfix\">\n<div class=\"clearfix v_p1864b7y4\">\n<div class=\"clearfix _42ef\">\n<div class=\"c_p1864b7y3\">\n<div class=\"_6a _5u5j\">\n<div class=\"_6a _5u5j _6b\">\n<div id=\"feed_subtitle_1438301562:8498635646228739585\" class=\"_5pcp _5lel _2jyu _232_\">\n<div id=\"u_fetchstream_22_v\" class=\"_6a _43_1 _65bs _4f-9 _nws _21p0 _fol\">\n<h1 id=\"u_fetchstream_22_z\" class=\"_6a uiPopover\">DA SOLO CONTRO IL SEMAFORO<\/h1>\n<\/div>\n<\/div>\n<\/div>\n<\/div>\n<\/div>\n<\/div>\n<\/div>\n<\/div>\n<blockquote>\n<div class=\"s_p1864b9ox g_p1864h5kg clearfix\">\n<div class=\"clearfix v_p1864b7y4\">\n<div class=\"clearfix _42ef\">\n<div class=\"c_p1864b7y3\">\n<div class=\"_6a _5u5j\">\n<div class=\"_6a _5u5j _6b\">\n<div id=\"feed_subtitle_1438301562:8498635646228739585\" class=\"_5pcp _5lel _2jyu _232_\">\n<div id=\"u_fetchstream_22_v\" class=\"_6a _43_1 _65bs _4f-9 _nws _21p0 _fol\">\n<div><\/div>\n<\/div>\n<\/div>\n<\/div>\n<\/div>\n<\/div>\n<\/div>\n<\/div>\n<\/div>\n<div id=\"js_30r\" class=\"_5pbx userContent _3576\" data-ft=\"{&quot;tn&quot;:&quot;K&quot;}\">\n<p><strong>BELLUNO<\/strong> Incidente autonomo davanti al Tribunale di Belluno, probabilmente un malore \u00e8 la causa che ha provocato il sinistro all&#8217;altezza del semaforo dove l&#8217;auto era in procinto di partire. Nessun ferito grave. Qualche inevitabile problema al traffico<\/p>\n\n\t\t\t<style type='text\/css'>\n\t\t\t\t#gallery-1 {\n\t\t\t\t\tmargin: auto;\n\t\t\t\t}\n\t\t\t\t#gallery-1 .gallery-item {\n\t\t\t\t\tfloat: left;\n\t\t\t\t\tmargin-top: 10px;\n\t\t\t\t\ttext-align: center;\n\t\t\t\t\twidth: 33%;\n\t\t\t\t}\n\t\t\t\t#gallery-1 img {\n\t\t\t\t\tborder: 2px solid #cfcfcf;\n\t\t\t\t}\n\t\t\t\t#gallery-1 .gallery-caption {\n\t\t\t\t\tmargin-left: 0;\n\t\t\t\t}\n\t\t\t\t\/* see gallery_shortcode() in wp-includes\/media.php *\/\n\t\t\t<\/style>\n\t\t<div id='gallery-1' class='dt-gallery-container gallery galleryid-53609 gallery-columns-3 gallery-size-thumbnail'><dl class='gallery-item'>\n\t\t\t\t<dt class='gallery-icon landscape'>\n\t\t\t\t\t<a class=\"rollover\" href='https:\/\/www.radiopiu.net\/wordpress\/giornale-radiopiu-11-luglio-2018-direttore-mirko-mezzacasa\/b4bb048f-69e3-4c93-aa74-e2e63f03217d\/'><img loading=\"lazy\" decoding=\"async\" width=\"150\" height=\"150\" src=\"https:\/\/www.radiopiu.net\/wordpress\/wp-content\/uploads\/2018\/07\/b4bb048f-69e3-4c93-aa74-e2e63f03217d-150x150.jpg\" class=\"attachment-thumbnail size-thumbnail\" alt=\"\" \/><\/a>\n\t\t\t\t<\/dt><\/dl><dl class='gallery-item'>\n\t\t\t\t<dt class='gallery-icon landscape'>\n\t\t\t\t\t<a class=\"rollover\" href='https:\/\/www.radiopiu.net\/wordpress\/giornale-radiopiu-11-luglio-2018-direttore-mirko-mezzacasa\/de604088-5c4d-4c07-a4d3-c107bf80c1f5\/'><img loading=\"lazy\" decoding=\"async\" width=\"150\" height=\"150\" src=\"https:\/\/www.radiopiu.net\/wordpress\/wp-content\/uploads\/2018\/07\/de604088-5c4d-4c07-a4d3-c107bf80c1f5-150x150.jpg\" class=\"attachment-thumbnail size-thumbnail\" alt=\"\" \/><\/a>\n\t\t\t\t<\/dt><\/dl><dl class='gallery-item'>\n\t\t\t\t<dt class='gallery-icon landscape'>\n\t\t\t\t\t<a class=\"rollover\" href='https:\/\/www.radiopiu.net\/wordpress\/giornale-radiopiu-11-luglio-2018-direttore-mirko-mezzacasa\/b3e4d3c0-bfb9-41f7-a4e2-72bc6dde18bd\/'><img loading=\"lazy\" decoding=\"async\" width=\"150\" height=\"150\" src=\"https:\/\/www.radiopiu.net\/wordpress\/wp-content\/uploads\/2018\/07\/b3e4d3c0-bfb9-41f7-a4e2-72bc6dde18bd-150x150.jpg\" class=\"attachment-thumbnail size-thumbnail\" alt=\"\" \/><\/a>\n\t\t\t\t<\/dt><\/dl><br style=\"clear: both\" \/>\n\t\t\t<\/div>\n\n<\/div>\n<h1><\/h1>\n<\/blockquote>\n<h1><\/h1>\n<p>&nbsp;<\/p>\n<blockquote>\n<h1>TEMPORALI. STATO DI ATTENZIONE IN VENETO FINO ALLA MEZZANOTTE<\/h1>\n<\/blockquote>\n<p><strong>VENEZIA<\/strong> Per oggi, le previsioni meteo emesse dall\u2019Arpav indicano condizioni di spiccata instabilit\u00e0, con probabili rovesci e temporali sparsi, a tratti diffusi specie nella mattinata, a partire dalle Dolomiti e in successivo trasferimento a Prealpi e a parte della pianura. In proposito, il Centro Funzionale Decentrato della Protezione Civile della Regione Veneto ha emesso un avviso di criticit\u00e0 idrogeologica su tutto il territorio, con dichiarazione dello Stato di Attenzione, valevole fino alla mezzanotte. Lo Stato di Attenzione \u00e8 riferito allo scenario \u201ctemporali forti\u201d. Attenzione Rinforzata \u00e8 dichiarata per l\u2019area di Borca di Cadore<\/p>\n<p>&nbsp;<\/p>\n<p>&nbsp;<\/p>\n<p>&nbsp;<\/p>\n<div class=\"page-title title-left solid-bg breadcrumbs-mobile-off page-title-responsive-enabled\">\n<div class=\"wf-wrap\">\n<div class=\"page-title-head hgroup\">\n<h1 class=\"entry-title\">PIANO SOCIO SANITARIO I SINDACI OTTENGONO IL RINVIO DEL PARERE ALLA REGIONE<\/h1>\n<\/div>\n<\/div>\n<\/div>\n<div id=\"main\" class=\"sidebar-right sidebar-divider-off\">\n<div class=\"wf-wrap\">\n<div class=\"wf-container-main\">\n<div id=\"content\" class=\"content\" role=\"main\">\n<article id=\"post-53665\" class=\"vertical-fancy-style post-53665 post type-post status-publish format-standard has-post-thumbnail category-news category-news-18 category-2 category-49 description-off\">\n<div class=\"entry-content\">\n<p align=\"LEFT\"><img loading=\"lazy\" decoding=\"async\" class=\"size-medium wp-image-12142 alignleft\" src=\"http:\/\/www.radiopiu.net\/wordpress\/wp-content\/uploads\/2015\/10\/Ospedale_San_Martino_Belluno_2014-300x161.jpg\" alt=\"\" width=\"300\" height=\"161\" \/>Risultato positivo per i sindaci bellunesi dall\u2019incontro di ieri a Venezia sul piano socio-sanitario: ottenuto infatti il rinvio del parere, chiesto dalla Regione Veneto, la quale incontrer\u00e0 la prossima settimana le Conferenze dei Sindaci di tutto il Veneto per l\u2019illustrazione del piano. A comunicarlo sono Jacopo Massaro e Paolo Perenzin, rispettivamente presidente e vicepresidente della Conferenza dei Sindaci dell\u2019Ulss 1 Dolomiti: \u00abNon appena ricevuta la convocazione da parte della Regione, \u2013 spiega Massaro \u2013 abbiamo subito inviato una lettera a Venezia spiegando che non era possibile fornire un parere sul piano, poich\u00e9 mancavano e mancano tuttora i presupposti. Innanzitutto, non ci \u00e8 stato ancora illustrato il piano, inoltre non \u00e8 ancora stata costituita la Conferenza Regionale Permanente per la programmazione sanitaria e socio-sanitaria\u00bb. La Conferenza Regionale Permanente, fino a poco tempo fa, era costituita dai presidenti delle Conferenze dei Sindaci delle allora 21 Ulss veneta; con la riorganizzazione delle aziende sanitarie e con le linee guida pubblicate pochi mesi fa, solamente tre conferenze si sono gi\u00e0 adeguate al nuovo sistema, mentre le altre lo faranno nelle prossime settimane. \u00abAlla riunione di marted\u00ec a Venezia, erano stati convocati i tre presidenti \u201crinnovati\u201d e quelli delle \u201cvecchie\u201d Conferenze. \u2013 spiega Perenzin, presente all\u2019incontro \u2013 Per questo, il mio intervento si \u00e8 concentrato soprattutto sul metodo, prima ancora che sul merito, e questo ha trovato concordi tutti i colleghi. Per questo, abbiamo presentato richiesta di rinvio, accolta dall\u2019assessore Luca Coletto\u00bb. Il risultato positivo per i sindaci bellunesi \u00e8 significativo: \u00abSiamo stati convocati per mercoled\u00ec 18 luglio a Montecchio, nel Vicentino, per un\u2019illustrazione del piano socio-sanitario, \u2013 continua Perenzin \u2013 e nel frattempo si proceder\u00e0 all\u2019istituzione della Conferenza Regionale Permanente\u00bb. Su una cosa, per\u00f2, i primi cittadini non mollano: senza il parere dei sindaci, il piano non pu\u00f2 andare avanti. \u00abIl parere della Conferenza Permanente ha pari dignit\u00e0 della Quinta Commissione Sanit\u00e0 in Regione, non si pu\u00f2 pensare che il nostro ruolo sia solo quello di essere ascoltati in audizione in Commissione: la Conferenza Permanente ha un ruolo attivo in questo processo, senza il suo parere l\u2019iter del piano non pu\u00f2 proseguire\u00bb, conclude Perenzin. Per il parere sul piano, ci sar\u00e0 poi da attendere l\u2019esito della Conferenza dei Sindaci dell\u2019Ulss 1 Dolomiti: \u00abUna volta che la Regione ci illustrer\u00e0 il piano, \u2013 spiega Massaro \u2013 lo porteremo davanti all\u2019esecutivo, ne discuteremo, e solo una volta avuto il mandato dai sindaci potremo esprimere un parere definitivo\u00bb.<\/p>\n<\/div>\n<\/article>\n<\/div>\n<\/div>\n<\/div>\n<\/div>\n<p>&nbsp;<\/p>\n<p>&nbsp;<\/p>\n<p>&nbsp;<\/p>\n<p>&nbsp;<\/p>\n<blockquote>\n<h1>RIVERSO SUL VOLANTE, ERA UBRIACO. RITIRATA LA PATENTE AL MEDICO<\/h1>\n<\/blockquote>\n<p><strong><img loading=\"lazy\" decoding=\"async\" class=\"size-full wp-image-43250 alignleft\" src=\"http:\/\/www.radiopiu.net\/wordpress\/wp-content\/uploads\/2018\/02\/POLIZIA-PALETTA.jpg\" alt=\"\" width=\"297\" height=\"170\" \/>BELLUNO<\/strong> Nella mattina di ieri gli uomini delle Volanti, impegnati in attivit\u00e0 di controllo del territorio straordinario, sono intervenuti a Santa Giustina dove hanno individuato un\u2019auto ferma a bordo strada, con il motore acceso, con all\u2019interno una persona riversa sul volante. Gli agenti prontamente hanno aperto la portiera dell\u2019auto per verificare le condizioni dell\u2019uomo, constatando che appariva poco lucido, tanto da non riuscire ad esprimersi in modo comprensibile e che all\u2019interno dell\u2019auto c\u2019era un forte odore di alcool. L\u2019uomo, un medico quarantatreenne originario di Feltre ma non residente in questa provincia, durante il controllo ha subito manifestato i sintomi riconducibili all\u2019abuso di sostanze alcoliche. I poliziotti hanno poi accertato che aveva precedenti per guida in stato di ebbrezza alcoolica, per i quali era stato indagato e in seguito sottoposto ai servizi socialmente utili; inoltre, hanno verificato che il suo titolo di guida era scaduto nell\u2019aprile scorso e che aveva un permesso provvisorio per guidare valido fino alla data del 10 luglio 2018. Infatti stamattina l\u2019uomo si sarebbe dovuto presentare per la visita in commissione medica. Gli agenti, considerati i precedenti e vista la sua situazione amministrativa lo hanno sottoposto all\u2019alcol test, riscontrando un tasso alcoolemico di 2.80 g\/l (il limite, lo ricordiamo, \u00e8 di 0.50g\/l). Dopo tale accertamento il medico \u00e8 stato accompagnato al pronto soccorso di Feltre in ambulanza perch\u00e9 riferiva agli operatori di sentirsi male; tuttavia poco pi\u00f9 tardi la Volante ha ricevuto una seconda segnalazione riguardante l\u2019indagato che, dopo aver tentato di uscire dall\u2019autoambulanza, e dopo aver comunque in ospedale ricevuto le cure necessarie, si era allontanato a piedi, evidentemente ancora in preda ai fumi dell\u2019alcool. Considerato il suo stato ed intuendo che sarebbe ritornato alla propria auto per mettersi alla guida, la pattuglia si \u00e8 subito mossa per intercettarlo, riuscendo a fermarlo poco dopo; sottoposto nuovamente ad alcool test \u00e8 risultato avere ancora un tasso alcoolemico pari a 2,80 g\/l. A questo punto i poliziotti hanno accompagnato il medico in Questura e lo hanno denunciato all\u2019Autorit\u00e0 Giudiziaria per guida in stato di ebrezza alcolica\u00a0 gli agenti hanno provveduto inoltre al ritiro della patente dell\u2019uomo per la trasmissione in Prefettura. Ricordiamo ancora una volta che mettersi alla guida di un veicolo in stato di ubriachezza \u00e8 decisamente pericoloso, non solo per se stessi ma anche per gli altri; in questi casi gli interventi della Squadra Volante sono particolarmente importanti per scongiurare rischi di incidenti.<\/p>\n<p>&nbsp;<\/p>\n<p>&nbsp;<\/p>\n<h1>LADRI PER FAME<\/h1>\n<blockquote><p><strong>SEREN DEL GRAPPA<\/strong> Il parroco Don Pasquale ha denunciato un insolito furto, i ladri hanno rubato il cibo del centro estivo. Asportati, probabilmente per fame, i generi alimentari ovvero la merenda dei partecipanti al centro<\/p><\/blockquote>\n<p>&nbsp;<\/p>\n<p>&nbsp;<\/p>\n<p>&nbsp;<\/p>\n<h1>FAION, NIENTE ACQUA\u00a0 PROBLEMI CONTINUI<\/h1>\n<h3>MESSAGGIO INVIATO\u00a0 A RADIO PIU&#8217;, INOLTRATO PER UNA RISPOSTA AL SINDACO DI AGORDO E A GSP.<\/h3>\n<blockquote><p><em><strong><img loading=\"lazy\" decoding=\"async\" class=\"size-full wp-image-53648 alignleft\" src=\"http:\/\/www.radiopiu.net\/wordpress\/wp-content\/uploads\/2018\/07\/download-7.jpg\" alt=\"\" width=\"259\" height=\"194\" \/>Localit\u00e0 Faion, ore 8:50. Zero acqua anche oggi, siamo stufi, noi come nelle abitazioni vicine! Ho gi\u00e0 avvisato anche il sindaco, nessuna comunicazione nei giorni scorsi e oggi siamo tornati come una settimana fa! Non ce la facciamo pi\u00f9!<\/strong><\/em><\/p><\/blockquote>\n<p>Il sindaco di Agordo, Sisto Da Roit ha gi\u00e0 mosso importanti passi.<em> &#8220;Oltre al responsabile dell&#8217;uffIcio tecnico di GSP &#8211; ci ha detto &#8211;\u00a0 ho contattato il presidente dell&#8217;Ato Acqua (organismo che sovrintende all&#8217;attivit\u00e0 di GSP) informandolo che valuter\u00f2 con i cittadini la possibilit\u00e0 di avviare una pratica di diffida per la sospensione del servizio idrico. Il presidente mi ha assicurato che oggi pomeriggio andr\u00e0 in assemblea\u00a0 GSP per perorare la causa, poi riferir\u00e0. Attendo risposte inoltre dal responsabile dell&#8217;ufficio tecnico di GSO. L&#8217;auspicio \u00e8 uno soltanto: che ne vengano fuori&#8221;<\/em><\/p>\n<p>Ieri sera il sindaco di Agordo ha confermato che oggi ci sar\u00e0 un incontro tra i condomini continuamente alle prese con la mancanza d&#8217;acqua (da otto mesi) e i tecnici di GSP&#8230;il problema sar\u00e0 risolto?<\/p>\n<p>&nbsp;<\/p>\n<p>&nbsp;<\/p>\n<p>&nbsp;<\/p>\n<p>&nbsp;<\/p>\n<blockquote>\n<h1>CHIUDE LA PROVINCIALE 2 (diramazione alla principale) , MA NON VENERDI GIORNO DELL&#8217;EVENTO NEL PARCO NAZIONALE DELLE DOLOMITI BELLUNESI<\/h1>\n<\/blockquote>\n<p><strong><img loading=\"lazy\" decoding=\"async\" class=\"size-medium wp-image-53598 alignleft\" src=\"http:\/\/www.radiopiu.net\/wordpress\/wp-content\/uploads\/2018\/07\/cartellivolpezOKP6010061-300x225.jpg\" alt=\"\" width=\"300\" height=\"225\" srcset=\"https:\/\/www.radiopiu.net\/wordpress\/wp-content\/uploads\/2018\/07\/cartellivolpezOKP6010061-300x225.jpg 300w, https:\/\/www.radiopiu.net\/wordpress\/wp-content\/uploads\/2018\/07\/cartellivolpezOKP6010061-768x576.jpg 768w, https:\/\/www.radiopiu.net\/wordpress\/wp-content\/uploads\/2018\/07\/cartellivolpezOKP6010061.jpg 992w\" sizes=\"auto, (max-width: 300px) 100vw, 300px\" \/>GOSALDO<\/strong> E&#8217; corretta l&#8217;ordinanza di chiusura della provinciale 2 dir.\u00a0 in Valle del Mis, ma anche che venerd\u00ec i lavori si fermeranno per permettere che l&#8217;evento a Pian de le Loppe possa essere raggiunto dagli escursionisti.<br \/>\nAndiamo con ordine, questa l&#8217;ordinanza:\u00a0 PROVINCIALE 2 VALLE DEL MIS INTERDIZIONE TOTALE ALLA CIRCOLAZIONE DI VEICOLI E PEDONI DA OGGI AL 20 LUGLIO PER INTERRAMENTO LINEA 20 KV DIRAMAZIONE TITELE-VECCHIO PONTE TORRENTE MIS-GOSALDO.<\/p>\n<p><span style=\"color: #ff0000;\"><strong>ATTENZIONE LA STRADA PER I LAGO DEL MIS E&#8217; COMUNQUE APERTA TRATTANDOSI DI UNA DIRAMAZIONE.<\/strong><\/span><\/p>\n<p>Stamane la preoccupazione fatta notare sulle pagine facebook di RADIOPIU:<em> &#8220;Si mettono a lavorare giusto nei giorni di scavo archeologico zona California. Proprio dal 9 al 20 e il giorno 13 prima giornata di scavo aperto al pubblico. Giornata del\u00a0Parco N.D.B. Pubblico che non pu\u00f2 raggiungere lo scavo se non a piedi attraverso qualche sentiero e lasciando l&#8217;auto lontana dallo scavo&#8221;.<\/em><\/p>\n<p>A questa lecita considerazione arriva la confortante risposta del sindaco GIOCONDO DALLE FESTE<br \/>\nIL SERVIZIO DI RADIO PIU<\/p>\n<audio class=\"wp-audio-shortcode\" id=\"audio-53609-1\" preload=\"none\" style=\"width: 100%;\" controls=\"controls\"><source type=\"audio\/mpeg\" src=\"http:\/\/www.radiopiu.net\/wordpress\/wp-content\/uploads\/2018\/07\/GR10-GIOCONDO.mp3?_=1\" \/><a href=\"http:\/\/www.radiopiu.net\/wordpress\/wp-content\/uploads\/2018\/07\/GR10-GIOCONDO.mp3\">http:\/\/www.radiopiu.net\/wordpress\/wp-content\/uploads\/2018\/07\/GR10-GIOCONDO.mp3<\/a><\/audio>\n<p>&nbsp;<\/p>\n<p>&nbsp;<\/p>\n<p>&nbsp;<\/p>\n<p>&nbsp;<\/p>\n<blockquote>\n<h1>INCONTRO PER I FONDI DI CONFINE<\/h1>\n<\/blockquote>\n<p><strong><img loading=\"lazy\" decoding=\"async\" class=\"size-medium wp-image-53643 alignleft\" src=\"http:\/\/www.radiopiu.net\/wordpress\/wp-content\/uploads\/2018\/07\/WhatsApp-Image-2018-07-10-at-10.26.45-300x168.jpeg\" alt=\"\" width=\"300\" height=\"168\" srcset=\"https:\/\/www.radiopiu.net\/wordpress\/wp-content\/uploads\/2018\/07\/WhatsApp-Image-2018-07-10-at-10.26.45-300x168.jpeg 300w, https:\/\/www.radiopiu.net\/wordpress\/wp-content\/uploads\/2018\/07\/WhatsApp-Image-2018-07-10-at-10.26.45-768x431.jpeg 768w, https:\/\/www.radiopiu.net\/wordpress\/wp-content\/uploads\/2018\/07\/WhatsApp-Image-2018-07-10-at-10.26.45-1024x575.jpeg 1024w, https:\/\/www.radiopiu.net\/wordpress\/wp-content\/uploads\/2018\/07\/WhatsApp-Image-2018-07-10-at-10.26.45.jpeg 1600w\" sizes=\"auto, (max-width: 300px) 100vw, 300px\" \/>ROCCA PIETORE<\/strong> Incontro al Teaz ieri, con progettisti, professionisti e funzionari del Comune per fare il punto sul progettone che vede Rocca Pietore Comune capofila. Lavori infrastrutturali, ospitalit\u00e0 diffusa, marketing&#8230;.10 milioni di euro\u00a0 da gestire.<\/p>\n<p><strong>IL SINDACO DI ROCCA PIETORE ANDREA DE BERNARDIN<\/strong><\/p>\n<audio class=\"wp-audio-shortcode\" id=\"audio-53609-2\" preload=\"none\" style=\"width: 100%;\" controls=\"controls\"><source type=\"audio\/mpeg\" src=\"http:\/\/www.radiopiu.net\/wordpress\/wp-content\/uploads\/2018\/07\/ANDREA.mp3?_=2\" \/><a href=\"http:\/\/www.radiopiu.net\/wordpress\/wp-content\/uploads\/2018\/07\/ANDREA.mp3\">http:\/\/www.radiopiu.net\/wordpress\/wp-content\/uploads\/2018\/07\/ANDREA.mp3<\/a><\/audio>\n<p>&nbsp;<\/p>\n<p>&nbsp;<\/p>\n<p>&nbsp;<\/p>\n<p>&nbsp;<\/p>\n<blockquote>\n<h1>LUXOTTICA, OGGI ALLA RADIO<\/h1>\n<\/blockquote>\n<p><img loading=\"lazy\" decoding=\"async\" class=\"size-full wp-image-48459 alignleft\" src=\"http:\/\/www.radiopiu.net\/wordpress\/wp-content\/uploads\/2018\/05\/luxottica.jpg\" alt=\"\" width=\"244\" height=\"207\" \/><\/p>\n<p>&nbsp;<\/p>\n<p>Alle 10.30 e alle 1900 Cisl la voce di lavoratori con Nicola Brancher e Paolo Chissal\u00e8. L&#8217;argomento principale il rinnovo del contratto, accenneremo anche al problema parcheggi dopo la raccolta firme (1100) per tenere vivo il problema. Intanto d&#8217;ha ancora da fare l&#8217;incontro tra la commissione trasporti e l&#8217;azienda.<\/p>\n<audio class=\"wp-audio-shortcode\" id=\"audio-53609-3\" preload=\"none\" style=\"width: 100%;\" controls=\"controls\"><source type=\"audio\/mpeg\" src=\"http:\/\/www.radiopiu.net\/wordpress\/wp-content\/uploads\/2018\/07\/gr-11-luxottica-brancher-chisale.mp3?_=3\" \/><a href=\"http:\/\/www.radiopiu.net\/wordpress\/wp-content\/uploads\/2018\/07\/gr-11-luxottica-brancher-chisale.mp3\">http:\/\/www.radiopiu.net\/wordpress\/wp-content\/uploads\/2018\/07\/gr-11-luxottica-brancher-chisale.mp3<\/a><\/audio>\n<p>&nbsp;<\/p>\n<p>&nbsp;<\/p>\n<p>&nbsp;<\/p>\n<p>&nbsp;<\/p>\n<blockquote>\n<h1>OPERAZIONE TRASPARENZA E COMUNICAZIONE<\/h1>\n<\/blockquote>\n<p><strong><img loading=\"lazy\" decoding=\"async\" class=\"size-medium wp-image-8247 alignleft\" src=\"http:\/\/www.radiopiu.net\/wordpress\/wp-content\/uploads\/2015\/07\/08-300x225.jpg\" alt=\"\" width=\"300\" height=\"225\" \/>TAIBON<\/strong> L\u2019amministrazione comunale di Taibon organizza una serata informativa sul tema \u201cIl sistema di bilancio degli enti locali\u201d, giovedi 12 luglio alle 20 nella sala ex Municipio di Piazza San Rocco. La popolazione, le associazioni del territorio sono inviati a partecipare per condividere un momento di approfondimento rispetto alle modalit\u00e0 di gestione delle risorse da parte dei Comuni.<\/p>\n<audio class=\"wp-audio-shortcode\" id=\"audio-53609-4\" preload=\"none\" style=\"width: 100%;\" controls=\"controls\"><source type=\"audio\/mpeg\" src=\"http:\/\/www.radiopiu.net\/wordpress\/wp-content\/uploads\/2018\/07\/SILVIA.mp3?_=4\" \/><a href=\"http:\/\/www.radiopiu.net\/wordpress\/wp-content\/uploads\/2018\/07\/SILVIA.mp3\">http:\/\/www.radiopiu.net\/wordpress\/wp-content\/uploads\/2018\/07\/SILVIA.mp3<\/a><\/audio>\n<p>&nbsp;<\/p>\n<h1><\/h1>\n<p>&nbsp;<\/p>\n<p>&nbsp;<\/p>\n<blockquote><p>&nbsp;<\/p>\n<h1><\/h1>\n<h1><\/h1>\n<h1>SOPRALLUOGO AI CANTIERI, LAVORI PER 1 MILIONE DI EURO<\/h1>\n<\/blockquote>\n<p><strong><img loading=\"lazy\" decoding=\"async\" class=\"size-medium wp-image-53620 alignleft\" src=\"http:\/\/www.radiopiu.net\/wordpress\/wp-content\/uploads\/2018\/07\/IMG_20180710_091810-300x173.jpg\" alt=\"\" width=\"300\" height=\"173\" srcset=\"https:\/\/www.radiopiu.net\/wordpress\/wp-content\/uploads\/2018\/07\/IMG_20180710_091810-300x173.jpg 300w, https:\/\/www.radiopiu.net\/wordpress\/wp-content\/uploads\/2018\/07\/IMG_20180710_091810-768x443.jpg 768w, https:\/\/www.radiopiu.net\/wordpress\/wp-content\/uploads\/2018\/07\/IMG_20180710_091810-1024x590.jpg 1024w\" sizes=\"auto, (max-width: 300px) 100vw, 300px\" \/>FELTRE<\/strong> L&#8217;assessore alla Gestione del Territorio del Comune di Feltre Adis Zatta e l&#8217;ingegner Gaspare Andreella, direttore dei lavori, hanno accompagnato\u00a0 i rappresentanti degli organi di informazione ad un sopralluogo conoscitivo delle opere in corso di esecuzione in localit\u00e0 Mugnai e Farra. Si tratta, in entrambi i casi, di lavori di regimazione delle acque per la mitigazione del rischio idrogeologico, per i quali sono state investite complessivamente risorse per un milione di euro, derivanti dal Fondo per i Comuni di Confine.<br \/>\nA Mugnai l\u2019intervento consiste nella realizzazione di una cassa di espansione (una sorta di grande \u201cpolmone idrico\u201d), tesa a limitare le portate che dalla frazione Mugnai scolano nel torrente Musil attraverso l\u2019area agricola delle risorgive, gestendo cos\u00ec le problematiche derivanti dall&#8217;onda di piena. Originariamente l\u2019intervento era stato sviluppato con l\u2019obbiettivo di garantire lo sviluppo urbanistico della frazione rispettando il principio dell\u2019invarianza idraulica. L&#8217;amministrazione, di concerto con i progettisti, ha per\u00f2 ritenuto necessario realizzare un&#8217;opera in grado di salvaguardare, per quanto possibile, anche le edificazioni precedenti; la capienza della cassa di espansione \u00e8 cos\u00ec stata portata dagli originari 4.000 metri cubi ai 10.000 metri cubi della realizzazione definitiva. A lavori ultimati, l&#8217;area sar\u00e0 nuovamente inerbata; questo fatto \u2013 unito all&#8217;utilizzo quasi esclusivo di materiali naturali (marginali e di modestissima misura le opere in calcestruzzo) &#8211; ridurr\u00e0 al minimo l&#8217;impatto ambientale della vasca. In localit\u00e0 Farra, dove il cantiere \u00e8 partito pochi giorni fa, l&#8217;intervento \u00e8 invece di tutt&#8217;altro tenore e sar\u00e0 volto, attraverso la posa in opera di grosse tubature, al convogliamento delle acque meteoriche in una zona gi\u00e0 a forte densit\u00e0 di edificazione. La parte preliminare dei lavori, tutt&#8217;altro che semplice e banale, riguarda l&#8217;individuazione dei livelli di intervento sottosuolo per non andare a collidere con gli altri servizi presenti. Nel contempo la ditta appaltatrice provvede a realizzare prese d&#8217;acqua e nuove caditoie stradali che consentiranno di catturare meglio e pi\u00f9 rapidamente le acque meteoriche, specialmente in occasione di eventi particolarmente intensi, come accaduto negli ultimi anni. AI MICROFONI DI RADIO PIU&#8217; L&#8217;ASSESSORE FELTRINO ADIS ZATTA.<\/p>\n<audio class=\"wp-audio-shortcode\" id=\"audio-53609-5\" preload=\"none\" style=\"width: 100%;\" controls=\"controls\"><source type=\"audio\/mpeg\" src=\"http:\/\/www.radiopiu.net\/wordpress\/wp-content\/uploads\/2018\/07\/ZATTA.mp3?_=5\" \/><a href=\"http:\/\/www.radiopiu.net\/wordpress\/wp-content\/uploads\/2018\/07\/ZATTA.mp3\">http:\/\/www.radiopiu.net\/wordpress\/wp-content\/uploads\/2018\/07\/ZATTA.mp3<\/a><\/audio>\n<p>&nbsp;<\/p>\n<p>&nbsp;<\/p>\n<p>&nbsp;<\/p>\n<blockquote>\n<h1>PROGETTO HEREDITAS<\/h1>\n<\/blockquote>\n<p><img loading=\"lazy\" decoding=\"async\" class=\"size-full wp-image-30931 alignleft\" src=\"http:\/\/www.radiopiu.net\/wordpress\/wp-content\/uploads\/2017\/04\/logo-gal_aLTO_BELLUNESE.jpg\" alt=\"\" width=\"270\" height=\"216\" \/>La Via Claudia Augusta \u00e8 tra i 42 percorsi inseriti dal Ministero dei Beni e delle Attivit\u00e0 culturali e del Turismo nell&#8217;Atlante Digitale dei \u201cCAMMINI D\u2019ITALIA\u201d, una mappa interattiva in cui sono individuati percorsi e itinerari della rete di mobilit\u00e0 slow ed in cui sono segnalati e geolocalizzati luoghi e punti di interesse. Recentemente inoltre la Regione Veneto ha inserito la Via Claudia Augusta tra i 6 Cammini della Storia, un cammino sulle tracce dei Romani dal Danubio al Po e all\u2019Adriatico&#8221;, in cui si propone il percorso turistico come meta vacanziera. HEREDITAS prevede, tra le altre cose, la realizzazione di Progetti Pilota legati a tematiche storico\/archeologiche. Il primo Progetto Pilota \u00e8 stato realizzato e concluso, in Tirolo, a Dormitz, in cui si riteneva fosse esistito un insediamento romano. Attraverso una prospezione geomagnetica l\u2019Universit\u00e0 di Innsbruck ha individuato il luogo preciso dell&#8217;insediamento romano e gli scavi successivi hanno portato alla luce i resti di 3 edifici di legno. Sono stati scoperti in totale 125 reperti, tra cui un mortaio, il piede di un\u2019anfora, un ipposandalo e delle monete.<br \/>\nNel 2018 verranno studiate ulteriori tracce di popolamento d\u2019epoca romana, sia in Tirolo sia in Valbelluna sono infatti in programma svariate attivit\u00e0 per ampliare le conoscenze sulla storica Via. Un po&#8217; di storia &#8230;<br \/>\nLa Via Claudia Augusta vide con l&#8217;Imperatore Claudio uno sviluppo che port\u00f2 all&#8217;inurbamento delle stationes utilizzate per il cambio dei cavalli, che iniziarono lentamente a fortificarsi, uno sviluppo che continu\u00f2 nei decenni successivi e che \u00e8 ben testimoniato dai numerosi reperti archeologici recuperati lungo tutto il corso della Via romana, per lungo tempo unica rete viaria tra regioni retiche ed adriatiche. Pressoch\u00e9 unanime \u00e8 il parere degli storici nell&#8217;indicare un unico tratto di Via Claudia Augusta che da Tridentum (Trento) giungeva a Pons Drusi (presso Bolzano), per poi proseguire per Maia (presso Merano) e, passando per il Passo di Resia, terminare, attraverso la valle dell&#8217;Inn e di Lech, poco oltre Augusta Vindelicorum (Augsburg). Il tratto dell&#8217;importante arteria romana fino a Tridentum seguiva invece una diramazione. Un ramo partiva dal vicus di Hostilia (Ostiglia), raggiungendo Tridentum via Verona, ove incrociava un&#8217;altra importantissima arteria, la Via Postumia. L&#8217;altro ramo, il pi\u00f9 discusso da storici ed archeologi, partiva dall&#8217;importante porto di Altinum (Altino) sul mare Adriatico e, passando dal municipium di Feltria (Feltre), raggiungeva Tridentum lungo la Valsugana.<\/p>\n<p>&nbsp;<\/p>\n<p>&nbsp;<\/p>\n<p>&nbsp;<\/p>\n<blockquote>\n<h1>PANDOLFO\u00a0 ALLUMINIO: LA RETROMARCIA<\/h1>\n<\/blockquote>\n<p><strong><img loading=\"lazy\" decoding=\"async\" class=\"size-medium wp-image-43303 alignleft\" src=\"http:\/\/www.radiopiu.net\/wordpress\/wp-content\/uploads\/2018\/02\/PANDOLFO-300x179.jpg\" alt=\"\" width=\"300\" height=\"179\" srcset=\"https:\/\/www.radiopiu.net\/wordpress\/wp-content\/uploads\/2018\/02\/PANDOLFO-300x179.jpg 300w, https:\/\/www.radiopiu.net\/wordpress\/wp-content\/uploads\/2018\/02\/PANDOLFO.jpg 558w\" sizes=\"auto, (max-width: 300px) 100vw, 300px\" \/>LENTIAI<\/strong>, 20 lavoratori di nuovo all&#8217;interno dell&#8217;azienda dopo l&#8217;esperienza in cooperativa<\/p>\n<p>di Damiano Tormen<\/p>\n<audio class=\"wp-audio-shortcode\" id=\"audio-53609-6\" preload=\"none\" style=\"width: 100%;\" controls=\"controls\"><source type=\"audio\/mpeg\" src=\"http:\/\/www.radiopiu.net\/wordpress\/wp-content\/uploads\/2018\/07\/gr-11-damiano-tormen.mp3?_=6\" \/><a href=\"http:\/\/www.radiopiu.net\/wordpress\/wp-content\/uploads\/2018\/07\/gr-11-damiano-tormen.mp3\">http:\/\/www.radiopiu.net\/wordpress\/wp-content\/uploads\/2018\/07\/gr-11-damiano-tormen.mp3<\/a><\/audio>\n<p>&nbsp;<\/p>\n<p>&nbsp;<\/p>\n<p>&nbsp;<\/p>\n<blockquote><p>&nbsp;<\/p>\n<h1><\/h1>\n<h1>CASERMA GIOPPI, INTERVIENE L&#8217;ESERCITO<\/h1>\n<\/blockquote>\n<p><strong>LA LETTERA<\/strong><br \/>\n<strong><img loading=\"lazy\" decoding=\"async\" class=\"size-medium wp-image-53647 alignleft\" src=\"http:\/\/www.radiopiu.net\/wordpress\/wp-content\/uploads\/2018\/07\/WhatsApp-Image-2018-07-10-at-15.23.32-300x197.jpeg\" alt=\"\" width=\"300\" height=\"197\" srcset=\"https:\/\/www.radiopiu.net\/wordpress\/wp-content\/uploads\/2018\/07\/WhatsApp-Image-2018-07-10-at-15.23.32-300x197.jpeg 300w, https:\/\/www.radiopiu.net\/wordpress\/wp-content\/uploads\/2018\/07\/WhatsApp-Image-2018-07-10-at-15.23.32-768x505.jpeg 768w, https:\/\/www.radiopiu.net\/wordpress\/wp-content\/uploads\/2018\/07\/WhatsApp-Image-2018-07-10-at-15.23.32-1024x674.jpeg 1024w, https:\/\/www.radiopiu.net\/wordpress\/wp-content\/uploads\/2018\/07\/WhatsApp-Image-2018-07-10-at-15.23.32.jpeg 1600w\" sizes=\"auto, (max-width: 300px) 100vw, 300px\" \/>LIVINALLONGO<\/strong> Con la presente intendo ringraziare di cuore per l\u2019 intervento tempestivo presso la caserma Gioppi di Arabba, 32020 Belluno. A conferma che l\u2019 Esercito Italiano \u00e8 presente, anche e soprattutto per le cose buone, luned\u00ec 2 lugio 2018 ho avuto la gradita visita del comandante reparto comando e supporti tattici Tridentina Ten.Col. Umberto Massimo Daves e del responsabile infrastrutture di Bolzano Ten.Col Pinna, con cui ho avuto un dialogo cordiale ed un ampia disponibilit\u00e0, a testimonianza della professionalit\u00e0 dei vertici delle Truppe Alpine e dell\u2019 Esercito Italiano. Sono stati eseguiti i lavori di rimozione dei paranevi danneggiati e lo smaltimento delle lamiere e calcinacci per il ripristino del decoro del centro del paese di Arabba e delle aree adiacenti la nostra struttura ricettiva. La mia comunicazione scritta del 14 giugno 2018 al Comando Truppe alpine di Bolzano non era stata inoltrata al Comandante Ten.Col Daves e al Ten.Col Pinna, una piccola mancanza di comunicazione interna ha generato questa incomprensione, che \u00e8 stata risolta con competenza e affabilit\u00e0 dal Comandante Ten.Col Daves e al Ten.Col Pinna ai quali va un mio personale riconoscimento e ringraziamento. Ringrazio quanti si sono interessati e scomodati per risolvere questa problematica, sar\u00f2 sempre disponibile a comunicare e testimoniare la preparazione, la cortesia, la disponibilit\u00e0 dimostrata dell\u2019 Esercito Italiano a tutti i livelli verso le richieste dei cittadini. Manuel Roncat .Titolare della struttura .Hotel Garni Marilena -Presidente associazione turistica -Arabba Fodom Turismo<\/p>\n<p>&nbsp;<\/p>\n<p>&nbsp;<\/p>\n<p>&nbsp;<\/p>\n<p>&nbsp;<\/p>\n<blockquote>\n<h1>VACCINI. IN VIGORE IN VENETO CIRCOLARE MINISTERI SALUTE E ISTRUZIONE. VENEZIA<\/h1>\n<\/blockquote>\n<div id=\"attachment_13129\" style=\"width: 310px\" class=\"wp-caption alignleft\"><img loading=\"lazy\" decoding=\"async\" aria-describedby=\"caption-attachment-13129\" class=\"size-medium wp-image-13129\" src=\"http:\/\/www.radiopiu.net\/wordpress\/wp-content\/uploads\/2015\/11\/vaccino-influenza-300x206.jpg\" alt=\"\" width=\"300\" height=\"206\" \/><p id=\"caption-attachment-13129\" class=\"wp-caption-text\">Vaccination protection influenza<\/p><\/div>\n<p><strong>VENEZIA\u00a0<\/strong>Anche in Veneto, come in tutta Italia, a partire da oggi, 10 luglio 2018, sulla base della specifica circolare emessa dai Ministeri della Salute e dell\u2019Istruzione, i minorenni indicati negli appositi elenchi alle voci \u201cnon in regola con gli obblighi vaccinali\u201d, \u201cnon ricade nelle condizioni di esonero, omissione o differimento\u201d, \u201cnon ha presentato formale richiesta di vaccinazione\u201d, potranno essere ammessi alle frequenza delle istituzioni del sistema nazionale d\u2019istruzione, dei servizi educativi per l\u2019infanzia, dei centri di formazione professionale regionale e delle scuole private non paritarie, se i genitori\/affidatari\/tutori avranno presentato una dichiarazione sostitutiva che attesti l\u2019effettiva somministrazione delle vaccinazioni non risultanti dall\u2019anagrafe regionale, oppure la richiesta di prenotazione delle vaccinazioni non ancora eseguite, purch\u00e8 presentata successivamente al 10 giugno scorso. La circolare ministeriale evidenzia, nelle indicazioni operative, la differenza tra Regioni e Province Autonome dove non \u00e8 stata istituita un\u2019anagrafe vaccinale e quelle, tre le quali il Veneto, presso le quali l\u2019anagrafe vaccinale informatizzata esiste (in Veneto \u00e8 anche Unica regionale), rendendo possibile seguire una procedura semplificata. In proposito, la Direzione Prevenzione dell\u2019Area Sanit\u00e0 e Sociale della Regione, sulla base delle risultanze disponibili dell\u2019anagrafe vaccinale informatizzata, ha elaborato il monitoraggio della situazione vaccinale in Veneto alla data di oggi, ai sensi di quanto disposto dalla legge 119\/2017 che ha introdotto l\u2019obbligo. Nel territorio Veneto, alla data di oggi, risultano inadempienti 81.425 soggetti di et\u00e0 compresa tra 0 e 16 anni, dei quali 8.367 sono in et\u00e0 pre-scuola dell\u2019obbligo, cio\u00e8 tra 0 e 6 anni.Degli 81.425 soggetti inadempienti tra 0 e 16 anni, 18.498 (pari al 22,7%) risultano avere fissato l\u2019appuntamento; gli inadempienti senza appuntamento sono quindi 62.927.Gli inadempienti tra 0 e 6 anni sono 18.367, dei quali 5.643 con appuntamento (30,7%) e 12.724 senza appuntamento. Rispetto alla precedente rilevazione, effettuata a maggio, gli inadempienti sono diminuiti di 4.251 soggetti, la quasi totalit\u00e0 dei quali (3.944) \u00e8 di et\u00e0 compresa tra 0 e 6 anni.<\/p>\n<p>&nbsp;<\/p>\n<p>&nbsp;<\/p>\n<p>&nbsp;<\/p>\n<p>&nbsp;<\/p>\n<h1>PRESENZA DEI LUPI IN VENETO. FIRMATO PROTOCOLLO D\u2019INTESA<\/h1>\n<p><strong><img loading=\"lazy\" decoding=\"async\" class=\"size-medium wp-image-53623 alignleft\" src=\"http:\/\/www.radiopiu.net\/wordpress\/wp-content\/uploads\/2018\/07\/Lupi_Pan-firma-protocollo-300x225.jpg\" alt=\"\" width=\"300\" height=\"225\" srcset=\"https:\/\/www.radiopiu.net\/wordpress\/wp-content\/uploads\/2018\/07\/Lupi_Pan-firma-protocollo-300x225.jpg 300w, https:\/\/www.radiopiu.net\/wordpress\/wp-content\/uploads\/2018\/07\/Lupi_Pan-firma-protocollo-768x576.jpg 768w, https:\/\/www.radiopiu.net\/wordpress\/wp-content\/uploads\/2018\/07\/Lupi_Pan-firma-protocollo-1024x768.jpg 1024w\" sizes=\"auto, (max-width: 300px) 100vw, 300px\" \/>VENEZIA<\/strong> Nel corso del 2017 nel Veneto si sono registrati 163 eventi predatori da parte dei lupi, di cui sono stati vittime 357 capi (115 bovini, 219 ovi-caprini, 21 asini e 2 di altre specie). Per quanto riguarda l\u2019anno 2018, alla data del 30 giugno sono gi\u00e0 43 gli eventi predatori denunciati dagli allevatori veneti: 17 in provincia di Belluno, 4 in quella di Treviso, 9 in quella di Vicenza e 13 in provincia di Verona. Lo ha reso noto l\u2019assessore regionale all\u2019agricoltura Giuseppe Pan oggi a Palazzo Balbi a Venezia in occasione della firma di un protocollo d\u2019intesa per fronteggiare i danni arrecati dalla presenza del lupo sulle montagne venete. Il documento \u00e8 stato sottoscritto da Regione, Coldiretti, Associazione degli allevatori Arav, Lattebusche, Latterie Vicentine, Latteria Soligo e dai tre consorzi di tutela dei formaggi Asiago, Monte Veronese e Montasio. L\u2019assessore Pan, sottolineando che il problema sta diventando sempre pi\u00f9 rilevante e sta creando un forte disagio fra gli allevatori, ha ricordato le azioni che la Regione del Veneto, dal 2017 fino ad oggi, ha posto in essere, a partire dal \u201cTavolo regionale di partecipazione ed informazione per la gestione del lupo e dei grandi carnivori\u201d. Nel corso del 2018, sono stati effettuati 13 incontri sul territorio con i rappresentanti degli enti locali, delle associazioni di categoria, allevatori e malghesi per diffondere le informazioni riguardanti la presenza del lupo sul territorio regionale e per informarli sulle modalit\u00e0 di richiesta degli strumenti di prevenzione. Sono state sviluppate delle azioni di sensibilizzazione nei confronti delle comunit\u00e0 locali, supportando le aziende danneggiate e riconoscendo alle stesse un indennizzo pari al 100% del danno subito ed attuando una linea veloce di erogazione dei rispettivi contributi. Nell\u2019ambito del progetto Wolfalps, ormai concluso, sono stati consegnati 10 cani pastori maremmano abruzzesi, in grado di affrontare predatori come il lupo. Sempre nell\u2019ambito del progetto Wolfalps, sono stati acquistati 180 recinti elettrificati che si sono aggiunti ai 20 gi\u00e0 acquistati nel corso del 2016 e sono in fase di affidamento quattro incarichi per supportare gli allevatori nell\u2019installazione dei recinti e verificarne il loro corretto funzionamento. A febbraio \u00e8 stato approvato un bando regionale per l\u2019acquisto di recinzioni per la protezione degli allevamenti con una dotazione di 200.000 euro. Con un successivo provvedimento di aprile, \u00e8 stata richiesta la modifica del Programma di Sviluppo Rurale per introdurre una misura finalizzata alla prevenzione dei danni da fauna selvatica (tra cui i grandi carnivori) con una dotazione di 1.000.000 di euro per attivit\u00e0 da effettuarsi nel 2019 e 2020. Per quanto riguarda gli indennizzi da predazione, il bilancio regionale reca le disponibilit\u00e0 necessarie mentre, allo scopo di attuare la guardian\u00eca notturna degli animali domestici al pascolo, la Regione ha previsto la possibilit\u00e0 di occupare soggetti svantaggiati mettendo a disposizione complessivamente a 4.000.000 di euro. Infine, \u00e8 stato aperto uno sportello presso la Reggenza dei Sette Comuni, che \u00e8 il comprensorio di malghe pi\u00f9 importante d\u2019Europa, al fine di assistere gli allevatori nell\u2019affrontare le problematiche che emergono a seguito dell\u2019arrivo del lupo. Analoga iniziativa sar\u00e0 realizzata a breve anche nelle altre zone di predazione. Il monitoraggio sulla distribuzione del lupo ha finora rilevato branchi in Lessinia, sull\u2019Altopiano di Asiago, sul Massiccio del Grappa, in Valbelluna e in Col di Lana e Val di Fassa. Pan ha fatto presente che il Veneto si \u00e8 mosso anche nei confronti della Commissione Europea perch\u00e9 il lupo non sia pi\u00f9 considerato animale protetto, vista la sua grande espansione in Europa. Inoltre, il protocollo d\u00e0 mandato alla Regione a proseguire l\u2019azione intrapresa a livello nazionale per poter intervenire con forme di controllo numerico della specie, in presenza di aree fortemente antropizzate e ad alta densit\u00e0 di pascoli e allevamenti, \u201cqualora non siano state garantire adeguate misure alternative\u201d, sollecitando inoltre il nuovo governo ad approvare e rendere operativo il piano di gestione del lupo, che preveda anche la possibilit\u00e0 di contenere la \u2018popolazione alpina\u2019 del grande carnivoro. \u201cCon il piano di controllo serrato si pu\u00f2 passare alla fase successiva: quella dell&#8217;abbattimento. Firmiamo questo protocollo concordato con la Regione Veneto perch\u00e9 rappresenta finalmente una prima risposta agli allevatori ma soprattutto un intervento per la societ\u00e0 tutta\u201d, ha detto Martino Cerantola presidente di Coldiretti. \u201cNelle malghe del Veneto \u2013 ha aggiunto \u2013 ci sono produzioni di eccellenza che devono essere salvaguardate\u201d. Il presidente di Arav Floriano De Franceschi ha fatto rilevare l\u2019urgenza di arrivare quanto prima all\u2019approvazione del piano nazionale a difesa sia degli allevatori, sia del territorio, che rischia di essere ulteriormente abbandonato senza la presenza degli allevamenti, mentre i rappresentanti del settore lattiero-caseario hanno sottolineato lo stato emotivo e di preoccupazione con cui gli operatori vivono la presenza del lupo, che costituisce una minaccia crescente.<\/p>\n<p>&nbsp;<\/p>\n<blockquote><p>&nbsp;<\/p><\/blockquote>\n<p>&nbsp;<\/p>\n<p>&nbsp;<\/p>\n<h1><strong>BANCHE, DE CARLO (FDI): SILENZIO ASSORDANTE GOVERNO SU FONDO RISTORO RISPARMIATORI TRADITI<\/strong><\/h1>\n<p><img loading=\"lazy\" decoding=\"async\" class=\"size-full wp-image-44920 alignleft\" src=\"http:\/\/www.radiopiu.net\/wordpress\/wp-content\/uploads\/2018\/03\/DE-CARLO.jpg\" alt=\"\" width=\"203\" height=\"248\" \/>&#8220;Ad oggi c\u2019\u00e8 ancora un silenzio assordante da parte del Governo sul fondo ristoro per i risparmiatori vittime di reati finanziari. La legge approvata con l\u2019ultima legge di bilancio della precedente maggioranza attende per essere operativa i decreti attuativi ma il governo grillo leghista non ha ancora reso noto cosa voglia fare mentre migliaia di risparmiatori traditi, tra i quali i correntisti delle ex banche popolari venete, attendono una risposta. Oggi ho incontrato alcuni rappresentanti delle associazioni di risparmiatori che sono seriamente preoccupati non avendo ancora conosciuto nemmeno il giudizio che l\u2019attuale Governo ha in merito al fondo ristoro\u201d. Lo ha dichiarato il deputato di Fratelli d\u2019Italia Luca De Carlo.<\/p>\n<p>&nbsp;<\/p>\n<p>&nbsp;<\/p>\n<p>&nbsp;<\/p>\n<p>&nbsp;<\/p>\n<p>&nbsp;<\/p>\n<p>&nbsp;<\/p>\n<p>&nbsp;<\/p>\n<p>&nbsp;<\/p>\n<blockquote>\n<h1>CON UNITESI LA TOP 10 DEI GUSTI DI GELATO PREFERITI DAI TEDESCHI<\/h1>\n<\/blockquote>\n<p style=\"text-align: left;\"><strong>LONGARONE<\/strong> Anche quest&#8217;anno gli Associati di UNITEIS e.V. , l\u2019Unione dei Gelatieri italiani operanti in Germania, che ogni anno si riuniscono in Assemblea a Longarone in occasione della MIG \u2013 la Mostra Internazionale del Gelato Artigianale \u2013 hanno tracciato un primo bilancio dei consumi della primavera 2018 delineando i dieci gusti di gelato preferiti dai consumatori negli ultimi mesi. Scopriamo quindi quali tra i gusti classici sono stati pi\u00f9 desiderati al banco e quali tra i gusti esotici, invece hanno guadagnato la parte alta della classifica. Tra le variet\u00e0 classich<img loading=\"lazy\" decoding=\"async\" class=\"size-medium wp-image-53618 alignright\" src=\"http:\/\/www.radiopiu.net\/wordpress\/wp-content\/uploads\/2018\/07\/German-Black-Forest-presentato-in-anteprima-a-MIG-2017-300x200.jpg\" alt=\"\" width=\"300\" height=\"200\" srcset=\"https:\/\/www.radiopiu.net\/wordpress\/wp-content\/uploads\/2018\/07\/German-Black-Forest-presentato-in-anteprima-a-MIG-2017-300x200.jpg 300w, https:\/\/www.radiopiu.net\/wordpress\/wp-content\/uploads\/2018\/07\/German-Black-Forest-presentato-in-anteprima-a-MIG-2017-768x512.jpg 768w, https:\/\/www.radiopiu.net\/wordpress\/wp-content\/uploads\/2018\/07\/German-Black-Forest-presentato-in-anteprima-a-MIG-2017-1024x683.jpg 1024w\" sizes=\"auto, (max-width: 300px) 100vw, 300px\" \/>e, il cioccolato si riconferma al primo posto assoluto, rilegando per il secondo anno consecutivo la crema vaniglia in seconda posizione (sar\u00e0 proprio la crema vaniglia il gusto con cui dovranno cimentarsi marted\u00ec 4 e mercoled\u00ec 5 dicembre prossimi i concorrenti della 49a edizione della Coppa d\u2019Oro, il famoso concorso internazionale di gelateria ospitato alla MIG dal lontano 1970). Ogni anno questi due gusti competono per il primo posto: sono i gelati pi\u00f9 diffusi e largamente utilizzati in molte coppe per gelato classiche. La fragola torna al terzo posto, mentre la nocciola si piazza al quarto posto. Strenua difesa del quinto e del sesto posto rispettivamente occupati dalla stracciatella e dallo yogurt. Un gusto inedito, invece riesce ad entrare sgomitando nella top ten, prendendosi di diritto un decimo posto grazie alla straordinaria copertura mediatica avuta, essendo stato eletto Gusto dell\u2019Anno da Artglace per il 6. Gelato-Day (24 marzo 2018). Stiamo parlando naturalmente del German Black Forest, un gelato al cioccolato variegato all\u2019amarena, ispirato al noto dessert tedesco Foresta Nera e proposto proprio da Uniteis. Sempre pi\u00f9 presente la frutta tra i primi dieci, tra cui il mango, ormai da considerarsi un veterano della competizione, che lascia per\u00f2 l\u2019ottavo posto al lampone. Ecco la classifica al completo: Cioccolato, Crema Vaniglia, Fragola, Nocciola, Stracciatella, Yogurt, Variegato all\u2019Amarena, Lampone, Mango, German Black Forest. Oltre ai gusti classici, \u00e8 in forte crescita il consumo di gusti particolari, risultato della continua sperimentazione dei gelatieri artigiani, che conferma le nuove tendenze: sorbetti alla frutta, mixati anche con verdure, con sempre meno zuccheri e sempre pi\u00f9 frutta fresca, creazioni raffinate con spezie ed erbe aromatiche, dal limone con lavanda al cetriolo con limone, dal melograno al miele all\u2019avocado, combinato magari con banana, uciuva o lime. E ancora frullati di gelato di tutti i tipi, sempre con prodotti freschi per andare incontro al desiderio dei clienti attenti al mangiare sano. E ancora ananas o mirtillo combinati con latte o yogurt per finire nel caldo della piena estate con gusti freschi come melone, albicocca, pesca, ciliegia, pera, prugna, olivello spinoso (l\u2019equivalente europeo delle bacche di goji) e sambuco. E per tutti buon appetito!<\/p>\n<p>&nbsp;<\/p>\n<p>&nbsp;<\/p>\n<p>&nbsp;<\/p>\n<blockquote>\n<h1 style=\"text-align: left;\">SOTTOGUDA RISCOPRE LE ANTICHE TRADIZIONI: DAL DOMANI (DIRETTA RADIO PIU) TORNA NA SERA DA ZACAN!<\/h1>\n\n\t\t\t<style type='text\/css'>\n\t\t\t\t#gallery-2 {\n\t\t\t\t\tmargin: auto;\n\t\t\t\t}\n\t\t\t\t#gallery-2 .gallery-item {\n\t\t\t\t\tfloat: left;\n\t\t\t\t\tmargin-top: 10px;\n\t\t\t\t\ttext-align: center;\n\t\t\t\t\twidth: 33%;\n\t\t\t\t}\n\t\t\t\t#gallery-2 img {\n\t\t\t\t\tborder: 2px solid #cfcfcf;\n\t\t\t\t}\n\t\t\t\t#gallery-2 .gallery-caption {\n\t\t\t\t\tmargin-left: 0;\n\t\t\t\t}\n\t\t\t\t\/* see gallery_shortcode() in wp-includes\/media.php *\/\n\t\t\t<\/style>\n\t\t<div id='gallery-2' class='dt-gallery-container gallery galleryid-53609 gallery-columns-3 gallery-size-thumbnail'><dl class='gallery-item'>\n\t\t\t\t<dt class='gallery-icon landscape'>\n\t\t\t\t\t<a class=\"rollover\" href='https:\/\/www.radiopiu.net\/wordpress\/giornale-radiopiu-11-luglio-2018-direttore-mirko-mezzacasa\/sottoguda-2\/'><img loading=\"lazy\" decoding=\"async\" width=\"150\" height=\"150\" src=\"https:\/\/www.radiopiu.net\/wordpress\/wp-content\/uploads\/2018\/07\/Sottoguda-150x150.jpg\" class=\"attachment-thumbnail size-thumbnail\" alt=\"\" \/><\/a>\n\t\t\t\t<\/dt><\/dl><dl class='gallery-item'>\n\t\t\t\t<dt class='gallery-icon landscape'>\n\t\t\t\t\t<a class=\"rollover\" href='https:\/\/www.radiopiu.net\/wordpress\/giornale-radiopiu-11-luglio-2018-direttore-mirko-mezzacasa\/na-sera-da-zacan_sottoguda\/'><img loading=\"lazy\" decoding=\"async\" width=\"150\" height=\"150\" src=\"https:\/\/www.radiopiu.net\/wordpress\/wp-content\/uploads\/2018\/07\/Na-sera-da-zacan_Sottoguda-150x150.jpg\" class=\"attachment-thumbnail size-thumbnail\" alt=\"\" \/><\/a>\n\t\t\t\t<\/dt><\/dl><dl class='gallery-item'>\n\t\t\t\t<dt class='gallery-icon portrait'>\n\t\t\t\t\t<a class=\"rollover\" href='https:\/\/www.radiopiu.net\/wordpress\/giornale-radiopiu-11-luglio-2018-direttore-mirko-mezzacasa\/na-sera-da-zacan_bottega-ferro-battuto\/'><img loading=\"lazy\" decoding=\"async\" width=\"150\" height=\"150\" src=\"https:\/\/www.radiopiu.net\/wordpress\/wp-content\/uploads\/2018\/07\/Na-sera-da-zacan_bottega-ferro-battuto-150x150.jpg\" class=\"attachment-thumbnail size-thumbnail\" alt=\"\" \/><\/a>\n\t\t\t\t<\/dt><\/dl><br style=\"clear: both\" \/>\n\t\t\t<\/div>\n<\/blockquote>\n<p><strong>ROCCA PIETORE<\/strong> L&#8217;estate entra nel vivo questa settimana a Sottoguda e tra i tanti eventi in programma nel pittoresco borgo ai piedi della Marmolada verr\u00e0 riproposto anche Na sera da zacan, una delle manifestazioni culturali pi\u00f9 suggestive e apprezzate delle Dolomiti Bellunesi, che animer\u00e0 ogni gioved\u00ec sera, dal 12 luglio al 16 agosto, le vie e le piazzette con mostre a tema, antichi mestieri, prodotti tipici e musica folkloristica. Una volta alla settimana, quindi, il centro di Sottoguda sar\u00e0 chiuso al traffico per trasformarsi in una piccola isola dove il tempo sembra essersi fermato e, per l&#8217;occasione, in queste serate, i negozi e le botteghe artigiane resteranno aperte fino alle ore 22:45 proponendo dimostrazioni con il legno e il ferro battuto. Dalle ore 16:00 di sabato 14 luglio, invece, avr\u00e0 luogo la seconda edizione del concerto itinerante Le Voci del Borgo con la partecipazione del Coro Bac (Brigata Alpina Cadore) che percorrer\u00e0 tutte le vie e i punti pi\u00f9 caratteristici del borgo di Sottoguda, dichiarato nel 2016 uno dei Borghi pi\u00f9 Belli d&#8217;Italia. Infine, venerd\u00ec 27 luglio si svolger\u00e0 la Notturna dei Serrai di Sottoguda, passeggiata non competitiva di circa 6 km, aperta a tutti, che attraversa la gola dei Serrai di Sottoguda fino a Malga Ciapela. Per i bambini \u00e8 previsto anche un percorso a loro dedicato tra le vie del borgo. Info e iscrizioni: scinordicomarmolada@gmail.com. Per maggiori informazioni sul calendario completo degli eventi: www.marmolada.com<\/p>\n<p>&nbsp;<\/p>\n<p>&nbsp;<\/p>\n<p>&nbsp;<\/p>\n<blockquote>\n<h1>IL CORAGGIO DI INSEGUIRE UN SOGNO.<\/h1>\n<\/blockquote>\n<p><strong><img loading=\"lazy\" decoding=\"async\" class=\"size-medium wp-image-35391 alignleft\" src=\"http:\/\/www.radiopiu.net\/wordpress\/wp-content\/uploads\/2017\/08\/foto_musal-300x225.jpg\" alt=\"\" width=\"300\" height=\"225\" \/><\/strong><\/p>\n<p>&nbsp;<\/p>\n<p>&nbsp;<\/p>\n<p>&nbsp;<\/p>\n<p>&nbsp;<\/p>\n<p>&nbsp;<\/p>\n<p><strong>CANALE D&#8217;AGORDO.<\/strong> VENERDI\u00a0 nella sala ex Cavallino al Museo Albino Luciani MusAL di Canale d&#8217;Agordo alle 20.30 serata dedicata a padre Ezechiele Ramin \u201cLele\u201d, missionario comboniano<\/p>\n<p style=\"text-align: left;\"><strong>CHIARA FONTANIVE<\/strong><\/p>\n<audio class=\"wp-audio-shortcode\" id=\"audio-53609-7\" preload=\"none\" style=\"width: 100%;\" controls=\"controls\"><source type=\"audio\/mpeg\" src=\"http:\/\/www.radiopiu.net\/wordpress\/wp-content\/uploads\/2018\/07\/CHIARA-FONTANIVE.mp3?_=7\" \/><a href=\"http:\/\/www.radiopiu.net\/wordpress\/wp-content\/uploads\/2018\/07\/CHIARA-FONTANIVE.mp3\">http:\/\/www.radiopiu.net\/wordpress\/wp-content\/uploads\/2018\/07\/CHIARA-FONTANIVE.mp3<\/a><\/audio>\n<p style=\"text-align: center;\"><strong>ELEONORA SARASIN<\/strong><\/p>\n<audio class=\"wp-audio-shortcode\" id=\"audio-53609-8\" preload=\"none\" style=\"width: 100%;\" controls=\"controls\"><source type=\"audio\/mpeg\" src=\"http:\/\/www.radiopiu.net\/wordpress\/wp-content\/uploads\/2018\/07\/ELEONORA.mp3?_=8\" \/><a href=\"http:\/\/www.radiopiu.net\/wordpress\/wp-content\/uploads\/2018\/07\/ELEONORA.mp3\">http:\/\/www.radiopiu.net\/wordpress\/wp-content\/uploads\/2018\/07\/ELEONORA.mp3<\/a><\/audio>\n<p>&nbsp;<\/p>\n<p>&nbsp;<\/p>\n<p>&nbsp;<\/p>\n<blockquote><p><strong>ALLEGHE<\/strong> Il Comune di Alleghe organizza la 22esima tourne\u00e8 delle Dolomiti, con il concerto del gruppo vocale Cristallo, venerdi alle 21 in sala Antonio Franceschini del palaghiaccio di Alleghe.<\/p>\n<p><strong>CANALE D&#8217;AGORDO<\/strong> Sabato e domenica tradizionale sagra del Redentore a Feder di Canale d&#8217;Agordo. Sabato alle 19.30 apertura tendone e cucina con men\u00f9 di piatti tipici, alle 21 ballo liscio con i Tirataie. Domenica alle 9 apertura tendone, 11 messa, 12.30 cucina, 14.30 gioco della tombola per bambini e adulti, 16.30 tiro alla fune, 19 processione e fiaccolata, 19.30 cucina, 20.30 ballo liscio con La Tua Idea. Immancabili i dolci fatti in casa e la pesca di beneficienza con l&#8217;associazione El Van.<\/p>\n<p><strong>AGORDO<\/strong> Domenica escurzione con la sezione agordina del Cai al Lago Crespeina e Sas Ciampac (2672 metri). Partenza da Agordo alle 6.30 e alle 6.45 partenza per Passo Gardena. Tempo 5-6 ore, dislivello 800 metri. Informazioni e iscrizioni 380 6983040<\/p><\/blockquote>\n<p>&nbsp;<\/p>\n<blockquote>\n<h1><\/h1>\n<h1><\/h1>\n<h1>LUCIANO E ROBERTO FINO A PRAGA, 760 CHILOMETRI IN 30 ORE<\/h1>\n<\/blockquote>\n<p><strong><img loading=\"lazy\" decoding=\"async\" class=\"size-medium wp-image-53616 alignleft\" src=\"http:\/\/www.radiopiu.net\/wordpress\/wp-content\/uploads\/2018\/07\/IMG-20180710-WA0016-300x225.jpg\" alt=\"\" width=\"300\" height=\"225\" srcset=\"https:\/\/www.radiopiu.net\/wordpress\/wp-content\/uploads\/2018\/07\/IMG-20180710-WA0016-300x225.jpg 300w, https:\/\/www.radiopiu.net\/wordpress\/wp-content\/uploads\/2018\/07\/IMG-20180710-WA0016-768x576.jpg 768w, https:\/\/www.radiopiu.net\/wordpress\/wp-content\/uploads\/2018\/07\/IMG-20180710-WA0016-1024x768.jpg 1024w, https:\/\/www.radiopiu.net\/wordpress\/wp-content\/uploads\/2018\/07\/IMG-20180710-WA0016.jpg 1600w\" sizes=\"auto, (max-width: 300px) 100vw, 300px\" \/>FELTRE<\/strong> E&#8217; di quelle che non passano certo inosservate l&#8217;impresa che si accingono a compiere Luciano De Nato e Roberto Possamai. I due feltrini, rispettivamente 56 e 50 anni, partiranno nella nottata di gioved\u00ec alla volta di Praga per una sfida unica nel suo genere: raggiungere in bicicletta la capitale della Repubblica Ceca in 30 ore, e quindi senza soste (se non quelle strettamente necessarie), dopo 760 chilometri. Se tutto andr\u00e0 come da programma, i due ex atleti feltrini saranno accolti dai rappresentanti della citt\u00e0 di Praga all&#8217;alba di venerd\u00ec. De Nato e Possamai sono stati ricevuti dal sindaco di Feltre Paolo Perenzin che ha consegnato loro una lettera di saluto ed augurio all&#8217;indirizzo del primo cittadino di Praga, Le due citt\u00e0, come noto, sono legate, tra l&#8217;altro, dal culto per i santi martiri Corona e Vittore, di cui \u00e8 custodita una reliquia proprio nella cattedrale di Praga. Dal sindaco di Feltre, a nome di tutta la cittadinanza, \u00e8 arrivato un grosso \u201cin bocca al lupo\u201d all&#8217;indirizzo della coppia di ciclisti-maratoneti, autentici ambasciatori di amicizia tra le due citt\u00e0.<br \/>\nL&#8217;INTERVISTA AI PROTAGONISTI<\/p>\n<audio class=\"wp-audio-shortcode\" id=\"audio-53609-9\" preload=\"none\" style=\"width: 100%;\" controls=\"controls\"><source type=\"audio\/mpeg\" src=\"http:\/\/www.radiopiu.net\/wordpress\/wp-content\/uploads\/2018\/07\/CICLISTI-FELTRE.mp3?_=9\" \/><a href=\"http:\/\/www.radiopiu.net\/wordpress\/wp-content\/uploads\/2018\/07\/CICLISTI-FELTRE.mp3\">http:\/\/www.radiopiu.net\/wordpress\/wp-content\/uploads\/2018\/07\/CICLISTI-FELTRE.mp3<\/a><\/audio>\n<p>&nbsp;<\/p>\n<p>&nbsp;<\/p>\n<p>&nbsp;<\/p>\n<p>&nbsp;<\/p>\n<blockquote>\n<h1>STAGIONI DI FERRO APRE UNO SGUARDO SUL PARCO<\/h1>\n<\/blockquote>\n<p><strong><img loading=\"lazy\" decoding=\"async\" class=\"size-medium wp-image-53649 alignleft\" src=\"http:\/\/www.radiopiu.net\/wordpress\/wp-content\/uploads\/2018\/07\/PER_Alberto-ferro_fotografo-225x300.jpg\" alt=\"\" width=\"225\" height=\"300\" srcset=\"https:\/\/www.radiopiu.net\/wordpress\/wp-content\/uploads\/2018\/07\/PER_Alberto-ferro_fotografo-225x300.jpg 225w, https:\/\/www.radiopiu.net\/wordpress\/wp-content\/uploads\/2018\/07\/PER_Alberto-ferro_fotografo.jpg 605w\" sizes=\"auto, (max-width: 225px) 100vw, 225px\" \/>PONTE NELLE ALPI<\/strong> Sar\u00e0 inaugurata sabato 14 luglio alle ore 18, negli spazi del Municipio di Cadola a Ponte nelle Alpi, la prima mostra del ciclo di esposizioni Uno sguardo sul Parco: nove mostre che celebrano i 25 anni di costituzione del Parco Nazionale Dolomiti Bellunesi.\u00a0 Ad aprire la lunga carrellata di immagini sar\u00e0 Alberto Ferro, un fotografo di Preganziol (TV) gi\u00e0 affermato e di grande sensibilit\u00e0. A proposito della sua mostra, Ferro ha dichiarato:<br \/>\n\u201cIl nostro territorio e in particolare l\u2019ambiente dolomitico, subisce un continuo mutamento del suo aspetto, scandito dal ciclo delle stagioni. La flora e la fauna manifestano mille sfaccettature diverse per ognuna di esse, nei colori, nei comportamenti, nelle abitudini. Sembra una cosa banale, scontata, poich\u00e9 siamo tutti abituati ad una vita regolata dal ritmo delle stagioni. Ma se ci pensiamo bene, e osserviamo la natura, ci rendiamo conto che questa infinita successione \u00e8 qualcosa di straordinario&#8221;.<\/p>\n<p>&nbsp;<\/p>\n<p>&nbsp;<\/p>\n<p>&nbsp;<\/p>\n<p>&nbsp;<\/p>\n<blockquote>\n<h1>MUSICA NEI CORTIVI<\/h1>\n<\/blockquote>\n<p><strong>SOSPIROLO<\/strong> Tradizionale appuntamento dell\u2019estate sospirolese per la rassegna \u201cMusica nei cortivi\u201d; \u00e8 il concerto \u201cSummertime\u201d sul colle di Santa Giuliana a Mis di Sospirolo sabato 14 luglio alle 20.45. Sono in scena Veronica Walicki, voce, Leonardo Dalla Cort, piano, Gabriele Tormen, contrabbasso, Francesco Bressan, batteria. L\u2019accesso \u00e8 solo pedonale, qualche minuto a piedi dal centro di Mis o dal bar al Cacciatore di Regolanova. La partecipazione \u00e8 libera e gratuita.<\/p>\n<p>&nbsp;<\/p>\n<p>&nbsp;<\/p>\n<p>&nbsp;<\/p>\n<blockquote>\n<h1>DOLOMITI POST, IL RITORNO<\/h1>\n<\/blockquote>\n<p>RADIO PIU Vincenzo Agostini, RITORNA SU RADIO PIU. DOPO 5 ANNI DI NUOVO IN VOCE CON I RACCONTI DA DOLOMITI POST.\u00a0 RACCONTI DOLOMITICI: LUNEDI ALLE 10.30 (MARTEDI ALLE 13.00 E ALLE 21), VENERDI ALLE 13.00 E ALLE 21 (DOMENICA ALLE 10.30).\u00a0 PRIMA PUNTATA LUNEDI 16 LUGLIO ALLE 10.30<br \/>\nSU RADIOPIU<\/p>\n<p>&nbsp;<\/p>\n<p>&nbsp;<\/p>\n<p>&nbsp;<\/p>\n<h1 style=\"text-align: center;\">VIABILITA&#8217;<\/h1>\n<p><strong>OGGI E DOMANI ALLE 7 ALLE 18 SENSO UNICO ALTERNATO CON MOVIERI (O SEMAFAORO) MA ANCHE INTERDIZIONI TOTALE AL TRANSITO PER VEICOLI CON MASSA A PIENO CARICO SUPERIORE A 3,5 TONELLATE LUNGO LA PROVINCIALE 347 DEL DURAN E CEREDA IN COMUNE DI VALLE DI CADORE PER LAVORI DI RIPRISTINO PIANO VIABILE.<\/strong><\/p>\n<p>FINO AL 13 LUGLIO LUNGO LA REGIONALE 203 AGORDINA AL PERON DI SEDICO SENSO UNICO ALTERNATO CON MOVIERI O SEMAFORO PER LAVORI DI RIPRISTINO DEL MURO<\/p>\n<p>La strada esterna alla galleria delle anime in Comune di Cencenighe \u00e8 interdetta al traffico per un tratto di oltre un chilometro.<\/p>\n<p>FINO A DOMANI IN COMUNE DI ZOPPE&#8217; DI CADORE (PROVINCIALE 7 PER ZOPPE&#8217;) INTERRUZIONI TOTALI AL TRAFFICO IN ENTRAMBI I SENSI DI MARCIA, DALLE 7.30 ALLE 9.45; DALLE 10 ALLE 12.15, DALLE 13.30 ALLE 15.15; DALLE 15.30 ALLE 17.30<\/p>\n<p>FINO A revoca senso unico con impianto semaforico sulla SP8 per San Tomaso anche sabato e domenica<\/p>\n<p>FINO al 16 luglio senso unico alternato e brevi interruzioni al traffico sulla provinciale 347 del Duran e Cereda alla fine dell&#8217;abitato di Forno di Zoldo per lavori sul versante.<\/p>\n<p>FINO al 17 luglio (domenica esclusa) senso unico e brevi interruzioni alla viabiolit\u00e0 (massimo 10 minuti) a Valle di Cadore lungo la 347 del Duran e Cereda.<\/p>\n<p>FINO al 3 agosto lungo la 251 della Val di Zoldo e Cellina senso unico<br \/>\nalternato in localit\u00e0 Fusine per la messa in sicurezza del piano viabile.<\/p>\n<p>FINO al 3 agosto senso unico alternato regolato da semaforo lungo la provinciale 24 della Valparola in Comune di Livinallongo del Col di Lana compresi festivi e prefestivi anche infrasettimanali per consolidamento del corpo stradale.<\/p>\n<p>&nbsp;<\/p>\n<p>&nbsp;<\/p>\n<p>&nbsp;<\/p>\n<h1 style=\"text-align: center;\">SPORT<\/h1>\n<p><strong><img loading=\"lazy\" decoding=\"async\" class=\"size-medium wp-image-53650 alignleft\" src=\"http:\/\/www.radiopiu.net\/wordpress\/wp-content\/uploads\/2018\/07\/D3S_6488-300x273.jpg\" alt=\"\" width=\"300\" height=\"273\" srcset=\"https:\/\/www.radiopiu.net\/wordpress\/wp-content\/uploads\/2018\/07\/D3S_6488-300x273.jpg 300w, https:\/\/www.radiopiu.net\/wordpress\/wp-content\/uploads\/2018\/07\/D3S_6488.jpg 550w\" sizes=\"auto, (max-width: 300px) 100vw, 300px\" \/><\/strong><\/p>\n<p>&nbsp;<\/p>\n<p>&nbsp;<\/p>\n<p>&nbsp;<\/p>\n<p>&nbsp;<\/p>\n<p>&nbsp;<\/p>\n<p>&nbsp;<\/p>\n<p>&nbsp;<\/p>\n<p>&nbsp;<\/p>\n<p><strong>HOCKEY<\/strong>, L&#8217;INVITO DI PATRICK DE SILVESTRO, Marco Gaz<\/p>\n<audio class=\"wp-audio-shortcode\" id=\"audio-53609-10\" preload=\"none\" style=\"width: 100%;\" controls=\"controls\"><source type=\"audio\/mpeg\" src=\"http:\/\/www.radiopiu.net\/wordpress\/wp-content\/uploads\/2018\/07\/gr-11-PATRICK-DE-SILVESTRO-alleghe-hockey.mp3?_=10\" \/><a href=\"http:\/\/www.radiopiu.net\/wordpress\/wp-content\/uploads\/2018\/07\/gr-11-PATRICK-DE-SILVESTRO-alleghe-hockey.mp3\">http:\/\/www.radiopiu.net\/wordpress\/wp-content\/uploads\/2018\/07\/gr-11-PATRICK-DE-SILVESTRO-alleghe-hockey.mp3<\/a><\/audio>\n<p>&nbsp;<\/p>\n<p>&nbsp;<\/p>\n<p><strong><img loading=\"lazy\" decoding=\"async\" class=\"size-full wp-image-28046 alignleft\" src=\"http:\/\/www.radiopiu.net\/wordpress\/wp-content\/uploads\/2017\/02\/tennis.jpg\" alt=\"\" width=\"259\" height=\"194\" \/><\/strong><\/p>\n<p>&nbsp;<\/p>\n<p>&nbsp;<\/p>\n<p>&nbsp;<\/p>\n<p>&nbsp;<\/p>\n<p>&nbsp;<\/p>\n<p><strong>TENNIS<\/strong> IL PUNTO SUL CITTA&#8217; DI AGORDO, Matteo Reolon<\/p>\n<audio class=\"wp-audio-shortcode\" id=\"audio-53609-11\" preload=\"none\" style=\"width: 100%;\" controls=\"controls\"><source type=\"audio\/mpeg\" src=\"http:\/\/www.radiopiu.net\/wordpress\/wp-content\/uploads\/2018\/07\/gr-10-tennis.mp3?_=11\" \/><a href=\"http:\/\/www.radiopiu.net\/wordpress\/wp-content\/uploads\/2018\/07\/gr-10-tennis.mp3\">http:\/\/www.radiopiu.net\/wordpress\/wp-content\/uploads\/2018\/07\/gr-10-tennis.mp3<\/a><\/audio>\n<p>&nbsp;<\/p>\n<p>&nbsp;<\/p>\n<p>&nbsp;<\/p>\n<p>&nbsp;<\/p>\n<table width=\"600\">\n<tbody>\n<tr>\n<td>&nbsp;<\/p>\n<table style=\"height: 124px;\" width=\"508\">\n<tbody>\n<tr>\n<td>\n<h1>MUGELLO TERRA DI CACCIA PER FONTANA NELL\u2019ITALIANO GT.<\/h1>\n<\/td>\n<\/tr>\n<tr>\n<td><\/td>\n<\/tr>\n<tr>\n<td><img loading=\"lazy\" decoding=\"async\" class=\"aligncenter size-medium wp-image-53658\" src=\"http:\/\/www.radiopiu.net\/wordpress\/wp-content\/uploads\/2018\/07\/head-mugello-300x116.jpg\" alt=\"\" width=\"300\" height=\"116\" srcset=\"https:\/\/www.radiopiu.net\/wordpress\/wp-content\/uploads\/2018\/07\/head-mugello-300x116.jpg 300w, https:\/\/www.radiopiu.net\/wordpress\/wp-content\/uploads\/2018\/07\/head-mugello-768x298.jpg 768w, https:\/\/www.radiopiu.net\/wordpress\/wp-content\/uploads\/2018\/07\/head-mugello-1024x398.jpg 1024w, https:\/\/www.radiopiu.net\/wordpress\/wp-content\/uploads\/2018\/07\/head-mugello.jpg 1700w\" sizes=\"auto, (max-width: 300px) 100vw, 300px\" \/><\/td>\n<\/tr>\n<tr>\n<td><\/td>\n<\/tr>\n<\/tbody>\n<\/table>\n<\/td>\n<\/tr>\n<tr>\n<td><\/td>\n<\/tr>\n<tr>\n<td style=\"font-weight: 400;\">Alla vigilia della pausa estiva il tecnico tracciato del Mugello ospita la <strong>quarta tappa del Campionato Italiano GT<\/strong> che vede il pilota bellunese del Team Easy Race protagonista con la sua bellissima Ferrari 488 GT3. <strong>Gi\u00e0 vittorioso<\/strong> nella prova francese di Le Castellet, Fontana, insieme al suo team-mate Mancinelli, cerca la <strong>seconda affermazione stagionale<\/strong> sul tracciato toscano, usualmente teatro di splendidi duelli. Da questo appuntamento, il parterre di team e piloti presenti nel GT Italiano si arricchir\u00e0 con la presenza in griglia di altri <strong>due ex piloti di F1<\/strong>(oltre al gi\u00e0 presente Fisichella): <strong>Alex Caffi e Nicola Larini<\/strong> alla guida di una <strong>Bentley Continental GT GT3<\/strong>. Alla vigilia della quarta tappa, delle sette in calendario, del Campionato Italiano GT il driver di Belluno occupa la <strong>quarta posizione<\/strong> a 16 punti di distacco dai leader Zampieri-Alto\u00e8, grazie anche ai due podi che si sommano alla vittoria ottenuta in terra francese.<\/p>\n<p><strong>Andrea Fontana: <\/strong><em>\u201cAttendo la gara del Mugello con grande ansia perch\u00e9 si tratta di una pista che mi piace moltissimo e vedo crescere il mio feeling con la vettura gara dopo gara, sono curioso di vedere come si comporter\u00e0 la new entry Bentley con due piloti di primo livello come Caffi e Larini. In questo campionato il livello \u00e8 molto alto e le prestazioni del motore della nostra Ferrari 488 sono un po&#8217; condizionate dal BOP (Balance of Performance, ndr) che in gara non ci facilita nei sorpassi, sar\u00e0 quindi molto importante per noi partire dalle prime file per poter fare subito il nostro ritmo. Non sar\u00e0 facile essere competitivi gi\u00e0 dalle qualifiche visto che rispetto ai nostri avversari non abbiamo preso parte ai test pre-gara qui al Mugello, ma sono sicuro delle nostre potenzialit\u00e0 e potremo puntare in alto!\u201d <\/em><\/p>\n<p>Il programma ufficiale dell\u2019evento prevede lo start dei motori <strong>Venerd\u00ec 13 Luglio<\/strong> con le due sessioni di prove libere previste alle 10:30 e alle 14:35 per poi proseguire, <strong>Sabato 14<\/strong> con la disputa delle sessioni di <strong>prove ufficiali alle 10:20<\/strong> e con lo start di <strong>Gara 1 (48\u2019 + 1 giro).<\/strong><strong>Domenica 15 Luglio<\/strong> il week end si concluder\u00e0 con la disputa di <strong>Gara 2 alle ore 16:00 (48\u2019 + 1 giro).<\/strong><\/p>\n<p>Entrambe le manche di gara saranno trasmesse <strong>LIVE sul canale RAI Sport 2 (canale 58 \u2013 DTT)<\/strong> e in <strong>LIVE Streaming<\/strong> sul sito <a href=\"http:\/\/www.acisport.it\/\">www.acisport.it<\/a> e sulla pagina FB Campionato Italiano GT.<\/td>\n<\/tr>\n<tr>\n<td><\/td>\n<\/tr>\n<\/tbody>\n<\/table>\n<p>&nbsp;<\/p>\n<p>&nbsp;<\/p>\n<p>&nbsp;<\/p>\n<p>&nbsp;<\/p>\n<p>&nbsp;<\/p>\n<h1 style=\"text-align: center;\">METEO<\/h1>\n<p><strong>PREVISIONI DEL TEMPO DA OGGI A SABATO<\/strong><br \/>\n<strong>Mercoledi 11<\/strong><br \/>\nTempo atteso: Tempo variabile\/instabile, con cielo irregolarmente nuvoloso su tutte le zone montane con qualche parziale schiarita, in probabile estensione verso sera. Per buona parte della giornata saranno possibili fenomeni di instabilit\u00e0. Clima diurno fresco per il ridotto soleggiamento.<br \/>\nPrecipitazioni: Fino al pomeriggio probabili rovesci anche diffusi e qualche temporale (60\/70%), in attenuazione in serata. Non si esclude ancora qualche isolato fenomeno intenso.<br \/>\nTemperature: Minime stazionarie; massime stazionarie in quota, in lieve calo nelle valli. Su Prealpi a 1500 m min 10\u00b0C max 15\u00b0C, a 2000 m min 8\u00b0C max 11\u00b0C. Su Dolomiti a 2000 m min 8\u00b0C max 12\u00b0C, a 3000 m min 2\u00b0C max 5\u00b0C.<br \/>\nVenti: Nelle valli deboli\/moderati a regime di brezza; in quota deboli\/moderati occidentali, a 5-15 km\/h a 2000 m, 10-25 km\/h a 3000 m.<br \/>\n<strong>Giovedi 12<\/strong><br \/>\nTempo atteso: Tempo variabile con nuvolosit\u00e0 irregolare pi\u00f9 consistente dalle ore centrali, con qualche schiarita maggiormente presente rispetto al giorno precedente; saranno possibili fenomeni di instabilit\u00e0 a carattere sparso. Lieve rialzo termico diurno.<br \/>\nPrecipitazioni: Al mattino possibile qualche isolato rovescio (30\/40%); al pomeriggio maggiore probabilit\u00e0 di qualche rovescio o temporale sparso (50\/60%).<br \/>\nTemperature: Minime in calo nelle valli in caso di ampie schiarite notturne, stazionarie o in lieve rialzo in quota; massime in ripresa soprattutto nelle valli. Su Prealpi a 1500 m min 12\u00b0C max 16\u00b0C, a 2000 m min 9\u00b0C max 12\u00b0C. Su Dolomiti a 2000 m min 9\u00b0C max 14\u00b0C, a 3000 m min 3\u00b0C max 6\u00b0C.<br \/>\nVenti: Nelle valli deboli\/moderati a regime di brezza; in quota perlopi\u00f9 deboli occidentali, a 5-10 km\/h a 2000 m, 10-20 km\/h a 3000 m.<br \/>\n<strong>Venerdi 13<\/strong><br \/>\nGiornata con nuvolosit\u00e0 variabile ancora con moderata attivit\u00e0 cumuliforme dalle ore centrali associata a qualche rovescio o temporale. Temperature in lieve aumento, su valori prossimi o di poco superiori alla norma.<br \/>\n<strong>Sabato 14<\/strong><br \/>\nTempo inizialmente piuttosto soleggiato e caldo, con aumento della nuvolosit\u00e0 cumuliforme nelle ore centrali e pomeridiane, che potr\u00e0 portare qualche rovescio o temporale locale. Previsore: G.M.<\/p>\n","protected":false},"excerpt":{"rendered":"<p>DA SOLO CONTRO IL SEMAFORO BELLUNO Incidente autonomo davanti al Tribunale di Belluno, probabilmente un malore \u00e8 la causa che ha provocato il sinistro all&#8217;altezza del semaforo dove l&#8217;auto era in procinto di partire. Nessun ferito grave. Qualche inevitabile problema al traffico &nbsp; TEMPORALI. STATO DI ATTENZIONE IN VENETO FINO ALLA MEZZANOTTE VENEZIA Per oggi,&hellip;<\/p>\n","protected":false},"author":1,"featured_media":53643,"comment_status":"closed","ping_status":"closed","sticky":false,"template":"","format":"standard","meta":{"_monsterinsights_skip_tracking":false,"_monsterinsights_sitenote_active":false,"_monsterinsights_sitenote_note":"","_monsterinsights_sitenote_category":0,"footnotes":""},"categories":[2,49],"tags":[],"class_list":["post-53609","post","type-post","status-publish","format-standard","has-post-thumbnail","hentry","category-news","category-news-18","category-2","category-49","description-off"],"img_url":"https:\/\/www.radiopiu.net\/wordpress\/wp-content\/uploads\/2018\/07\/WhatsApp-Image-2018-07-10-at-10.26.45.jpeg","_links":{"self":[{"href":"https:\/\/www.radiopiu.net\/wordpress\/wp-json\/wp\/v2\/posts\/53609","targetHints":{"allow":["GET"]}}],"collection":[{"href":"https:\/\/www.radiopiu.net\/wordpress\/wp-json\/wp\/v2\/posts"}],"about":[{"href":"https:\/\/www.radiopiu.net\/wordpress\/wp-json\/wp\/v2\/types\/post"}],"author":[{"embeddable":true,"href":"https:\/\/www.radiopiu.net\/wordpress\/wp-json\/wp\/v2\/users\/1"}],"replies":[{"embeddable":true,"href":"https:\/\/www.radiopiu.net\/wordpress\/wp-json\/wp\/v2\/comments?post=53609"}],"version-history":[{"count":0,"href":"https:\/\/www.radiopiu.net\/wordpress\/wp-json\/wp\/v2\/posts\/53609\/revisions"}],"wp:featuredmedia":[{"embeddable":true,"href":"https:\/\/www.radiopiu.net\/wordpress\/wp-json\/wp\/v2\/media\/53643"}],"wp:attachment":[{"href":"https:\/\/www.radiopiu.net\/wordpress\/wp-json\/wp\/v2\/media?parent=53609"}],"wp:term":[{"taxonomy":"category","embeddable":true,"href":"https:\/\/www.radiopiu.net\/wordpress\/wp-json\/wp\/v2\/categories?post=53609"},{"taxonomy":"post_tag","embeddable":true,"href":"https:\/\/www.radiopiu.net\/wordpress\/wp-json\/wp\/v2\/tags?post=53609"}],"curies":[{"name":"wp","href":"https:\/\/api.w.org\/{rel}","templated":true}]}}