{"id":53698,"date":"2018-07-12T13:49:58","date_gmt":"2018-07-12T11:49:58","guid":{"rendered":"http:\/\/www.radiopiu.net\/wordpress\/?p=53698"},"modified":"2018-07-12T13:53:38","modified_gmt":"2018-07-12T11:53:38","slug":"giornale-radiopiu-12-luglio-2018-direttore-mirko-mezzacasa","status":"publish","type":"post","link":"https:\/\/www.radiopiu.net\/wordpress\/giornale-radiopiu-12-luglio-2018-direttore-mirko-mezzacasa\/","title":{"rendered":"GIORNALE RADIOPIU 12 LUGLIO 2018 DIRETTORE MIRKO MEZZACASA"},"content":{"rendered":"<blockquote>\n<h2><span style=\"color: #000000;\"><strong>ANCORA UN LUTTO IN CASA ALLEGHE HOCKEY<\/strong><\/span><\/h2>\n<p>In queste prime ore del giorno \u00e8 arrivata una chiamata che nessuno vorrebbe mai ricevere, la triste notizia,\u00a0 \u00a0la scomparsa di Mimi,\u00a0 moglie del Presidente Renato Rossi, che era in viaggio verso Alleghe per presiedere alla consueta annuale riunione in programma domai. Radio Pi\u00f9. il Direttivo dell&#8217;Alleghe Hockey, tutti gli atleti e i sostenitori della societ\u00e0 si stringono in un forte abbraccio a Renato al figlio Arthur\u00a0 e a tutta la sua famiglia in questo momento di dolore.<\/p><\/blockquote>\n<h1><\/h1>\n<p>&nbsp;<\/p>\n<blockquote>\n<h1>1043 FIRME PER I PARCHEGGI IN LUXOTTICA, CONSEGNATE REGOLARMENTE ALL&#8217;AZIENDA COME PREVISTO.<\/h1>\n<p><strong><img loading=\"lazy\" decoding=\"async\" class=\"aligncenter size-medium wp-image-43809\" src=\"http:\/\/www.radiopiu.net\/wordpress\/wp-content\/uploads\/2018\/02\/LUXXX-300x200.jpeg\" alt=\"\" width=\"300\" height=\"200\" srcset=\"https:\/\/www.radiopiu.net\/wordpress\/wp-content\/uploads\/2018\/02\/LUXXX-300x200.jpeg 300w, https:\/\/www.radiopiu.net\/wordpress\/wp-content\/uploads\/2018\/02\/LUXXX-768x512.jpeg 768w, https:\/\/www.radiopiu.net\/wordpress\/wp-content\/uploads\/2018\/02\/LUXXX-1024x682.jpeg 1024w, https:\/\/www.radiopiu.net\/wordpress\/wp-content\/uploads\/2018\/02\/LUXXX.jpeg 1600w\" sizes=\"auto, (max-width: 300px) 100vw, 300px\" \/>AGORDO\u00a0\u00a0<\/strong>Come\u00a0si era stabilito fin dall&#8217;inizio, la\u00a0sottoscrizione per i problemi riguardanti\u00a0trasporti e parcheggi \u00e8\u00a0regolarmente\u00a0terminata venerd\u00ec 6 luglio e le adesioni totali sono state ben\u00a01043.<\/p><\/blockquote>\n<div class=\"separator\"><em>&#8220;Le\u00a0firme raccolte\u00a0 &#8211; dice Emilio Bez della Uil &#8211;\u00a0 sono gi\u00e0 state puntualmente consegnate all&#8217;Azienda, la quale ha\u00a0confermato anche in quest&#8217;occasione\u00a0la sua abituale disponibilit\u00e0 ad un dialogo costruttivo con le parti sindacali,\u00a0a maggior ragione su un argomento cos\u00ec importante per i lavoratori.\u00a0<\/em><em>In tempi brevi verr\u00e0\u00a0pianificato\u00a0un incontro tra Azienda e Commissione Trasporti per discutere sui temi oggetto della sottoscrizione\u00a0e valutare congiuntamente\u00a0le possibili soluzioni&#8221;.<\/em><\/div>\n<h1><\/h1>\n<p>&nbsp;<\/p>\n<p>&nbsp;<\/p>\n<h1>LUXOTTICA WELFARE PER I FIGLI DEI DIPENDENTI E NON SOLO<\/h1>\n<p><strong><img loading=\"lazy\" decoding=\"async\" class=\"size-medium wp-image-53755 alignleft\" src=\"http:\/\/www.radiopiu.net\/wordpress\/wp-content\/uploads\/2018\/07\/stock-photo-welfare-state-is-the-future-revolutionary-text-over-blurred-photo-of-red-flag-appeal-to-support-429913837-300x214.jpg\" alt=\"\" width=\"300\" height=\"214\" srcset=\"https:\/\/www.radiopiu.net\/wordpress\/wp-content\/uploads\/2018\/07\/stock-photo-welfare-state-is-the-future-revolutionary-text-over-blurred-photo-of-red-flag-appeal-to-support-429913837-300x214.jpg 300w, https:\/\/www.radiopiu.net\/wordpress\/wp-content\/uploads\/2018\/07\/stock-photo-welfare-state-is-the-future-revolutionary-text-over-blurred-photo-of-red-flag-appeal-to-support-429913837.jpg 450w\" sizes=\"auto, (max-width: 300px) 100vw, 300px\" \/>AGORDO<\/strong> Luxottica in prima linea per aiutare i figli dei dipendenti Tante iniziative per l\u2019estate dai corsi di preparazione ai test d\u2019accesso all\u2019Universit\u00e0 agli stage in azienda, fino al summer camp di Bibione<br \/>\n<span style=\"color: #0000ff;\"><strong>PREPARAZIONE AI TEST UNIVERSITARI<\/strong> <\/span>Tra il 16 e il 20 luglio si svolge la quinta edizione dei corsi estivi di preparazione ai test d\u2019ingresso all\u2019universit\u00e0 anche per i non dipendenti.I corsi si svolgeranno al Centro congressi di Belluno. <span style=\"color: #0000ff;\"><strong>STAGE ESTIVI IN AZIENDA<\/strong><\/span> Tra luglio e agosto oltre 100 ragazzi del terzo e quarto anno di scuola superiore, figli di dipendenti, hanno avuto accesso ad un\u2019esperienza di stage all\u2019interno dei diversi reparti <span style=\"color: #0000ff;\"><strong>LIBRI IN REGALO<\/strong><\/span> I libri di testo gratuiti per scuole medie e superiori e per l\u2019universit\u00e0, un aiuto concreto per tutti i dipendenti delle sedi italiane del Gruppo. <span style=\"color: #0000ff;\"><strong>SUMMER CAMP DI BIBIONE<\/strong><\/span> Record di presenze per il Summer Camp 2018 che ha coinvolto pi\u00f9 di 700 figli di dipendenti tra gli 12 e i 16 anni a cavallo dei mesi di giugno e luglio.<\/p>\n<p>&nbsp;<\/p>\n<p>&nbsp;<\/p>\n<p>&nbsp;<\/p>\n<p>&nbsp;<\/p>\n<p>&nbsp;<\/p>\n<blockquote>\n<h1>CADE CON LA MOUNTAIN BIKE<\/h1>\n<\/blockquote>\n<p><strong><img loading=\"lazy\" decoding=\"async\" class=\" wp-image-53713 alignleft\" src=\"http:\/\/www.radiopiu.net\/wordpress\/wp-content\/uploads\/2018\/07\/mountain-biking-1210066_960_720-300x225.jpg\" alt=\"\" width=\"192\" height=\"144\" srcset=\"https:\/\/www.radiopiu.net\/wordpress\/wp-content\/uploads\/2018\/07\/mountain-biking-1210066_960_720-300x225.jpg 300w, https:\/\/www.radiopiu.net\/wordpress\/wp-content\/uploads\/2018\/07\/mountain-biking-1210066_960_720-768x576.jpg 768w, https:\/\/www.radiopiu.net\/wordpress\/wp-content\/uploads\/2018\/07\/mountain-biking-1210066_960_720.jpg 960w\" sizes=\"auto, (max-width: 192px) 100vw, 192px\" \/>CANALE D&#8217;AGORDO<\/strong> Ieri verso le 15 l&#8217;elicottero del Suem di Pieve di Cadore \u00e8 decollato in direzione del Pian delle Comelle, poich\u00e9 un turista svizzero, P.M., 53 anni, \u00e8 caduto in bici a 2.330 metri di quota, lungo il sentiero numero 756 non distante dal Passo Antermarucol. L&#8217;uomo, che si trovava con un gruppo di persone ha perso il controllo della propria mountain bike, \u00e8 stato imbarcato in hovering e accompagnato all&#8217;ospedale con un possibile trauma alla<\/p>\n<h4>MALORE AL RIFUGIO VALPAROLA, Soccorso un turista di 45 anni portato all&#8217;ospedale di Belluno in gravi condizioni in codice rosso, non \u00e8 in pericolo di vita.<\/h4>\n<p>&nbsp;<\/p>\n<p>&nbsp;<\/p>\n<p>&nbsp;<\/p>\n<h1>INVESTITA DALL&#8217;AUTO GUIDATA DAL MARITO<\/h1>\n<p><strong><img loading=\"lazy\" decoding=\"async\" class=\"size-medium wp-image-35774 alignleft\" src=\"http:\/\/www.radiopiu.net\/wordpress\/wp-content\/uploads\/2017\/08\/170821-comunicato-stampa-carabinieri-caprile-300x225.jpg\" alt=\"\" width=\"300\" height=\"225\" \/>SOTTOGUDA<\/strong> Una donna scende dall&#8217;auto mentre il marito \u00e8 alla guida dell&#8217;auto in manovra verso il parcheggio, travolta dalla stessa auto deve ricorrere alla cure del Pronto Soccorso di Agordo, ferite lievi e subito dimessa. E&#8217; successo nel pomeriggio di ieri a una coppia di Bovolenta (Padova). Sono intervenuti i Carabinieri della stazione di Caprile.<\/p>\n<h1>MOTO CONTRO FURGONE<\/h1>\n<p><strong>LIVINALLONGO Un motociclista di\u00a0 29 anni di nazionalit\u00e0 svizzera \u00e8 ricoverato in gravi condizioni all&#8217;ospedale San Martino di Belluno, non sarebbe in pericolo di vita. L&#8217;incidente ieri a Passo Falzarego. L&#8217;uomo a bordo di una potente Bmw \u00e8 finito contro un furgone. Disagi al traffico con la strada per Passo Falzarego rimasta chiusa per permettere le operazioni di soccorso<\/strong><\/p>\n<p>&nbsp;<\/p>\n<p>&nbsp;<\/p>\n<p>&nbsp;<\/p>\n<p>&nbsp;<\/p>\n<blockquote>\n<h1>INCIDENTE, SENZA FERITI GRAVI<\/h1>\n<\/blockquote>\n<p><strong>BELLUNO<\/strong> Ha perso il controllo dell&#8217;auto ed ha travolto il semaforo all&#8217;incrocio tra le vie Seganto e Fantuzzi, ieri mattina a Belluno sulla strada difronte al Tribunale, inevitabili disagi al traffico e semaforo fuori uso, sar\u00e0 probabilmente ripristinato in giornata. Al volante dell&#8217;auto un 60enne di Lastreghe di Ponte Nelle Alpi, M.N. (le iniziali) soccorso e portato all&#8217;ospedale di Belluno con un trauma cervicale, gi\u00e0 dimesso nella giornata di ieri, guarir\u00e0 in 10 giorni.<\/p>\n\n\t\t\t<style type='text\/css'>\n\t\t\t\t#gallery-1 {\n\t\t\t\t\tmargin: auto;\n\t\t\t\t}\n\t\t\t\t#gallery-1 .gallery-item {\n\t\t\t\t\tfloat: left;\n\t\t\t\t\tmargin-top: 10px;\n\t\t\t\t\ttext-align: center;\n\t\t\t\t\twidth: 33%;\n\t\t\t\t}\n\t\t\t\t#gallery-1 img {\n\t\t\t\t\tborder: 2px solid #cfcfcf;\n\t\t\t\t}\n\t\t\t\t#gallery-1 .gallery-caption {\n\t\t\t\t\tmargin-left: 0;\n\t\t\t\t}\n\t\t\t\t\/* see gallery_shortcode() in wp-includes\/media.php *\/\n\t\t\t<\/style>\n\t\t<div id='gallery-1' class='dt-gallery-container gallery galleryid-53698 gallery-columns-3 gallery-size-thumbnail'><dl class='gallery-item'>\n\t\t\t\t<dt class='gallery-icon landscape'>\n\t\t\t\t\t<a class=\"rollover\" href='https:\/\/www.radiopiu.net\/wordpress\/giornale-radiopiu-12-luglio-2018-direttore-mirko-mezzacasa\/e5b33453-bd44-4e09-8582-6121009476db\/'><img loading=\"lazy\" decoding=\"async\" width=\"150\" height=\"150\" src=\"https:\/\/www.radiopiu.net\/wordpress\/wp-content\/uploads\/2018\/07\/e5b33453-bd44-4e09-8582-6121009476db-150x150.jpg\" class=\"attachment-thumbnail size-thumbnail\" alt=\"\" \/><\/a>\n\t\t\t\t<\/dt><\/dl><dl class='gallery-item'>\n\t\t\t\t<dt class='gallery-icon portrait'>\n\t\t\t\t\t<a class=\"rollover\" href='https:\/\/www.radiopiu.net\/wordpress\/giornale-radiopiu-12-luglio-2018-direttore-mirko-mezzacasa\/249ae110-8bcd-41ad-b298-fd3c7481273b\/'><img loading=\"lazy\" decoding=\"async\" width=\"150\" height=\"150\" src=\"https:\/\/www.radiopiu.net\/wordpress\/wp-content\/uploads\/2018\/07\/249ae110-8bcd-41ad-b298-fd3c7481273b-150x150.jpg\" class=\"attachment-thumbnail size-thumbnail\" alt=\"\" \/><\/a>\n\t\t\t\t<\/dt><\/dl><dl class='gallery-item'>\n\t\t\t\t<dt class='gallery-icon portrait'>\n\t\t\t\t\t<a class=\"rollover\" href='https:\/\/www.radiopiu.net\/wordpress\/giornale-radiopiu-12-luglio-2018-direttore-mirko-mezzacasa\/16cb400c-b7c6-40b9-8375-ca408c99acbe\/'><img loading=\"lazy\" decoding=\"async\" width=\"150\" height=\"150\" src=\"https:\/\/www.radiopiu.net\/wordpress\/wp-content\/uploads\/2018\/07\/16cb400c-b7c6-40b9-8375-ca408c99acbe-150x150.jpg\" class=\"attachment-thumbnail size-thumbnail\" alt=\"\" \/><\/a>\n\t\t\t\t<\/dt><\/dl><br style=\"clear: both\" \/>\n\t\t\t<\/div>\n\n<p>&nbsp;<\/p>\n<p>&nbsp;<\/p>\n<p>&nbsp;<\/p>\n<p>&nbsp;<\/p>\n<p>&nbsp;<\/p>\n<blockquote>\n<h1>CHIUDE LA BIBLIOTECA, NUOVI SPAZI PER LA DOLOMITI CONCEPT LAB<\/h1>\n<\/blockquote>\n<p><strong><img loading=\"lazy\" decoding=\"async\" class=\" wp-image-53714 alignleft\" src=\"http:\/\/www.radiopiu.net\/wordpress\/wp-content\/uploads\/2018\/07\/3cfc7f55-e683-46a8-a6df-c151f012424c-300x169.jpg\" alt=\"\" width=\"343\" height=\"193\" srcset=\"https:\/\/www.radiopiu.net\/wordpress\/wp-content\/uploads\/2018\/07\/3cfc7f55-e683-46a8-a6df-c151f012424c-300x169.jpg 300w, https:\/\/www.radiopiu.net\/wordpress\/wp-content\/uploads\/2018\/07\/3cfc7f55-e683-46a8-a6df-c151f012424c-768x432.jpg 768w, https:\/\/www.radiopiu.net\/wordpress\/wp-content\/uploads\/2018\/07\/3cfc7f55-e683-46a8-a6df-c151f012424c-1024x576.jpg 1024w, https:\/\/www.radiopiu.net\/wordpress\/wp-content\/uploads\/2018\/07\/3cfc7f55-e683-46a8-a6df-c151f012424c.jpg 1600w\" sizes=\"auto, (max-width: 343px) 100vw, 343px\" \/>TAIBON<\/strong> Quello che restava della Biblioteca ieri \u00e8 stato caricato sul camion comunale per essere poi smaltito all&#8217;econcentro. La fine della Biblioteca \u00e8 iniziata con la malattia e la successiva scomparsa del maestro Mario Diluviani che con tanta passione l&#8217;aveva fondata e provvedeva quotidianamente a tenerla in ordine, cos\u00ec come l&#8217;archivio Don Tamis. Quest&#8217;ultimo ha trovato collocazione nei locali dell&#8217;Unione Montana con la supervisione di Patrizio De Ventura che gi\u00e0 segue con attenzione la Biblioteca del Circolo Culturale Agordino ad Agordo.<br \/>\n<em>&#8220;La decisione di smantellare la Biblioteca -spiega il sindaco Silvia Tormen &#8211; \u00e8 stata presa ancora alcuni anni quando abbiamo ragionato su quale sede dare all&#8217;associazione Dolomiti Concept Lab che oggi occupa quei locali, una stanza \u00e8 stata invece riservata all&#8217;associazione Pettirosso Agordino&#8221;.<\/em><br \/>\n<strong>Quali le motivazioni che hanno portato alla chiusura della Biblioteca?<\/strong><br \/>\n<em>&#8220;Con la malattia e la scomparsa di Mario Diluviani la Biblioteca non \u00e8 pi\u00f9 stata aperta, per questo l&#8217;archivio Tamis \u00e8 stato trasferito ad Agordo. Nei primi anni di mandato mai nessuno mi ha chiesto di poter accedere alla Biblioteca, nessuno si \u00e8 inoltre mai interessato ad una sua possibile gestione, se non ultimamente ma a decisioni ormai prese&#8221;.<\/em><br \/>\n<strong>Quindi tutto il materiale che era all&#8217;interno \u00e8 finito all&#8217;ecocentro?<\/strong><br \/>\n<em>&#8220;Molti libri sono stati portati alle scuole elementari del paese. Inoltre ci siamo affidati ad un&#8217;archivista, Martina Strazzabosco, esperta del settore al centro Studi Bellunese. Ha analizzato lo stato dei materiale e abbiamo convenuto che non c&#8217;era pi\u00f9 il senso e la logica di tenere aperta una Biblioteca &#8220;povera&#8221; mentre ad Agordo quella esistente pi\u00f9 sviluppata, soddisfa tutte le esigenze con un&#8217;ampia offerta. La Dolomiti Concept Lab \u00e8 una struttura moderna che interessa i giovani di tutto l&#8217;Agordino e apre pertanto alle nuove generazioni. Un&#8217;attivit\u00e0 diversa dalla Biblioteca, un&#8217;alternativa in pi\u00f9&#8221;.<\/em><br \/>\n<strong>Quindi una scelta politica?<\/strong><br \/>\n<em>&#8220;Una scelta politica certo, ma anche perch\u00e9 la Biblioteca non interessava nessuno. I libri e il materiale portato al macero sono stati selezionati dall&#8217;archivista che ci ha presentato un&#8217;approfondita relazione&#8221;<\/em>.<\/p>\n<p>&nbsp;<\/p>\n<p>&nbsp;<\/p>\n<p>&nbsp;<\/p>\n<p>&nbsp;<\/p>\n<blockquote>\n<h1><\/h1>\n<\/blockquote>\n<h1><\/h1>\n<blockquote>\n<h1><\/h1>\n<h1><\/h1>\n<h1>RINVIO PER IL PIANO SOCIO SANITARIO<\/h1>\n<\/blockquote>\n<p><strong><img loading=\"lazy\" decoding=\"async\" class=\"size-medium wp-image-53715 alignleft\" src=\"http:\/\/www.radiopiu.net\/wordpress\/wp-content\/uploads\/2018\/07\/surgery-1822458_960_720-300x200.jpg\" alt=\"\" width=\"300\" height=\"200\" srcset=\"https:\/\/www.radiopiu.net\/wordpress\/wp-content\/uploads\/2018\/07\/surgery-1822458_960_720-300x200.jpg 300w, https:\/\/www.radiopiu.net\/wordpress\/wp-content\/uploads\/2018\/07\/surgery-1822458_960_720-768x512.jpg 768w, https:\/\/www.radiopiu.net\/wordpress\/wp-content\/uploads\/2018\/07\/surgery-1822458_960_720.jpg 960w\" sizes=\"auto, (max-width: 300px) 100vw, 300px\" \/>BELLUNO<\/strong> Risultato positivo per i sindaci bellunesi dall&#8217;incontro a Venezia sul piano socio-sanitario: ottenuto infatti il rinvio del parere chiesto dalla Regione Veneto, la quale incontrer\u00e0 la prossima settimana le Conferenze dei Sindaci di tutto il Veneto per l&#8217;illustrazione del piano. A comunicarlo sono Jacopo Massaro e Paolo Perenzin, rispettivamente presidente e vicepresidente della Conferenza dei Sindaci dell&#8217;Ulss 1 Dolomit. Su una cosa i primi cittadini non mollano: senza il parere dei sindaci, il piano non pu\u00f2 andare avanti. La Conferenza Regionale Permanente, fino a poco tempo fa, era costituita dai presidenti delle Conferenze dei Sindaci delle allora 21 Ulss venete con la riorganizzazione delle aziende sanitarie e con le linee guida pubblicate pochi mesi fa, solamente tre conferenze si sono gi\u00e0 adeguate al nuovo sistema, mentre le altre lo faranno nelle prossime settimane.<br \/>\n<span style=\"color: #ff0000;\"><strong>AI MICROFONI DI RADIO PIU IL SINDACO DI FELTRE PAOLO PERENZIN<\/strong><\/span><\/p>\n<audio class=\"wp-audio-shortcode\" id=\"audio-53698-1\" preload=\"none\" style=\"width: 100%;\" controls=\"controls\"><source type=\"audio\/mpeg\" src=\"http:\/\/www.radiopiu.net\/wordpress\/wp-content\/uploads\/2018\/07\/PERENZIN.mp3?_=1\" \/><a href=\"http:\/\/www.radiopiu.net\/wordpress\/wp-content\/uploads\/2018\/07\/PERENZIN.mp3\">http:\/\/www.radiopiu.net\/wordpress\/wp-content\/uploads\/2018\/07\/PERENZIN.mp3<\/a><\/audio>\n<p><span style=\"color: #ff0000;\"><strong>IL SINDACO DI BELLUNO JACOPO MASSARO<\/strong><\/span><\/p>\n<audio class=\"wp-audio-shortcode\" id=\"audio-53698-2\" preload=\"none\" style=\"width: 100%;\" controls=\"controls\"><source type=\"audio\/mpeg\" src=\"http:\/\/www.radiopiu.net\/wordpress\/wp-content\/uploads\/2018\/07\/MASSARO-2.mp3?_=2\" \/><a href=\"http:\/\/www.radiopiu.net\/wordpress\/wp-content\/uploads\/2018\/07\/MASSARO-2.mp3\">http:\/\/www.radiopiu.net\/wordpress\/wp-content\/uploads\/2018\/07\/MASSARO-2.mp3<\/a><\/audio>\n<p>&nbsp;<\/p>\n<p>&nbsp;<\/p>\n<p>&nbsp;<\/p>\n<p>&nbsp;<\/p>\n<blockquote>\n<h1>STIPENDI: INCONTRO LAVORATORI-SINDACATI<\/h1>\n<\/blockquote>\n<p><strong><img loading=\"lazy\" decoding=\"async\" class=\" wp-image-53716 alignleft\" src=\"http:\/\/www.radiopiu.net\/wordpress\/wp-content\/uploads\/2018\/07\/download-8.jpg\" alt=\"\" width=\"114\" height=\"186\" \/><\/strong><\/p>\n<p>&nbsp;<\/p>\n<p>&nbsp;<\/p>\n<p>&nbsp;<\/p>\n<p><strong>AGORDO<\/strong> Importante incontro con i lavoratori dell&#8217;Azienda Sanitaria Asca di Agordo con all&#8217;ordine del giorno lo stipendio ed altre tematiche di interesse per il personale che lavora in seno all&#8217;azienda<\/p>\n<p><span style=\"color: #ff0000;\"><strong>ne parliamo con Andrea Fiocco della FP Cgil<\/strong><\/span><\/p>\n<audio class=\"wp-audio-shortcode\" id=\"audio-53698-3\" preload=\"none\" style=\"width: 100%;\" controls=\"controls\"><source type=\"audio\/mpeg\" src=\"http:\/\/www.radiopiu.net\/wordpress\/wp-content\/uploads\/2018\/07\/FIOCCO.mp3?_=3\" \/><a href=\"http:\/\/www.radiopiu.net\/wordpress\/wp-content\/uploads\/2018\/07\/FIOCCO.mp3\">http:\/\/www.radiopiu.net\/wordpress\/wp-content\/uploads\/2018\/07\/FIOCCO.mp3<\/a><\/audio>\n<p>DAL CORRIERE DELLE ALPI DI OGGI, GIANNI SANTOMASO<\/p>\n<audio class=\"wp-audio-shortcode\" id=\"audio-53698-4\" preload=\"none\" style=\"width: 100%;\" controls=\"controls\"><source type=\"audio\/mpeg\" src=\"http:\/\/www.radiopiu.net\/wordpress\/wp-content\/uploads\/2018\/07\/gr-13-asca-gianni-santomaso.mp3?_=4\" \/><a href=\"http:\/\/www.radiopiu.net\/wordpress\/wp-content\/uploads\/2018\/07\/gr-13-asca-gianni-santomaso.mp3\">http:\/\/www.radiopiu.net\/wordpress\/wp-content\/uploads\/2018\/07\/gr-13-asca-gianni-santomaso.mp3<\/a><\/audio>\n<p>&nbsp;<\/p>\n<p>&nbsp;<\/p>\n<p>&nbsp;<\/p>\n<blockquote>\n<h1>AREE INTERNE IN UNIONE MONTANA<\/h1>\n<\/blockquote>\n<p><strong><img loading=\"lazy\" decoding=\"async\" class=\" wp-image-53717 alignleft\" src=\"http:\/\/www.radiopiu.net\/wordpress\/wp-content\/uploads\/2018\/07\/UNIONE-MONTANA-211x300.jpg\" alt=\"\" width=\"141\" height=\"200\" srcset=\"https:\/\/www.radiopiu.net\/wordpress\/wp-content\/uploads\/2018\/07\/UNIONE-MONTANA-211x300.jpg 211w, https:\/\/www.radiopiu.net\/wordpress\/wp-content\/uploads\/2018\/07\/UNIONE-MONTANA.jpg 464w\" sizes=\"auto, (max-width: 141px) 100vw, 141px\" \/>AGORDO<\/strong> Stamane nella sede dell&#8217;Unione montana si terr\u00e0 l&#8217;incontro dedicato al tema &#8220;Agricoltura e turismo&#8221; nell&#8217;ambito del percorso sulle Aree interne. Partecipano i portatori di interesse e i sindaci agordini. Nella tre giorni di riunioni di giugno \u00e8 stata analizzata la situazione dell&#8217;Agordino rispetto alle potenzialit\u00e0 del territorio nei settori dell&#8217;agricoltura e del turismo, avviando il processo per individuare soluzioni concrete per migliorare gli attuali servizi.<\/p>\n<p><span style=\"color: #ff0000;\"><strong> Oggi il dialogo prosegue come conferma il presidente Fabio Luchetta.<\/strong><\/span><\/p>\n<audio class=\"wp-audio-shortcode\" id=\"audio-53698-5\" preload=\"none\" style=\"width: 100%;\" controls=\"controls\"><source type=\"audio\/mpeg\" src=\"http:\/\/www.radiopiu.net\/wordpress\/wp-content\/uploads\/2018\/07\/gr-12-incontro-unione-montana.mp3?_=5\" \/><a href=\"http:\/\/www.radiopiu.net\/wordpress\/wp-content\/uploads\/2018\/07\/gr-12-incontro-unione-montana.mp3\">http:\/\/www.radiopiu.net\/wordpress\/wp-content\/uploads\/2018\/07\/gr-12-incontro-unione-montana.mp3<\/a><\/audio>\n<p>&nbsp;<\/p>\n<p>&nbsp;<\/p>\n<p>&nbsp;<\/p>\n<p>&nbsp;<\/p>\n<blockquote>\n<h1>RIFUGI E STRUTTURE IN MONTAGNA, SOLDI A DISPOSIZIONE<\/h1>\n<\/blockquote>\n<p><strong><img loading=\"lazy\" decoding=\"async\" class=\"size-full wp-image-45413 alignleft\" src=\"http:\/\/www.radiopiu.net\/wordpress\/wp-content\/uploads\/2018\/03\/CARESTIATO.jpg\" alt=\"\" width=\"275\" height=\"183\" \/><\/strong><\/p>\n<p>&nbsp;<\/p>\n<p>&nbsp;<\/p>\n<p><strong>VENEZIA<\/strong> Sei milioni per le strutture ricettive di montagna che si aggiungono ai 12 milioni e pi\u00f9 dello scorso anno. L&#8217;iniziativa dell&#8217;assessore al turismo Federico Caner, chi potr\u00e0 beneficiarne? Quando si parte e quali sono i finanziamenti?<br \/>\n<span style=\"color: #ff0000;\"><strong>Sentiamo l&#8217;assessore.<\/strong><\/span><\/p>\n<audio class=\"wp-audio-shortcode\" id=\"audio-53698-6\" preload=\"none\" style=\"width: 100%;\" controls=\"controls\"><source type=\"audio\/mpeg\" src=\"http:\/\/www.radiopiu.net\/wordpress\/wp-content\/uploads\/2018\/07\/CANER.mp3?_=6\" \/><a href=\"http:\/\/www.radiopiu.net\/wordpress\/wp-content\/uploads\/2018\/07\/CANER.mp3\">http:\/\/www.radiopiu.net\/wordpress\/wp-content\/uploads\/2018\/07\/CANER.mp3<\/a><\/audio>\n<p>&nbsp;<\/p>\n<p>&nbsp;<\/p>\n<p>&nbsp;<\/p>\n<blockquote><p>&nbsp;<\/p><\/blockquote>\n<p>&nbsp;<\/p>\n<p>&nbsp;<\/p>\n<div><\/div>\n<div>\n<blockquote>\n<h1>XII COMMISSIONE \u201cTERZO SETTORE, COLLABORARE COL TERRITORIO PER LA MODIFICA DEL DECRETO\u201d<\/h1>\n<\/blockquote>\n<div><\/div>\n<div><strong><img loading=\"lazy\" decoding=\"async\" class=\" wp-image-53745 alignleft\" src=\"http:\/\/www.radiopiu.net\/wordpress\/wp-content\/uploads\/2018\/07\/Bond-Soccorso-Alpino-204x300.jpeg\" alt=\"\" width=\"310\" height=\"456\" srcset=\"https:\/\/www.radiopiu.net\/wordpress\/wp-content\/uploads\/2018\/07\/Bond-Soccorso-Alpino-204x300.jpeg 204w, https:\/\/www.radiopiu.net\/wordpress\/wp-content\/uploads\/2018\/07\/Bond-Soccorso-Alpino-698x1024.jpeg 698w, https:\/\/www.radiopiu.net\/wordpress\/wp-content\/uploads\/2018\/07\/Bond-Soccorso-Alpino.jpeg 734w\" sizes=\"auto, (max-width: 310px) 100vw, 310px\" \/><\/strong><\/div>\n<div><\/div>\n<div><\/div>\n<div><\/div>\n<div><\/div>\n<div><\/div>\n<div><\/div>\n<div><\/div>\n<div><\/div>\n<div><\/div>\n<\/div>\n<div><\/div>\n<div><\/div>\n<div>\n<div><strong>ROMA<\/strong> Dario Bond ha presieduto l&#8217;audizione in XII Commissione Sanit\u00e0 e Sociale alla Camera. Presenti tra gli altri alla seduta anche i rappresentanti della Croce Rossa e del Corpo Nazionale del Soccorso Alpino e Speleologico Bellunese, Alex Barattin e Fabio Bristot. Forza Italia ha gi\u00e0 costituito un gruppo di lavoro sul tema che a breve presenter\u00e0 delle proposte efficaci ed utili alle realt\u00e0 del mondo del volontariato\u201d.<\/div>\n<div><span style=\"color: #ff0000;\"><strong>AUDIO<\/strong><\/span><\/div>\n<\/div>\n<audio class=\"wp-audio-shortcode\" id=\"audio-53698-7\" preload=\"none\" style=\"width: 100%;\" controls=\"controls\"><source type=\"audio\/mpeg\" src=\"http:\/\/www.radiopiu.net\/wordpress\/wp-content\/uploads\/2018\/07\/BOND-AUDIZIONE-CNSAS.mp3?_=7\" \/><a href=\"http:\/\/www.radiopiu.net\/wordpress\/wp-content\/uploads\/2018\/07\/BOND-AUDIZIONE-CNSAS.mp3\">http:\/\/www.radiopiu.net\/wordpress\/wp-content\/uploads\/2018\/07\/BOND-AUDIZIONE-CNSAS.mp3<\/a><\/audio>\n<div><i>Nella foto, da sx: Fabio Bristot, CNSAS; On. Dario Bond; On. Arianna Lazzarini, segretario XII Commissione; Alex Barattin, Delegato CNSAS Bellunese<br \/>\n<\/i><\/div>\n<div><\/div>\n<div><\/div>\n<div><\/div>\n<blockquote>\n<div><\/div>\n<\/blockquote>\n<p>&nbsp;<\/p>\n<p>&nbsp;<\/p>\n<blockquote>\n<h1>NESSUNA EMERGENZA PER LE CARTE D&#8217;IDENTITA&#8217; DIFETTOSE<\/h1>\n<\/blockquote>\n<p><strong><img loading=\"lazy\" decoding=\"async\" class=\"size-medium wp-image-53690 alignleft\" src=\"http:\/\/www.radiopiu.net\/wordpress\/wp-content\/uploads\/2018\/07\/CARTA-IDENTITA-BELLUNO-300x198.jpg\" alt=\"\" width=\"300\" height=\"198\" srcset=\"https:\/\/www.radiopiu.net\/wordpress\/wp-content\/uploads\/2018\/07\/CARTA-IDENTITA-BELLUNO-300x198.jpg 300w, https:\/\/www.radiopiu.net\/wordpress\/wp-content\/uploads\/2018\/07\/CARTA-IDENTITA-BELLUNO.jpg 720w\" sizes=\"auto, (max-width: 300px) 100vw, 300px\" \/>BELLUNO<\/strong> Stanno arrivando anche a Belluno le lettere del Ministero dell&#8217;Interno per avvisare i possessori di carte di identit\u00e0 elettroniche difettose della possibilit\u00e0 di sostituzione gratuita: sono 350mila a livello nazionale le carte \u201cbacate\u201d, 573 nel Comune di Belluno. Non c&#8217;\u00e8 bisogno di correre agli sportelli dell&#8217;Ufficio Anagrafe per la sostituzione, Il documento \u00e8 valido e funzionante, e questo problema non ostacola la libera circolazione anche all&#8217;estero la sostituzione non \u00e8 obbligatoria, ma su base volontaria, e senza alcun costo. Per la sostituzione, dopo aver preso appuntamento, baster\u00e0 recarsi agli uffici comunali con il documento \u201cdifettoso\u201d, la lettera del Ministero ed una fototessera.<br \/>\n<span style=\"color: #ff0000;\"><strong>AI MICROFONI DI RADIO PIU, L&#8217;ASSESSORE AI SERVIZI DEMOGRAFICI MAURIZIO BUSATTA.<\/strong><\/span><\/p>\n<audio class=\"wp-audio-shortcode\" id=\"audio-53698-8\" preload=\"none\" style=\"width: 100%;\" controls=\"controls\"><source type=\"audio\/mpeg\" src=\"http:\/\/www.radiopiu.net\/wordpress\/wp-content\/uploads\/2018\/07\/Busatta-CdI-Elettroniche-fallate.mp3?_=8\" \/><a href=\"http:\/\/www.radiopiu.net\/wordpress\/wp-content\/uploads\/2018\/07\/Busatta-CdI-Elettroniche-fallate.mp3\">http:\/\/www.radiopiu.net\/wordpress\/wp-content\/uploads\/2018\/07\/Busatta-CdI-Elettroniche-fallate.mp3<\/a><\/audio>\n<p>&nbsp;<\/p>\n<blockquote>\n<h1><\/h1>\n<\/blockquote>\n<h1><\/h1>\n<p>&nbsp;<\/p>\n<blockquote><p>&nbsp;<\/p>\n<h1>OPERAZIONE TRASPARENZA<\/h1>\n<\/blockquote>\n<p><strong><img loading=\"lazy\" decoding=\"async\" class=\"size-medium wp-image-23048 alignleft\" src=\"http:\/\/www.radiopiu.net\/wordpress\/wp-content\/uploads\/2016\/09\/Cor-con-Taibon-300x168.jpg\" alt=\"\" width=\"300\" height=\"168\" \/>TAIBON<\/strong>: Questa sera alle 20 nella sala ex Municipio &#8220;Operazione trasparenza e comunicazione&#8221;, serata informativa sul sistema bilancio negli enti locali.Invitata la popolazione, gli enti locali, chiunque sia interessato alla materia.<br \/>\n<span style=\"color: #ff0000;\"><strong>IL SINDACO SILVIA TORMEN<\/strong><\/span><\/p>\n<audio class=\"wp-audio-shortcode\" id=\"audio-53698-9\" preload=\"none\" style=\"width: 100%;\" controls=\"controls\"><source type=\"audio\/mpeg\" src=\"http:\/\/www.radiopiu.net\/wordpress\/wp-content\/uploads\/2018\/07\/SILVIA-1.mp3?_=9\" \/><a href=\"http:\/\/www.radiopiu.net\/wordpress\/wp-content\/uploads\/2018\/07\/SILVIA-1.mp3\">http:\/\/www.radiopiu.net\/wordpress\/wp-content\/uploads\/2018\/07\/SILVIA-1.mp3<\/a><\/audio>\n<p>&nbsp;<\/p>\n<p>&nbsp;<\/p>\n<p>&nbsp;<\/p>\n<p>&nbsp;<\/p>\n<p>&nbsp;<\/p>\n<blockquote>\n<h1>UN TUNNEL\u00a0 AL PONTE DI AVOSCAN<\/h1>\n\n\t\t\t<style type='text\/css'>\n\t\t\t\t#gallery-2 {\n\t\t\t\t\tmargin: auto;\n\t\t\t\t}\n\t\t\t\t#gallery-2 .gallery-item {\n\t\t\t\t\tfloat: left;\n\t\t\t\t\tmargin-top: 10px;\n\t\t\t\t\ttext-align: center;\n\t\t\t\t\twidth: 33%;\n\t\t\t\t}\n\t\t\t\t#gallery-2 img {\n\t\t\t\t\tborder: 2px solid #cfcfcf;\n\t\t\t\t}\n\t\t\t\t#gallery-2 .gallery-caption {\n\t\t\t\t\tmargin-left: 0;\n\t\t\t\t}\n\t\t\t\t\/* see gallery_shortcode() in wp-includes\/media.php *\/\n\t\t\t<\/style>\n\t\t<div id='gallery-2' class='dt-gallery-container gallery galleryid-53698 gallery-columns-3 gallery-size-thumbnail'><dl class='gallery-item'>\n\t\t\t\t<dt class='gallery-icon landscape'>\n\t\t\t\t\t<a class=\"rollover\" href='https:\/\/www.radiopiu.net\/wordpress\/giornale-radiopiu-12-luglio-2018-direttore-mirko-mezzacasa\/sdr-12\/'><img loading=\"lazy\" decoding=\"async\" width=\"150\" height=\"150\" src=\"https:\/\/www.radiopiu.net\/wordpress\/wp-content\/uploads\/2018\/07\/2018-07-10-12.32.23-150x150.jpg\" class=\"attachment-thumbnail size-thumbnail\" alt=\"\" \/><\/a>\n\t\t\t\t<\/dt><\/dl><dl class='gallery-item'>\n\t\t\t\t<dt class='gallery-icon landscape'>\n\t\t\t\t\t<a class=\"rollover\" href='https:\/\/www.radiopiu.net\/wordpress\/giornale-radiopiu-12-luglio-2018-direttore-mirko-mezzacasa\/sdr-11\/'><img loading=\"lazy\" decoding=\"async\" width=\"150\" height=\"150\" src=\"https:\/\/www.radiopiu.net\/wordpress\/wp-content\/uploads\/2018\/07\/2018-07-10-12.32.45-150x150.jpg\" class=\"attachment-thumbnail size-thumbnail\" alt=\"\" \/><\/a>\n\t\t\t\t<\/dt><\/dl><dl class='gallery-item'>\n\t\t\t\t<dt class='gallery-icon landscape'>\n\t\t\t\t\t<a class=\"rollover\" href='https:\/\/www.radiopiu.net\/wordpress\/giornale-radiopiu-12-luglio-2018-direttore-mirko-mezzacasa\/dav-44\/'><img loading=\"lazy\" decoding=\"async\" width=\"150\" height=\"150\" src=\"https:\/\/www.radiopiu.net\/wordpress\/wp-content\/uploads\/2018\/07\/2018-07-10-12.32.31-150x150.jpg\" class=\"attachment-thumbnail size-thumbnail\" alt=\"\" \/><\/a>\n\t\t\t\t<\/dt><\/dl><br style=\"clear: both\" \/>\n\t\t\t<\/div>\n<\/blockquote>\n<p><span style=\"color: #ff0000;\">AUDIO\u00a0<span style=\"color: #000000;\">Proseguono i lavori a Cencenighe per la realizzazione della ciclabile. Ponte di Avoscan chiuso, sar\u00e0 realizzato un tunnel mentre la pista che bypassa via Roma \u00e8 gi\u00e0 pronta. Ne parliamo con il sindaco Mauro Soppelsa<\/span><\/span><\/p>\n<audio class=\"wp-audio-shortcode\" id=\"audio-53698-10\" preload=\"none\" style=\"width: 100%;\" controls=\"controls\"><source type=\"audio\/mpeg\" src=\"http:\/\/www.radiopiu.net\/wordpress\/wp-content\/uploads\/2018\/07\/gr-01-mauro-cencneighe.mp3?_=10\" \/><a href=\"http:\/\/www.radiopiu.net\/wordpress\/wp-content\/uploads\/2018\/07\/gr-01-mauro-cencneighe.mp3\">http:\/\/www.radiopiu.net\/wordpress\/wp-content\/uploads\/2018\/07\/gr-01-mauro-cencneighe.mp3<\/a><\/audio>\n<p>&nbsp;<\/p>\n<p>&nbsp;<\/p>\n<p>&nbsp;<\/p>\n<p>&nbsp;<\/p>\n<p>&nbsp;<\/p>\n<blockquote>\n<h1>RACCOLTA DIFFERENZIATA: FATTO CULTURALE\u201d<\/h1>\n<\/blockquote>\n<p><strong><img loading=\"lazy\" decoding=\"async\" class=\"size-medium wp-image-53718 alignleft\" src=\"http:\/\/www.radiopiu.net\/wordpress\/wp-content\/uploads\/2018\/07\/glass-255281_960_720-300x189.jpg\" alt=\"\" width=\"300\" height=\"189\" srcset=\"https:\/\/www.radiopiu.net\/wordpress\/wp-content\/uploads\/2018\/07\/glass-255281_960_720-300x189.jpg 300w, https:\/\/www.radiopiu.net\/wordpress\/wp-content\/uploads\/2018\/07\/glass-255281_960_720-768x483.jpg 768w, https:\/\/www.radiopiu.net\/wordpress\/wp-content\/uploads\/2018\/07\/glass-255281_960_720.jpg 960w\" sizes=\"auto, (max-width: 300px) 100vw, 300px\" \/>VENEZIA<\/strong> Dal report Istat sui rifiuti emerge che il Veneto si conferma al top fra le regioni nella raccolta differenziata attestata al 74,3%.<br \/>\n<em>\u201cAbbiamo delle comunit\u00e0 in giro per l\u2019Italia che non la fanno \u2013 aggiunge Zaia \u2013 e i dati ce lo confermano. Per assurdo, se qui da noi si togliesse la raccolta differenziata, ci sarebbe una sollevazione popolare. Quindi questo grande risultato va riconosciuto ai nostri cittadini. Noi come amministrazione abbiamo coordinato e abbiamo proposto le modalit\u00e0 per un servizio efficiente ma c\u2019\u00e8 da dire che qui c\u2019\u00e8 stata una vera chiamata di popolo. Vanno premiati altres\u00ec i cittadini che fanno la raccolta differenziata, magari con un segnale tangibile anche sul fronte delle tasse&#8221;<\/em><br \/>\nDa un lato c&#8217;\u00e8 una comunit\u00e0 che non inquina e risparmia, dall&#8217;altro chi butta i rifiuti dal finestrino dell&#8217;auto.<br \/>\n<em>\u201cA mio avviso &#8211; dice il Governatore Zaia- bisognerebbe inasprire le pene perch\u00e9 chi inquina uccide qualcuno o qualcosa, mentre andrebbe premiato chi invece si comporta correttamente. Fondamentale \u00e8 investire sui bambini. In Veneto il processo educativo \u00e8 partito dalle scuole e dal fatto che i bambini andando a casa hanno cominciato a fare lezione ai genitori rispetto alla differenziazione dei rifiuti&#8221;. <\/em><\/p>\n<p>&nbsp;<\/p>\n<p>&nbsp;<\/p>\n<p>&nbsp;<\/p>\n<p>&nbsp;<\/p>\n<blockquote>\n<h1>MODIFICHE ALLA NORMATIVA PER LE MANIFESTAZIONI TEMPORANEE ALL\u2019APERTO<\/h1>\n<\/blockquote>\n<p><strong><img loading=\"lazy\" decoding=\"async\" class=\"size-medium wp-image-53719 alignleft\" src=\"http:\/\/www.radiopiu.net\/wordpress\/wp-content\/uploads\/2018\/07\/human-3237513_960_720-300x200.jpg\" alt=\"\" width=\"300\" height=\"200\" srcset=\"https:\/\/www.radiopiu.net\/wordpress\/wp-content\/uploads\/2018\/07\/human-3237513_960_720-300x200.jpg 300w, https:\/\/www.radiopiu.net\/wordpress\/wp-content\/uploads\/2018\/07\/human-3237513_960_720-768x512.jpg 768w, https:\/\/www.radiopiu.net\/wordpress\/wp-content\/uploads\/2018\/07\/human-3237513_960_720.jpg 960w\" sizes=\"auto, (max-width: 300px) 100vw, 300px\" \/>VENEZIA<\/strong> Della problematica si \u00e8 occupato l&#8217;assessore Gianpaolo Bottacin con delega del presidente Zaia.<em> \u201cDopo un lavoro attento e circostanziato di diversi mesi &#8211; afferma &#8211; abbiamo inviato tramite la prefettura di Treviso al sottosegretario Candiani, che segue la tematica per il Ministero dell\u2019Interno, il resoconto di quanto svolto dal tavolo che avevo organizzato con i prefetti veneti, il comandante interregionale e i comandanti provinciali dei Vigili del Fuoco, l\u2019Anci e l\u2019Unpli, per dipanare la matassa normativa collegata alle manifestazioni temporanee all\u2019aperto a causa delle diverse circolari in essere sul tema che hanno creato grandissimi problemi ai comuni, alle pro loco e alle associazioni di volontariato\u201d<\/em>.<br \/>\nIn Veneto il caso pi\u00f9 clamoroso \u00e8 certamente quello accaduto a Refrontolo, ma moltissimi potrebbero essere gli esempi di sagre, raduni o altre manifestazioni temporanee in difficolt\u00e0, per capire la convenienza di mettere mano a una normativa che trova applicazioni spesso distorte.<br \/>\n<em>\u201cCon questo spirito il tavolo da me presieduto \u2013 prosegue l\u2019assessore &#8211; ha analizzato punto per punto le circolari ministeriali &#8220;Gabrielli&#8221;, &#8220;Frattasi&#8221; e &#8220;Morcone&#8221;, spesso contraddittorie tra loro, e ha promosso alcuni suggerimenti per addivenire a una nuova disciplina semplificata e che sia proporzionale all&#8217;effettiva realt\u00e0 degli eventi oggetto di organizzazione, a cui gli enti territoriali attraverso i sindaci possano conformarsi in maniera inequivoca e che diano la possibilit\u00e0 alle associazioni interessate di darvi adempimento\u201d.<\/em><br \/>\nSecondo l&#8217;assessorela proposta avanzata \u00e8 un buon punto di equilibrio per far si che si possano continuare a organizzare manifestazioni in sicurezza senza rinunciarvi a priori a causa di normative che di fatto oggi rendono impossibile mettere in piedi anche la pi\u00f9 semplice iniziativa senza il rischio di incorrere in qualche inosservanza anche in assoluta buona fede.<\/p>\n<p>&nbsp;<\/p>\n<p>&nbsp;<\/p>\n<p>&nbsp;<\/p>\n<p>&nbsp;<\/p>\n<blockquote>\n<h1>PROTEZIONE CIVILE. CONTINUANO LE GIORNATE FORMATIVE<\/h1>\n<\/blockquote>\n<p><strong><img loading=\"lazy\" decoding=\"async\" class=\"size-medium wp-image-53720 alignleft\" src=\"http:\/\/www.radiopiu.net\/wordpress\/wp-content\/uploads\/2018\/07\/high-water-392707_960_720-300x200.jpg\" alt=\"\" width=\"300\" height=\"200\" srcset=\"https:\/\/www.radiopiu.net\/wordpress\/wp-content\/uploads\/2018\/07\/high-water-392707_960_720-300x200.jpg 300w, https:\/\/www.radiopiu.net\/wordpress\/wp-content\/uploads\/2018\/07\/high-water-392707_960_720-768x512.jpg 768w, https:\/\/www.radiopiu.net\/wordpress\/wp-content\/uploads\/2018\/07\/high-water-392707_960_720.jpg 960w\" sizes=\"auto, (max-width: 300px) 100vw, 300px\" \/>VENEZIA<\/strong> Si \u00e8 svolto a San Vito il corso rivolto agli amministratori locali ma anche alle regole dell\u2019Alto Bellunese ed espressamente dedicato al tema dei temporali.<br \/>\n<em>\u201cDall\u2019inizio dell\u2019anno abbiamo gi\u00e0 svolto quattordici corsi specialistici sul rischio elettrico per volontari capisquadra, un corso base per sindaci e amministratori locali &#8211; spiega l&#8217;assessore Giampaolo Bottacin &#8211; due corsi specialistici sul rischio idraulico e uso delle pompe, due corsi specialistici anche in relazione alla protezione dei beni culturali, quattro corsi per le nostre diverse strutture presenti sul territorio. Abbiamo poi organizzato, a fine maggio, una due giorni sul nuovo Codice della Protezione Civile dedicata il primo giorno alle istituzioni con quattrocento partecipanti e il secondo ai volontari con oltre duecento partecipanti. Continuiamo inoltre i percorsi didattici di Scuola Sicura Veneto all\u2019interno delle scuole primarie e secondarie venete con oltre venti giornate tra primavera e autunno\u201d.\u00a0<\/em>Durante la giornata formativa di San Vito si sono approfondite le tematiche relative alla previsione dei temporali, agli specifici allertamenti e a come leggere i vari bollettini in materia, ma anche gli effetti dei temporali sulle zone montane come le colate di fango o i debris flow. La giornata si \u00e8 quindi conclusa con alcuni approfondimenti sulla pianificazione di protezione civile e la gestione dell\u2019emergenza. Oltre alle strutture dell\u2019assessorato (con interventi di Germano Dal Farra, Rocco Mariani, Riccardo Rossi e Roberto Taranta), hanno fornito il loro contributo anche ARPAV (Franco Zardini) e il Centro Funzionale Decentrato (Vincenzo Sparacino).<br \/>\n<em>\u201cOvviamente non ci fermiamo qui \u2013 ha concluso Bottacin -, quello di San Vito \u00e8 solo il primo appuntamento del secondo semestre che ci vedr\u00e0 presenti con decine di ulteriori corsi in tutti i territori del Veneto&#8221;<\/em><\/p>\n<p>&nbsp;<\/p>\n<p>&nbsp;<\/p>\n<p>&nbsp;<\/p>\n<p>&nbsp;<\/p>\n<blockquote>\n<h1>LAVORO: LA REGIONE VENETO 6 MLN EURO PER INSERIMENTO DISOCCUPATI VENEZIA<\/h1>\n<\/blockquote>\n<p><strong><img loading=\"lazy\" decoding=\"async\" class=\"size-medium wp-image-53721 alignleft\" src=\"http:\/\/www.radiopiu.net\/wordpress\/wp-content\/uploads\/2018\/07\/pants-1255851_960_720-300x199.jpg\" alt=\"\" width=\"300\" height=\"199\" srcset=\"https:\/\/www.radiopiu.net\/wordpress\/wp-content\/uploads\/2018\/07\/pants-1255851_960_720-300x199.jpg 300w, https:\/\/www.radiopiu.net\/wordpress\/wp-content\/uploads\/2018\/07\/pants-1255851_960_720-768x509.jpg 768w, https:\/\/www.radiopiu.net\/wordpress\/wp-content\/uploads\/2018\/07\/pants-1255851_960_720.jpg 960w\" sizes=\"auto, (max-width: 300px) 100vw, 300px\" \/>VENEZIA<\/strong> Sei milioni di euro anti-povert\u00e0: questo il significato del provvedimento approvato dalla Giunta regionale del Veneto, su proposta dell\u2019assessore al lavoro Elena Donazzan, per l\u2019inclusione sociale e l\u2019inserimento lavorativo di disoccupati di lunga durata, in particolare gli ultra cinquantenni a bassa qualifica e con reddito minimo o che percepiscono il Rei, il reddito minimo di inserimento. La Giunta regionale mette a bando risorse del Fondo sociale europeo \u2013 6 milioni di euro a valere sul biennio 2018-20 \u2013 per sostenere progetti integrati di partenariato tra enti, finalizzati a creare percorsi e opportunit\u00e0 di lavoro per chi un lavoro non ce l\u2019ha pi\u00f9 ed \u00e8 a rischio povert\u00e0.\u00a0<em>\u201cSi tratta di azioni integrate di coesione territoriale che il Veneto ha collaudato, incentivando il connubio tra la responsabilit\u00e0 sociale di impresa e la capacit\u00e0 dei territori di fare squadra \u2013 dichiara l\u2019assessore Donazzan \u2013 Enti di formazione, amministrazioni comunali, fondazioni bancarie, cooperative sociali, aziende sanitarie e realt\u00e0 profit e non profit dei diversi territori provinciali uniscono le forze e le risorse e creano progetti di partenariato che offrono una opportunit\u00e0 di formazione e di lavoro a disoccupati di lunga durata. La Regione contribuisce, attingendo alle risorse del Fondo sociale europeo per l\u2019inclusione sociale\u201d.<\/em> Dall\u2019inizio della sperimentazione, avvenuta nel corso della programmazione FSE 2007-2013, sono stati finanziati complessivamente 25 progetti per un totale di circa 17 milioni che hanno visto il coinvolgimento di 2.293 partner di cui 416 Comuni e unioni di Comuni e 1.311 aziende. I soggetti svantaggiati coinvolti sono stati circa 2.500. Il bando, che sar\u00e0 reso pubblico alla fine del mese di luglio.\u00a0\u00a0<em>\u201cI sette progetti che andremo a finanziare (uno per provincia) potranno prevedere \u2013 anticipa l\u2019assessore &#8211; tirocini lavorativi, progetti di formazione e di ri-orientamento che accompagnino ad una vera occupazione, idee di autoimprenditorialit\u00e0, servizi alle imprese per aiutarle ad assumere persone disabili, borse di lavoro per occupazioni socialmente utili con l&#8217;obiettivo \u00e8 offrire dignit\u00e0 e lavoro ai disoccupati senza reddito.<\/em><\/p>\n<p>&nbsp;<\/p>\n<p>&nbsp;<\/p>\n<p>&nbsp;<\/p>\n<p>&nbsp;<\/p>\n<blockquote>\n<h1>DIALISI PER TURISTI<\/h1>\n<\/blockquote>\n<p><strong><img loading=\"lazy\" decoding=\"async\" class=\"size-medium wp-image-53722 alignleft\" src=\"http:\/\/www.radiopiu.net\/wordpress\/wp-content\/uploads\/2018\/07\/stock-photo-dialysis-system-642313702-300x213.jpg\" alt=\"\" width=\"300\" height=\"213\" srcset=\"https:\/\/www.radiopiu.net\/wordpress\/wp-content\/uploads\/2018\/07\/stock-photo-dialysis-system-642313702-300x213.jpg 300w, https:\/\/www.radiopiu.net\/wordpress\/wp-content\/uploads\/2018\/07\/stock-photo-dialysis-system-642313702.jpg 450w\" sizes=\"auto, (max-width: 300px) 100vw, 300px\" \/>FELTRE.<\/strong> L\u2019UOC di Nefrologia e dialisi del Santa Maria del Prato apre alle persone che necessitano di trattamenti dialitici e che desiderano trascorrere un periodo di vacanza nel Feltrino o nel Primiero. Le persone con malattia renale cronica sono in continuo aumento; si stima che le persone affette da insufficienza renale in Italia siano circa il 6% della popolazione, e quelle che necessitano della dialisi siano circa 5 ogni 1000 abitanti. In Italia sono quindi circa 50.000 le persone che necessitano di un trattamento dialitico cronico.\u00a0 Per queste persone \u00e8 necessario accedere ad una struttura ospedaliera tre volte la settimana, per dodici mesi all&#8217;anno, per eseguire il trattamento depurativo, che risulta per loro un trattamento &#8220;salva-vita&#8221;. Anche per pianificare una vacanza, le persone che eseguono la dialisi necessitano della sicurezza di trovare centri dialitici e garanzia di trattamento nei luoghi di villeggiatura. L\u2019ospedale di Feltre, da sempre attenta alle esigenze delle persone pi\u00f9 fragili, ha ritenuto di garantire questo servizio per rispondere ai bisogni di una categoria di persone sempre pi\u00f9 numerosa. Da alcuni anni, infatti, l\u2019unit\u00e0 operativa diretta da Andrea Bandera offre questo importante servizio a persone dializzate non residenti in Ulss Dolomiti che desiderano trascorrere in zona o in Primiero le vacanze estive. Il servizio \u00e8 attivo tutto l\u2019anno ma il periodo di maggior richiesta \u00e8 tra giugno e settembre. Negli ultimi tre anni i pazienti sono passati da 10 a 39, le sedute dialitiche da 39 a 143. &#8220;<strong><em>La dialisi \u00e8 un servizio fondamentale per zone a vocazione turistica &#8211; dice il dottor Andrea Bandera &#8211; stiamo lavorando sull\u2019ipotesi di poter offrire i trattamenti in orari pi\u00f9 attenti alle esigenze dei turisti, come alla sera, in modo che possano godere a pieno del periodo di ferie&#8221;.<\/em><\/strong> Per informazioni: 0439\/883272<\/p>\n<p>&nbsp;<\/p>\n<p>&nbsp;<\/p>\n<p>&nbsp;<\/p>\n<p>&nbsp;<\/p>\n<h1>CSA LUXOTTICA: LA SOLIDARIET\u00c0 NON VA IN PENSIONE.<\/h1>\n<p>&nbsp;<\/p>\n<p align=\"JUSTIFY\"><span style=\"font-family: Times New Roman, serif;\"><span style=\"font-size: medium;\"><strong><img loading=\"lazy\" decoding=\"async\" class=\"size-full wp-image-53670 alignleft\" src=\"http:\/\/www.radiopiu.net\/wordpress\/wp-content\/uploads\/2018\/07\/CASSA-LUX.jpg\" alt=\"\" width=\"166\" height=\"80\" \/>AGORDO<\/strong>\u00a0\u00a0<\/span><\/span><span style=\"font-family: Times New Roman, serif;\"><span style=\"font-size: medium;\">CSA \u00e8 stata istituita 22 anni fa in ossequio a quanto concordato nel Contratto Integrativo Aziendale fra Filta CISL, Filtea CGIL della Provincia di Belluno e Luxottica SpA. La Cassa rimane quindi un esempio di welfare contrattato a livello aziendale, ed \u00e8 presente negli stabilimenti Luxottica di Agordo, Sedico produzione, Sedico logistica, Sedico 3, Cencenighe Agordino (BL), Pederobba (TV) e Lauriano Po (TO).\u00a0<\/span><\/span><span style=\"font-size: medium; font-family: 'Times New Roman', serif;\">CSA, attraverso un fondo speciale appositamente creato, ha quale finalit\u00e0 quella di sostenere economicamente i lavoratori Luxottica ad essa iscritti. Ad oggi conta 2.425 associati, e fornisce assistenza anche ai relativi familiari a carico (circa 2300) che possono anch&#8217;essi beneficiare delle medesime prestazioni. Molti gli interventi assistenziali previsti per gli iscritti, tra i quali i principali, in termini di risorse impiegate, rimangono quelli a sostegno della spesa destinata alle cure medico-sanitarie.<\/span><\/p>\n<p align=\"JUSTIFY\"><span style=\"color: #ff0000;\"><span style=\"font-family: Times New Roman, serif;\"><span style=\"font-size: medium;\">Indetta conferenza stampa per il resoconto annuale della Cassa di Solidariet\u00e0.<\/span><\/span><\/span><\/p>\n<p align=\"JUSTIFY\"><span style=\"font-family: Arial, sans-serif;\"><span style=\"font-size: large;\"><span style=\"font-family: Times New Roman, serif;\"><span style=\"font-size: medium;\">Per CSA saranno presenti all&#8217;incontro Fabrizio Campedel e Paolo Chissal\u00e8, rispettivamente Presidente e Consigliere nel CdA della Cassa, i quali, oltre al canonico resoconto annuale della Cassa (andamento iscritti, destinazione ed entit\u00e0 dei contributi erogati), quest&#8217;anno durante la conferenza stampa porranno l&#8217;accento sull&#8217;importanza di poter continuare a giovarsi <\/span><\/span><span style=\"color: #262626;\"><span style=\"font-family: Times New Roman, serif;\"><span style=\"font-size: medium;\">dei servizi della Cassa di Solidariet\u00e0 anche durante la quiescenza. <\/span><\/span><\/span><span style=\"color: #262626;\"><span style=\"font-family: Times New Roman, serif;\"><span style=\"font-size: medium;\">Non tutti gli iscritti infatti sanno che anche una volta pensionati, prolungando l&#8217;iscrizione alla Cassa, potranno beneficiare dei programmi di aiuto economico e <\/span><\/span><\/span><span style=\"color: #262626;\"><span style=\"font-family: Times New Roman, serif;\"><span style=\"font-size: medium;\">assistenza destinati ai soci lavoratori ed inoltre usufruire di specifici servizi appositamente messi in campo per loro.<\/span><\/span><\/span><\/span><\/span><\/p>\n<p>&nbsp;<\/p>\n<p>&nbsp;<\/p>\n<p>&nbsp;<\/p>\n<h1><\/h1>\n<p>&nbsp;<\/p>\n<blockquote>\n<h1>UN AGORDINO NELLO SPETTACOLO DEI CAVALLI<\/h1>\n<\/blockquote>\n<p><strong><img loading=\"lazy\" decoding=\"async\" class=\"size-medium wp-image-53700 alignleft\" src=\"http:\/\/www.radiopiu.net\/wordpress\/wp-content\/uploads\/2018\/07\/WhatsApp-Image-2018-07-10-at-20.05.45-150x300.jpeg\" alt=\"\" width=\"150\" height=\"300\" srcset=\"https:\/\/www.radiopiu.net\/wordpress\/wp-content\/uploads\/2018\/07\/WhatsApp-Image-2018-07-10-at-20.05.45-150x300.jpeg 150w, https:\/\/www.radiopiu.net\/wordpress\/wp-content\/uploads\/2018\/07\/WhatsApp-Image-2018-07-10-at-20.05.45-768x1537.jpeg 768w, https:\/\/www.radiopiu.net\/wordpress\/wp-content\/uploads\/2018\/07\/WhatsApp-Image-2018-07-10-at-20.05.45-512x1024.jpeg 512w, https:\/\/www.radiopiu.net\/wordpress\/wp-content\/uploads\/2018\/07\/WhatsApp-Image-2018-07-10-at-20.05.45.jpeg 799w\" sizes=\"auto, (max-width: 150px) 100vw, 150px\" \/><\/strong><\/p>\n<p>&nbsp;<\/p>\n<p>&nbsp;<\/p>\n<p>&nbsp;<\/p>\n<p>&nbsp;<\/p>\n<p>&nbsp;<\/p>\n<p>&nbsp;<\/p>\n<p><strong>PONTE NELLE ALPI<\/strong> Anche un Agordino scende a La Secca per dare spettacolo nell&#8217;ambito dell&#8217;evento a Cavallo dell&#8217;estate. E&#8217; Christian Da Pos che da domani e per tre giorni si presenter\u00e0 al pubblico con i suoi cavalli e puledri. Spettacolo assicurato al centro Ippico Mangruyo, per saperne di pi\u00f9<span style=\"color: #ff0000;\"><strong> abbiamo parlato con lo stesso Da Pos<\/strong><\/span><\/p>\n<audio class=\"wp-audio-shortcode\" id=\"audio-53698-11\" preload=\"none\" style=\"width: 100%;\" controls=\"controls\"><source type=\"audio\/mpeg\" src=\"http:\/\/www.radiopiu.net\/wordpress\/wp-content\/uploads\/2018\/07\/CRISTIAN.mp3?_=11\" \/><a href=\"http:\/\/www.radiopiu.net\/wordpress\/wp-content\/uploads\/2018\/07\/CRISTIAN.mp3\">http:\/\/www.radiopiu.net\/wordpress\/wp-content\/uploads\/2018\/07\/CRISTIAN.mp3<\/a><\/audio>\n<p>&nbsp;<\/p>\n<p>&nbsp;<\/p>\n<p>&nbsp;<\/p>\n<p>&nbsp;<\/p>\n<blockquote>\n<h1>FORNAI PER BELLUNO DONNA<\/h1>\n<\/blockquote>\n<p><strong><img loading=\"lazy\" decoding=\"async\" class=\"size-medium wp-image-53723 alignleft\" src=\"http:\/\/www.radiopiu.net\/wordpress\/wp-content\/uploads\/2018\/07\/bakers-1829813_960_720-300x201.jpg\" alt=\"\" width=\"300\" height=\"201\" srcset=\"https:\/\/www.radiopiu.net\/wordpress\/wp-content\/uploads\/2018\/07\/bakers-1829813_960_720-300x201.jpg 300w, https:\/\/www.radiopiu.net\/wordpress\/wp-content\/uploads\/2018\/07\/bakers-1829813_960_720-768x514.jpg 768w, https:\/\/www.radiopiu.net\/wordpress\/wp-content\/uploads\/2018\/07\/bakers-1829813_960_720.jpg 960w\" sizes=\"auto, (max-width: 300px) 100vw, 300px\" \/>BELLUNO<\/strong> \u00abCon grande piacere il Gruppo Panificatori di Confcommercio Belluno ha dato appoggio all\u2019iniziativa promossa da Belluno Donna nel segno di un\u2019attenzione e sensibilit\u00e0 al grave tema della violenza sulle donne\u00bb queste le prime considerazioni di Roberto Battaglia, presidente dei fornai di Confcommercio Belluno. <em>\u00abIn questi giorni \u2013 continua Battaglia \u2013 ci stiamo occupando della distribuzione ai nostri fornai associati di migliaia di sacchetti del pane stampati e messi a disposizione da Belluno Donna. I panificatori di Confcommercio Belluno partecipano sempre molto volentieri ad iniziative caratterizzate da forti connotati sociali; del resto le nostre attivit\u00e0, capillari su tutto il territorio provinciale, lavorano quotidianamente a contatto con le persone instaurando relazioni che spesso esulano dal semplice rapporto \u201ccommerciante-cliente\u201d\u00bb.<\/em><\/p>\n<p>&nbsp;<\/p>\n<p>&nbsp;<\/p>\n<p>&nbsp;<\/p>\n<h1><\/h1>\n<h1><\/h1>\n<h1 style=\"text-align: center;\"><span style=\"color: #0000ff;\">APPUNTAMENTI<\/span><\/h1>\n<p><span style=\"color: #ff0000;\"><img loading=\"lazy\" decoding=\"async\" class=\" wp-image-53630 alignleft\" src=\"http:\/\/www.radiopiu.net\/wordpress\/wp-content\/uploads\/2018\/07\/Na-sera-da-zacan_artigiano-legno-270x300.jpg\" alt=\"\" width=\"170\" height=\"189\" srcset=\"https:\/\/www.radiopiu.net\/wordpress\/wp-content\/uploads\/2018\/07\/Na-sera-da-zacan_artigiano-legno-270x300.jpg 270w, https:\/\/www.radiopiu.net\/wordpress\/wp-content\/uploads\/2018\/07\/Na-sera-da-zacan_artigiano-legno-768x854.jpg 768w, https:\/\/www.radiopiu.net\/wordpress\/wp-content\/uploads\/2018\/07\/Na-sera-da-zacan_artigiano-legno-921x1024.jpg 921w\" sizes=\"auto, (max-width: 170px) 100vw, 170px\" \/><\/span><\/p>\n<p>&nbsp;<\/p>\n<p>&nbsp;<\/p>\n<p>&nbsp;<\/p>\n<p>&nbsp;<\/p>\n<p>&nbsp;<\/p>\n<p><span style=\"color: #ff0000;\">AUDIO<\/span> Questa sera il gruppo Cristallo ad Alleghe, domani e domenica la tradizionale sagra del Redentore e Feder di Canale d&#8217;Agordo, domenica ad Agordo escursione col Cai, domenica Vespa Club in festa in Alpago.<\/p>\n<p>di Roberto Bona<\/p>\n<audio class=\"wp-audio-shortcode\" id=\"audio-53698-12\" preload=\"none\" style=\"width: 100%;\" controls=\"controls\"><source type=\"audio\/mpeg\" src=\"http:\/\/www.radiopiu.net\/wordpress\/wp-content\/uploads\/2018\/07\/gr-10-appuntamenti.mp3?_=12\" \/><a href=\"http:\/\/www.radiopiu.net\/wordpress\/wp-content\/uploads\/2018\/07\/gr-10-appuntamenti.mp3\">http:\/\/www.radiopiu.net\/wordpress\/wp-content\/uploads\/2018\/07\/gr-10-appuntamenti.mp3<\/a><\/audio>\n<p>&nbsp;<\/p>\n<blockquote>\n<h2>STASERA LA &#8220;VERNICE&#8221; DIRETTA RADIO PIU<\/h2>\n<\/blockquote>\n<p><span style=\"color: #ff0000;\"><img loading=\"lazy\" decoding=\"async\" class=\"size-medium wp-image-53633 alignleft\" src=\"http:\/\/www.radiopiu.net\/wordpress\/wp-content\/uploads\/2018\/07\/Sottoguda-300x200.jpg\" alt=\"\" width=\"300\" height=\"200\" srcset=\"https:\/\/www.radiopiu.net\/wordpress\/wp-content\/uploads\/2018\/07\/Sottoguda-300x200.jpg 300w, https:\/\/www.radiopiu.net\/wordpress\/wp-content\/uploads\/2018\/07\/Sottoguda-768x512.jpg 768w, https:\/\/www.radiopiu.net\/wordpress\/wp-content\/uploads\/2018\/07\/Sottoguda-1024x683.jpg 1024w\" sizes=\"auto, (max-width: 300px) 100vw, 300px\" \/><\/span><\/p>\n<p>&nbsp;<\/p>\n<p>&nbsp;<\/p>\n<p>&nbsp;<\/p>\n<p>&nbsp;<\/p>\n<p><span style=\"color: #ff0000;\">AUDIO<span style=\"color: #000000;\"> Questa sera a Sottoguda (in diretta su RADIO PIU&#8217;) prima serata de Na Sera da Zacan. Intervista a Daniel Sierena del Comitato Organizzatore<\/span><\/span><\/p>\n<audio class=\"wp-audio-shortcode\" id=\"audio-53698-13\" preload=\"none\" style=\"width: 100%;\" controls=\"controls\"><source type=\"audio\/mpeg\" src=\"http:\/\/www.radiopiu.net\/wordpress\/wp-content\/uploads\/2018\/07\/NA-SERA-DA-ZACAN.mp3?_=13\" \/><a href=\"http:\/\/www.radiopiu.net\/wordpress\/wp-content\/uploads\/2018\/07\/NA-SERA-DA-ZACAN.mp3\">http:\/\/www.radiopiu.net\/wordpress\/wp-content\/uploads\/2018\/07\/NA-SERA-DA-ZACAN.mp3<\/a><\/audio>\n<p>&nbsp;<\/p>\n<p><span style=\"color: #ff0000;\">AUDIO<\/span> SABATO LA GRANDE GUERRA A FALCADE<\/p>\n<audio class=\"wp-audio-shortcode\" id=\"audio-53698-14\" preload=\"none\" style=\"width: 100%;\" controls=\"controls\"><source type=\"audio\/mpeg\" src=\"http:\/\/www.radiopiu.net\/wordpress\/wp-content\/uploads\/2018\/07\/gr-10-grande-guerra-falcade-1.mp3?_=14\" \/><a href=\"http:\/\/www.radiopiu.net\/wordpress\/wp-content\/uploads\/2018\/07\/gr-10-grande-guerra-falcade-1.mp3\">http:\/\/www.radiopiu.net\/wordpress\/wp-content\/uploads\/2018\/07\/gr-10-grande-guerra-falcade-1.mp3<\/a><\/audio>\n<p>&nbsp;<\/p>\n<p>&nbsp;<\/p>\n<p>&nbsp;<\/p>\n<blockquote><p>Vincenzo Agostini, RITORNA SU RADIO PIU. DOPO 5 ANNI DI NUOVO IN VOCE CON I RACCONTI DA DOLOMITI POST.\u00a0 RACCONTI DOLOMITICI: LUNEDI ALLE 10.30 (MARTEDI ALLE 13.00 E ALLE 21), VENERDI ALLE 13.00 E ALLE 21 (DOMENICA ALLE 10.30).\u00a0 PRIMA PUNTATA LUNEDI 16 LUGLIO ALLE 10.30\u00a0 SU RADIOPIU<\/p><\/blockquote>\n<p>&nbsp;<\/p>\n<p>&nbsp;<\/p>\n<p>&nbsp;<\/p>\n<h1 style=\"text-align: center;\"><span style=\"color: #0000ff;\">VIABILITA&#8217;<\/span><\/h1>\n<blockquote>\n<h1><strong>TRANSCIVETTA 2018, LE ORDINANZE PER LA VIABILITA&#8217;<\/strong><\/h1>\n<\/blockquote>\n<p><strong><img loading=\"lazy\" decoding=\"async\" class=\"size-medium wp-image-53724 alignleft\" src=\"http:\/\/www.radiopiu.net\/wordpress\/wp-content\/uploads\/2018\/07\/street-381227_960_720-300x199.jpg\" alt=\"\" width=\"300\" height=\"199\" srcset=\"https:\/\/www.radiopiu.net\/wordpress\/wp-content\/uploads\/2018\/07\/street-381227_960_720-300x199.jpg 300w, https:\/\/www.radiopiu.net\/wordpress\/wp-content\/uploads\/2018\/07\/street-381227_960_720-768x510.jpg 768w, https:\/\/www.radiopiu.net\/wordpress\/wp-content\/uploads\/2018\/07\/street-381227_960_720.jpg 960w\" sizes=\"auto, (max-width: 300px) 100vw, 300px\" \/>TAIBON<\/strong> Domenica: Lungo la strada regionale 203 agordina in localit\u00e0 Listolade, istituzione della limitazione della velocit\u00e0 a 30 chilometri orari in prossimit\u00e0 dell&#8217;imbocco a nord (Listolade) dalle galleria, dalle 6 alle 19.<br \/>\n<strong>ALLEGHE\u00a0<\/strong>La strada comunale denominata Via Monte potr\u00e0 subire delle interruzioni, come di seguito specificato: ad esaurimento dei posteggi ai piani di Pezz\u00e8 la strada comunale denominata Via Monte Civetta verr\u00e0 chiusa al transito all\u2019altezza dell\u2019incrocio con Via Pini\u00e8, indicativamente fino alle ore 12,30; Il transito sar\u00e0 comunque consentito alle seguenti categorie: Persone residenti in loco, Automezzi di servizio dell\u2019organizzazione, Automezzi di Soccorso e\/o Pronto Intervento, Automezzi delle Forze dell\u2019Ordine.<\/p>\n<p>OGGI DALLE 7 ALLE 18 SENSO UNICO ALTERNATO CON MOVIERI (O SEMAFORO) MA ANCHE INTERDIZIONI TOTALE AL TRANSITO PER VEICOLI CON MASSA A PIENO CARICO SUPERIORE A 3,5 TONELLATE LUNGO LA PROVINCIALE 347 DEL DURAN E CEREDA IN COMUNE DI VALLE DI CADORE PER LAVORI DI RIPRISTINO PIANO VIABILE.<\/p>\n<p>FINO A DOMANI LUNGO LA REGIONALE 203 AGORDINA AL PERON DI SEDICO SENSO UNICO ALTERNATO CON MOVIERI O SEMAFORO PER LAVORI DI RIPRISTINO DEL MURO<\/p>\n<p>La strada esterna alla galleria delle anime in Comune di Cencenighe \u00e8 interdetta al traffico per un tratto di oltre un chilometro.<\/p>\n<p>FINO A revoca senso unico con impianto semaforico sulla SP8 per San Tomaso anche sabato e domenica<\/p>\n<p>FINO al 16 luglio senso unico alternato e brevi interruzioni al traffico sulla provinciale 347 del Duran e Cereda alla fine dell&#8217;abitato di Forno di Zoldo per lavori sul versante.<\/p>\n<p>FINO al 17 luglio (domenica esclusa) senso unico e brevi interruzioni alla viabiolit\u00e0 (massimo 10 minuti) a Valle di Cadore lungo la 347 del Duran e Cereda.<\/p>\n<p>FINO al 3 agosto lungo la 251 della Val di Zoldo e Cellina senso unico<br \/>\nalternato in localit\u00e0 Fusine per la messa in sicurezza del piano viabile.<\/p>\n<p>FINO al 3 agosto senso unico alternato regolato da semaforo lungo la provinciale 24 della Valparola in Comune di Livinallongo del Col di Lana compresi festivi e prefestivi anche infrasettimanali per consolidamento del corpo stradale.<\/p>\n<p>&nbsp;<\/p>\n<p>&nbsp;<\/p>\n<p>&nbsp;<\/p>\n<h1 style=\"text-align: center;\"><span style=\"color: #0000ff;\">SPORT<\/span><\/h1>\n<blockquote>\n<h1>ATLETICA DI SUCCESSO ALL&#8217;IVANO DORIGO<\/h1>\n<p><strong>di Gianni Santomaso<\/strong><\/p><\/blockquote>\n<p><strong><img loading=\"lazy\" decoding=\"async\" class=\"size-full wp-image-44650 alignleft\" src=\"http:\/\/www.radiopiu.net\/wordpress\/wp-content\/uploads\/2018\/03\/IVANO-DORIGO.jpg\" alt=\"\" width=\"259\" height=\"194\" \/><\/strong><\/p>\n<p>&nbsp;<\/p>\n<p>&nbsp;<\/p>\n<p><strong>AGORDO<\/strong> Funziona l&#8217;impianto di atletica all&#8217;Ivano Dorigo, la &#8220;madre&#8221; di tutti gli sport \u00e8 viva e il primo a dichiarare la propria soddisfazione \u00e8 il presidente della societ\u00e0 di vallata, l&#8217;Atletica Agordina, Fernando Soccol che peraltro ha le delega sportiva in Unione Montana<\/p>\n<audio class=\"wp-audio-shortcode\" id=\"audio-53698-15\" preload=\"none\" style=\"width: 100%;\" controls=\"controls\"><source type=\"audio\/mpeg\" src=\"http:\/\/www.radiopiu.net\/wordpress\/wp-content\/uploads\/2018\/07\/FERNANDO-SOCCOL.mp3?_=15\" \/><a href=\"http:\/\/www.radiopiu.net\/wordpress\/wp-content\/uploads\/2018\/07\/FERNANDO-SOCCOL.mp3\">http:\/\/www.radiopiu.net\/wordpress\/wp-content\/uploads\/2018\/07\/FERNANDO-SOCCOL.mp3<\/a><\/audio>\n<p>&nbsp;<\/p>\n<p>&nbsp;<\/p>\n<p>&nbsp;<\/p>\n<p>&nbsp;<\/p>\n<p>&nbsp;<\/p>\n<blockquote>\n<h1>MARCO IL PILOTA, LUCA IL MECCANICO. I FRATELLI DEL KART, NOSTRA INTERVISTA<\/h1>\n<div id=\"attachment_53708\" style=\"width: 1034px\" class=\"wp-caption aligncenter\"><img loading=\"lazy\" decoding=\"async\" aria-describedby=\"caption-attachment-53708\" class=\"wp-image-53708 size-large\" src=\"http:\/\/www.radiopiu.net\/wordpress\/wp-content\/uploads\/2018\/07\/2018-07-10-11.16.50-1024x768.jpg\" alt=\"\" width=\"1024\" height=\"768\" srcset=\"https:\/\/www.radiopiu.net\/wordpress\/wp-content\/uploads\/2018\/07\/2018-07-10-11.16.50-1024x768.jpg 1024w, https:\/\/www.radiopiu.net\/wordpress\/wp-content\/uploads\/2018\/07\/2018-07-10-11.16.50-300x225.jpg 300w, https:\/\/www.radiopiu.net\/wordpress\/wp-content\/uploads\/2018\/07\/2018-07-10-11.16.50-768x576.jpg 768w\" sizes=\"auto, (max-width: 1024px) 100vw, 1024px\" \/><p id=\"caption-attachment-53708\" class=\"wp-caption-text\">dav<\/p><\/div><\/blockquote>\n<p>Alla vigilia dell&#8217;Europeo abbiamo avuto nostri ospiti i fratelli Tormen, nel fine settimana sul Garda l&#8217;attesissimo appuntamento europeo. Una storia da raccontare (da sinistra Luca e Marco Tormen)<\/p>\n<audio class=\"wp-audio-shortcode\" id=\"audio-53698-16\" preload=\"none\" style=\"width: 100%;\" controls=\"controls\"><source type=\"audio\/mpeg\" src=\"http:\/\/www.radiopiu.net\/wordpress\/wp-content\/uploads\/2018\/07\/MARCO-E-LUCA-TORMEN.mp3?_=16\" \/><a href=\"http:\/\/www.radiopiu.net\/wordpress\/wp-content\/uploads\/2018\/07\/MARCO-E-LUCA-TORMEN.mp3\">http:\/\/www.radiopiu.net\/wordpress\/wp-content\/uploads\/2018\/07\/MARCO-E-LUCA-TORMEN.mp3<\/a><\/audio>\n<p>&nbsp;<\/p>\n<p>&nbsp;<\/p>\n<p>&nbsp;<\/p>\n<p>&nbsp;<\/p>\n<h1><img loading=\"lazy\" decoding=\"async\" class=\"size-medium wp-image-53763 alignleft\" src=\"http:\/\/www.radiopiu.net\/wordpress\/wp-content\/uploads\/2018\/07\/stock-photo-tennis-ball-falling-on-the-line-556556278-300x216.jpg\" alt=\"\" width=\"300\" height=\"216\" srcset=\"https:\/\/www.radiopiu.net\/wordpress\/wp-content\/uploads\/2018\/07\/stock-photo-tennis-ball-falling-on-the-line-556556278-300x216.jpg 300w, https:\/\/www.radiopiu.net\/wordpress\/wp-content\/uploads\/2018\/07\/stock-photo-tennis-ball-falling-on-the-line-556556278.jpg 450w\" sizes=\"auto, (max-width: 300px) 100vw, 300px\" \/><\/h1>\n<h1><\/h1>\n<h1><\/h1>\n<h1><\/h1>\n<h1>TENNIS, AGGIORNAMENTO &#8220;CITTA&#8217; DI AGORDO<\/h1>\n<p>&nbsp;<\/p>\n<p>&nbsp;<\/p>\n<audio class=\"wp-audio-shortcode\" id=\"audio-53698-17\" preload=\"none\" style=\"width: 100%;\" controls=\"controls\"><source type=\"audio\/mpeg\" src=\"http:\/\/www.radiopiu.net\/wordpress\/wp-content\/uploads\/2018\/07\/gr-13-tennis-1.mp3?_=17\" \/><a href=\"http:\/\/www.radiopiu.net\/wordpress\/wp-content\/uploads\/2018\/07\/gr-13-tennis-1.mp3\">http:\/\/www.radiopiu.net\/wordpress\/wp-content\/uploads\/2018\/07\/gr-13-tennis-1.mp3<\/a><\/audio>\n<p>&nbsp;<\/p>\n<p>&nbsp;<\/p>\n<p>&nbsp;<\/p>\n<h1 style=\"text-align: center;\"><span style=\"color: #0000ff;\">METEO<\/span><\/h1>\n<p><strong>PREVISIONI DEL TEMPO DA OGGI A DOMENICA <\/strong><br \/>\n<strong>Giovedi 12<\/strong><br \/>\nTempo atteso: Tempo variabile con nuvolosit\u00e0 irregolare, anche per nubi basse al mattino specie sulle Prealpi, pi\u00f9 consistente dalle ore centrali per cumuli a moderato sviluppo, con qualche schiarita maggiormente presente rispetto ai giorni precedenti; saranno possibili fenomeni di instabilit\u00e0 a carattere sparso. Lieve rialzo termico diurno.<br \/>\nPrecipitazioni: Al mattino possibile qualche isolato rovescio (30\/40%); al pomeriggio\/sera maggiore probabilit\u00e0 di rovesci o temporali sparsi (50\/60%).<br \/>\nTemperature: Minime in calo nelle valli in caso di ampie schiarite notturne, stazionarie o in lieve rialzo in quota; massime in ripresa soprattutto nelle valli. Su Prealpi a 1500 m min 12\u00b0C max 16\u00b0C, a 2000 m min 9\u00b0C max 12\u00b0C. Su Dolomiti a 2000 m min 8\u00b0C max 13\u00b0C, a 3000 m min 3\u00b0C max 6\u00b0C.<br \/>\nVenti: Nelle valli deboli\/moderati a regime di brezza; in quota perlopi\u00f9 deboli occidentali, a 5-10 km\/h a 2000 m, 10-25 km\/h a 3000 m.<br \/>\n<strong>Venerdi 13<\/strong><br \/>\nTempo atteso: Giornata con nuvolosit\u00e0 variabile, con schiarite mattutine, eccetto in caso di banchi di nubi basse, ancora con moderata attivit\u00e0 cumuliforme dalle ore centrali associata a qualche rovescio o temporale. Temperature su valori prossimi o di poco superiori alla norma.<br \/>\nPrecipitazioni: Al mattino non escluso qualche isolato rovescio (20\/30%); dalle ore centrali e al pomeriggio\/sera possibili rovesci o temporali sparsi (50\/60%).<br \/>\nTemperature: In generale lieve aumento. Su Prealpi a 1500 m min 13\u00b0C max 17\u00b0C, a 2000 m min 10\u00b0C max 13\u00b0C. Su Dolomiti a 2000 m min 10\u00b0C max 14\u00b0C, a 3000 m min 4\u00b0C max 6\u00b0C.<br \/>\nVenti: Nelle valli deboli\/moderati a regime di brezza; in quota perlopi\u00f9 deboli occidentali, a 5-10 km\/h a 2000 m, 10-25 km\/h a 3000 m.<br \/>\n<strong>Sabato 14<\/strong><br \/>\nTempo inizialmente piuttosto soleggiato e caldo, con ampie schiarite mattutine e aumento della nuvolosit\u00e0 cumuliforme nelle ore centrali e pomeridiane, che potr\u00e0 portare qualche rovescio o temporale di calore. Clima diurno pi\u00f9 caldo di stampo pienamente estivo.<br \/>\n<strong>Domenica 15<\/strong><br \/>\nTempo variabile\/instabile con schiarite mattutine e tendenza a successivo aumento della nuvolosit\u00e0 per cumuli a sviluppo moderato, pi\u00f9 presenti dei giorni precedenti, con possibili rovesci e temporali associati. Clima ancora caldo estivo nonostante le maggiore copertura nuvolosa. Previsore: G.M.<\/p>\n<p>&nbsp;<\/p>\n<p>&nbsp;<\/p>\n<p>&nbsp;<\/p>\n<p>&nbsp;<\/p>\n<p>&nbsp;<\/p>\n<p>&nbsp;<\/p>\n<p>&nbsp;<\/p>\n<p>&nbsp;<\/p>\n","protected":false},"excerpt":{"rendered":"<p>ANCORA UN LUTTO IN CASA ALLEGHE HOCKEY In queste prime ore del giorno \u00e8 arrivata una chiamata che nessuno vorrebbe mai ricevere, la triste notizia,\u00a0 \u00a0la scomparsa di Mimi,\u00a0 moglie del Presidente Renato Rossi, che era in viaggio verso Alleghe per presiedere alla consueta annuale riunione in programma domai. Radio Pi\u00f9. il Direttivo dell&#8217;Alleghe Hockey,&hellip;<\/p>\n","protected":false},"author":1,"featured_media":53714,"comment_status":"closed","ping_status":"closed","sticky":false,"template":"","format":"standard","meta":{"_monsterinsights_skip_tracking":false,"_monsterinsights_sitenote_active":false,"_monsterinsights_sitenote_note":"","_monsterinsights_sitenote_category":0,"footnotes":""},"categories":[2,49],"tags":[],"class_list":["post-53698","post","type-post","status-publish","format-standard","has-post-thumbnail","hentry","category-news","category-news-18","category-2","category-49","description-off"],"img_url":"https:\/\/www.radiopiu.net\/wordpress\/wp-content\/uploads\/2018\/07\/3cfc7f55-e683-46a8-a6df-c151f012424c.jpg","_links":{"self":[{"href":"https:\/\/www.radiopiu.net\/wordpress\/wp-json\/wp\/v2\/posts\/53698","targetHints":{"allow":["GET"]}}],"collection":[{"href":"https:\/\/www.radiopiu.net\/wordpress\/wp-json\/wp\/v2\/posts"}],"about":[{"href":"https:\/\/www.radiopiu.net\/wordpress\/wp-json\/wp\/v2\/types\/post"}],"author":[{"embeddable":true,"href":"https:\/\/www.radiopiu.net\/wordpress\/wp-json\/wp\/v2\/users\/1"}],"replies":[{"embeddable":true,"href":"https:\/\/www.radiopiu.net\/wordpress\/wp-json\/wp\/v2\/comments?post=53698"}],"version-history":[{"count":0,"href":"https:\/\/www.radiopiu.net\/wordpress\/wp-json\/wp\/v2\/posts\/53698\/revisions"}],"wp:featuredmedia":[{"embeddable":true,"href":"https:\/\/www.radiopiu.net\/wordpress\/wp-json\/wp\/v2\/media\/53714"}],"wp:attachment":[{"href":"https:\/\/www.radiopiu.net\/wordpress\/wp-json\/wp\/v2\/media?parent=53698"}],"wp:term":[{"taxonomy":"category","embeddable":true,"href":"https:\/\/www.radiopiu.net\/wordpress\/wp-json\/wp\/v2\/categories?post=53698"},{"taxonomy":"post_tag","embeddable":true,"href":"https:\/\/www.radiopiu.net\/wordpress\/wp-json\/wp\/v2\/tags?post=53698"}],"curies":[{"name":"wp","href":"https:\/\/api.w.org\/{rel}","templated":true}]}}