{"id":53703,"date":"2018-07-11T17:48:17","date_gmt":"2018-07-11T15:48:17","guid":{"rendered":"http:\/\/www.radiopiu.net\/wordpress\/?p=53703"},"modified":"2018-07-11T17:52:50","modified_gmt":"2018-07-11T15:52:50","slug":"cade-con-la-mountain-bike","status":"publish","type":"post","link":"https:\/\/www.radiopiu.net\/wordpress\/cade-con-la-mountain-bike\/","title":{"rendered":"CADE CON LA MOUNTAIN BIKE"},"content":{"rendered":"<p>&nbsp;<\/p>\n<p>CANALE D&#8217;AGORDO Ieri verso le 15 l&#8217;elicottero del Suem di Pieve di Cadore \u00e8 decollato in direzione del Pian delle Comelle, poich\u00e9 un turista svizzero, P.M., 53 anni, \u00e8 caduto in bici a 2.330 metri di quota, lungo il sentiero numero 756 non distante dal Passo Antermarucol. L&#8217;uomo, che si trovava con un gruppo di persone ha perso il controllo della propria mountain bike, \u00e8 stato imbarcato in hovering e accompagnato all&#8217;ospedale con un possibile trauma alla spalla.<\/p>\n","protected":false},"excerpt":{"rendered":"<p>&nbsp; CANALE D&#8217;AGORDO Ieri verso le 15 l&#8217;elicottero del Suem di Pieve di Cadore \u00e8 decollato in direzione del Pian delle Comelle, poich\u00e9 un turista svizzero, P.M., 53 anni, \u00e8 caduto in bici a 2.330 metri di quota, lungo il sentiero numero 756 non distante dal Passo Antermarucol. L&#8217;uomo, che si trovava con un gruppo&hellip;<\/p>\n","protected":false},"author":1,"featured_media":0,"comment_status":"closed","ping_status":"closed","sticky":false,"template":"","format":"standard","meta":{"_monsterinsights_skip_tracking":false,"_monsterinsights_sitenote_active":false,"_monsterinsights_sitenote_note":"","_monsterinsights_sitenote_category":0,"footnotes":""},"categories":[2,49],"tags":[],"class_list":["post-53703","post","type-post","status-publish","format-standard","hentry","category-news","category-news-18","category-2","category-49","description-off"],"img_url":false,"_links":{"self":[{"href":"https:\/\/www.radiopiu.net\/wordpress\/wp-json\/wp\/v2\/posts\/53703","targetHints":{"allow":["GET"]}}],"collection":[{"href":"https:\/\/www.radiopiu.net\/wordpress\/wp-json\/wp\/v2\/posts"}],"about":[{"href":"https:\/\/www.radiopiu.net\/wordpress\/wp-json\/wp\/v2\/types\/post"}],"author":[{"embeddable":true,"href":"https:\/\/www.radiopiu.net\/wordpress\/wp-json\/wp\/v2\/users\/1"}],"replies":[{"embeddable":true,"href":"https:\/\/www.radiopiu.net\/wordpress\/wp-json\/wp\/v2\/comments?post=53703"}],"version-history":[{"count":0,"href":"https:\/\/www.radiopiu.net\/wordpress\/wp-json\/wp\/v2\/posts\/53703\/revisions"}],"wp:attachment":[{"href":"https:\/\/www.radiopiu.net\/wordpress\/wp-json\/wp\/v2\/media?parent=53703"}],"wp:term":[{"taxonomy":"category","embeddable":true,"href":"https:\/\/www.radiopiu.net\/wordpress\/wp-json\/wp\/v2\/categories?post=53703"},{"taxonomy":"post_tag","embeddable":true,"href":"https:\/\/www.radiopiu.net\/wordpress\/wp-json\/wp\/v2\/tags?post=53703"}],"curies":[{"name":"wp","href":"https:\/\/api.w.org\/{rel}","templated":true}]}}