{"id":53744,"date":"2018-07-11T19:51:57","date_gmt":"2018-07-11T17:51:57","guid":{"rendered":"http:\/\/www.radiopiu.net\/wordpress\/?p=53744"},"modified":"2018-07-11T19:58:09","modified_gmt":"2018-07-11T17:58:09","slug":"terzo-settore-collaborare-col-territorio-per-la-modifica-del-decreto","status":"publish","type":"post","link":"https:\/\/www.radiopiu.net\/wordpress\/terzo-settore-collaborare-col-territorio-per-la-modifica-del-decreto\/","title":{"rendered":"\u201cTERZO SETTORE, COLLABORARE COL TERRITORIO PER LA MODIFICA DEL DECRETO\u201d"},"content":{"rendered":"<div class=\"moz-text-html\" lang=\"x-unicode\">\n<div dir=\"ltr\">\n<div><\/div>\n<div><\/div>\n<div><img loading=\"lazy\" decoding=\"async\" class=\"size-medium wp-image-53745 alignleft\" src=\"http:\/\/www.radiopiu.net\/wordpress\/wp-content\/uploads\/2018\/07\/Bond-Soccorso-Alpino-204x300.jpeg\" alt=\"\" width=\"204\" height=\"300\" srcset=\"https:\/\/www.radiopiu.net\/wordpress\/wp-content\/uploads\/2018\/07\/Bond-Soccorso-Alpino-204x300.jpeg 204w, https:\/\/www.radiopiu.net\/wordpress\/wp-content\/uploads\/2018\/07\/Bond-Soccorso-Alpino-698x1024.jpeg 698w, https:\/\/www.radiopiu.net\/wordpress\/wp-content\/uploads\/2018\/07\/Bond-Soccorso-Alpino.jpeg 734w\" sizes=\"auto, (max-width: 204px) 100vw, 204px\" \/>\u201cServe collaborare in sinergia e con efficacia con gli enti e le associazioni del territorio per modificare in modo realmente utile il decreto sul terzo settore\u201d: cos\u00ec il deputato di Forza Italia, Dario Bond, durante l&#8217;audizione di oggi in XII Commissione Sanit\u00e0 e Sociale alla Camera.<\/div>\n<div>Presenti tra gli altri alla seduta di oggi anche i rappresentanti della Croce Rossa e del Corpo Nazionale del Soccorso Alpino e Speleologico Bellunese, Alex Barattin e Fabio Bristot: \u201cQueste realt\u00e0\u201d sottolinea Bond \u201channo evidenziato tutte le problematiche che il decreto presenta, dalla gestione dei soci al rapporto tra lavoro e attivit\u00e0 di volontariato, annunciando la prossima presentazione di emendamenti al decreto nella parte che li coinvolge. Per questo, \u00e8 fondamentale che il decreto di modifica che verr\u00e0 proposto alla fine di queste audizioni sia frutto di un confronto con le realt\u00e0 dei territori, affinch\u00e8 vengano affrontate tutte le questioni che possono ingenerare difficolt\u00e0 o ostacoli agli enti, dall&#8217;elenco unico ai Centri dei servizi per il volontariato fino ai rapporti con le Regioni\u201d.<\/div>\n<div>\u201cPer questo\u201d, conclude Bond \u201cForza Italia ha gi\u00e0 costituito un gruppo di lavorosul tema che a breve presenter\u00e0 delle proposte efficaci ed utili alle realt\u00e0 del mondo del volontariato\u201d.<\/div>\n<div><\/div>\n<\/div>\n<\/div>\n<fieldset class=\"mimeAttachmentHeader\"><\/fieldset>\n<p>&nbsp;<\/p>\n<div><i>Nella foto, da sx: Fabio Bristot, CNSAS; On. Dario Bond; On. Arianna Lazzarini, segretario XII Commissione; Alex Barattin, Delegato CNSAS Bellunese<br \/>\n<\/i><\/div>\n<div><\/div>\n","protected":false},"excerpt":{"rendered":"<p>\u201cServe collaborare in sinergia e con efficacia con gli enti e le associazioni del territorio per modificare in modo realmente utile il decreto sul terzo settore\u201d: cos\u00ec il deputato di Forza Italia, Dario Bond, durante l&#8217;audizione di oggi in XII Commissione Sanit\u00e0 e Sociale alla Camera. Presenti tra gli altri alla seduta di oggi anche&hellip;<\/p>\n","protected":false},"author":1,"featured_media":53745,"comment_status":"closed","ping_status":"closed","sticky":false,"template":"","format":"standard","meta":{"_monsterinsights_skip_tracking":false,"_monsterinsights_sitenote_active":false,"_monsterinsights_sitenote_note":"","_monsterinsights_sitenote_category":0,"footnotes":""},"categories":[2,49],"tags":[],"class_list":["post-53744","post","type-post","status-publish","format-standard","has-post-thumbnail","hentry","category-news","category-news-18","category-2","category-49","description-off"],"img_url":"https:\/\/www.radiopiu.net\/wordpress\/wp-content\/uploads\/2018\/07\/Bond-Soccorso-Alpino.jpeg","_links":{"self":[{"href":"https:\/\/www.radiopiu.net\/wordpress\/wp-json\/wp\/v2\/posts\/53744","targetHints":{"allow":["GET"]}}],"collection":[{"href":"https:\/\/www.radiopiu.net\/wordpress\/wp-json\/wp\/v2\/posts"}],"about":[{"href":"https:\/\/www.radiopiu.net\/wordpress\/wp-json\/wp\/v2\/types\/post"}],"author":[{"embeddable":true,"href":"https:\/\/www.radiopiu.net\/wordpress\/wp-json\/wp\/v2\/users\/1"}],"replies":[{"embeddable":true,"href":"https:\/\/www.radiopiu.net\/wordpress\/wp-json\/wp\/v2\/comments?post=53744"}],"version-history":[{"count":0,"href":"https:\/\/www.radiopiu.net\/wordpress\/wp-json\/wp\/v2\/posts\/53744\/revisions"}],"wp:featuredmedia":[{"embeddable":true,"href":"https:\/\/www.radiopiu.net\/wordpress\/wp-json\/wp\/v2\/media\/53745"}],"wp:attachment":[{"href":"https:\/\/www.radiopiu.net\/wordpress\/wp-json\/wp\/v2\/media?parent=53744"}],"wp:term":[{"taxonomy":"category","embeddable":true,"href":"https:\/\/www.radiopiu.net\/wordpress\/wp-json\/wp\/v2\/categories?post=53744"},{"taxonomy":"post_tag","embeddable":true,"href":"https:\/\/www.radiopiu.net\/wordpress\/wp-json\/wp\/v2\/tags?post=53744"}],"curies":[{"name":"wp","href":"https:\/\/api.w.org\/{rel}","templated":true}]}}