{"id":53797,"date":"2018-07-12T15:32:23","date_gmt":"2018-07-12T13:32:23","guid":{"rendered":"http:\/\/www.radiopiu.net\/wordpress\/?p=53797"},"modified":"2018-07-12T15:32:23","modified_gmt":"2018-07-12T13:32:23","slug":"una-centralina-a-tisoi-controllera-la-qualita-dellaria","status":"publish","type":"post","link":"https:\/\/www.radiopiu.net\/wordpress\/una-centralina-a-tisoi-controllera-la-qualita-dellaria\/","title":{"rendered":"UNA CENTRALINA A TISOI CONTROLLERA&#8217; LA QUALITA&#8217; DELL&#8217;ARIA"},"content":{"rendered":"<div style=\"font-family: arial, helvetica, sans-serif; font-size: 12pt; color: #000000;\"><\/div>\n<div style=\"font-family: arial, helvetica, sans-serif; font-size: 12pt; color: #000000;\"><strong><span style=\"font-size: 14pt;\">\u00a0<\/span><\/strong><\/div>\n<div style=\"font-family: arial, helvetica, sans-serif; font-size: 12pt; color: #000000;\"><span style=\"font-size: 14pt;\"><img loading=\"lazy\" decoding=\"async\" class=\" wp-image-53798 alignleft\" src=\"http:\/\/www.radiopiu.net\/wordpress\/wp-content\/uploads\/2018\/07\/IMG_20180711_104858-300x225.jpg\" alt=\"\" width=\"223\" height=\"167\" srcset=\"https:\/\/www.radiopiu.net\/wordpress\/wp-content\/uploads\/2018\/07\/IMG_20180711_104858-300x225.jpg 300w, https:\/\/www.radiopiu.net\/wordpress\/wp-content\/uploads\/2018\/07\/IMG_20180711_104858-768x576.jpg 768w, https:\/\/www.radiopiu.net\/wordpress\/wp-content\/uploads\/2018\/07\/IMG_20180711_104858-1024x768.jpg 1024w\" sizes=\"auto, (max-width: 223px) 100vw, 223px\" \/>E&#8217; iniziata ieri una nuova campagna di controlli sull&#8217;aria del comune di Belluno. ARPAV ha posizionato una centralina mobile vicino alla ex scuola elementare di Tisoi. L&#8217;attivit\u00e0 rientra nel piano che l&#8217;Agenzia ambientale ha programmato per il 2018. Il monitoraggio, che durer\u00e0 due mesi, ha lo scopo di <span style=\"font-family: 'arial', 'sans-serif';\">verificare la qualit\u00e0 dell\u2019aria in una zona del comune di Belluno ad una quota pi\u00f9 elevata rispetto alle stazioni fisse cittadine per confrontarne i dati. I parametri controllati sono: PM10, Ozono, Benzene, Idrocarburi Policiclici Aromatici.<\/span><\/span><\/div>\n","protected":false},"excerpt":{"rendered":"<p>\u00a0 E&#8217; iniziata ieri una nuova campagna di controlli sull&#8217;aria del comune di Belluno. ARPAV ha posizionato una centralina mobile vicino alla ex scuola elementare di Tisoi. L&#8217;attivit\u00e0 rientra nel piano che l&#8217;Agenzia ambientale ha programmato per il 2018. Il monitoraggio, che durer\u00e0 due mesi, ha lo scopo di verificare la qualit\u00e0 dell\u2019aria in una&hellip;<\/p>\n","protected":false},"author":1,"featured_media":53798,"comment_status":"closed","ping_status":"closed","sticky":false,"template":"","format":"standard","meta":{"_monsterinsights_skip_tracking":false,"_monsterinsights_sitenote_active":false,"_monsterinsights_sitenote_note":"","_monsterinsights_sitenote_category":0,"footnotes":""},"categories":[2,49],"tags":[],"class_list":["post-53797","post","type-post","status-publish","format-standard","has-post-thumbnail","hentry","category-news","category-news-18","category-2","category-49","description-off"],"img_url":"https:\/\/www.radiopiu.net\/wordpress\/wp-content\/uploads\/2018\/07\/IMG_20180711_104858.jpg","_links":{"self":[{"href":"https:\/\/www.radiopiu.net\/wordpress\/wp-json\/wp\/v2\/posts\/53797","targetHints":{"allow":["GET"]}}],"collection":[{"href":"https:\/\/www.radiopiu.net\/wordpress\/wp-json\/wp\/v2\/posts"}],"about":[{"href":"https:\/\/www.radiopiu.net\/wordpress\/wp-json\/wp\/v2\/types\/post"}],"author":[{"embeddable":true,"href":"https:\/\/www.radiopiu.net\/wordpress\/wp-json\/wp\/v2\/users\/1"}],"replies":[{"embeddable":true,"href":"https:\/\/www.radiopiu.net\/wordpress\/wp-json\/wp\/v2\/comments?post=53797"}],"version-history":[{"count":0,"href":"https:\/\/www.radiopiu.net\/wordpress\/wp-json\/wp\/v2\/posts\/53797\/revisions"}],"wp:featuredmedia":[{"embeddable":true,"href":"https:\/\/www.radiopiu.net\/wordpress\/wp-json\/wp\/v2\/media\/53798"}],"wp:attachment":[{"href":"https:\/\/www.radiopiu.net\/wordpress\/wp-json\/wp\/v2\/media?parent=53797"}],"wp:term":[{"taxonomy":"category","embeddable":true,"href":"https:\/\/www.radiopiu.net\/wordpress\/wp-json\/wp\/v2\/categories?post=53797"},{"taxonomy":"post_tag","embeddable":true,"href":"https:\/\/www.radiopiu.net\/wordpress\/wp-json\/wp\/v2\/tags?post=53797"}],"curies":[{"name":"wp","href":"https:\/\/api.w.org\/{rel}","templated":true}]}}