{"id":53801,"date":"2018-07-12T15:37:52","date_gmt":"2018-07-12T13:37:52","guid":{"rendered":"http:\/\/www.radiopiu.net\/wordpress\/?p=53801"},"modified":"2018-07-12T16:15:18","modified_gmt":"2018-07-12T14:15:18","slug":"verso-la-fine-dei-lavori-al-teatro-la-sena","status":"publish","type":"post","link":"https:\/\/www.radiopiu.net\/wordpress\/verso-la-fine-dei-lavori-al-teatro-la-sena\/","title":{"rendered":"VERSO LA FINE DEI LAVORI AL TEATRO LA SENA"},"content":{"rendered":"<p><strong><img loading=\"lazy\" decoding=\"async\" class=\"size-medium wp-image-53802 alignleft\" src=\"http:\/\/www.radiopiu.net\/wordpress\/wp-content\/uploads\/2018\/07\/IMG_20180712_112116-300x171.jpg\" alt=\"\" width=\"300\" height=\"171\" srcset=\"https:\/\/www.radiopiu.net\/wordpress\/wp-content\/uploads\/2018\/07\/IMG_20180712_112116-300x171.jpg 300w, https:\/\/www.radiopiu.net\/wordpress\/wp-content\/uploads\/2018\/07\/IMG_20180712_112116-768x438.jpg 768w, https:\/\/www.radiopiu.net\/wordpress\/wp-content\/uploads\/2018\/07\/IMG_20180712_112116-1024x584.jpg 1024w\" sizes=\"auto, (max-width: 300px) 100vw, 300px\" \/>FELTRE<\/strong> Sipario e luci. Il lungo iter per il recupero del Teatro de la Sena sta per vedere la fine. La giunta comunale di Feltre ha infatti approvato il progetto definitivo che riguarda l&#8217;ultimo stralcio dei lavori per la realizzazione di alcuni impianti e delle vie d&#8217;esodo (scale, ascensore e montacarichi) in grado di rendere la struttura perfettamente rispondente a tutte le normative in tema di sicurezza e quindi agibile per la sua intera capienza. Al termine dell&#8217;intervento, finanziato per 2,3 milioni di euro grazie al Fondo per i Comuni di Confine, il Teatro de la Sena potr\u00e0 ospitare circa 300 persone (contro le 132 attuali): saranno infatti accessibili anche i tre ordini di palchetti e il loggione che rendono la \u201dpiccola fenice\u201d un autentico gioiello dell&#8217;architettura veneta e non solo. \u201cLa conferenza dei servizi, con tutti i suoi componenti (dalla Sovrintendenza ai Vigili del Fuoco, all&#8217;ULSS 1 Dolomiti) ha dato il proprio parere favorevole, siamo cos\u00ec ad un punto di svolta decisivo: dopo circa 90 anni il teatro torner\u00e0 disponibile nella sua interezza, commenta l&#8217;assessore ai lavori pubblici del Comune di Feltre Adis Zatta. Completato il recupero architettonico ed artistico negli <img loading=\"lazy\" decoding=\"async\" class=\"size-medium wp-image-53803 alignright\" src=\"http:\/\/www.radiopiu.net\/wordpress\/wp-content\/uploads\/2018\/07\/IMG_20180712_112847-300x182.jpg\" alt=\"\" width=\"300\" height=\"182\" srcset=\"https:\/\/www.radiopiu.net\/wordpress\/wp-content\/uploads\/2018\/07\/IMG_20180712_112847-300x182.jpg 300w, https:\/\/www.radiopiu.net\/wordpress\/wp-content\/uploads\/2018\/07\/IMG_20180712_112847-768x465.jpg 768w, https:\/\/www.radiopiu.net\/wordpress\/wp-content\/uploads\/2018\/07\/IMG_20180712_112847-1024x620.jpg 1024w\" sizes=\"auto, (max-width: 300px) 100vw, 300px\" \/>scorsi anni, ora tocca alle dotazioni di sicurezza, dando pari possibilit\u00e0 di accesso, e di eventuale fuga, anche alle persone con disabilit\u00e0. Tutti i livelli della struttura saranno in collegamento tra loro. Ultimate alcune valutazioni sulla parte sottostante il corpo scale\/ascensori che, vale la pena ricordarlo, \u00e8 sorretto da una struttura in micropali proprio per salvaguardare il patrimonio archeologico che si trova ai suoi piedi, appalteremo i lavori, che puntiamo a concludere \u2013 se non vi saranno intoppi &#8211; entro la fine del 2019\u201d, conclude Zatta. \u201cSul piano culturale \u2013 aggiunge l&#8217;assessore alla cultura e al turismo Alessandro Del Bianco \u2013 la possibilit\u00e0 di poter disporre di un teatro da 300 posti rappresenta per Feltre una sorta di piccola rivoluzione: potremo infatti pensare, e organizzare, una stagione teatrale a pieno titolo. Con questi lavori si completa inoltre un altro tassello fondamentale del percorso archeologico cittadino\u201d.<br \/>\n________________________________________________<\/p>\n<blockquote><p><img loading=\"lazy\" decoding=\"async\" class=\"size-medium wp-image-53804 alignleft\" src=\"http:\/\/www.radiopiu.net\/wordpress\/wp-content\/uploads\/2018\/07\/IMG_20180712_120757-300x172.jpg\" alt=\"\" width=\"300\" height=\"172\" srcset=\"https:\/\/www.radiopiu.net\/wordpress\/wp-content\/uploads\/2018\/07\/IMG_20180712_120757-300x172.jpg 300w, https:\/\/www.radiopiu.net\/wordpress\/wp-content\/uploads\/2018\/07\/IMG_20180712_120757-768x439.jpg 768w, https:\/\/www.radiopiu.net\/wordpress\/wp-content\/uploads\/2018\/07\/IMG_20180712_120757-1024x586.jpg 1024w\" sizes=\"auto, (max-width: 300px) 100vw, 300px\" \/>Nella stessa seduta di marted\u00ec scorso, la giunta comunale ha inoltre deciso di avanzare richiesta di contributo per un intervento di straordinaria manutenzione sulla palestra della ex scuola \u201cLuzzo\u201d. L&#8217;edificio, che manifesta l&#8217;usura del tempo, necessit\u00e0 di un intervento di restyling soprattutto per quanto riguarda il parquet e la sostituzione dei canestri. Per questo il Comune ha allestito un progetto da 50 mila euro (21 mila la parte di cofinanziamento con risorse proprie) che ha gi\u00e0 candidato a contributo regionale sulla base di un bando destinato proprio alle strutture sportive. La palestra ha peraltro evidenziato, durante le ultime intense ondate di maltempo, problemi di permeabilizzazione, in particolare a seguito della violenta grandinata del 12 giugno scorso. Su questo ultimo aspetto (da un sopralluogo sono risultati danneggiati ben 370 copribulloni del tetto) l&#8217;amministrazione interverr\u00e0 gi\u00e0 nei prossimi giorni, con risorse proprie, per garantire alle societ\u00e0 che utilizzano la struttura la piena fruibilit\u00e0 della stessa in sicurezza.<\/p><\/blockquote>\n","protected":false},"excerpt":{"rendered":"<p>FELTRE Sipario e luci. Il lungo iter per il recupero del Teatro de la Sena sta per vedere la fine. La giunta comunale di Feltre ha infatti approvato il progetto definitivo che riguarda l&#8217;ultimo stralcio dei lavori per la realizzazione di alcuni impianti e delle vie d&#8217;esodo (scale, ascensore e montacarichi) in grado di rendere&hellip;<\/p>\n","protected":false},"author":1,"featured_media":53803,"comment_status":"closed","ping_status":"closed","sticky":false,"template":"","format":"standard","meta":{"_monsterinsights_skip_tracking":false,"_monsterinsights_sitenote_active":false,"_monsterinsights_sitenote_note":"","_monsterinsights_sitenote_category":0,"footnotes":""},"categories":[2,49],"tags":[],"class_list":["post-53801","post","type-post","status-publish","format-standard","has-post-thumbnail","hentry","category-news","category-news-18","category-2","category-49","description-off"],"img_url":"https:\/\/www.radiopiu.net\/wordpress\/wp-content\/uploads\/2018\/07\/IMG_20180712_112847.jpg","_links":{"self":[{"href":"https:\/\/www.radiopiu.net\/wordpress\/wp-json\/wp\/v2\/posts\/53801","targetHints":{"allow":["GET"]}}],"collection":[{"href":"https:\/\/www.radiopiu.net\/wordpress\/wp-json\/wp\/v2\/posts"}],"about":[{"href":"https:\/\/www.radiopiu.net\/wordpress\/wp-json\/wp\/v2\/types\/post"}],"author":[{"embeddable":true,"href":"https:\/\/www.radiopiu.net\/wordpress\/wp-json\/wp\/v2\/users\/1"}],"replies":[{"embeddable":true,"href":"https:\/\/www.radiopiu.net\/wordpress\/wp-json\/wp\/v2\/comments?post=53801"}],"version-history":[{"count":0,"href":"https:\/\/www.radiopiu.net\/wordpress\/wp-json\/wp\/v2\/posts\/53801\/revisions"}],"wp:featuredmedia":[{"embeddable":true,"href":"https:\/\/www.radiopiu.net\/wordpress\/wp-json\/wp\/v2\/media\/53803"}],"wp:attachment":[{"href":"https:\/\/www.radiopiu.net\/wordpress\/wp-json\/wp\/v2\/media?parent=53801"}],"wp:term":[{"taxonomy":"category","embeddable":true,"href":"https:\/\/www.radiopiu.net\/wordpress\/wp-json\/wp\/v2\/categories?post=53801"},{"taxonomy":"post_tag","embeddable":true,"href":"https:\/\/www.radiopiu.net\/wordpress\/wp-json\/wp\/v2\/tags?post=53801"}],"curies":[{"name":"wp","href":"https:\/\/api.w.org\/{rel}","templated":true}]}}