{"id":53942,"date":"2018-07-13T18:43:58","date_gmt":"2018-07-13T16:43:58","guid":{"rendered":"http:\/\/www.radiopiu.net\/wordpress\/?p=53942"},"modified":"2018-07-13T18:43:58","modified_gmt":"2018-07-13T16:43:58","slug":"dunio-sui-muri-della-casa-circondariale-di-baldenich","status":"publish","type":"post","link":"https:\/\/www.radiopiu.net\/wordpress\/dunio-sui-muri-della-casa-circondariale-di-baldenich\/","title":{"rendered":"DUNIO SUI MURI DELLA CASA CIRCONDARIALE DI BALDENICH"},"content":{"rendered":"<p style=\"text-align: left;\" align=\"CENTER\"><b>BELLUNO\u00a0<\/b>Gioved\u00ec 19 luglio, alle ore 10.30, si scoprono i veli alla nuova opera dell\u2019artista Dunio Piccolin all\u2019interno della Casa Circondariale di Baldenich a Belluno su una parete del cortile d\u2019accesso alle strutture di detenzione; un progetto promosso dal<i><b> <\/b><\/i>direttore Tiziana Paolini, dal comandante della polizia penitenziaria Domenico Panatta e condiviso dal personale operante all\u2019interno della struttura. Cos\u00ec \u00e8 nato il progetto di dare l\u2019incarico all\u2019artista falcadino affinch\u00e9 lasciasse con la sua arte, in un murales di circa 10 metri quadrati, un messaggio \u201cdipinto\u201d che fosse in linea con lo spirito e i valori che caratterizzano, con il loro operato, coloro che vivono e lavorano giornalmente all\u2019interno del carcere. Fin dall\u2019ideazione del bozzetto, la tematica proposta, creata anche con la gentile collaborazione di don Davide Fiocco postulatore della causa di beatificazione di Albino Luciani e di Loris Serafini direttore della Fondazione Papa Luciani, \u00e8 stata quella che fosse gradita a tutto il personale e ai detenuti della casa circondariale con la primaria intenzione di infondere positivit\u00e0 e fiducia oltre alla visione di una nota vivace di colore. Il soggetto dello spazio dipinto pi\u00f9 grande riprende a sinistra la raffigurazione di San Basilide martire che \u00e8 la figura storico\u2013religiosa che maggiormente caratterizza il patronato del corpo di polizia penitenziaria, degli agenti di custodia e dei carcerati stessi, avendo lo stesso santo ricoperto ambedue i ruoli di guardia e di detenuto; in variazione alla sua classica figura, il santo, tiene in mano una chiave, simbolo di libert\u00e0 spirituale, che porge simbolicamente alla guardia. Al centro della scena vi \u00e8 la raffigurazione, con la classica divisa, di una guardia, con le mani consorte dietro la schiena, in segno di rispetto e fiducia, che accompagna al cancello un giovane detenuto padre di famiglia. A destra della composizione la moglie e il figlio del detenuto, che dopo un lungo tempo di \u201cesilio\u201d del marito-padre, sono pronti ad accoglierlo; il bimbo tiene in mano il \u201clibro dei ricordi\u201d con alcuni episodi della sua vita al quale il padre non ha potuto \u201cassistere\u201d. Al primo piano in basso vi \u00e8 il profilo della struttura della casa circondariale, volutamente ridimensionata nelle proporzioni, come a suggerire che le barriere dell\u2019anima e dello spirito non siano condizionate da \u201cbarriere architettoniche\u201d; sullo sfondo del gruppetto di destra una panoramica della citt\u00e0 di Belluno. Il piccolo spazio sopra la porta \u00e8 un omaggio a don Albino Luciani, papa Giovani Paolo I, che proprio all\u2019interno della casa circondariale, ai tempi del suo soggiorno al seminario di Belluno, offici\u00f2 13 omelie, come risulta dalle indagini in archivio di don Davide Fiocco, e occupano uno spazio temporale che va dal 16 settembre 1945 fino al 24 luglio 1954. Il ritratto del papa, interpretato pittoricamente da Dunio, riprende una delle sue classiche immagini e sovrasta una dicitura a lettere cubitali un pensiero a lui attribuito e che \u00e8 anche un monito in sintonia con lo spirito dell\u2019operato di quel luogo: \u201cla collaborazione volenterosa di tutti ci render\u00e0 pi\u00f9 leggero il peso quotidiano del dovere\u201d.<\/p>\n<p align=\"CENTER\">PER INGRANDIRE CLICCA<\/p>\n\n\t\t\t<style type='text\/css'>\n\t\t\t\t#gallery-1 {\n\t\t\t\t\tmargin: auto;\n\t\t\t\t}\n\t\t\t\t#gallery-1 .gallery-item {\n\t\t\t\t\tfloat: left;\n\t\t\t\t\tmargin-top: 10px;\n\t\t\t\t\ttext-align: center;\n\t\t\t\t\twidth: 33%;\n\t\t\t\t}\n\t\t\t\t#gallery-1 img {\n\t\t\t\t\tborder: 2px solid #cfcfcf;\n\t\t\t\t}\n\t\t\t\t#gallery-1 .gallery-caption {\n\t\t\t\t\tmargin-left: 0;\n\t\t\t\t}\n\t\t\t\t\/* see gallery_shortcode() in wp-includes\/media.php *\/\n\t\t\t<\/style>\n\t\t<div id='gallery-1' class='dt-gallery-container gallery galleryid-53942 gallery-columns-3 gallery-size-thumbnail'><dl class='gallery-item'>\n\t\t\t\t<dt class='gallery-icon landscape'>\n\t\t\t\t\t<a class=\"rollover\" href='https:\/\/www.radiopiu.net\/wordpress\/dunio-sui-muri-della-casa-circondariale-di-baldenich\/whatsapp-image-2018-07-13-at-18-40-29-2\/'><img loading=\"lazy\" decoding=\"async\" width=\"150\" height=\"150\" src=\"https:\/\/www.radiopiu.net\/wordpress\/wp-content\/uploads\/2018\/07\/WhatsApp-Image-2018-07-13-at-18.40.29-2-150x150.jpeg\" class=\"attachment-thumbnail size-thumbnail\" alt=\"\" \/><\/a>\n\t\t\t\t<\/dt><\/dl><dl class='gallery-item'>\n\t\t\t\t<dt class='gallery-icon landscape'>\n\t\t\t\t\t<a class=\"rollover\" href='https:\/\/www.radiopiu.net\/wordpress\/dunio-sui-muri-della-casa-circondariale-di-baldenich\/whatsapp-image-2018-07-13-at-18-40-29\/'><img loading=\"lazy\" decoding=\"async\" width=\"150\" height=\"150\" src=\"https:\/\/www.radiopiu.net\/wordpress\/wp-content\/uploads\/2018\/07\/WhatsApp-Image-2018-07-13-at-18.40.29-150x150.jpeg\" class=\"attachment-thumbnail size-thumbnail\" alt=\"\" \/><\/a>\n\t\t\t\t<\/dt><\/dl><dl class='gallery-item'>\n\t\t\t\t<dt class='gallery-icon landscape'>\n\t\t\t\t\t<a class=\"rollover\" href='https:\/\/www.radiopiu.net\/wordpress\/dunio-sui-muri-della-casa-circondariale-di-baldenich\/whatsapp-image-2018-07-13-at-18-40-30-1\/'><img loading=\"lazy\" decoding=\"async\" width=\"150\" height=\"150\" src=\"https:\/\/www.radiopiu.net\/wordpress\/wp-content\/uploads\/2018\/07\/WhatsApp-Image-2018-07-13-at-18.40.30-1-150x150.jpeg\" class=\"attachment-thumbnail size-thumbnail\" alt=\"\" \/><\/a>\n\t\t\t\t<\/dt><\/dl><br style=\"clear: both\" \/><dl class='gallery-item'>\n\t\t\t\t<dt class='gallery-icon portrait'>\n\t\t\t\t\t<a class=\"rollover\" href='https:\/\/www.radiopiu.net\/wordpress\/dunio-sui-muri-della-casa-circondariale-di-baldenich\/whatsapp-image-2018-07-13-at-18-40-29-1\/'><img loading=\"lazy\" decoding=\"async\" width=\"150\" height=\"150\" src=\"https:\/\/www.radiopiu.net\/wordpress\/wp-content\/uploads\/2018\/07\/WhatsApp-Image-2018-07-13-at-18.40.29-1-150x150.jpeg\" class=\"attachment-thumbnail size-thumbnail\" alt=\"\" \/><\/a>\n\t\t\t\t<\/dt><\/dl><dl class='gallery-item'>\n\t\t\t\t<dt class='gallery-icon portrait'>\n\t\t\t\t\t<a class=\"rollover\" href='https:\/\/www.radiopiu.net\/wordpress\/dunio-sui-muri-della-casa-circondariale-di-baldenich\/whatsapp-image-2018-07-13-at-18-40-28\/'><img loading=\"lazy\" decoding=\"async\" width=\"150\" height=\"150\" src=\"https:\/\/www.radiopiu.net\/wordpress\/wp-content\/uploads\/2018\/07\/WhatsApp-Image-2018-07-13-at-18.40.28-150x150.jpeg\" class=\"attachment-thumbnail size-thumbnail\" alt=\"\" \/><\/a>\n\t\t\t\t<\/dt><\/dl><dl class='gallery-item'>\n\t\t\t\t<dt class='gallery-icon landscape'>\n\t\t\t\t\t<a class=\"rollover\" href='https:\/\/www.radiopiu.net\/wordpress\/dunio-sui-muri-della-casa-circondariale-di-baldenich\/whatsapp-image-2018-07-13-at-18-40-30\/'><img loading=\"lazy\" decoding=\"async\" width=\"150\" height=\"150\" src=\"https:\/\/www.radiopiu.net\/wordpress\/wp-content\/uploads\/2018\/07\/WhatsApp-Image-2018-07-13-at-18.40.30-150x150.jpeg\" class=\"attachment-thumbnail size-thumbnail\" alt=\"\" \/><\/a>\n\t\t\t\t<\/dt><\/dl><br style=\"clear: both\" \/>\n\t\t\t<\/div>\n\n<p align=\"CENTER\">\n","protected":false},"excerpt":{"rendered":"<p>BELLUNO\u00a0Gioved\u00ec 19 luglio, alle ore 10.30, si scoprono i veli alla nuova opera dell\u2019artista Dunio Piccolin all\u2019interno della Casa Circondariale di Baldenich a Belluno su una parete del cortile d\u2019accesso alle strutture di detenzione; un progetto promosso dal direttore Tiziana Paolini, dal comandante della polizia penitenziaria Domenico Panatta e condiviso dal personale operante all\u2019interno della&hellip;<\/p>\n","protected":false},"author":1,"featured_media":53945,"comment_status":"closed","ping_status":"closed","sticky":false,"template":"","format":"standard","meta":{"_monsterinsights_skip_tracking":false,"_monsterinsights_sitenote_active":false,"_monsterinsights_sitenote_note":"","_monsterinsights_sitenote_category":0,"footnotes":""},"categories":[2,49],"tags":[],"class_list":["post-53942","post","type-post","status-publish","format-standard","has-post-thumbnail","hentry","category-news","category-news-18","category-2","category-49","description-off"],"img_url":"https:\/\/www.radiopiu.net\/wordpress\/wp-content\/uploads\/2018\/07\/WhatsApp-Image-2018-07-13-at-18.40.29-2.jpeg","_links":{"self":[{"href":"https:\/\/www.radiopiu.net\/wordpress\/wp-json\/wp\/v2\/posts\/53942","targetHints":{"allow":["GET"]}}],"collection":[{"href":"https:\/\/www.radiopiu.net\/wordpress\/wp-json\/wp\/v2\/posts"}],"about":[{"href":"https:\/\/www.radiopiu.net\/wordpress\/wp-json\/wp\/v2\/types\/post"}],"author":[{"embeddable":true,"href":"https:\/\/www.radiopiu.net\/wordpress\/wp-json\/wp\/v2\/users\/1"}],"replies":[{"embeddable":true,"href":"https:\/\/www.radiopiu.net\/wordpress\/wp-json\/wp\/v2\/comments?post=53942"}],"version-history":[{"count":0,"href":"https:\/\/www.radiopiu.net\/wordpress\/wp-json\/wp\/v2\/posts\/53942\/revisions"}],"wp:featuredmedia":[{"embeddable":true,"href":"https:\/\/www.radiopiu.net\/wordpress\/wp-json\/wp\/v2\/media\/53945"}],"wp:attachment":[{"href":"https:\/\/www.radiopiu.net\/wordpress\/wp-json\/wp\/v2\/media?parent=53942"}],"wp:term":[{"taxonomy":"category","embeddable":true,"href":"https:\/\/www.radiopiu.net\/wordpress\/wp-json\/wp\/v2\/categories?post=53942"},{"taxonomy":"post_tag","embeddable":true,"href":"https:\/\/www.radiopiu.net\/wordpress\/wp-json\/wp\/v2\/tags?post=53942"}],"curies":[{"name":"wp","href":"https:\/\/api.w.org\/{rel}","templated":true}]}}