{"id":54011,"date":"2018-07-14T09:36:45","date_gmt":"2018-07-14T07:36:45","guid":{"rendered":"http:\/\/www.radiopiu.net\/wordpress\/?p=54011"},"modified":"2018-07-14T09:50:35","modified_gmt":"2018-07-14T07:50:35","slug":"25-anni-di-ciclinvalle-lunedi-a-radio-piu","status":"publish","type":"post","link":"https:\/\/www.radiopiu.net\/wordpress\/25-anni-di-ciclinvalle-lunedi-a-radio-piu\/","title":{"rendered":"25 ANNI DI CICLINVALLE lunedi a RADIO PIU"},"content":{"rendered":"<blockquote>\n<h1><\/h1>\n<\/blockquote>\n<p><strong><img loading=\"lazy\" decoding=\"async\" class=\"size-medium wp-image-53983 alignleft\" src=\"http:\/\/www.radiopiu.net\/wordpress\/wp-content\/uploads\/2018\/07\/1655155_461804797278736_53439134_o-281x300.jpg\" alt=\"\" width=\"281\" height=\"300\" srcset=\"https:\/\/www.radiopiu.net\/wordpress\/wp-content\/uploads\/2018\/07\/1655155_461804797278736_53439134_o-281x300.jpg 281w, https:\/\/www.radiopiu.net\/wordpress\/wp-content\/uploads\/2018\/07\/1655155_461804797278736_53439134_o-768x821.jpg 768w, https:\/\/www.radiopiu.net\/wordpress\/wp-content\/uploads\/2018\/07\/1655155_461804797278736_53439134_o.jpg 898w\" sizes=\"auto, (max-width: 281px) 100vw, 281px\" \/><\/strong><\/p>\n<p>&nbsp;<\/p>\n<p><strong>AGORDO<\/strong> Presentata ufficialmente a Taibon la 25esima Ciclinvalle nata da un&#8217;idea di Fiorendo Dalla C\u00e0 il 25 settembre del 1994 per raccogliere dei fondi per l&#8217;Uniceff. Ad agosto, domenica 26 la edizione del quarto di secolo con alcune novit\u00e0 del percorso (previsto un giro per la citt\u00e0), dei premi (super premio famiglia e un&#8217;opera di Vico Calabr\u00f2 che sar\u00e0 assegnata a sorpresa).<br \/>\nLunedi alle 10.30, replica alle 19 trasmetteremo l&#8217;intervista con Fiorendo Dalla C\u00e0 realizzata negli studi di Radio Pi\u00f9, racconteremo anche come \u00e8 nata la bella manifestazione di fine estate in Valle di San Lucano.<\/p>\n<audio class=\"wp-audio-shortcode\" id=\"audio-54011-1\" preload=\"none\" style=\"width: 100%;\" controls=\"controls\"><source type=\"audio\/mpeg\" src=\"http:\/\/www.radiopiu.net\/wordpress\/wp-content\/uploads\/2018\/07\/dalla-ca1.mp3?_=1\" \/><a href=\"http:\/\/www.radiopiu.net\/wordpress\/wp-content\/uploads\/2018\/07\/dalla-ca1.mp3\">http:\/\/www.radiopiu.net\/wordpress\/wp-content\/uploads\/2018\/07\/dalla-ca1.mp3<\/a><\/audio>\n<p>Nel corso dell&#8217;intervista di lunedi presenteremo in anteprima un&#8217;altra novit\u00e0, la Promosport, nuova associazione che nasce ad Agordo, ancora Dalla C\u00e0<\/p>\n<audio class=\"wp-audio-shortcode\" id=\"audio-54011-2\" preload=\"none\" style=\"width: 100%;\" controls=\"controls\"><source type=\"audio\/mpeg\" src=\"http:\/\/www.radiopiu.net\/wordpress\/wp-content\/uploads\/2018\/07\/dalla-ca-2.mp3?_=2\" \/><a href=\"http:\/\/www.radiopiu.net\/wordpress\/wp-content\/uploads\/2018\/07\/dalla-ca-2.mp3\">http:\/\/www.radiopiu.net\/wordpress\/wp-content\/uploads\/2018\/07\/dalla-ca-2.mp3<\/a><\/audio>\n<p><strong>VIDEO REGISTRAZIONE STUDI RADIO PIU<\/strong>\u00a0 \u00a0<span style=\"color: #0000ff;\"><strong><a style=\"color: #0000ff;\" href=\"https:\/\/www.facebook.com\/mirko.mezzacasa\/videos\/10217302374058207\/\">CLICCA QUI<\/a><\/strong><\/span><\/p>\n<p>&nbsp;<\/p>\n","protected":false},"excerpt":{"rendered":"<p>&nbsp; AGORDO Presentata ufficialmente a Taibon la 25esima Ciclinvalle nata da un&#8217;idea di Fiorendo Dalla C\u00e0 il 25 settembre del 1994 per raccogliere dei fondi per l&#8217;Uniceff. Ad agosto, domenica 26 la edizione del quarto di secolo con alcune novit\u00e0 del percorso (previsto un giro per la citt\u00e0), dei premi (super premio famiglia e un&#8217;opera&hellip;<\/p>\n","protected":false},"author":1,"featured_media":54012,"comment_status":"closed","ping_status":"closed","sticky":false,"template":"","format":"standard","meta":{"_monsterinsights_skip_tracking":false,"_monsterinsights_sitenote_active":false,"_monsterinsights_sitenote_note":"","_monsterinsights_sitenote_category":0,"footnotes":""},"categories":[2,49],"tags":[],"class_list":["post-54011","post","type-post","status-publish","format-standard","has-post-thumbnail","hentry","category-news","category-news-18","category-2","category-49","description-off"],"img_url":"https:\/\/www.radiopiu.net\/wordpress\/wp-content\/uploads\/2018\/07\/cicli-1.jpg","_links":{"self":[{"href":"https:\/\/www.radiopiu.net\/wordpress\/wp-json\/wp\/v2\/posts\/54011","targetHints":{"allow":["GET"]}}],"collection":[{"href":"https:\/\/www.radiopiu.net\/wordpress\/wp-json\/wp\/v2\/posts"}],"about":[{"href":"https:\/\/www.radiopiu.net\/wordpress\/wp-json\/wp\/v2\/types\/post"}],"author":[{"embeddable":true,"href":"https:\/\/www.radiopiu.net\/wordpress\/wp-json\/wp\/v2\/users\/1"}],"replies":[{"embeddable":true,"href":"https:\/\/www.radiopiu.net\/wordpress\/wp-json\/wp\/v2\/comments?post=54011"}],"version-history":[{"count":0,"href":"https:\/\/www.radiopiu.net\/wordpress\/wp-json\/wp\/v2\/posts\/54011\/revisions"}],"wp:featuredmedia":[{"embeddable":true,"href":"https:\/\/www.radiopiu.net\/wordpress\/wp-json\/wp\/v2\/media\/54012"}],"wp:attachment":[{"href":"https:\/\/www.radiopiu.net\/wordpress\/wp-json\/wp\/v2\/media?parent=54011"}],"wp:term":[{"taxonomy":"category","embeddable":true,"href":"https:\/\/www.radiopiu.net\/wordpress\/wp-json\/wp\/v2\/categories?post=54011"},{"taxonomy":"post_tag","embeddable":true,"href":"https:\/\/www.radiopiu.net\/wordpress\/wp-json\/wp\/v2\/tags?post=54011"}],"curies":[{"name":"wp","href":"https:\/\/api.w.org\/{rel}","templated":true}]}}