{"id":54109,"date":"2018-07-16T06:51:26","date_gmt":"2018-07-16T04:51:26","guid":{"rendered":"http:\/\/www.radiopiu.net\/wordpress\/?p=54109"},"modified":"2018-07-16T16:48:17","modified_gmt":"2018-07-16T14:48:17","slug":"giornale-radiopiu-16-luglio-2018-direttore-mirko-mezzacasa","status":"publish","type":"post","link":"https:\/\/www.radiopiu.net\/wordpress\/giornale-radiopiu-16-luglio-2018-direttore-mirko-mezzacasa\/","title":{"rendered":"GIORNALE RADIOPIU 16 LUGLIO 2018 DIRETTORE MIRKO MEZZACASA"},"content":{"rendered":"<blockquote>\n<h1>RIFACIMENTO SEGNALETICA ORIZZONTALE 203 AGORDINA. DOMANI SOTTO CON LA TANGENZIALE FRONTE LUXOTTICA DALLE 6 TEMPO PERMETTENDO<\/h1>\n<\/blockquote>\n<p>&nbsp;<\/p>\n<p align=\"JUSTIFY\"><span style=\"font-family: Times New Roman, serif;\"><span style=\"font-size: medium;\"><b>COLPI DI PISTOLA CONTRO LA CASA DEL GIORNALISTA GERVASUTTI, LA SOLIDARIET\u00c0 DI ZAIA<\/b><\/span><\/span><\/p>\n<p><span style=\"font-size: medium;\">VENEZIA\u00a0\u00a0<\/span>\u201c<span style=\"font-family: Times New Roman, serif;\"><span style=\"font-size: medium;\">E\u2019 un episodio gravissimo, che va condannato senza se e senza ma, acuito dal fatto che la minaccia contro un giornalista significa di conseguenza un attacco contro opinioni ed idee. La mia piena e completa solidariet\u00e0 al cronista Ario Gervasutti e naturalmente alla sua famiglia\u201d. Cos\u00ec il presidente del Veneto Luca Zaia commenta quanto accaduto stanotte a Padova, dove l\u2019abitazione del giornalista del Gazzettino \u00e8 stata presa di mira da cinque colpi di pistola, tre dei quali hanno raggiunto la camera da letto dei suoi figli.\u00a0<\/span><\/span>\u201c<span style=\"font-family: Times New Roman, serif;\"><span style=\"font-size: medium;\">Mi auguro che i responsabili siamo presto identificati ed assicurati alla Giustizia \u2013 conclude Zaia -. Sono intollerabili fatti del genere che purtroppo riportano alla mente anni bui della nostra Repubblica. A Gervasutti e alla sua famiglia la vicinanza mia e delle istituzioni della Regione del Veneto\u201d.<\/span><\/span><\/p>\n<h2>DARIO BOND: \u201cPIENA SOLIDARIETA&#8217; A ARIO GERVASUTTI\u201d<\/h2>\n<p>\u201cQuanto accaduto questa notte ad Ario Gervasutti \u00e8 allarmante, gravissimo e inaccettabile. A Gervasutti e a tutta la sua famiglia va la solidariet\u00e0 e vicinanza mia e di tutto il mio partito\u201d: cos\u00ec Dario Bond, deputato di Forza Italia, commenta quanto accaduto nella notte a Padova, con cinque colpi di pistola esplosi contro l&#8217;abitazione del giornalista. \u201cBisogna salvaguardare la libert\u00e0 di stampa: i giornalisti non possono essere ostaggi della paura, imprigionati da minacce che rischiano di indebolire il sistema e la qualit\u00e0 dell&#8217;informazione, e magari costretti ad essere seguiti da una scorta\u201d, continua Bond. \u201cVenga fatta chiarezza al pi\u00f9 presto su questa vicenda e su tutte le altre storie di pressione sui professionisti dell&#8217;informazione. Un atto cos\u00ec grave va combattuto con fermezza\u201d.<\/p>\n<p>&nbsp;<\/p>\n<p>&nbsp;<\/p>\n<p>&nbsp;<\/p>\n<blockquote>\n<h1>DOPO L&#8217;INCIDENTE SCAPPA<\/h1>\n<\/blockquote>\n<p><strong>BELLUNO<\/strong> Un automobilista provoca un incidente sulla statale 51 di Alemagna al bivio per Codissago. La polizia lo rintraccia e lo\u00a0 denuncia per fuga e omissione di soccorso.\u00a0 Da stabilire la responsabilit\u00e0,il fuggitivo guidava una Volkswagen Passat di colore grigio modello nuovo, si \u00e8 allontanato in direzione Ponte nelle Alpi, ma con la macchina visibilmente danneggiata e dopo pochi minuti da una pattuglia della polizia stradale lo ha trovato parcheggiato nella zona della Fiera di Longarone.<\/p>\n<p>&nbsp;<\/p>\n<p>&nbsp;<\/p>\n<p>&nbsp;<\/p>\n<p>&nbsp;<\/p>\n<p>&nbsp;<\/p>\n<blockquote>\n<h1>BRUCIA IL TETTO IN MANSARDA<\/h1>\n<p><strong><img loading=\"lazy\" decoding=\"async\" class=\" wp-image-54052 alignleft\" src=\"http:\/\/www.radiopiu.net\/wordpress\/wp-content\/uploads\/2018\/07\/logo-300x225.jpg\" alt=\"\" width=\"237\" height=\"178\" srcset=\"https:\/\/www.radiopiu.net\/wordpress\/wp-content\/uploads\/2018\/07\/logo-300x225.jpg 300w, https:\/\/www.radiopiu.net\/wordpress\/wp-content\/uploads\/2018\/07\/logo-768x576.jpg 768w, https:\/\/www.radiopiu.net\/wordpress\/wp-content\/uploads\/2018\/07\/logo.jpg 1024w\" sizes=\"auto, (max-width: 237px) 100vw, 237px\" \/>CORTINA\u00a0<\/strong>A fuoco il tetto di una casa ristrutturata. Paura tra i residenti a Val di Sotto. A dare l\u2019allarme i vicini che all\u2019alba\u00a0 di sabato hanno visto uscire il fumo dalla mansarda: due appartamenti ora sono danneggiatitI.\u00a0 Il danno maggiore alla mansarda, inagibile. L\u2019acqua gettata dai pompieri per spegnere il fuoco ha allagato l\u2019appartamento Minori i danni all\u2019altro appartamento mansardato, situato di fianco.<\/p>\n<h1><\/h1>\n<\/blockquote>\n<h1><\/h1>\n<p><a class=\"profileLink\" href=\"https:\/\/www.facebook.com\/corrieredellealpi\/?fref=mentions\" data-hovercard=\"\/ajax\/hovercard\/page.php?id=376502337555&amp;extragetparams=%7B%22fref%22%3A%22mentions%22%7D\" data-hovercard-prefer-more-content-show=\"1\">Corriere delle Alpi<\/a>\u00a0FELTRINO Secondo arresto per marijuana dopo il sequestro di un chilo oggi in due davanti al giudice. Oggi risponderanno alle domande del Gip. Gli arresti nel fine settimana.<\/p>\n<h1><\/h1>\n<p>&nbsp;<\/p>\n<p>&nbsp;<\/p>\n<p>&nbsp;<\/p>\n<h1>SENZA ESITO ANCHE IERI LE RICERCHE IN VALLE DI SEREN<\/h1>\n<div>\n<p><strong><img loading=\"lazy\" decoding=\"async\" class=\"size-medium wp-image-54039 alignleft\" src=\"http:\/\/www.radiopiu.net\/wordpress\/wp-content\/uploads\/2018\/07\/ab-300x300.jpeg\" alt=\"\" width=\"300\" height=\"300\" srcset=\"https:\/\/www.radiopiu.net\/wordpress\/wp-content\/uploads\/2018\/07\/ab-300x300.jpeg 300w, https:\/\/www.radiopiu.net\/wordpress\/wp-content\/uploads\/2018\/07\/ab-150x150.jpeg 150w, https:\/\/www.radiopiu.net\/wordpress\/wp-content\/uploads\/2018\/07\/ab.jpeg 640w\" sizes=\"auto, (max-width: 300px) 100vw, 300px\" \/>SEREN DEL GRAPPA<\/strong> Sono purtroppo ancora senza esito le ricerche di A.B., 47 anni, di Seren del Grappa (FOTO) allontanatosi dalla propria abitazione venerd\u00ec senza dare pi\u00f9 notizie di s\u00e9. Ritrovatisi alle 7.30 ieri mattina, i soccorritori hanno ampliato l&#8217;area da perlustrare attorno a Pian della Chiesa, in Val di Seren, suddivisa in zone da affidare alle diverse squadre. \u00c8 stata inoltre percorsa con i mezzi tutta la principale rete viaria del Monte Grappa. Oltre 30 le persone impegnate tra Soccorso alpino, Vigili del fuoco, Carabinieri e Carabinieri forestali, agenti del Sagf di Cortina d&#8217;Ampezzo. Al momento si stanno valutando gli elementi acquisiti fino ad ora per capire come poter proseguire nella ricerca.<\/p>\n<\/div>\n<h1>SOCCORSO ALPINO, INTERVENTI DI IERI DOMENICA<\/h1>\n<div><span class=\"Apple-style-span\">ieri\u00a0 mattina attorno alle 9.40 l&#8217;elicottero del Suem di Pieve di Cadore \u00e8 intervenuto al Rifugio Pian de Fontana, a Longarone, per un&#8217;escursionista che si era infortunata sul sentiero per poi arrivare all&#8217;edificio aiutata dal gestore. La donna, E.S.A., 71 anni, australiana, con una probabile distorsione alla caviglia, \u00e8 stata caricata a bordo e trasportata all&#8217;ospedale di Belluno. Due gli infortuni sul percorso della Transcivetta. Un&#8217;atleta di Morbegno (SO), F.C., 45 anni, \u00e8 stata raggiunta dall&#8217;eliambulanza sul sentiero numero 560, tra i rifugi Tissi e Coldai, comune di Alleghe, dopo che si era procurata un sospetto trauma a un piede. I<\/span>mbarcata dal tecnico di elisoccorso con un verricello di 6 metri, \u00e8 stata accompagnata all&#8217;ospedale di Cortina.<span class=\"Apple-style-span\">\u00a0Pi\u00f9 tardi, una seconda partecipante, L.D.N., 39 anni, di San Vendemiano (TV), \u00e8 stata recuperata al Rifugio Coldai dove si era fermata dopo essersi fatta male al ginocchio. Tecnico di elisoccorso e il personale medico, sbarcati in piazzola, le hanno prestato le prime cure, con il supporto del Soccorso alpino civile e dei Carabinieri, per poi portarla all&#8217;ospedale di Belluno. Non distante dal Passo Pordoi invece si \u00e8 sentito male un uomo di Codogno (LO), S.M., 51 anni. Una squadra del Soccorso alpino di Livinallongo \u00e8 salita dove si trovava l&#8217;escursionista, poi affiancata da medico, intermiera e tecnico di elisoccorso scesi in hovering nelle vicinanze. Caricato in barella e recuperato con un verricello di una decina di metri, l&#8217;uomo \u00e8 poi stato trasportato al San Martino per permettere le verifiche del caso.<\/span><\/div>\n<h1>SOCCORSO ALPINO INTERVENTI, SABATO<\/h1>\n<p>Alle 11.30 il 118 ha allertato il Soccorso alpino di Longarone per una persona in difficolt\u00e0 lungo la Ferrata della memoria. Arrivato poco sotto la met\u00e0 dell&#8217;itinerario infatti un escursionista di Spinea (VE), E.T., 37 anni, non era pi\u00f9 in grado di proseguire bloccato dalla paura e dalla stanchezza. Un soccorritore \u00e8 entrato da un ingresso poco sopra si \u00e8 calato e lo ha aiutato a salire, fin dove il resto della squadra aveva attrezzato il percorso laterale con corde fisse. L&#8217;uomo \u00e8 stato cos\u00ec accompagnato fino alla strada e da l\u00ec alla sua macchina. Anche un&#8217;escursionista, cui si era rotto lo scarpone e si trovava nello stesso punto, \u00e8 rientrata con il figlio assieme ai soccorritori. Attorno alle13 l&#8217;elicottero del Suem di Pieve di Cadore ha recuperato un escursionista sul Popera, ad Auronzo di Cadore. L&#8217;uomo, E.B., 56 anni, austriaco, si era fermato per la fatica all&#8217;altezza del Battaglion Cadore, tra Rifugio Carducci e Berti. Imbarcato \u00e8 stato trasportato all&#8217;ospedale di Pieve di Cadore per le verifiche del caso. Successivamente l&#8217;eliambulanza si \u00e8 diretta verso il Passo Antermarucol, in Val di Gares, Canale d&#8217;Agordo per un ciclista caduto dalla mountain bike. L&#8217;uomo, A.Z., 46 anni, di Reggio Emilia e stato accompagnato al pronto soccorso con un probabile trauma alla spalla. Nel pomeriggio l&#8217;elicottero del Suem di Pieve di Cadore \u00e8 volato poco sotto Forcella Baion, sulle Marmarole, a Domegge di Cadore, per due escursionisti tedeschi che non erano pi\u00f9 in grado di proseguire per la stanchezza. Imbarcati con il verricello, i due uomini sono stati accompagnati a Pieve di Cadore. Successivamente l&#8217;eliambulanza \u00e8 stata inviata sulla Cima Fanis sud, Via Barbier, Cortina d&#8217;Ampezzo per due alpinisti bloccati in sosta a 4-5 tiri dall&#8217;uscita. Recuperati con un verricello da 70 metri dal tecnico del Soccorso alpino dell&#8217;equipaggio, i due rocciatori sono stati portati al passo Falzarego.<\/p>\n<blockquote>\n<h1><\/h1>\n<\/blockquote>\n<h1><\/h1>\n<blockquote><p>&nbsp;<\/p>\n<h1>TAIBON NON SOLO GRANDI PROGETTI<\/h1>\n<\/blockquote>\n<p><strong>TAIBON<\/strong> Tra meno di un mese (il 26 agosto) \u00e8 in programma la 25esima Ciclinvalle, competizione e passeggiata ciclista con tanti adulti e bimbi dalla piazza di Agordo a Col di Pra in Valle di San Lucano. Mancando una ciclabile che colleghi Agordo a Taibon, come purtroppo si sa i cantieri sono fermi da quasi 10 anni, i ciclisti percorreranno anche quest&#8217;anno\u00a0 la ex provinciale (oggi comunale) da Ponte Brugnach a Taibon attraverso la localit\u00e0 Campagna. La strada oggi, ma \u00e8 cos\u00ec almeno da fine inverno,\u00a0 si presenta in condizioni decisamente precarie, anzi disperate per gli amanti della bicicletta. Fossi in mezzo alla strada dove non sempre finirci dentro con la ruota anteriore significa uscirne e voragini che da mesi sono segnalate da cartelli, che appunto servono solo come segnalazione. Se non basta il guard rail verso ponte Brugnach che difende da eventuali voli nel sottostate Cordevole \u00e8 sempre pi\u00f9 basso, o pi\u00f9 alta la strada, pi\u00f9 basso di una ruota di bicicletta.<br \/>\nBenvengano i grandi progetti come quello di portare la fibra ottica in una Valle di San Lucano sempre meno popolata e con una sola attivit\u00e0 commerciale (quando la fibra ottica manca anche in paese e gli operatori commerciali, i pochi rimasti,\u00a0 la attendono per stare al passo con i tempi), benvenga tra cartelli &#8220;affittasi&#8221; di tanti locali sfitti e attivit\u00e0 che hanno chiuso,\u00a0 la ristrutturazione dell&#8217;ex molino, ma \u00e8 effettivamente opera storica? Girava con l&#8217;acqua o con la bolletta Enel? Benvenga l&#8217;idea di un&#8217;area da 1000 metri quadri di cemento al laghetto delle Peschiere per farne un&#8217;arena per qualche spettacolo estivo , ma perlomeno potrebbe avanzare una carriola tra quella colata di cemento per coprire i buchi che caratterizzano le strade comunali. Benvenga tutto con i soldi dei fondi di confine, 500 mila euro l&#8217;anno da spendere, ma si tenga conto anche delle piccole cose, della vita quotidiana, per chi vive il quotidiano o pr chi persevera nel voler dare lavoro e lavorare nella periferia del capoluogo di vallata.<br \/>\n<img loading=\"lazy\" decoding=\"async\" class=\" wp-image-54091 alignleft\" src=\"http:\/\/www.radiopiu.net\/wordpress\/wp-content\/uploads\/2018\/07\/WhatsApp-Image-2018-07-15-at-13.02.20-300x150.jpeg\" alt=\"\" width=\"400\" height=\"200\" srcset=\"https:\/\/www.radiopiu.net\/wordpress\/wp-content\/uploads\/2018\/07\/WhatsApp-Image-2018-07-15-at-13.02.20-300x150.jpeg 300w, https:\/\/www.radiopiu.net\/wordpress\/wp-content\/uploads\/2018\/07\/WhatsApp-Image-2018-07-15-at-13.02.20-768x384.jpeg 768w, https:\/\/www.radiopiu.net\/wordpress\/wp-content\/uploads\/2018\/07\/WhatsApp-Image-2018-07-15-at-13.02.20-1024x512.jpeg 1024w, https:\/\/www.radiopiu.net\/wordpress\/wp-content\/uploads\/2018\/07\/WhatsApp-Image-2018-07-15-at-13.02.20.jpeg 1599w\" sizes=\"auto, (max-width: 400px) 100vw, 400px\" \/><\/p>\n<p>&nbsp;<\/p>\n<p>A proposito del laghetto delle Peschiere e dell&#8217;abbandonata Valle di San Lucano, chi ieri (domenica)\u00a0 ha percorso la ciclabile o presunta tale, ha rischiato grosso, anche ieri le auto hanno parcheggiato a bordo laghetto, porte aperte, musica a palo, barbecue accesi, legna fatta sul posto non importa se secca o verde, ma pare non si sia visto nessuno a fare un minimo di controllo. Per arrivare al lago gli automobilisti della domenica hanno snobbato i cartelli di divieto, col\u00a0 rischio di travolgere i ciclisti in discesa verso l&#8217;ex baita alle Peschiere.Ovviamente se l&#8217;assessore ai lavori pubblici o l&#8217;ufficio tecnico ha qualche cosa da aggiungere Radio Pi\u00f9 \u00e8 a completa disposizione.<\/p>\n<p><strong>VORAGINI LOCALITA&#8217; CAMPAGNA<\/strong><\/p>\n<p><img loading=\"lazy\" decoding=\"async\" class=\" wp-image-54088 alignleft\" src=\"http:\/\/www.radiopiu.net\/wordpress\/wp-content\/uploads\/2018\/07\/9f31bc78-c2f2-4a77-9bda-772cc4fb011e-300x225.jpg\" alt=\"\" width=\"429\" height=\"322\" srcset=\"https:\/\/www.radiopiu.net\/wordpress\/wp-content\/uploads\/2018\/07\/9f31bc78-c2f2-4a77-9bda-772cc4fb011e-300x225.jpg 300w, https:\/\/www.radiopiu.net\/wordpress\/wp-content\/uploads\/2018\/07\/9f31bc78-c2f2-4a77-9bda-772cc4fb011e-768x576.jpg 768w, https:\/\/www.radiopiu.net\/wordpress\/wp-content\/uploads\/2018\/07\/9f31bc78-c2f2-4a77-9bda-772cc4fb011e-1024x768.jpg 1024w, https:\/\/www.radiopiu.net\/wordpress\/wp-content\/uploads\/2018\/07\/9f31bc78-c2f2-4a77-9bda-772cc4fb011e.jpg 1599w\" sizes=\"auto, (max-width: 429px) 100vw, 429px\" \/><\/p>\n<p><img loading=\"lazy\" decoding=\"async\" class=\" wp-image-54089 alignleft\" src=\"http:\/\/www.radiopiu.net\/wordpress\/wp-content\/uploads\/2018\/07\/beba113c-b765-4f0c-9847-2dc75ac74e26-300x225.jpg\" alt=\"\" width=\"419\" height=\"314\" srcset=\"https:\/\/www.radiopiu.net\/wordpress\/wp-content\/uploads\/2018\/07\/beba113c-b765-4f0c-9847-2dc75ac74e26-300x225.jpg 300w, https:\/\/www.radiopiu.net\/wordpress\/wp-content\/uploads\/2018\/07\/beba113c-b765-4f0c-9847-2dc75ac74e26-768x576.jpg 768w, https:\/\/www.radiopiu.net\/wordpress\/wp-content\/uploads\/2018\/07\/beba113c-b765-4f0c-9847-2dc75ac74e26-1024x768.jpg 1024w, https:\/\/www.radiopiu.net\/wordpress\/wp-content\/uploads\/2018\/07\/beba113c-b765-4f0c-9847-2dc75ac74e26.jpg 1599w\" sizes=\"auto, (max-width: 419px) 100vw, 419px\" \/><\/p>\n<p>&nbsp;<\/p>\n<p>&nbsp;<\/p>\n<p>&nbsp;<\/p>\n<p>&nbsp;<\/p>\n<p>&nbsp;<\/p>\n<p>&nbsp;<\/p>\n<p>&nbsp;<\/p>\n<p>&nbsp;<\/p>\n<p>&nbsp;<\/p>\n<p>&nbsp;<\/p>\n<p>&nbsp;<\/p>\n<p><strong>STRADA COMUNALE LOCALITA&#8217; CAMPAGNA IN FONDO ALLA DISCESA DI TAIER<\/strong><\/p>\n<p><img loading=\"lazy\" decoding=\"async\" class=\"size-medium wp-image-54087 alignleft\" src=\"http:\/\/www.radiopiu.net\/wordpress\/wp-content\/uploads\/2018\/07\/84a5356d-d4aa-43c8-b4cc-4b7ed8318482-225x300.jpg\" alt=\"\" width=\"225\" height=\"300\" srcset=\"https:\/\/www.radiopiu.net\/wordpress\/wp-content\/uploads\/2018\/07\/84a5356d-d4aa-43c8-b4cc-4b7ed8318482-225x300.jpg 225w, https:\/\/www.radiopiu.net\/wordpress\/wp-content\/uploads\/2018\/07\/84a5356d-d4aa-43c8-b4cc-4b7ed8318482-768x1024.jpg 768w, https:\/\/www.radiopiu.net\/wordpress\/wp-content\/uploads\/2018\/07\/84a5356d-d4aa-43c8-b4cc-4b7ed8318482.jpg 1200w\" sizes=\"auto, (max-width: 225px) 100vw, 225px\" \/><img loading=\"lazy\" decoding=\"async\" class=\" wp-image-54086 alignleft\" src=\"http:\/\/www.radiopiu.net\/wordpress\/wp-content\/uploads\/2018\/07\/2bdbb107-a708-4c66-8955-842f6262ab9a-225x300.jpg\" alt=\"\" width=\"184\" height=\"245\" srcset=\"https:\/\/www.radiopiu.net\/wordpress\/wp-content\/uploads\/2018\/07\/2bdbb107-a708-4c66-8955-842f6262ab9a-225x300.jpg 225w, https:\/\/www.radiopiu.net\/wordpress\/wp-content\/uploads\/2018\/07\/2bdbb107-a708-4c66-8955-842f6262ab9a-768x1024.jpg 768w, https:\/\/www.radiopiu.net\/wordpress\/wp-content\/uploads\/2018\/07\/2bdbb107-a708-4c66-8955-842f6262ab9a.jpg 1200w\" sizes=\"auto, (max-width: 184px) 100vw, 184px\" \/><img loading=\"lazy\" decoding=\"async\" class=\"size-medium wp-image-54085 alignnone\" src=\"http:\/\/www.radiopiu.net\/wordpress\/wp-content\/uploads\/2018\/07\/f0623945-edd6-4d0c-b83a-31d7916be41a-225x300.jpg\" alt=\"\" width=\"225\" height=\"300\" srcset=\"https:\/\/www.radiopiu.net\/wordpress\/wp-content\/uploads\/2018\/07\/f0623945-edd6-4d0c-b83a-31d7916be41a-225x300.jpg 225w, https:\/\/www.radiopiu.net\/wordpress\/wp-content\/uploads\/2018\/07\/f0623945-edd6-4d0c-b83a-31d7916be41a-768x1024.jpg 768w, https:\/\/www.radiopiu.net\/wordpress\/wp-content\/uploads\/2018\/07\/f0623945-edd6-4d0c-b83a-31d7916be41a.jpg 1200w\" sizes=\"auto, (max-width: 225px) 100vw, 225px\" \/><\/p>\n<p><strong>GUARD RAIL PONTE BRUGNACH<\/strong><\/p>\n<blockquote><p><img loading=\"lazy\" decoding=\"async\" class=\"size-medium wp-image-54090 alignleft\" src=\"http:\/\/www.radiopiu.net\/wordpress\/wp-content\/uploads\/2018\/07\/ac88b6cd-349d-44f0-b524-6806b496dbb9-225x300.jpg\" alt=\"\" width=\"225\" height=\"300\" srcset=\"https:\/\/www.radiopiu.net\/wordpress\/wp-content\/uploads\/2018\/07\/ac88b6cd-349d-44f0-b524-6806b496dbb9-225x300.jpg 225w, https:\/\/www.radiopiu.net\/wordpress\/wp-content\/uploads\/2018\/07\/ac88b6cd-349d-44f0-b524-6806b496dbb9-768x1024.jpg 768w, https:\/\/www.radiopiu.net\/wordpress\/wp-content\/uploads\/2018\/07\/ac88b6cd-349d-44f0-b524-6806b496dbb9.jpg 1200w\" sizes=\"auto, (max-width: 225px) 100vw, 225px\" \/><img loading=\"lazy\" decoding=\"async\" class=\"size-medium wp-image-54093 alignleft\" src=\"http:\/\/www.radiopiu.net\/wordpress\/wp-content\/uploads\/2018\/07\/17097261-ac6f-47cc-8659-57a0024ca108-225x300.jpg\" alt=\"\" width=\"225\" height=\"300\" srcset=\"https:\/\/www.radiopiu.net\/wordpress\/wp-content\/uploads\/2018\/07\/17097261-ac6f-47cc-8659-57a0024ca108-225x300.jpg 225w, https:\/\/www.radiopiu.net\/wordpress\/wp-content\/uploads\/2018\/07\/17097261-ac6f-47cc-8659-57a0024ca108-768x1024.jpg 768w, https:\/\/www.radiopiu.net\/wordpress\/wp-content\/uploads\/2018\/07\/17097261-ac6f-47cc-8659-57a0024ca108.jpg 1200w\" sizes=\"auto, (max-width: 225px) 100vw, 225px\" \/><\/p><\/blockquote>\n<p>&nbsp;<\/p>\n<p>&nbsp;<\/p>\n<p>&nbsp;<\/p>\n<p>&nbsp;<\/p>\n<p>&nbsp;<\/p>\n<p>&nbsp;<\/p>\n<p>&nbsp;<\/p>\n<p>&nbsp;<\/p>\n<p>&nbsp;<\/p>\n<p>&nbsp;<\/p>\n<p>&nbsp;<\/p>\n<p>&nbsp;<\/p>\n<p>&nbsp;<\/p>\n<blockquote><p>&nbsp;<\/p><\/blockquote>\n<p>&nbsp;<\/p>\n<blockquote>\n<h1>BICICLETTANDO TRA MARE E MONTAGNA<\/h1>\n\n\t\t\t<style type='text\/css'>\n\t\t\t\t#gallery-1 {\n\t\t\t\t\tmargin: auto;\n\t\t\t\t}\n\t\t\t\t#gallery-1 .gallery-item {\n\t\t\t\t\tfloat: left;\n\t\t\t\t\tmargin-top: 10px;\n\t\t\t\t\ttext-align: center;\n\t\t\t\t\twidth: 33%;\n\t\t\t\t}\n\t\t\t\t#gallery-1 img {\n\t\t\t\t\tborder: 2px solid #cfcfcf;\n\t\t\t\t}\n\t\t\t\t#gallery-1 .gallery-caption {\n\t\t\t\t\tmargin-left: 0;\n\t\t\t\t}\n\t\t\t\t\/* see gallery_shortcode() in wp-includes\/media.php *\/\n\t\t\t<\/style>\n\t\t<div id='gallery-1' class='dt-gallery-container gallery galleryid-54109 gallery-columns-3 gallery-size-thumbnail'><dl class='gallery-item'>\n\t\t\t\t<dt class='gallery-icon landscape'>\n\t\t\t\t\t<a class=\"rollover\" href='https:\/\/www.radiopiu.net\/wordpress\/ricerca-nella-notte-in-val-cesilla\/selva-5\/'><img loading=\"lazy\" decoding=\"async\" width=\"150\" height=\"150\" src=\"https:\/\/www.radiopiu.net\/wordpress\/wp-content\/uploads\/2018\/07\/selva-5-150x150.jpg\" class=\"attachment-thumbnail size-thumbnail\" alt=\"\" \/><\/a>\n\t\t\t\t<\/dt><\/dl><dl class='gallery-item'>\n\t\t\t\t<dt class='gallery-icon portrait'>\n\t\t\t\t\t<a class=\"rollover\" href='https:\/\/www.radiopiu.net\/wordpress\/ricerca-nella-notte-in-val-cesilla\/selva-4\/'><img loading=\"lazy\" decoding=\"async\" width=\"150\" height=\"150\" src=\"https:\/\/www.radiopiu.net\/wordpress\/wp-content\/uploads\/2018\/07\/selva-4-150x150.jpg\" class=\"attachment-thumbnail size-thumbnail\" alt=\"\" \/><\/a>\n\t\t\t\t<\/dt><\/dl><dl class='gallery-item'>\n\t\t\t\t<dt class='gallery-icon portrait'>\n\t\t\t\t\t<a class=\"rollover\" href='https:\/\/www.radiopiu.net\/wordpress\/ricerca-nella-notte-in-val-cesilla\/selva-1-2\/'><img loading=\"lazy\" decoding=\"async\" width=\"150\" height=\"150\" src=\"https:\/\/www.radiopiu.net\/wordpress\/wp-content\/uploads\/2018\/07\/selva-1-150x150.jpg\" class=\"attachment-thumbnail size-thumbnail\" alt=\"\" \/><\/a>\n\t\t\t\t<\/dt><\/dl><br style=\"clear: both\" \/><dl class='gallery-item'>\n\t\t\t\t<dt class='gallery-icon portrait'>\n\t\t\t\t\t<a class=\"rollover\" href='https:\/\/www.radiopiu.net\/wordpress\/ricerca-nella-notte-in-val-cesilla\/selva-2\/'><img loading=\"lazy\" decoding=\"async\" width=\"150\" height=\"150\" src=\"https:\/\/www.radiopiu.net\/wordpress\/wp-content\/uploads\/2018\/07\/selva-2-150x150.jpg\" class=\"attachment-thumbnail size-thumbnail\" alt=\"\" \/><\/a>\n\t\t\t\t<\/dt><\/dl><dl class='gallery-item'>\n\t\t\t\t<dt class='gallery-icon landscape'>\n\t\t\t\t\t<a class=\"rollover\" href='https:\/\/www.radiopiu.net\/wordpress\/ricerca-nella-notte-in-val-cesilla\/selva-3\/'><img loading=\"lazy\" decoding=\"async\" width=\"150\" height=\"150\" src=\"https:\/\/www.radiopiu.net\/wordpress\/wp-content\/uploads\/2018\/07\/selva-3-150x150.jpg\" class=\"attachment-thumbnail size-thumbnail\" alt=\"\" \/><\/a>\n\t\t\t\t<\/dt><\/dl><dl class='gallery-item'>\n\t\t\t\t<dt class='gallery-icon landscape'>\n\t\t\t\t\t<a class=\"rollover\" href='https:\/\/www.radiopiu.net\/wordpress\/ricerca-nella-notte-in-val-cesilla\/selva-6\/'><img loading=\"lazy\" decoding=\"async\" width=\"150\" height=\"150\" src=\"https:\/\/www.radiopiu.net\/wordpress\/wp-content\/uploads\/2018\/07\/selva-6-150x150.jpg\" class=\"attachment-thumbnail size-thumbnail\" alt=\"\" \/><\/a>\n\t\t\t\t<\/dt><\/dl><br style=\"clear: both\" \/>\n\t\t\t<\/div>\n<\/blockquote>\n<p><strong>SELVA DI CADORE<\/strong> Alla Confapi di Santa\u00a0Fosca, \u00e8 stato presentato il primo prodotto del lavoro di sinergia sviluppato con gli operatori del territorio. I pacchetti turistici sono tutti dedicati al cicloturismo e alla scoperta dei luoghi pi\u00f9 caratteristici della Val Fiorentina. Gli itinerari individuati sono di diversa lunghezza e difficolt\u00e0, ma comunque adatti a tutti. Si concretizza il progetto \u201cSinergie: biciclettando tra montagna e mare\u201d, in collaborazione con la Societ\u00e0 di formazione veneziana Apindustria Servizi Srl e finanziato dal Por Fse 2014-2020 della Regione<\/p>\n<blockquote>\n<h1>AI MICROFONI DI RADIO PIU, IL PRESIDENTE CONFAPI SISTO DAGAI<\/h1>\n<\/blockquote>\n<audio class=\"wp-audio-shortcode\" id=\"audio-54109-1\" preload=\"none\" style=\"width: 100%;\" controls=\"controls\"><source type=\"audio\/mpeg\" src=\"http:\/\/www.radiopiu.net\/wordpress\/wp-content\/uploads\/2018\/07\/DAGAI.mp3?_=1\" \/><a href=\"http:\/\/www.radiopiu.net\/wordpress\/wp-content\/uploads\/2018\/07\/DAGAI.mp3\">http:\/\/www.radiopiu.net\/wordpress\/wp-content\/uploads\/2018\/07\/DAGAI.mp3<\/a><\/audio>\n<p>&nbsp;<\/p>\n<p>&nbsp;<\/p>\n<p>&nbsp;<\/p>\n<p>&nbsp;<\/p>\n<p>&nbsp;<\/p>\n<p>&nbsp;<\/p>\n<blockquote>\n<h1>GIUSTIZIA \u2013 DARIO BOND: \u201cINTRODURRE IL DIRITTO ALLA DIFESA\u201d<\/h1>\n<\/blockquote>\n<p>\u201cLa difesa dai malviventi della propria casa, del proprio negozio, della propria azienda, \u00e8 non solo legittima, ma deve essere riconosciuta come un diritto della persona. Per questo, come Forza Italia abbiamo presentato un progetto di legge di modifica del codice penale, chiedendo che venga introdotto il diritto alla difesa e che le spese di giustizia e gli oneri per colui che lo ha esercitato siano a carico dello Stato\u201d: il deputato di Forza Italia, Dario Bond, illustra cos\u00ec la proposta del partito in materia di sicurezza e giustizia che lo vede tra i firmatari.<br \/>\nIl progetto di legge, che vede come prima firmataria Maria Stella Gelmini, prevede la modifica dell&#8217;articolo 52 del codice penale, che verrebbe cos\u00ec sostituito: \u201cEsercita<br \/>\nil diritto di difesa colui che ha commesso il fatto per difendere un diritto proprio o<br \/>\naltrui contro un pericolo attuale. \u00c8 sempre riconosciuto il diritto di difesa a chi, nei casi di cui all\u2019articolo 614, primo e secondo comma, reagisce a seguito dell\u2019introduzione, anche tentata, nei luoghi ivi indicati senza il consenso dell\u2019avente diritto o comunque con violenza alle persone o sulle cose ovvero con minaccia o con inganno. Nei casi di cui al primo comma, la difesa deve essere non manifestamente sproporzionata rispetto all\u2019offesa. Nei casi di cui al secondo comma, il diritto di difesa si presume ed \u00e8 esclusa la sussistenza del reato, anche colposo. Le disposizioni di cui al secondo e al quarto comma si applicano anche nel caso in cui il fatto sia avvenuto all\u2019interno di ogni altro luogo ove sia esercitata un\u2019attivit\u00e0 commerciale, professionale o imprenditoriale\u201d.<br \/>\nImportante anche la modifica sulle spese di giustizia: \u201c\u00c8 inaccettabile che una persona che si vede obbligata a difendere la sua casa, la sua famiglia e i suoi averi sia poi costretta a sostenere tutte le spese e gli oneri di giustizia\u201d, commenta Bond. \u201cNoi chiediamo che a chi viene riconosciuto di aver esercitato il diritto alla difesa non venga addebitato alcun costo, e che questo venga preso in carico dallo Stato\u201d.<br \/>\n\u201cLa difesa \u00e8 un diritto, non una colpa\u201d, conclude Bond. \u201cQuesta \u00e8 un&#8217;esigenza legata alla sicurezza molto sentita dai cittadini e dagli imprenditori: hanno fatto clamore i casi veneti di Graziano Stacchio e Franco Birolo, per i quali ci sono voluti anni per arrivare ad un&#8217;archiviazione nel primo caso e all&#8217;assoluzione nel secondo, e molti altri se ne sono registrati in tutta la nazione. Serve una legge chiara, che permetta ai cittadini di difendersi, senza tramutare l&#8217;Italia in un Far West in cui ognuno si fa giustizia da s\u00e9: la proposta che Forza Italia porta avanti va proprio in questa direzione, nel senso del riconoscimento del diritto alla sicurezza e alla difesa di ogni libero individuo\u201d.<\/p>\n<p>&nbsp;<\/p>\n<p>&nbsp;<\/p>\n<p>&nbsp;<\/p>\n<p>&nbsp;<\/p>\n<p>&nbsp;<\/p>\n<p>&nbsp;<\/p>\n<h1 style=\"text-align: center;\">MANIFESTAZIONI TEMPORANEE VERSO LA MODIFICA NORMATIVA.<\/h1>\n<p><img loading=\"lazy\" decoding=\"async\" class=\"wp-image-25142 alignright\" src=\"http:\/\/www.radiopiu.net\/wordpress\/wp-content\/uploads\/2016\/11\/bottacin-gianpaolo2-300x233.jpg\" alt=\"\" width=\"219\" height=\"170\" \/><\/p>\n<p><strong>VENEZIA\u00a0\u00a0<\/strong>Presente sul territorio per diversi eventi pubblici, anche in questo fine settimana l\u2019assessore\u00a0 all\u2019ambiente Gianpaolo Bottacin porter\u00e0 tra le associazioni il tema delle manifestazioni temporanee cos\u00ec da avere anche il loro sostegno in questa importante battaglia. \u201cL\u2019ho detto in tante\u00a0 occasioni: le rigide misure imposte dalle circolari ministeriali relative alla sicurezza delle sagre e di tutte le manifestazioni temporanee sono assurde\u201d. Proprio per proporre una soluzione alla delicata tematica, l\u2019assessore nei mesi scorsi aveva attivato un tavolo in cui, sotto il suo coordinamento, si erano raccolti le\u00a0prefetture venete, il comandante interregionale e i comandanti provinciali dei Vigili del Fuoco, l\u2019Anci e l\u2019Unpli. \u201cDa tempo come Regione ci siamo fatti capofila di questa iniziativa e nei giorni scorsi abbiamo inviato il tutto al Ministero dell\u2019Interno &#8211; conclude Bottacin -, con cui sono in costante contatto e che ora sono certo ci dar\u00e0 le risposte attese in modo da trovare una soluzione che garantisca la sicurezza, ma anche che consenta alle Pro Loco e alle varie associazioni di continuare la loro preziosa attivit\u00e0\u201d.<\/p>\n<p>&nbsp;<\/p>\n<p>&nbsp;<\/p>\n<p>&nbsp;<\/p>\n<p>&nbsp;<\/p>\n<p>&nbsp;<\/p>\n<blockquote>\n<h1>EVENTI PUBBLICI: L\u2019UNIONE NAZIONALE DELLE PRO LOCO ACCOGLIE CON FAVORE INIZIATIVE PER SEMPLIFICARE PROCEDURE E RIDURRE COSTI<\/h1>\n<\/blockquote>\n<p><strong><img loading=\"lazy\" decoding=\"async\" class=\"size-medium wp-image-23845 alignleft\" src=\"http:\/\/www.radiopiu.net\/wordpress\/wp-content\/uploads\/2016\/10\/unpli_veneto-237x300.jpg\" alt=\"\" width=\"237\" height=\"300\" \/>ROMA\u00a0<\/strong> \u201cAccogliamo con favore le iniziative che mirano a snellire gli obblighi scaturenti dall\u2019attuale normativa che regola l\u2019organizzazione degli eventi pubblici\u201d lo afferma il presidente dell\u2019Unione Nazionale delle Pro Loco d\u2019Italia, Antonino La Spina, commentando le azioni avviate e annunciate, comprese quelle di iniziativa parlamentare, al fine di semplificare le procedure e ridurre i costi previsti per l\u2019organizzazione di eventi e manifestazioni pubbliche. \u201cLa sicurezza \u00e8 l\u2019interesse primario ma diversificare gli obblighi e gli oneri a carico delle associazioni in relazione alla tipologia ed alla dimensione degli eventi \u2013 prosegue La Spina &#8211; consentirebbe di salvare decine di iniziative che altrimenti, come accaduto in pi\u00f9 parti d\u2019Italia, non potrebbero realizzarsi. Alla luce dell\u2019esperienza maturata sul campo siamo pronti a fornire un concreto contributo sul tema ed in tal senso auspichiamo di essere ascoltati\u201d.<\/p>\n<p>&nbsp;<\/p>\n<p>&nbsp;<\/p>\n<p>&nbsp;<\/p>\n<blockquote>\n<h1><\/h1>\n<h1><\/h1>\n<\/blockquote>\n<h1><\/h1>\n<p>&nbsp;<\/p>\n<p>&nbsp;<\/p>\n<p>&nbsp;<\/p>\n<blockquote>\n<h1>PER LA CREMAZIONE L&#8217;ORDINE DEL GIORNO DI ROCCON<\/h1>\n<\/blockquote>\n<p><strong><img loading=\"lazy\" decoding=\"async\" class=\"size-medium wp-image-52102 alignleft\" src=\"http:\/\/www.radiopiu.net\/wordpress\/wp-content\/uploads\/2018\/06\/Roccon-Franco-250x300.jpg\" alt=\"\" width=\"250\" height=\"300\" srcset=\"https:\/\/www.radiopiu.net\/wordpress\/wp-content\/uploads\/2018\/06\/Roccon-Franco-250x300.jpg 250w, https:\/\/www.radiopiu.net\/wordpress\/wp-content\/uploads\/2018\/06\/Roccon-Franco.jpg 402w\" sizes=\"auto, (max-width: 250px) 100vw, 250px\" \/><\/strong><\/p>\n<p>&nbsp;<\/p>\n<p>&nbsp;<\/p>\n<p>&nbsp;<\/p>\n<p>&nbsp;<\/p>\n<p>&nbsp;<\/p>\n<p>&nbsp;<\/p>\n<p><strong>BELLUNO<\/strong> Il consigliere comunale Franco Roccon ha firmato un ordine del giorno dando mandato alla Giunta Comunale di fare un\u2019attenta valutazione tecnica ed economica per l\u2019individuazione, anche in collaborazione con soggetti privati, di un sito cimiteriale idoneo per avviare un progetto di insediamento di un\u2019infrastruttura pubblica per la cremazione.<br \/>\n<strong>FRANCO ROCCON<\/strong><\/p>\n<audio class=\"wp-audio-shortcode\" id=\"audio-54109-2\" preload=\"none\" style=\"width: 100%;\" controls=\"controls\"><source type=\"audio\/mpeg\" src=\"http:\/\/www.radiopiu.net\/wordpress\/wp-content\/uploads\/2018\/07\/ROCCON.mp3?_=2\" \/><a href=\"http:\/\/www.radiopiu.net\/wordpress\/wp-content\/uploads\/2018\/07\/ROCCON.mp3\">http:\/\/www.radiopiu.net\/wordpress\/wp-content\/uploads\/2018\/07\/ROCCON.mp3<\/a><\/audio>\n<p>&nbsp;<\/p>\n<p>&nbsp;<\/p>\n<p>&nbsp;<\/p>\n<p>&nbsp;<\/p>\n<blockquote>\n<h1>BANCHE, MESSAGGIO AI POLITICI<\/h1>\n<\/blockquote>\n<p><img loading=\"lazy\" decoding=\"async\" class=\"size-medium wp-image-19266 alignleft\" src=\"http:\/\/www.radiopiu.net\/wordpress\/wp-content\/uploads\/2016\/05\/banche1-670x274-300x123.jpg\" alt=\"\" width=\"300\" height=\"123\" \/>I risparmiatori di veneto Banca ai politici: &#8220;subito una cabina di regia per una soluzione condivisa e definitiva.&#8221; L\u2019associazione Per Veneto Banca presieduta da Matteo Cavalcante rilancia l\u2019iniziativa dei \u201crisparmiatori traditi\u201d con una chiamata alla responsabilit\u00e0 e all\u2019azione di tutti i parlamentari veneti. L\u2019associazione Per Veneto Banca, che riunisce oltre 200 risparmiatori dell\u2019ex banca popolare ora acquisita da Banca Intesa insieme a Popolare di Vicenza, ha ripreso in questi giorni la propria iniziativa lanciando una campagna rivolta a tutti i parlamentari veneti.Nell\u2019assemblea dei soci svoltasi il 21 giugno si \u00e8 deciso di rivolgere un appello a tutti i parlamentari veneti affinch\u00e9 si facciano promotori di una \u201ccabina di regia\u201d per la soluzione politica dell\u2019ingiustizia subita dai risparmiatori veneti. \u201cSi proceda con un metodo condiviso\u201d scrivono i soci di Per Veneto Banca nella missiva rivolta a deputati e senatori eletti in Veneto, \u201ccoinvolgendo tutte le associazioni; si valutino le proposte gi\u00e0 sul tavolo; si prendano in considerazione altre proposte che potranno arrivare da esperti e dallo stesso mondo associativo. Si lavori tutti insieme in modo da produrre presto una proposta soddisfacente per tutti i risparmiatori traditi, sostenibile sul piano economico e su quello tecnico-giuridico.\u201d \u201cIl Parlamento passi dalle parole ai fatti\u201d continua l\u2019appello dei risparmiatori \u201cLa nostra Associazione si \u00e8 sempre contraddistinta per un attivismo serio e costruttivo.\u201d ma \u201cnon possiamo permetterci ancora di aspettare, di rinviare, di non decidere. L\u2019economia veneta non pu\u00f2 permetterselo. Ogni giorno che passa si stanno bruciando capitali di aziende e famiglie.\u201d \u201cDiverse proposte di soluzione concreta sono state avanzate finora, daparlamentari e non\u201d sostengono i risparmiatori della ex popolare e \u201crecentemente, su iniziativa di tre parlamentari veneti, si \u00e8 promossa l\u2019idea di un Osservatorio con compiti di indirizzo sulla questione banche popolari venete.\u201d \u201cBene anche questa ultima iniziativa &#8211; ci spiega Matteo Cavalcante &#8211; ma non \u00e8 sufficiente, si trasformi l\u2019Osservatorio in una vera e propria \u201cwar room\u201d per valutare presto le proposte sul tavolo e arrivare ad una soluzione concreta e soddisfacente, lontana dall\u2019elemosina finora ipotizzata\u201d. \u201cAttenderemo le risposte di ciascun parlamentare e continueremo la nostra azione di pressione propositiva\u201d continua Cavalcante. \u201cVogliamo spingere la politica a riprendersi la propria autorevolezza. C\u2019\u00e8 una ferita aperta che va sanata, i risparmiatori veneti hanno in corpo una freccia, non chiediamo di sapere chi l\u2019ha lanciata, chiediamo che venga estratta subito! Lo pu\u00f2 fare solo la politica ed \u00e8 il momento di agire\u201d<\/p>\n<p>&nbsp;<\/p>\n<p>&nbsp;<\/p>\n<p>&nbsp;<\/p>\n<blockquote>\n<h1>VOLI DI ADDESTRAMENTO NEI CIELI BELLUNESI<\/h1>\n<\/blockquote>\n<p><strong><img loading=\"lazy\" decoding=\"async\" class=\"size-medium wp-image-54127 alignleft\" src=\"http:\/\/www.radiopiu.net\/wordpress\/wp-content\/uploads\/2018\/07\/fighter-jet-63028_960_720-300x175.jpg\" alt=\"\" width=\"300\" height=\"175\" srcset=\"https:\/\/www.radiopiu.net\/wordpress\/wp-content\/uploads\/2018\/07\/fighter-jet-63028_960_720-300x175.jpg 300w, https:\/\/www.radiopiu.net\/wordpress\/wp-content\/uploads\/2018\/07\/fighter-jet-63028_960_720-768x447.jpg 768w, https:\/\/www.radiopiu.net\/wordpress\/wp-content\/uploads\/2018\/07\/fighter-jet-63028_960_720.jpg 960w\" sizes=\"auto, (max-width: 300px) 100vw, 300px\" \/>BELLUNO<\/strong> La Prefettura di Belluno comunica che\u00a0 domani e giovedi il Comando Aeroporto di Aviano effettuer\u00e0 dei voli di addestramento serali che interesseranno i cieli della Provincia di Belluno, che si concluderanno entro la mezzanotte.<\/p>\n<blockquote>\n<h1><\/h1>\n<h1><\/h1>\n<h1><\/h1>\n<h1><\/h1>\n<\/blockquote>\n<h1><\/h1>\n<p>&nbsp;<\/p>\n<p>&nbsp;<\/p>\n<blockquote><p>&nbsp;<\/p><\/blockquote>\n<h1><\/h1>\n<blockquote><p>&nbsp;<\/p><\/blockquote>\n<h1><\/h1>\n<h1><\/h1>\n<h1>25 ANNI DI CICLINVALLE<\/h1>\n<p><strong> <img loading=\"lazy\" decoding=\"async\" class=\"size-medium wp-image-54128 alignleft\" src=\"http:\/\/www.radiopiu.net\/wordpress\/wp-content\/uploads\/2018\/07\/gazz-partenza-300x225.jpg\" alt=\"\" width=\"300\" height=\"225\" srcset=\"https:\/\/www.radiopiu.net\/wordpress\/wp-content\/uploads\/2018\/07\/gazz-partenza-300x225.jpg 300w, https:\/\/www.radiopiu.net\/wordpress\/wp-content\/uploads\/2018\/07\/gazz-partenza-768x576.jpg 768w, https:\/\/www.radiopiu.net\/wordpress\/wp-content\/uploads\/2018\/07\/gazz-partenza-1024x768.jpg 1024w, https:\/\/www.radiopiu.net\/wordpress\/wp-content\/uploads\/2018\/07\/gazz-partenza.jpg 1280w\" sizes=\"auto, (max-width: 300px) 100vw, 300px\" \/>AGORDO<\/strong> Presentata ufficialmente a Taibon la 25esima Ciclinvalle nata da un&#8217;idea di Fiorendo Dalla C\u00e0 il 25 settembre del 1994 per raccogliere dei fondi per l&#8217;Uniceff. Ad agosto, domenica 26 la edizione del quarto di secolo con alcune novit\u00e0 del percorso (previsto un giro per la citt\u00e0), dei premi (super premio famiglia e un&#8217;opera di Vico Calabr\u00f2 che sar\u00e0 assegnata a sorpresa).<\/p>\n<p>&nbsp;<\/p>\n<h2>Oggi alle 10.30, replica alle 19 trasmetteremo l&#8217;intervista con Fiorendo Dalla C\u00e0 realizzata negli studi di Radio Pi\u00f9, racconteremo anche come \u00e8 nata la bella manifestazione di fine estate in Valle di San Lucano.<\/h2>\n<p>&nbsp;<\/p>\n<p>&nbsp;<\/p>\n<blockquote>\n<h1><\/h1>\n<\/blockquote>\n<h1><\/h1>\n<p>&nbsp;<\/p>\n<p>&nbsp;<\/p>\n<blockquote>\n<h1><span style=\"color: #0000ff;\">L&#8217;OCCASIONE PER CAPIRE, DA DOVE SONO NATE LE BOZZE DELL&#8217;ACCORDO GALAN-DELLAI<\/span><\/h1>\n<h2>DALLA RASSEGNA STAMPA DI Gianni Santomaso (AMICO DEL POPOLO) L&#8217;INTERVISTA AL <img loading=\"lazy\" decoding=\"async\" class=\"size-medium wp-image-46032 alignleft\" src=\"http:\/\/www.radiopiu.net\/wordpress\/wp-content\/uploads\/2018\/04\/Marmolada-ridotta-300x169.jpg\" alt=\"\" width=\"300\" height=\"169\" srcset=\"https:\/\/www.radiopiu.net\/wordpress\/wp-content\/uploads\/2018\/04\/Marmolada-ridotta-300x169.jpg 300w, https:\/\/www.radiopiu.net\/wordpress\/wp-content\/uploads\/2018\/04\/Marmolada-ridotta-768x432.jpg 768w, https:\/\/www.radiopiu.net\/wordpress\/wp-content\/uploads\/2018\/04\/Marmolada-ridotta-1024x576.jpg 1024w, https:\/\/www.radiopiu.net\/wordpress\/wp-content\/uploads\/2018\/04\/Marmolada-ridotta.jpg 1239w\" sizes=\"auto, (max-width: 300px) 100vw, 300px\" \/>GIORNALISTA Luigi Guglielmi\u00a0 CHE HA SEGUITO LA VICENDA MARMOLADA DAL PUNTO DI VISTA GIORNALISTICO CON MOLTA ATTENZIONE E &#8220;STUDIO&#8221;. Alla domanda, dunque la Marmolada \u00e8 trentina, la risposta: &#8220;Assolutamente no, che con la giusta filiera Lega e Regione si muovano e parlino con Salvini&#8221;. E il consiglio regionale in Marmolada? &#8220;Che non sia ancora scena, serve altro, serve che il Ministro Salvini strappi quelle carte&#8230;&#8221;.<\/h2>\n<p>AUDIO<\/p><\/blockquote>\n<audio class=\"wp-audio-shortcode\" id=\"audio-54109-3\" preload=\"none\" style=\"width: 100%;\" controls=\"controls\"><source type=\"audio\/mpeg\" src=\"http:\/\/www.radiopiu.net\/wordpress\/wp-content\/uploads\/2018\/07\/02_Rassegna-Adp-12_07_18-Luigi-Guglielmi-Confini-Marmolada.mp3?_=3\" \/><a href=\"http:\/\/www.radiopiu.net\/wordpress\/wp-content\/uploads\/2018\/07\/02_Rassegna-Adp-12_07_18-Luigi-Guglielmi-Confini-Marmolada.mp3\">http:\/\/www.radiopiu.net\/wordpress\/wp-content\/uploads\/2018\/07\/02_Rassegna-Adp-12_07_18-Luigi-Guglielmi-Confini-Marmolada.mp3<\/a><\/audio>\n<p>&nbsp;<\/p>\n<p>&nbsp;<\/p>\n<blockquote>\n<h1><\/h1>\n<h1>NA SERA DA ZACAN, SOCCORSO ALPINO SEMPRE IN FUNZIONE<\/h1>\n<\/blockquote>\n<p><strong><img loading=\"lazy\" decoding=\"async\" class=\"size-medium wp-image-53917 alignleft\" src=\"http:\/\/www.radiopiu.net\/wordpress\/wp-content\/uploads\/2018\/07\/IMG-20160714-WA0003-2-300x169.jpg\" alt=\"\" width=\"300\" height=\"169\" srcset=\"https:\/\/www.radiopiu.net\/wordpress\/wp-content\/uploads\/2018\/07\/IMG-20160714-WA0003-2-300x169.jpg 300w, https:\/\/www.radiopiu.net\/wordpress\/wp-content\/uploads\/2018\/07\/IMG-20160714-WA0003-2-768x432.jpg 768w, https:\/\/www.radiopiu.net\/wordpress\/wp-content\/uploads\/2018\/07\/IMG-20160714-WA0003-2-1024x576.jpg 1024w, https:\/\/www.radiopiu.net\/wordpress\/wp-content\/uploads\/2018\/07\/IMG-20160714-WA0003-2.jpg 1600w\" sizes=\"auto, (max-width: 300px) 100vw, 300px\" \/><\/strong><\/p>\n<p>&nbsp;<\/p>\n<p><strong>ROCCA PIETORE<\/strong> Sono iniziate a Sottoguda le serate in ricordo dei vecchi tempi con in primo piano tradizioni, lavori, hobby e cultura della vita trascorsa di uno dei borghi pi\u00f9 belli d&#8217;Italia. Presenti con un proprio angolo ben organizzato il Soccorso Alpino, occasione ideale per scambiare qualche parere con Alessandro De Grandi proprio ad iniziare dall&#8217;impegno degli uomini in divisa rossa.<br \/>\nAUDIO<\/p>\n<audio class=\"wp-audio-shortcode\" id=\"audio-54109-4\" preload=\"none\" style=\"width: 100%;\" controls=\"controls\"><source type=\"audio\/mpeg\" src=\"http:\/\/www.radiopiu.net\/wordpress\/wp-content\/uploads\/2018\/07\/ALESSANDRO.mp3?_=4\" \/><a href=\"http:\/\/www.radiopiu.net\/wordpress\/wp-content\/uploads\/2018\/07\/ALESSANDRO.mp3\">http:\/\/www.radiopiu.net\/wordpress\/wp-content\/uploads\/2018\/07\/ALESSANDRO.mp3<\/a><\/audio>\n<p>&nbsp;<\/p>\n<p>&nbsp;<\/p>\n<p>&nbsp;<\/p>\n<p>&nbsp;<\/p>\n<p>&nbsp;<\/p>\n<h1 style=\"text-align: left;\">NEL FELTRINO L&#8217;ECCELLENZA ITALIANA DELLA CARDIOCHIRUGIA<\/h1>\n<p><strong> <img loading=\"lazy\" decoding=\"async\" class=\"size-medium wp-image-54129 alignleft\" src=\"http:\/\/www.radiopiu.net\/wordpress\/wp-content\/uploads\/2018\/07\/heart-738385_960_720-300x300.png\" alt=\"\" width=\"300\" height=\"300\" srcset=\"https:\/\/www.radiopiu.net\/wordpress\/wp-content\/uploads\/2018\/07\/heart-738385_960_720-300x300.png 300w, https:\/\/www.radiopiu.net\/wordpress\/wp-content\/uploads\/2018\/07\/heart-738385_960_720-150x150.png 150w, https:\/\/www.radiopiu.net\/wordpress\/wp-content\/uploads\/2018\/07\/heart-738385_960_720.png 720w\" sizes=\"auto, (max-width: 300px) 100vw, 300px\" \/><\/strong><\/p>\n<p>&nbsp;<\/p>\n<p>&nbsp;<\/p>\n<p>&nbsp;<\/p>\n<p>&nbsp;<\/p>\n<p><strong>FELTRE<\/strong> L&#8217;eccellenza italiana della cardiochirurgia nel mondo si \u00e8 formata a Feltre, anche per questo il Comune \u00e8 lieto di ospitare domenica alle 10 il cardiochirurgo di fama internazionale Ciro Campanella<br \/>\nLUISA ALCHINI<\/p>\n<audio class=\"wp-audio-shortcode\" id=\"audio-54109-5\" preload=\"none\" style=\"width: 100%;\" controls=\"controls\"><source type=\"audio\/mpeg\" src=\"http:\/\/www.radiopiu.net\/wordpress\/wp-content\/uploads\/2018\/07\/LUISA-22-LUGLIO.mp3?_=5\" \/><a href=\"http:\/\/www.radiopiu.net\/wordpress\/wp-content\/uploads\/2018\/07\/LUISA-22-LUGLIO.mp3\">http:\/\/www.radiopiu.net\/wordpress\/wp-content\/uploads\/2018\/07\/LUISA-22-LUGLIO.mp3<\/a><\/audio>\n<p>&nbsp;<\/p>\n<p>&nbsp;<\/p>\n<blockquote>\n<h1><\/h1>\n<h1><\/h1>\n<h1><\/h1>\n<h1>VARIAZIONI AL BILANCIO IN CONSIGLIO\u00a0 COMUNALE<\/h1>\n<\/blockquote>\n<p><strong>FALCADE<\/strong> Il sindaco Michele Costa ha convocato per gioved\u00ec alle 20. All\u2019ordine del giorno le ratifiche di due variazioni urgenti al bilancio di previsione, con il conseguente adeguamento del Peg 2018-2020. In discussione\u00a0la variazione al bilancio di previsione necessaria per applicare la quota di avanzo di amministrazione emersa dal rendiconto dello scorso anno.<\/p>\n<p>&nbsp;<\/p>\n<p>&nbsp;<\/p>\n<blockquote>\n<h1>LORIS DE BARBA PER UNO SGUARDO SUL PARCO<\/h1>\n<\/blockquote>\n<p><strong>SEDICO<\/strong> Sar\u00e0 inaugurata oggi alle 18 al Palazzo dei Servizi di Sedico, la mostra &#8220;Esplorare, fotografare e\u2026&#8221; del fotografo Loris De Barba. De Barba da pi\u00f9 di 35 anni vive la montagna, preferendo le zone poco frequentate e selvagge, con numerose salite sui 4000 delle Alpi. Amante della montagna invernale, pratica lo scialpinismo.\u00a0 La mostra, allestita negli spazi attigui alla Biblioteca civica di Sedico, rester\u00e0 aperta fino a venerd\u00ec 3 agosto e sar\u00e0 visitabile il luned\u00ec e mercoled\u00ec dalle 15 alle 18, il marted\u00ec e venerd\u00ec dalle 15 alle 19, il gioved\u00ec mattina dalle 9 alle 12.<\/p>\n<p>&nbsp;<\/p>\n<p>&nbsp;<\/p>\n<blockquote>\n<h1>DOLOMITI POST, DA OGGI<\/h1>\n<\/blockquote>\n<p><strong>RADIO PIU<\/strong> Vincenzo Agostini, RITORNA SU RADIO PIU.\u00a0 DOPO 5 ANNI DI NUOVO IN VOCE CON I RACCONTI DA DOLOMITI POST.\u00a0 RACCONTI DOLOMITICI: LUNEDI ALLE 10.30 (MARTEDI ALLE 13.00 E ALLE 21), VENERDI ALLE 13.00 E ALLE 21 (DOMENICA ALLE 10.30).<\/p>\n<p>&nbsp;<\/p>\n<p>&nbsp;<\/p>\n<p>&nbsp;<\/p>\n<blockquote>\n<h1>600 POLPETTE PER FESTEGGIARE L&#8217;IMPRESA<\/h1>\n\n\t\t\t<style type='text\/css'>\n\t\t\t\t#gallery-2 {\n\t\t\t\t\tmargin: auto;\n\t\t\t\t}\n\t\t\t\t#gallery-2 .gallery-item {\n\t\t\t\t\tfloat: left;\n\t\t\t\t\tmargin-top: 10px;\n\t\t\t\t\ttext-align: center;\n\t\t\t\t\twidth: 33%;\n\t\t\t\t}\n\t\t\t\t#gallery-2 img {\n\t\t\t\t\tborder: 2px solid #cfcfcf;\n\t\t\t\t}\n\t\t\t\t#gallery-2 .gallery-caption {\n\t\t\t\t\tmargin-left: 0;\n\t\t\t\t}\n\t\t\t\t\/* see gallery_shortcode() in wp-includes\/media.php *\/\n\t\t\t<\/style>\n\t\t<div id='gallery-2' class='dt-gallery-container gallery galleryid-54109 gallery-columns-3 gallery-size-thumbnail'><dl class='gallery-item'>\n\t\t\t\t<dt class='gallery-icon portrait'>\n\t\t\t\t\t<a class=\"rollover\" href='https:\/\/www.radiopiu.net\/wordpress\/giornale-radiopiu-16-luglio-2018-direttore-mirko-mezzacasa\/c3f9fcbc-094c-4a38-977e-ffe2b8764cd6\/'><img loading=\"lazy\" decoding=\"async\" width=\"150\" height=\"150\" src=\"https:\/\/www.radiopiu.net\/wordpress\/wp-content\/uploads\/2018\/07\/c3f9fcbc-094c-4a38-977e-ffe2b8764cd6-150x150.jpg\" class=\"attachment-thumbnail size-thumbnail\" alt=\"\" \/><\/a>\n\t\t\t\t<\/dt><\/dl><dl class='gallery-item'>\n\t\t\t\t<dt class='gallery-icon landscape'>\n\t\t\t\t\t<a class=\"rollover\" href='https:\/\/www.radiopiu.net\/wordpress\/giornale-radiopiu-16-luglio-2018-direttore-mirko-mezzacasa\/caac7f13-e686-4a0d-9797-39728d008555\/'><img loading=\"lazy\" decoding=\"async\" width=\"150\" height=\"150\" src=\"https:\/\/www.radiopiu.net\/wordpress\/wp-content\/uploads\/2018\/07\/caac7f13-e686-4a0d-9797-39728d008555-150x150.jpg\" class=\"attachment-thumbnail size-thumbnail\" alt=\"\" \/><\/a>\n\t\t\t\t<\/dt><\/dl><dl class='gallery-item'>\n\t\t\t\t<dt class='gallery-icon landscape'>\n\t\t\t\t\t<a class=\"rollover\" href='https:\/\/www.radiopiu.net\/wordpress\/giornale-radiopiu-16-luglio-2018-direttore-mirko-mezzacasa\/66eee2a2-2d9a-47d8-b228-daf2df3109ed\/'><img loading=\"lazy\" decoding=\"async\" width=\"150\" height=\"150\" src=\"https:\/\/www.radiopiu.net\/wordpress\/wp-content\/uploads\/2018\/07\/66eee2a2-2d9a-47d8-b228-daf2df3109ed-150x150.jpg\" class=\"attachment-thumbnail size-thumbnail\" alt=\"\" \/><\/a>\n\t\t\t\t<\/dt><\/dl><br style=\"clear: both\" \/><dl class='gallery-item'>\n\t\t\t\t<dt class='gallery-icon portrait'>\n\t\t\t\t\t<a class=\"rollover\" href='https:\/\/www.radiopiu.net\/wordpress\/giornale-radiopiu-16-luglio-2018-direttore-mirko-mezzacasa\/835034a4-4eee-4d7f-b422-98824bb2f67f\/'><img loading=\"lazy\" decoding=\"async\" width=\"150\" height=\"150\" src=\"https:\/\/www.radiopiu.net\/wordpress\/wp-content\/uploads\/2018\/07\/835034a4-4eee-4d7f-b422-98824bb2f67f-150x150.jpg\" class=\"attachment-thumbnail size-thumbnail\" alt=\"\" \/><\/a>\n\t\t\t\t<\/dt><\/dl><dl class='gallery-item'>\n\t\t\t\t<dt class='gallery-icon portrait'>\n\t\t\t\t\t<a class=\"rollover\" href='https:\/\/www.radiopiu.net\/wordpress\/giornale-radiopiu-16-luglio-2018-direttore-mirko-mezzacasa\/1cc27fc1-18a7-42c3-b18d-ccec736a8833\/'><img loading=\"lazy\" decoding=\"async\" width=\"150\" height=\"150\" src=\"https:\/\/www.radiopiu.net\/wordpress\/wp-content\/uploads\/2018\/07\/1cc27fc1-18a7-42c3-b18d-ccec736a8833-150x150.jpg\" class=\"attachment-thumbnail size-thumbnail\" alt=\"\" \/><\/a>\n\t\t\t\t<\/dt><\/dl><dl class='gallery-item'>\n\t\t\t\t<dt class='gallery-icon portrait'>\n\t\t\t\t\t<a class=\"rollover\" href='https:\/\/www.radiopiu.net\/wordpress\/giornale-radiopiu-16-luglio-2018-direttore-mirko-mezzacasa\/0fdd17ba-7661-4b71-b7f9-b34e6205e3c2\/'><img loading=\"lazy\" decoding=\"async\" width=\"150\" height=\"150\" src=\"https:\/\/www.radiopiu.net\/wordpress\/wp-content\/uploads\/2018\/07\/0fdd17ba-7661-4b71-b7f9-b34e6205e3c2-150x150.jpg\" class=\"attachment-thumbnail size-thumbnail\" alt=\"\" \/><\/a>\n\t\t\t\t<\/dt><\/dl><br style=\"clear: both\" \/>\n\t\t\t<\/div>\n\n<p>&nbsp;<\/p>\n<p><strong><img loading=\"lazy\" decoding=\"async\" class=\"size-medium wp-image-54130 alignleft\" src=\"http:\/\/www.radiopiu.net\/wordpress\/wp-content\/uploads\/2018\/07\/1c9863e7-a1bf-42c8-b3db-ec3f3205b6b5-300x225.jpg\" alt=\"\" width=\"300\" height=\"225\" srcset=\"https:\/\/www.radiopiu.net\/wordpress\/wp-content\/uploads\/2018\/07\/1c9863e7-a1bf-42c8-b3db-ec3f3205b6b5-300x225.jpg 300w, https:\/\/www.radiopiu.net\/wordpress\/wp-content\/uploads\/2018\/07\/1c9863e7-a1bf-42c8-b3db-ec3f3205b6b5-768x576.jpg 768w, https:\/\/www.radiopiu.net\/wordpress\/wp-content\/uploads\/2018\/07\/1c9863e7-a1bf-42c8-b3db-ec3f3205b6b5-1024x768.jpg 1024w, https:\/\/www.radiopiu.net\/wordpress\/wp-content\/uploads\/2018\/07\/1c9863e7-a1bf-42c8-b3db-ec3f3205b6b5.jpg 1600w\" sizes=\"auto, (max-width: 300px) 100vw, 300px\" \/><\/strong><\/p>\n<p>&nbsp;<\/p>\n<p>&nbsp;<\/p>\n<p>&nbsp;<\/p>\n<p><strong>ALANO DI PIAVE<\/strong>\u00a0 Si sono ritrovati in 150 e pi\u00f9 a casa di Toni, amici, ex alunni, colleghi di lavoro. Tutti in coro a cantare &#8220;perch\u00e9 \u00e8 un bravo ragazzo&#8221; ma soprattutto a battere le mani ad Antonio Mondin\u00a0\u00a0che i suoi amici li\u00a0 ha tenuti con il fiato sospeso per 20 giorni. Tanti sono i giorni passati in bicicletta\u00a0 al TourDivide, che va dal Canada fino al confine con il Messico, pi\u00f9 di 4000km da percorrere in autosufficienza. E Tony, razza Piave, che di colline da scavallare se ne intende, si \u00e8 fatto tutto solo, tutto il TourDivide.<\/p>\n<p><strong>L&#8217;INTERVISTA<\/strong><\/p>\n<p>&nbsp;<\/p><\/blockquote>\n<audio class=\"wp-audio-shortcode\" id=\"audio-54109-6\" preload=\"none\" style=\"width: 100%;\" controls=\"controls\"><source type=\"audio\/mpeg\" src=\"http:\/\/www.radiopiu.net\/wordpress\/wp-content\/uploads\/2018\/07\/TONI.mp3?_=6\" \/><a href=\"http:\/\/www.radiopiu.net\/wordpress\/wp-content\/uploads\/2018\/07\/TONI.mp3\">http:\/\/www.radiopiu.net\/wordpress\/wp-content\/uploads\/2018\/07\/TONI.mp3<\/a><\/audio>\n<p>&nbsp;<\/p>\n<blockquote>\n<h1>\u00a0articolo precedente, 4 luglio 2018<\/h1>\n<blockquote>\n<h1>LA STORIA<\/h1>\n<p><span style=\"color: #ff0000;\">di DARIO GANZ<\/span><\/p><\/blockquote>\n<p><img loading=\"lazy\" decoding=\"async\" class=\"size-medium wp-image-52948 alignleft\" src=\"http:\/\/www.radiopiu.net\/wordpress\/wp-content\/uploads\/2018\/07\/WhatsApp-Image-2018-07-03-at-17.38.29-244x300.jpeg\" alt=\"\" width=\"244\" height=\"300\" srcset=\"https:\/\/www.radiopiu.net\/wordpress\/wp-content\/uploads\/2018\/07\/WhatsApp-Image-2018-07-03-at-17.38.29-244x300.jpeg 244w, https:\/\/www.radiopiu.net\/wordpress\/wp-content\/uploads\/2018\/07\/WhatsApp-Image-2018-07-03-at-17.38.29.jpeg 483w\" sizes=\"auto, (max-width: 244px) 100vw, 244px\" \/>Antonio Mondin ingegnere, circa 35 anni fa, mi insegnava topografia a Feltre.\u00a0 Tony, adesso che mi posso permettere di dargli del tu, mi ha tenuto con il fiato sospeso per 20 giorni. Esiste un tracciato, il\u00a0 TourDivide, che va dal Canada fino al confine con il Messico, pi\u00f9 di 4000km da percorrere in autosufficienza. E Tony, razza Piave, che di colline da scavallare se ne intende, si \u00e8 fatto tutto solo, tutto il TourDivide.<\/p>\n<p><strong>Grande lezione Professor Mondin!<\/strong><br \/>\nQuesta volta via facebook, ho conosciuto meglio l&#8217;uomo, ho appreso che le distanze, se ci credi davvero, non contano nulla, che i confini si attraversano, che i passi hanno salite ma anche discese, che le ruote si bucano, che l&#8217;acqua finisce, che il vento \u00e8 sempre contrario ma che c&#8217;\u00e8 sempre qualcuno che ti sorride e ti d\u00e0 una mano se gli fai capire che hai grande passione e infine che il tempo, per le cose importanti, si trova. Non fosse bastata la lezione, mi ha fatto pure piangere di commozione quando mi ha cantato e dedicato, un video fatto pedalando a 25km\/h, un ritornello che non mi scorder\u00f2 pi\u00f9 per il resto dei miei giorni!<\/p>\n<p><strong>Grazie Antonio Mondin SuperDoloMitico! novello Girardengo!<\/strong><\/p>\n<p><a href=\"https:\/\/www.facebook.com\/antonio.mondin.14\/videos\/898594746993307\/\">FACEBOOK<\/a><\/p>\n<p><em>Ciao raga:<\/em><br \/>\n<em>Sono arrivato alla meta alle ore 11. Eravate tutti li ad aspettarmi: grazie d cuore. Vi adoro tutti: le vs parole e i vs incoraggiamenti sono stati la benzina x le mie gambe. Vi abbraccio tutti. E&#8217; stata una bella avventura vissuta in compagnia: io a pedalare e sudare e voi ad aspettare le news del giorno. Siete stati le mie presenze men<span class=\"text_exposed_show\">tre ero solo in culo al mondo. Grazie ancora. Tanto x nn smentirsi il TD mi ha messo un forte vento trasversale che mi ha sbalottato come un fuscello x le ultime 45 miglia sulla carta facili! Vi aggancio la news! Ciao raga sto aspettando bus x Phoenix<\/span><\/em><\/p>\n<p><span style=\"color: #ff0000;\">AUDIO<\/span><\/p>\n<audio class=\"wp-audio-shortcode\" id=\"audio-54109-7\" preload=\"none\" style=\"width: 100%;\" controls=\"controls\"><source type=\"audio\/mpeg\" src=\"http:\/\/www.radiopiu.net\/wordpress\/wp-content\/uploads\/2018\/07\/gr-05-giradenzo-ganz.mp3?_=7\" \/><a href=\"http:\/\/www.radiopiu.net\/wordpress\/wp-content\/uploads\/2018\/07\/gr-05-giradenzo-ganz.mp3\">http:\/\/www.radiopiu.net\/wordpress\/wp-content\/uploads\/2018\/07\/gr-05-giradenzo-ganz.mp3<\/a><\/audio>\n<p>&nbsp;<\/p>\n<blockquote>\n<h1><\/h1>\n<\/blockquote>\n<\/blockquote>\n<p>&nbsp;<\/p>\n<blockquote><p>&nbsp;<\/p>\n<p>&nbsp;<\/p>\n<p>&nbsp;<\/p>\n<h1><\/h1>\n<h1><\/h1>\n<h1><\/h1>\n<h1>\u00a0S P O R T<\/h1>\n<\/blockquote>\n<p>&nbsp;<\/p>\n<blockquote>\n<h1>CAMPIONATO AGORDINO DI CALCIO &#8211; MINIOTTAVI DI FINALE<\/h1>\n<\/blockquote>\n<p>&nbsp;<\/p>\n<p style=\"text-align: center;\"><strong>AGORDO 2009, ELIMINATO DAL TAIBON AI RIGORI<\/strong><\/p>\n<p>Taibon, Caprile, Vallada e Fodom passano il turno e la prossima settimana andranno a giocarsi i quarti di finale sui campi di Cencenighe e Canale. Il Taibon elimina l\u2019Agordo dopo i calci di rigore. Il Caprile vince di misura con il Cencenighe mentre il Vallada lottando non poco contro il Rivamonte. Gli orsetti di Crepaz faticano con il Frassen\u00e8 e vincono ai rigori.<\/p>\n<blockquote>\n<h3>I risultati dei Miniottavi di finale<\/h3>\n<\/blockquote>\n<p>Cencenighe &#8211; Caprile 1-2, Agordo 2009 &#8211; Taibon 0-3 dcr, Fodom &#8211; Frassen\u00e8 5-3 dcr, Vallada &#8211; Rivamonte 4-2.<\/p>\n<blockquote>\n<h3>Prossimo turno<\/h3>\n<\/blockquote>\n<p>Quarti di finale: Voltago &#8211; Caprile, Le Ville &#8211; Taibon, Gosaldo &#8211; Fodom, La Valle &#8211; Vallada.<\/p>\n<p><strong>I CAMPI DEI QUARTI DI FINALE VERRANNO ESTRATTI IN DIRETTA DURANTE LA PUNTATA DI CAMPIONATO AGORDINO SHOW<\/strong><\/p>\n<p><img loading=\"lazy\" decoding=\"async\" class=\"aligncenter wp-image-54148 size-large\" src=\"http:\/\/www.radiopiu.net\/wordpress\/wp-content\/uploads\/2018\/07\/TABELLONE-FINALE-CAMPIONATO-AGORDINO-2018-DOPO-MINIOTTAVI-1024x723.jpg\" alt=\"\" width=\"1024\" height=\"723\" srcset=\"https:\/\/www.radiopiu.net\/wordpress\/wp-content\/uploads\/2018\/07\/TABELLONE-FINALE-CAMPIONATO-AGORDINO-2018-DOPO-MINIOTTAVI-1024x723.jpg 1024w, https:\/\/www.radiopiu.net\/wordpress\/wp-content\/uploads\/2018\/07\/TABELLONE-FINALE-CAMPIONATO-AGORDINO-2018-DOPO-MINIOTTAVI-300x212.jpg 300w, https:\/\/www.radiopiu.net\/wordpress\/wp-content\/uploads\/2018\/07\/TABELLONE-FINALE-CAMPIONATO-AGORDINO-2018-DOPO-MINIOTTAVI-768x543.jpg 768w, https:\/\/www.radiopiu.net\/wordpress\/wp-content\/uploads\/2018\/07\/TABELLONE-FINALE-CAMPIONATO-AGORDINO-2018-DOPO-MINIOTTAVI.jpg 1754w\" sizes=\"auto, (max-width: 1024px) 100vw, 1024px\" \/><\/p>\n<p>&nbsp;<\/p>\n<h1><\/h1>\n<p>&nbsp;<\/p>\n<blockquote>\n<h2><strong>FONTANA DA PODIO<\/strong><\/h2>\n<\/blockquote>\n<div style=\"width: 848px;\" class=\"wp-video\"><video class=\"wp-video-shortcode\" id=\"video-54109-1\" width=\"848\" height=\"480\" preload=\"metadata\" controls=\"controls\"><source type=\"video\/mp4\" src=\"http:\/\/www.radiopiu.net\/wordpress\/wp-content\/uploads\/2018\/07\/GPP.mp4?_=1\" \/><a href=\"http:\/\/www.radiopiu.net\/wordpress\/wp-content\/uploads\/2018\/07\/GPP.mp4\">http:\/\/www.radiopiu.net\/wordpress\/wp-content\/uploads\/2018\/07\/GPP.mp4<\/a><\/video><\/div>\n<h2><strong>MUGELLO Un terzo e un nono posto per Andrea Fontana, il pilota di Ponte nelle Alpi e una malaugurata foratura sulla ruota posteriore a un giro dalla fine ha privato la coppia Fontana-Mancinelli di un&#8217;altra scalata al podio. Ma sono loro i protagonisti del fine settimana in Ferrari 488. Grandi attese dopo la pausa estiva.<\/strong><\/h2>\n<p><strong><span style=\"color: #ff0000;\">ROBERTO BONA<\/span><\/strong><\/p>\n<audio class=\"wp-audio-shortcode\" id=\"audio-54109-8\" preload=\"none\" style=\"width: 100%;\" controls=\"controls\"><source type=\"audio\/mpeg\" src=\"http:\/\/www.radiopiu.net\/wordpress\/wp-content\/uploads\/2018\/07\/ROBERTO.mp3?_=8\" \/><a href=\"http:\/\/www.radiopiu.net\/wordpress\/wp-content\/uploads\/2018\/07\/ROBERTO.mp3\">http:\/\/www.radiopiu.net\/wordpress\/wp-content\/uploads\/2018\/07\/ROBERTO.mp3<\/a><\/audio>\n<p>&nbsp;<\/p>\n<p>&nbsp;<\/p>\n<h1><\/h1>\n<p>&nbsp;<\/p>\n<blockquote>\n<h1>TRANSCIVETTA INCORONA CAGNATI-HANNES, LE GEMELLE GHELFI, TORRESANI-DE FILIPPO<\/h1>\n<\/blockquote>\n<p>&nbsp;<\/p>\n<p><img loading=\"lazy\" decoding=\"async\" class=\" wp-image-54061 alignleft\" src=\"http:\/\/www.radiopiu.net\/wordpress\/wp-content\/uploads\/2018\/07\/9d4beb40-b7bb-4220-9df3-0b0f14423aff-225x300.jpg\" alt=\"\" width=\"212\" height=\"283\" srcset=\"https:\/\/www.radiopiu.net\/wordpress\/wp-content\/uploads\/2018\/07\/9d4beb40-b7bb-4220-9df3-0b0f14423aff-225x300.jpg 225w, https:\/\/www.radiopiu.net\/wordpress\/wp-content\/uploads\/2018\/07\/9d4beb40-b7bb-4220-9df3-0b0f14423aff-768x1024.jpg 768w, https:\/\/www.radiopiu.net\/wordpress\/wp-content\/uploads\/2018\/07\/9d4beb40-b7bb-4220-9df3-0b0f14423aff.jpg 1200w\" sizes=\"auto, (max-width: 212px) 100vw, 212px\" \/><\/p>\n<p><strong>ALLEGHE<\/strong> Sono il bellunese <b>Luca Cagnati e l&#8217;altoatesino Hannes Perkmann i vincitori della <a href=\"http:\/\/38.ma\">38.ma<\/a> edizione della Transcivetta Karpos<\/b>, gara di corsa in montagna a coppie andata in scena domenica 15 luglio in una delle cornici di maggior suggestione delle Dolomiti bellunesi, patrimonio dell&#8217;umanit\u00e0 Unesco: partenza da Listolade (comune di Taibon Agordino) e arrivo ai Piani di Pezz\u00e8 di Alleghe, correndo per 23 chilometri su e gi\u00f9 per i sentieri ai piedi della maestosa parete del Civetta, toccando i rifugi Capanna Trieste, Vazzoler, Tissi e Coldai. 1950 metri di dislivello positivo e 870 quelli di dislivello negativo. Cagnati e Perkmann (Alla Fit Karpos) hanno portato a termine la loro fatica in 2h04&#8217;55\u201d. Un vero e proprio dominio il loro: partiti subito forte, hanno scavato tra loro e gli inseguitori un distacco che via via si \u00e8 ampliato, tagliando il traguardo dei Piani di Pezz\u00e8 con un vantaggio di 6&#8217;33\u201d sulla coppia trentina composta da Andrea Debiasi e Christian Modena (Crazy Idea La Sportiva) e 7&#8217;33\u201d sul tandem friulano composto da Giuseppe Della Mea e Nicol\u00f2 Francescato (Aldo Moro Paluzza).\u00a0<b>Vittoria con record nella classifica per le squadre femminili<\/b>: a imporsi sono state le sorelle piemontesi Erica e Francesca Ghelfi. Le atlete astigiane (Vittorio Alfieri) hanno corso in 2h42&#8217;43\u201d, migliorando di oltre un minuto il tempo di 2h44&#8217;17\u201d fatto registrare nel 2011 da Jennifer Senik e Martina Valmassoi. Per loro lo speciale premio messo a disposizione dall&#8217;organizzazione per chi batteva il record: <b>soggiorno di due settimane in Sardegna<\/b>.\u00a0A completare il podio le sorelle lombarde Fabiana e Sara Rapezzi (Osa Valmadrera, 2h46&#8217;07\u201d) e le friulane Anna Finizio e Paola Romanin (Aldo Moro Paluzza, 2h53&#8217;12\u201d).\u00a0<b>La gara per le coppie miste<\/b> ha visto imporsi i favoriti Franco Torresani, sacerdote trentino, e la bellunese Cecilia De Filippo (Stivo running): 2h34&#8217;07\u201d il loro tempo.\u00a0Sul podio anche i bellunesi Olivo Da Pr\u00e0 e Martina De Silvestro (Team Karpos Vigili del Fuoco), staccati di 2&#8217;59\u201d, e i veronesi Giulia Scardoni e Giovanni Pezzo (2h48&#8217;27\u201d). Al via <b>concorrenti<\/b> provenienti da 35 province italiane: Ancona, Asti, Belluno, Bergamo, Bologna, Bolzano, Como, Cremona, Ferrara, Forl\u00ec-Cesena, Genova, Gorizia, Lecce, Lodi, Mantova, Milano, Modena, Monza-Brianza, Napoli, Perugia, Padova, Palermo, Pavia, Pordenone, Ravenna, Rovigo, Sondrio, Trento, Trieste, Udine, Varese, Venezia, Verbania, Verona e Vicenza. Concorrenti anche dall&#8217;estero: Austria, Francia, Germania, Lussemburgo, Romania, San Marino, Spagna e Ucraina.<\/p>\n<p><span style=\"color: #0000ff;\"><strong>ARRIVO MASCHILE\u00a0 E INTERVISTE AUDIO RADIO PIU<\/strong><\/span><\/p>\n<audio class=\"wp-audio-shortcode\" id=\"audio-54109-9\" preload=\"none\" style=\"width: 100%;\" controls=\"controls\"><source type=\"audio\/mpeg\" src=\"http:\/\/www.radiopiu.net\/wordpress\/wp-content\/uploads\/2018\/07\/ARRIVO-E-INTERVISTE-MASCHILE.mp3?_=9\" \/><a href=\"http:\/\/www.radiopiu.net\/wordpress\/wp-content\/uploads\/2018\/07\/ARRIVO-E-INTERVISTE-MASCHILE.mp3\">http:\/\/www.radiopiu.net\/wordpress\/wp-content\/uploads\/2018\/07\/ARRIVO-E-INTERVISTE-MASCHILE.mp3<\/a><\/audio>\n<p><strong>FEMMINILE\u00a0<\/strong>1. Francesca Ghelfi &#8211; Erica Ghelfi (record femminile 2h42&#8217;43&#8221;), 2. Fabiana Rapezzi &#8211; Sara Rapezzi, 3. Paola Romanin &#8211; Anna Finizio<\/p>\n<p><span style=\"color: #0000ff;\"><strong>ARRIVO FEMMINILE E INTERVISTE AUDIO RADIO PIU\u00a0<\/strong><\/span><\/p>\n<audio class=\"wp-audio-shortcode\" id=\"audio-54109-10\" preload=\"none\" style=\"width: 100%;\" controls=\"controls\"><source type=\"audio\/mpeg\" src=\"http:\/\/www.radiopiu.net\/wordpress\/wp-content\/uploads\/2018\/07\/FEMMINILE.mp3?_=10\" \/><a href=\"http:\/\/www.radiopiu.net\/wordpress\/wp-content\/uploads\/2018\/07\/FEMMINILE.mp3\">http:\/\/www.radiopiu.net\/wordpress\/wp-content\/uploads\/2018\/07\/FEMMINILE.mp3<\/a><\/audio>\n<p><strong>MISTA<\/strong> 1. Franco Torresani &#8211; Cecilia De Filippo, 2. Olivo Da Pr\u00e0 &#8211; Martina De Silvestro<\/p>\n<p><span style=\"color: #0000ff;\"><strong>ARRIVO MISTA\u00a0 E INTERVISTE\u00a0 AUDIO RADIO PIU<\/strong><\/span><\/p>\n<audio class=\"wp-audio-shortcode\" id=\"audio-54109-11\" preload=\"none\" style=\"width: 100%;\" controls=\"controls\"><source type=\"audio\/mpeg\" src=\"http:\/\/www.radiopiu.net\/wordpress\/wp-content\/uploads\/2018\/07\/TRANS-MISTO.mp3?_=11\" \/><a href=\"http:\/\/www.radiopiu.net\/wordpress\/wp-content\/uploads\/2018\/07\/TRANS-MISTO.mp3\">http:\/\/www.radiopiu.net\/wordpress\/wp-content\/uploads\/2018\/07\/TRANS-MISTO.mp3<\/a><\/audio>\n<p><b>I piazzati<\/b><\/p>\n<p><b>Daniele De Col\u00f2<\/b>, vincitore della Transcivetta undici volte, ieri premiato dal suo comune, Taibon Agordino, per la splendida stagione 2018: \u00abAbbiamo provato a fare podio, ci siamo arrivati vicino, quarti. Alessio Camilli \u00e8 un ragazzo giovane che ha margini di miglioramento e pu\u00f2 togliersi belle soddisfazioni. La mia stagione? Ho vinto il mondiale Master di categoria e sono arrivato 13.mo in quello assoluto delle lunghe distanze, indossando per la prima volta a 48 anni la maglia tricolore. Non posso che essere soddisfatto\u00bb.<\/p>\n<p><b>Olivo Da Pr\u00e0<\/b>, secondo della gara mista insieme a Martina De Silvestro.\u00abSiamo contentissimi. Fino al Tissi avevamo a vista Cecilia e don Franco, poi in discesa ci sono andati via. Martina \u00e8 andata davvero forte, ha fatto un gran gara, anche tenendo conto che ha perso tutta la primavera a causa di un infortunio. Volevamo provare a vincere, ci abbiamo provato per dedicare il successo a Enrico e Alessandro, i nostri due amici scomparsi in montagna lo scorso maggio. Dedichiamo loro il podio\u00bb.<\/p>\n<div style=\"width: 848px;\" class=\"wp-video\"><video class=\"wp-video-shortcode\" id=\"video-54109-2\" width=\"848\" height=\"480\" preload=\"metadata\" controls=\"controls\"><source type=\"video\/mp4\" src=\"http:\/\/www.radiopiu.net\/wordpress\/wp-content\/uploads\/2018\/07\/WhatsApp-Video-2018-07-15-at-11.11.33-1.mp4?_=2\" \/><a href=\"http:\/\/www.radiopiu.net\/wordpress\/wp-content\/uploads\/2018\/07\/WhatsApp-Video-2018-07-15-at-11.11.33-1.mp4\">http:\/\/www.radiopiu.net\/wordpress\/wp-content\/uploads\/2018\/07\/WhatsApp-Video-2018-07-15-at-11.11.33-1.mp4<\/a><\/video><\/div>\n<h3><\/h3>\n<blockquote>\n<h1><\/h1>\n<h1>MONDIALI HOCKEY IN LINE AD ASIAGO<\/h1>\n<p><img loading=\"lazy\" decoding=\"async\" class=\"aligncenter size-medium wp-image-54156\" src=\"http:\/\/www.radiopiu.net\/wordpress\/wp-content\/uploads\/2018\/07\/37131095_10217314555042724_427869877592653824_n-300x225.jpg\" alt=\"\" width=\"300\" height=\"225\" srcset=\"https:\/\/www.radiopiu.net\/wordpress\/wp-content\/uploads\/2018\/07\/37131095_10217314555042724_427869877592653824_n-300x225.jpg 300w, https:\/\/www.radiopiu.net\/wordpress\/wp-content\/uploads\/2018\/07\/37131095_10217314555042724_427869877592653824_n-768x576.jpg 768w, https:\/\/www.radiopiu.net\/wordpress\/wp-content\/uploads\/2018\/07\/37131095_10217314555042724_427869877592653824_n.jpg 960w\" sizes=\"auto, (max-width: 300px) 100vw, 300px\" \/><\/p>\n<h1>La nazionale Usa ha sconfitto l&#8217;Italia\u00a0 5-2 le due reti azzurre dell&#8217;Agordina Silvia Toffano, il capitano<\/h1>\n<p><a href=\"https:\/\/www.facebook.com\/1650872565\/posts\/10216397671475714\/\">INTERVISTA SU FACEBOOK<\/a><\/p><\/blockquote>\n<p>&nbsp;<\/p>\n<p>&nbsp;<\/p>\n<blockquote>\n<h1>ONDABLU NEL MARE<\/h1>\n<p><img loading=\"lazy\" decoding=\"async\" class=\"size-medium wp-image-54108 alignleft\" src=\"http:\/\/www.radiopiu.net\/wordpress\/wp-content\/uploads\/2018\/07\/emanuela-bittante-300x225.jpg\" alt=\"\" width=\"300\" height=\"225\" srcset=\"https:\/\/www.radiopiu.net\/wordpress\/wp-content\/uploads\/2018\/07\/emanuela-bittante-300x225.jpg 300w, https:\/\/www.radiopiu.net\/wordpress\/wp-content\/uploads\/2018\/07\/emanuela-bittante-768x576.jpg 768w, https:\/\/www.radiopiu.net\/wordpress\/wp-content\/uploads\/2018\/07\/emanuela-bittante-1024x768.jpg 1024w, https:\/\/www.radiopiu.net\/wordpress\/wp-content\/uploads\/2018\/07\/emanuela-bittante.jpg 1610w\" sizes=\"auto, (max-width: 300px) 100vw, 300px\" \/>Otto atleti masters si presentano alla 17\u00b0 edizioni di \u201cnuotiamo insieme \u201c. Giornata perfetta sia per il sole ma soprattutto per il mare, infatti sia per gli iscritti ai 5000m della mattina che per quelli iscritti al pomeriggio per i 3000m il mare era da calmo a quasi calmo. Come sempre ottima l\u2019organizzazione da parte di tutto lo staff finveneto e tantissimi volontari, ed il super cronista Gilberto Zorat. Ottimi i risultati con un oro e un bronzo. Partono prima i mezzofondisti nei 5 km, con Grelloni Mara e Fabio Zuglian nella prima ondata, seguono Emanuela Bittante e Dario D\u2019Alberto nella seconda. Ed il settore femminile a salire sul podio: Emanuela Bittante nella categoria masters 55 sul primo gradino, e Mara Grelloni (FOTO SOTTO) nonch\u00e9 atleta-allenatrice, terza con un bel bronzo, cat. M. 35. Nel pomeriggio partono nella seconda ondata Luca Crepaz, Michele Tonin e Federico Zampiero, mentre nella terza ondata troviamo Luca De Mori , che gareggiava per la prima volta in acque libere. Ottime le prestazioni di tutti e quattro gli atleti Ondablu. (la suddivisione per ondate era per il numero elevato degli iscritti)<img loading=\"lazy\" decoding=\"async\" class=\"size-medium wp-image-54106 alignleft\" src=\"http:\/\/www.radiopiu.net\/wordpress\/wp-content\/uploads\/2018\/07\/mara-grelloni-225x300.jpg\" alt=\"\" width=\"225\" height=\"300\" srcset=\"https:\/\/www.radiopiu.net\/wordpress\/wp-content\/uploads\/2018\/07\/mara-grelloni-225x300.jpg 225w, https:\/\/www.radiopiu.net\/wordpress\/wp-content\/uploads\/2018\/07\/mara-grelloni-768x1024.jpg 768w, https:\/\/www.radiopiu.net\/wordpress\/wp-content\/uploads\/2018\/07\/mara-grelloni.jpg 784w\" sizes=\"auto, (max-width: 225px) 100vw, 225px\" \/><\/p><\/blockquote>\n<p>&nbsp;<\/p>\n<p>&nbsp;<\/p>\n<h1><\/h1>\n<h1><\/h1>\n<h1><\/h1>\n<h1><\/h1>\n<h1><\/h1>\n<h1><\/h1>\n<h1><\/h1>\n<h1><\/h1>\n<h1><\/h1>\n<h1><\/h1>\n<h1><\/h1>\n<h1 style=\"text-align: center;\">VIABILITA&#8217;<\/h1>\n<p>DALLE 8.30 DI DOMANI ALLE 17 DI MERCOLEDI SENSO UNICO ALTERNATO REGOLATO DA MOVIERI LUNGO LA 346 DEL SAN PELLEGRINO IN LOCALITA&#8217; CELAT DI VALLADA AGORDINA PER REALIZZAZIONE BUCA DI GIUNZIONE CAVI.<\/p>\n<p>DA OGGI AL 31 LUGLIO (SABATO E DOMENICA COMPRESO) SENSO UNICO ALTERNATO LUNGO LA 347 DEL DURAN E CEREDA IN COMUNE VAL DI ZOLDO PER LAVORI APERTURA BUCHE PER POSA CAVO ELETTRICO<\/p>\n<p>La strada esterna alla galleria delle anime in Comune di Cencenighe \u00e8 interdetta al traffico per un tratto di oltre un chilometro.<\/p>\n<p>FINO A revoca senso unico con impianto semaforico sulla SP8 per San Tomaso anche sabato e domenica<\/p>\n<p>FINO a domani senso unico e brevi interruzioni alla viabiolit\u00e0 (massimo 10 minuti) a Valle di Cadore lungo la 347 del Duran e Cereda.<\/p>\n<p>FINO al 3 agosto lungo la 251 della Val di Zoldo e Cellina senso unico<br \/>\nalternato in localit\u00e0 Fusine per la messa in sicurezza del piano viabile.<\/p>\n<p>FINO al 3 agosto senso unico alternato regolato da semaforo lungo la provinciale 24 della Valparola in Comune di Livinallongo del Col di Lana compresi festivi e prefestivi anche infrasettimanali per consolidamento del corpo stradale.<\/p>\n<p>&nbsp;<\/p>\n<p>&nbsp;<\/p>\n<p>&nbsp;<\/p>\n<h1 style=\"text-align: center;\">METEO<\/h1>\n<p><strong>PREVISIONI DEL TEMPO DA OGGI A GIOVEDI<\/strong><br \/>\n<strong>Lunedi 16<\/strong><br \/>\nTempo atteso: Al mattino inizialmente sereno o poco nuvoloso, poi da met\u00e0\/tarda mattinata aumento della nuvolosit\u00e0 cumuliforme e crescente rischio di primi fenomeni d&#8217;instabilit\u00e0, soprattutto sulle Prealpi veronesi e vicentine. Nel pomeriggio cielo nuvoloso o molto nuvoloso con fenomeni pi\u00f9 probabili e frequenti e localmente di forte intensit\u00e0. In serata o tarda serata tendenza a miglioramento ad iniziare da Nord.<br \/>\nPrecipitazioni: Fino a met\u00e0 mattinata generalmente assenti (10%). Poi rischio di rovesci e temporali in aumento ad iniziare da Ovest, fino a probabilit\u00e0 70-80% nel pomeriggio. In serata rischio di fenomeni in graduale calo ad iniziare dalle Dolomiti.<br \/>\nTemperature: In diminuzione le minime, stazionarie le massime. Su Prealpi a 1500 m min 13\u00b0C max 15\u00b0C, a 2000 m min 10\u00b0C max 12\u00b0C. Su Dolomiti a 2000 m min 8\u00b0C max 13\u00b0C, a 3000 m min 2\u00b0C max 4\u00b0C. Venti: Nelle valli deboli, a tratti moderati, specie in serata; in quota deboli o moderati occidentali, in rotazione a Nord in serata, a 10-15 km\/h a 2000 m, 15-25 km\/h a 3000 m.<br \/>\n<strong>Martedi 17<\/strong><br \/>\nTempo atteso: Al mattino cielo in prevalenza poco nuvoloso, salvo iniziali nubi basse in qualche valle. Nel pomeriggio nuvolosit\u00e0 cumuliforme irregolare, un po&#8217; pi\u00f9 diffusa e localmente intensa sulle Prealpi, dove saranno possibili brevi fenomeni d&#8217;instabilit\u00e0. Clima tipicamente estivo. Precipitazioni: Al mattino generalmente assenti (0-10%), nel pomeriggio possibili brevi rovesci o temporali (30-50%), soprattutto sulle Prealpi. Temperature: In aumento, salvo rimanere stazionarie le minime a fondovalle, con valori massimi superiori alla norma. Su Prealpi a 1500 m min 14\u00b0C max 18\u00b0C, a 2000 m min 11\u00b0C max 14\u00b0C. Su Dolomiti a 2000 m min 8\u00b0C max 16\u00b0C, a 3000 m min 3\u00b0C max 4\u00b0C. Venti: Nelle valli generalmente deboli, salvo locali rinforzi, specie in serata; in quota moderati settentrionali, a tratti tesi sulle vette, a 10-20 km\/h a 2000 m, 20-30 km\/h a 3000 m.<br \/>\n<strong>Mercoledi 18<\/strong><br \/>\nTempo in prevalenza soleggiato, stabile e caldo. Temperature 3-4\u00b0C superiori alla norma. Venti in quota deboli o moderati settentrionali, a tratti tesi a 3000 m.<br \/>\n<strong>Giovedi 19<\/strong><br \/>\nTempo ancora in prevalenza soleggiato e caldo, specie sulle Prealpi, ma con possibilit\u00e0 di qualche temporale nel pomeriggio, soprattutto sulle Dolomiti. Temperature ancora al di sopra della norma. Venti in quota deboli, a tratti moderati, da Nord-Ovest. Previsore: B.R.<\/p>\n","protected":false},"excerpt":{"rendered":"<p>RIFACIMENTO SEGNALETICA ORIZZONTALE 203 AGORDINA. DOMANI SOTTO CON LA TANGENZIALE FRONTE LUXOTTICA DALLE 6 TEMPO PERMETTENDO &nbsp; COLPI DI PISTOLA CONTRO LA CASA DEL GIORNALISTA GERVASUTTI, LA SOLIDARIET\u00c0 DI ZAIA VENEZIA\u00a0\u00a0\u201cE\u2019 un episodio gravissimo, che va condannato senza se e senza ma, acuito dal fatto che la minaccia contro un giornalista significa di conseguenza un&hellip;<\/p>\n","protected":false},"author":1,"featured_media":54062,"comment_status":"closed","ping_status":"closed","sticky":false,"template":"","format":"standard","meta":{"_monsterinsights_skip_tracking":false,"_monsterinsights_sitenote_active":false,"_monsterinsights_sitenote_note":"","_monsterinsights_sitenote_category":0,"footnotes":""},"categories":[2,49],"tags":[],"class_list":["post-54109","post","type-post","status-publish","format-standard","has-post-thumbnail","hentry","category-news","category-news-18","category-2","category-49","description-off"],"img_url":"https:\/\/www.radiopiu.net\/wordpress\/wp-content\/uploads\/2018\/07\/6378dd65-3b9c-45f6-96cd-ebe960248c47.jpg","_links":{"self":[{"href":"https:\/\/www.radiopiu.net\/wordpress\/wp-json\/wp\/v2\/posts\/54109","targetHints":{"allow":["GET"]}}],"collection":[{"href":"https:\/\/www.radiopiu.net\/wordpress\/wp-json\/wp\/v2\/posts"}],"about":[{"href":"https:\/\/www.radiopiu.net\/wordpress\/wp-json\/wp\/v2\/types\/post"}],"author":[{"embeddable":true,"href":"https:\/\/www.radiopiu.net\/wordpress\/wp-json\/wp\/v2\/users\/1"}],"replies":[{"embeddable":true,"href":"https:\/\/www.radiopiu.net\/wordpress\/wp-json\/wp\/v2\/comments?post=54109"}],"version-history":[{"count":0,"href":"https:\/\/www.radiopiu.net\/wordpress\/wp-json\/wp\/v2\/posts\/54109\/revisions"}],"wp:featuredmedia":[{"embeddable":true,"href":"https:\/\/www.radiopiu.net\/wordpress\/wp-json\/wp\/v2\/media\/54062"}],"wp:attachment":[{"href":"https:\/\/www.radiopiu.net\/wordpress\/wp-json\/wp\/v2\/media?parent=54109"}],"wp:term":[{"taxonomy":"category","embeddable":true,"href":"https:\/\/www.radiopiu.net\/wordpress\/wp-json\/wp\/v2\/categories?post=54109"},{"taxonomy":"post_tag","embeddable":true,"href":"https:\/\/www.radiopiu.net\/wordpress\/wp-json\/wp\/v2\/tags?post=54109"}],"curies":[{"name":"wp","href":"https:\/\/api.w.org\/{rel}","templated":true}]}}