{"id":54193,"date":"2018-07-16T17:25:33","date_gmt":"2018-07-16T15:25:33","guid":{"rendered":"http:\/\/www.radiopiu.net\/wordpress\/?p=54193"},"modified":"2018-07-16T17:25:33","modified_gmt":"2018-07-16T15:25:33","slug":"quarantesimo-palio-di-novita","status":"publish","type":"post","link":"https:\/\/www.radiopiu.net\/wordpress\/quarantesimo-palio-di-novita\/","title":{"rendered":"QUARANTESIMO PALIO DI&#8230; NOVITA&#8217;"},"content":{"rendered":"<p>&nbsp;<\/p>\n\n\t\t\t<style type='text\/css'>\n\t\t\t\t#gallery-1 {\n\t\t\t\t\tmargin: auto;\n\t\t\t\t}\n\t\t\t\t#gallery-1 .gallery-item {\n\t\t\t\t\tfloat: left;\n\t\t\t\t\tmargin-top: 10px;\n\t\t\t\t\ttext-align: center;\n\t\t\t\t\twidth: 33%;\n\t\t\t\t}\n\t\t\t\t#gallery-1 img {\n\t\t\t\t\tborder: 2px solid #cfcfcf;\n\t\t\t\t}\n\t\t\t\t#gallery-1 .gallery-caption {\n\t\t\t\t\tmargin-left: 0;\n\t\t\t\t}\n\t\t\t\t\/* see gallery_shortcode() in wp-includes\/media.php *\/\n\t\t\t<\/style>\n\t\t<div id='gallery-1' class='dt-gallery-container gallery galleryid-54193 gallery-columns-3 gallery-size-thumbnail'><dl class='gallery-item'>\n\t\t\t\t<dt class='gallery-icon landscape'>\n\t\t\t\t\t<a class=\"rollover\" href='https:\/\/www.radiopiu.net\/wordpress\/quarantesimo-palio-di-novita\/img_20180716_153217\/'><img loading=\"lazy\" decoding=\"async\" width=\"150\" height=\"150\" src=\"https:\/\/www.radiopiu.net\/wordpress\/wp-content\/uploads\/2018\/07\/IMG_20180716_153217-150x150.jpg\" class=\"attachment-thumbnail size-thumbnail\" alt=\"\" \/><\/a>\n\t\t\t\t<\/dt><\/dl><dl class='gallery-item'>\n\t\t\t\t<dt class='gallery-icon landscape'>\n\t\t\t\t\t<a class=\"rollover\" href='https:\/\/www.radiopiu.net\/wordpress\/quarantesimo-palio-di-novita\/img_20180716_155921\/'><img loading=\"lazy\" decoding=\"async\" width=\"150\" height=\"150\" src=\"https:\/\/www.radiopiu.net\/wordpress\/wp-content\/uploads\/2018\/07\/IMG_20180716_155921-150x150.jpg\" class=\"attachment-thumbnail size-thumbnail\" alt=\"\" \/><\/a>\n\t\t\t\t<\/dt><\/dl><dl class='gallery-item'>\n\t\t\t\t<dt class='gallery-icon landscape'>\n\t\t\t\t\t<a class=\"rollover\" href='https:\/\/www.radiopiu.net\/wordpress\/quarantesimo-palio-di-novita\/img_20180716_153209\/'><img loading=\"lazy\" decoding=\"async\" width=\"150\" height=\"150\" src=\"https:\/\/www.radiopiu.net\/wordpress\/wp-content\/uploads\/2018\/07\/IMG_20180716_153209-150x150.jpg\" class=\"attachment-thumbnail size-thumbnail\" alt=\"\" \/><\/a>\n\t\t\t\t<\/dt><\/dl><br style=\"clear: both\" \/>\n\t\t\t<\/div>\n\n<p><strong>FELTRE<\/strong>\u00a0 Il Palio dei Bambini il sabato pomeriggio, uno straordinario spettacolo di proiezioni in piazza Maggiore, a chiusura della prima serata di gare, nuove bandiere lungo via Mezzaterra e in Pr\u00e0 del Moro. Sono solo alcune delle novit\u00e0 del Palio di Feltre 2018, che taglia quest&#8217;anno il prestigioso traguardo delle 40 edizioni. \u201cRisultato non certo semplice da raggiungere, sottoline la presidente Donatella Boldo durante l&#8217;incontro di presentazione della manifestazione con i giornalisti. Trovata la quadratura del cerchio sul tema sicurezza, dopo aver adempiuto a quanto previsto dalle circolari Gabrielli e Morcone, siamo ora pronti per l&#8217;edizione numero 40 della manifestazione pi\u00f9 rappresentativa della citt\u00e0 nel panorama estivo, ma non solo\u201d. Tra le altre novit\u00e0 di quest&#8217;anno anche la presenza dell&#8217;Unicef, che proporr\u00e0, con un proprio stand, le famosissime Pigotte, realizzate proprio con i vestito dei figuranti del Palio. A proposito&#8230;vi siete mai chiesti quante sono le persone che sfilano, tutte assieme, nella due giorni della rievocazione storica? Ebbene, quasi 600! A Monia Franzolin, vicepresidente dell&#8217;Associazione \u201cPalio di Feltre\u201d, e quest&#8217;anno voce femminile della manifestazione (Paolo Mutton, voce maschile, commenter\u00e0 la parte sportiva) il compito di svelare l&#8217;autore del drappo 2018: si tratta di Raffaello Padovan. Torinese di nascita, trevigiano d&#8217;adozione, Trevisan \u00e8 molto conosciuto come pittore, organizzatore di mostre e scenografo, avendo collaborato con alcuni dei teatri pi\u00f9 famosi d&#8217;Italia; si cimenter\u00e0 per lavprima volta con la realizzazione di un drappo in cui unir\u00e0 il simbolismo carico di significato di uno degli elementi pi\u00f9 caratterizzanti del Palio con un segno pittorico informale e moderno. La novit\u00e0 pi\u00f9 rilevante dell&#8217;edizione del 40esimo sar\u00e0 per\u00f2 quella riguardante la chiusura del sabato sera in Piazza Maggiore: al tradizionale spettacolo pirotecnico subentrer\u00e0 infatti uno straordinario spettacolo di proiezioni lumionose; un \u201cblob di sequenze, animazioni, flash di storia dell&#8217;arte che, in un continuum di narrazione a animazione, dar\u00e0 vita alle facciate dei pi\u00f9 bei palazzi di Piazza Maggiore\u201d, sottolinea il direttore artistico del Palio Fabio Giudice.\u00a0 Invariati, nonostante gli sforzi finanziari affrontati dall&#8217;organizzazione per l&#8217;allestimento di questa edizione 2018 della manifestazione, i prezzi dei biglietti: 10 euro per l&#8217;ingresso cumulativo alle due giornate finali della manifestazione, 8 euro per la singola giornata, con le riduzioni tradizionalmente previste. Il Palio sar\u00e0 quest&#8217;anno, inoltre, sempre pi\u00f9 \u201csocial\u201d, con aggiornamenti e curiosit\u00e0 \u201clive\u201d sulle pagine della manifestazione, in avvicinamento e durante l&#8217;intero arco della manifestazione.<\/p>\n","protected":false},"excerpt":{"rendered":"<p>&nbsp; FELTRE\u00a0 Il Palio dei Bambini il sabato pomeriggio, uno straordinario spettacolo di proiezioni in piazza Maggiore, a chiusura della prima serata di gare, nuove bandiere lungo via Mezzaterra e in Pr\u00e0 del Moro. Sono solo alcune delle novit\u00e0 del Palio di Feltre 2018, che taglia quest&#8217;anno il prestigioso traguardo delle 40 edizioni. \u201cRisultato non&hellip;<\/p>\n","protected":false},"author":1,"featured_media":54196,"comment_status":"closed","ping_status":"closed","sticky":false,"template":"","format":"standard","meta":{"_monsterinsights_skip_tracking":false,"_monsterinsights_sitenote_active":false,"_monsterinsights_sitenote_note":"","_monsterinsights_sitenote_category":0,"footnotes":""},"categories":[2,49],"tags":[],"class_list":["post-54193","post","type-post","status-publish","format-standard","has-post-thumbnail","hentry","category-news","category-news-18","category-2","category-49","description-off"],"img_url":"https:\/\/www.radiopiu.net\/wordpress\/wp-content\/uploads\/2018\/07\/IMG_20180716_153209.jpg","_links":{"self":[{"href":"https:\/\/www.radiopiu.net\/wordpress\/wp-json\/wp\/v2\/posts\/54193","targetHints":{"allow":["GET"]}}],"collection":[{"href":"https:\/\/www.radiopiu.net\/wordpress\/wp-json\/wp\/v2\/posts"}],"about":[{"href":"https:\/\/www.radiopiu.net\/wordpress\/wp-json\/wp\/v2\/types\/post"}],"author":[{"embeddable":true,"href":"https:\/\/www.radiopiu.net\/wordpress\/wp-json\/wp\/v2\/users\/1"}],"replies":[{"embeddable":true,"href":"https:\/\/www.radiopiu.net\/wordpress\/wp-json\/wp\/v2\/comments?post=54193"}],"version-history":[{"count":0,"href":"https:\/\/www.radiopiu.net\/wordpress\/wp-json\/wp\/v2\/posts\/54193\/revisions"}],"wp:featuredmedia":[{"embeddable":true,"href":"https:\/\/www.radiopiu.net\/wordpress\/wp-json\/wp\/v2\/media\/54196"}],"wp:attachment":[{"href":"https:\/\/www.radiopiu.net\/wordpress\/wp-json\/wp\/v2\/media?parent=54193"}],"wp:term":[{"taxonomy":"category","embeddable":true,"href":"https:\/\/www.radiopiu.net\/wordpress\/wp-json\/wp\/v2\/categories?post=54193"},{"taxonomy":"post_tag","embeddable":true,"href":"https:\/\/www.radiopiu.net\/wordpress\/wp-json\/wp\/v2\/tags?post=54193"}],"curies":[{"name":"wp","href":"https:\/\/api.w.org\/{rel}","templated":true}]}}