{"id":54259,"date":"2018-07-17T10:51:24","date_gmt":"2018-07-17T08:51:24","guid":{"rendered":"http:\/\/www.radiopiu.net\/wordpress\/?p=54259"},"modified":"2018-07-17T10:51:24","modified_gmt":"2018-07-17T08:51:24","slug":"saint-marcel-bel-accueil-gosaldo","status":"publish","type":"post","link":"https:\/\/www.radiopiu.net\/wordpress\/saint-marcel-bel-accueil-gosaldo\/","title":{"rendered":"SAINT MARCEL\u00a0 BEL\u00a0 ACCUEIL- GOSALDO"},"content":{"rendered":"<blockquote>\n<h1>\n<img loading=\"lazy\" decoding=\"async\" class=\"aligncenter wp-image-54213 size-large\" src=\"http:\/\/www.radiopiu.net\/wordpress\/wp-content\/uploads\/2018\/07\/WhatsApp-Image-2018-07-16-at-07.32.02-1024x768.jpeg\" alt=\"\" width=\"1024\" height=\"768\" srcset=\"https:\/\/www.radiopiu.net\/wordpress\/wp-content\/uploads\/2018\/07\/WhatsApp-Image-2018-07-16-at-07.32.02-1024x768.jpeg 1024w, https:\/\/www.radiopiu.net\/wordpress\/wp-content\/uploads\/2018\/07\/WhatsApp-Image-2018-07-16-at-07.32.02-300x225.jpeg 300w, https:\/\/www.radiopiu.net\/wordpress\/wp-content\/uploads\/2018\/07\/WhatsApp-Image-2018-07-16-at-07.32.02-768x576.jpeg 768w, https:\/\/www.radiopiu.net\/wordpress\/wp-content\/uploads\/2018\/07\/WhatsApp-Image-2018-07-16-at-07.32.02.jpeg 1600w\" sizes=\"auto, (max-width: 1024px) 100vw, 1024px\" \/><\/h1>\n<h5>D\u00e9part de nos valeureux Cyclistes Fabrice Tambour-R\u00e9my Bourguignon-Guy Pellet et leur accompagnatrice G\u00e9raldine Laurent Le Mardi 10 Juillet \u00e0 07H00 Ils partiront de la place de SMBA pour rejoindre samedi 14 Juillet GOSALDO (Italie) Les \u00e9tapes\u00a0: Mardi 10 Juillet\u00a0: SMBA &gt;&gt;&gt; Moutiers 150kms<\/h5>\n<\/blockquote>\n<p><strong>GOSALDO 40 francesi hanno fatto visita agli amici gemelli di Gosaldo, 3 di loro sono saliti dalla Francia in bicicletta per arrivare in Agordino dopo 5 tappe, racconta tutto un orgoglioso il sindaco di Gosaldo, Giocondo Dalle Feste<\/strong><\/p>\n<audio class=\"wp-audio-shortcode\" id=\"audio-54259-1\" preload=\"none\" style=\"width: 100%;\" controls=\"controls\"><source type=\"audio\/mpeg\" src=\"http:\/\/www.radiopiu.net\/wordpress\/wp-content\/uploads\/2018\/07\/GIOCONDO-1.mp3?_=1\" \/><a href=\"http:\/\/www.radiopiu.net\/wordpress\/wp-content\/uploads\/2018\/07\/GIOCONDO-1.mp3\">http:\/\/www.radiopiu.net\/wordpress\/wp-content\/uploads\/2018\/07\/GIOCONDO-1.mp3<\/a><\/audio>\n<p>&nbsp;<\/p>\n<p>&nbsp;<\/p>\n","protected":false},"excerpt":{"rendered":"<p>D\u00e9part de nos valeureux Cyclistes Fabrice Tambour-R\u00e9my Bourguignon-Guy Pellet et leur accompagnatrice G\u00e9raldine Laurent Le Mardi 10 Juillet \u00e0 07H00 Ils partiront de la place de SMBA pour rejoindre samedi 14 Juillet GOSALDO (Italie) Les \u00e9tapes\u00a0: Mardi 10 Juillet\u00a0: SMBA &gt;&gt;&gt; Moutiers 150kms GOSALDO 40 francesi hanno fatto visita agli amici gemelli di Gosaldo, 3&hellip;<\/p>\n","protected":false},"author":1,"featured_media":54213,"comment_status":"closed","ping_status":"closed","sticky":false,"template":"","format":"standard","meta":{"_monsterinsights_skip_tracking":false,"_monsterinsights_sitenote_active":false,"_monsterinsights_sitenote_note":"","_monsterinsights_sitenote_category":0,"footnotes":""},"categories":[2,49],"tags":[],"class_list":["post-54259","post","type-post","status-publish","format-standard","has-post-thumbnail","hentry","category-news","category-news-18","category-2","category-49","description-off"],"img_url":"https:\/\/www.radiopiu.net\/wordpress\/wp-content\/uploads\/2018\/07\/WhatsApp-Image-2018-07-16-at-07.32.02.jpeg","_links":{"self":[{"href":"https:\/\/www.radiopiu.net\/wordpress\/wp-json\/wp\/v2\/posts\/54259","targetHints":{"allow":["GET"]}}],"collection":[{"href":"https:\/\/www.radiopiu.net\/wordpress\/wp-json\/wp\/v2\/posts"}],"about":[{"href":"https:\/\/www.radiopiu.net\/wordpress\/wp-json\/wp\/v2\/types\/post"}],"author":[{"embeddable":true,"href":"https:\/\/www.radiopiu.net\/wordpress\/wp-json\/wp\/v2\/users\/1"}],"replies":[{"embeddable":true,"href":"https:\/\/www.radiopiu.net\/wordpress\/wp-json\/wp\/v2\/comments?post=54259"}],"version-history":[{"count":0,"href":"https:\/\/www.radiopiu.net\/wordpress\/wp-json\/wp\/v2\/posts\/54259\/revisions"}],"wp:featuredmedia":[{"embeddable":true,"href":"https:\/\/www.radiopiu.net\/wordpress\/wp-json\/wp\/v2\/media\/54213"}],"wp:attachment":[{"href":"https:\/\/www.radiopiu.net\/wordpress\/wp-json\/wp\/v2\/media?parent=54259"}],"wp:term":[{"taxonomy":"category","embeddable":true,"href":"https:\/\/www.radiopiu.net\/wordpress\/wp-json\/wp\/v2\/categories?post=54259"},{"taxonomy":"post_tag","embeddable":true,"href":"https:\/\/www.radiopiu.net\/wordpress\/wp-json\/wp\/v2\/tags?post=54259"}],"curies":[{"name":"wp","href":"https:\/\/api.w.org\/{rel}","templated":true}]}}