{"id":54267,"date":"2018-07-17T11:16:56","date_gmt":"2018-07-17T09:16:56","guid":{"rendered":"http:\/\/www.radiopiu.net\/wordpress\/?p=54267"},"modified":"2018-07-17T11:16:56","modified_gmt":"2018-07-17T09:16:57","slug":"il-saluto-agli-studenti-tra-le-collezioni","status":"publish","type":"post","link":"https:\/\/www.radiopiu.net\/wordpress\/il-saluto-agli-studenti-tra-le-collezioni\/","title":{"rendered":"IL SALUTO AGLI STUDENTI TRA LE  COLLEZIONI"},"content":{"rendered":"<blockquote>\n<h2><strong>\u201cACADEMY IN DESIGN E TECNICA DELL\u2019OCCHIALE\u201d\u00a0 IL 20 LUGLIO EVENTO FINALE E OPEN DAY.\u00a0 UN EVENTO SPECIALE SALUTERA\u2019 GLI STUDENTI DEL BIENNIO 2016\/2018\u00a0 PRESENTANDO LE COLLEZIONI REALIZZATE<\/strong><\/h2>\n\n\t\t\t<style type='text\/css'>\n\t\t\t\t#gallery-1 {\n\t\t\t\t\tmargin: auto;\n\t\t\t\t}\n\t\t\t\t#gallery-1 .gallery-item {\n\t\t\t\t\tfloat: left;\n\t\t\t\t\tmargin-top: 10px;\n\t\t\t\t\ttext-align: center;\n\t\t\t\t\twidth: 33%;\n\t\t\t\t}\n\t\t\t\t#gallery-1 img {\n\t\t\t\t\tborder: 2px solid #cfcfcf;\n\t\t\t\t}\n\t\t\t\t#gallery-1 .gallery-caption {\n\t\t\t\t\tmargin-left: 0;\n\t\t\t\t}\n\t\t\t\t\/* see gallery_shortcode() in wp-includes\/media.php *\/\n\t\t\t<\/style>\n\t\t<div id='gallery-1' class='dt-gallery-container gallery galleryid-54267 gallery-columns-3 gallery-size-thumbnail'><dl class='gallery-item'>\n\t\t\t\t<dt class='gallery-icon landscape'>\n\t\t\t\t\t<a class=\"rollover\" href='https:\/\/www.radiopiu.net\/wordpress\/il-saluto-agli-studenti-tra-le-collezioni\/its-maggio-2018_web-5133-2\/'><img loading=\"lazy\" decoding=\"async\" width=\"150\" height=\"150\" src=\"https:\/\/www.radiopiu.net\/wordpress\/wp-content\/uploads\/2018\/07\/ITS-maggio-2018_web-5133-1-150x150.jpg\" class=\"attachment-thumbnail size-thumbnail\" alt=\"\" \/><\/a>\n\t\t\t\t<\/dt><\/dl><dl class='gallery-item'>\n\t\t\t\t<dt class='gallery-icon portrait'>\n\t\t\t\t\t<a class=\"rollover\" href='https:\/\/www.radiopiu.net\/wordpress\/il-saluto-agli-studenti-tra-le-collezioni\/its-maggio-2018_web-5072-2\/'><img loading=\"lazy\" decoding=\"async\" width=\"150\" height=\"150\" src=\"https:\/\/www.radiopiu.net\/wordpress\/wp-content\/uploads\/2018\/07\/ITS-maggio-2018_web-5072-1-150x150.jpg\" class=\"attachment-thumbnail size-thumbnail\" alt=\"\" \/><\/a>\n\t\t\t\t<\/dt><\/dl><dl class='gallery-item'>\n\t\t\t\t<dt class='gallery-icon portrait'>\n\t\t\t\t\t<a class=\"rollover\" href='https:\/\/www.radiopiu.net\/wordpress\/il-saluto-agli-studenti-tra-le-collezioni\/its-maggio-2018_web-5117-2\/'><img loading=\"lazy\" decoding=\"async\" width=\"150\" height=\"150\" src=\"https:\/\/www.radiopiu.net\/wordpress\/wp-content\/uploads\/2018\/07\/ITS-maggio-2018_web-5117-1-150x150.jpg\" class=\"attachment-thumbnail size-thumbnail\" alt=\"\" \/><\/a>\n\t\t\t\t<\/dt><\/dl><br style=\"clear: both\" \/><dl class='gallery-item'>\n\t\t\t\t<dt class='gallery-icon landscape'>\n\t\t\t\t\t<a class=\"rollover\" href='https:\/\/www.radiopiu.net\/wordpress\/il-saluto-agli-studenti-tra-le-collezioni\/its-maggio-2018_web-5104-2\/'><img loading=\"lazy\" decoding=\"async\" width=\"150\" height=\"150\" src=\"https:\/\/www.radiopiu.net\/wordpress\/wp-content\/uploads\/2018\/07\/ITS-maggio-2018_web-5104-1-150x150.jpg\" class=\"attachment-thumbnail size-thumbnail\" alt=\"\" \/><\/a>\n\t\t\t\t<\/dt><\/dl><dl class='gallery-item'>\n\t\t\t\t<dt class='gallery-icon landscape'>\n\t\t\t\t\t<a class=\"rollover\" href='https:\/\/www.radiopiu.net\/wordpress\/il-saluto-agli-studenti-tra-le-collezioni\/its-maggio-2018_web-5092-2\/'><img loading=\"lazy\" decoding=\"async\" width=\"150\" height=\"150\" src=\"https:\/\/www.radiopiu.net\/wordpress\/wp-content\/uploads\/2018\/07\/ITS-maggio-2018_web-5092-1-150x150.jpg\" class=\"attachment-thumbnail size-thumbnail\" alt=\"\" \/><\/a>\n\t\t\t\t<\/dt><\/dl><dl class='gallery-item'>\n\t\t\t\t<dt class='gallery-icon landscape'>\n\t\t\t\t\t<a class=\"rollover\" href='https:\/\/www.radiopiu.net\/wordpress\/il-saluto-agli-studenti-tra-le-collezioni\/its-maggio-2018_web-5153-2\/'><img loading=\"lazy\" decoding=\"async\" width=\"150\" height=\"150\" src=\"https:\/\/www.radiopiu.net\/wordpress\/wp-content\/uploads\/2018\/07\/ITS-maggio-2018_web-5153-1-150x150.jpg\" class=\"attachment-thumbnail size-thumbnail\" alt=\"\" \/><\/a>\n\t\t\t\t<\/dt><\/dl><br style=\"clear: both\" \/>\n\t\t\t<\/div>\n<\/blockquote>\n<p><strong>LONGARONE<\/strong> Dalla natura agli smartphone, l\u2019ispirazione pu\u00f2 arrivare dagli stimoli pi\u00f9 disparati: questo \u00e8 il concetto di fondo che esprimeranno le 15 collezioni di occhiali realizzate dagli allievi del biennio 2016\/2018 dell\u2019Academy in Design e Tecnica dell\u2019Occhiale. Collezioni che saranno al centro dell\u2019Open Day organizzato da Certottica il 20 luglio alle ore 18 nella sede di Longarone per celebrare la fine del corso.\u00a0 Dall\u2019ideazione alla progettazione, prototipazione e industrializzazione, i nuovi tecnici illustreranno alla platea le fasi di studio che hanno coniugato i fattori di stile e le tendenze con le caratteristiche tecniche di un prodotto unico come l\u2019occhiale, oggetto di moda, ma allo stesso tempo, dispositivo di protezione individuale.\u00a0 L\u2019Academy in Design e Tecnica dell\u2019Occhiale, promossa in sinergia alla Fondazione ITS COSMO e con il sostegno di MIDO, Milano Eyewear Show, \u00e8 un iter formativo in grado di forgiare figure preparate ad affrontare le sfide della competitivit\u00e0 contemporanea in ottica Industria 4.0 con strumenti, approcci e mentalit\u00e0 agili e flessibili: a testimoniarlo, il 20 luglio saranno presenti anche le numerose aziende che hanno attinto a questo rigoglioso vivaio e che hanno assunto oltre l\u201985% dei diplomati delle edizioni gi\u00e0 concluse dell\u2019Academy.\u00a0 Dopo il saluto introduttivo dell\u2019Area Formazione di Certottica, infatti, parleranno studenti, docenti e aziende\u2026prima di toccare con mano le collezioni dei giovani che verranno esposte in una location dedicata nella sede di Longarone.<\/p>\n<blockquote><p><em>L\u2019evento \u00e8 aperto a tutti: per ulteriori informazioni, Vi invitiamo a contattare l\u2019Area Formazione di Certottica scrivendo a formazione@certottica.it o telefonando allo 0437573157.<\/em><\/p><\/blockquote>\n","protected":false},"excerpt":{"rendered":"<p>\u201cACADEMY IN DESIGN E TECNICA DELL\u2019OCCHIALE\u201d\u00a0 IL 20 LUGLIO EVENTO FINALE E OPEN DAY.\u00a0 UN EVENTO SPECIALE SALUTERA\u2019 GLI STUDENTI DEL BIENNIO 2016\/2018\u00a0 PRESENTANDO LE COLLEZIONI REALIZZATE LONGARONE Dalla natura agli smartphone, l\u2019ispirazione pu\u00f2 arrivare dagli stimoli pi\u00f9 disparati: questo \u00e8 il concetto di fondo che esprimeranno le 15 collezioni di occhiali realizzate dagli allievi&hellip;<\/p>\n","protected":false},"author":1,"featured_media":54269,"comment_status":"closed","ping_status":"closed","sticky":false,"template":"","format":"standard","meta":{"_monsterinsights_skip_tracking":false,"_monsterinsights_sitenote_active":false,"_monsterinsights_sitenote_note":"","_monsterinsights_sitenote_category":0,"footnotes":""},"categories":[2,49],"tags":[],"class_list":["post-54267","post","type-post","status-publish","format-standard","has-post-thumbnail","hentry","category-news","category-news-18","category-2","category-49","description-off"],"img_url":"https:\/\/www.radiopiu.net\/wordpress\/wp-content\/uploads\/2018\/07\/ITS-maggio-2018_web-5072-1.jpg","_links":{"self":[{"href":"https:\/\/www.radiopiu.net\/wordpress\/wp-json\/wp\/v2\/posts\/54267","targetHints":{"allow":["GET"]}}],"collection":[{"href":"https:\/\/www.radiopiu.net\/wordpress\/wp-json\/wp\/v2\/posts"}],"about":[{"href":"https:\/\/www.radiopiu.net\/wordpress\/wp-json\/wp\/v2\/types\/post"}],"author":[{"embeddable":true,"href":"https:\/\/www.radiopiu.net\/wordpress\/wp-json\/wp\/v2\/users\/1"}],"replies":[{"embeddable":true,"href":"https:\/\/www.radiopiu.net\/wordpress\/wp-json\/wp\/v2\/comments?post=54267"}],"version-history":[{"count":0,"href":"https:\/\/www.radiopiu.net\/wordpress\/wp-json\/wp\/v2\/posts\/54267\/revisions"}],"wp:featuredmedia":[{"embeddable":true,"href":"https:\/\/www.radiopiu.net\/wordpress\/wp-json\/wp\/v2\/media\/54269"}],"wp:attachment":[{"href":"https:\/\/www.radiopiu.net\/wordpress\/wp-json\/wp\/v2\/media?parent=54267"}],"wp:term":[{"taxonomy":"category","embeddable":true,"href":"https:\/\/www.radiopiu.net\/wordpress\/wp-json\/wp\/v2\/categories?post=54267"},{"taxonomy":"post_tag","embeddable":true,"href":"https:\/\/www.radiopiu.net\/wordpress\/wp-json\/wp\/v2\/tags?post=54267"}],"curies":[{"name":"wp","href":"https:\/\/api.w.org\/{rel}","templated":true}]}}