{"id":54304,"date":"2018-07-18T07:00:23","date_gmt":"2018-07-18T05:00:23","guid":{"rendered":"http:\/\/www.radiopiu.net\/wordpress\/?p=54304"},"modified":"2018-07-18T12:17:34","modified_gmt":"2018-07-18T10:17:34","slug":"giornale-radiopiu-18-luglio-2018","status":"publish","type":"post","link":"https:\/\/www.radiopiu.net\/wordpress\/giornale-radiopiu-18-luglio-2018\/","title":{"rendered":"GIORNALE RADIOPIU 18 LUGLIO 2018"},"content":{"rendered":"<blockquote>\n<h1><span style=\"color: #ff0000;\">REGIONALE 203 AGORDINA PRUDENZA, OPERAI AL LAVORO RIFACIMENTO SEGNALETICA DA SALA DI ALLEGHE A PASSO FEDAIA<\/span><\/h1>\n<\/blockquote>\n<p>&nbsp;<\/p>\n<p>&nbsp;<\/p>\n<p>&nbsp;<\/p>\n<blockquote>\n<h1>UN ALTRO MOTOCICLISTA IN OSPEDALE<\/h1>\n<\/blockquote>\n<p><strong><img loading=\"lazy\" decoding=\"async\" class=\"size-medium wp-image-54279 alignleft\" src=\"http:\/\/www.radiopiu.net\/wordpress\/wp-content\/uploads\/2018\/07\/WhatsApp-Image-2018-07-17-at-12.07.57-300x225.jpeg\" alt=\"\" width=\"300\" height=\"225\" srcset=\"https:\/\/www.radiopiu.net\/wordpress\/wp-content\/uploads\/2018\/07\/WhatsApp-Image-2018-07-17-at-12.07.57-300x225.jpeg 300w, https:\/\/www.radiopiu.net\/wordpress\/wp-content\/uploads\/2018\/07\/WhatsApp-Image-2018-07-17-at-12.07.57-768x576.jpeg 768w, https:\/\/www.radiopiu.net\/wordpress\/wp-content\/uploads\/2018\/07\/WhatsApp-Image-2018-07-17-at-12.07.57-1024x768.jpeg 1024w, https:\/\/www.radiopiu.net\/wordpress\/wp-content\/uploads\/2018\/07\/WhatsApp-Image-2018-07-17-at-12.07.57.jpeg 1600w\" sizes=\"auto, (max-width: 300px) 100vw, 300px\" \/>FALCADE.<\/strong> Ancora un incidente tra moto e auto, \u00e8 successo nel primo pomeriggio di ieri\u00a0 sulle strade di Falcade. Ad avere la peggio il centauro svizzero C.L. del Canton Turgau di\u00a0 20 anni che dopo aver sbattuto contro il guard rail \u00e8 volato per 15 metri. Intervento immediato dei volontari della Croce Verde Val Biois e dell&#8217;elicottero del Suem di Pieve di Cadore che ha provveduto a soccorrere il motociclista in hovering per poi trasportarlo all&#8217;ospedale di Belluno con politraumi.\u00a0 il ventenne non \u00e8 in pericolo di vita. Sul posto per i rilievi\u00a0 i carabinieri di Falcade. I soccorsi sono stati chiamati dal padre del giovane che lo seguiva poco distante, testimone dell&#8217;incidente.<\/p>\n<p>&nbsp;<\/p>\n<h1><\/h1>\n<p>&nbsp;<\/p>\n<p>&nbsp;<\/p>\n<p>&nbsp;<\/p>\n<h1>INCIDENTE SUL LAVORO<\/h1>\n<p><strong><img loading=\"lazy\" decoding=\"async\" class=\"size-medium wp-image-54289 alignleft\" src=\"http:\/\/www.radiopiu.net\/wordpress\/wp-content\/uploads\/2018\/07\/WhatsApp-Image-2018-07-17-at-15.45.46-300x225.jpeg\" alt=\"\" width=\"300\" height=\"225\" srcset=\"https:\/\/www.radiopiu.net\/wordpress\/wp-content\/uploads\/2018\/07\/WhatsApp-Image-2018-07-17-at-15.45.46-300x225.jpeg 300w, https:\/\/www.radiopiu.net\/wordpress\/wp-content\/uploads\/2018\/07\/WhatsApp-Image-2018-07-17-at-15.45.46-768x576.jpeg 768w, https:\/\/www.radiopiu.net\/wordpress\/wp-content\/uploads\/2018\/07\/WhatsApp-Image-2018-07-17-at-15.45.46-1024x768.jpeg 1024w, https:\/\/www.radiopiu.net\/wordpress\/wp-content\/uploads\/2018\/07\/WhatsApp-Image-2018-07-17-at-15.45.46.jpeg 1600w\" sizes=\"auto, (max-width: 300px) 100vw, 300px\" \/>FALCADE\u00a0<\/strong>Secondo intervento della Croce Verde Val Biois e dell&#8217;elicottero del Suem di Pieve di Cadore in poche ore in Valle del Biois. Dopo l&#8217;incidente che ha coinvolto un motociclista ricoverato in ospedale a Belluno, i volontari sono stati allertati dal 118 per un incidente sul lavoro nel cantiere per il depuratore sotto al cimitero della frazione Caviola. Coinvolto un operaio di Rovigo, Giordano<br \/>\nOnofri, l\u2019operaio 53enne residente a Crespino vittima della caduta. L\u2019uomo lamentava dolori in particolare ad una spalla, un gomito e alla schiena ed \u00e8 stato chiamato l\u2019elicottero per trasportarlo in fretta<br \/>\nall\u2019ospedale di Belluno, esclusi traumi gravi. Per i rilievi di legge sul posto anche i Carabinieri di Falcade.<\/p>\n<p>&nbsp;<\/p>\n<p>&nbsp;<\/p>\n<p>&nbsp;<\/p>\n<p>&nbsp;<\/p>\n<p>&nbsp;<\/p>\n<blockquote>\n<h1>RECUPERATO ESCURSIONISTA SFINITO<\/h1>\n<\/blockquote>\n<p><strong><img loading=\"lazy\" decoding=\"async\" class=\"size-medium wp-image-35875 alignleft\" src=\"http:\/\/www.radiopiu.net\/wordpress\/wp-content\/uploads\/2017\/08\/elicottero_3-169x300.jpg\" alt=\"\" width=\"169\" height=\"300\" \/>AURONZO <\/strong>Ieri sera alle 19.30 l&#8217;elicottero del Suem di Pieve di Cadore \u00e8 volato sulle Marmarole, dove un escursionista, sfinito dalla stanchezza, aveva chiamato dal Bivacco Musatti chiedendo aiuto. Sbarcato in hovering poco pi\u00f9 sopra, il tecnico del Soccorso alpino dell&#8217;equipaggio ha raggiunto l&#8217;uomo, 41 anni, tedesco, e lo ha accompagnato fino all&#8217;eliambulanza. Imbarcato, \u00e8 stato portato all&#8217;ospedale di Pieve di Cadore per le verifiche del caso.<\/p>\n<blockquote>\n<h1>SCIVOLA SUL SENTIERO<\/h1>\n<\/blockquote>\n<p><strong>COMELICO SUPERIORE <\/strong>Ieri\u00a0l&#8217;elicottero del Suem di Pieve di Cadore \u00e8 decollato in direzione del Rifugio Berti. Scendendo poco pi\u00f9 sotto, lungo il sentiero numero 101, un&#8217;escursionista era infatti scivolata sui sassi, sbattendo la testa e procurandosi un sospetto trauma cranico. Sbarcati in hovering nelle vicinanze, personale medico e tecnico di elisoccorso hanno prestato le prime cure alla donna, S.R., 60 anni, tedesca, per poi imbarellarla e recuperarla con un verricello. Una volta a bordo, l&#8217;infortunata \u00e8 stata trasportata all&#8217;ospedale di Belluno.<\/p>\n<p>&nbsp;<\/p>\n<p>&nbsp;<\/p>\n<p>&nbsp;<\/p>\n<blockquote>\n<h1><\/h1>\n<h1><\/h1>\n<h1><\/h1>\n<h1><\/h1>\n<h1><span style=\"color: #ff0000;\"><strong>CHIUDE PASSO SELLA ma non per tutti<\/strong><\/span><\/h1>\n<\/blockquote>\n<blockquote>\n<h1>Viabilit\u00e0 sui passi di montagna, al via la \u201cZtl\u201d sul Sella, la rabbia degli operatori che il 24 luglio si riuniranno di nuovo per capire come procedere nella protesta.<br \/>\nDa luned\u00ec accesso limitato a 1.250 auto tra le 9 e le 16.<br \/>\nil sindaco di Livinallongo Leandro Grones<\/h1>\n<\/blockquote>\n<audio class=\"wp-audio-shortcode\" id=\"audio-54304-1\" preload=\"none\" style=\"width: 100%;\" controls=\"controls\"><source type=\"audio\/mpeg\" src=\"http:\/\/www.radiopiu.net\/wordpress\/wp-content\/uploads\/2018\/07\/gr-18-grones.mp3?_=1\" \/><a href=\"http:\/\/www.radiopiu.net\/wordpress\/wp-content\/uploads\/2018\/07\/gr-18-grones.mp3\">http:\/\/www.radiopiu.net\/wordpress\/wp-content\/uploads\/2018\/07\/gr-18-grones.mp3<\/a><\/audio>\n<p>&nbsp;<\/p>\n<p>&nbsp;<\/p>\n<p>&nbsp;<\/p>\n<p>&nbsp;<\/p>\n<p>&nbsp;<\/p>\n<p>&nbsp;<\/p>\n<blockquote>\n<h1>IL FUTURO DELLA SANITA&#8217; DI MONTAGNA<\/h1>\n<\/blockquote>\n<p><strong><img loading=\"lazy\" decoding=\"async\" class=\"size-medium wp-image-39967 alignleft\" src=\"http:\/\/www.radiopiu.net\/wordpress\/wp-content\/uploads\/2017\/12\/Premiazione-concorso-stazione-Massaro-300x200.jpg\" alt=\"\" width=\"300\" height=\"200\" \/><\/strong><\/p>\n<p>&nbsp;<\/p>\n<p><strong>BELLUNO<\/strong> Nuovo incontro in conferenza dei sindaci sul documento per la sanit\u00e0 anche in preparazione della riunione in programma gioved\u00ec a Montecchio maggiore. La convocazione \u00e8 di qualche giorno fa, troppi pochi i giorni per poter dare le direttive per la sanit\u00e0 di montagna, ma i sindaci lavorano con attenzione e impegno per un documento provinciale.<br \/>\n<strong>il sindaco di Belluno, Jacopo Massaro.<\/strong><\/p>\n<audio class=\"wp-audio-shortcode\" id=\"audio-54304-2\" preload=\"none\" style=\"width: 100%;\" controls=\"controls\"><source type=\"audio\/mpeg\" src=\"http:\/\/www.radiopiu.net\/wordpress\/wp-content\/uploads\/2018\/07\/MASSARO-SANITA.mp3?_=2\" \/><a href=\"http:\/\/www.radiopiu.net\/wordpress\/wp-content\/uploads\/2018\/07\/MASSARO-SANITA.mp3\">http:\/\/www.radiopiu.net\/wordpress\/wp-content\/uploads\/2018\/07\/MASSARO-SANITA.mp3<\/a><\/audio>\n<p>&nbsp;<\/p>\n<p>&nbsp;<\/p>\n<p>&nbsp;<\/p>\n<p>&nbsp;<\/p>\n<h1>SICUREZZA SUL LAVORO IL PIANO STRATEGICO PER LA PREVENZIONE DI INCIDENTI E INFORTUNI<\/h1>\n<p><strong><img loading=\"lazy\" decoding=\"async\" class=\"size-medium wp-image-33236 alignleft\" src=\"http:\/\/www.radiopiu.net\/wordpress\/wp-content\/uploads\/2017\/06\/13-06-2017-VACCINI-Zaia-Coletto-300x199.jpg\" alt=\"\" width=\"300\" height=\"199\" \/><\/strong><\/p>\n<p>&nbsp;<\/p>\n<p><strong>VENEZIA\u00a0<\/strong> Una cinquantina di morti all&#8217;anno solo in Veneto, sono le vittime degli incidenti nei luoghi di lavoro. Ieri il Presidente della Regione Veneto Luca Zaia ha presieduto il tavolo per il patto per prevenzione incidenti e infortuni sul posto di lavoro. Nell&#8217;occasione ha dettato i punti che dovranno essere seguiti nel nuovo piano strategico. Per il presidente una giornata storica, sentiamolo<\/p>\n<audio class=\"wp-audio-shortcode\" id=\"audio-54304-3\" preload=\"none\" style=\"width: 100%;\" controls=\"controls\"><source type=\"audio\/mpeg\" src=\"http:\/\/www.radiopiu.net\/wordpress\/wp-content\/uploads\/2018\/07\/gr-18-zaia.mp3?_=3\" \/><a href=\"http:\/\/www.radiopiu.net\/wordpress\/wp-content\/uploads\/2018\/07\/gr-18-zaia.mp3\">http:\/\/www.radiopiu.net\/wordpress\/wp-content\/uploads\/2018\/07\/gr-18-zaia.mp3<\/a><\/audio>\n<p>&nbsp;<\/p>\n<p>&nbsp;<\/p>\n<p>&nbsp;<\/p>\n<p>&nbsp;<\/p>\n<blockquote>\n<h1>IL COMUNE CONTRO TERNA, RICORRE AL TAR<\/h1>\n<\/blockquote>\n<p><strong><img loading=\"lazy\" decoding=\"async\" class=\"size-medium wp-image-11357 alignleft\" src=\"http:\/\/www.radiopiu.net\/wordpress\/wp-content\/uploads\/2015\/09\/ternapds-300x199.jpg\" alt=\"\" width=\"300\" height=\"199\" \/>BELLUNO<\/strong> La Giunta comunale ha deliberato il ricorso al Tar Lazio contro il progetto di razionalizzazione dell&#8217;elettrodotto nella media valle del Piave proposto da Terna. Il ricorso deliberato da Palazzo Rosso va a rinforzare la schiera dei contrari al progetto cos\u00ec proposto. La delibera incarica l&#8217;avvocato civico, Paolo Vignola, e l&#8217;avvocato Matteo Ceruti, del Foro di Rovigo, di seguire la pratica; tra costi legali e parcelle del professionista, la spesa totale \u00e8 di circa 30mila euro. Ceruti \u00e8 noto per la sua attivit\u00e0 a favore di enti pubblici e soggetti privati in materia di valutazione di impatto ambientale di competenza statale e di autorizzazioni alla costruzione ed esercizio di linee elettriche appartenenti alle rete di trasmissione nazionale (tra queste, la Dolo-Camin e la Udine-Redipuglia), oltre che nel campo delle concessioni per la costruzione e l&#8217;esercizio di centrali idroelettriche, anche in territorio bellunese.<br \/>\n<strong>AI MICROFONI DI RADIO PIU, IL SINDACO DI BELLUNO JACOPO MASSARO<\/strong><\/p>\n<audio class=\"wp-audio-shortcode\" id=\"audio-54304-4\" preload=\"none\" style=\"width: 100%;\" controls=\"controls\"><source type=\"audio\/mpeg\" src=\"http:\/\/www.radiopiu.net\/wordpress\/wp-content\/uploads\/2018\/07\/MASSARO-RICORSO.mp3?_=4\" \/><a href=\"http:\/\/www.radiopiu.net\/wordpress\/wp-content\/uploads\/2018\/07\/MASSARO-RICORSO.mp3\">http:\/\/www.radiopiu.net\/wordpress\/wp-content\/uploads\/2018\/07\/MASSARO-RICORSO.mp3<\/a><\/audio>\n<p>&nbsp;<\/p>\n<p>&nbsp;<\/p>\n<p>&nbsp;<\/p>\n<h1>SICUREZZA, PD A DIFESA DELLE MANIFESTAZIONI LOCALI.<\/h1>\n<p><strong><img loading=\"lazy\" decoding=\"async\" class=\"size-medium wp-image-35582 alignleft\" src=\"http:\/\/www.radiopiu.net\/wordpress\/wp-content\/uploads\/2017\/08\/sotto-il-tendone-300x200.jpg\" alt=\"\" width=\"300\" height=\"200\" \/>BELLUNO<\/strong> Nasce in Veneto l\u2019iniziativa del Partito democratico per tutelare le tante manifestazioni territoriali, espressione di tradizione, storia e cultura italiana. Roger De Menech, deputato bellunese e coordinatore dei parla mentari veneti del Pd ha presentato una mozione che impegna il governo a salvaguardare la possibilit\u00e0 di svolgimento delle manifestazioni storiche, artistiche, culturali e agro-alimentari, cos\u00ec importanti per il Paese, anche prevedendo una semplificazione della normativa e delle procedure burocratiche previste, differenziando i grandi eventi dalle piccole iniziative locali.<\/p>\n<p><strong>INTERVENTO DI ROGER DE MENECH, RASSEGNA STAMPA 805<\/strong><\/p>\n<audio class=\"wp-audio-shortcode\" id=\"audio-54304-5\" preload=\"none\" style=\"width: 100%;\" controls=\"controls\"><source type=\"audio\/mpeg\" src=\"http:\/\/www.radiopiu.net\/wordpress\/wp-content\/uploads\/2018\/07\/de-menech.mp3?_=5\" \/><a href=\"http:\/\/www.radiopiu.net\/wordpress\/wp-content\/uploads\/2018\/07\/de-menech.mp3\">http:\/\/www.radiopiu.net\/wordpress\/wp-content\/uploads\/2018\/07\/de-menech.mp3<\/a><\/audio>\n<p>&nbsp;<\/p>\n<p>&nbsp;<\/p>\n<p>&nbsp;<\/p>\n<p><span style=\"color: #ff0000;\"><strong>NOTIZIARIO DEL 6 LUGLIO 2018\u00a0<\/strong><\/span><\/p>\n<blockquote>\n<h1>ALLEGHE PATTUMIERA DELL&#8217;ALTO CORDEVOLE<\/h1>\n<\/blockquote>\n<p><strong><img loading=\"lazy\" decoding=\"async\" class=\" wp-image-53181 alignleft\" src=\"http:\/\/www.radiopiu.net\/wordpress\/wp-content\/uploads\/2018\/07\/rubbish-495213_960_720-300x300.jpg\" alt=\"\" width=\"141\" height=\"141\" srcset=\"https:\/\/www.radiopiu.net\/wordpress\/wp-content\/uploads\/2018\/07\/rubbish-495213_960_720-300x300.jpg 300w, https:\/\/www.radiopiu.net\/wordpress\/wp-content\/uploads\/2018\/07\/rubbish-495213_960_720-150x150.jpg 150w, https:\/\/www.radiopiu.net\/wordpress\/wp-content\/uploads\/2018\/07\/rubbish-495213_960_720.jpg 720w\" sizes=\"auto, (max-width: 141px) 100vw, 141px\" \/>ALLEGHE<\/strong> Il Comune di Alleghe non figura tra i Comuni pi\u00f9 ricicloni dell&#8217;Agordino in quanto a raccolta differenziata dei rifiuti, a differenza di altri Comuni dell&#8217;Alto Agordino. Il sindaco Siro De Biasio \u00e8 sconcertato, pronto a sistemare telecamere e fototrappole per evitare il deposito dei rifiuti di chi dall&#8217;alto scende a fondovalle depositando i sacchi di immondizia in localit\u00e0 Vallazza (area camper) dove a dicembre ne sono stati caricati a tonellate su un camioni di rimorchio. Per il sindaco Siro De Biasio \u00e8 una beffa per un Comune che si \u00e8 visto presentare un preventivo di spesa superiore a quello di Falcade e anche di Agordo con i suoi oltre 4000 abitanti. Abbiamo raccolto lo sfogo del primo cittadino alleghese.<\/p>\n<p><strong>SIRO DE BIASIO<\/strong><\/p>\n<audio class=\"wp-audio-shortcode\" id=\"audio-54304-6\" preload=\"none\" style=\"width: 100%;\" controls=\"controls\"><source type=\"audio\/mpeg\" src=\"http:\/\/www.radiopiu.net\/wordpress\/wp-content\/uploads\/2018\/07\/SIRO-DE-BIASIO-1.mp3?_=6\" \/><a href=\"http:\/\/www.radiopiu.net\/wordpress\/wp-content\/uploads\/2018\/07\/SIRO-DE-BIASIO-1.mp3\">http:\/\/www.radiopiu.net\/wordpress\/wp-content\/uploads\/2018\/07\/SIRO-DE-BIASIO-1.mp3<\/a><\/audio>\n<p>&nbsp;<\/p>\n<h1><\/h1>\n<p>&nbsp;<\/p>\n<p>&nbsp;<\/p>\n<p>&nbsp;<\/p>\n<p>&nbsp;<\/p>\n<p>&nbsp;<\/p>\n<blockquote>\n<h1>NEGOZIATI PER L\u2019INTESA SULL\u2019AUTONOMIA DEL VENETO<\/h1>\n<\/blockquote>\n<p><strong>VENEZIA<\/strong> Oggi alle ore 16, al Ministero degli Affari regionali, in Via della Stamperia 8 a Roma, le delegazioni trattanti della Regione e del Dicastero avvieranno formalmente i negoziati per l\u2019Intesa sull\u2019autonomia del Veneto ex articolo 116, terzo comma, della Costituzione. La delegazione del Veneto sar\u00e0 guidata dal Presidente Luca Zaia.<\/p>\n<p>&nbsp;<\/p>\n<p>&nbsp;<\/p>\n<p>&nbsp;<\/p>\n<p>&nbsp;<\/p>\n<blockquote>\n<h1>GIUNTA VENETA APPROVA DDL IN MATERIA DI ENTI LOCALI. FORCOLIN: \u201cSEMPLIFICAZIONE E RIORDINO DEI LIVELLI DI GOVERNO\u201d<\/h1>\n<\/blockquote>\n<p><strong><img loading=\"lazy\" decoding=\"async\" class=\"size-medium wp-image-20331 alignleft\" src=\"http:\/\/www.radiopiu.net\/wordpress\/wp-content\/uploads\/2016\/06\/1435664065538_Forcolin_Gianluca-2-218x300.jpg\" alt=\"\" width=\"218\" height=\"300\" \/>VENEZIA<\/strong> Semplificazione e riordino dei livelli di governo del territorio: \u00e8 la finalit\u00e0 del disegno di legge denominato &#8220;Disposizioni in materia di enti locali&#8221; che la Giunta regionale, su proposta del vicepresidente Gianluca Forcolin, ha approvato nel corso della seduta odierna. Il testo, che ora verr\u00e0 trasmesso alla competente Commissione consiliare prima di affrontare l\u2019esame finale dell\u2019assemblea, \u00e8 il risultato di un articolato percorso compiuto in stretto raccordo e confronto con ANCI, UPI e UNCEM nella loro veste di rappresentanti delle Autonomie locali e, tramite esse, \u00e8 stato condiviso con le Amministrazioni del territorio. \u201cIl provvedimento \u2013 rende noto Forcolin &#8211; introduce modifiche ed integrazioni ad alcune leggi regionali di settore per tener conto del mutato quadro normativo nazionale. Il disegno di legge valorizza le forme associative tra Comuni favorendo l\u2019adesione volontaria di tutti i comuni veneti per il raggiungimento di livelli dimensionali ed organizzativi che consentano l\u2019erogazione di servizi di qualit\u00e0. Inoltre, il provvedimento rivede la legislazione in materia di Unioni montane, ridisegnando la loro governance, disciplinando i casi di scioglimento e raccogliendo in una sorta di testo unico, le disposizioni sulle funzioni di loro competenza\u201d. \u201cAbbiamo inteso affermare sempre di pi\u00f9 \u2013 aggiunge il vicepresidente &#8211; la necessit\u00e0 di rafforzare l\u2019istituto della fusione di comuni, considerandola la forma di riordino che si presta in modo peculiare a razionalizzare e ottimizzare l\u2019organizzazione istituzionale, per sviluppare al meglio nuove strategie territoriali. Con questo obiettivo, all\u2019interno del corpo normativo della legge regionale n. 25\/1992 \u201dNorme in materia di variazioni provinciali e comunali\u201d sono stati introdotti il procedimento speciale di fusione per incorporazione e ulteriori semplificazioni per agevolare i percorsi di integrazione istituzionale\u201d. Il provvedimento si caratterizza anche per dare attuazione allo strumento delle Intese Programmatiche d\u2019area, previste dalla Legge Regionale n. 35\/2001 quale strumento di raccordo tra la programmazione regionale e quella per lo sviluppo locale, in modo tale che le politiche promosse sul territorio siano coordinate e finalizzate alla crescita degli ambiti subregionali.<\/p>\n<p>&nbsp;<\/p>\n<p>&nbsp;<\/p>\n<p>&nbsp;<\/p>\n<blockquote>\n<h1>ASCA. ROTTURA&#8230;SINDACALE<\/h1>\n<\/blockquote>\n<p><strong><img loading=\"lazy\" decoding=\"async\" class=\"size-full wp-image-54307 alignleft\" src=\"http:\/\/www.radiopiu.net\/wordpress\/wp-content\/uploads\/2018\/07\/xCISL_Bl-Tv_Zuglian.png.pagespeed.ic_.wmGasEFVGR.png\" alt=\"\" width=\"218\" height=\"218\" srcset=\"https:\/\/www.radiopiu.net\/wordpress\/wp-content\/uploads\/2018\/07\/xCISL_Bl-Tv_Zuglian.png.pagespeed.ic_.wmGasEFVGR.png 218w, https:\/\/www.radiopiu.net\/wordpress\/wp-content\/uploads\/2018\/07\/xCISL_Bl-Tv_Zuglian.png.pagespeed.ic_.wmGasEFVGR-150x150.png 150w\" sizes=\"auto, (max-width: 218px) 100vw, 218px\" \/>AGORDO<\/strong> Fabio Zuglian interviene in merito all&#8217;Azienda Sanitaria subentrata alla Ulss1 e che gestisce i servizi presso il Polifunzionale (casa di riposo) e i Servizi Sociali. Nei giorni scorsi il comunicato della Funzione Pubblica Cgil che non ha trovato concorde sui concetti la Cisl Funzione Pubblica, appunto rappresentata dal Zuglian che ha seguito passo passo la cessione di ramo d&#8217;azienda Ulss1-Asca compreso il personale. Dapprima il tavolo di concertazione per lavorare sul contratto dei lavoratori, una lunga trattativa iniziata dalla fine del 2016 fino allo scorso marzo quando la Cgil abbandon\u00f2 il tavolo sindacale con l&#8217;interruzione delle trattative che ha consentito ad Asca di provvedere.<br \/>\nNegli ultimi giorni la Cgil Funzione Pubblica con Andrea Fiocco ha incontrato i lavoratori e la Cisl avanza le critiche. AI microfoni di Radio Piu&#8217; Fabio Zuglian.<\/p>\n<audio class=\"wp-audio-shortcode\" id=\"audio-54304-7\" preload=\"none\" style=\"width: 100%;\" controls=\"controls\"><source type=\"audio\/mpeg\" src=\"http:\/\/www.radiopiu.net\/wordpress\/wp-content\/uploads\/2018\/07\/ZUGLIAN.mp3?_=7\" \/><a href=\"http:\/\/www.radiopiu.net\/wordpress\/wp-content\/uploads\/2018\/07\/ZUGLIAN.mp3\">http:\/\/www.radiopiu.net\/wordpress\/wp-content\/uploads\/2018\/07\/ZUGLIAN.mp3<\/a><\/audio>\n<p>&nbsp;<\/p>\n<p>&nbsp;<\/p>\n<p>&nbsp;<\/p>\n<p>&nbsp;<\/p>\n<blockquote>\n<h1>L&#8217;AZIENDA SANITARIA OFFRE LAVORO<\/h1>\n<\/blockquote>\n<p><strong><img loading=\"lazy\" decoding=\"async\" class=\"size-full wp-image-53794 alignleft\" src=\"http:\/\/www.radiopiu.net\/wordpress\/wp-content\/uploads\/2018\/07\/download-9.jpg\" alt=\"\" width=\"216\" height=\"234\" \/><\/strong><\/p>\n<p><strong>AGORDO<\/strong> A.S.C.A. continua con la politica di assunzioni a servizio degli utenti della RSA di Agordo, ricercando su tutto il territorio nazionale, figure di OSS da inserire nella pianta organica con immediatezza garantendo una retribuzione stimata pari a quella applicata dal contratto CCNL Enti Locali oltre a ingenti risorse legate a produttivit\u00e0 e welfare. E\u2019 rinvenibile sul sito dell\u2019Azienda www.servizisocialiasca.it l\u2019avviso relativo alle selezioni per:Operatori Socio Sanitari per la formulazione di una graduatoria di idoneit\u00e0 finalizzata all\u2019inserimento a tempo indeterminato e a tempo pieno presso la RSA di Agordo. Alla stessa graduatoria si attinger\u00e0, a completamento della pianta organica, per assunzioni a tempo determinato.<\/p>\n<p>&nbsp;<\/p>\n<p>&nbsp;<\/p>\n<p>&nbsp;<\/p>\n<p>&nbsp;<\/p>\n<p>&nbsp;<\/p>\n<p>&nbsp;<\/p>\n<blockquote>\n<h1>UN TUNNEL\u00a0 AL PONTE DI AVOSCAN<\/h1>\n<p><span style=\"color: #ff0000;\">dal GIORNALE RADIO PIU DEL 2 E 12 LUGLIO, ARCHIVIO RADIO PIU.<\/span><\/p>\n\n\t\t\t<style type='text\/css'>\n\t\t\t\t#gallery-1 {\n\t\t\t\t\tmargin: auto;\n\t\t\t\t}\n\t\t\t\t#gallery-1 .gallery-item {\n\t\t\t\t\tfloat: left;\n\t\t\t\t\tmargin-top: 10px;\n\t\t\t\t\ttext-align: center;\n\t\t\t\t\twidth: 33%;\n\t\t\t\t}\n\t\t\t\t#gallery-1 img {\n\t\t\t\t\tborder: 2px solid #cfcfcf;\n\t\t\t\t}\n\t\t\t\t#gallery-1 .gallery-caption {\n\t\t\t\t\tmargin-left: 0;\n\t\t\t\t}\n\t\t\t\t\/* see gallery_shortcode() in wp-includes\/media.php *\/\n\t\t\t<\/style>\n\t\t<div id='gallery-1' class='dt-gallery-container gallery galleryid-54304 gallery-columns-3 gallery-size-thumbnail'><dl class='gallery-item'>\n\t\t\t\t<dt class='gallery-icon landscape'>\n\t\t\t\t\t<a class=\"rollover\" href='https:\/\/www.radiopiu.net\/wordpress\/giornale-radiopiu-12-luglio-2018-direttore-mirko-mezzacasa\/sdr-12\/'><img loading=\"lazy\" decoding=\"async\" width=\"150\" height=\"150\" src=\"https:\/\/www.radiopiu.net\/wordpress\/wp-content\/uploads\/2018\/07\/2018-07-10-12.32.23-150x150.jpg\" class=\"attachment-thumbnail size-thumbnail\" alt=\"\" \/><\/a>\n\t\t\t\t<\/dt><\/dl><dl class='gallery-item'>\n\t\t\t\t<dt class='gallery-icon landscape'>\n\t\t\t\t\t<a class=\"rollover\" href='https:\/\/www.radiopiu.net\/wordpress\/giornale-radiopiu-12-luglio-2018-direttore-mirko-mezzacasa\/sdr-11\/'><img loading=\"lazy\" decoding=\"async\" width=\"150\" height=\"150\" src=\"https:\/\/www.radiopiu.net\/wordpress\/wp-content\/uploads\/2018\/07\/2018-07-10-12.32.45-150x150.jpg\" class=\"attachment-thumbnail size-thumbnail\" alt=\"\" \/><\/a>\n\t\t\t\t<\/dt><\/dl><dl class='gallery-item'>\n\t\t\t\t<dt class='gallery-icon landscape'>\n\t\t\t\t\t<a class=\"rollover\" href='https:\/\/www.radiopiu.net\/wordpress\/giornale-radiopiu-12-luglio-2018-direttore-mirko-mezzacasa\/dav-44\/'><img loading=\"lazy\" decoding=\"async\" width=\"150\" height=\"150\" src=\"https:\/\/www.radiopiu.net\/wordpress\/wp-content\/uploads\/2018\/07\/2018-07-10-12.32.31-150x150.jpg\" class=\"attachment-thumbnail size-thumbnail\" alt=\"\" \/><\/a>\n\t\t\t\t<\/dt><\/dl><br style=\"clear: both\" \/>\n\t\t\t<\/div>\n<\/blockquote>\n<p><span style=\"color: #ff0000;\">AUDIO\u00a0<span style=\"color: #000000;\">Proseguono i lavori a Cencenighe per la realizzazione della ciclabile. Ponte di Avoscan chiuso, sar\u00e0 realizzato un tunnel mentre la pista che bypassa via Roma \u00e8 gi\u00e0 pronta. Ne parliamo con il sindaco Mauro Soppelsa<\/span><\/span><\/p>\n<audio class=\"wp-audio-shortcode\" id=\"audio-54304-8\" preload=\"none\" style=\"width: 100%;\" controls=\"controls\"><source type=\"audio\/mpeg\" src=\"http:\/\/www.radiopiu.net\/wordpress\/wp-content\/uploads\/2018\/07\/gr-01-mauro-cencneighe.mp3?_=8\" \/><a href=\"http:\/\/www.radiopiu.net\/wordpress\/wp-content\/uploads\/2018\/07\/gr-01-mauro-cencneighe.mp3\">http:\/\/www.radiopiu.net\/wordpress\/wp-content\/uploads\/2018\/07\/gr-01-mauro-cencneighe.mp3<\/a><\/audio>\n<p>&nbsp;<\/p>\n<p>&nbsp;<\/p>\n<p>&nbsp;<\/p>\n<p>&nbsp;<\/p>\n<p>&nbsp;<\/p>\n<p>&nbsp;<\/p>\n<blockquote>\n<h1>PISCINA CON SOLARIUM, IL NUOVO SERVIZIO<\/h1>\n<\/blockquote>\n<p><strong><img loading=\"lazy\" decoding=\"async\" class=\"size-medium wp-image-54314 alignleft\" src=\"http:\/\/www.radiopiu.net\/wordpress\/wp-content\/uploads\/2018\/07\/IMG-20180717-WA0004-300x225.jpg\" alt=\"\" width=\"300\" height=\"225\" srcset=\"https:\/\/www.radiopiu.net\/wordpress\/wp-content\/uploads\/2018\/07\/IMG-20180717-WA0004-300x225.jpg 300w, https:\/\/www.radiopiu.net\/wordpress\/wp-content\/uploads\/2018\/07\/IMG-20180717-WA0004-768x576.jpg 768w, https:\/\/www.radiopiu.net\/wordpress\/wp-content\/uploads\/2018\/07\/IMG-20180717-WA0004-1024x768.jpg 1024w, https:\/\/www.radiopiu.net\/wordpress\/wp-content\/uploads\/2018\/07\/IMG-20180717-WA0004.jpg 1600w\" sizes=\"auto, (max-width: 300px) 100vw, 300px\" \/>AGORDO<\/strong> Grazie all&#8217;intervento congiunto dell&#8217;Unione Montana Agordina e della societ\u00e0 Ondablu la piscina comprensoriale di Agordo si arricchisce di un nuovo servizio a favore dei propri utenti ed eventuali accompagnatori. La sistemazione dell&#8217;area nella zona sud della piscina ha permesso di ricavare lo spazio per alcuni ombrelloni e sdrai oltre che tavolini e sedie dove gli interessati possono accedere dalla piscina. Per informazioni relative all&#8217;uso per ora circoscritto durante le ore di nuoto libero si pu\u00f2 contattare la segreteria, telefono 0437 62406 o visitando il sito www.ondablu.org<\/p>\n<p>&nbsp;<\/p>\n<p>&nbsp;<\/p>\n<p>&nbsp;<\/p>\n<p>&nbsp;<\/p>\n<h1><strong>DOMANI IN MUNICIPIO A FALCADE<\/strong><\/h1>\n<p><strong><img loading=\"lazy\" decoding=\"async\" class=\"size-medium wp-image-17193 alignleft\" src=\"http:\/\/www.radiopiu.net\/wordpress\/wp-content\/uploads\/2016\/03\/falcade_alto_gallery-300x225.jpg\" alt=\"\" width=\"300\" height=\"225\" \/>FALCADE<\/strong> Il sindaco Michele Costa ha convocato per domani alle 20 il consiglio comunale<br \/>\ndi Falcade. All\u2019ordine del giorno della seduta consiliare ci sono le ratifiche di due variazioni urgenti al bilancio di previsione, con il conseguente adeguamento del Peg 2018-2020. In discussione ci sar\u00e0 quindi la variazione al bilancio di previsione necessaria per applicare la quota di avanzo di amministrazione emersa dal rendiconto dello scorso anno.<\/p>\n<p>&nbsp;<\/p>\n<h1><\/h1>\n<p>&nbsp;<\/p>\n<p>&nbsp;<\/p>\n<p>&nbsp;<\/p>\n<p>&nbsp;<\/p>\n<blockquote><p>&nbsp;<\/p>\n<h1>MERCATO CONTADINO IN LARGO CASTALDI<\/h1>\n<\/blockquote>\n<p><img loading=\"lazy\" decoding=\"async\" class=\" wp-image-54316 alignleft\" src=\"http:\/\/www.radiopiu.net\/wordpress\/wp-content\/uploads\/2018\/07\/Debora_large-276x300.jpg\" alt=\"\" width=\"151\" height=\"164\" srcset=\"https:\/\/www.radiopiu.net\/wordpress\/wp-content\/uploads\/2018\/07\/Debora_large-276x300.jpg 276w, https:\/\/www.radiopiu.net\/wordpress\/wp-content\/uploads\/2018\/07\/Debora_large.jpg 441w\" sizes=\"auto, (max-width: 151px) 100vw, 151px\" \/><\/p>\n<p><strong>FELTRE<\/strong> L&#8217;agrimercato, esperienza sperimentata con successo lo scorso anno nell&#8217;area dell&#8217;ex Manifattura \u00e8 stata ripresa da qualche settimana nella nuova collocazione di Largo Castaldi (area prospiciente il bar torrefazione\/edicola Curto). \u201cUna scelta, quella di portare il mercato contadino nella nuova ubicazione, dettata dalla volont\u00e0 di dare ai venditori locali massima visibilit\u00e0 per i propri prodotti e contribuire al tempo stesso a potenziare la zona commerciale cittadina&#8221;. Lo afferma l&#8217;assessore alle attivit\u00e0 produttive Debora Nicoletto, ma sentiamola ai microfoni di RADIO PIU.<\/p>\n<audio class=\"wp-audio-shortcode\" id=\"audio-54304-9\" preload=\"none\" style=\"width: 100%;\" controls=\"controls\"><source type=\"audio\/mpeg\" src=\"http:\/\/www.radiopiu.net\/wordpress\/wp-content\/uploads\/2018\/07\/DEBORA.mp3?_=9\" \/><a href=\"http:\/\/www.radiopiu.net\/wordpress\/wp-content\/uploads\/2018\/07\/DEBORA.mp3\">http:\/\/www.radiopiu.net\/wordpress\/wp-content\/uploads\/2018\/07\/DEBORA.mp3<\/a><\/audio>\n<p>&nbsp;<\/p>\n<p>&nbsp;<\/p>\n<p>&nbsp;<\/p>\n<p>&nbsp;<\/p>\n<blockquote>\n<h1>VOLONTARI CERCASI<\/h1>\n<\/blockquote>\n<p><strong>ROCCA PIETORE<\/strong> Il Centro estivo &#8220;Il Bosco di Re Ombro&#8221; di Sottoguda cerca studenti\/ragazzi come volontari per il mese di agosto (da luned\u00ec al gioved\u00ec) con possibilit\u00e0 di certificazione dei crediti scolastici. Per info email: centroestivo@societanuova.eu oppure al numero 3477091895<\/p>\n<p>&nbsp;<\/p>\n<p>&nbsp;<\/p>\n<p>&nbsp;<\/p>\n<p>&nbsp;<\/p>\n<blockquote>\n<h2><strong>&#8211; 2 ALL&#8217;OPEN DAY, CON GLI STUDENTI EVENTO PER TUTTI<\/strong><\/h2>\n\n\t\t\t<style type='text\/css'>\n\t\t\t\t#gallery-2 {\n\t\t\t\t\tmargin: auto;\n\t\t\t\t}\n\t\t\t\t#gallery-2 .gallery-item {\n\t\t\t\t\tfloat: left;\n\t\t\t\t\tmargin-top: 10px;\n\t\t\t\t\ttext-align: center;\n\t\t\t\t\twidth: 33%;\n\t\t\t\t}\n\t\t\t\t#gallery-2 img {\n\t\t\t\t\tborder: 2px solid #cfcfcf;\n\t\t\t\t}\n\t\t\t\t#gallery-2 .gallery-caption {\n\t\t\t\t\tmargin-left: 0;\n\t\t\t\t}\n\t\t\t\t\/* see gallery_shortcode() in wp-includes\/media.php *\/\n\t\t\t<\/style>\n\t\t<div id='gallery-2' class='dt-gallery-container gallery galleryid-54304 gallery-columns-3 gallery-size-thumbnail'><dl class='gallery-item'>\n\t\t\t\t<dt class='gallery-icon landscape'>\n\t\t\t\t\t<a class=\"rollover\" href='https:\/\/www.radiopiu.net\/wordpress\/il-saluto-agli-studenti-tra-le-collezioni\/its-maggio-2018_web-5133-2\/'><img loading=\"lazy\" decoding=\"async\" width=\"150\" height=\"150\" src=\"https:\/\/www.radiopiu.net\/wordpress\/wp-content\/uploads\/2018\/07\/ITS-maggio-2018_web-5133-1-150x150.jpg\" class=\"attachment-thumbnail size-thumbnail\" alt=\"\" \/><\/a>\n\t\t\t\t<\/dt><\/dl><dl class='gallery-item'>\n\t\t\t\t<dt class='gallery-icon portrait'>\n\t\t\t\t\t<a class=\"rollover\" href='https:\/\/www.radiopiu.net\/wordpress\/il-saluto-agli-studenti-tra-le-collezioni\/its-maggio-2018_web-5072-2\/'><img loading=\"lazy\" decoding=\"async\" width=\"150\" height=\"150\" src=\"https:\/\/www.radiopiu.net\/wordpress\/wp-content\/uploads\/2018\/07\/ITS-maggio-2018_web-5072-1-150x150.jpg\" class=\"attachment-thumbnail size-thumbnail\" alt=\"\" \/><\/a>\n\t\t\t\t<\/dt><\/dl><dl class='gallery-item'>\n\t\t\t\t<dt class='gallery-icon portrait'>\n\t\t\t\t\t<a class=\"rollover\" href='https:\/\/www.radiopiu.net\/wordpress\/il-saluto-agli-studenti-tra-le-collezioni\/its-maggio-2018_web-5117-2\/'><img loading=\"lazy\" decoding=\"async\" width=\"150\" height=\"150\" src=\"https:\/\/www.radiopiu.net\/wordpress\/wp-content\/uploads\/2018\/07\/ITS-maggio-2018_web-5117-1-150x150.jpg\" class=\"attachment-thumbnail size-thumbnail\" alt=\"\" \/><\/a>\n\t\t\t\t<\/dt><\/dl><br style=\"clear: both\" \/><dl class='gallery-item'>\n\t\t\t\t<dt class='gallery-icon landscape'>\n\t\t\t\t\t<a class=\"rollover\" href='https:\/\/www.radiopiu.net\/wordpress\/il-saluto-agli-studenti-tra-le-collezioni\/its-maggio-2018_web-5104-2\/'><img loading=\"lazy\" decoding=\"async\" width=\"150\" height=\"150\" src=\"https:\/\/www.radiopiu.net\/wordpress\/wp-content\/uploads\/2018\/07\/ITS-maggio-2018_web-5104-1-150x150.jpg\" class=\"attachment-thumbnail size-thumbnail\" alt=\"\" \/><\/a>\n\t\t\t\t<\/dt><\/dl><dl class='gallery-item'>\n\t\t\t\t<dt class='gallery-icon landscape'>\n\t\t\t\t\t<a class=\"rollover\" href='https:\/\/www.radiopiu.net\/wordpress\/il-saluto-agli-studenti-tra-le-collezioni\/its-maggio-2018_web-5092-2\/'><img loading=\"lazy\" decoding=\"async\" width=\"150\" height=\"150\" src=\"https:\/\/www.radiopiu.net\/wordpress\/wp-content\/uploads\/2018\/07\/ITS-maggio-2018_web-5092-1-150x150.jpg\" class=\"attachment-thumbnail size-thumbnail\" alt=\"\" \/><\/a>\n\t\t\t\t<\/dt><\/dl><dl class='gallery-item'>\n\t\t\t\t<dt class='gallery-icon landscape'>\n\t\t\t\t\t<a class=\"rollover\" href='https:\/\/www.radiopiu.net\/wordpress\/il-saluto-agli-studenti-tra-le-collezioni\/its-maggio-2018_web-5153-2\/'><img loading=\"lazy\" decoding=\"async\" width=\"150\" height=\"150\" src=\"https:\/\/www.radiopiu.net\/wordpress\/wp-content\/uploads\/2018\/07\/ITS-maggio-2018_web-5153-1-150x150.jpg\" class=\"attachment-thumbnail size-thumbnail\" alt=\"\" \/><\/a>\n\t\t\t\t<\/dt><\/dl><br style=\"clear: both\" \/>\n\t\t\t<\/div>\n<\/blockquote>\n<p><strong>LONGARONE<\/strong> Dalla natura agli smartphone, l\u2019ispirazione pu\u00f2 arrivare dagli stimoli pi\u00f9 disparati: questo \u00e8 il concetto di fondo che esprimeranno le 15 collezioni di occhiali realizzate dagli allievi del biennio 2016\/2018 dell\u2019Academy in Design e Tecnica dell\u2019Occhiale. Collezioni che saranno al centro dell\u2019Open Day organizzato da Certottica il 20 luglio alle ore 18 nella sede di Longarone per celebrare la fine del corso.\u00a0 Dall\u2019ideazione alla progettazione, prototipazione e industrializzazione, i nuovi tecnici illustreranno alla platea le fasi di studio che hanno coniugato i fattori di stile e le tendenze con le caratteristiche tecniche di un prodotto unico come l\u2019occhiale, oggetto di moda, ma allo stesso tempo, dispositivo di protezione individuale.\u00a0 L\u2019Academy in Design e Tecnica dell\u2019Occhiale, promossa in sinergia alla Fondazione ITS COSMO e con il sostegno di MIDO, Milano Eyewear Show, \u00e8 un iter formativo in grado di forgiare figure preparate ad affrontare le sfide della competitivit\u00e0 contemporanea in ottica Industria 4.0 con strumenti, approcci e mentalit\u00e0 agili e flessibili: a testimoniarlo, il 20 luglio saranno presenti anche le numerose aziende che hanno attinto a questo rigoglioso vivaio e che hanno assunto oltre l\u201985% dei diplomati delle edizioni gi\u00e0 concluse dell\u2019Academy.\u00a0 Dopo il saluto introduttivo dell\u2019Area Formazione di Certottica, infatti, parleranno studenti, docenti e aziende\u2026prima di toccare con mano le collezioni dei giovani che verranno esposte in una location dedicata nella sede di Longarone.<\/p>\n<blockquote><p><em>L\u2019evento \u00e8 aperto a tutti: per ulteriori informazioni, Vi invitiamo a contattare l\u2019Area Formazione di Certottica scrivendo a formazione@certottica.it o telefonando allo 0437573157.<\/em><\/p><\/blockquote>\n<p>&nbsp;<\/p>\n<p>&nbsp;<\/p>\n<p>&nbsp;<\/p>\n<h1><\/h1>\n<h1>LETTERE AL DIRETTORE.<\/h1>\n<p><em><strong><img loading=\"lazy\" decoding=\"async\" class=\"size-medium wp-image-54317 alignleft\" src=\"http:\/\/www.radiopiu.net\/wordpress\/wp-content\/uploads\/2018\/07\/3cfc7f55-e683-46a8-a6df-c151f012424c-768x432-1-300x169.jpg\" alt=\"\" width=\"300\" height=\"169\" srcset=\"https:\/\/www.radiopiu.net\/wordpress\/wp-content\/uploads\/2018\/07\/3cfc7f55-e683-46a8-a6df-c151f012424c-768x432-1-300x169.jpg 300w, https:\/\/www.radiopiu.net\/wordpress\/wp-content\/uploads\/2018\/07\/3cfc7f55-e683-46a8-a6df-c151f012424c-768x432-1.jpg 768w\" sizes=\"auto, (max-width: 300px) 100vw, 300px\" \/>TAIBON<\/strong> Oggi pomeriggio parlavo con un mio amico collezionista di stampe antiche, libri e documenti e ovviamente abbiamo commentato il discorso della biblioteca di Taibon facendo lo stesso ragionamento dopo aver sentito alla radio che i libri sono andati al macero all&#8217;ecocentro, ci siamo rabbrividiti pensando alla distruzione di una cultura accumulata e mantenuta nel tempo dal Maestro di Treviso Mario Diluviani, cittadino onorario di Taibon . Pensare che noi andiamo ai mercatini dell&#8217; antiquariato per raccogliere questi libri e in un attimo sono andati distrutti in un ecocentro. Per esempio il gruppo Alpini di Agordo e Taibon invia ogni anno un pacco di libri ai bambini dei paesi terremotati per le loro biblioteche , piuttosto che gettarli al macero ci sarebbero state sicuramente altre soluzioni anche interessando i cittadini di Taibon. Ho sentito che una persona voleva prendere un libro dal furgoncino del Comune ed \u00e8 stato chiamato addirittura il vigile per impedirlo perch\u00e8 tassativamente dovevano essere distrutti . Sicuramente il Maestro si rigirer\u00e0 nella tomba&#8230;&#8230;&#8230;&#8230;&#8230;&#8230;&#8230;Almeno era possibile fare a meno di pubblicizzare questo scempio?<\/em><br \/>\n<strong>lettera firmata<\/strong><\/p>\n<p>In merito alla lettera voglio specificare che alcuni cittadini hanno chiesto la possibilit\u00e0 di poter salvare alcuni libri per la proprio biblioteca,\u00a0 l&#8217;ufficio tenico,\u00a0 interpellato in proposito, non avrebbe posto vincoli, ma ha permesso che gli interessati si prendessero quanto richiesto. (MM)<\/p>\n<p>&nbsp;<\/p>\n<blockquote>\n<h1><span style=\"color: #ff0000;\">archivio, 12 luglio<\/span><\/h1>\n<h1>CHIUDE LA BIBLIOTECA, NUOVI SPAZI PER LA DOLOMITI CONCEPT LAB<\/h1>\n<\/blockquote>\n<p><strong><img loading=\"lazy\" decoding=\"async\" class=\" wp-image-53714 alignleft\" src=\"http:\/\/www.radiopiu.net\/wordpress\/wp-content\/uploads\/2018\/07\/3cfc7f55-e683-46a8-a6df-c151f012424c-300x169.jpg\" alt=\"\" width=\"343\" height=\"193\" srcset=\"https:\/\/www.radiopiu.net\/wordpress\/wp-content\/uploads\/2018\/07\/3cfc7f55-e683-46a8-a6df-c151f012424c-300x169.jpg 300w, https:\/\/www.radiopiu.net\/wordpress\/wp-content\/uploads\/2018\/07\/3cfc7f55-e683-46a8-a6df-c151f012424c-768x432.jpg 768w, https:\/\/www.radiopiu.net\/wordpress\/wp-content\/uploads\/2018\/07\/3cfc7f55-e683-46a8-a6df-c151f012424c-1024x576.jpg 1024w, https:\/\/www.radiopiu.net\/wordpress\/wp-content\/uploads\/2018\/07\/3cfc7f55-e683-46a8-a6df-c151f012424c.jpg 1600w\" sizes=\"auto, (max-width: 343px) 100vw, 343px\" \/>TAIBON<\/strong> Quello che restava della Biblioteca ieri \u00e8 stato caricato sul camion comunale per essere poi smaltito all&#8217;econcentro. La fine della Biblioteca \u00e8 iniziata con la malattia e la successiva scomparsa del maestro Mario Diluviani che con tanta passione l&#8217;aveva fondata e provvedeva quotidianamente a tenerla in ordine, cos\u00ec come l&#8217;archivio Don Tamis. Quest&#8217;ultimo ha trovato collocazione nei locali dell&#8217;Unione Montana con la supervisione di Patrizio De Ventura che gi\u00e0 segue con attenzione la Biblioteca del Circolo Culturale Agordino ad Agordo.<br \/>\n<em>&#8220;La decisione di smantellare la Biblioteca -spiega il sindaco Silvia Tormen &#8211; \u00e8 stata presa ancora alcuni anni quando abbiamo ragionato su quale sede dare all&#8217;associazione Dolomiti Concept Lab che oggi occupa quei locali, una stanza \u00e8 stata invece riservata all&#8217;associazione Pettirosso Agordino&#8221;.<\/em><br \/>\n<strong>Quali le motivazioni che hanno portato alla chiusura della Biblioteca?<\/strong><br \/>\n<em>&#8220;Con la malattia e la scomparsa di Mario Diluviani la Biblioteca non \u00e8 pi\u00f9 stata aperta, per questo l&#8217;archivio Tamis \u00e8 stato trasferito ad Agordo. Nei primi anni di mandato mai nessuno mi ha chiesto di poter accedere alla Biblioteca, nessuno si \u00e8 inoltre mai interessato ad una sua possibile gestione, se non ultimamente ma a decisioni ormai prese&#8221;.<\/em><br \/>\n<strong>Quindi tutto il materiale che era all&#8217;interno \u00e8 finito all&#8217;ecocentro?<\/strong><br \/>\n<em>&#8220;Molti libri sono stati portati alle scuole elementari del paese. Inoltre ci siamo affidati ad un&#8217;archivista, Martina Strazzabosco, esperta del settore al centro Studi Bellunese. Ha analizzato lo stato dei materiale e abbiamo convenuto che non c&#8217;era pi\u00f9 il senso e la logica di tenere aperta una Biblioteca &#8220;povera&#8221; mentre ad Agordo quella esistente pi\u00f9 sviluppata, soddisfa tutte le esigenze con un&#8217;ampia offerta. La Dolomiti Concept Lab \u00e8 una struttura moderna che interessa i giovani di tutto l&#8217;Agordino e apre pertanto alle nuove generazioni. Un&#8217;attivit\u00e0 diversa dalla Biblioteca, un&#8217;alternativa in pi\u00f9&#8221;.<\/em><br \/>\n<strong>Quindi una scelta politica?<\/strong><br \/>\n<em>&#8220;Una scelta politica certo, ma anche perch\u00e9 la Biblioteca non interessava nessuno. I libri e il materiale portato al macero sono stati selezionati dall&#8217;archivista che ci ha presentato un&#8217;approfondita relazione&#8221;<\/em>.<\/p>\n<p>&nbsp;<\/p>\n<p>&nbsp;<\/p>\n<p>&nbsp;<\/p>\n<p>&nbsp;<\/p>\n<p>&nbsp;<\/p>\n<blockquote>\n<h1>ALICE NELLE CITTA&#8217;<\/h1>\n<\/blockquote>\n<p><strong>SEDICO<\/strong><\/p>\n<p><strong>DI ROBERTO BONA<\/strong><\/p>\n<audio class=\"wp-audio-shortcode\" id=\"audio-54304-10\" preload=\"none\" style=\"width: 100%;\" controls=\"controls\"><source type=\"audio\/mpeg\" src=\"http:\/\/www.radiopiu.net\/wordpress\/wp-content\/uploads\/2018\/07\/gr-18-roberto-bona.mp3?_=10\" \/><a href=\"http:\/\/www.radiopiu.net\/wordpress\/wp-content\/uploads\/2018\/07\/gr-18-roberto-bona.mp3\">http:\/\/www.radiopiu.net\/wordpress\/wp-content\/uploads\/2018\/07\/gr-18-roberto-bona.mp3<\/a><\/audio>\n<p>&nbsp;<\/p>\n<p>&nbsp;<\/p>\n<p>&nbsp;<\/p>\n<p>&nbsp;<\/p>\n<p>&nbsp;<\/p>\n<blockquote>\n<h1>APPUNTAMENTI, DALLA FABBRICA DELLE EMOZIONI DI RADIO PIU<\/h1>\n<\/blockquote>\n<p>&nbsp;<\/p>\n<p><strong><span style=\"color: #000000;\"><img loading=\"lazy\" decoding=\"async\" class=\"size-medium wp-image-54114 alignleft\" src=\"http:\/\/www.radiopiu.net\/wordpress\/wp-content\/uploads\/2018\/07\/37237335_10214785730735294_7427970265679659008_n-1-211x300.jpg\" alt=\"\" width=\"211\" height=\"300\" srcset=\"https:\/\/www.radiopiu.net\/wordpress\/wp-content\/uploads\/2018\/07\/37237335_10214785730735294_7427970265679659008_n-1-211x300.jpg 211w, https:\/\/www.radiopiu.net\/wordpress\/wp-content\/uploads\/2018\/07\/37237335_10214785730735294_7427970265679659008_n-1.jpg 676w\" sizes=\"auto, (max-width: 211px) 100vw, 211px\" \/>SABATO<\/span><\/strong> alle 17 in chiesa a San Simon di Vallada La Grande Guerra cantata dal coro alpino di Preganziol (Treviso) diretto da Francesca Gallo.<\/p>\n<p>&nbsp;<\/p>\n<p><strong>SABATO<\/strong> alle 20.45 &#8220;Canta Frassene&#8217; Estate&#8221; in chiesa San Nicol\u00f2 canteranno il coro femminile Col di Lana di Livinallongo diretto da Anna Devich e il Gruppo Corale Voci in Valle di Sedico di Bruno Cargnel e Marisa Santomaso.<\/p>\n<p>&nbsp;<\/p>\n<p><strong>SABATO<\/strong>\u00a0alle 18 Decima edizione della Corrinvalle, corsa podistica non competitiva di 6 chilometri da San Cipriano di Taibon alla chiesetta di San Lucano presso il tendone della sagra. In palio il memorial Silvano Artico, valida per la combinata con la Ciclinvalle del 26 agosto. Organizza il Gs Taibon, iscrizioni alla partenza dalle 16.30.<\/p>\n<p>&nbsp;<\/p>\n<p><strong>DOMENICA<\/strong> a Livinallongo 6^ vertical km Col, il via alle 10 lungo il tracciato che inizia a Pieve di Livinallongo di fianco al tendone della festa patronale, domani alle 15.10 e alle 21.00 Giampaolo Soratroi presenta la competizione, 2,2 km di sviluppo per ben 1000 metri di dislivello. Gi\u00e0 in passato hanno firmato la vittoria grandi specialisti della\u00a0 corsa in montagna, e per domenica \u00e8 attesa la presenza di Michele Boscacci, vincitore<br \/>\ndella coppa del mondo di sci alpinismo, e altri atleti e atlete di primo piano. Le\u00a0 iscrizioni on line, oppure domenica mattina alla partenza fino alle 9.<\/p>\n<p>&nbsp;<\/p>\n<p><strong><img loading=\"lazy\" decoding=\"async\" class=\"size-medium wp-image-54265 alignleft\" src=\"http:\/\/www.radiopiu.net\/wordpress\/wp-content\/uploads\/2018\/07\/WhatsApp-Image-2018-07-14-at-15.02.59-212x300.jpeg\" alt=\"\" width=\"212\" height=\"300\" srcset=\"https:\/\/www.radiopiu.net\/wordpress\/wp-content\/uploads\/2018\/07\/WhatsApp-Image-2018-07-14-at-15.02.59-212x300.jpeg 212w, https:\/\/www.radiopiu.net\/wordpress\/wp-content\/uploads\/2018\/07\/WhatsApp-Image-2018-07-14-at-15.02.59.jpeg 723w\" sizes=\"auto, (max-width: 212px) 100vw, 212px\" \/><\/strong><\/p>\n<p>&nbsp;<\/p>\n<p>&nbsp;<\/p>\n<p><strong>SABATO E DOMENICA A SAN LUCANO, LA SAGRA\u00a0\u00a0<\/strong>Sabato alle 15 pesca di beneficenza, 18 Corrinvalle e mini Corrinvalle 190 stand gastronomico e musica con Cosmo e Roberto. Domenica alle 8 pesca alla trota sul Tegnas, 10 pesca beneficenza e mercatino, 11 messa, 12 stand gastronomico e musica con Eros e Oscar, 5 giochi di una volta, dimostrazione pompieri volontari Agordo, 19 stand gastronomico musica Eros e Oscar<\/p>\n<p>&nbsp;<\/p>\n<p>&nbsp;<\/p>\n<p>&nbsp;<\/p>\n<p>&nbsp;<\/p>\n<p>&nbsp;<\/p>\n<p><strong>VENERDI SERA, SCHENOT IN FESTA A PRAGRANDE<\/strong><\/p>\n<audio class=\"wp-audio-shortcode\" id=\"audio-54304-11\" preload=\"none\" style=\"width: 100%;\" controls=\"controls\"><source type=\"audio\/mpeg\" src=\"http:\/\/www.radiopiu.net\/wordpress\/wp-content\/uploads\/2018\/07\/SCHENOT.mp3?_=11\" \/><a href=\"http:\/\/www.radiopiu.net\/wordpress\/wp-content\/uploads\/2018\/07\/SCHENOT.mp3\">http:\/\/www.radiopiu.net\/wordpress\/wp-content\/uploads\/2018\/07\/SCHENOT.mp3<\/a><\/audio>\n<p><strong>I FIORI PER GENERARE ARTE, L&#8217;ARTE PER CONOSCERE I FIORI<\/strong>. Al Castello di Andraz dal 27\u00a0 luglio al 9 settembre l&#8217;arte di Riccardo Gabrieli. Evento organizzato da Istitut Ladin Cesa de Jan.<\/p>\n<p><strong>CESA DE JAN, ESPOSIZIONI E MOSTRE:<\/strong> dal lunedi al venerdi dalle 9 alle 12.30 e dalle 15 alle 18. Tutte le domeniche di agosto dalle 15 alle 18. Info 0437 720609<\/p>\n<p><strong>DOMENICA RADUNO DEI VESPISTI AD AGORDO, AUDIO<\/strong><\/p>\n<audio class=\"wp-audio-shortcode\" id=\"audio-54304-12\" preload=\"none\" style=\"width: 100%;\" controls=\"controls\"><source type=\"audio\/mpeg\" src=\"http:\/\/www.radiopiu.net\/wordpress\/wp-content\/uploads\/2018\/07\/Copia-di-VESPA-RADUNO-AGORDO.mp3?_=12\" \/><a href=\"http:\/\/www.radiopiu.net\/wordpress\/wp-content\/uploads\/2018\/07\/Copia-di-VESPA-RADUNO-AGORDO.mp3\">http:\/\/www.radiopiu.net\/wordpress\/wp-content\/uploads\/2018\/07\/Copia-di-VESPA-RADUNO-AGORDO.mp3<\/a><\/audio>\n<p>&nbsp;<\/p>\n<p>&nbsp;<\/p>\n<p>&nbsp;<\/p>\n<p>&nbsp;<\/p>\n<blockquote>\n<h1>GIOVEDI DELLA BIBLIOTECA&#8230;CONTINUA<\/h1>\n<\/blockquote>\n<p><strong>FALCADE\u00a0<\/strong>Tornano, anche quest\u2019anno, i \u201cGioved\u00ec della Biblioteca\u201d (non solo di gioved\u00ec, in realt\u00e0), ciclo di eventi per adulti e bambini realizzati dalle Biblioteche di Falcade, Canale d\u2019Agordo e di Vallada. MERCOLEDI\u2019 18 LUGLIO Laboratorio Ludico Didattico\u201cColoro i Sassi\u201d per bambini dai 6\/10 anni (su prenotazione max. 15 bambini Costo \u20ac 3.00 ). Presso il Parco Giochi di Falcade dalle ore 15.30 alle 17.00<\/p>\n<p>&nbsp;<\/p>\n<p>&nbsp;<\/p>\n<p>&nbsp;<\/p>\n<p>&nbsp;<\/p>\n<blockquote>\n<h1>IL CORAGGIO DI INSEGUIRE UN SOGNO.<\/h1>\n<\/blockquote>\n<p><strong><img loading=\"lazy\" decoding=\"async\" class=\"size-medium wp-image-35391 alignleft\" src=\"http:\/\/www.radiopiu.net\/wordpress\/wp-content\/uploads\/2017\/08\/foto_musal-300x225.jpg\" alt=\"\" width=\"300\" height=\"225\" \/><\/strong><\/p>\n<p>&nbsp;<\/p>\n<p>&nbsp;<\/p>\n<p>&nbsp;<\/p>\n<p>&nbsp;<\/p>\n<p>&nbsp;<\/p>\n<p><strong>CANALE D&#8217;AGORDO.<\/strong> VENERDI\u00a0 nella sala ex Cavallino al Museo Albino Luciani MusAL di Canale d&#8217;Agordo alle 20.30 serata dedicata a padre Ezechiele Ramin \u201cLele\u201d, missionario comboniano<\/p>\n<p style=\"text-align: left;\"><strong>CHIARA FONTANIVE<\/strong><\/p>\n<audio class=\"wp-audio-shortcode\" id=\"audio-54304-13\" preload=\"none\" style=\"width: 100%;\" controls=\"controls\"><source type=\"audio\/mpeg\" src=\"http:\/\/www.radiopiu.net\/wordpress\/wp-content\/uploads\/2018\/07\/CHIARA-FONTANIVE.mp3?_=13\" \/><a href=\"http:\/\/www.radiopiu.net\/wordpress\/wp-content\/uploads\/2018\/07\/CHIARA-FONTANIVE.mp3\">http:\/\/www.radiopiu.net\/wordpress\/wp-content\/uploads\/2018\/07\/CHIARA-FONTANIVE.mp3<\/a><\/audio>\n<p style=\"text-align: center;\"><strong>ELEONORA SARASIN<\/strong><\/p>\n<audio class=\"wp-audio-shortcode\" id=\"audio-54304-14\" preload=\"none\" style=\"width: 100%;\" controls=\"controls\"><source type=\"audio\/mpeg\" src=\"http:\/\/www.radiopiu.net\/wordpress\/wp-content\/uploads\/2018\/07\/ELEONORA.mp3?_=14\" \/><a href=\"http:\/\/www.radiopiu.net\/wordpress\/wp-content\/uploads\/2018\/07\/ELEONORA.mp3\">http:\/\/www.radiopiu.net\/wordpress\/wp-content\/uploads\/2018\/07\/ELEONORA.mp3<\/a><\/audio>\n<p>&nbsp;<\/p>\n<p>&nbsp;<\/p>\n<p>&nbsp;<\/p>\n<p>&nbsp;<\/p>\n<p>&nbsp;<\/p>\n<blockquote>\n<h1>MIRACOLI IN GIARDINO BUZZATI<\/h1>\n<\/blockquote>\n<p><strong><img loading=\"lazy\" decoding=\"async\" class=\"size-medium wp-image-54302 alignleft\" src=\"http:\/\/www.radiopiu.net\/wordpress\/wp-content\/uploads\/2018\/07\/CARTOLINA-FRONTE-per-web-144x300.jpg\" alt=\"\" width=\"144\" height=\"300\" srcset=\"https:\/\/www.radiopiu.net\/wordpress\/wp-content\/uploads\/2018\/07\/CARTOLINA-FRONTE-per-web-144x300.jpg 144w, https:\/\/www.radiopiu.net\/wordpress\/wp-content\/uploads\/2018\/07\/CARTOLINA-FRONTE-per-web-768x1596.jpg 768w, https:\/\/www.radiopiu.net\/wordpress\/wp-content\/uploads\/2018\/07\/CARTOLINA-FRONTE-per-web-493x1024.jpg 493w, https:\/\/www.radiopiu.net\/wordpress\/wp-content\/uploads\/2018\/07\/CARTOLINA-FRONTE-per-web.jpg 1205w\" sizes=\"auto, (max-width: 144px) 100vw, 144px\" \/>BELLUNO<\/strong> La rassegna culturale GiarDino Buzzati riapre i cancelli della villa con due appuntamenti all\u2019insegna del miracoloso. Gioved\u00ec 26, alle 19 la presentazione dei libri Ville Venete e Ville Friulane, Istriane e Dalmate, di Alessandro Marzo Magno e Pierfranco Fabris, edizione Biblioteca dell\u2019Immagine. Sabato 28 tutti gli appassionati dello scrittore bellunese potranno partecipare a MiracolinGiardino. La serata prender\u00e0 il via alle 19 con la musica dei Whiskey Facile, gruppo composto da Ilenya De Vito (voce), Stefano Ottogalli (chitarra), Lello Gnesutta (basso), che proporranno un vivace repertorio swing; seguir\u00e0 un buffet. Alle 21, nel giardino riechegger\u00e0 la voce di Nina Buzzati, sorella di Dino, in Nina Racconta, raccolta di audio inediti estratti dalle interviste realizzate dal regista Roberto Bristot. Alle 21.30 Roberto Bristot presenta, rimasterizzato, il cortometraggio I Miracoli di Valmorel. Sar\u00e0 Antonella Giacomini a delineare gli aspetti artistici di questo cortometraggio, un racconto visionario e intimista che prende l&#8217;avvio dall&#8217;infanzia dello scrittore e scorre fino a quando Dino Buzzati inizi\u00f2 a dipingere e scrivere \u00abI miracoli di Valmorel\u00bb, sua ultima opera. Le riprese del film sono state interamente girate nei luoghi in cui visse, dalla Villa di San Pellegrino alle porte di Belluno, all\u2019amata Valmorel, attraverso i ricordi della famiglia, dei personaggi e le loro storie. Ci\u00f2 che Roberto Bristot ha voluto comporre \u00e8 un insieme di immagini, al limite tra sogno e realt\u00e0, e atmosfere care all\u2019autore, che hanno plasmato, come pi\u00f9 volte dichiarato dallo stesso Buzzati, il suo immaginario fantastico. Conclusione alle 22.30 con Antonella Morassutti che legger\u00e0 il racconto Plenilunio accompagnata dal violoncello di Teresa Pante. In caso di maltempo tutti gli eventi si svolgeranno in Granaio.<\/p>\n<p>&nbsp;<\/p>\n<p>&nbsp;<\/p>\n<p>&nbsp;<\/p>\n<blockquote>\n<h1>MOSTRA AL PARCO<\/h1>\n<\/blockquote>\n<p><strong>FELTRE<\/strong> Venerd\u00ec 20 luglio saranno inaugurate due mostre del ciclo Uno sguardo sul Parco, la rassegna di nove esposizioni fotografiche, in altrettanti comuni del Parco Nazionale Dolomiti Bellunesi, curate da importanti fotografi. Nello storico Palazzo Borgasio di Feltre, alle 18, sar\u00e0 inaugurata la mostra Il popolo a sangue freddo, del fotografo Ivan Mazzon. La mostra \u00e8 dedicata agli Anfibi e Rettili del Parco Nazionale Dolomiti Bellunesi.In Comune di Sovramonte, nell&#8217;edificio del Casel di Sorriva, sar\u00e0 invece inaugurata, sempre venerd\u00ec alle 18, la mostra Dolomiti Bellunesi\u2026 a parte, del fotografo Elvio Damin. Damin vive a Segusino e da venticinque anni frequenta assiduamente le montagne del Parco Nazionale Dolomiti Bellunesi. Per ulteriori informazioni sul programma degli eventi per i 25 anni del Parco Nazionale Dolomiti consultare il sito www.dolomitipark.it<\/p>\n<p>&nbsp;<\/p>\n<p>&nbsp;<\/p>\n<p>&nbsp;<\/p>\n<blockquote>\n<h1>VIABILITA&#8217;<\/h1>\n<\/blockquote>\n<p>OGGI SENSO UNICO ALTERNATO REGOLATO DA MOVIERI LUNGO LA 346 DEL SAN PELLEGRINO IN LOCALITA&#8217; CELAT DI VALLADA AGORDINA PER REALIZZAZIONE BUCA DI GIUNZIONE CAVI.<\/p>\n<p>OGGI, PROVINCIALE 10 COMUNE DI ALANO DI PIAVE INTERDIZIONE TOTALE AL TRANSITO DALLE 8 ALLE 18.<\/p>\n<p>FINO AL 31 LUGLIO (SABATO E DOMENICA COMPRESO) SENSO UNICO ALTERNATO LUNGO LA 347 DEL DURAN E CEREDA IN COMUNE VAL DI ZOLDO PER LAVORI APERTURA BUCHE PER POSA CAVO ELETTRICO<\/p>\n<p>La strada esterna alla galleria delle anime in Comune di Cencenighe \u00e8 interdetta al traffico per un tratto di oltre un chilometro.<\/p>\n<p>FINO A revoca senso unico con impianto semaforico sulla SP8 per San Tomaso anche sabato e domenica<\/p>\n<p>FINO al 3 agosto lungo la 251 della Val di Zoldo e Cellina senso unico<br \/>\nalternato in localit\u00e0 Fusine per la messa in sicurezza del piano viabile.<\/p>\n<p>FINO al 3 agosto senso unico alternato regolato da semaforo lungo la provinciale 24 della Valparola in Comune di Livinallongo del Col di Lana compresi festivi e prefestivi anche infrasettimanali per consolidamento del corpo stradale.<\/p>\n<p>&nbsp;<\/p>\n<p>&nbsp;<\/p>\n<p>&nbsp;<\/p>\n<p>&nbsp;<\/p>\n<p>&nbsp;<\/p>\n<blockquote>\n<h1 style=\"text-align: center;\">SPORT<\/h1>\n<\/blockquote>\n<p>&nbsp;<\/p>\n<blockquote>\n<h1>ITALIA-CANADA, LA SFIDA DEL POMERIGGIO<\/h1>\n<\/blockquote>\n<p><img loading=\"lazy\" decoding=\"async\" class=\"size-medium wp-image-54284 alignleft\" src=\"http:\/\/www.radiopiu.net\/wordpress\/wp-content\/uploads\/2018\/07\/37224058_2089381957987470_2452673471319113728_n-1-300x142.jpg\" alt=\"\" width=\"300\" height=\"142\" srcset=\"https:\/\/www.radiopiu.net\/wordpress\/wp-content\/uploads\/2018\/07\/37224058_2089381957987470_2452673471319113728_n-1-300x142.jpg 300w, https:\/\/www.radiopiu.net\/wordpress\/wp-content\/uploads\/2018\/07\/37224058_2089381957987470_2452673471319113728_n-1-768x364.jpg 768w, https:\/\/www.radiopiu.net\/wordpress\/wp-content\/uploads\/2018\/07\/37224058_2089381957987470_2452673471319113728_n-1.jpg 960w\" sizes=\"auto, (max-width: 300px) 100vw, 300px\" \/><\/p>\n<p>La fase a gironi del mondiale di hockey in line si chiude con un buon terzo posto per le azzurre, che avanzano alla seconda fase, rientrando quindi tra le migliori 8 squadre al mondo. Oggi alle 17 l&#8217;Italia sfider\u00e0 il Canada per continuare a sognare in grande. Di seguito i risultati delle partite contro Stati Uniti e Argentina, che hanno visto le nostre civette\u00a0 tra le protagoniste azzurre, ITALIA &#8211; STATI UNITI 2-5\u00a0 (Toffano, assist De Rocco; Toffano),\u00a0ITALIA-ARGENTINA\u00a0 2-2, (Roccella; Bisi, assist De Rocco).<\/p>\n<p>&nbsp;<\/p>\n<p>&nbsp;<\/p>\n<p>&nbsp;<\/p>\n<p>&nbsp;<\/p>\n<blockquote>\n<h1>LA LUNGA NUOTATA<\/h1>\n<\/blockquote>\n<p><img loading=\"lazy\" decoding=\"async\" class=\"size-medium wp-image-54299 alignleft\" src=\"http:\/\/www.radiopiu.net\/wordpress\/wp-content\/uploads\/2018\/07\/IMG-20180717-WA0006-300x225.jpg\" alt=\"\" width=\"300\" height=\"225\" srcset=\"https:\/\/www.radiopiu.net\/wordpress\/wp-content\/uploads\/2018\/07\/IMG-20180717-WA0006-300x225.jpg 300w, https:\/\/www.radiopiu.net\/wordpress\/wp-content\/uploads\/2018\/07\/IMG-20180717-WA0006-768x576.jpg 768w, https:\/\/www.radiopiu.net\/wordpress\/wp-content\/uploads\/2018\/07\/IMG-20180717-WA0006-1024x768.jpg 1024w, https:\/\/www.radiopiu.net\/wordpress\/wp-content\/uploads\/2018\/07\/IMG-20180717-WA0006.jpg 1600w\" sizes=\"auto, (max-width: 300px) 100vw, 300px\" \/>Si \u00e8 conclusa senza acuti, ma con una buona prova di squadra la lunga stagione degli esordienti A dell\u2019Ondablu. Infatti, se da un lato le finali regionali spalmate su quattro date (9-10-12-13 luglio) in tre diversi impianti (Montebelluna, Monselice, San Don\u00e0 di Piave), non hanno regalato medaglie, dall\u2019altro hanno confermato la solidit\u00e0 di un gruppo pronto a fare il salto di categoria nella prossima stagione agonistica. I risultati pi\u00f9 importanti sono arrivati dalle staffette femminili, con il quinto posto della 4&#215;100 mista (De Boni, Dalla Libera, Gorza, Bristot) e il settimo posto della 4&#215;100 stile libero (De Boni, Gorza, Dalla Libera, Bristot). Per quanto riguarda le gare individuali da segnalare il quarto posto di Anna De Boni nei 100 dorso (1\u201912\u201d47) e il nono di Camilla Dalla Libera nei 100 rana (1\u201926\u201d14), gara a cui hanno preso parte anche Emma De Marco, Arianna Soppelsa, Zaira De Col\u00f2 ed Edvin Helmi. Buone anche le prove di Angela Gorza (ventitreesima) e Francesco De Bacco (ventiseiesimo) nei 100 farfalla. Concluse le gare, gli allenamenti proseguiranno fino alla fine di luglio, prima del meritato riposo.<br \/>\nIN FOTO LA STAFFETTA Gorza, Bristot, De Boni e Della Libera<\/p>\n<p>&nbsp;<\/p>\n<p>&nbsp;<\/p>\n<p lang=\"it-IT\" align=\"JUSTIFY\"><span style=\"font-family: verdana, sans-serif; font-size: large;\"><b>A Sedico protagonista la corsa con il Grand Prix Giovani e il Mini Trail del Castelliere<\/b><\/span><\/p>\n<p lang=\"it-IT\" align=\"JUSTIFY\"><span style=\"font-family: verdana, sans-serif;\"><b><img loading=\"lazy\" decoding=\"async\" class=\"size-medium wp-image-54322 alignleft\" src=\"http:\/\/www.radiopiu.net\/wordpress\/wp-content\/uploads\/2018\/07\/GPG-Sedico-29.07.2017-la-gara-Cadetti-300x200.jpg\" alt=\"\" width=\"300\" height=\"200\" srcset=\"https:\/\/www.radiopiu.net\/wordpress\/wp-content\/uploads\/2018\/07\/GPG-Sedico-29.07.2017-la-gara-Cadetti-300x200.jpg 300w, https:\/\/www.radiopiu.net\/wordpress\/wp-content\/uploads\/2018\/07\/GPG-Sedico-29.07.2017-la-gara-Cadetti-768x512.jpg 768w, https:\/\/www.radiopiu.net\/wordpress\/wp-content\/uploads\/2018\/07\/GPG-Sedico-29.07.2017-la-gara-Cadetti-1024x683.jpg 1024w, https:\/\/www.radiopiu.net\/wordpress\/wp-content\/uploads\/2018\/07\/GPG-Sedico-29.07.2017-la-gara-Cadetti.jpg 1500w\" sizes=\"auto, (max-width: 300px) 100vw, 300px\" \/>SEDICO\u00a0<\/b> Corsa protagonista a Sedico (Belluno) il prossimo <\/span><b style=\"font-family: verdana, sans-serif;\">28 luglio<\/b><span style=\"font-family: verdana, sans-serif;\">. Di scena, a cura dell&#8217;Atletica Fiori Barp, ci saranno il <\/span><b style=\"font-family: verdana, sans-serif;\">Sedico Gpg<\/b><span style=\"font-family: verdana, sans-serif;\"> (Grand Prix Giovani) e il Minitrail del Castelliere.\u00a0<\/span><span style=\"font-family: verdana, sans-serif;\">Sedico Gpg \u00e8 una gara competitiva per le categorie giovanili (Esordienti, Ragazzi, Cadetti e Allievi) che costituir\u00e0 la sesta prova della <a href=\"http:\/\/21.ma\">21.ma<\/a> edizione del <b>Grand Prix Giovani 2018 Fidal<\/b>. L&#8217;evento assegner\u00e0 anche il titolo di campione provinciale 2018 di Fidal Belluno per le categoria Ragazzi e Cadetti. In concomitanza, si svolger\u00e0 un challenger di marcia per le categorie Ragazzi e Cadetti. Le gare si svolgeranno, su un tracciato con partenza e arrivo in piazza della Vittoria, con inizio alle 16.10.\u00a0<\/span>Al termine delle gare giovanili l&#8217;Atletica Fiori Barp proporr\u00e0 la podistica non competitiva <b>\u201cMini Trail del Castelliere \u2013 tra storia e leggenda\u201d<\/b>: la manifestazione si svolger\u00e0, sempre con partenza e arrivo in Piazza della Vittoria, con inizio alle 19.<\/p>\n<blockquote>\n<h1><\/h1>\n<\/blockquote>\n<h1><\/h1>\n<blockquote>\n<h1><\/h1>\n<h1><\/h1>\n<h1>METEO<\/h1>\n<\/blockquote>\n<p><strong>PREVISIONI DEL TEMPO DA OGGI A SABATO<\/strong><br \/>\n<strong>Mercoledi 18<\/strong><br \/>\nTempo atteso: Splendida giornata con clima estivo. Al mattino tempo ben soleggiato con cielo in prevalenza sereno e aria tersa. Nel pomeriggio sole e modesti annuvolamenti cumuliformi, pi\u00f9 presenti sulle vette prealpine. Clima caldo a tutte le quote.<br \/>\nPrecipitazioni: Assenti (0%).<br \/>\nTemperature: In lieve aumento con valori massimi superiori alla norma (3\/4\u00b0C di scarto positivo). Previste punte di 29\/30\u00b0C nelle conche prealpine e di 25\/26\u00b0C a 1000\/1200 m. Su Prealpi a 1500 m min 14\u00b0C max 19\u00b0C, a 2000 m min 11\u00b0C max 16\u00b0C. Su Dolomiti a 2000 m min 10\u00b0C max 17\u00b0C, a 3000 m min 4\u00b0C max 7\u00b0C.<br \/>\nVenti: Nelle valli generalmente deboli, con locali rinforzo per brezze; in quota perlopi\u00f9 deboli da Nord Nord-Ovest, a 5-10 km\/h a 2000 m, a 10-15 km\/h a 3000 m.<br \/>\n<strong>Giovedi 19<\/strong><br \/>\nTempo atteso: Tempo in prevalenza soleggiato e caldo con cielo perlopi\u00f9 sereno al mattino, mentre qualche cumulo di bel tempo si svilupper\u00e0 al pomeriggio, specie sulle Dolomiti. Alla sera la probabilit\u00e0 di qualche temporale di calore non sar\u00e0 del tutto da escludere, pur rimanendo molto bassa. Clima prettamente estivo, anche caldo nei fondovalle.<br \/>\nPrecipitazioni: Assenti (0%), eccetto qualche isolato temporale di calore in serata (10%), specie sulle Dolomiti.<br \/>\nTemperature: In ulteriore generale lieve aumento a tutte le quote con valori massimi superiori alla norma. Sono previste punte di 30\/31\u00b0C nei fondovalle prealpini e di 26\/27\u00b0C a 1000\/1200 m. Su Prealpi a 1500 m min 15\u00b0C max 21\u00b0C, a 2000 m min 12\u00b0C max 17\u00b0C. Su Dolomiti a 2000 m min 11\u00b0C max 18\u00b0C, a 3000 m min 6\u00b0C max 8\u00b0C.<br \/>\nVenti: Nelle valli generalmente da deboli a moderati per brezze; in quota deboli da Nord Nord-Ovest, a 5-10 km\/h a 2000 m, a 10-15 km\/h a 3000 m.<br \/>\n<strong>Venerdi 20<\/strong><br \/>\nTempo ancora in prevalenza soleggiato e caldo fino al primo pomeriggio. in seguito, a differenza dei giorni precedenti, aumenter\u00e0 la nuvolosit\u00e0, assieme al rischio di qualche temporale, specie nel tardo pomeriggio\/sera e soprattutto sulle Dolomiti. Temperature estive. Venti in quota deboli dai quadranti occidentali, a regime di brezza nelle valli.<br \/>\n<strong>Sabato 21<\/strong><br \/>\nTempo variabile\/instabile con molte nubi e qualche rovescio o temporale nella notte e soprattutto tra le ore centrali e la prima parte del pomeriggio. Probabili ampi rasserenamenti da met\u00e0 pomeriggio in poi, specie sulle Dolomiti. Temperature in contenuta flessione. Venti moderati\/tesi da Sud-Ovest in quota. Previsore: R.L.Th.<\/p>\n<p>&nbsp;<\/p>\n","protected":false},"excerpt":{"rendered":"<p>REGIONALE 203 AGORDINA PRUDENZA, OPERAI AL LAVORO RIFACIMENTO SEGNALETICA DA SALA DI ALLEGHE A PASSO FEDAIA &nbsp; &nbsp; &nbsp; UN ALTRO MOTOCICLISTA IN OSPEDALE FALCADE. Ancora un incidente tra moto e auto, \u00e8 successo nel primo pomeriggio di ieri\u00a0 sulle strade di Falcade. Ad avere la peggio il centauro svizzero C.L. del Canton Turgau di\u00a0&hellip;<\/p>\n","protected":false},"author":1,"featured_media":54279,"comment_status":"closed","ping_status":"closed","sticky":false,"template":"","format":"standard","meta":{"_monsterinsights_skip_tracking":false,"_monsterinsights_sitenote_active":false,"_monsterinsights_sitenote_note":"","_monsterinsights_sitenote_category":0,"footnotes":""},"categories":[2,49],"tags":[],"class_list":["post-54304","post","type-post","status-publish","format-standard","has-post-thumbnail","hentry","category-news","category-news-18","category-2","category-49","description-off"],"img_url":"https:\/\/www.radiopiu.net\/wordpress\/wp-content\/uploads\/2018\/07\/WhatsApp-Image-2018-07-17-at-12.07.57.jpeg","_links":{"self":[{"href":"https:\/\/www.radiopiu.net\/wordpress\/wp-json\/wp\/v2\/posts\/54304","targetHints":{"allow":["GET"]}}],"collection":[{"href":"https:\/\/www.radiopiu.net\/wordpress\/wp-json\/wp\/v2\/posts"}],"about":[{"href":"https:\/\/www.radiopiu.net\/wordpress\/wp-json\/wp\/v2\/types\/post"}],"author":[{"embeddable":true,"href":"https:\/\/www.radiopiu.net\/wordpress\/wp-json\/wp\/v2\/users\/1"}],"replies":[{"embeddable":true,"href":"https:\/\/www.radiopiu.net\/wordpress\/wp-json\/wp\/v2\/comments?post=54304"}],"version-history":[{"count":0,"href":"https:\/\/www.radiopiu.net\/wordpress\/wp-json\/wp\/v2\/posts\/54304\/revisions"}],"wp:featuredmedia":[{"embeddable":true,"href":"https:\/\/www.radiopiu.net\/wordpress\/wp-json\/wp\/v2\/media\/54279"}],"wp:attachment":[{"href":"https:\/\/www.radiopiu.net\/wordpress\/wp-json\/wp\/v2\/media?parent=54304"}],"wp:term":[{"taxonomy":"category","embeddable":true,"href":"https:\/\/www.radiopiu.net\/wordpress\/wp-json\/wp\/v2\/categories?post=54304"},{"taxonomy":"post_tag","embeddable":true,"href":"https:\/\/www.radiopiu.net\/wordpress\/wp-json\/wp\/v2\/tags?post=54304"}],"curies":[{"name":"wp","href":"https:\/\/api.w.org\/{rel}","templated":true}]}}