{"id":54403,"date":"2018-07-18T14:51:19","date_gmt":"2018-07-18T12:51:19","guid":{"rendered":"http:\/\/www.radiopiu.net\/wordpress\/?p=54403"},"modified":"2018-07-18T14:51:19","modified_gmt":"2018-07-18T12:51:19","slug":"corsi-universitari-a-feltre-si-arricchisce-lofferta-formativa","status":"publish","type":"post","link":"https:\/\/www.radiopiu.net\/wordpress\/corsi-universitari-a-feltre-si-arricchisce-lofferta-formativa\/","title":{"rendered":"CORSI UNIVERSITARI A FELTRE: SI ARRICCHISCE L\u2019OFFERTA FORMATIVA"},"content":{"rendered":"<p><strong><img loading=\"lazy\" decoding=\"async\" class=\"size-medium wp-image-54404 alignleft\" src=\"http:\/\/www.radiopiu.net\/wordpress\/wp-content\/uploads\/2018\/07\/stethoscope-840125_960_720-300x200.jpg\" alt=\"\" width=\"300\" height=\"200\" srcset=\"https:\/\/www.radiopiu.net\/wordpress\/wp-content\/uploads\/2018\/07\/stethoscope-840125_960_720-300x200.jpg 300w, https:\/\/www.radiopiu.net\/wordpress\/wp-content\/uploads\/2018\/07\/stethoscope-840125_960_720-768x512.jpg 768w, https:\/\/www.radiopiu.net\/wordpress\/wp-content\/uploads\/2018\/07\/stethoscope-840125_960_720.jpg 960w\" sizes=\"auto, (max-width: 300px) 100vw, 300px\" \/>FELTRE.<\/strong> Riconquistati i 15 posti del Corso di laurea in tecniche della prevenzione e attivato un secondo Master: l\u2019offerta formativa universitaria delle professioni sanitarie dell\u2019universit\u00e0 di Padova a Feltre si arricchisce e si consolida. Grande soddisfazione in Ulss Dolomiti per il riconoscimento del lavoro svolto.\u00a0 L\u2019Universit\u00e0 di Padova ha pubblicato gli avvisi per l\u2019ammissione corsi di laurea alle professioni sanitarie, secondo i posti stabili dal Ministero, per l\u2019anno Accademico 2018\/2019. Alla sede di Feltre sono stati assegnati 80 posti per il corso di laurea triennale in infermieristica e 15 posti per cittadini comunitari e 2 per cittadini con comunitari di cui 1 per uno studente cinese (programma Marco Polo) per il corso il Tecniche della prevenzione nell\u2019ambiente e nei luoghi di lavoro. Quest\u2019ultimo corso, lo scorso anno era stato sospeso (non era stato cio\u00e8 attivato il 1\u00b0 anno) per il taglio dei posti da parte del Ministero alla sede padovana, con grande dispiacere considerata l\u2019alta richiesta di professionisti di questo settore anche da parte delle aziende del territorio e l\u2019alta percentuale di gradimento del corso da parte degli studenti che lo frequentavano. La notizia della riattivazione del corso, quindi, \u00e8 stata accolta con grande soddisfazione dall\u2019Azienda. Entrambi i corsi hanno durata triennale e si svolgeranno nella sede feltrina. Le preiscrizioni scadono il 5 settembre 2018. Altre buone notizie arrivano anche sul fronte dei master di primo livello. L\u2019Universit\u00e0 Patavina ha attivato due master che riguardano la sede Feltrina. \u00c8 stato attivato, infatti, un master di 1\u00b0 livello per \u201cInfermiere specialista in patologia ed endoscopia dell\u2019apparato digerente\u201d della durata biennale Il Master si prefigge di accrescere competenze e conoscenze di infermieri per operare nell\u2019ambito clinico gastroenterologico, inserendosi nel team professionale con avanzata capacit\u00e0 tecnico-assistenziale. In particolare il Corso fornisce competenze per assumere un ruolo pi\u00f9 partecipativo nell\u2019ambito dei processi diagnostici dell\u2019attivit\u00e0 endoscopica gastroenterologia. Il tirocinio sar\u00e0 svolto nell\u2019Ospedale di Feltre, centro di riferimento regionale per la chirurgia oncologica gastroenetroenterologica.<\/p>\n<blockquote><p><em>\u00ab\u00e8 un risultato importante che ci consente di consolidare con fiducia il rapporto con l\u2019Universit\u00e0 e favorire il sogno di un\u2019ulteriore crescita dell\u2019alta formazione universitaria nel territorio alpino\u00bb, spiega il direttore sanitario Giovanni Maria Pittoni, \u00abQuest\u2019anno oltre 100 giovani anche potranno avere a Feltre l\u2019opportunit\u00e0 di una formazione di alto livello legata alla specificit\u00e0 del territorio rispondendo a concrete opportunit\u00e0 lavorative\u00bb<\/em><\/p><\/blockquote>\n<p>\u00c8 stato confermato, infine, per il terzo anno, il master di 1\u00b0 livello in \u201cPrevenzione ed emergenza in territorio montano e di alta quota\u201d di durata annuale con 15 posti disponibili. L&#8217;obiettivo del Master \u00e8 di formare e\/o arricchire le figure professionali sanitarie di area tecnica preventiva e infermieristica d&#8217;emergenza-urgenza che si occuperanno d&#8217;interventi specifici nell&#8217;ambiente montano. Il Corso vuole quindi trasmettere competenze nei due ambiti operativo e organizzativo, in modo tale che i discenti possano acquisire una formazione adeguata a pianificare linee d&#8217;intervento e di gestione delle possibili criticit\u00e0. I professionisti cos\u00ec formati saranno in grado di utilizzare le conoscenze del complesso sistema di soccorso in emergenza in ambiente montano e d&#8217;alta quota, cos\u00ec da non considerare solo gli aspetti dinamici del mero intervento, ma anche la tutela sia degli operatori sia degli utenti. Quest\u2019anno sar\u00e0 aperto a una vasta area di figure professionali non solo sanitarie come a laureati in alcuni tipi di ingegneria, scienze biologiche, scienze scrimino logiche e scienze forestali. Tutti i bandi sono disponibili nel sito dell\u2019Universit\u00e0 di Padova.<\/p>\n<blockquote><p>&nbsp;<\/p><\/blockquote>\n","protected":false},"excerpt":{"rendered":"<p>FELTRE. Riconquistati i 15 posti del Corso di laurea in tecniche della prevenzione e attivato un secondo Master: l\u2019offerta formativa universitaria delle professioni sanitarie dell\u2019universit\u00e0 di Padova a Feltre si arricchisce e si consolida. Grande soddisfazione in Ulss Dolomiti per il riconoscimento del lavoro svolto.\u00a0 L\u2019Universit\u00e0 di Padova ha pubblicato gli avvisi per l\u2019ammissione corsi&hellip;<\/p>\n","protected":false},"author":1,"featured_media":54404,"comment_status":"closed","ping_status":"closed","sticky":false,"template":"","format":"standard","meta":{"_monsterinsights_skip_tracking":false,"_monsterinsights_sitenote_active":false,"_monsterinsights_sitenote_note":"","_monsterinsights_sitenote_category":0,"footnotes":""},"categories":[2,49],"tags":[],"class_list":["post-54403","post","type-post","status-publish","format-standard","has-post-thumbnail","hentry","category-news","category-news-18","category-2","category-49","description-off"],"img_url":"https:\/\/www.radiopiu.net\/wordpress\/wp-content\/uploads\/2018\/07\/stethoscope-840125_960_720.jpg","_links":{"self":[{"href":"https:\/\/www.radiopiu.net\/wordpress\/wp-json\/wp\/v2\/posts\/54403","targetHints":{"allow":["GET"]}}],"collection":[{"href":"https:\/\/www.radiopiu.net\/wordpress\/wp-json\/wp\/v2\/posts"}],"about":[{"href":"https:\/\/www.radiopiu.net\/wordpress\/wp-json\/wp\/v2\/types\/post"}],"author":[{"embeddable":true,"href":"https:\/\/www.radiopiu.net\/wordpress\/wp-json\/wp\/v2\/users\/1"}],"replies":[{"embeddable":true,"href":"https:\/\/www.radiopiu.net\/wordpress\/wp-json\/wp\/v2\/comments?post=54403"}],"version-history":[{"count":0,"href":"https:\/\/www.radiopiu.net\/wordpress\/wp-json\/wp\/v2\/posts\/54403\/revisions"}],"wp:featuredmedia":[{"embeddable":true,"href":"https:\/\/www.radiopiu.net\/wordpress\/wp-json\/wp\/v2\/media\/54404"}],"wp:attachment":[{"href":"https:\/\/www.radiopiu.net\/wordpress\/wp-json\/wp\/v2\/media?parent=54403"}],"wp:term":[{"taxonomy":"category","embeddable":true,"href":"https:\/\/www.radiopiu.net\/wordpress\/wp-json\/wp\/v2\/categories?post=54403"},{"taxonomy":"post_tag","embeddable":true,"href":"https:\/\/www.radiopiu.net\/wordpress\/wp-json\/wp\/v2\/tags?post=54403"}],"curies":[{"name":"wp","href":"https:\/\/api.w.org\/{rel}","templated":true}]}}