{"id":54408,"date":"2018-07-18T15:40:04","date_gmt":"2018-07-18T13:40:04","guid":{"rendered":"http:\/\/www.radiopiu.net\/wordpress\/?p=54408"},"modified":"2018-07-18T15:43:46","modified_gmt":"2018-07-18T13:43:46","slug":"spopolamento-in-montagna-sara-mica-un-caso","status":"publish","type":"post","link":"https:\/\/www.radiopiu.net\/wordpress\/spopolamento-in-montagna-sara-mica-un-caso\/","title":{"rendered":"SPOPOLAMENTO IN MONTAGNA? SARA&#8217; MICA UN CASO&#8230;"},"content":{"rendered":"<pre>Riceviamo e ben volentieri pubblichiamo.\r\n\"Sono Elena, ieri sono passata alle poste di Agordo per spedire una lettera ed era chiuso, sinceramente non avevo capito immediatamente l'orario appeso alla porta. Sono ritornata oggi, chiuso, un signore gentile che ha trovato chiuso come me,doveva spedire un pacco, mi ha spiegato l'orario, \u00e8 quello estivo, tutta questa settimana  di pomeriggio \u00e8 chiuso, sotto ci sono gli uffici \"limitrofi\" aperti (Sedico).\r\nNiente la spedir\u00f2 luned\u00ec o la riconsegner\u00f2 alla signora che mi ha chiesto un favore, che la spedisca lei domani mattina. Io faccio il turno 6-14 questa settimana.\r\n<img loading=\"lazy\" decoding=\"async\" class=\"aligncenter wp-image-54409 size-large\" src=\"http:\/\/www.radiopiu.net\/wordpress\/wp-content\/uploads\/2018\/07\/IMG_20180718_141833_resized_20180718_032748478-768x1024.jpg\" alt=\"\" width=\"768\" height=\"1024\" srcset=\"https:\/\/www.radiopiu.net\/wordpress\/wp-content\/uploads\/2018\/07\/IMG_20180718_141833_resized_20180718_032748478-768x1024.jpg 768w, https:\/\/www.radiopiu.net\/wordpress\/wp-content\/uploads\/2018\/07\/IMG_20180718_141833_resized_20180718_032748478-225x300.jpg 225w, https:\/\/www.radiopiu.net\/wordpress\/wp-content\/uploads\/2018\/07\/IMG_20180718_141833_resized_20180718_032748478.jpg 780w\" sizes=\"auto, (max-width: 768px) 100vw, 768px\" \/><\/pre>\n","protected":false},"excerpt":{"rendered":"<p>Riceviamo e ben volentieri pubblichiamo. &#8220;Sono Elena, ieri sono passata alle poste di Agordo per spedire una lettera ed era chiuso, sinceramente non avevo capito immediatamente l&#8217;orario appeso alla porta. Sono ritornata oggi, chiuso, un signore gentile che ha trovato chiuso come me,doveva spedire un pacco, mi ha spiegato l&#8217;orario, \u00e8 quello estivo, tutta questa&hellip;<\/p>\n","protected":false},"author":1,"featured_media":0,"comment_status":"closed","ping_status":"closed","sticky":false,"template":"","format":"aside","meta":{"_monsterinsights_skip_tracking":false,"_monsterinsights_sitenote_active":false,"_monsterinsights_sitenote_note":"","_monsterinsights_sitenote_category":0,"footnotes":""},"categories":[2,49],"tags":[],"class_list":["post-54408","post","type-post","status-publish","format-aside","hentry","category-news","category-news-18","post_format-post-format-aside","category-2","category-49","description-off"],"img_url":false,"_links":{"self":[{"href":"https:\/\/www.radiopiu.net\/wordpress\/wp-json\/wp\/v2\/posts\/54408","targetHints":{"allow":["GET"]}}],"collection":[{"href":"https:\/\/www.radiopiu.net\/wordpress\/wp-json\/wp\/v2\/posts"}],"about":[{"href":"https:\/\/www.radiopiu.net\/wordpress\/wp-json\/wp\/v2\/types\/post"}],"author":[{"embeddable":true,"href":"https:\/\/www.radiopiu.net\/wordpress\/wp-json\/wp\/v2\/users\/1"}],"replies":[{"embeddable":true,"href":"https:\/\/www.radiopiu.net\/wordpress\/wp-json\/wp\/v2\/comments?post=54408"}],"version-history":[{"count":0,"href":"https:\/\/www.radiopiu.net\/wordpress\/wp-json\/wp\/v2\/posts\/54408\/revisions"}],"wp:attachment":[{"href":"https:\/\/www.radiopiu.net\/wordpress\/wp-json\/wp\/v2\/media?parent=54408"}],"wp:term":[{"taxonomy":"category","embeddable":true,"href":"https:\/\/www.radiopiu.net\/wordpress\/wp-json\/wp\/v2\/categories?post=54408"},{"taxonomy":"post_tag","embeddable":true,"href":"https:\/\/www.radiopiu.net\/wordpress\/wp-json\/wp\/v2\/tags?post=54408"}],"curies":[{"name":"wp","href":"https:\/\/api.w.org\/{rel}","templated":true}]}}