{"id":54574,"date":"2021-06-30T11:02:53","date_gmt":"2021-06-30T09:02:53","guid":{"rendered":"http:\/\/www.radiopiu.net\/wordpress\/?p=54574"},"modified":"2021-06-30T11:44:02","modified_gmt":"2021-06-30T09:44:02","slug":"la-mongolfiera-di-giorgia","status":"publish","type":"post","link":"https:\/\/www.radiopiu.net\/wordpress\/la-mongolfiera-di-giorgia\/","title":{"rendered":"SULLA MOGOLFIERA DI GIORGIA SALE LA SOLIDARIETA&#8217;"},"content":{"rendered":"<h2><span style=\"color: #0000ff;\">PER<strong>\u00a0RICEVERE QUESTO NOTIZIARIO DIRETTAMENTE SUL TUO CELLULARE ISCRIVITI AL CANALE TELEGRAM\u00a0<\/strong><strong>\u201cRADIO PIU\u00a0 INFORMAZIONE\u201d\u00a0<\/strong><\/span><\/h2>\n<blockquote>\n<h3 style=\"text-align: center;\"><em>1.986 EURO PER GIOVANI CON DISABILIT\u00c0 <\/em><\/h3>\n<\/blockquote>\n<p><strong>BELLUNO\u00a0<\/strong> Un altro bel traguardo quello raggiunto dall&#8217;associazione \u201cLa Mongolfiera di Giorgia Onlus\u201d. Si \u00e8 appena chiuso, infatti, il sesto bando a fine sociale che ha accolto due domande di beneficiari bellunesi, entrambi con certificazione di disabilit\u00e0 per un totale di 1.986 euro per l&#8217;acquisto di un software con relative lezioni di utilizzo per un giovane di 15 anni (706 euro) e di alcune sedute di musicoterapia per un altro utente di 23 anni (1.280 euro). Grande soddisfazione quella espressa dalla presidente Ivana Turrin, che ringrazia quanti hanno dimostrato, in un periodo gravato dalla pandemia, tanta generosit\u00e0 e spirito solidale. Non \u00e8 tutto: la novit\u00e0 \u00e8 che, per l&#8217;estate, l&#8217;associazione ha presentato un bando straordinario in collaborazione con la Cooperativa Sociale CROCEBLu, la quale offre due pacchetti di fisioterapia, ciascuno di dieci sedute. Il bando si chiamer\u00e0 proprio &#8220;CROCEBLu per Giorgia&#8221;: sar\u00e0 attivo dal 1\u00b0 luglio fino al 31 agosto, con le stesse caratteristiche dei bandi gi\u00e0 emessi. Sar\u00e0 cio\u00e8 rivolto agli adolescenti tra i 13 ed i 24 anni, residenti in Veneto, in condizioni di disabilit\u00e0 certificata che hanno bisogno di un po&#8217; di sollievo. Il bando completo \u00e8 disponibile su www.lamongolfieradigiorgia.it<\/p>\n<h2><span style=\"color: #ff0000;\"><strong>\u00a0<\/strong><\/span><\/h2>\n<hr \/>\n<h2><\/h2>\n<h2><span style=\"color: #0000ff;\">PER<strong>\u00a0RICEVERE QUESTO NOTIZIARIO DIRETTAMENTE SUL TUO CELLULARE ISCRIVITI AL CANALE TELEGRAM\u00a0<\/strong><strong>\u201cRADIO PIU\u00a0 INFORMAZIONE\u201d\u00a0<\/strong><\/span><\/h2>\n<h2><span style=\"color: #ff0000;\"><strong><br \/>\nARCHIVIO RADIO PIU&#8217;&#8230;. LA PRESENTAZIONE ALLA RADIO 20 LUGLIO 2018 CON LA MAMMA DI GIORGIA<\/strong><\/span><\/h2>\n<p><img loading=\"lazy\" decoding=\"async\" class=\"size-medium wp-image-54526 alignleft\" src=\"http:\/\/www.radiopiu.net\/wordpress\/wp-content\/uploads\/2018\/07\/37287456_2012007738843929_8627059468967870464_n-199x300.png\" alt=\"\" width=\"199\" height=\"300\" srcset=\"https:\/\/www.radiopiu.net\/wordpress\/wp-content\/uploads\/2018\/07\/37287456_2012007738843929_8627059468967870464_n-199x300.png 199w, https:\/\/www.radiopiu.net\/wordpress\/wp-content\/uploads\/2018\/07\/37287456_2012007738843929_8627059468967870464_n.png 637w\" sizes=\"auto, (max-width: 199px) 100vw, 199px\" \/><\/p>\n<p>&nbsp;<\/p>\n<p>&nbsp;<\/p>\n<p>&nbsp;<\/p>\n<p>&nbsp;<\/p>\n<p>&nbsp;<\/p>\n<p>Un&#8217;associazione (\u00a0<span class=\"_2iem\">Via G. Mameli, 81B\u00a0<\/span><span class=\"_2iem\">Belluno)\u00a0<\/span>nel ricordo di Giorgia, voluta dai sui cari a favore dei meno fortunati. Nostra intervista ad Ivana, la mamma di\u00a0 Giorgia che presenta l&#8217;iniziativa. Tra poco il via al tesseramento, associarsi per aiutare gli altri<\/p>\n<audio class=\"wp-audio-shortcode\" id=\"audio-54574-1\" preload=\"none\" style=\"width: 100%;\" controls=\"controls\"><source type=\"audio\/mpeg\" src=\"http:\/\/www.radiopiu.net\/wordpress\/wp-content\/uploads\/2018\/07\/IVANA.mp3?_=1\" \/><a href=\"http:\/\/www.radiopiu.net\/wordpress\/wp-content\/uploads\/2018\/07\/IVANA.mp3\">http:\/\/www.radiopiu.net\/wordpress\/wp-content\/uploads\/2018\/07\/IVANA.mp3<\/a><\/audio>\n<p>&nbsp;<\/p>\n<p>&nbsp;<\/p>\n<h2><span style=\"color: #0000ff;\">PER<strong>\u00a0RICEVERE QUESTO NOTIZIARIO DIRETTAMENTE SUL TUO CELLULARE ISCRIVITI AL CANALE TELEGRAM\u00a0<\/strong><strong>\u201cRADIO PIU\u00a0 INFORMAZIONE\u201d\u00a0<\/strong><\/span><\/h2>\n<p>***<\/p>\n","protected":false},"excerpt":{"rendered":"<p>PER\u00a0RICEVERE QUESTO NOTIZIARIO DIRETTAMENTE SUL TUO CELLULARE ISCRIVITI AL CANALE TELEGRAM\u00a0\u201cRADIO PIU\u00a0 INFORMAZIONE\u201d\u00a0 1.986 EURO PER GIOVANI CON DISABILIT\u00c0 BELLUNO\u00a0 Un altro bel traguardo quello raggiunto dall&#8217;associazione \u201cLa Mongolfiera di Giorgia Onlus\u201d. Si \u00e8 appena chiuso, infatti, il sesto bando a fine sociale che ha accolto due domande di beneficiari bellunesi, entrambi con certificazione di&hellip;<\/p>\n","protected":false},"author":1,"featured_media":54526,"comment_status":"closed","ping_status":"closed","sticky":false,"template":"","format":"standard","meta":{"_monsterinsights_skip_tracking":false,"_monsterinsights_sitenote_active":false,"_monsterinsights_sitenote_note":"","_monsterinsights_sitenote_category":0,"footnotes":""},"categories":[104,49],"tags":[],"class_list":["post-54574","post","type-post","status-publish","format-standard","has-post-thumbnail","hentry","category-evidenza_3","category-news-18","category-104","category-49","description-off"],"img_url":"https:\/\/www.radiopiu.net\/wordpress\/wp-content\/uploads\/2018\/07\/37287456_2012007738843929_8627059468967870464_n.png","_links":{"self":[{"href":"https:\/\/www.radiopiu.net\/wordpress\/wp-json\/wp\/v2\/posts\/54574","targetHints":{"allow":["GET"]}}],"collection":[{"href":"https:\/\/www.radiopiu.net\/wordpress\/wp-json\/wp\/v2\/posts"}],"about":[{"href":"https:\/\/www.radiopiu.net\/wordpress\/wp-json\/wp\/v2\/types\/post"}],"author":[{"embeddable":true,"href":"https:\/\/www.radiopiu.net\/wordpress\/wp-json\/wp\/v2\/users\/1"}],"replies":[{"embeddable":true,"href":"https:\/\/www.radiopiu.net\/wordpress\/wp-json\/wp\/v2\/comments?post=54574"}],"version-history":[{"count":0,"href":"https:\/\/www.radiopiu.net\/wordpress\/wp-json\/wp\/v2\/posts\/54574\/revisions"}],"wp:featuredmedia":[{"embeddable":true,"href":"https:\/\/www.radiopiu.net\/wordpress\/wp-json\/wp\/v2\/media\/54526"}],"wp:attachment":[{"href":"https:\/\/www.radiopiu.net\/wordpress\/wp-json\/wp\/v2\/media?parent=54574"}],"wp:term":[{"taxonomy":"category","embeddable":true,"href":"https:\/\/www.radiopiu.net\/wordpress\/wp-json\/wp\/v2\/categories?post=54574"},{"taxonomy":"post_tag","embeddable":true,"href":"https:\/\/www.radiopiu.net\/wordpress\/wp-json\/wp\/v2\/tags?post=54574"}],"curies":[{"name":"wp","href":"https:\/\/api.w.org\/{rel}","templated":true}]}}