{"id":58586,"date":"2021-08-22T06:51:43","date_gmt":"2021-08-22T04:51:43","guid":{"rendered":"http:\/\/www.radiopiu.net\/wordpress\/?p=58586"},"modified":"2021-08-23T05:59:09","modified_gmt":"2021-08-23T03:59:09","slug":"nove-anni-dopo-il-dolore-come-allora","status":"publish","type":"post","link":"https:\/\/www.radiopiu.net\/wordpress\/nove-anni-dopo-il-dolore-come-allora\/","title":{"rendered":"DODICI  ANNI DOPO, IL DOLORE COME ALLORA"},"content":{"rendered":"<blockquote>\n<h1><\/h1>\n<\/blockquote>\n<p><strong><a class=\"dt-pswp-item\" href=\"http:\/\/www.radiopiu.net\/wordpress\/wp-content\/uploads\/2018\/08\/download-13.jpg\" data-dt-img-description=\"\" data-large_image_width=\"364\" data-large_image_height=\"139\"><img loading=\"lazy\" decoding=\"async\" class=\"size-medium wp-image-58457 alignleft\" src=\"http:\/\/www.radiopiu.net\/wordpress\/wp-content\/uploads\/2018\/08\/download-13-300x115.jpg\" alt=\"\" width=\"300\" height=\"115\" srcset=\"https:\/\/www.radiopiu.net\/wordpress\/wp-content\/uploads\/2018\/08\/download-13-300x115.jpg 300w, https:\/\/www.radiopiu.net\/wordpress\/wp-content\/uploads\/2018\/08\/download-13.jpg 364w\" sizes=\"auto, (max-width: 300px) 100vw, 300px\" \/><\/a><\/strong><\/p>\n<p><strong>CORTINA<\/strong> Sono trascorsi 12 anni da quel drammatico pomeriggio del 22 agosto quando Dario, Fabrizio, Marco e Stefano morirono nella tragedia dell&#8217;elicottero &#8220;Falco&#8221; a Rio Gere. I colleghi ed amici del Soccorso Alpino e del Suem li ricorderanno in una cerimonia domani alle 15 a Rio Gere.<\/p>\n<h2 class=\"itemTitle\">LA CRONACA DI QUEL TRAGICO EVENTO (DAL VOLUME FALCO&#8230; DARIO FABRIZIO MARCO STEFANO)<\/h2>\n<p><em>&#8230; A questo punto l\u2019elicottero con il denominativo \u201cFalco\u201d veniva chiamato via radio pi\u00f9 volte dalla Centrale Operativa del S.U.E.M. 118 senza ricevere risposta alcuna, parimenti lo stesso veniva fatto dal personale C.N.S.A.S. della Stazione di Cortina d\u2019Ampezzo, che si trovava a Rio Gere, con il medesimo esito. Il Delegato del C.N.S.A.S., Fabio Bristot, che si trovava per motivi diversi nel magazzino della Stazione C.N.S.A.S. di Belluno, comprendendo la situazione ed ancor prima che venissero sospese le chiamate a Falco, congiuntamente ad un Operatore del C.N.S.A.S. di Belluno (Matteo Fontana), sentite le reiterate comunicazioni radio prive di risposta, partiva immediatamente per Cortina, avvisando il Vice Delegato, Gianni Mezzomo ed il Coordinatore dei Tecnici di Elisoccorso, Sergio Albanello, di quanto si andava profilando. Lungo il percorso il Delegato transitava per la Centrale Operativa di Pieve di Cadore recuperando il Direttore del S.U.E.M. 118 Dott. Angelo Costola per effettuare assieme il viaggio verso Cortina d\u2019Ampezzo. L\u2019elicottero veniva successivamente chiamato via radio ancora per qualche decina di secondi, quindi, la Centrale Operativa del S.U.E.M. 118 di Pieve di Cadore provava ad effettuare anche dei contatti via cavo con i membri dell\u2019equipaggio con esito negativo. A questo punto il Tecnico di Centrale del Soccorso Alpino presente al S.U.E.M. 118 indirizzava le squadre del C.N.S.A.S. di Cortina, gi\u00e0 impegnate via terra, sulle zone oggetto della perlustrazione aerea, attivit\u00e0 che peraltro era gi\u00e0 in corso di effettuazione. Andava chiaramente delineandosi la tesi di un possibile caduta dell\u2019elicottero e, dopo qualche tempo di comprensibile, quanto drammatico imbarazzo, oltre che di verifica di quanto forse era tragicamente occorso, la Centrale Operativa del S.U.E.M. 118 allertava alle 15.14 il S.U.E.M. 118 di Bolzano per l\u2019immediato invio di un elicottero sul luogo dell\u2019evento. L\u2019elicottero decollava alle 15.22 dalla base di Bressanone ed arrivava sul luogo dell\u2019evento alle 15.35. Qui imbarcava Paolo Bellodis, Guida Alpina e Tecnico di elisoccorso del C.N.S.A.S., per effettuare una ricognizione puntuale sul luogo dell\u2019evento. Poi era la volta dell\u2019elicottero del S.U.E.M. di Treviso, allertato alle 15.20 e decollato alle 15.25 dalla piazzola dell\u2019Ospedale Ca\u2019 Foncello di Treviso che atterrava sul posto alle 15.42. Precedentemente, nei minuti che seguono le 15.05\/15.08, quanti si trovavano sul piazzale di Rio Gere, ovvero Luca Pislor e Ruben Moroder ed altri si rendevano conto dell\u2019avvenuto ed effettuavano invano diverse chiamate radio sia sulla frequenza del S.U.E.M. 118 sia su quella del Soccorso Alpino., tutte con esito negativo. Qualche istante dopo, Luca Pislor e Ruben Moroder, salivano in macchina assieme a Lorenzo Gaspari e raggiungevano la zona posta a valle del supposto luogo dell\u2019evento, da dove proseguivano a piedi, pervenendo ben presto ad individuare la sagoma dell\u2019elicottero caduto a\u00a0quota 1.945\u00a0 metri, riverso sul fianco sinistro. Trascorrevano pochi attimi per rendersi oggettivamente conto\u00a0 che tutti i membri dell\u2019equipaggio erano deceduti&#8230;.<\/em><\/p>\n<p>&nbsp;<\/p>\n<p>&nbsp;<\/p>\n","protected":false},"excerpt":{"rendered":"<p>CORTINA Sono trascorsi 12 anni da quel drammatico pomeriggio del 22 agosto quando Dario, Fabrizio, Marco e Stefano morirono nella tragedia dell&#8217;elicottero &#8220;Falco&#8221; a Rio Gere. I colleghi ed amici del Soccorso Alpino e del Suem li ricorderanno in una cerimonia domani alle 15 a Rio Gere. LA CRONACA DI QUEL TRAGICO EVENTO (DAL VOLUME&hellip;<\/p>\n","protected":false},"author":1,"featured_media":228938,"comment_status":"closed","ping_status":"closed","sticky":false,"template":"","format":"standard","meta":{"_monsterinsights_skip_tracking":false,"_monsterinsights_sitenote_active":false,"_monsterinsights_sitenote_note":"","_monsterinsights_sitenote_category":0,"footnotes":""},"categories":[1,49],"tags":[],"class_list":["post-58586","post","type-post","status-publish","format-standard","has-post-thumbnail","hentry","category-senza-categoria","category-news-18","category-1","category-49","description-off"],"img_url":"https:\/\/www.radiopiu.net\/wordpress\/wp-content\/uploads\/2021\/08\/097d19ca-b30c-41b3-ad1c-1a9a8326b343.jpg","_links":{"self":[{"href":"https:\/\/www.radiopiu.net\/wordpress\/wp-json\/wp\/v2\/posts\/58586","targetHints":{"allow":["GET"]}}],"collection":[{"href":"https:\/\/www.radiopiu.net\/wordpress\/wp-json\/wp\/v2\/posts"}],"about":[{"href":"https:\/\/www.radiopiu.net\/wordpress\/wp-json\/wp\/v2\/types\/post"}],"author":[{"embeddable":true,"href":"https:\/\/www.radiopiu.net\/wordpress\/wp-json\/wp\/v2\/users\/1"}],"replies":[{"embeddable":true,"href":"https:\/\/www.radiopiu.net\/wordpress\/wp-json\/wp\/v2\/comments?post=58586"}],"version-history":[{"count":0,"href":"https:\/\/www.radiopiu.net\/wordpress\/wp-json\/wp\/v2\/posts\/58586\/revisions"}],"wp:featuredmedia":[{"embeddable":true,"href":"https:\/\/www.radiopiu.net\/wordpress\/wp-json\/wp\/v2\/media\/228938"}],"wp:attachment":[{"href":"https:\/\/www.radiopiu.net\/wordpress\/wp-json\/wp\/v2\/media?parent=58586"}],"wp:term":[{"taxonomy":"category","embeddable":true,"href":"https:\/\/www.radiopiu.net\/wordpress\/wp-json\/wp\/v2\/categories?post=58586"},{"taxonomy":"post_tag","embeddable":true,"href":"https:\/\/www.radiopiu.net\/wordpress\/wp-json\/wp\/v2\/tags?post=58586"}],"curies":[{"name":"wp","href":"https:\/\/api.w.org\/{rel}","templated":true}]}}