{"id":59333,"date":"2018-09-01T14:58:12","date_gmt":"2018-09-01T12:58:12","guid":{"rendered":"http:\/\/www.radiopiu.net\/wordpress\/?p=59333"},"modified":"2018-09-01T14:58:12","modified_gmt":"2018-09-01T12:58:12","slug":"previsioni-meteo-2","status":"publish","type":"post","link":"https:\/\/www.radiopiu.net\/wordpress\/previsioni-meteo-2\/","title":{"rendered":"Previsioni Meteo"},"content":{"rendered":"<p><center><b>SEGNALAZIONE: <\/b>fino alla giornata di domenica ci saranno varie precipitazioni, anche con temporali e accumuli consistenti; localmente possibili fenomeni intensi (forti rovesci, grandinate, raffiche di vento).<\/p>\n<hr \/>\n<p><\/center><center><b>Evoluzione generale<\/b><\/center>Una depressione chiusa posizionata sul Nord Italia determina sabato e in parte domenica condizioni di instabilit\u00e0 sulla montagna veneta, con clima piuttosto fresco. Da luned\u00ec la depressione si muover\u00e0 verso Est attenuandosi, cos\u00ec che l&#8217;ingresso di correnti settentrionali di aria un po&#8217; pi\u00f9 mite e meno umida favorir\u00e0 un progressivo ristabilirsi del tempo, che sar\u00e0 pi\u00f9 apprezzabile tra marted\u00ec mercoled\u00ec per l&#8217;instaurarsi di un promontorio anticiclonico di matrice mediterranea, probabilmente solo temporaneo.<\/p>\n<hr \/>\n<p><center><b>Pomeriggio\/sera di Sabato 1<\/b><\/center>Tempo perlopi\u00f9 instabile con qualche intervallo di variabilit\u00e0. Il cielo sar\u00e0 spesso molto nuvoloso, con schiarite rare e brevi. Probabili rovesci sparsi e qualche temporale (60\/80%), questi ultimi pi\u00f9 probabili sulle Prealpi. Nel tardo pomeriggio\/sera i fenomeni saranno in attenuazione. Clima pi\u00f9 fresco ed uggioso con debole escursione termica diurna a tutte le quote. Venti moderati in rotazione a Nord-Est in quota.<\/p>\n<hr \/>\n<p><center><b>Domenica 2<\/b><\/center><b>Tempo atteso: <\/b>Tempo da variabile a debolmente instabile, con cielo spesso nuvoloso, alternato a qualche schiarita un po&#8217; pi\u00f9 presente del giorno precedente, specie verso sera. In questo contesto umido sar\u00e0 possibile qualche fenomeno, specie tra ore centrali e pomeriggio. Clima un po&#8217; pi\u00f9 fresco all&#8217;alba, mentre il clima diurno risulter\u00e0 un po&#8217; mitigato dal maggiore soleggiamento.<br \/>\n<b>Precipitazioni: <\/b>Probabilit\u00e0 pressoch\u00e9 assente fino a met\u00e0 mattina, anche se non del tutto esclusa (10\/20%) di qualche locale piovasco. Tra le ore centrali e il pomeriggio aumenter\u00e0 il rischio di rovesci, anche temporaleschi sulle Prealpi (50\/60%). Il livello termico consentir\u00e0 eventualmente alla neve di cadere sulle cime dolomitiche pi\u00f9 alte (sopra i 2800\/3000 m). Attesi 2\/5 mm, localmente fino a 10\/20 mm.<br \/>\n<b>Temperature: <\/b>Minime in leggera diminuzione nelle valli, stazionarie in quota; massime in lieve ripresa. Sono previste massime di 20\/22\u00b0C nel catino bellunese e di 13\/16\u00b0C a 1000\/1200 m. Su Prealpi a 1500 m min 9\u00b0C max 12\u00b0C, a 2000 m min 6\u00b0C max 9\u00b0C. Su Dolomiti a 2000 m min 5\u00b0C max 9\u00b0C, a 3000 m min -1\u00b0C max 1\u00b0C.<br \/>\n<b>Venti: <\/b>Nelle valli deboli di direzione variabile; in quota moderati orientali, a 5-15 km\/h a 2000 m, 15-30 km\/h a 3000 m.<\/p>\n<hr \/>\n<p><center><b>Lunedi 3<\/b><\/center><b>Tempo atteso: <\/b>Tempo discreto\/variabile con tratti soleggiati pi\u00f9 ampi al mattino ed annuvolamenti irregolari, pi\u00f9 presenti al pomeriggio, quando si potr\u00e0 verificare qualche fenomeno. Clima mattutino fresco, specie in caso di ampie schiarite nella notte precedente, pi\u00f9 mite di giorno per il maggiormente prolungato soleggiamento.<br \/>\n<b>Precipitazioni: <\/b>Al mattino assenti (0%); tra le ore centrali e il pomeriggio possibili locali e brevi rovesci (40\/50%), generalmente assenti in serata.<br \/>\n<b>Temperature: <\/b>Minime in calo nelle valli, pressoch\u00e8 stazionarie in quota; massime in aumento. Su Prealpi a 1500 m min 10\u00b0C max 14\u00b0C, a 2000 m min 7\u00b0C max 10\u00b0C. Su Dolomiti a 2000 m min 6\u00b0C max 11\u00b0C, a 3000 m min -1\u00b0C max 2\u00b0C.<br \/>\n<b>Venti: <\/b>Nelle valli deboli di direzione variabile; in quota da moderati a deboli da Nord Nord-Est, a 5-15 km\/h a 2000 m, 5-20 km\/h a 3000 m.<\/p>\n<hr \/>\n<p><center><b>Martedi 4<\/b><\/center>Tempo maggiormente soleggiato con cielo sereno o al pi\u00f9 poco\/parzialmente nuvoloso per modesti annuvolamenti nelle ore pi\u00f9 calde, che non produrranno precipitazioni apprezzabili. Temperature diurne in aumento. Venti deboli da Nord-Ovest in quota.<\/p>\n<hr \/>\n<p><center><b>Mercoledi 5<\/b><\/center>Tempo perlopi\u00f9 soleggiato e stabile, con sole prevalente al mattino e modesti addensamenti cumuliformi nelle ore centrali e pomeridiane, ma con rischio molto contenuto di fenomeni. Ulteriore lieve rialzo termico diurno. Previsore: G.M.<\/p>\n<hr \/>\n","protected":false},"excerpt":{"rendered":"<p>SEGNALAZIONE: fino alla giornata di domenica ci saranno varie precipitazioni, anche con temporali e accumuli consistenti; localmente possibili fenomeni intensi (forti rovesci, grandinate, raffiche di vento). Evoluzione generaleUna depressione chiusa posizionata sul Nord Italia determina sabato e in parte domenica condizioni di instabilit\u00e0 sulla montagna veneta, con clima piuttosto fresco. Da luned\u00ec la depressione si&hellip;<\/p>\n","protected":false},"author":1,"featured_media":57212,"comment_status":"closed","ping_status":"closed","sticky":false,"template":"","format":"standard","meta":{"_monsterinsights_skip_tracking":false,"_monsterinsights_sitenote_active":false,"_monsterinsights_sitenote_note":"","_monsterinsights_sitenote_category":0,"footnotes":""},"categories":[2,49],"tags":[],"class_list":["post-59333","post","type-post","status-publish","format-standard","has-post-thumbnail","hentry","category-news","category-news-18","category-2","category-49","description-off"],"img_url":"https:\/\/www.radiopiu.net\/wordpress\/wp-content\/uploads\/2018\/08\/METEO-PREVISIONI.jpeg","_links":{"self":[{"href":"https:\/\/www.radiopiu.net\/wordpress\/wp-json\/wp\/v2\/posts\/59333","targetHints":{"allow":["GET"]}}],"collection":[{"href":"https:\/\/www.radiopiu.net\/wordpress\/wp-json\/wp\/v2\/posts"}],"about":[{"href":"https:\/\/www.radiopiu.net\/wordpress\/wp-json\/wp\/v2\/types\/post"}],"author":[{"embeddable":true,"href":"https:\/\/www.radiopiu.net\/wordpress\/wp-json\/wp\/v2\/users\/1"}],"replies":[{"embeddable":true,"href":"https:\/\/www.radiopiu.net\/wordpress\/wp-json\/wp\/v2\/comments?post=59333"}],"version-history":[{"count":0,"href":"https:\/\/www.radiopiu.net\/wordpress\/wp-json\/wp\/v2\/posts\/59333\/revisions"}],"wp:featuredmedia":[{"embeddable":true,"href":"https:\/\/www.radiopiu.net\/wordpress\/wp-json\/wp\/v2\/media\/57212"}],"wp:attachment":[{"href":"https:\/\/www.radiopiu.net\/wordpress\/wp-json\/wp\/v2\/media?parent=59333"}],"wp:term":[{"taxonomy":"category","embeddable":true,"href":"https:\/\/www.radiopiu.net\/wordpress\/wp-json\/wp\/v2\/categories?post=59333"},{"taxonomy":"post_tag","embeddable":true,"href":"https:\/\/www.radiopiu.net\/wordpress\/wp-json\/wp\/v2\/tags?post=59333"}],"curies":[{"name":"wp","href":"https:\/\/api.w.org\/{rel}","templated":true}]}}