{"id":59365,"date":"2018-09-01T20:47:32","date_gmt":"2018-09-01T18:47:32","guid":{"rendered":"http:\/\/www.radiopiu.net\/wordpress\/?p=59365"},"modified":"2018-09-04T06:23:22","modified_gmt":"2018-09-04T04:23:22","slug":"migranti-salvini-annuncia-chiusura-di-alcuni-centri-in-veneto-zaia-finalmente-qualcuno-mette-il-coperchio-al-bidone-di-illegalita-dei-finti-profughi","status":"publish","type":"post","link":"https:\/\/www.radiopiu.net\/wordpress\/migranti-salvini-annuncia-chiusura-di-alcuni-centri-in-veneto-zaia-finalmente-qualcuno-mette-il-coperchio-al-bidone-di-illegalita-dei-finti-profughi\/","title":{"rendered":"MIGRANTI, SALVINI ANNUNCIA CHIUSURA DI ALCUNI CENTRI IN VENETO. ZAIA: \u201cFINALMENTE QUALCUNO METTE IL COPERCHIO AL BIDONE DI ILLEGALITA\u2019 DEI FINTI PROFUGHI\u201d"},"content":{"rendered":"<p>\u201cFinalmente qualcuno mette il coperchio a quel bidone di illegalit\u00e0 che era ed \u00e8 il business dei finti profughi\u201d.<\/p>\n<p>Lo afferma il Presidente del Veneto, Luca Zaia, appresa la notizia che il ministro dell\u2019Interno, Matteo Salvini, provveder\u00e0 a chiudere progressivamente i centri di Cona e Bagnoli e di indennizzare il Comune di Agna per i disagi subiti.<\/p>\n<p>\u201cPer anni \u2013 sottolinea Zaia &#8211; ci siamo sentiti ripetere da chi alimentava il business dei migranti che eravamo egoisti, razzisti, senza cuore, quando affermavamo che le nostre comunit\u00e0 non avrebbero potuto reggere l\u2019urto di una massa di finti profughi e immigrati economici che le stesse istituzioni statali non erano spesso neppure in grado di identificare, facendoli disperdere sul territorio come fantasmi che non avevano nessun altro fine se non cercare di sopravvivere a tutti i costi, nel modo che l\u2019aumento della criminalit\u00e0 e del senso di insicurezza nei cittadini veneti dimostra senza ombra di dubbio\u201d.<\/p>\n<p>\u201cOra che le inchieste della magistratura ci svelano il vero volto dell\u2019affaire, con cooperative che hanno visto aumentare a dismisura i loro fatturati, ora che appaiono quei profili di illegalit\u00e0 e sfruttamento che soltanto i governi precedenti non volevano vedere (e capiamo perch\u00e9), ora che si comincia a comprendere appieno quante ipocrisie e quante falsit\u00e0 siano state pronunciate nella difesa di un sistema malato \u2013 conclude il presidente veneto &#8211; ringraziamo chi riesce a liberare le comunit\u00e0 venete da una ipoteca pesantissima\u201d<\/p>\n","protected":false},"excerpt":{"rendered":"<p>\u201cFinalmente qualcuno mette il coperchio a quel bidone di illegalit\u00e0 che era ed \u00e8 il business dei finti profughi\u201d. Lo afferma il Presidente del Veneto, Luca Zaia, appresa la notizia che il ministro dell\u2019Interno, Matteo Salvini, provveder\u00e0 a chiudere progressivamente i centri di Cona e Bagnoli e di indennizzare il Comune di Agna per i&hellip;<\/p>\n","protected":false},"author":1,"featured_media":59366,"comment_status":"closed","ping_status":"closed","sticky":false,"template":"","format":"standard","meta":{"_monsterinsights_skip_tracking":false,"_monsterinsights_sitenote_active":false,"_monsterinsights_sitenote_note":"","_monsterinsights_sitenote_category":0,"footnotes":""},"categories":[2,49],"tags":[],"class_list":["post-59365","post","type-post","status-publish","format-standard","has-post-thumbnail","hentry","category-news","category-news-18","category-2","category-49","description-off"],"img_url":"https:\/\/www.radiopiu.net\/wordpress\/wp-content\/uploads\/2018\/09\/matteo_salvini_2_lapresse_2017_thumb660x453.jpg","_links":{"self":[{"href":"https:\/\/www.radiopiu.net\/wordpress\/wp-json\/wp\/v2\/posts\/59365","targetHints":{"allow":["GET"]}}],"collection":[{"href":"https:\/\/www.radiopiu.net\/wordpress\/wp-json\/wp\/v2\/posts"}],"about":[{"href":"https:\/\/www.radiopiu.net\/wordpress\/wp-json\/wp\/v2\/types\/post"}],"author":[{"embeddable":true,"href":"https:\/\/www.radiopiu.net\/wordpress\/wp-json\/wp\/v2\/users\/1"}],"replies":[{"embeddable":true,"href":"https:\/\/www.radiopiu.net\/wordpress\/wp-json\/wp\/v2\/comments?post=59365"}],"version-history":[{"count":0,"href":"https:\/\/www.radiopiu.net\/wordpress\/wp-json\/wp\/v2\/posts\/59365\/revisions"}],"wp:featuredmedia":[{"embeddable":true,"href":"https:\/\/www.radiopiu.net\/wordpress\/wp-json\/wp\/v2\/media\/59366"}],"wp:attachment":[{"href":"https:\/\/www.radiopiu.net\/wordpress\/wp-json\/wp\/v2\/media?parent=59365"}],"wp:term":[{"taxonomy":"category","embeddable":true,"href":"https:\/\/www.radiopiu.net\/wordpress\/wp-json\/wp\/v2\/categories?post=59365"},{"taxonomy":"post_tag","embeddable":true,"href":"https:\/\/www.radiopiu.net\/wordpress\/wp-json\/wp\/v2\/tags?post=59365"}],"curies":[{"name":"wp","href":"https:\/\/api.w.org\/{rel}","templated":true}]}}