{"id":59464,"date":"2018-09-03T16:43:44","date_gmt":"2018-09-03T14:43:44","guid":{"rendered":"http:\/\/www.radiopiu.net\/wordpress\/?p=59464"},"modified":"2018-09-03T16:43:44","modified_gmt":"2018-09-03T14:43:44","slug":"piano-del-traffico-di-feltre-un-vicolo-cieco","status":"publish","type":"post","link":"https:\/\/www.radiopiu.net\/wordpress\/piano-del-traffico-di-feltre-un-vicolo-cieco\/","title":{"rendered":"Piano del traffico di Feltre, un vicolo cieco"},"content":{"rendered":"<p class=\"base-intestazione-western\"><strong>FELTRE<\/strong>\u00a0\u00a0<span style=\"font-size: small;\">\u00abIl nuovo provvedimento dell\u2019Amministrazione di revisione del Piano del traffico genera delusione e sconforto\u00bb. Questo il commento della Consulta Confcommercio di Feltre, riunitasi per esaminare gli esiti del dibattito pubblico sul tema e sulla Deliberazione della Giunta volta a modificare il sistema viabilistico del centro cittadino.\u00a0<\/span><span style=\"font-size: small;\">Gli operatori commerciali non intendono nemmeno entrare nel dettaglio dei provvedimenti, quanto invece evidenziare con amarezza come la materia sia stata affrontata in modo preconcetto e senza la volont\u00e0 di un vero confronto.\u00a0<\/span><span style=\"font-size: small;\">\u00abAbbiamo sempre ribadito in tutti gli incontri a cui abbiamo partecipato che l&#8217;isola pedonale fatta in queste condizioni e in questa maniera sarebbe stata dannosa per la citt\u00e0 di Feltre. Una pedonalizzazione affrettata senza un progetto generale di riqualificazione del centro sia a livello di immagine sia a livello economico e turistico. \u00c8 mancato un progetto forte sulla citt\u00e0 nel suo insieme e sul commercio in particolare. Era necessario fare un percorso con una serie di step che avrebbero portato alla fine ad un\u2019eventuale pedonalizzazione. L\u2019intento doveva essere quello di trovare un assetto ideale nel quale il centro cittadino possa divenire davvero il salotto buono della citt\u00e0, nel quale negozi, pubblici esercizi ed attivit\u00e0 di servizio possano svolgere il ruolo che ad essi naturalmente compete di animare vie e piazze. Perch\u00e9 ci\u00f2 avvenga, per\u00f2, occorre un piano condiviso e non scelte calate dall\u2019alto, come invece \u00e8 avvenuto\u00bb.\u00a0<\/span><span style=\"font-size: small;\">\u00abLa Consulta (con rammarico) riscontra una grave mancanza di considerazione da parte dell\u2019Amministrazione feltrina nei confronti delle esigenze della propria categoria. Si auspicava che si potesse instaurare un rapporto collaborativo. Cos\u00ec non \u00e8 stato nei confronti della categoria dei commercianti in quanto le decisioni sono state prese senza che l\u2019Amministrazione abbia tenuto in considerazione gli effetti che la politica adottata avrebbe generato nei confronti di attivit\u00e0 e negozi\u00bb.<\/span><\/p>\n<p class=\"base-intestazione-western\"><span style=\"font-size: small;\">\u00abPi\u00f9 volte abbiamo sentito ribadire durante i forum organizzati sia dai tecnici della Net Mobility che da Sindaco e Assessori che i risultati di questo PGTU che ha come obiettivi la riduzione dell\u2019inquinamento e la modifica delle abitudini della popolazione (nello specifico evitare che il cittadino utilizzi l\u2018automobile per gli spostamenti che vanno dai 2 ai 5 km) si avranno in un arco temporale che va dai 7 ai 12 anni ma \u00e8 del tutto evidente che il sistema commerciale ha necessit\u00e0 di un progettualit\u00e0 immediata capace di sostenerne la sopravvivenza, cosa che \u2013 allo stato attuale \u2013 sembra davvero a rischio per molti. Inoltre, durante gli incontri con la cittadinanza \u00e8 stato rilevato pi\u00f9 volte la necessit\u00e0 di \u201cdare un\u2019anima alla citt\u00e0, di valorizzarne le peculiarit\u00e0 di luogo di aggregazione sociale e culturale\u201d, ma non abbiamo trovato minimamente ascolto nell\u2019evidenziare i punti di debolezza del piano. Non si \u00e8 vista una dimensione estetica diversa, una caratterizzazione importante del cuore cittadino, tale da renderlo un luogo piacevole da frequentare creando un\u2019atmosfera e un\u2019immagine nuova. Se da un lato logistica e possibilit\u00e0 di penetrazione verso il centro si sono rivelati inadeguati, dall\u2019altro tali sacrifici non sono stati compensati da un sistema attraente e capace di coinvolgere le varie componenti cittadine. Prova ne \u00e8 la progressiva desertificazione commerciale con le inevitabili conseguenze dal punto di vista dell\u2019occupazione e della valorizzazione anche in chiave turistica\u00bb.\u00a0<\/span><span style=\"font-size: small;\">\u00abOccorre pertanto un radicale e deciso cambio di rotta\u00bb.<\/span><\/p>\n","protected":false},"excerpt":{"rendered":"<p>FELTRE\u00a0\u00a0\u00abIl nuovo provvedimento dell\u2019Amministrazione di revisione del Piano del traffico genera delusione e sconforto\u00bb. Questo il commento della Consulta Confcommercio di Feltre, riunitasi per esaminare gli esiti del dibattito pubblico sul tema e sulla Deliberazione della Giunta volta a modificare il sistema viabilistico del centro cittadino.\u00a0Gli operatori commerciali non intendono nemmeno entrare nel dettaglio dei&hellip;<\/p>\n","protected":false},"author":1,"featured_media":0,"comment_status":"closed","ping_status":"closed","sticky":false,"template":"","format":"standard","meta":{"_monsterinsights_skip_tracking":false,"_monsterinsights_sitenote_active":false,"_monsterinsights_sitenote_note":"","_monsterinsights_sitenote_category":0,"footnotes":""},"categories":[2,49],"tags":[],"class_list":["post-59464","post","type-post","status-publish","format-standard","hentry","category-news","category-news-18","category-2","category-49","description-off"],"img_url":false,"_links":{"self":[{"href":"https:\/\/www.radiopiu.net\/wordpress\/wp-json\/wp\/v2\/posts\/59464","targetHints":{"allow":["GET"]}}],"collection":[{"href":"https:\/\/www.radiopiu.net\/wordpress\/wp-json\/wp\/v2\/posts"}],"about":[{"href":"https:\/\/www.radiopiu.net\/wordpress\/wp-json\/wp\/v2\/types\/post"}],"author":[{"embeddable":true,"href":"https:\/\/www.radiopiu.net\/wordpress\/wp-json\/wp\/v2\/users\/1"}],"replies":[{"embeddable":true,"href":"https:\/\/www.radiopiu.net\/wordpress\/wp-json\/wp\/v2\/comments?post=59464"}],"version-history":[{"count":0,"href":"https:\/\/www.radiopiu.net\/wordpress\/wp-json\/wp\/v2\/posts\/59464\/revisions"}],"wp:attachment":[{"href":"https:\/\/www.radiopiu.net\/wordpress\/wp-json\/wp\/v2\/media?parent=59464"}],"wp:term":[{"taxonomy":"category","embeddable":true,"href":"https:\/\/www.radiopiu.net\/wordpress\/wp-json\/wp\/v2\/categories?post=59464"},{"taxonomy":"post_tag","embeddable":true,"href":"https:\/\/www.radiopiu.net\/wordpress\/wp-json\/wp\/v2\/tags?post=59464"}],"curies":[{"name":"wp","href":"https:\/\/api.w.org\/{rel}","templated":true}]}}