{"id":59466,"date":"2018-09-03T16:50:37","date_gmt":"2018-09-03T14:50:37","guid":{"rendered":"http:\/\/www.radiopiu.net\/wordpress\/?p=59466"},"modified":"2018-09-04T06:23:48","modified_gmt":"2018-09-04T04:23:48","slug":"malore-mortale-sul-sentiero-attrezzato","status":"publish","type":"post","link":"https:\/\/www.radiopiu.net\/wordpress\/malore-mortale-sul-sentiero-attrezzato\/","title":{"rendered":"MALORE MORTALE SUL SENTIERO ATTREZZATO"},"content":{"rendered":"<p><strong>CORTINA\u00a0<\/strong> Attorno a mezzogiorno e mezza il 118 \u00e8 stato allertato per un escursionista tedesco colto da malore sul sentiero attrezzato numero 10, sotto Col Bechei, al confine con Bolzano. Sbarcati con un verricello nelle vicinanze, tecnico di elisoccorso, infermiere e medico sono subentrati nelle manovre di rianimazione alle persone che stavano tentando di aiutare l&#8217;uomo, H.S., 67 anni, tedesco. Purtroppo non c&#8217;\u00e8 stato nulla da fare. Constato il decesso, la salma ricomposta \u00e8 stata presa in carico dal Soccorso alpino di San Vigilio di Marebbe.<\/p>\n<p>&nbsp;<\/p>\n<p>&nbsp;<\/p>\n<blockquote>\n<h1>FUNGAIOLO SI PERDE IN COMELICO<\/h1>\n<\/blockquote>\n<p><strong>SAN PIETRO DI CADORE<\/strong> Nel pomeriggio di ieri\u00a0\u00a0il 118 \u00e8 stato allertato per il mancato rientro di un cercatore di funghi, che avrebbe dovuto trovarsi con moglie e amici a mezzogiorno, ma non si era presentato e il suo cellulare non era raggiungibile. Il Soccorso alpino della Val Comelico, assieme agli agenti del Sagf, si \u00e8 portato nella zona di Forcella Zovo. Fortunatamente poi sia la moglie che i soccorritori sono riusciti a rintracciarlo al telefono e gli hanno detto di non spostarsi dal punto in cui si trovava. Poich\u00e9 la copertura era intermittente, le squadre si sono spostate azionando le sirene della jeep e chiamandolo a voce finch\u00e9 non sono riuscite a individuarlo. Si trovava in un avvallamento lungo il greto di un torrente molto scivoloso. Raggiunto, l&#8217;uomo, F.M., 61 anni, di Paese (TV), \u00e8 stato aiutato a risalire la sponda, assicurato con la corda nei tratti pi\u00f9 impegnativi, per poi essere riaccompagnato alla strada. L&#8217;intervento si \u00e8 concluso attorno alle 16.45.<\/p>\n<div class=\"moz-text-html\" lang=\"x-unicode\">\n<div dir=\"ltr\">\n<div dir=\"auto\">\n<p>&nbsp;<\/p>\n<\/div>\n<\/div>\n<\/div>\n","protected":false},"excerpt":{"rendered":"<p>CORTINA\u00a0 Attorno a mezzogiorno e mezza il 118 \u00e8 stato allertato per un escursionista tedesco colto da malore sul sentiero attrezzato numero 10, sotto Col Bechei, al confine con Bolzano. Sbarcati con un verricello nelle vicinanze, tecnico di elisoccorso, infermiere e medico sono subentrati nelle manovre di rianimazione alle persone che stavano tentando di aiutare&hellip;<\/p>\n","protected":false},"author":1,"featured_media":51755,"comment_status":"closed","ping_status":"closed","sticky":false,"template":"","format":"standard","meta":{"_monsterinsights_skip_tracking":false,"_monsterinsights_sitenote_active":false,"_monsterinsights_sitenote_note":"","_monsterinsights_sitenote_category":0,"footnotes":""},"categories":[2,49],"tags":[],"class_list":["post-59466","post","type-post","status-publish","format-standard","has-post-thumbnail","hentry","category-news","category-news-18","category-2","category-49","description-off"],"img_url":"https:\/\/www.radiopiu.net\/wordpress\/wp-content\/uploads\/2018\/06\/suem-1.jpg","_links":{"self":[{"href":"https:\/\/www.radiopiu.net\/wordpress\/wp-json\/wp\/v2\/posts\/59466","targetHints":{"allow":["GET"]}}],"collection":[{"href":"https:\/\/www.radiopiu.net\/wordpress\/wp-json\/wp\/v2\/posts"}],"about":[{"href":"https:\/\/www.radiopiu.net\/wordpress\/wp-json\/wp\/v2\/types\/post"}],"author":[{"embeddable":true,"href":"https:\/\/www.radiopiu.net\/wordpress\/wp-json\/wp\/v2\/users\/1"}],"replies":[{"embeddable":true,"href":"https:\/\/www.radiopiu.net\/wordpress\/wp-json\/wp\/v2\/comments?post=59466"}],"version-history":[{"count":0,"href":"https:\/\/www.radiopiu.net\/wordpress\/wp-json\/wp\/v2\/posts\/59466\/revisions"}],"wp:featuredmedia":[{"embeddable":true,"href":"https:\/\/www.radiopiu.net\/wordpress\/wp-json\/wp\/v2\/media\/51755"}],"wp:attachment":[{"href":"https:\/\/www.radiopiu.net\/wordpress\/wp-json\/wp\/v2\/media?parent=59466"}],"wp:term":[{"taxonomy":"category","embeddable":true,"href":"https:\/\/www.radiopiu.net\/wordpress\/wp-json\/wp\/v2\/categories?post=59466"},{"taxonomy":"post_tag","embeddable":true,"href":"https:\/\/www.radiopiu.net\/wordpress\/wp-json\/wp\/v2\/tags?post=59466"}],"curies":[{"name":"wp","href":"https:\/\/api.w.org\/{rel}","templated":true}]}}