{"id":59511,"date":"2018-09-03T18:42:49","date_gmt":"2018-09-03T16:42:49","guid":{"rendered":"http:\/\/www.radiopiu.net\/wordpress\/?p=59511"},"modified":"2018-09-04T06:22:58","modified_gmt":"2018-09-04T04:22:58","slug":"25enne-denunciato-per-aver-divelto-le-sbarre-del-passaggio-ferroviario","status":"publish","type":"post","link":"https:\/\/www.radiopiu.net\/wordpress\/25enne-denunciato-per-aver-divelto-le-sbarre-del-passaggio-ferroviario\/","title":{"rendered":"25ENNE DENUNCIATO PER AVER DIVELTO LE SBARRE DEL PASSAGGIO FERROVIARIO"},"content":{"rendered":"<p>BELLUNO Sabato, all\u2019alba, la Squadra Volanti \u00e8 intervenuta a Belluno, in via San Gervasio, in quanto un\u2019autovettura aveva divelto le sbarre del passaggio a livello ferroviario allontanandosi, a tutta velocit\u00e0, verso Feltre. A seguito dell\u2019urto, una delle sbarre del passaggio a livello ha, tra l\u2019altro, anche colpito un\u2019altra autovettura, ferma sulla corsia opposta. Tempestivamente giunti sul posto, gli uomini delle Volanti, hanno verificato quanto accaduto, provvedendo prontamente a segnalare il pericolo ai conducenti delle altre autovetture. I poliziotti hanno accertato che un\u2019autovettura di colore scuro, a velocit\u00e0 sostenuta, aveva travolto le sbarre del passaggio a livello, divellendole entrambe. Gli agenti si sono subito messi alla ricerca dell\u2019auto \u201cpirata\u201d e, grazie ai sistemi di videosorveglianza e all\u2019ausilio della tecnologia a disposizione della Questura, sono riusciti ad individuare il mezzo e ad identificarne il conducente; si tratta di E.B., un bellunese di 25 anni. Gli operatori della Squadra Volante, a questo punto, sono andati a casa del ragazzo dove hanno trovato l\u2019autovettura \u201csospetta\u201d; aveva il parabrezza rotto oltre che vistose ammaccature sul montante e sulla portiera; segni compatibili evidentemente con l\u2019urto avvenuto poche ore prima al passaggio al livello. Il giovane, alla vista dei poliziotti, ha ammesso le sue responsabilit\u00e0 ed \u00e8 stato accompagnato in Questura dove \u00e8 stato denunciato all\u2019Autorit\u00e0 Giudiziaria per il reato di \u201cazione o omissione colposa che fa sorgere o persistere il pericolo di un disastro ferroviario\u201d<\/p>\n","protected":false},"excerpt":{"rendered":"<p>BELLUNO Sabato, all\u2019alba, la Squadra Volanti \u00e8 intervenuta a Belluno, in via San Gervasio, in quanto un\u2019autovettura aveva divelto le sbarre del passaggio a livello ferroviario allontanandosi, a tutta velocit\u00e0, verso Feltre. A seguito dell\u2019urto, una delle sbarre del passaggio a livello ha, tra l\u2019altro, anche colpito un\u2019altra autovettura, ferma sulla corsia opposta. Tempestivamente giunti&hellip;<\/p>\n","protected":false},"author":1,"featured_media":59542,"comment_status":"closed","ping_status":"closed","sticky":false,"template":"","format":"standard","meta":{"_monsterinsights_skip_tracking":false,"_monsterinsights_sitenote_active":false,"_monsterinsights_sitenote_note":"","_monsterinsights_sitenote_category":0,"footnotes":""},"categories":[2,49],"tags":[],"class_list":["post-59511","post","type-post","status-publish","format-standard","has-post-thumbnail","hentry","category-news","category-news-18","category-2","category-49","description-off"],"img_url":"https:\/\/www.radiopiu.net\/wordpress\/wp-content\/uploads\/2018\/09\/polizia.jpg","_links":{"self":[{"href":"https:\/\/www.radiopiu.net\/wordpress\/wp-json\/wp\/v2\/posts\/59511","targetHints":{"allow":["GET"]}}],"collection":[{"href":"https:\/\/www.radiopiu.net\/wordpress\/wp-json\/wp\/v2\/posts"}],"about":[{"href":"https:\/\/www.radiopiu.net\/wordpress\/wp-json\/wp\/v2\/types\/post"}],"author":[{"embeddable":true,"href":"https:\/\/www.radiopiu.net\/wordpress\/wp-json\/wp\/v2\/users\/1"}],"replies":[{"embeddable":true,"href":"https:\/\/www.radiopiu.net\/wordpress\/wp-json\/wp\/v2\/comments?post=59511"}],"version-history":[{"count":0,"href":"https:\/\/www.radiopiu.net\/wordpress\/wp-json\/wp\/v2\/posts\/59511\/revisions"}],"wp:featuredmedia":[{"embeddable":true,"href":"https:\/\/www.radiopiu.net\/wordpress\/wp-json\/wp\/v2\/media\/59542"}],"wp:attachment":[{"href":"https:\/\/www.radiopiu.net\/wordpress\/wp-json\/wp\/v2\/media?parent=59511"}],"wp:term":[{"taxonomy":"category","embeddable":true,"href":"https:\/\/www.radiopiu.net\/wordpress\/wp-json\/wp\/v2\/categories?post=59511"},{"taxonomy":"post_tag","embeddable":true,"href":"https:\/\/www.radiopiu.net\/wordpress\/wp-json\/wp\/v2\/tags?post=59511"}],"curies":[{"name":"wp","href":"https:\/\/api.w.org\/{rel}","templated":true}]}}